{"id":9691,"date":"2017-10-23T09:00:29","date_gmt":"2017-10-23T07:00:29","guid":{"rendered":"https:\/\/www.immobilienbusiness.ch\/?p=9691"},"modified":"2017-10-23T09:00:29","modified_gmt":"2017-10-23T07:00:29","slug":"gebaeudetechniker-poenina-bereitet-boersengang-vor","status":"publish","type":"post","link":"https:\/\/www.immobilienbusiness.ch\/it\/unternehmen\/2017-10-23\/gebaeudetechniker-poenina-bereitet-boersengang-vor\/","title":{"rendered":"La societ\u00e0 di tecnologia edilizia Poenina prepara l'IPO"},"content":{"rendered":"<figure id=\"attachment_9692\" aria-describedby=\"caption-attachment-9692\" style=\"width: 6016px\" class=\"wp-caption alignnone\"><img loading=\"lazy\" decoding=\"async\" class=\"size-full wp-image-9692\" src=\"https:\/\/www.immobilienbusiness.ch\/wp-content\/uploads\/2017\/10\/IB-News_20171023-Poenina-plant-B\u00f6rsengang-Bregy_Jean_Claude.jpg\" alt=\"\" width=\"6016\" height=\"4016\" \/><figcaption id=\"caption-attachment-9692\" class=\"wp-caption-text\">Jean Claude Bregy, fondatore, membro del consiglio di amministrazione e CEO dell'azienda di tecnologia edilizia, ha grandi progetti (Foto: Poenina Holding AG)<\/figcaption><\/figure>\n<p>Come fornitore di servizi nei settori della tecnologia edilizia e degli involucri edilizi, Poenina ha generato un reddito operativo di 114,4 milioni di franchi svizzeri e un EBIT di 7,8 milioni di franchi svizzeri nell'esercizio 2016. L'IPO prevista ha lo scopo di ampliare la base degli azionisti attraverso il collocamento di azioni nuove ed esistenti e di raccogliere fondi per ulteriori acquisizioni, scrive la societ\u00e0 in un comunicato stampa.<\/p>\n<p>Il Gruppo Poenina, con sede nel Glattpark di Opfikon, \u00e8 composto da nove societ\u00e0 ed \u00e8 presente in dieci localit\u00e0 della Svizzera tedesca con circa 450 dipendenti. Dalla sua fondazione da parte dell'imprenditore vallesano Jean Claude Bregy nel 2010, Poenina \u00e8 cresciuta attraverso diverse acquisizioni e, secondo l'azienda, sta pianificando \"ulteriori acquisizioni di aziende solide e tradizionali\" in futuro, soprattutto nel settore della tecnologia edilizia. \"Intendiamo acquisire altre aziende con forti radici locali e aumentare la nostra quota di mercato in un mercato frammentato\", afferma il fondatore, membro del consiglio di amministrazione e CEO Bregy.<\/p>\n<p>Poenina \u00e8 un fornitore di servizi nei settori dell'ingegneria sanitaria, del riscaldamento e della ventilazione (servizi per l'edilizia), nonch\u00e9 di coperture e impianti idraulici (involucro edilizio) per edifici pubblici, residenziali, commerciali e alberghieri nella Svizzera tedesca. Il gruppo comprende, tra gli altri, le aziende Sada, Demuth, Banz e Hans Ziegler. L'IPO prevista \u00e8 accompagnata da Z\u00fcrcher Kantonalbank in qualit\u00e0 di Sole Lead Manager.<\/p>","protected":false},"excerpt":{"rendered":"<p>L'azienda di tecnologie per l'edilizia Poenina Holding AG (Opfikon) vuole quotare le proprie azioni alla SIX Swiss Exchange di Zurigo e crescere in futuro attraverso acquisizioni.<\/p>","protected":false},"author":4,"featured_media":9692,"comment_status":"open","ping_status":"open","sticky":false,"template":"","format":"standard","meta":{"_acf_changed":false,"_yoast_wpseo_focuskw":"Poenina","_yoast_wpseo_title":"","_yoast_wpseo_metadesc":"Die Geb\u00e4udetechnikfirma Poenina Holding AG (Opfikon) will ihre Aktien an der SIX Swiss Exchange in Z\u00fcrich kotieren und in Zukunft durch Zuk\u00e4ufe wachsen.","_yoast_wpseo_linkdex":78,"pgc_sgb_lightbox_settings":"","footnotes":""},"categories":[988],"tags":[1108,1255,1602,1888],"class_list":["post-9691","post","type-post","status-publish","format-standard","has-post-thumbnail","hentry","category-unternehmen","tag-boersengang","tag-gebaeudetechnik","tag-projektentwicklungen","tag-zuerich"],"acf":[],"yoast_head":"<!-- This site is optimized with the Yoast SEO plugin v27.5 - https:\/\/yoast.com\/product\/yoast-seo-wordpress\/ -->\n<title>Geb\u00e4udetechniker Poenina bereitet B\u00f6rsengang vor - IMMOBILIEN Business<\/title>\n<meta name=\"description\" content=\"Die Geb\u00e4udetechnikfirma Poenina Holding AG (Opfikon) will ihre Aktien an der SIX Swiss Exchange in Z\u00fcrich kotieren und in Zukunft durch Zuk\u00e4ufe wachsen.\" \/>\n<meta name=\"robots\" content=\"index, follow, max-snippet:-1, max-image-preview:large, max-video-preview:-1\" \/>\n<link rel=\"canonical\" href=\"https:\/\/www.immobilienbusiness.ch\/it\/unternehmen\/2017-10-23\/gebaeudetechniker-poenina-bereitet-boersengang-vor\/\" \/>\n<meta property=\"og:locale\" content=\"it_IT\" \/>\n<meta property=\"og:type\" content=\"article\" \/>\n<meta property=\"og:title\" content=\"Geb\u00e4udetechniker Poenina plant B\u00f6rsengang\" \/>\n<meta property=\"og:description\" content=\"Die Geb\u00e4udetechnikfirma Poenina Holding AG (Opfikon) will ihre Aktien an der SIX Swiss Exchange in Z\u00fcrich kotieren und in Zukunft durch Zuk\u00e4ufe wachsen.\" \/>\n<meta property=\"og:url\" content=\"https:\/\/www.immobilienbusiness.ch\/it\/unternehmen\/2017-10-23\/gebaeudetechniker-poenina-bereitet-boersengang-vor\/\" \/>\n<meta property=\"og:site_name\" content=\"IMMOBILIEN Business\" \/>\n<meta property=\"article:publisher\" content=\"https:\/\/www.facebook.com\/immobilienbusiness\/\" \/>\n<meta property=\"article:published_time\" content=\"2017-10-23T07:00:29+00:00\" \/>\n<meta property=\"og:image\" content=\"https:\/\/www.immobilienbusiness.ch\/wp-content\/uploads\/2017\/10\/IB-News_20171023-Poenina-plant-Boersengang-Bregy_Jean_Claude.jpg\" \/>\n\t<meta property=\"og:image:width\" content=\"2560\" \/>\n\t<meta property=\"og:image:height\" content=\"1709\" \/>\n\t<meta property=\"og:image:type\" content=\"image\/jpeg\" \/>\n<meta name=\"author\" content=\"mathias.rinka\" \/>\n<meta name=\"twitter:card\" content=\"summary_large_image\" \/>\n<meta name=\"twitter:title\" content=\"Geb\u00e4udetechniker Poenina plant B\u00f6rsengang\" \/>\n<meta name=\"twitter:description\" content=\"Die Geb\u00e4udetechnikfirma Poenina Holding AG (Opfikon) will ihre Aktien an der SIX Swiss Exchange in Z\u00fcrich kotieren und in Zukunft durch Zuk\u00e4ufe wachsen.\" \/>\n<script type=\"application\/ld+json\" class=\"yoast-schema-graph\">{\"@context\":\"https:\\\/\\\/schema.org\",\"@graph\":[{\"@type\":\"Article\",\"@id\":\"https:\\\/\\\/www.immobilienbusiness.ch\\\/en\\\/unternehmen\\\/2017-10-23\\\/gebaeudetechniker-poenina-bereitet-boersengang-vor\\\/#article\",\"isPartOf\":{\"@id\":\"https:\\\/\\\/www.immobilienbusiness.ch\\\/en\\\/unternehmen\\\/2017-10-23\\\/gebaeudetechniker-poenina-bereitet-boersengang-vor\\\/\"},\"author\":{\"name\":\"mathias.rinka\",\"@id\":\"https:\\\/\\\/www.immobilienbusiness.ch\\\/#\\\/schema\\\/person\\\/31be7383261ea656cfe52cad71fdc211\"},\"headline\":\"Geb\u00e4udetechniker Poenina bereitet B\u00f6rsengang vor\",\"datePublished\":\"2017-10-23T07:00:29+00:00\",\"mainEntityOfPage\":{\"@id\":\"https:\\\/\\\/www.immobilienbusiness.ch\\\/en\\\/unternehmen\\\/2017-10-23\\\/gebaeudetechniker-poenina-bereitet-boersengang-vor\\\/\"},\"wordCount\":251,\"commentCount\":0,\"publisher\":{\"@id\":\"https:\\\/\\\/www.immobilienbusiness.ch\\\/#organization\"},\"image\":{\"@id\":\"https:\\\/\\\/www.immobilienbusiness.ch\\\/en\\\/unternehmen\\\/2017-10-23\\\/gebaeudetechniker-poenina-bereitet-boersengang-vor\\\/#primaryimage\"},\"thumbnailUrl\":\"https:\\\/\\\/www.immobilienbusiness.ch\\\/wp-content\\\/uploads\\\/2017\\\/10\\\/IB-News_20171023-Poenina-plant-Boersengang-Bregy_Jean_Claude.jpg\",\"keywords\":[\"B\u00f6rsengang\",\"Geb\u00e4udetechnik\",\"Projektentwicklungen\",\"Z\u00fcrich\"],\"articleSection\":[\"UNTERNEHMEN\"],\"inLanguage\":\"it-IT\"},{\"@type\":\"WebPage\",\"@id\":\"https:\\\/\\\/www.immobilienbusiness.ch\\\/en\\\/unternehmen\\\/2017-10-23\\\/gebaeudetechniker-poenina-bereitet-boersengang-vor\\\/\",\"url\":\"https:\\\/\\\/www.immobilienbusiness.ch\\\/en\\\/unternehmen\\\/2017-10-23\\\/gebaeudetechniker-poenina-bereitet-boersengang-vor\\\/\",\"name\":\"Geb\u00e4udetechniker Poenina bereitet B\u00f6rsengang vor - IMMOBILIEN Business\",\"isPartOf\":{\"@id\":\"https:\\\/\\\/www.immobilienbusiness.ch\\\/#website\"},\"primaryImageOfPage\":{\"@id\":\"https:\\\/\\\/www.immobilienbusiness.ch\\\/en\\\/unternehmen\\\/2017-10-23\\\/gebaeudetechniker-poenina-bereitet-boersengang-vor\\\/#primaryimage\"},\"image\":{\"@id\":\"https:\\\/\\\/www.immobilienbusiness.ch\\\/en\\\/unternehmen\\\/2017-10-23\\\/gebaeudetechniker-poenina-bereitet-boersengang-vor\\\/#primaryimage\"},\"thumbnailUrl\":\"https:\\\/\\\/www.immobilienbusiness.ch\\\/wp-content\\\/uploads\\\/2017\\\/10\\\/IB-News_20171023-Poenina-plant-Boersengang-Bregy_Jean_Claude.jpg\",\"datePublished\":\"2017-10-23T07:00:29+00:00\",\"description\":\"Die Geb\u00e4udetechnikfirma Poenina Holding AG (Opfikon) will ihre Aktien an der SIX Swiss Exchange in Z\u00fcrich kotieren und in Zukunft durch Zuk\u00e4ufe wachsen.\",\"breadcrumb\":{\"@id\":\"https:\\\/\\\/www.immobilienbusiness.ch\\\/en\\\/unternehmen\\\/2017-10-23\\\/gebaeudetechniker-poenina-bereitet-boersengang-vor\\\/#breadcrumb\"},\"inLanguage\":\"it-IT\",\"potentialAction\":[{\"@type\":\"ReadAction\",\"target\":[\"https:\\\/\\\/www.immobilienbusiness.ch\\\/en\\\/unternehmen\\\/2017-10-23\\\/gebaeudetechniker-poenina-bereitet-boersengang-vor\\\/\"]}]},{\"@type\":\"ImageObject\",\"inLanguage\":\"it-IT\",\"@id\":\"https:\\\/\\\/www.immobilienbusiness.ch\\\/en\\\/unternehmen\\\/2017-10-23\\\/gebaeudetechniker-poenina-bereitet-boersengang-vor\\\/#primaryimage\",\"url\":\"https:\\\/\\\/www.immobilienbusiness.ch\\\/wp-content\\\/uploads\\\/2017\\\/10\\\/IB-News_20171023-Poenina-plant-Boersengang-Bregy_Jean_Claude.jpg\",\"contentUrl\":\"https:\\\/\\\/www.immobilienbusiness.ch\\\/wp-content\\\/uploads\\\/2017\\\/10\\\/IB-News_20171023-Poenina-plant-Boersengang-Bregy_Jean_Claude.jpg\",\"width\":2560,\"height\":1709,\"caption\":\"Jean Claude Bregy, Gr\u00fcnder, VR-Mitglied und CEO der Geb\u00e4udetechnikfirma hat Grosses vor (Bild: Poenina Holding AG)\"},{\"@type\":\"BreadcrumbList\",\"@id\":\"https:\\\/\\\/www.immobilienbusiness.ch\\\/en\\\/unternehmen\\\/2017-10-23\\\/gebaeudetechniker-poenina-bereitet-boersengang-vor\\\/#breadcrumb\",\"itemListElement\":[{\"@type\":\"ListItem\",\"position\":1,\"name\":\"Home\",\"item\":\"https:\\\/\\\/www.immobilienbusiness.ch\\\/\"},{\"@type\":\"ListItem\",\"position\":2,\"name\":\"Geb\u00e4udetechniker Poenina bereitet B\u00f6rsengang vor\"}]},{\"@type\":\"WebSite\",\"@id\":\"https:\\\/\\\/www.immobilienbusiness.ch\\\/#website\",\"url\":\"https:\\\/\\\/www.immobilienbusiness.ch\\\/\",\"name\":\"IMMOBILIEN Business\",\"description\":\"Unabh\u00e4ngiges Schweizer Wirtschaftsmagazin mit Fokus auf Immobilien, Architektur- und Bau sowie Investment- und Finanzierung.\",\"publisher\":{\"@id\":\"https:\\\/\\\/www.immobilienbusiness.ch\\\/#organization\"},\"potentialAction\":[{\"@type\":\"SearchAction\",\"target\":{\"@type\":\"EntryPoint\",\"urlTemplate\":\"https:\\\/\\\/www.immobilienbusiness.ch\\\/?s={search_term_string}\"},\"query-input\":{\"@type\":\"PropertyValueSpecification\",\"valueRequired\":true,\"valueName\":\"search_term_string\"}}],\"inLanguage\":\"it-IT\"},{\"@type\":\"Organization\",\"@id\":\"https:\\\/\\\/www.immobilienbusiness.ch\\\/#organization\",\"name\":\"IMMOBILIEN Business\",\"url\":\"https:\\\/\\\/www.immobilienbusiness.ch\\\/\",\"logo\":{\"@type\":\"ImageObject\",\"inLanguage\":\"it-IT\",\"@id\":\"https:\\\/\\\/www.immobilienbusiness.ch\\\/#\\\/schema\\\/logo\\\/image\\\/\",\"url\":\"https:\\\/\\\/www.immobilienbusiness.ch\\\/wp-content\\\/uploads\\\/2021\\\/07\\\/logo_ib.png\",\"contentUrl\":\"https:\\\/\\\/www.immobilienbusiness.ch\\\/wp-content\\\/uploads\\\/2021\\\/07\\\/logo_ib.png\",\"width\":800,\"height\":181,\"caption\":\"IMMOBILIEN Business\"},\"image\":{\"@id\":\"https:\\\/\\\/www.immobilienbusiness.ch\\\/#\\\/schema\\\/logo\\\/image\\\/\"},\"sameAs\":[\"https:\\\/\\\/www.facebook.com\\\/immobilienbusiness\\\/\"]},{\"@type\":\"Person\",\"@id\":\"https:\\\/\\\/www.immobilienbusiness.ch\\\/#\\\/schema\\\/person\\\/31be7383261ea656cfe52cad71fdc211\",\"name\":\"mathias.rinka\",\"image\":{\"@type\":\"ImageObject\",\"inLanguage\":\"it-IT\",\"@id\":\"https:\\\/\\\/secure.gravatar.com\\\/avatar\\\/?s=96&d=mm&r=g\",\"url\":\"https:\\\/\\\/secure.gravatar.com\\\/avatar\\\/?s=96&d=mm&r=g\",\"contentUrl\":\"https:\\\/\\\/secure.gravatar.com\\\/avatar\\\/?s=96&d=mm&r=g\",\"caption\":\"mathias.rinka\"},\"url\":\"https:\\\/\\\/www.immobilienbusiness.ch\\\/it\\\/author\\\/mathias-rinka\\\/\"}]}<\/script>\n<!-- \/ Yoast SEO plugin. -->","yoast_head_json":{"title":"Geb\u00e4udetechniker Poenina bereitet B\u00f6rsengang vor - IMMOBILIEN Business","description":"L'azienda di tecnologie per l'edilizia Poenina Holding AG (Opfikon) vuole quotare le proprie azioni alla SIX Swiss Exchange di Zurigo e crescere in futuro attraverso acquisizioni.","robots":{"index":"index","follow":"follow","max-snippet":"max-snippet:-1","max-image-preview":"max-image-preview:large","max-video-preview":"max-video-preview:-1"},"canonical":"https:\/\/www.immobilienbusiness.ch\/it\/unternehmen\/2017-10-23\/gebaeudetechniker-poenina-bereitet-boersengang-vor\/","og_locale":"it_IT","og_type":"article","og_title":"Geb\u00e4udetechniker Poenina plant B\u00f6rsengang","og_description":"Die Geb\u00e4udetechnikfirma Poenina Holding AG (Opfikon) will ihre Aktien an der SIX Swiss Exchange in Z\u00fcrich kotieren und in Zukunft durch Zuk\u00e4ufe wachsen.","og_url":"https:\/\/www.immobilienbusiness.ch\/it\/unternehmen\/2017-10-23\/gebaeudetechniker-poenina-bereitet-boersengang-vor\/","og_site_name":"IMMOBILIEN Business","article_publisher":"https:\/\/www.facebook.com\/immobilienbusiness\/","article_published_time":"2017-10-23T07:00:29+00:00","og_image":[{"width":2560,"height":1709,"url":"https:\/\/www.immobilienbusiness.ch\/wp-content\/uploads\/2017\/10\/IB-News_20171023-Poenina-plant-Boersengang-Bregy_Jean_Claude.jpg","type":"image\/jpeg"}],"author":"mathias.rinka","twitter_card":"summary_large_image","twitter_title":"Geb\u00e4udetechniker Poenina plant B\u00f6rsengang","twitter_description":"Die Geb\u00e4udetechnikfirma Poenina Holding AG (Opfikon) will ihre Aktien an der SIX Swiss Exchange in Z\u00fcrich kotieren und in Zukunft durch Zuk\u00e4ufe wachsen.","schema":{"@context":"https:\/\/schema.org","@graph":[{"@type":"Article","@id":"https:\/\/www.immobilienbusiness.ch\/en\/unternehmen\/2017-10-23\/gebaeudetechniker-poenina-bereitet-boersengang-vor\/#article","isPartOf":{"@id":"https:\/\/www.immobilienbusiness.ch\/en\/unternehmen\/2017-10-23\/gebaeudetechniker-poenina-bereitet-boersengang-vor\/"},"author":{"name":"mathias.rinka","@id":"https:\/\/www.immobilienbusiness.ch\/#\/schema\/person\/31be7383261ea656cfe52cad71fdc211"},"headline":"Geb\u00e4udetechniker Poenina bereitet B\u00f6rsengang vor","datePublished":"2017-10-23T07:00:29+00:00","mainEntityOfPage":{"@id":"https:\/\/www.immobilienbusiness.ch\/en\/unternehmen\/2017-10-23\/gebaeudetechniker-poenina-bereitet-boersengang-vor\/"},"wordCount":251,"commentCount":0,"publisher":{"@id":"https:\/\/www.immobilienbusiness.ch\/#organization"},"image":{"@id":"https:\/\/www.immobilienbusiness.ch\/en\/unternehmen\/2017-10-23\/gebaeudetechniker-poenina-bereitet-boersengang-vor\/#primaryimage"},"thumbnailUrl":"https:\/\/www.immobilienbusiness.ch\/wp-content\/uploads\/2017\/10\/IB-News_20171023-Poenina-plant-Boersengang-Bregy_Jean_Claude.jpg","keywords":["B\u00f6rsengang","Geb\u00e4udetechnik","Projektentwicklungen","Z\u00fcrich"],"articleSection":["UNTERNEHMEN"],"inLanguage":"it-IT"},{"@type":"WebPage","@id":"https:\/\/www.immobilienbusiness.ch\/en\/unternehmen\/2017-10-23\/gebaeudetechniker-poenina-bereitet-boersengang-vor\/","url":"https:\/\/www.immobilienbusiness.ch\/en\/unternehmen\/2017-10-23\/gebaeudetechniker-poenina-bereitet-boersengang-vor\/","name":"Geb\u00e4udetechniker Poenina bereitet B\u00f6rsengang vor - IMMOBILIEN Business","isPartOf":{"@id":"https:\/\/www.immobilienbusiness.ch\/#website"},"primaryImageOfPage":{"@id":"https:\/\/www.immobilienbusiness.ch\/en\/unternehmen\/2017-10-23\/gebaeudetechniker-poenina-bereitet-boersengang-vor\/#primaryimage"},"image":{"@id":"https:\/\/www.immobilienbusiness.ch\/en\/unternehmen\/2017-10-23\/gebaeudetechniker-poenina-bereitet-boersengang-vor\/#primaryimage"},"thumbnailUrl":"https:\/\/www.immobilienbusiness.ch\/wp-content\/uploads\/2017\/10\/IB-News_20171023-Poenina-plant-Boersengang-Bregy_Jean_Claude.jpg","datePublished":"2017-10-23T07:00:29+00:00","description":"L'azienda di tecnologie per l'edilizia Poenina Holding AG (Opfikon) vuole quotare le proprie azioni alla SIX Swiss Exchange di Zurigo e crescere in futuro attraverso acquisizioni.","breadcrumb":{"@id":"https:\/\/www.immobilienbusiness.ch\/en\/unternehmen\/2017-10-23\/gebaeudetechniker-poenina-bereitet-boersengang-vor\/#breadcrumb"},"inLanguage":"it-IT","potentialAction":[{"@type":"ReadAction","target":["https:\/\/www.immobilienbusiness.ch\/en\/unternehmen\/2017-10-23\/gebaeudetechniker-poenina-bereitet-boersengang-vor\/"]}]},{"@type":"ImageObject","inLanguage":"it-IT","@id":"https:\/\/www.immobilienbusiness.ch\/en\/unternehmen\/2017-10-23\/gebaeudetechniker-poenina-bereitet-boersengang-vor\/#primaryimage","url":"https:\/\/www.immobilienbusiness.ch\/wp-content\/uploads\/2017\/10\/IB-News_20171023-Poenina-plant-Boersengang-Bregy_Jean_Claude.jpg","contentUrl":"https:\/\/www.immobilienbusiness.ch\/wp-content\/uploads\/2017\/10\/IB-News_20171023-Poenina-plant-Boersengang-Bregy_Jean_Claude.jpg","width":2560,"height":1709,"caption":"Jean Claude Bregy, Gr\u00fcnder, VR-Mitglied und CEO der Geb\u00e4udetechnikfirma hat Grosses vor (Bild: Poenina Holding AG)"},{"@type":"BreadcrumbList","@id":"https:\/\/www.immobilienbusiness.ch\/en\/unternehmen\/2017-10-23\/gebaeudetechniker-poenina-bereitet-boersengang-vor\/#breadcrumb","itemListElement":[{"@type":"ListItem","position":1,"name":"Home","item":"https:\/\/www.immobilienbusiness.ch\/"},{"@type":"ListItem","position":2,"name":"Geb\u00e4udetechniker Poenina bereitet B\u00f6rsengang vor"}]},{"@type":"WebSite","@id":"https:\/\/www.immobilienbusiness.ch\/#website","url":"https:\/\/www.immobilienbusiness.ch\/","name":"Affari immobiliari","description":"Rivista economica indipendente svizzera che si concentra sul settore immobiliare, l'architettura e la costruzione, nonch\u00e9 sugli investimenti e i finanziamenti.","publisher":{"@id":"https:\/\/www.immobilienbusiness.ch\/#organization"},"potentialAction":[{"@type":"SearchAction","target":{"@type":"EntryPoint","urlTemplate":"https:\/\/www.immobilienbusiness.ch\/?s={search_term_string}"},"query-input":{"@type":"PropertyValueSpecification","valueRequired":true,"valueName":"search_term_string"}}],"inLanguage":"it-IT"},{"@type":"Organization","@id":"https:\/\/www.immobilienbusiness.ch\/#organization","name":"Affari immobiliari","url":"https:\/\/www.immobilienbusiness.ch\/","logo":{"@type":"ImageObject","inLanguage":"it-IT","@id":"https:\/\/www.immobilienbusiness.ch\/#\/schema\/logo\/image\/","url":"https:\/\/www.immobilienbusiness.ch\/wp-content\/uploads\/2021\/07\/logo_ib.png","contentUrl":"https:\/\/www.immobilienbusiness.ch\/wp-content\/uploads\/2021\/07\/logo_ib.png","width":800,"height":181,"caption":"IMMOBILIEN Business"},"image":{"@id":"https:\/\/www.immobilienbusiness.ch\/#\/schema\/logo\/image\/"},"sameAs":["https:\/\/www.facebook.com\/immobilienbusiness\/"]},{"@type":"Person","@id":"https:\/\/www.immobilienbusiness.ch\/#\/schema\/person\/31be7383261ea656cfe52cad71fdc211","name":"mathias.rinka","image":{"@type":"ImageObject","inLanguage":"it-IT","@id":"https:\/\/secure.gravatar.com\/avatar\/?s=96&d=mm&r=g","url":"https:\/\/secure.gravatar.com\/avatar\/?s=96&d=mm&r=g","contentUrl":"https:\/\/secure.gravatar.com\/avatar\/?s=96&d=mm&r=g","caption":"mathias.rinka"},"url":"https:\/\/www.immobilienbusiness.ch\/it\/author\/mathias-rinka\/"}]}},"_links":{"self":[{"href":"https:\/\/www.immobilienbusiness.ch\/it\/wp-json\/wp\/v2\/posts\/9691","targetHints":{"allow":["GET"]}}],"collection":[{"href":"https:\/\/www.immobilienbusiness.ch\/it\/wp-json\/wp\/v2\/posts"}],"about":[{"href":"https:\/\/www.immobilienbusiness.ch\/it\/wp-json\/wp\/v2\/types\/post"}],"author":[{"embeddable":true,"href":"https:\/\/www.immobilienbusiness.ch\/it\/wp-json\/wp\/v2\/users\/4"}],"replies":[{"embeddable":true,"href":"https:\/\/www.immobilienbusiness.ch\/it\/wp-json\/wp\/v2\/comments?post=9691"}],"version-history":[{"count":0,"href":"https:\/\/www.immobilienbusiness.ch\/it\/wp-json\/wp\/v2\/posts\/9691\/revisions"}],"wp:featuredmedia":[{"embeddable":true,"href":"https:\/\/www.immobilienbusiness.ch\/it\/wp-json\/wp\/v2\/media\/9692"}],"wp:attachment":[{"href":"https:\/\/www.immobilienbusiness.ch\/it\/wp-json\/wp\/v2\/media?parent=9691"}],"wp:term":[{"taxonomy":"category","embeddable":true,"href":"https:\/\/www.immobilienbusiness.ch\/it\/wp-json\/wp\/v2\/categories?post=9691"},{"taxonomy":"post_tag","embeddable":true,"href":"https:\/\/www.immobilienbusiness.ch\/it\/wp-json\/wp\/v2\/tags?post=9691"}],"curies":[{"name":"wp","href":"https:\/\/api.w.org\/{rel}","templated":true}]}}