{"id":9673,"date":"2017-10-20T08:00:20","date_gmt":"2017-10-20T06:00:20","guid":{"rendered":"https:\/\/www.immobilienbusiness.ch\/?p=9673"},"modified":"2017-10-20T08:00:20","modified_gmt":"2017-10-20T06:00:20","slug":"bkw-uebernimmt-gebaeudetechniker-enerpeak","status":"publish","type":"post","link":"https:\/\/www.immobilienbusiness.ch\/it\/unternehmen\/2017-10-20\/bkw-uebernimmt-gebaeudetechniker-enerpeak\/","title":{"rendered":"BKW rileva il fornitore di servizi edili Enerpeak"},"content":{"rendered":"<figure id=\"attachment_9674\" aria-describedby=\"caption-attachment-9674\" style=\"width: 1800px\" class=\"wp-caption alignnone\"><img loading=\"lazy\" decoding=\"async\" class=\"size-full wp-image-9674\" src=\"https:\/\/www.immobilienbusiness.ch\/wp-content\/uploads\/2017\/10\/IB-News-20171020-FIFA-Museum-Z\u00fcrich-Enge-Referenzprojekt-Enerpeak_sm.png\" alt=\"\" width=\"1800\" height=\"1200\" \/><figcaption id=\"caption-attachment-9674\" class=\"wp-caption-text\">Progetto di riferimento Enerpeak: il Museo Mondiale del Calcio FIFA a Zurigo-Enge (Immagine: FIFA)<\/figcaption><\/figure>\n<p>Ci\u00f2 significa che BKW \u00e8 sempre pi\u00f9 rappresentata nella progettazione elettrica oltre ai settori di riscaldamento, ventilazione, climatizzazione, refrigerazione e igiene. Secondo l'azienda, il suo obiettivo \u00e8 quello di essere in grado di offrire soluzioni globali complete in tutti i settori della pianificazione della tecnologia degli edifici. Con l'acquisizione di Enerpeak, BKW entra in un ulteriore segmento di attivit\u00e0.<\/p>\n<p>Enerpeak \u00e8 stata fondata nel 1969 ed \u00e8 specializzata nella progettazione di edifici industriali, commerciali, uffici e residenziali, nonch\u00e9 nella progettazione di soluzioni globali di energia e sicurezza. Le competenze principali dell'azienda includono anche studi e concetti per sistemi fotovoltaici.<\/p>\n<p>Tra i progetti di riferimento del fornitore di servizi per l'edilizia attivo a livello nazionale e internazionale ci sono progetti di costruzione come il museo FIFA World of Football a Zurigo, il centro di produzione Coop LoBOS a Pratteln e diversi cinema multiplex svizzeri.<\/p>\n<p>Enerpeak, con la sua sede centrale a D\u00fcbendorf e le filiali a Baden, H\u00e4gendorf, Nyon e Visp, impiega un totale di 70 professionisti. L'azienda continuer\u00e0 ad essere gestita dal comitato esecutivo con il precedente proprietario e principale azionista Andreas Krieg.<\/p>","protected":false},"excerpt":{"rendered":"<p>Il gruppo BKW di Berna amplia ulteriormente la sua attivit\u00e0 di servizi con l'acquisizione dell'azienda di tecnica edilizia Enerpeak AG, con sede a D\u00fcbendorf.<\/p>","protected":false},"author":4,"featured_media":9674,"comment_status":"open","ping_status":"open","sticky":false,"template":"","format":"standard","meta":{"_acf_changed":false,"_yoast_wpseo_focuskw":"Enerpeak","_yoast_wpseo_title":"","_yoast_wpseo_metadesc":"Die Berner BKW-Gruppe baut ihr Dienstleistungsgesch\u00e4ft weiter aus und \u00fcbernimmt dabei das Geb\u00e4udetechnikfirma Enerpeak AG.","_yoast_wpseo_linkdex":69,"pgc_sgb_lightbox_settings":"","footnotes":""},"categories":[988],"tags":[1101,1119,1195,1255,1272,1363,1794,1863],"class_list":["post-9673","post","type-post","status-publish","format-standard","has-post-thumbnail","hentry","category-unternehmen","tag-bkv","tag-bueroimmobilien","tag-enerpeak","tag-gebaeudetechnik","tag-gewerbeimmobilien","tag-industrie-immobilien","tag-uebernahme","tag-wohnimmobilien"],"acf":[],"yoast_head":"<!-- This site is optimized with the Yoast SEO plugin v27.4 - https:\/\/yoast.com\/product\/yoast-seo-wordpress\/ -->\n<title>BKW \u00fcbernimmt Geb\u00e4udetechniker Enerpeak - IMMOBILIEN Business<\/title>\n<meta name=\"description\" content=\"Die Berner BKW-Gruppe baut ihr Dienstleistungsgesch\u00e4ft weiter aus und \u00fcbernimmt dabei das Geb\u00e4udetechnikfirma Enerpeak AG.\" \/>\n<meta name=\"robots\" content=\"index, follow, max-snippet:-1, max-image-preview:large, max-video-preview:-1\" \/>\n<link rel=\"canonical\" href=\"https:\/\/www.immobilienbusiness.ch\/it\/unternehmen\/2017-10-20\/bkw-uebernimmt-gebaeudetechniker-enerpeak\/\" \/>\n<meta property=\"og:locale\" content=\"it_IT\" \/>\n<meta property=\"og:type\" content=\"article\" \/>\n<meta property=\"og:title\" content=\"BKW \u00fcbernimmt Geb\u00e4udetechniker\" \/>\n<meta property=\"og:description\" content=\"Die Berner BKW-Gruppe baut ihr Dienstleistungsgesch\u00e4ft weiter aus und \u00fcbernimmt dabei das Geb\u00e4udetechnikfirma Enerpeak AG.\" \/>\n<meta property=\"og:url\" content=\"https:\/\/www.immobilienbusiness.ch\/it\/unternehmen\/2017-10-20\/bkw-uebernimmt-gebaeudetechniker-enerpeak\/\" \/>\n<meta property=\"og:site_name\" content=\"IMMOBILIEN Business\" \/>\n<meta property=\"article:publisher\" content=\"https:\/\/www.facebook.com\/immobilienbusiness\/\" \/>\n<meta property=\"article:published_time\" content=\"2017-10-20T06:00:20+00:00\" \/>\n<meta property=\"og:image\" content=\"https:\/\/www.immobilienbusiness.ch\/wp-content\/uploads\/2017\/10\/IB-News-20171020-FIFA-Museum-Zuerich-Enge-Referenzprojekt-Enerpeak_sm-1024x683.png\" \/>\n\t<meta property=\"og:image:width\" content=\"1024\" \/>\n\t<meta property=\"og:image:height\" content=\"683\" \/>\n\t<meta property=\"og:image:type\" content=\"image\/png\" \/>\n<meta name=\"author\" content=\"mathias.rinka\" \/>\n<meta name=\"twitter:card\" content=\"summary_large_image\" \/>\n<meta name=\"twitter:title\" content=\"BKW \u00fcbernimmt Geb\u00e4udetechniker\" \/>\n<meta name=\"twitter:description\" content=\"Die Berner BKW-Gruppe baut ihr Dienstleistungsgesch\u00e4ft weiter aus und \u00fcbernimmt dabei das Geb\u00e4udetechnikfirma Enerpeak AG.\" \/>\n<script type=\"application\/ld+json\" class=\"yoast-schema-graph\">{\"@context\":\"https:\\\/\\\/schema.org\",\"@graph\":[{\"@type\":\"Article\",\"@id\":\"https:\\\/\\\/www.immobilienbusiness.ch\\\/de\\\/unternehmen\\\/2017-10-20\\\/bkw-uebernimmt-gebaeudetechniker-enerpeak\\\/#article\",\"isPartOf\":{\"@id\":\"https:\\\/\\\/www.immobilienbusiness.ch\\\/de\\\/unternehmen\\\/2017-10-20\\\/bkw-uebernimmt-gebaeudetechniker-enerpeak\\\/\"},\"author\":{\"name\":\"mathias.rinka\",\"@id\":\"https:\\\/\\\/www.immobilienbusiness.ch\\\/#\\\/schema\\\/person\\\/31be7383261ea656cfe52cad71fdc211\"},\"headline\":\"BKW \u00fcbernimmt Geb\u00e4udetechniker Enerpeak\",\"datePublished\":\"2017-10-20T06:00:20+00:00\",\"mainEntityOfPage\":{\"@id\":\"https:\\\/\\\/www.immobilienbusiness.ch\\\/de\\\/unternehmen\\\/2017-10-20\\\/bkw-uebernimmt-gebaeudetechniker-enerpeak\\\/\"},\"wordCount\":192,\"commentCount\":0,\"publisher\":{\"@id\":\"https:\\\/\\\/www.immobilienbusiness.ch\\\/#organization\"},\"image\":{\"@id\":\"https:\\\/\\\/www.immobilienbusiness.ch\\\/de\\\/unternehmen\\\/2017-10-20\\\/bkw-uebernimmt-gebaeudetechniker-enerpeak\\\/#primaryimage\"},\"thumbnailUrl\":\"https:\\\/\\\/www.immobilienbusiness.ch\\\/wp-content\\\/uploads\\\/2017\\\/10\\\/IB-News-20171020-FIFA-Museum-Zuerich-Enge-Referenzprojekt-Enerpeak_sm.png\",\"keywords\":[\"BKV\",\"B\u00fcroimmobilien\",\"Enerpeak\",\"Geb\u00e4udetechnik\",\"Gewerbeimmobilien\",\"Industrie-Immobilien\",\"\u00dcbernahme\",\"Wohnimmobilien\"],\"articleSection\":[\"UNTERNEHMEN\"],\"inLanguage\":\"it-IT\"},{\"@type\":\"WebPage\",\"@id\":\"https:\\\/\\\/www.immobilienbusiness.ch\\\/de\\\/unternehmen\\\/2017-10-20\\\/bkw-uebernimmt-gebaeudetechniker-enerpeak\\\/\",\"url\":\"https:\\\/\\\/www.immobilienbusiness.ch\\\/de\\\/unternehmen\\\/2017-10-20\\\/bkw-uebernimmt-gebaeudetechniker-enerpeak\\\/\",\"name\":\"BKW \u00fcbernimmt Geb\u00e4udetechniker Enerpeak - IMMOBILIEN Business\",\"isPartOf\":{\"@id\":\"https:\\\/\\\/www.immobilienbusiness.ch\\\/#website\"},\"primaryImageOfPage\":{\"@id\":\"https:\\\/\\\/www.immobilienbusiness.ch\\\/de\\\/unternehmen\\\/2017-10-20\\\/bkw-uebernimmt-gebaeudetechniker-enerpeak\\\/#primaryimage\"},\"image\":{\"@id\":\"https:\\\/\\\/www.immobilienbusiness.ch\\\/de\\\/unternehmen\\\/2017-10-20\\\/bkw-uebernimmt-gebaeudetechniker-enerpeak\\\/#primaryimage\"},\"thumbnailUrl\":\"https:\\\/\\\/www.immobilienbusiness.ch\\\/wp-content\\\/uploads\\\/2017\\\/10\\\/IB-News-20171020-FIFA-Museum-Zuerich-Enge-Referenzprojekt-Enerpeak_sm.png\",\"datePublished\":\"2017-10-20T06:00:20+00:00\",\"description\":\"Die Berner BKW-Gruppe baut ihr Dienstleistungsgesch\u00e4ft weiter aus und \u00fcbernimmt dabei das Geb\u00e4udetechnikfirma Enerpeak AG.\",\"breadcrumb\":{\"@id\":\"https:\\\/\\\/www.immobilienbusiness.ch\\\/de\\\/unternehmen\\\/2017-10-20\\\/bkw-uebernimmt-gebaeudetechniker-enerpeak\\\/#breadcrumb\"},\"inLanguage\":\"it-IT\",\"potentialAction\":[{\"@type\":\"ReadAction\",\"target\":[\"https:\\\/\\\/www.immobilienbusiness.ch\\\/de\\\/unternehmen\\\/2017-10-20\\\/bkw-uebernimmt-gebaeudetechniker-enerpeak\\\/\"]}]},{\"@type\":\"ImageObject\",\"inLanguage\":\"it-IT\",\"@id\":\"https:\\\/\\\/www.immobilienbusiness.ch\\\/de\\\/unternehmen\\\/2017-10-20\\\/bkw-uebernimmt-gebaeudetechniker-enerpeak\\\/#primaryimage\",\"url\":\"https:\\\/\\\/www.immobilienbusiness.ch\\\/wp-content\\\/uploads\\\/2017\\\/10\\\/IB-News-20171020-FIFA-Museum-Zuerich-Enge-Referenzprojekt-Enerpeak_sm.png\",\"contentUrl\":\"https:\\\/\\\/www.immobilienbusiness.ch\\\/wp-content\\\/uploads\\\/2017\\\/10\\\/IB-News-20171020-FIFA-Museum-Zuerich-Enge-Referenzprojekt-Enerpeak_sm.png\",\"width\":1800,\"height\":1200,\"caption\":\"Referenzprojekt der D\u00fcbendorfer Geb\u00e4udetechnikfirma: das FIFA World Football Museum in Z\u00fcrich-Enge (Bild: FIFA)\"},{\"@type\":\"BreadcrumbList\",\"@id\":\"https:\\\/\\\/www.immobilienbusiness.ch\\\/de\\\/unternehmen\\\/2017-10-20\\\/bkw-uebernimmt-gebaeudetechniker-enerpeak\\\/#breadcrumb\",\"itemListElement\":[{\"@type\":\"ListItem\",\"position\":1,\"name\":\"Home\",\"item\":\"https:\\\/\\\/www.immobilienbusiness.ch\\\/\"},{\"@type\":\"ListItem\",\"position\":2,\"name\":\"BKW \u00fcbernimmt Geb\u00e4udetechniker Enerpeak\"}]},{\"@type\":\"WebSite\",\"@id\":\"https:\\\/\\\/www.immobilienbusiness.ch\\\/#website\",\"url\":\"https:\\\/\\\/www.immobilienbusiness.ch\\\/\",\"name\":\"IMMOBILIEN Business\",\"description\":\"Unabh\u00e4ngiges Schweizer Wirtschaftsmagazin mit Fokus auf Immobilien, Architektur- und Bau sowie Investment- und Finanzierung.\",\"publisher\":{\"@id\":\"https:\\\/\\\/www.immobilienbusiness.ch\\\/#organization\"},\"potentialAction\":[{\"@type\":\"SearchAction\",\"target\":{\"@type\":\"EntryPoint\",\"urlTemplate\":\"https:\\\/\\\/www.immobilienbusiness.ch\\\/?s={search_term_string}\"},\"query-input\":{\"@type\":\"PropertyValueSpecification\",\"valueRequired\":true,\"valueName\":\"search_term_string\"}}],\"inLanguage\":\"it-IT\"},{\"@type\":\"Organization\",\"@id\":\"https:\\\/\\\/www.immobilienbusiness.ch\\\/#organization\",\"name\":\"IMMOBILIEN Business\",\"url\":\"https:\\\/\\\/www.immobilienbusiness.ch\\\/\",\"logo\":{\"@type\":\"ImageObject\",\"inLanguage\":\"it-IT\",\"@id\":\"https:\\\/\\\/www.immobilienbusiness.ch\\\/#\\\/schema\\\/logo\\\/image\\\/\",\"url\":\"https:\\\/\\\/www.immobilienbusiness.ch\\\/wp-content\\\/uploads\\\/2021\\\/07\\\/logo_ib.png\",\"contentUrl\":\"https:\\\/\\\/www.immobilienbusiness.ch\\\/wp-content\\\/uploads\\\/2021\\\/07\\\/logo_ib.png\",\"width\":800,\"height\":181,\"caption\":\"IMMOBILIEN Business\"},\"image\":{\"@id\":\"https:\\\/\\\/www.immobilienbusiness.ch\\\/#\\\/schema\\\/logo\\\/image\\\/\"},\"sameAs\":[\"https:\\\/\\\/www.facebook.com\\\/immobilienbusiness\\\/\"]},{\"@type\":\"Person\",\"@id\":\"https:\\\/\\\/www.immobilienbusiness.ch\\\/#\\\/schema\\\/person\\\/31be7383261ea656cfe52cad71fdc211\",\"name\":\"mathias.rinka\",\"image\":{\"@type\":\"ImageObject\",\"inLanguage\":\"it-IT\",\"@id\":\"https:\\\/\\\/secure.gravatar.com\\\/avatar\\\/?s=96&d=mm&r=g\",\"url\":\"https:\\\/\\\/secure.gravatar.com\\\/avatar\\\/?s=96&d=mm&r=g\",\"contentUrl\":\"https:\\\/\\\/secure.gravatar.com\\\/avatar\\\/?s=96&d=mm&r=g\",\"caption\":\"mathias.rinka\"},\"url\":\"https:\\\/\\\/www.immobilienbusiness.ch\\\/it\\\/author\\\/mathias-rinka\\\/\"}]}<\/script>\n<!-- \/ Yoast SEO plugin. -->","yoast_head_json":{"title":"BKW rileva l'azienda di tecnologia per l'edilizia Enerpeak - IMMOBILIEN Business","description":"Il Gruppo BKW, con sede a Berna, sta ampliando ulteriormente la propria attivit\u00e0 di servizi con l'acquisizione dell'azienda di tecnologia edilizia Enerpeak AG.","robots":{"index":"index","follow":"follow","max-snippet":"max-snippet:-1","max-image-preview":"max-image-preview:large","max-video-preview":"max-video-preview:-1"},"canonical":"https:\/\/www.immobilienbusiness.ch\/it\/unternehmen\/2017-10-20\/bkw-uebernimmt-gebaeudetechniker-enerpeak\/","og_locale":"it_IT","og_type":"article","og_title":"BKW \u00fcbernimmt Geb\u00e4udetechniker","og_description":"Die Berner BKW-Gruppe baut ihr Dienstleistungsgesch\u00e4ft weiter aus und \u00fcbernimmt dabei das Geb\u00e4udetechnikfirma Enerpeak AG.","og_url":"https:\/\/www.immobilienbusiness.ch\/it\/unternehmen\/2017-10-20\/bkw-uebernimmt-gebaeudetechniker-enerpeak\/","og_site_name":"IMMOBILIEN Business","article_publisher":"https:\/\/www.facebook.com\/immobilienbusiness\/","article_published_time":"2017-10-20T06:00:20+00:00","og_image":[{"width":1024,"height":683,"url":"https:\/\/www.immobilienbusiness.ch\/wp-content\/uploads\/2017\/10\/IB-News-20171020-FIFA-Museum-Zuerich-Enge-Referenzprojekt-Enerpeak_sm-1024x683.png","type":"image\/png"}],"author":"mathias.rinka","twitter_card":"summary_large_image","twitter_title":"BKW \u00fcbernimmt Geb\u00e4udetechniker","twitter_description":"Die Berner BKW-Gruppe baut ihr Dienstleistungsgesch\u00e4ft weiter aus und \u00fcbernimmt dabei das Geb\u00e4udetechnikfirma Enerpeak AG.","schema":{"@context":"https:\/\/schema.org","@graph":[{"@type":"Article","@id":"https:\/\/www.immobilienbusiness.ch\/de\/unternehmen\/2017-10-20\/bkw-uebernimmt-gebaeudetechniker-enerpeak\/#article","isPartOf":{"@id":"https:\/\/www.immobilienbusiness.ch\/de\/unternehmen\/2017-10-20\/bkw-uebernimmt-gebaeudetechniker-enerpeak\/"},"author":{"name":"mathias.rinka","@id":"https:\/\/www.immobilienbusiness.ch\/#\/schema\/person\/31be7383261ea656cfe52cad71fdc211"},"headline":"BKW \u00fcbernimmt Geb\u00e4udetechniker Enerpeak","datePublished":"2017-10-20T06:00:20+00:00","mainEntityOfPage":{"@id":"https:\/\/www.immobilienbusiness.ch\/de\/unternehmen\/2017-10-20\/bkw-uebernimmt-gebaeudetechniker-enerpeak\/"},"wordCount":192,"commentCount":0,"publisher":{"@id":"https:\/\/www.immobilienbusiness.ch\/#organization"},"image":{"@id":"https:\/\/www.immobilienbusiness.ch\/de\/unternehmen\/2017-10-20\/bkw-uebernimmt-gebaeudetechniker-enerpeak\/#primaryimage"},"thumbnailUrl":"https:\/\/www.immobilienbusiness.ch\/wp-content\/uploads\/2017\/10\/IB-News-20171020-FIFA-Museum-Zuerich-Enge-Referenzprojekt-Enerpeak_sm.png","keywords":["BKV","B\u00fcroimmobilien","Enerpeak","Geb\u00e4udetechnik","Gewerbeimmobilien","Industrie-Immobilien","\u00dcbernahme","Wohnimmobilien"],"articleSection":["UNTERNEHMEN"],"inLanguage":"it-IT"},{"@type":"WebPage","@id":"https:\/\/www.immobilienbusiness.ch\/de\/unternehmen\/2017-10-20\/bkw-uebernimmt-gebaeudetechniker-enerpeak\/","url":"https:\/\/www.immobilienbusiness.ch\/de\/unternehmen\/2017-10-20\/bkw-uebernimmt-gebaeudetechniker-enerpeak\/","name":"BKW rileva l'azienda di tecnologia per l'edilizia Enerpeak - IMMOBILIEN Business","isPartOf":{"@id":"https:\/\/www.immobilienbusiness.ch\/#website"},"primaryImageOfPage":{"@id":"https:\/\/www.immobilienbusiness.ch\/de\/unternehmen\/2017-10-20\/bkw-uebernimmt-gebaeudetechniker-enerpeak\/#primaryimage"},"image":{"@id":"https:\/\/www.immobilienbusiness.ch\/de\/unternehmen\/2017-10-20\/bkw-uebernimmt-gebaeudetechniker-enerpeak\/#primaryimage"},"thumbnailUrl":"https:\/\/www.immobilienbusiness.ch\/wp-content\/uploads\/2017\/10\/IB-News-20171020-FIFA-Museum-Zuerich-Enge-Referenzprojekt-Enerpeak_sm.png","datePublished":"2017-10-20T06:00:20+00:00","description":"Il Gruppo BKW, con sede a Berna, sta ampliando ulteriormente la propria attivit\u00e0 di servizi con l'acquisizione dell'azienda di tecnologia edilizia Enerpeak AG.","breadcrumb":{"@id":"https:\/\/www.immobilienbusiness.ch\/de\/unternehmen\/2017-10-20\/bkw-uebernimmt-gebaeudetechniker-enerpeak\/#breadcrumb"},"inLanguage":"it-IT","potentialAction":[{"@type":"ReadAction","target":["https:\/\/www.immobilienbusiness.ch\/de\/unternehmen\/2017-10-20\/bkw-uebernimmt-gebaeudetechniker-enerpeak\/"]}]},{"@type":"ImageObject","inLanguage":"it-IT","@id":"https:\/\/www.immobilienbusiness.ch\/de\/unternehmen\/2017-10-20\/bkw-uebernimmt-gebaeudetechniker-enerpeak\/#primaryimage","url":"https:\/\/www.immobilienbusiness.ch\/wp-content\/uploads\/2017\/10\/IB-News-20171020-FIFA-Museum-Zuerich-Enge-Referenzprojekt-Enerpeak_sm.png","contentUrl":"https:\/\/www.immobilienbusiness.ch\/wp-content\/uploads\/2017\/10\/IB-News-20171020-FIFA-Museum-Zuerich-Enge-Referenzprojekt-Enerpeak_sm.png","width":1800,"height":1200,"caption":"Referenzprojekt der D\u00fcbendorfer Geb\u00e4udetechnikfirma: das FIFA World Football Museum in Z\u00fcrich-Enge (Bild: FIFA)"},{"@type":"BreadcrumbList","@id":"https:\/\/www.immobilienbusiness.ch\/de\/unternehmen\/2017-10-20\/bkw-uebernimmt-gebaeudetechniker-enerpeak\/#breadcrumb","itemListElement":[{"@type":"ListItem","position":1,"name":"Home","item":"https:\/\/www.immobilienbusiness.ch\/"},{"@type":"ListItem","position":2,"name":"BKW \u00fcbernimmt Geb\u00e4udetechniker Enerpeak"}]},{"@type":"WebSite","@id":"https:\/\/www.immobilienbusiness.ch\/#website","url":"https:\/\/www.immobilienbusiness.ch\/","name":"Affari immobiliari","description":"Rivista economica indipendente svizzera che si concentra sul settore immobiliare, l'architettura e la costruzione, nonch\u00e9 sugli investimenti e i finanziamenti.","publisher":{"@id":"https:\/\/www.immobilienbusiness.ch\/#organization"},"potentialAction":[{"@type":"SearchAction","target":{"@type":"EntryPoint","urlTemplate":"https:\/\/www.immobilienbusiness.ch\/?s={search_term_string}"},"query-input":{"@type":"PropertyValueSpecification","valueRequired":true,"valueName":"search_term_string"}}],"inLanguage":"it-IT"},{"@type":"Organization","@id":"https:\/\/www.immobilienbusiness.ch\/#organization","name":"Affari immobiliari","url":"https:\/\/www.immobilienbusiness.ch\/","logo":{"@type":"ImageObject","inLanguage":"it-IT","@id":"https:\/\/www.immobilienbusiness.ch\/#\/schema\/logo\/image\/","url":"https:\/\/www.immobilienbusiness.ch\/wp-content\/uploads\/2021\/07\/logo_ib.png","contentUrl":"https:\/\/www.immobilienbusiness.ch\/wp-content\/uploads\/2021\/07\/logo_ib.png","width":800,"height":181,"caption":"IMMOBILIEN Business"},"image":{"@id":"https:\/\/www.immobilienbusiness.ch\/#\/schema\/logo\/image\/"},"sameAs":["https:\/\/www.facebook.com\/immobilienbusiness\/"]},{"@type":"Person","@id":"https:\/\/www.immobilienbusiness.ch\/#\/schema\/person\/31be7383261ea656cfe52cad71fdc211","name":"mathias.rinka","image":{"@type":"ImageObject","inLanguage":"it-IT","@id":"https:\/\/secure.gravatar.com\/avatar\/?s=96&d=mm&r=g","url":"https:\/\/secure.gravatar.com\/avatar\/?s=96&d=mm&r=g","contentUrl":"https:\/\/secure.gravatar.com\/avatar\/?s=96&d=mm&r=g","caption":"mathias.rinka"},"url":"https:\/\/www.immobilienbusiness.ch\/it\/author\/mathias-rinka\/"}]}},"_links":{"self":[{"href":"https:\/\/www.immobilienbusiness.ch\/it\/wp-json\/wp\/v2\/posts\/9673","targetHints":{"allow":["GET"]}}],"collection":[{"href":"https:\/\/www.immobilienbusiness.ch\/it\/wp-json\/wp\/v2\/posts"}],"about":[{"href":"https:\/\/www.immobilienbusiness.ch\/it\/wp-json\/wp\/v2\/types\/post"}],"author":[{"embeddable":true,"href":"https:\/\/www.immobilienbusiness.ch\/it\/wp-json\/wp\/v2\/users\/4"}],"replies":[{"embeddable":true,"href":"https:\/\/www.immobilienbusiness.ch\/it\/wp-json\/wp\/v2\/comments?post=9673"}],"version-history":[{"count":0,"href":"https:\/\/www.immobilienbusiness.ch\/it\/wp-json\/wp\/v2\/posts\/9673\/revisions"}],"wp:featuredmedia":[{"embeddable":true,"href":"https:\/\/www.immobilienbusiness.ch\/it\/wp-json\/wp\/v2\/media\/9674"}],"wp:attachment":[{"href":"https:\/\/www.immobilienbusiness.ch\/it\/wp-json\/wp\/v2\/media?parent=9673"}],"wp:term":[{"taxonomy":"category","embeddable":true,"href":"https:\/\/www.immobilienbusiness.ch\/it\/wp-json\/wp\/v2\/categories?post=9673"},{"taxonomy":"post_tag","embeddable":true,"href":"https:\/\/www.immobilienbusiness.ch\/it\/wp-json\/wp\/v2\/tags?post=9673"}],"curies":[{"name":"wp","href":"https:\/\/api.w.org\/{rel}","templated":true}]}}