{"id":9473,"date":"2017-10-09T09:09:35","date_gmt":"2017-10-09T07:09:35","guid":{"rendered":"https:\/\/www.immobilienbusiness.ch\/?p=9473"},"modified":"2017-10-09T09:09:35","modified_gmt":"2017-10-09T07:09:35","slug":"neuer-globus-hauptsitz-zuerich","status":"publish","type":"post","link":"https:\/\/www.immobilienbusiness.ch\/it\/retail\/2017-10-09\/neuer-globus-hauptsitz-zuerich\/","title":{"rendered":"La sede di Globus si trasferisce nel centro di Zurigo"},"content":{"rendered":"<figure id=\"attachment_9474\" aria-describedby=\"caption-attachment-9474\" style=\"width: 900px\" class=\"wp-caption alignnone\"><img loading=\"lazy\" decoding=\"async\" class=\"size-full wp-image-9474\" src=\"https:\/\/www.immobilienbusiness.ch\/wp-content\/uploads\/2017\/10\/IB-News-20171009-Globus-z\u00fcgelt-ins-Z\u00fcrcher-Zentrum.png\" alt=\"\" width=\"900\" height=\"642\" \/><figcaption id=\"caption-attachment-9474\" class=\"wp-caption-text\">I grandi magazzini della Bahnhofstrasse, inaugurati nel 1967 - la sede centrale sar\u00e0 presto situata nelle immediate vicinanze (Immagine: obs\/Magazine zum Globus AG)<\/figcaption><\/figure>\n<p>La futura sede sar\u00e0 situata nelle immediate vicinanze dei grandi magazzini Globus e del flagship store sulla Bahnhofstrasse di Zurigo. I dipendenti dei reparti marketing, acquisti, finanza, digitale e risorse umane si trasferiranno nella Lintheschergasse 7, sopra l'attuale negozio di moda Schild.<\/p>\n<p>Il trasferimento avverr\u00e0 nell'autunno 2018, quando scadr\u00e0 anche il contratto di locazione dell'attuale sede aziendale di Spreitenbach. La data esatta del trasferimento e il progetto dello spazio di lavoro non sono ancora stati decisi. L'amministratore delegato Thomas Herbert ha dichiarato che non ci saranno tagli di posti di lavoro a seguito di questa mossa.<\/p>","protected":false},"excerpt":{"rendered":"<p>La rivista zum Globus AG trasferir\u00e0 la propria sede, con circa 320 dipendenti, da Spreitenbach al centro di Zurigo nell'autunno 2018.<\/p>","protected":false},"author":4,"featured_media":9474,"comment_status":"open","ping_status":"open","sticky":false,"template":"","format":"standard","meta":{"_acf_changed":false,"_yoast_wpseo_focuskw":"Globus","_yoast_wpseo_title":"","_yoast_wpseo_metadesc":"Die Magazine zum Globus AG wird im Herbst 2018 ihre Firmenzentrale mit rund 320 Mitarbeitenden von Spreitenbach in die Z\u00fcrcher Innenstadt verlegen.","_yoast_wpseo_linkdex":69,"pgc_sgb_lightbox_settings":"","footnotes":""},"categories":[987],"tags":[1118,1279,1643,1719,1888],"class_list":["post-9473","post","type-post","status-publish","format-standard","has-post-thumbnail","hentry","category-retail","tag-buero","tag-globus","tag-retail","tag-spreitenbach","tag-zuerich"],"acf":[],"yoast_head":"<!-- This site is optimized with the Yoast SEO plugin v27.5 - https:\/\/yoast.com\/product\/yoast-seo-wordpress\/ -->\n<title>Globus-Hauptsitz z\u00fcgelt ins Z\u00fcrcher Zentrum - IMMOBILIEN Business<\/title>\n<meta name=\"description\" content=\"Die Magazine zum Globus AG wird im Herbst 2018 ihre Firmenzentrale mit rund 320 Mitarbeitenden von Spreitenbach in die Z\u00fcrcher Innenstadt verlegen.\" \/>\n<meta name=\"robots\" content=\"index, follow, max-snippet:-1, max-image-preview:large, max-video-preview:-1\" \/>\n<link rel=\"canonical\" href=\"https:\/\/www.immobilienbusiness.ch\/it\/retail\/2017-10-09\/neuer-globus-hauptsitz-zuerich\/\" \/>\n<meta property=\"og:locale\" content=\"it_IT\" \/>\n<meta property=\"og:type\" content=\"article\" \/>\n<meta property=\"og:title\" content=\"Globus-Hauptsitz z\u00fcgelt ins Z\u00fcrcher Zentrum\" \/>\n<meta property=\"og:description\" content=\"Die Magazine zum Globus AG wird im Herbst 2018 ihre Firmenzentrale mit rund 320 Mitarbeitenden von Spreitenbach in die Z\u00fcrcher Innenstadt verlegen.\" \/>\n<meta property=\"og:url\" content=\"https:\/\/www.immobilienbusiness.ch\/it\/retail\/2017-10-09\/neuer-globus-hauptsitz-zuerich\/\" \/>\n<meta property=\"og:site_name\" content=\"IMMOBILIEN Business\" \/>\n<meta property=\"article:publisher\" content=\"https:\/\/www.facebook.com\/immobilienbusiness\/\" \/>\n<meta property=\"article:published_time\" content=\"2017-10-09T07:09:35+00:00\" \/>\n<meta property=\"og:image\" content=\"https:\/\/www.immobilienbusiness.ch\/wp-content\/uploads\/2017\/10\/IB-News-20171009-Globus-zuegelt-ins-Zuercher-Zentrum.png\" \/>\n\t<meta property=\"og:image:width\" content=\"900\" \/>\n\t<meta property=\"og:image:height\" content=\"642\" \/>\n\t<meta property=\"og:image:type\" content=\"image\/png\" \/>\n<meta name=\"author\" content=\"mathias.rinka\" \/>\n<meta name=\"twitter:card\" content=\"summary_large_image\" \/>\n<meta name=\"twitter:title\" content=\"Globus-Hauptsitz z\u00fcgelt ins Z\u00fcrcher Zentrum\" \/>\n<meta name=\"twitter:description\" content=\"Die Magazine zum Globus AG wird im Herbst 2018 ihre Firmenzentrale mit rund 320 Mitarbeitenden von Spreitenbach in die Z\u00fcrcher Innenstadt verlegen.\" \/>\n<script type=\"application\/ld+json\" class=\"yoast-schema-graph\">{\"@context\":\"https:\\\/\\\/schema.org\",\"@graph\":[{\"@type\":\"Article\",\"@id\":\"https:\\\/\\\/www.immobilienbusiness.ch\\\/en\\\/retail\\\/2017-10-09\\\/neuer-globus-hauptsitz-zuerich\\\/#article\",\"isPartOf\":{\"@id\":\"https:\\\/\\\/www.immobilienbusiness.ch\\\/en\\\/retail\\\/2017-10-09\\\/neuer-globus-hauptsitz-zuerich\\\/\"},\"author\":{\"name\":\"mathias.rinka\",\"@id\":\"https:\\\/\\\/www.immobilienbusiness.ch\\\/#\\\/schema\\\/person\\\/31be7383261ea656cfe52cad71fdc211\"},\"headline\":\"Globus-Hauptsitz z\u00fcgelt ins Z\u00fcrcher Zentrum\",\"datePublished\":\"2017-10-09T07:09:35+00:00\",\"mainEntityOfPage\":{\"@id\":\"https:\\\/\\\/www.immobilienbusiness.ch\\\/en\\\/retail\\\/2017-10-09\\\/neuer-globus-hauptsitz-zuerich\\\/\"},\"wordCount\":124,\"commentCount\":0,\"publisher\":{\"@id\":\"https:\\\/\\\/www.immobilienbusiness.ch\\\/#organization\"},\"image\":{\"@id\":\"https:\\\/\\\/www.immobilienbusiness.ch\\\/en\\\/retail\\\/2017-10-09\\\/neuer-globus-hauptsitz-zuerich\\\/#primaryimage\"},\"thumbnailUrl\":\"https:\\\/\\\/www.immobilienbusiness.ch\\\/wp-content\\\/uploads\\\/2017\\\/10\\\/IB-News-20171009-Globus-zuegelt-ins-Zuercher-Zentrum.png\",\"keywords\":[\"B\u00fcro\",\"Globus\",\"Retail\",\"Spreitenbach\",\"Z\u00fcrich\"],\"articleSection\":[\"RETAIL\"],\"inLanguage\":\"it-IT\"},{\"@type\":\"WebPage\",\"@id\":\"https:\\\/\\\/www.immobilienbusiness.ch\\\/en\\\/retail\\\/2017-10-09\\\/neuer-globus-hauptsitz-zuerich\\\/\",\"url\":\"https:\\\/\\\/www.immobilienbusiness.ch\\\/en\\\/retail\\\/2017-10-09\\\/neuer-globus-hauptsitz-zuerich\\\/\",\"name\":\"Globus-Hauptsitz z\u00fcgelt ins Z\u00fcrcher Zentrum - IMMOBILIEN Business\",\"isPartOf\":{\"@id\":\"https:\\\/\\\/www.immobilienbusiness.ch\\\/#website\"},\"primaryImageOfPage\":{\"@id\":\"https:\\\/\\\/www.immobilienbusiness.ch\\\/en\\\/retail\\\/2017-10-09\\\/neuer-globus-hauptsitz-zuerich\\\/#primaryimage\"},\"image\":{\"@id\":\"https:\\\/\\\/www.immobilienbusiness.ch\\\/en\\\/retail\\\/2017-10-09\\\/neuer-globus-hauptsitz-zuerich\\\/#primaryimage\"},\"thumbnailUrl\":\"https:\\\/\\\/www.immobilienbusiness.ch\\\/wp-content\\\/uploads\\\/2017\\\/10\\\/IB-News-20171009-Globus-zuegelt-ins-Zuercher-Zentrum.png\",\"datePublished\":\"2017-10-09T07:09:35+00:00\",\"description\":\"Die Magazine zum Globus AG wird im Herbst 2018 ihre Firmenzentrale mit rund 320 Mitarbeitenden von Spreitenbach in die Z\u00fcrcher Innenstadt verlegen.\",\"breadcrumb\":{\"@id\":\"https:\\\/\\\/www.immobilienbusiness.ch\\\/en\\\/retail\\\/2017-10-09\\\/neuer-globus-hauptsitz-zuerich\\\/#breadcrumb\"},\"inLanguage\":\"it-IT\",\"potentialAction\":[{\"@type\":\"ReadAction\",\"target\":[\"https:\\\/\\\/www.immobilienbusiness.ch\\\/en\\\/retail\\\/2017-10-09\\\/neuer-globus-hauptsitz-zuerich\\\/\"]}]},{\"@type\":\"ImageObject\",\"inLanguage\":\"it-IT\",\"@id\":\"https:\\\/\\\/www.immobilienbusiness.ch\\\/en\\\/retail\\\/2017-10-09\\\/neuer-globus-hauptsitz-zuerich\\\/#primaryimage\",\"url\":\"https:\\\/\\\/www.immobilienbusiness.ch\\\/wp-content\\\/uploads\\\/2017\\\/10\\\/IB-News-20171009-Globus-zuegelt-ins-Zuercher-Zentrum.png\",\"contentUrl\":\"https:\\\/\\\/www.immobilienbusiness.ch\\\/wp-content\\\/uploads\\\/2017\\\/10\\\/IB-News-20171009-Globus-zuegelt-ins-Zuercher-Zentrum.png\",\"width\":900,\"height\":642,\"caption\":\"Der 1967 neu er\u00f6ffnete Globus Z\u00fcrich Bahnhofstrasse - in unmittelbarer N\u00e4he wird sich bald auch der Globus-Hauptsitz finden (Bild: obs\\\/Magazine zum Globus AG)\"},{\"@type\":\"BreadcrumbList\",\"@id\":\"https:\\\/\\\/www.immobilienbusiness.ch\\\/en\\\/retail\\\/2017-10-09\\\/neuer-globus-hauptsitz-zuerich\\\/#breadcrumb\",\"itemListElement\":[{\"@type\":\"ListItem\",\"position\":1,\"name\":\"Home\",\"item\":\"https:\\\/\\\/www.immobilienbusiness.ch\\\/\"},{\"@type\":\"ListItem\",\"position\":2,\"name\":\"Globus-Hauptsitz z\u00fcgelt ins Z\u00fcrcher Zentrum\"}]},{\"@type\":\"WebSite\",\"@id\":\"https:\\\/\\\/www.immobilienbusiness.ch\\\/#website\",\"url\":\"https:\\\/\\\/www.immobilienbusiness.ch\\\/\",\"name\":\"IMMOBILIEN Business\",\"description\":\"Unabh\u00e4ngiges Schweizer Wirtschaftsmagazin mit Fokus auf Immobilien, Architektur- und Bau sowie Investment- und Finanzierung.\",\"publisher\":{\"@id\":\"https:\\\/\\\/www.immobilienbusiness.ch\\\/#organization\"},\"potentialAction\":[{\"@type\":\"SearchAction\",\"target\":{\"@type\":\"EntryPoint\",\"urlTemplate\":\"https:\\\/\\\/www.immobilienbusiness.ch\\\/?s={search_term_string}\"},\"query-input\":{\"@type\":\"PropertyValueSpecification\",\"valueRequired\":true,\"valueName\":\"search_term_string\"}}],\"inLanguage\":\"it-IT\"},{\"@type\":\"Organization\",\"@id\":\"https:\\\/\\\/www.immobilienbusiness.ch\\\/#organization\",\"name\":\"IMMOBILIEN Business\",\"url\":\"https:\\\/\\\/www.immobilienbusiness.ch\\\/\",\"logo\":{\"@type\":\"ImageObject\",\"inLanguage\":\"it-IT\",\"@id\":\"https:\\\/\\\/www.immobilienbusiness.ch\\\/#\\\/schema\\\/logo\\\/image\\\/\",\"url\":\"https:\\\/\\\/www.immobilienbusiness.ch\\\/wp-content\\\/uploads\\\/2021\\\/07\\\/logo_ib.png\",\"contentUrl\":\"https:\\\/\\\/www.immobilienbusiness.ch\\\/wp-content\\\/uploads\\\/2021\\\/07\\\/logo_ib.png\",\"width\":800,\"height\":181,\"caption\":\"IMMOBILIEN Business\"},\"image\":{\"@id\":\"https:\\\/\\\/www.immobilienbusiness.ch\\\/#\\\/schema\\\/logo\\\/image\\\/\"},\"sameAs\":[\"https:\\\/\\\/www.facebook.com\\\/immobilienbusiness\\\/\"]},{\"@type\":\"Person\",\"@id\":\"https:\\\/\\\/www.immobilienbusiness.ch\\\/#\\\/schema\\\/person\\\/31be7383261ea656cfe52cad71fdc211\",\"name\":\"mathias.rinka\",\"image\":{\"@type\":\"ImageObject\",\"inLanguage\":\"it-IT\",\"@id\":\"https:\\\/\\\/secure.gravatar.com\\\/avatar\\\/?s=96&d=mm&r=g\",\"url\":\"https:\\\/\\\/secure.gravatar.com\\\/avatar\\\/?s=96&d=mm&r=g\",\"contentUrl\":\"https:\\\/\\\/secure.gravatar.com\\\/avatar\\\/?s=96&d=mm&r=g\",\"caption\":\"mathias.rinka\"},\"url\":\"https:\\\/\\\/www.immobilienbusiness.ch\\\/it\\\/author\\\/mathias-rinka\\\/\"}]}<\/script>\n<!-- \/ Yoast SEO plugin. -->","yoast_head_json":{"title":"Globus-Hauptsitz z\u00fcgelt ins Z\u00fcrcher Zentrum - IMMOBILIEN Business","description":"La rivista zum Globus AG trasferir\u00e0 la propria sede, con circa 320 dipendenti, da Spreitenbach al centro di Zurigo nell'autunno 2018.","robots":{"index":"index","follow":"follow","max-snippet":"max-snippet:-1","max-image-preview":"max-image-preview:large","max-video-preview":"max-video-preview:-1"},"canonical":"https:\/\/www.immobilienbusiness.ch\/it\/retail\/2017-10-09\/neuer-globus-hauptsitz-zuerich\/","og_locale":"it_IT","og_type":"article","og_title":"Globus-Hauptsitz z\u00fcgelt ins Z\u00fcrcher Zentrum","og_description":"Die Magazine zum Globus AG wird im Herbst 2018 ihre Firmenzentrale mit rund 320 Mitarbeitenden von Spreitenbach in die Z\u00fcrcher Innenstadt verlegen.","og_url":"https:\/\/www.immobilienbusiness.ch\/it\/retail\/2017-10-09\/neuer-globus-hauptsitz-zuerich\/","og_site_name":"IMMOBILIEN Business","article_publisher":"https:\/\/www.facebook.com\/immobilienbusiness\/","article_published_time":"2017-10-09T07:09:35+00:00","og_image":[{"width":900,"height":642,"url":"https:\/\/www.immobilienbusiness.ch\/wp-content\/uploads\/2017\/10\/IB-News-20171009-Globus-zuegelt-ins-Zuercher-Zentrum.png","type":"image\/png"}],"author":"mathias.rinka","twitter_card":"summary_large_image","twitter_title":"Globus-Hauptsitz z\u00fcgelt ins Z\u00fcrcher Zentrum","twitter_description":"Die Magazine zum Globus AG wird im Herbst 2018 ihre Firmenzentrale mit rund 320 Mitarbeitenden von Spreitenbach in die Z\u00fcrcher Innenstadt verlegen.","schema":{"@context":"https:\/\/schema.org","@graph":[{"@type":"Article","@id":"https:\/\/www.immobilienbusiness.ch\/en\/retail\/2017-10-09\/neuer-globus-hauptsitz-zuerich\/#article","isPartOf":{"@id":"https:\/\/www.immobilienbusiness.ch\/en\/retail\/2017-10-09\/neuer-globus-hauptsitz-zuerich\/"},"author":{"name":"mathias.rinka","@id":"https:\/\/www.immobilienbusiness.ch\/#\/schema\/person\/31be7383261ea656cfe52cad71fdc211"},"headline":"Globus-Hauptsitz z\u00fcgelt ins Z\u00fcrcher Zentrum","datePublished":"2017-10-09T07:09:35+00:00","mainEntityOfPage":{"@id":"https:\/\/www.immobilienbusiness.ch\/en\/retail\/2017-10-09\/neuer-globus-hauptsitz-zuerich\/"},"wordCount":124,"commentCount":0,"publisher":{"@id":"https:\/\/www.immobilienbusiness.ch\/#organization"},"image":{"@id":"https:\/\/www.immobilienbusiness.ch\/en\/retail\/2017-10-09\/neuer-globus-hauptsitz-zuerich\/#primaryimage"},"thumbnailUrl":"https:\/\/www.immobilienbusiness.ch\/wp-content\/uploads\/2017\/10\/IB-News-20171009-Globus-zuegelt-ins-Zuercher-Zentrum.png","keywords":["B\u00fcro","Globus","Retail","Spreitenbach","Z\u00fcrich"],"articleSection":["RETAIL"],"inLanguage":"it-IT"},{"@type":"WebPage","@id":"https:\/\/www.immobilienbusiness.ch\/en\/retail\/2017-10-09\/neuer-globus-hauptsitz-zuerich\/","url":"https:\/\/www.immobilienbusiness.ch\/en\/retail\/2017-10-09\/neuer-globus-hauptsitz-zuerich\/","name":"Globus-Hauptsitz z\u00fcgelt ins Z\u00fcrcher Zentrum - IMMOBILIEN Business","isPartOf":{"@id":"https:\/\/www.immobilienbusiness.ch\/#website"},"primaryImageOfPage":{"@id":"https:\/\/www.immobilienbusiness.ch\/en\/retail\/2017-10-09\/neuer-globus-hauptsitz-zuerich\/#primaryimage"},"image":{"@id":"https:\/\/www.immobilienbusiness.ch\/en\/retail\/2017-10-09\/neuer-globus-hauptsitz-zuerich\/#primaryimage"},"thumbnailUrl":"https:\/\/www.immobilienbusiness.ch\/wp-content\/uploads\/2017\/10\/IB-News-20171009-Globus-zuegelt-ins-Zuercher-Zentrum.png","datePublished":"2017-10-09T07:09:35+00:00","description":"La rivista zum Globus AG trasferir\u00e0 la propria sede, con circa 320 dipendenti, da Spreitenbach al centro di Zurigo nell'autunno 2018.","breadcrumb":{"@id":"https:\/\/www.immobilienbusiness.ch\/en\/retail\/2017-10-09\/neuer-globus-hauptsitz-zuerich\/#breadcrumb"},"inLanguage":"it-IT","potentialAction":[{"@type":"ReadAction","target":["https:\/\/www.immobilienbusiness.ch\/en\/retail\/2017-10-09\/neuer-globus-hauptsitz-zuerich\/"]}]},{"@type":"ImageObject","inLanguage":"it-IT","@id":"https:\/\/www.immobilienbusiness.ch\/en\/retail\/2017-10-09\/neuer-globus-hauptsitz-zuerich\/#primaryimage","url":"https:\/\/www.immobilienbusiness.ch\/wp-content\/uploads\/2017\/10\/IB-News-20171009-Globus-zuegelt-ins-Zuercher-Zentrum.png","contentUrl":"https:\/\/www.immobilienbusiness.ch\/wp-content\/uploads\/2017\/10\/IB-News-20171009-Globus-zuegelt-ins-Zuercher-Zentrum.png","width":900,"height":642,"caption":"Der 1967 neu er\u00f6ffnete Globus Z\u00fcrich Bahnhofstrasse - in unmittelbarer N\u00e4he wird sich bald auch der Globus-Hauptsitz finden (Bild: obs\/Magazine zum Globus AG)"},{"@type":"BreadcrumbList","@id":"https:\/\/www.immobilienbusiness.ch\/en\/retail\/2017-10-09\/neuer-globus-hauptsitz-zuerich\/#breadcrumb","itemListElement":[{"@type":"ListItem","position":1,"name":"Home","item":"https:\/\/www.immobilienbusiness.ch\/"},{"@type":"ListItem","position":2,"name":"Globus-Hauptsitz z\u00fcgelt ins Z\u00fcrcher Zentrum"}]},{"@type":"WebSite","@id":"https:\/\/www.immobilienbusiness.ch\/#website","url":"https:\/\/www.immobilienbusiness.ch\/","name":"Affari immobiliari","description":"Rivista economica indipendente svizzera che si concentra sul settore immobiliare, l'architettura e la costruzione, nonch\u00e9 sugli investimenti e i finanziamenti.","publisher":{"@id":"https:\/\/www.immobilienbusiness.ch\/#organization"},"potentialAction":[{"@type":"SearchAction","target":{"@type":"EntryPoint","urlTemplate":"https:\/\/www.immobilienbusiness.ch\/?s={search_term_string}"},"query-input":{"@type":"PropertyValueSpecification","valueRequired":true,"valueName":"search_term_string"}}],"inLanguage":"it-IT"},{"@type":"Organization","@id":"https:\/\/www.immobilienbusiness.ch\/#organization","name":"Affari immobiliari","url":"https:\/\/www.immobilienbusiness.ch\/","logo":{"@type":"ImageObject","inLanguage":"it-IT","@id":"https:\/\/www.immobilienbusiness.ch\/#\/schema\/logo\/image\/","url":"https:\/\/www.immobilienbusiness.ch\/wp-content\/uploads\/2021\/07\/logo_ib.png","contentUrl":"https:\/\/www.immobilienbusiness.ch\/wp-content\/uploads\/2021\/07\/logo_ib.png","width":800,"height":181,"caption":"IMMOBILIEN Business"},"image":{"@id":"https:\/\/www.immobilienbusiness.ch\/#\/schema\/logo\/image\/"},"sameAs":["https:\/\/www.facebook.com\/immobilienbusiness\/"]},{"@type":"Person","@id":"https:\/\/www.immobilienbusiness.ch\/#\/schema\/person\/31be7383261ea656cfe52cad71fdc211","name":"mathias.rinka","image":{"@type":"ImageObject","inLanguage":"it-IT","@id":"https:\/\/secure.gravatar.com\/avatar\/?s=96&d=mm&r=g","url":"https:\/\/secure.gravatar.com\/avatar\/?s=96&d=mm&r=g","contentUrl":"https:\/\/secure.gravatar.com\/avatar\/?s=96&d=mm&r=g","caption":"mathias.rinka"},"url":"https:\/\/www.immobilienbusiness.ch\/it\/author\/mathias-rinka\/"}]}},"_links":{"self":[{"href":"https:\/\/www.immobilienbusiness.ch\/it\/wp-json\/wp\/v2\/posts\/9473","targetHints":{"allow":["GET"]}}],"collection":[{"href":"https:\/\/www.immobilienbusiness.ch\/it\/wp-json\/wp\/v2\/posts"}],"about":[{"href":"https:\/\/www.immobilienbusiness.ch\/it\/wp-json\/wp\/v2\/types\/post"}],"author":[{"embeddable":true,"href":"https:\/\/www.immobilienbusiness.ch\/it\/wp-json\/wp\/v2\/users\/4"}],"replies":[{"embeddable":true,"href":"https:\/\/www.immobilienbusiness.ch\/it\/wp-json\/wp\/v2\/comments?post=9473"}],"version-history":[{"count":0,"href":"https:\/\/www.immobilienbusiness.ch\/it\/wp-json\/wp\/v2\/posts\/9473\/revisions"}],"wp:featuredmedia":[{"embeddable":true,"href":"https:\/\/www.immobilienbusiness.ch\/it\/wp-json\/wp\/v2\/media\/9474"}],"wp:attachment":[{"href":"https:\/\/www.immobilienbusiness.ch\/it\/wp-json\/wp\/v2\/media?parent=9473"}],"wp:term":[{"taxonomy":"category","embeddable":true,"href":"https:\/\/www.immobilienbusiness.ch\/it\/wp-json\/wp\/v2\/categories?post=9473"},{"taxonomy":"post_tag","embeddable":true,"href":"https:\/\/www.immobilienbusiness.ch\/it\/wp-json\/wp\/v2\/tags?post=9473"}],"curies":[{"name":"wp","href":"https:\/\/api.w.org\/{rel}","templated":true}]}}