{"id":9338,"date":"2017-09-27T08:59:19","date_gmt":"2017-09-27T06:59:19","guid":{"rendered":"https:\/\/www.immobilienbusiness.ch\/?p=9338"},"modified":"2017-09-27T08:59:19","modified_gmt":"2017-09-27T06:59:19","slug":"corestate-kauft-wiener-micro-living-projekt","status":"publish","type":"post","link":"https:\/\/www.immobilienbusiness.ch\/it\/unternehmen\/2017-09-27\/corestate-kauft-wiener-micro-living-projekt\/","title":{"rendered":"Corestate compra il progetto Vienna Micro Living"},"content":{"rendered":"<figure id=\"attachment_9339\" aria-describedby=\"caption-attachment-9339\" style=\"width: 999px\" class=\"wp-caption alignnone\"><img loading=\"lazy\" decoding=\"async\" class=\"size-full wp-image-9339\" src=\"https:\/\/www.immobilienbusiness.ch\/wp-content\/uploads\/2017\/09\/IB-News-20170927-Corestate-kauft-im-Quartier-Belvedere-Central-Wien-c-UBM-Development-ZOOM-VP.AT_.jpg\" alt=\"\" width=\"999\" height=\"666\" srcset=\"https:\/\/www.immobilienbusiness.ch\/wp-content\/uploads\/2017\/09\/IB-News-20170927-Corestate-kauft-im-Quartier-Belvedere-Central-Wien-c-UBM-Development-ZOOM-VP.AT_.jpg 999w, https:\/\/www.immobilienbusiness.ch\/wp-content\/uploads\/2017\/09\/IB-News-20170927-Corestate-kauft-im-Quartier-Belvedere-Central-Wien-c-UBM-Development-ZOOM-VP.AT_-300x200.jpg 300w, https:\/\/www.immobilienbusiness.ch\/wp-content\/uploads\/2017\/09\/IB-News-20170927-Corestate-kauft-im-Quartier-Belvedere-Central-Wien-c-UBM-Development-ZOOM-VP.AT_-768x512.jpg 768w, https:\/\/www.immobilienbusiness.ch\/wp-content\/uploads\/2017\/09\/IB-News-20170927-Corestate-kauft-im-Quartier-Belvedere-Central-Wien-c-UBM-Development-ZOOM-VP.AT_-16x12.jpg 16w, https:\/\/www.immobilienbusiness.ch\/wp-content\/uploads\/2017\/09\/IB-News-20170927-Corestate-kauft-im-Quartier-Belvedere-Central-Wien-c-UBM-Development-ZOOM-VP.AT_-263x175.jpg 263w, https:\/\/www.immobilienbusiness.ch\/wp-content\/uploads\/2017\/09\/IB-News-20170927-Corestate-kauft-im-Quartier-Belvedere-Central-Wien-c-UBM-Development-ZOOM-VP.AT_-525x350.jpg 525w, https:\/\/www.immobilienbusiness.ch\/wp-content\/uploads\/2017\/09\/IB-News-20170927-Corestate-kauft-im-Quartier-Belvedere-Central-Wien-c-UBM-Development-ZOOM-VP.AT_-920x613.jpg 920w\" sizes=\"auto, (max-width: 999px) 100vw, 999px\" \/><figcaption id=\"caption-attachment-9339\" class=\"wp-caption-text\">La propriet\u00e0 acquistata da Corestate si trova nel nuovo QBC di Vienna - Quartier Belvedere Central (Visualizzazione: UBM Development\/ZOOM-VP.AT)<\/figcaption><\/figure>\n<p>Corestate Capital sta acquisendo il progetto \"QBC 6.2.\", che sar\u00e0 completato nel secondo trimestre del 2019, per 27 milioni di euro attraverso una cosiddetta struttura di \"finanziamento a termine\" (pagamento in base al progresso della costruzione). La propriet\u00e0 si trova nel \"Quartier Belvedere Central\", un nuovo quartiere viennese con propriet\u00e0 di uffici, residenziali e hotel direttamente alla stazione ferroviaria principale. La propriet\u00e0 completata con una superficie totale di circa 8.600 mq sar\u00e0 gestita dalla filiale di Corestate Upartments Real Estate GmbH.<\/p>\n<p><strong>Il terzo progetto di micro-appartamenti di Corestate<\/strong><\/p>\n<p>Questo \u00e8 gi\u00e0 il terzo progetto in cui Corestate investe a Vienna. Nell'autunno 2015, la societ\u00e0 lussemburghese ha inaugurato il nuovo progetto di costruzione \"Linked Living\", che, con 589 micro-appartamenti completamente arredati, \u00e8 stato considerato il pi\u00f9 grande edificio residenziale per studenti nella capitale austriaca. Per un fondo individuale recentemente lanciato nel settore degli appartamenti serviti con un volume target di almeno 200 milioni, una delle tre torri residenziali del nuovo progetto di costruzione \"TRIIIPLE\" \u00e8 anche il primo investimento immobiliare.<\/p>\n<p>Corestate \u00e8 un gestore di investimenti e co-investitore con circa 20 miliardi di attivit\u00e0 in gestione. La societ\u00e0 ha sede in Lussemburgo e ha altri 29 uffici, tra cui Francoforte sul Meno, Londra, Madrid, Singapore e Zurigo. L'azienda impiega oltre 470 persone ed \u00e8 quotata alla Borsa di Francoforte (Scale).<\/p>\n<p><strong>Focus sull'espansione in Europa<\/strong><\/p>\n<p>\"Continueremo a concentrarci sul megatrend dell'urbanizzazione in futuro. Nell'alloggio per studenti siamo stati i primi a muoversi in Germania, e nel micro living siamo tra i partecipanti pi\u00f9 attivi del mercato. I nostri progetti in Austria mostrano una forte domanda in altri paesi europei. Un'espansione nei mercati europei non \u00e8 stata pianificata finora, ma la spingeremo con forza in futuro\", annuncia il CIO di Corestate Thomas Landschreiber.<\/p>\n<p>Secondo le proprie informazioni, la UBM Development AG si concentra strategicamente sulle tre classi di attivit\u00e0 di hotel, uffici e residenziale e sui tre mercati principali di Germania, Austria e Polonia. Le azioni UBM sono passate al segmento Prime Market della Borsa di Vienna nell'agosto 2016.<\/p>","protected":false},"excerpt":{"rendered":"<p>Corestate Capital ha acquisito un micro progetto abitativo a Vienna dall'austriaca UBM Development AG. Comprende 131 appartamenti serviti completamente arredati.<\/p>","protected":false},"author":4,"featured_media":9339,"comment_status":"open","ping_status":"open","sticky":false,"template":"","format":"standard","meta":{"_acf_changed":false,"_yoast_wpseo_focuskw":"Corestate","_yoast_wpseo_title":"","_yoast_wpseo_metadesc":"Corestate Capital hat in Wien ein Micro Living Projekt mit 131 voll m\u00f6blierten Apartments von der \u00f6sterreichischen UBM Development AG erworben.","_yoast_wpseo_linkdex":79,"pgc_sgb_lightbox_settings":"","footnotes":""},"categories":[988],"tags":[1052,1142,1348,1497,1548,1795,1856,1864],"class_list":["post-9338","post","type-post","status-publish","format-standard","has-post-thumbnail","hentry","category-unternehmen","tag-ausland","tag-corestate","tag-immobilienkauf","tag-mikro-apartments","tag-oesterreich","tag-ubm-development","tag-wien","tag-wohnliegenschaften"],"acf":[],"yoast_head":"<!-- This site is optimized with the Yoast SEO plugin v27.5 - https:\/\/yoast.com\/product\/yoast-seo-wordpress\/ -->\n<title>Corestate kauft Wiener Micro Living Projekt - IMMOBILIEN Business<\/title>\n<meta name=\"description\" content=\"Corestate Capital hat in Wien ein Micro Living Projekt mit 131 voll m\u00f6blierten Apartments von der \u00f6sterreichischen UBM Development AG erworben.\" \/>\n<meta name=\"robots\" content=\"index, follow, max-snippet:-1, max-image-preview:large, max-video-preview:-1\" \/>\n<link rel=\"canonical\" href=\"https:\/\/www.immobilienbusiness.ch\/it\/unternehmen\/2017-09-27\/corestate-kauft-wiener-micro-living-projekt\/\" \/>\n<meta property=\"og:locale\" content=\"it_IT\" \/>\n<meta property=\"og:type\" content=\"article\" \/>\n<meta property=\"og:title\" content=\"Corestate kauft Wiener Micro Living Projekt\" \/>\n<meta property=\"og:description\" content=\"Corestate Capital hat in Wien ein Micro Living Projekt mit 131 voll m\u00f6blierten Apartments von der \u00f6sterreichischen UBM Development AG erworben.\" \/>\n<meta property=\"og:url\" content=\"https:\/\/www.immobilienbusiness.ch\/it\/unternehmen\/2017-09-27\/corestate-kauft-wiener-micro-living-projekt\/\" \/>\n<meta property=\"og:site_name\" content=\"IMMOBILIEN Business\" \/>\n<meta property=\"article:publisher\" content=\"https:\/\/www.facebook.com\/immobilienbusiness\/\" \/>\n<meta property=\"article:published_time\" content=\"2017-09-27T06:59:19+00:00\" \/>\n<meta property=\"og:image\" content=\"https:\/\/www.immobilienbusiness.ch\/wp-content\/uploads\/2017\/09\/IB-News-20170927-Corestate-kauft-im-Quartier-Belvedere-Central-Wien-c-UBM-Development-ZOOM-VP.AT_.jpg\" \/>\n\t<meta property=\"og:image:width\" content=\"999\" \/>\n\t<meta property=\"og:image:height\" content=\"666\" \/>\n\t<meta property=\"og:image:type\" content=\"image\/jpeg\" \/>\n<meta name=\"author\" content=\"mathias.rinka\" \/>\n<meta name=\"twitter:card\" content=\"summary_large_image\" \/>\n<meta name=\"twitter:title\" content=\"Corestate kauft Wiener Micro Living Projekt\" \/>\n<meta name=\"twitter:description\" content=\"Corestate Capital hat in Wien ein Micro Living Projekt mit 131 voll m\u00f6blierten Apartments von der \u00f6sterreichischen UBM Development AG erworben.\" \/>\n<script type=\"application\/ld+json\" class=\"yoast-schema-graph\">{\"@context\":\"https:\\\/\\\/schema.org\",\"@graph\":[{\"@type\":\"Article\",\"@id\":\"https:\\\/\\\/www.immobilienbusiness.ch\\\/fr\\\/unternehmen\\\/2017-09-27\\\/corestate-kauft-wiener-micro-living-projekt\\\/#article\",\"isPartOf\":{\"@id\":\"https:\\\/\\\/www.immobilienbusiness.ch\\\/fr\\\/unternehmen\\\/2017-09-27\\\/corestate-kauft-wiener-micro-living-projekt\\\/\"},\"author\":{\"name\":\"mathias.rinka\",\"@id\":\"https:\\\/\\\/www.immobilienbusiness.ch\\\/#\\\/schema\\\/person\\\/31be7383261ea656cfe52cad71fdc211\"},\"headline\":\"Corestate kauft Wiener Micro Living Projekt\",\"datePublished\":\"2017-09-27T06:59:19+00:00\",\"mainEntityOfPage\":{\"@id\":\"https:\\\/\\\/www.immobilienbusiness.ch\\\/fr\\\/unternehmen\\\/2017-09-27\\\/corestate-kauft-wiener-micro-living-projekt\\\/\"},\"wordCount\":345,\"commentCount\":0,\"publisher\":{\"@id\":\"https:\\\/\\\/www.immobilienbusiness.ch\\\/#organization\"},\"image\":{\"@id\":\"https:\\\/\\\/www.immobilienbusiness.ch\\\/fr\\\/unternehmen\\\/2017-09-27\\\/corestate-kauft-wiener-micro-living-projekt\\\/#primaryimage\"},\"thumbnailUrl\":\"https:\\\/\\\/www.immobilienbusiness.ch\\\/wp-content\\\/uploads\\\/2017\\\/09\\\/IB-News-20170927-Corestate-kauft-im-Quartier-Belvedere-Central-Wien-c-UBM-Development-ZOOM-VP.AT_.jpg\",\"keywords\":[\"Ausland\",\"Corestate\",\"Immobilienkauf\",\"Mikro-Apartments\",\"\u00d6sterreich\",\"UBM Development\",\"Wien\",\"Wohnliegenschaften\"],\"articleSection\":[\"UNTERNEHMEN\"],\"inLanguage\":\"it-IT\"},{\"@type\":\"WebPage\",\"@id\":\"https:\\\/\\\/www.immobilienbusiness.ch\\\/fr\\\/unternehmen\\\/2017-09-27\\\/corestate-kauft-wiener-micro-living-projekt\\\/\",\"url\":\"https:\\\/\\\/www.immobilienbusiness.ch\\\/fr\\\/unternehmen\\\/2017-09-27\\\/corestate-kauft-wiener-micro-living-projekt\\\/\",\"name\":\"Corestate kauft Wiener Micro Living Projekt - IMMOBILIEN Business\",\"isPartOf\":{\"@id\":\"https:\\\/\\\/www.immobilienbusiness.ch\\\/#website\"},\"primaryImageOfPage\":{\"@id\":\"https:\\\/\\\/www.immobilienbusiness.ch\\\/fr\\\/unternehmen\\\/2017-09-27\\\/corestate-kauft-wiener-micro-living-projekt\\\/#primaryimage\"},\"image\":{\"@id\":\"https:\\\/\\\/www.immobilienbusiness.ch\\\/fr\\\/unternehmen\\\/2017-09-27\\\/corestate-kauft-wiener-micro-living-projekt\\\/#primaryimage\"},\"thumbnailUrl\":\"https:\\\/\\\/www.immobilienbusiness.ch\\\/wp-content\\\/uploads\\\/2017\\\/09\\\/IB-News-20170927-Corestate-kauft-im-Quartier-Belvedere-Central-Wien-c-UBM-Development-ZOOM-VP.AT_.jpg\",\"datePublished\":\"2017-09-27T06:59:19+00:00\",\"description\":\"Corestate Capital hat in Wien ein Micro Living Projekt mit 131 voll m\u00f6blierten Apartments von der \u00f6sterreichischen UBM Development AG erworben.\",\"breadcrumb\":{\"@id\":\"https:\\\/\\\/www.immobilienbusiness.ch\\\/fr\\\/unternehmen\\\/2017-09-27\\\/corestate-kauft-wiener-micro-living-projekt\\\/#breadcrumb\"},\"inLanguage\":\"it-IT\",\"potentialAction\":[{\"@type\":\"ReadAction\",\"target\":[\"https:\\\/\\\/www.immobilienbusiness.ch\\\/fr\\\/unternehmen\\\/2017-09-27\\\/corestate-kauft-wiener-micro-living-projekt\\\/\"]}]},{\"@type\":\"ImageObject\",\"inLanguage\":\"it-IT\",\"@id\":\"https:\\\/\\\/www.immobilienbusiness.ch\\\/fr\\\/unternehmen\\\/2017-09-27\\\/corestate-kauft-wiener-micro-living-projekt\\\/#primaryimage\",\"url\":\"https:\\\/\\\/www.immobilienbusiness.ch\\\/wp-content\\\/uploads\\\/2017\\\/09\\\/IB-News-20170927-Corestate-kauft-im-Quartier-Belvedere-Central-Wien-c-UBM-Development-ZOOM-VP.AT_.jpg\",\"contentUrl\":\"https:\\\/\\\/www.immobilienbusiness.ch\\\/wp-content\\\/uploads\\\/2017\\\/09\\\/IB-News-20170927-Corestate-kauft-im-Quartier-Belvedere-Central-Wien-c-UBM-Development-ZOOM-VP.AT_.jpg\",\"width\":999,\"height\":666,\"caption\":\"Das Kaufobjekt befindet sich im neuen Wiener QBC - Quartier Belvedere Central (Visualisierung: UBM Development\\\/ZOOM-VP.AT)\"},{\"@type\":\"BreadcrumbList\",\"@id\":\"https:\\\/\\\/www.immobilienbusiness.ch\\\/fr\\\/unternehmen\\\/2017-09-27\\\/corestate-kauft-wiener-micro-living-projekt\\\/#breadcrumb\",\"itemListElement\":[{\"@type\":\"ListItem\",\"position\":1,\"name\":\"Home\",\"item\":\"https:\\\/\\\/www.immobilienbusiness.ch\\\/\"},{\"@type\":\"ListItem\",\"position\":2,\"name\":\"Corestate kauft Wiener Micro Living Projekt\"}]},{\"@type\":\"WebSite\",\"@id\":\"https:\\\/\\\/www.immobilienbusiness.ch\\\/#website\",\"url\":\"https:\\\/\\\/www.immobilienbusiness.ch\\\/\",\"name\":\"IMMOBILIEN Business\",\"description\":\"Unabh\u00e4ngiges Schweizer Wirtschaftsmagazin mit Fokus auf Immobilien, Architektur- und Bau sowie Investment- und Finanzierung.\",\"publisher\":{\"@id\":\"https:\\\/\\\/www.immobilienbusiness.ch\\\/#organization\"},\"potentialAction\":[{\"@type\":\"SearchAction\",\"target\":{\"@type\":\"EntryPoint\",\"urlTemplate\":\"https:\\\/\\\/www.immobilienbusiness.ch\\\/?s={search_term_string}\"},\"query-input\":{\"@type\":\"PropertyValueSpecification\",\"valueRequired\":true,\"valueName\":\"search_term_string\"}}],\"inLanguage\":\"it-IT\"},{\"@type\":\"Organization\",\"@id\":\"https:\\\/\\\/www.immobilienbusiness.ch\\\/#organization\",\"name\":\"IMMOBILIEN Business\",\"url\":\"https:\\\/\\\/www.immobilienbusiness.ch\\\/\",\"logo\":{\"@type\":\"ImageObject\",\"inLanguage\":\"it-IT\",\"@id\":\"https:\\\/\\\/www.immobilienbusiness.ch\\\/#\\\/schema\\\/logo\\\/image\\\/\",\"url\":\"https:\\\/\\\/www.immobilienbusiness.ch\\\/wp-content\\\/uploads\\\/2021\\\/07\\\/logo_ib.png\",\"contentUrl\":\"https:\\\/\\\/www.immobilienbusiness.ch\\\/wp-content\\\/uploads\\\/2021\\\/07\\\/logo_ib.png\",\"width\":800,\"height\":181,\"caption\":\"IMMOBILIEN Business\"},\"image\":{\"@id\":\"https:\\\/\\\/www.immobilienbusiness.ch\\\/#\\\/schema\\\/logo\\\/image\\\/\"},\"sameAs\":[\"https:\\\/\\\/www.facebook.com\\\/immobilienbusiness\\\/\"]},{\"@type\":\"Person\",\"@id\":\"https:\\\/\\\/www.immobilienbusiness.ch\\\/#\\\/schema\\\/person\\\/31be7383261ea656cfe52cad71fdc211\",\"name\":\"mathias.rinka\",\"image\":{\"@type\":\"ImageObject\",\"inLanguage\":\"it-IT\",\"@id\":\"https:\\\/\\\/secure.gravatar.com\\\/avatar\\\/?s=96&d=mm&r=g\",\"url\":\"https:\\\/\\\/secure.gravatar.com\\\/avatar\\\/?s=96&d=mm&r=g\",\"contentUrl\":\"https:\\\/\\\/secure.gravatar.com\\\/avatar\\\/?s=96&d=mm&r=g\",\"caption\":\"mathias.rinka\"},\"url\":\"https:\\\/\\\/www.immobilienbusiness.ch\\\/it\\\/author\\\/mathias-rinka\\\/\"}]}<\/script>\n<!-- \/ Yoast SEO plugin. -->","yoast_head_json":{"title":"Corestate acquista il progetto viennese di microabitazione - IMMOBILIEN Business","description":"Corestate Capital ha acquisito un progetto di micro-abitazione a Vienna con 131 appartamenti completamente arredati dalla societ\u00e0 austriaca UBM Development AG.","robots":{"index":"index","follow":"follow","max-snippet":"max-snippet:-1","max-image-preview":"max-image-preview:large","max-video-preview":"max-video-preview:-1"},"canonical":"https:\/\/www.immobilienbusiness.ch\/it\/unternehmen\/2017-09-27\/corestate-kauft-wiener-micro-living-projekt\/","og_locale":"it_IT","og_type":"article","og_title":"Corestate kauft Wiener Micro Living Projekt","og_description":"Corestate Capital hat in Wien ein Micro Living Projekt mit 131 voll m\u00f6blierten Apartments von der \u00f6sterreichischen UBM Development AG erworben.","og_url":"https:\/\/www.immobilienbusiness.ch\/it\/unternehmen\/2017-09-27\/corestate-kauft-wiener-micro-living-projekt\/","og_site_name":"IMMOBILIEN Business","article_publisher":"https:\/\/www.facebook.com\/immobilienbusiness\/","article_published_time":"2017-09-27T06:59:19+00:00","og_image":[{"width":999,"height":666,"url":"https:\/\/www.immobilienbusiness.ch\/wp-content\/uploads\/2017\/09\/IB-News-20170927-Corestate-kauft-im-Quartier-Belvedere-Central-Wien-c-UBM-Development-ZOOM-VP.AT_.jpg","type":"image\/jpeg"}],"author":"mathias.rinka","twitter_card":"summary_large_image","twitter_title":"Corestate kauft Wiener Micro Living Projekt","twitter_description":"Corestate Capital hat in Wien ein Micro Living Projekt mit 131 voll m\u00f6blierten Apartments von der \u00f6sterreichischen UBM Development AG erworben.","schema":{"@context":"https:\/\/schema.org","@graph":[{"@type":"Article","@id":"https:\/\/www.immobilienbusiness.ch\/fr\/unternehmen\/2017-09-27\/corestate-kauft-wiener-micro-living-projekt\/#article","isPartOf":{"@id":"https:\/\/www.immobilienbusiness.ch\/fr\/unternehmen\/2017-09-27\/corestate-kauft-wiener-micro-living-projekt\/"},"author":{"name":"mathias.rinka","@id":"https:\/\/www.immobilienbusiness.ch\/#\/schema\/person\/31be7383261ea656cfe52cad71fdc211"},"headline":"Corestate kauft Wiener Micro Living Projekt","datePublished":"2017-09-27T06:59:19+00:00","mainEntityOfPage":{"@id":"https:\/\/www.immobilienbusiness.ch\/fr\/unternehmen\/2017-09-27\/corestate-kauft-wiener-micro-living-projekt\/"},"wordCount":345,"commentCount":0,"publisher":{"@id":"https:\/\/www.immobilienbusiness.ch\/#organization"},"image":{"@id":"https:\/\/www.immobilienbusiness.ch\/fr\/unternehmen\/2017-09-27\/corestate-kauft-wiener-micro-living-projekt\/#primaryimage"},"thumbnailUrl":"https:\/\/www.immobilienbusiness.ch\/wp-content\/uploads\/2017\/09\/IB-News-20170927-Corestate-kauft-im-Quartier-Belvedere-Central-Wien-c-UBM-Development-ZOOM-VP.AT_.jpg","keywords":["Ausland","Corestate","Immobilienkauf","Mikro-Apartments","\u00d6sterreich","UBM Development","Wien","Wohnliegenschaften"],"articleSection":["UNTERNEHMEN"],"inLanguage":"it-IT"},{"@type":"WebPage","@id":"https:\/\/www.immobilienbusiness.ch\/fr\/unternehmen\/2017-09-27\/corestate-kauft-wiener-micro-living-projekt\/","url":"https:\/\/www.immobilienbusiness.ch\/fr\/unternehmen\/2017-09-27\/corestate-kauft-wiener-micro-living-projekt\/","name":"Corestate acquista il progetto viennese di microabitazione - IMMOBILIEN Business","isPartOf":{"@id":"https:\/\/www.immobilienbusiness.ch\/#website"},"primaryImageOfPage":{"@id":"https:\/\/www.immobilienbusiness.ch\/fr\/unternehmen\/2017-09-27\/corestate-kauft-wiener-micro-living-projekt\/#primaryimage"},"image":{"@id":"https:\/\/www.immobilienbusiness.ch\/fr\/unternehmen\/2017-09-27\/corestate-kauft-wiener-micro-living-projekt\/#primaryimage"},"thumbnailUrl":"https:\/\/www.immobilienbusiness.ch\/wp-content\/uploads\/2017\/09\/IB-News-20170927-Corestate-kauft-im-Quartier-Belvedere-Central-Wien-c-UBM-Development-ZOOM-VP.AT_.jpg","datePublished":"2017-09-27T06:59:19+00:00","description":"Corestate Capital ha acquisito un progetto di micro-abitazione a Vienna con 131 appartamenti completamente arredati dalla societ\u00e0 austriaca UBM Development AG.","breadcrumb":{"@id":"https:\/\/www.immobilienbusiness.ch\/fr\/unternehmen\/2017-09-27\/corestate-kauft-wiener-micro-living-projekt\/#breadcrumb"},"inLanguage":"it-IT","potentialAction":[{"@type":"ReadAction","target":["https:\/\/www.immobilienbusiness.ch\/fr\/unternehmen\/2017-09-27\/corestate-kauft-wiener-micro-living-projekt\/"]}]},{"@type":"ImageObject","inLanguage":"it-IT","@id":"https:\/\/www.immobilienbusiness.ch\/fr\/unternehmen\/2017-09-27\/corestate-kauft-wiener-micro-living-projekt\/#primaryimage","url":"https:\/\/www.immobilienbusiness.ch\/wp-content\/uploads\/2017\/09\/IB-News-20170927-Corestate-kauft-im-Quartier-Belvedere-Central-Wien-c-UBM-Development-ZOOM-VP.AT_.jpg","contentUrl":"https:\/\/www.immobilienbusiness.ch\/wp-content\/uploads\/2017\/09\/IB-News-20170927-Corestate-kauft-im-Quartier-Belvedere-Central-Wien-c-UBM-Development-ZOOM-VP.AT_.jpg","width":999,"height":666,"caption":"Das Kaufobjekt befindet sich im neuen Wiener QBC - Quartier Belvedere Central (Visualisierung: UBM Development\/ZOOM-VP.AT)"},{"@type":"BreadcrumbList","@id":"https:\/\/www.immobilienbusiness.ch\/fr\/unternehmen\/2017-09-27\/corestate-kauft-wiener-micro-living-projekt\/#breadcrumb","itemListElement":[{"@type":"ListItem","position":1,"name":"Home","item":"https:\/\/www.immobilienbusiness.ch\/"},{"@type":"ListItem","position":2,"name":"Corestate kauft Wiener Micro Living Projekt"}]},{"@type":"WebSite","@id":"https:\/\/www.immobilienbusiness.ch\/#website","url":"https:\/\/www.immobilienbusiness.ch\/","name":"Affari immobiliari","description":"Rivista economica indipendente svizzera che si concentra sul settore immobiliare, l'architettura e la costruzione, nonch\u00e9 sugli investimenti e i finanziamenti.","publisher":{"@id":"https:\/\/www.immobilienbusiness.ch\/#organization"},"potentialAction":[{"@type":"SearchAction","target":{"@type":"EntryPoint","urlTemplate":"https:\/\/www.immobilienbusiness.ch\/?s={search_term_string}"},"query-input":{"@type":"PropertyValueSpecification","valueRequired":true,"valueName":"search_term_string"}}],"inLanguage":"it-IT"},{"@type":"Organization","@id":"https:\/\/www.immobilienbusiness.ch\/#organization","name":"Affari immobiliari","url":"https:\/\/www.immobilienbusiness.ch\/","logo":{"@type":"ImageObject","inLanguage":"it-IT","@id":"https:\/\/www.immobilienbusiness.ch\/#\/schema\/logo\/image\/","url":"https:\/\/www.immobilienbusiness.ch\/wp-content\/uploads\/2021\/07\/logo_ib.png","contentUrl":"https:\/\/www.immobilienbusiness.ch\/wp-content\/uploads\/2021\/07\/logo_ib.png","width":800,"height":181,"caption":"IMMOBILIEN Business"},"image":{"@id":"https:\/\/www.immobilienbusiness.ch\/#\/schema\/logo\/image\/"},"sameAs":["https:\/\/www.facebook.com\/immobilienbusiness\/"]},{"@type":"Person","@id":"https:\/\/www.immobilienbusiness.ch\/#\/schema\/person\/31be7383261ea656cfe52cad71fdc211","name":"mathias.rinka","image":{"@type":"ImageObject","inLanguage":"it-IT","@id":"https:\/\/secure.gravatar.com\/avatar\/?s=96&d=mm&r=g","url":"https:\/\/secure.gravatar.com\/avatar\/?s=96&d=mm&r=g","contentUrl":"https:\/\/secure.gravatar.com\/avatar\/?s=96&d=mm&r=g","caption":"mathias.rinka"},"url":"https:\/\/www.immobilienbusiness.ch\/it\/author\/mathias-rinka\/"}]}},"_links":{"self":[{"href":"https:\/\/www.immobilienbusiness.ch\/it\/wp-json\/wp\/v2\/posts\/9338","targetHints":{"allow":["GET"]}}],"collection":[{"href":"https:\/\/www.immobilienbusiness.ch\/it\/wp-json\/wp\/v2\/posts"}],"about":[{"href":"https:\/\/www.immobilienbusiness.ch\/it\/wp-json\/wp\/v2\/types\/post"}],"author":[{"embeddable":true,"href":"https:\/\/www.immobilienbusiness.ch\/it\/wp-json\/wp\/v2\/users\/4"}],"replies":[{"embeddable":true,"href":"https:\/\/www.immobilienbusiness.ch\/it\/wp-json\/wp\/v2\/comments?post=9338"}],"version-history":[{"count":0,"href":"https:\/\/www.immobilienbusiness.ch\/it\/wp-json\/wp\/v2\/posts\/9338\/revisions"}],"wp:featuredmedia":[{"embeddable":true,"href":"https:\/\/www.immobilienbusiness.ch\/it\/wp-json\/wp\/v2\/media\/9339"}],"wp:attachment":[{"href":"https:\/\/www.immobilienbusiness.ch\/it\/wp-json\/wp\/v2\/media?parent=9338"}],"wp:term":[{"taxonomy":"category","embeddable":true,"href":"https:\/\/www.immobilienbusiness.ch\/it\/wp-json\/wp\/v2\/categories?post=9338"},{"taxonomy":"post_tag","embeddable":true,"href":"https:\/\/www.immobilienbusiness.ch\/it\/wp-json\/wp\/v2\/tags?post=9338"}],"curies":[{"name":"wp","href":"https:\/\/api.w.org\/{rel}","templated":true}]}}