{"id":9225,"date":"2017-09-19T09:01:31","date_gmt":"2017-09-19T07:01:31","guid":{"rendered":"https:\/\/www.immobilienbusiness.ch\/?p=9225"},"modified":"2017-09-19T09:01:31","modified_gmt":"2017-09-19T07:01:31","slug":"valora-kauft-backwerk","status":"publish","type":"post","link":"https:\/\/www.immobilienbusiness.ch\/it\/retail\/2017-09-19\/valora-kauft-backwerk\/","title":{"rendered":"Valora acquisisce BackWerk"},"content":{"rendered":"<figure id=\"attachment_9226\" aria-describedby=\"caption-attachment-9226\" style=\"width: 1280px\" class=\"wp-caption alignnone\"><img loading=\"lazy\" decoding=\"async\" class=\"size-full wp-image-9226\" src=\"https:\/\/www.immobilienbusiness.ch\/wp-content\/uploads\/2017\/09\/IB-News-20170919-Valora-kauft-BackWerk-c-Pixabay.jpg\" alt=\"\" width=\"1280\" height=\"851\" srcset=\"https:\/\/www.immobilienbusiness.ch\/wp-content\/uploads\/2017\/09\/IB-News-20170919-Valora-kauft-BackWerk-c-Pixabay.jpg 1280w, https:\/\/www.immobilienbusiness.ch\/wp-content\/uploads\/2017\/09\/IB-News-20170919-Valora-kauft-BackWerk-c-Pixabay-300x199.jpg 300w, https:\/\/www.immobilienbusiness.ch\/wp-content\/uploads\/2017\/09\/IB-News-20170919-Valora-kauft-BackWerk-c-Pixabay-1024x681.jpg 1024w, https:\/\/www.immobilienbusiness.ch\/wp-content\/uploads\/2017\/09\/IB-News-20170919-Valora-kauft-BackWerk-c-Pixabay-768x511.jpg 768w, https:\/\/www.immobilienbusiness.ch\/wp-content\/uploads\/2017\/09\/IB-News-20170919-Valora-kauft-BackWerk-c-Pixabay-16x12.jpg 16w, https:\/\/www.immobilienbusiness.ch\/wp-content\/uploads\/2017\/09\/IB-News-20170919-Valora-kauft-BackWerk-c-Pixabay-263x175.jpg 263w, https:\/\/www.immobilienbusiness.ch\/wp-content\/uploads\/2017\/09\/IB-News-20170919-Valora-kauft-BackWerk-c-Pixabay-526x350.jpg 526w, https:\/\/www.immobilienbusiness.ch\/wp-content\/uploads\/2017\/09\/IB-News-20170919-Valora-kauft-BackWerk-c-Pixabay-1203x800.jpg 1203w, https:\/\/www.immobilienbusiness.ch\/wp-content\/uploads\/2017\/09\/IB-News-20170919-Valora-kauft-BackWerk-c-Pixabay-920x612.jpg 920w\" sizes=\"auto, (max-width: 1280px) 100vw, 1280px\" \/><figcaption id=\"caption-attachment-9226\" class=\"wp-caption-text\">La svizzera Valora Holding AG rileva la catena tedesca di self-service BackWerk (Immagine: Pixabay)<\/figcaption><\/figure>\n<p>Con riserva dell'approvazione dell'Ufficio Federale dei Cartelli in Germania, la svizzera Valora Holding AG acquisir\u00e0 la societ\u00e0 di servizi alimentari BackWerk dall'investitore finanziario svedese EQT in un processo di vendita esclusivo nel quarto trimestre del 2017. Il prezzo di acquisto per l'acquisizione completa ammonta a circa 190 milioni di euro. L'attuale team di gestione di BackWerk rimarr\u00e0 a bordo e l'azienda continuer\u00e0 ad essere gestita dalla sede centrale di Essen, in futuro come parte della divisione Food Service di Valora.<\/p>\n<p><strong>Valora con pi\u00f9 di 1.500 punti vendita in Germania<\/strong><\/p>\n<p>BackWerk ha pi\u00f9 di 300 punti vendita in Germania, la maggior parte dei quali sono gestiti su un modello di franchising. L'acquisizione espande significativamente la \"presenza di Valora nel mercato tedesco out-of-home\", secondo un comunicato stampa. Insieme agli altri formati esistenti in Germania - Ditsch, ServiceStore DB, Press &amp; Books, cigo, k kiosk, avec e U-Store - questo d\u00e0 un totale di oltre 1 500 punti vendita, principalmente in luoghi ad alto traffico.<\/p>\n<p>Oltre ad alcune sedi in Svizzera, Slovenia e Regno Unito, BackWerk ha anche 20 punti vendita in Austria, dove Valora \u00e8 gi\u00e0 attiva con Brezelk\u00f6nig International e Press &amp; Books, e 13 punti vendita nei Paesi Bassi. BackWerk genera un fatturato esterno di oltre 200 milioni e ha ampliato il suo numero di punti vendita del 25% negli ultimi cinque anni. BackWerk si aspetta un fatturato netto di circa 55 milioni per il 2017, con un margine operativo EBITA di circa il 26%. Valora sta pagando un multiplo EBITA, escluse le sinergie, di circa 13 per BackWerk su base 2017.<\/p>\n<p><strong>Holding AG pianifica un aumento di capitale<\/strong><\/p>\n<p>Inoltre, Valora si aspetta che l'acquisizione generi sinergie annuali di vendite e margini in milioni a una cifra nel medio termine. Come ha detto Michael Mueller, CEO di Valora, un'assemblea generale straordinaria nel novembre 2017 sar\u00e0 chiamata ad approvare un aumento di capitale di circa 150 milioni di franchi, che servir\u00e0 anche a rifinanziare il bond ibrido in scadenza nel 2018.<\/p>\n<p>Valora gestisce circa 2 500 punti vendita convenience e food service in localit\u00e0 ad alta frequenza in Svizzera, Germania, Austria, Lussemburgo e Francia. La sede del gruppo \u00e8 a Muttenz (BL). Le azioni nominative della holding sono negoziate alla SIX Swiss Exchange AG.<\/p>","protected":false},"excerpt":{"rendered":"<p>Il rivenditore svizzero Valora espande la sua presenza in Europa acquisendo BackWerk, una catena di panetterie self-service con pi\u00f9 di 300 punti vendita in Germania.<\/p>","protected":false},"author":4,"featured_media":9226,"comment_status":"open","ping_status":"open","sticky":false,"template":"","format":"standard","meta":{"_acf_changed":false,"_yoast_wpseo_focuskw":"BackWerk","_yoast_wpseo_title":"","_yoast_wpseo_metadesc":"Das Schweizer Retailunternehmen Valora baut seine Pr\u00e4senz in Europa aus und kauft in Deutschland die SB-B\u00e4ckereikette BackWerk mit mehr als 300 Filialen.","_yoast_wpseo_linkdex":88,"pgc_sgb_lightbox_settings":"","footnotes":""},"categories":[987],"tags":[1166,1212,1643,1794,1815],"class_list":["post-9225","post","type-post","status-publish","format-standard","has-post-thumbnail","hentry","category-retail","tag-deutschland","tag-expansion","tag-retail","tag-uebernahme","tag-valora-group"],"acf":[],"yoast_head":"<!-- This site is optimized with the Yoast SEO plugin v27.4 - https:\/\/yoast.com\/product\/yoast-seo-wordpress\/ -->\n<title>Valora \u00fcbernimmt BackWerk - IMMOBILIEN Business<\/title>\n<meta name=\"description\" content=\"Das Schweizer Retailunternehmen Valora baut seine Pr\u00e4senz in Europa aus und kauft in Deutschland die SB-B\u00e4ckereikette BackWerk mit mehr als 300 Filialen.\" \/>\n<meta name=\"robots\" content=\"index, follow, max-snippet:-1, max-image-preview:large, max-video-preview:-1\" \/>\n<link rel=\"canonical\" href=\"https:\/\/www.immobilienbusiness.ch\/it\/retail\/2017-09-19\/valora-kauft-backwerk\/\" \/>\n<meta property=\"og:locale\" content=\"it_IT\" \/>\n<meta property=\"og:type\" content=\"article\" \/>\n<meta property=\"og:title\" content=\"Valora \u00fcbernimmt BackWerk\" \/>\n<meta property=\"og:description\" content=\"Das Schweizer Retailunternehmen Valora baut seine Pr\u00e4senz in Europa aus und kauft in Deutschland die SB-B\u00e4ckereikette BackWerk mit mehr als 300 Filialen.\" \/>\n<meta property=\"og:url\" content=\"https:\/\/www.immobilienbusiness.ch\/it\/retail\/2017-09-19\/valora-kauft-backwerk\/\" \/>\n<meta property=\"og:site_name\" content=\"IMMOBILIEN Business\" \/>\n<meta property=\"article:publisher\" content=\"https:\/\/www.facebook.com\/immobilienbusiness\/\" \/>\n<meta property=\"article:published_time\" content=\"2017-09-19T07:01:31+00:00\" \/>\n<meta property=\"og:image\" content=\"https:\/\/www.immobilienbusiness.ch\/wp-content\/uploads\/2017\/09\/IB-News-20170919-Valora-kauft-BackWerk-c-Pixabay.jpg\" \/>\n\t<meta property=\"og:image:width\" content=\"1280\" \/>\n\t<meta property=\"og:image:height\" content=\"851\" \/>\n\t<meta property=\"og:image:type\" content=\"image\/jpeg\" \/>\n<meta name=\"author\" content=\"mathias.rinka\" \/>\n<meta name=\"twitter:card\" content=\"summary_large_image\" \/>\n<meta name=\"twitter:title\" content=\"Valora \u00fcbernimmt BackWerk\" \/>\n<meta name=\"twitter:description\" content=\"Das Schweizer Retailunternehmen Valora baut seine Pr\u00e4senz in Europa aus und kauft in Deutschland die SB-B\u00e4ckereikette BackWerk mit mehr als 300 Filialen.\" \/>\n<script type=\"application\/ld+json\" class=\"yoast-schema-graph\">{\"@context\":\"https:\\\/\\\/schema.org\",\"@graph\":[{\"@type\":\"Article\",\"@id\":\"https:\\\/\\\/www.immobilienbusiness.ch\\\/retail\\\/2017-09-19\\\/valora-kauft-backwerk\\\/#article\",\"isPartOf\":{\"@id\":\"https:\\\/\\\/www.immobilienbusiness.ch\\\/retail\\\/2017-09-19\\\/valora-kauft-backwerk\\\/\"},\"author\":{\"name\":\"mathias.rinka\",\"@id\":\"https:\\\/\\\/www.immobilienbusiness.ch\\\/#\\\/schema\\\/person\\\/31be7383261ea656cfe52cad71fdc211\"},\"headline\":\"Valora \u00fcbernimmt BackWerk\",\"datePublished\":\"2017-09-19T07:01:31+00:00\",\"mainEntityOfPage\":{\"@id\":\"https:\\\/\\\/www.immobilienbusiness.ch\\\/retail\\\/2017-09-19\\\/valora-kauft-backwerk\\\/\"},\"wordCount\":351,\"commentCount\":0,\"publisher\":{\"@id\":\"https:\\\/\\\/www.immobilienbusiness.ch\\\/#organization\"},\"image\":{\"@id\":\"https:\\\/\\\/www.immobilienbusiness.ch\\\/retail\\\/2017-09-19\\\/valora-kauft-backwerk\\\/#primaryimage\"},\"thumbnailUrl\":\"https:\\\/\\\/www.immobilienbusiness.ch\\\/wp-content\\\/uploads\\\/2017\\\/09\\\/IB-News-20170919-Valora-kauft-BackWerk-c-Pixabay.jpg\",\"keywords\":[\"Deutschland\",\"Expansion\",\"Retail\",\"\u00dcbernahme\",\"Valora Group\"],\"articleSection\":[\"RETAIL\"],\"inLanguage\":\"it-IT\"},{\"@type\":\"WebPage\",\"@id\":\"https:\\\/\\\/www.immobilienbusiness.ch\\\/retail\\\/2017-09-19\\\/valora-kauft-backwerk\\\/\",\"url\":\"https:\\\/\\\/www.immobilienbusiness.ch\\\/retail\\\/2017-09-19\\\/valora-kauft-backwerk\\\/\",\"name\":\"Valora \u00fcbernimmt BackWerk - IMMOBILIEN Business\",\"isPartOf\":{\"@id\":\"https:\\\/\\\/www.immobilienbusiness.ch\\\/#website\"},\"primaryImageOfPage\":{\"@id\":\"https:\\\/\\\/www.immobilienbusiness.ch\\\/retail\\\/2017-09-19\\\/valora-kauft-backwerk\\\/#primaryimage\"},\"image\":{\"@id\":\"https:\\\/\\\/www.immobilienbusiness.ch\\\/retail\\\/2017-09-19\\\/valora-kauft-backwerk\\\/#primaryimage\"},\"thumbnailUrl\":\"https:\\\/\\\/www.immobilienbusiness.ch\\\/wp-content\\\/uploads\\\/2017\\\/09\\\/IB-News-20170919-Valora-kauft-BackWerk-c-Pixabay.jpg\",\"datePublished\":\"2017-09-19T07:01:31+00:00\",\"description\":\"Das Schweizer Retailunternehmen Valora baut seine Pr\u00e4senz in Europa aus und kauft in Deutschland die SB-B\u00e4ckereikette BackWerk mit mehr als 300 Filialen.\",\"breadcrumb\":{\"@id\":\"https:\\\/\\\/www.immobilienbusiness.ch\\\/retail\\\/2017-09-19\\\/valora-kauft-backwerk\\\/#breadcrumb\"},\"inLanguage\":\"it-IT\",\"potentialAction\":[{\"@type\":\"ReadAction\",\"target\":[\"https:\\\/\\\/www.immobilienbusiness.ch\\\/retail\\\/2017-09-19\\\/valora-kauft-backwerk\\\/\"]}]},{\"@type\":\"ImageObject\",\"inLanguage\":\"it-IT\",\"@id\":\"https:\\\/\\\/www.immobilienbusiness.ch\\\/retail\\\/2017-09-19\\\/valora-kauft-backwerk\\\/#primaryimage\",\"url\":\"https:\\\/\\\/www.immobilienbusiness.ch\\\/wp-content\\\/uploads\\\/2017\\\/09\\\/IB-News-20170919-Valora-kauft-BackWerk-c-Pixabay.jpg\",\"contentUrl\":\"https:\\\/\\\/www.immobilienbusiness.ch\\\/wp-content\\\/uploads\\\/2017\\\/09\\\/IB-News-20170919-Valora-kauft-BackWerk-c-Pixabay.jpg\",\"width\":1280,\"height\":851,\"caption\":\"Die Schweizer Valora Holding AG \u00fcbernimmt die deutsche SB-Kette BackWerk (Bild: Pixabay)\"},{\"@type\":\"BreadcrumbList\",\"@id\":\"https:\\\/\\\/www.immobilienbusiness.ch\\\/retail\\\/2017-09-19\\\/valora-kauft-backwerk\\\/#breadcrumb\",\"itemListElement\":[{\"@type\":\"ListItem\",\"position\":1,\"name\":\"Home\",\"item\":\"https:\\\/\\\/www.immobilienbusiness.ch\\\/\"},{\"@type\":\"ListItem\",\"position\":2,\"name\":\"Valora \u00fcbernimmt BackWerk\"}]},{\"@type\":\"WebSite\",\"@id\":\"https:\\\/\\\/www.immobilienbusiness.ch\\\/#website\",\"url\":\"https:\\\/\\\/www.immobilienbusiness.ch\\\/\",\"name\":\"IMMOBILIEN Business\",\"description\":\"Unabh\u00e4ngiges Schweizer Wirtschaftsmagazin mit Fokus auf Immobilien, Architektur- und Bau sowie Investment- und Finanzierung.\",\"publisher\":{\"@id\":\"https:\\\/\\\/www.immobilienbusiness.ch\\\/#organization\"},\"potentialAction\":[{\"@type\":\"SearchAction\",\"target\":{\"@type\":\"EntryPoint\",\"urlTemplate\":\"https:\\\/\\\/www.immobilienbusiness.ch\\\/?s={search_term_string}\"},\"query-input\":{\"@type\":\"PropertyValueSpecification\",\"valueRequired\":true,\"valueName\":\"search_term_string\"}}],\"inLanguage\":\"it-IT\"},{\"@type\":\"Organization\",\"@id\":\"https:\\\/\\\/www.immobilienbusiness.ch\\\/#organization\",\"name\":\"IMMOBILIEN Business\",\"url\":\"https:\\\/\\\/www.immobilienbusiness.ch\\\/\",\"logo\":{\"@type\":\"ImageObject\",\"inLanguage\":\"it-IT\",\"@id\":\"https:\\\/\\\/www.immobilienbusiness.ch\\\/#\\\/schema\\\/logo\\\/image\\\/\",\"url\":\"https:\\\/\\\/www.immobilienbusiness.ch\\\/wp-content\\\/uploads\\\/2021\\\/07\\\/logo_ib.png\",\"contentUrl\":\"https:\\\/\\\/www.immobilienbusiness.ch\\\/wp-content\\\/uploads\\\/2021\\\/07\\\/logo_ib.png\",\"width\":800,\"height\":181,\"caption\":\"IMMOBILIEN Business\"},\"image\":{\"@id\":\"https:\\\/\\\/www.immobilienbusiness.ch\\\/#\\\/schema\\\/logo\\\/image\\\/\"},\"sameAs\":[\"https:\\\/\\\/www.facebook.com\\\/immobilienbusiness\\\/\"]},{\"@type\":\"Person\",\"@id\":\"https:\\\/\\\/www.immobilienbusiness.ch\\\/#\\\/schema\\\/person\\\/31be7383261ea656cfe52cad71fdc211\",\"name\":\"mathias.rinka\",\"image\":{\"@type\":\"ImageObject\",\"inLanguage\":\"it-IT\",\"@id\":\"https:\\\/\\\/secure.gravatar.com\\\/avatar\\\/?s=96&d=mm&r=g\",\"url\":\"https:\\\/\\\/secure.gravatar.com\\\/avatar\\\/?s=96&d=mm&r=g\",\"contentUrl\":\"https:\\\/\\\/secure.gravatar.com\\\/avatar\\\/?s=96&d=mm&r=g\",\"caption\":\"mathias.rinka\"},\"url\":\"https:\\\/\\\/www.immobilienbusiness.ch\\\/it\\\/author\\\/mathias-rinka\\\/\"}]}<\/script>\n<!-- \/ Yoast SEO plugin. -->","yoast_head_json":{"title":"Valora rileva BackWerk - IMMOBILIEN Business","description":"Il rivenditore svizzero Valora espande la sua presenza in Europa acquisendo BackWerk, una catena di panetterie self-service con pi\u00f9 di 300 punti vendita in Germania.","robots":{"index":"index","follow":"follow","max-snippet":"max-snippet:-1","max-image-preview":"max-image-preview:large","max-video-preview":"max-video-preview:-1"},"canonical":"https:\/\/www.immobilienbusiness.ch\/it\/retail\/2017-09-19\/valora-kauft-backwerk\/","og_locale":"it_IT","og_type":"article","og_title":"Valora \u00fcbernimmt BackWerk","og_description":"Das Schweizer Retailunternehmen Valora baut seine Pr\u00e4senz in Europa aus und kauft in Deutschland die SB-B\u00e4ckereikette BackWerk mit mehr als 300 Filialen.","og_url":"https:\/\/www.immobilienbusiness.ch\/it\/retail\/2017-09-19\/valora-kauft-backwerk\/","og_site_name":"IMMOBILIEN Business","article_publisher":"https:\/\/www.facebook.com\/immobilienbusiness\/","article_published_time":"2017-09-19T07:01:31+00:00","og_image":[{"width":1280,"height":851,"url":"https:\/\/www.immobilienbusiness.ch\/wp-content\/uploads\/2017\/09\/IB-News-20170919-Valora-kauft-BackWerk-c-Pixabay.jpg","type":"image\/jpeg"}],"author":"mathias.rinka","twitter_card":"summary_large_image","twitter_title":"Valora \u00fcbernimmt BackWerk","twitter_description":"Das Schweizer Retailunternehmen Valora baut seine Pr\u00e4senz in Europa aus und kauft in Deutschland die SB-B\u00e4ckereikette BackWerk mit mehr als 300 Filialen.","schema":{"@context":"https:\/\/schema.org","@graph":[{"@type":"Article","@id":"https:\/\/www.immobilienbusiness.ch\/retail\/2017-09-19\/valora-kauft-backwerk\/#article","isPartOf":{"@id":"https:\/\/www.immobilienbusiness.ch\/retail\/2017-09-19\/valora-kauft-backwerk\/"},"author":{"name":"mathias.rinka","@id":"https:\/\/www.immobilienbusiness.ch\/#\/schema\/person\/31be7383261ea656cfe52cad71fdc211"},"headline":"Valora \u00fcbernimmt BackWerk","datePublished":"2017-09-19T07:01:31+00:00","mainEntityOfPage":{"@id":"https:\/\/www.immobilienbusiness.ch\/retail\/2017-09-19\/valora-kauft-backwerk\/"},"wordCount":351,"commentCount":0,"publisher":{"@id":"https:\/\/www.immobilienbusiness.ch\/#organization"},"image":{"@id":"https:\/\/www.immobilienbusiness.ch\/retail\/2017-09-19\/valora-kauft-backwerk\/#primaryimage"},"thumbnailUrl":"https:\/\/www.immobilienbusiness.ch\/wp-content\/uploads\/2017\/09\/IB-News-20170919-Valora-kauft-BackWerk-c-Pixabay.jpg","keywords":["Deutschland","Expansion","Retail","\u00dcbernahme","Valora Group"],"articleSection":["RETAIL"],"inLanguage":"it-IT"},{"@type":"WebPage","@id":"https:\/\/www.immobilienbusiness.ch\/retail\/2017-09-19\/valora-kauft-backwerk\/","url":"https:\/\/www.immobilienbusiness.ch\/retail\/2017-09-19\/valora-kauft-backwerk\/","name":"Valora rileva BackWerk - IMMOBILIEN Business","isPartOf":{"@id":"https:\/\/www.immobilienbusiness.ch\/#website"},"primaryImageOfPage":{"@id":"https:\/\/www.immobilienbusiness.ch\/retail\/2017-09-19\/valora-kauft-backwerk\/#primaryimage"},"image":{"@id":"https:\/\/www.immobilienbusiness.ch\/retail\/2017-09-19\/valora-kauft-backwerk\/#primaryimage"},"thumbnailUrl":"https:\/\/www.immobilienbusiness.ch\/wp-content\/uploads\/2017\/09\/IB-News-20170919-Valora-kauft-BackWerk-c-Pixabay.jpg","datePublished":"2017-09-19T07:01:31+00:00","description":"Il rivenditore svizzero Valora espande la sua presenza in Europa acquisendo BackWerk, una catena di panetterie self-service con pi\u00f9 di 300 punti vendita in Germania.","breadcrumb":{"@id":"https:\/\/www.immobilienbusiness.ch\/retail\/2017-09-19\/valora-kauft-backwerk\/#breadcrumb"},"inLanguage":"it-IT","potentialAction":[{"@type":"ReadAction","target":["https:\/\/www.immobilienbusiness.ch\/retail\/2017-09-19\/valora-kauft-backwerk\/"]}]},{"@type":"ImageObject","inLanguage":"it-IT","@id":"https:\/\/www.immobilienbusiness.ch\/retail\/2017-09-19\/valora-kauft-backwerk\/#primaryimage","url":"https:\/\/www.immobilienbusiness.ch\/wp-content\/uploads\/2017\/09\/IB-News-20170919-Valora-kauft-BackWerk-c-Pixabay.jpg","contentUrl":"https:\/\/www.immobilienbusiness.ch\/wp-content\/uploads\/2017\/09\/IB-News-20170919-Valora-kauft-BackWerk-c-Pixabay.jpg","width":1280,"height":851,"caption":"Die Schweizer Valora Holding AG \u00fcbernimmt die deutsche SB-Kette BackWerk (Bild: Pixabay)"},{"@type":"BreadcrumbList","@id":"https:\/\/www.immobilienbusiness.ch\/retail\/2017-09-19\/valora-kauft-backwerk\/#breadcrumb","itemListElement":[{"@type":"ListItem","position":1,"name":"Home","item":"https:\/\/www.immobilienbusiness.ch\/"},{"@type":"ListItem","position":2,"name":"Valora \u00fcbernimmt BackWerk"}]},{"@type":"WebSite","@id":"https:\/\/www.immobilienbusiness.ch\/#website","url":"https:\/\/www.immobilienbusiness.ch\/","name":"Affari immobiliari","description":"Rivista economica indipendente svizzera che si concentra sul settore immobiliare, l'architettura e la costruzione, nonch\u00e9 sugli investimenti e i finanziamenti.","publisher":{"@id":"https:\/\/www.immobilienbusiness.ch\/#organization"},"potentialAction":[{"@type":"SearchAction","target":{"@type":"EntryPoint","urlTemplate":"https:\/\/www.immobilienbusiness.ch\/?s={search_term_string}"},"query-input":{"@type":"PropertyValueSpecification","valueRequired":true,"valueName":"search_term_string"}}],"inLanguage":"it-IT"},{"@type":"Organization","@id":"https:\/\/www.immobilienbusiness.ch\/#organization","name":"Affari immobiliari","url":"https:\/\/www.immobilienbusiness.ch\/","logo":{"@type":"ImageObject","inLanguage":"it-IT","@id":"https:\/\/www.immobilienbusiness.ch\/#\/schema\/logo\/image\/","url":"https:\/\/www.immobilienbusiness.ch\/wp-content\/uploads\/2021\/07\/logo_ib.png","contentUrl":"https:\/\/www.immobilienbusiness.ch\/wp-content\/uploads\/2021\/07\/logo_ib.png","width":800,"height":181,"caption":"IMMOBILIEN Business"},"image":{"@id":"https:\/\/www.immobilienbusiness.ch\/#\/schema\/logo\/image\/"},"sameAs":["https:\/\/www.facebook.com\/immobilienbusiness\/"]},{"@type":"Person","@id":"https:\/\/www.immobilienbusiness.ch\/#\/schema\/person\/31be7383261ea656cfe52cad71fdc211","name":"mathias.rinka","image":{"@type":"ImageObject","inLanguage":"it-IT","@id":"https:\/\/secure.gravatar.com\/avatar\/?s=96&d=mm&r=g","url":"https:\/\/secure.gravatar.com\/avatar\/?s=96&d=mm&r=g","contentUrl":"https:\/\/secure.gravatar.com\/avatar\/?s=96&d=mm&r=g","caption":"mathias.rinka"},"url":"https:\/\/www.immobilienbusiness.ch\/it\/author\/mathias-rinka\/"}]}},"_links":{"self":[{"href":"https:\/\/www.immobilienbusiness.ch\/it\/wp-json\/wp\/v2\/posts\/9225","targetHints":{"allow":["GET"]}}],"collection":[{"href":"https:\/\/www.immobilienbusiness.ch\/it\/wp-json\/wp\/v2\/posts"}],"about":[{"href":"https:\/\/www.immobilienbusiness.ch\/it\/wp-json\/wp\/v2\/types\/post"}],"author":[{"embeddable":true,"href":"https:\/\/www.immobilienbusiness.ch\/it\/wp-json\/wp\/v2\/users\/4"}],"replies":[{"embeddable":true,"href":"https:\/\/www.immobilienbusiness.ch\/it\/wp-json\/wp\/v2\/comments?post=9225"}],"version-history":[{"count":0,"href":"https:\/\/www.immobilienbusiness.ch\/it\/wp-json\/wp\/v2\/posts\/9225\/revisions"}],"wp:featuredmedia":[{"embeddable":true,"href":"https:\/\/www.immobilienbusiness.ch\/it\/wp-json\/wp\/v2\/media\/9226"}],"wp:attachment":[{"href":"https:\/\/www.immobilienbusiness.ch\/it\/wp-json\/wp\/v2\/media?parent=9225"}],"wp:term":[{"taxonomy":"category","embeddable":true,"href":"https:\/\/www.immobilienbusiness.ch\/it\/wp-json\/wp\/v2\/categories?post=9225"},{"taxonomy":"post_tag","embeddable":true,"href":"https:\/\/www.immobilienbusiness.ch\/it\/wp-json\/wp\/v2\/tags?post=9225"}],"curies":[{"name":"wp","href":"https:\/\/api.w.org\/{rel}","templated":true}]}}