{"id":9184,"date":"2017-09-15T09:29:46","date_gmt":"2017-09-15T07:29:46","guid":{"rendered":"https:\/\/www.immobilienbusiness.ch\/?p=9184"},"modified":"2017-09-15T09:29:46","modified_gmt":"2017-09-15T07:29:46","slug":"ueberbauung-auf-dem-areal-hardturm-kommt-einen-schritt-weiter","status":"publish","type":"post","link":"https:\/\/www.immobilienbusiness.ch\/it\/regionen\/2017-09-15\/ueberbauung-auf-dem-areal-hardturm-kommt-einen-schritt-weiter\/","title":{"rendered":"Zurigo: un passo avanti nello sviluppo del sito Hardturm"},"content":{"rendered":"<figure id=\"attachment_9189\" aria-describedby=\"caption-attachment-9189\" style=\"width: 680px\" class=\"wp-caption alignnone\"><img loading=\"lazy\" decoding=\"async\" class=\"wp-image-9189 size-medium\" src=\"https:\/\/www.immobilienbusiness.ch\/wp-content\/uploads\/2017\/09\/04pfingstweidstrasse_nightnurse.jpg\" alt=\"\" width=\"680\" height=\"453\" srcset=\"https:\/\/www.immobilienbusiness.ch\/wp-content\/uploads\/2017\/09\/04pfingstweidstrasse_nightnurse.jpg 2560w, https:\/\/www.immobilienbusiness.ch\/wp-content\/uploads\/2017\/09\/04pfingstweidstrasse_nightnurse-300x200.jpg 300w, https:\/\/www.immobilienbusiness.ch\/wp-content\/uploads\/2017\/09\/04pfingstweidstrasse_nightnurse-1024x683.jpg 1024w, https:\/\/www.immobilienbusiness.ch\/wp-content\/uploads\/2017\/09\/04pfingstweidstrasse_nightnurse-768x512.jpg 768w, https:\/\/www.immobilienbusiness.ch\/wp-content\/uploads\/2017\/09\/04pfingstweidstrasse_nightnurse-1536x1024.jpg 1536w, https:\/\/www.immobilienbusiness.ch\/wp-content\/uploads\/2017\/09\/04pfingstweidstrasse_nightnurse-2048x1365.jpg 2048w, https:\/\/www.immobilienbusiness.ch\/wp-content\/uploads\/2017\/09\/04pfingstweidstrasse_nightnurse-16x12.jpg 16w, https:\/\/www.immobilienbusiness.ch\/wp-content\/uploads\/2017\/09\/04pfingstweidstrasse_nightnurse-263x175.jpg 263w, https:\/\/www.immobilienbusiness.ch\/wp-content\/uploads\/2017\/09\/04pfingstweidstrasse_nightnurse-525x350.jpg 525w, https:\/\/www.immobilienbusiness.ch\/wp-content\/uploads\/2017\/09\/04pfingstweidstrasse_nightnurse-1200x800.jpg 1200w, https:\/\/www.immobilienbusiness.ch\/wp-content\/uploads\/2017\/09\/04pfingstweidstrasse_nightnurse-920x613.jpg 920w, https:\/\/www.immobilienbusiness.ch\/wp-content\/uploads\/2017\/09\/04pfingstweidstrasse_nightnurse-1400x933.jpg 1400w\" sizes=\"auto, (max-width: 680px) 100vw, 680px\" \/><figcaption id=\"caption-attachment-9189\" class=\"wp-caption-text\">Vista dei due grattacieli dalla Pfingstweidstrasse (Visualizzazione \u00a9 Nightnurse Images, Zurigo, commissionata da HRS Real Estate AG, Boltshauser Architekten, pool Architekten e Caruso St John Architekten)<\/figcaption><\/figure>\n<p>Sul sito dell'Hardturm, lo sviluppatore e appaltatore generale HRS, insieme a veicoli di investimento immobiliare del Credit Suisse e della Allgemeine Baugenossenschaft Z\u00fcrich (ABZ), sta progettando di costruire uno stadio di calcio cos\u00ec come 174 appartamenti senza scopo di lucro e 600 appartamenti privati. Il progetto \"Ensemble\" \u00e8 emerso come vincitore di un concorso in cui la citt\u00e0 di Zurigo cercava investitori per realizzare uno stadio di calcio finanziato privatamente, nonch\u00e9 appartamenti senza scopo di lucro e un progetto per investitori sul sito.<\/p>\n<p>Ora il piano di progettazione privata \u00e8 stato presentato e i contratti di locazione dell'edificio per il sito di circa 55.000 metri quadrati sono stati autenticati. Un'importante pietra miliare \u00e8 stata cos\u00ec raggiunta sulla via della realizzazione, secondo la citt\u00e0 di Zurigo. L'investimento totale per la costruzione di alloggi senza scopo di lucro, lo stadio di calcio e i due grattacieli ammonta a circa 570 milioni di franchi.<\/p>\n<h2>Lo stadio sar\u00e0 pronto entro il 2021<\/h2>\n<p>La capacit\u00e0 del nuovo stadio \u00e8 di circa 18.000 spettatori (posti a sedere e in piedi) per le partite del campionato nazionale e di circa 16.000 spettatori (solo posti a sedere) per le partite internazionali. Lo stadio \u00e8 previsto come uno stadio di calcio puro, che sar\u00e0 utilizzato principalmente per le operazioni di partita dei due club calcistici di Zurigo GCZ e FCZ.<\/p>\n<p>Al di fuori dei giorni dell'evento, che sono circa 320 giorni all'anno, lo stadio e soprattutto la sua area di base con ristoranti o piccoli negozi dovrebbero contribuire alla rivitalizzazione del quartiere. La costruzione dello stadio costa 105 milioni; l'investitore \u00e8 HRS Investment AG. Secondo lo sviluppatore, lo stadio dovrebbe essere completato nel 2021, con le prime partite previste per la stagione 2021\/22.<\/p>\n<h2>Due grattacieli e un progetto cooperativo<\/h2>\n<p>Nei due grattacieli del sito di sviluppo C, si stanno costruendo circa 600 appartamenti (appartamenti in affitto da 2,5 a 4,5 stanze) nel segmento di prezzo medio. Nei piani sotterranei, \u00e8 previsto uno studio e uno spazio commerciale fino al quarto piano, che sar\u00e0 affittato a piccole e medie imprese dei settori della gastronomia, dell'artigianato, della salute, dell'educazione e dello sport.<\/p>\n<p>Il progetto di alloggi senza scopo di lucro dell'ABZ nel cantiere A comprende 174 appartamenti a prezzi accessibili con spazio abitativo per circa 500 persone. Un appartamento di 4,5 stanze a sbalzo di 94 mq coster\u00e0 circa 1.650 franchi al mese comprese le utenze. Circa un terzo degli appartamenti sono ulteriormente sovvenzionati. Inoltre, sono previsti un doppio asilo, una sala comunitaria, nonch\u00e9 uno studio e uno spazio commerciale al piano terra.<\/p>\n<h2>Interessi di locazione dell'edificio ridotti per gli investitori<\/h2>\n<p>La citt\u00e0 di Zurigo concede quattro contratti di locazione di edifici della durata di 92 anni alla cooperativa edilizia ABZ (cantiere A), alla Stadion Z\u00fcri AG (cantiere B), in compropriet\u00e0 alla Credit Suisse Funds AG e ai due fondi immobiliari Siat e Interswiss (cantiere C1) e alla Credit Suisse Anlagestiftung (cantiere C2). I titolari del contratto di locazione dell'edificio pagano alla citt\u00e0 di Zurigo un interesse annuo di locazione dell'edificio di circa 1,2 milioni.<\/p>\n<p>La costruzione dello stadio e degli appartamenti sar\u00e0 finanziata da privati; non \u00e8 previsto alcun contributo operativo comunale per lo stadio. Tuttavia, la citt\u00e0 fa pagare un interesse ridotto per il leasing edilizio sul campo di costruzione C per permettere agli investitori di costruire lo stadio. Secondo la citt\u00e0, questo si traduce in un mancato guadagno annuale ricorrente di un massimo di 1,7 milioni.<\/p>\n<p>L'esposizione pubblica del piano di progettazione inizier\u00e0 il 16 settembre e durer\u00e0 fino al 20 novembre 2017. Il consiglio comunale dovrebbe presentare il piano di progettazione privata al consiglio comunale nell'estate del 2018.<\/p>","protected":false},"excerpt":{"rendered":"<p>HRS, veicoli d'investimento immobiliare del Credit Suisse e la Allgemeine Baugenossenschaft Z\u00fcrich hanno presentato il piano di progettazione privata per la sovrastruttura sul sito Hardturm. Inoltre, i contratti di locazione degli edifici sono stati autenticati.<\/p>","protected":false},"author":3,"featured_media":9189,"comment_status":"open","ping_status":"open","sticky":false,"template":"","format":"standard","meta":{"_acf_changed":false,"_yoast_wpseo_focuskw":"Hardturm","_yoast_wpseo_title":"","_yoast_wpseo_metadesc":"Der Gestaltungsplan f\u00fcr die \u00dcberbauung auf dem Areal Z\u00fcrcher Hardturm liegt jetzt \u00f6ffentlich auf. Zudem wurden die Baurechtsvertr\u00e4ge beurkundet.","_yoast_wpseo_linkdex":50,"pgc_sgb_lightbox_settings":"","footnotes":""},"categories":[985],"tags":[1600,1629,1714,1863,1888],"class_list":["post-9184","post","type-post","status-publish","format-standard","has-post-thumbnail","hentry","category-regionen","tag-projekt-in-planung","tag-regionen","tag-spezial-immobilien","tag-wohnimmobilien","tag-zuerich"],"acf":[],"yoast_head":"<!-- This site is optimized with the Yoast SEO plugin v27.4 - https:\/\/yoast.com\/product\/yoast-seo-wordpress\/ -->\n<title>Z\u00fcrich: \u00dcberbauung auf Areal Hardturm einen Schritt weiter - IMMOBILIEN Business<\/title>\n<meta name=\"description\" content=\"Der Gestaltungsplan f\u00fcr die \u00dcberbauung auf dem Areal Z\u00fcrcher Hardturm liegt jetzt \u00f6ffentlich auf. Zudem wurden die Baurechtsvertr\u00e4ge beurkundet.\" \/>\n<meta name=\"robots\" content=\"index, follow, max-snippet:-1, max-image-preview:large, max-video-preview:-1\" \/>\n<link rel=\"canonical\" href=\"https:\/\/www.immobilienbusiness.ch\/it\/regionen\/2017-09-15\/ueberbauung-auf-dem-areal-hardturm-kommt-einen-schritt-weiter\/\" \/>\n<meta property=\"og:locale\" content=\"it_IT\" \/>\n<meta property=\"og:type\" content=\"article\" \/>\n<meta property=\"og:title\" content=\"Z\u00fcrich: \u00dcberbauung auf Areal Hardturm einen Schritt weiter - IMMOBILIEN Business\" \/>\n<meta property=\"og:description\" content=\"Der Gestaltungsplan f\u00fcr die \u00dcberbauung auf dem Areal Z\u00fcrcher Hardturm liegt jetzt \u00f6ffentlich auf. Zudem wurden die Baurechtsvertr\u00e4ge beurkundet.\" \/>\n<meta property=\"og:url\" content=\"https:\/\/www.immobilienbusiness.ch\/it\/regionen\/2017-09-15\/ueberbauung-auf-dem-areal-hardturm-kommt-einen-schritt-weiter\/\" \/>\n<meta property=\"og:site_name\" content=\"IMMOBILIEN Business\" \/>\n<meta property=\"article:publisher\" content=\"https:\/\/www.facebook.com\/immobilienbusiness\/\" \/>\n<meta property=\"article:published_time\" content=\"2017-09-15T07:29:46+00:00\" \/>\n<meta property=\"og:image\" content=\"https:\/\/www.immobilienbusiness.ch\/wp-content\/uploads\/2017\/09\/04pfingstweidstrasse_nightnurse-1024x683.jpg\" \/>\n\t<meta property=\"og:image:width\" content=\"1024\" \/>\n\t<meta property=\"og:image:height\" content=\"683\" \/>\n\t<meta property=\"og:image:type\" content=\"image\/jpeg\" \/>\n<meta name=\"author\" content=\"anja.hall\" \/>\n<meta name=\"twitter:card\" content=\"summary_large_image\" \/>\n<meta name=\"twitter:description\" content=\"Der Gestaltungsplan f\u00fcr die \u00dcberbauung auf dem Areal Z\u00fcrcher Hardturm liegt jetzt \u00f6ffentlich auf. Zudem wurden die Baurechtsvertr\u00e4ge beurkundet.\" \/>\n<script type=\"application\/ld+json\" class=\"yoast-schema-graph\">{\"@context\":\"https:\\\/\\\/schema.org\",\"@graph\":[{\"@type\":\"Article\",\"@id\":\"https:\\\/\\\/www.immobilienbusiness.ch\\\/en\\\/regionen\\\/2017-09-15\\\/ueberbauung-auf-dem-areal-hardturm-kommt-einen-schritt-weiter\\\/#article\",\"isPartOf\":{\"@id\":\"https:\\\/\\\/www.immobilienbusiness.ch\\\/en\\\/regionen\\\/2017-09-15\\\/ueberbauung-auf-dem-areal-hardturm-kommt-einen-schritt-weiter\\\/\"},\"author\":{\"name\":\"anja.hall\",\"@id\":\"https:\\\/\\\/www.immobilienbusiness.ch\\\/#\\\/schema\\\/person\\\/3fc036297b10b9f42d6db5ee932af8c8\"},\"headline\":\"Z\u00fcrich: \u00dcberbauung auf Areal Hardturm einen Schritt weiter\",\"datePublished\":\"2017-09-15T07:29:46+00:00\",\"mainEntityOfPage\":{\"@id\":\"https:\\\/\\\/www.immobilienbusiness.ch\\\/en\\\/regionen\\\/2017-09-15\\\/ueberbauung-auf-dem-areal-hardturm-kommt-einen-schritt-weiter\\\/\"},\"wordCount\":559,\"commentCount\":0,\"publisher\":{\"@id\":\"https:\\\/\\\/www.immobilienbusiness.ch\\\/#organization\"},\"image\":{\"@id\":\"https:\\\/\\\/www.immobilienbusiness.ch\\\/en\\\/regionen\\\/2017-09-15\\\/ueberbauung-auf-dem-areal-hardturm-kommt-einen-schritt-weiter\\\/#primaryimage\"},\"thumbnailUrl\":\"https:\\\/\\\/www.immobilienbusiness.ch\\\/wp-content\\\/uploads\\\/2017\\\/09\\\/04pfingstweidstrasse_nightnurse.jpg\",\"keywords\":[\"Projekt in Planung\",\"Regionen\",\"Spezial Immobilien\",\"Wohnimmobilien\",\"Z\u00fcrich\"],\"articleSection\":[\"REGIONEN\"],\"inLanguage\":\"it-IT\"},{\"@type\":\"WebPage\",\"@id\":\"https:\\\/\\\/www.immobilienbusiness.ch\\\/en\\\/regionen\\\/2017-09-15\\\/ueberbauung-auf-dem-areal-hardturm-kommt-einen-schritt-weiter\\\/\",\"url\":\"https:\\\/\\\/www.immobilienbusiness.ch\\\/en\\\/regionen\\\/2017-09-15\\\/ueberbauung-auf-dem-areal-hardturm-kommt-einen-schritt-weiter\\\/\",\"name\":\"Z\u00fcrich: \u00dcberbauung auf Areal Hardturm einen Schritt weiter - IMMOBILIEN Business\",\"isPartOf\":{\"@id\":\"https:\\\/\\\/www.immobilienbusiness.ch\\\/#website\"},\"primaryImageOfPage\":{\"@id\":\"https:\\\/\\\/www.immobilienbusiness.ch\\\/en\\\/regionen\\\/2017-09-15\\\/ueberbauung-auf-dem-areal-hardturm-kommt-einen-schritt-weiter\\\/#primaryimage\"},\"image\":{\"@id\":\"https:\\\/\\\/www.immobilienbusiness.ch\\\/en\\\/regionen\\\/2017-09-15\\\/ueberbauung-auf-dem-areal-hardturm-kommt-einen-schritt-weiter\\\/#primaryimage\"},\"thumbnailUrl\":\"https:\\\/\\\/www.immobilienbusiness.ch\\\/wp-content\\\/uploads\\\/2017\\\/09\\\/04pfingstweidstrasse_nightnurse.jpg\",\"datePublished\":\"2017-09-15T07:29:46+00:00\",\"description\":\"Der Gestaltungsplan f\u00fcr die \u00dcberbauung auf dem Areal Z\u00fcrcher Hardturm liegt jetzt \u00f6ffentlich auf. Zudem wurden die Baurechtsvertr\u00e4ge beurkundet.\",\"breadcrumb\":{\"@id\":\"https:\\\/\\\/www.immobilienbusiness.ch\\\/en\\\/regionen\\\/2017-09-15\\\/ueberbauung-auf-dem-areal-hardturm-kommt-einen-schritt-weiter\\\/#breadcrumb\"},\"inLanguage\":\"it-IT\",\"potentialAction\":[{\"@type\":\"ReadAction\",\"target\":[\"https:\\\/\\\/www.immobilienbusiness.ch\\\/en\\\/regionen\\\/2017-09-15\\\/ueberbauung-auf-dem-areal-hardturm-kommt-einen-schritt-weiter\\\/\"]}]},{\"@type\":\"ImageObject\",\"inLanguage\":\"it-IT\",\"@id\":\"https:\\\/\\\/www.immobilienbusiness.ch\\\/en\\\/regionen\\\/2017-09-15\\\/ueberbauung-auf-dem-areal-hardturm-kommt-einen-schritt-weiter\\\/#primaryimage\",\"url\":\"https:\\\/\\\/www.immobilienbusiness.ch\\\/wp-content\\\/uploads\\\/2017\\\/09\\\/04pfingstweidstrasse_nightnurse.jpg\",\"contentUrl\":\"https:\\\/\\\/www.immobilienbusiness.ch\\\/wp-content\\\/uploads\\\/2017\\\/09\\\/04pfingstweidstrasse_nightnurse.jpg\",\"width\":2560,\"height\":1707,\"caption\":\"Die beiden geplanten Wohnhochh\u00e4user in Limmat-N\u00e4he (Visualisierung: Nightnurse Images)\"},{\"@type\":\"BreadcrumbList\",\"@id\":\"https:\\\/\\\/www.immobilienbusiness.ch\\\/en\\\/regionen\\\/2017-09-15\\\/ueberbauung-auf-dem-areal-hardturm-kommt-einen-schritt-weiter\\\/#breadcrumb\",\"itemListElement\":[{\"@type\":\"ListItem\",\"position\":1,\"name\":\"Home\",\"item\":\"https:\\\/\\\/www.immobilienbusiness.ch\\\/\"},{\"@type\":\"ListItem\",\"position\":2,\"name\":\"Z\u00fcrich: \u00dcberbauung auf Areal Hardturm einen Schritt weiter\"}]},{\"@type\":\"WebSite\",\"@id\":\"https:\\\/\\\/www.immobilienbusiness.ch\\\/#website\",\"url\":\"https:\\\/\\\/www.immobilienbusiness.ch\\\/\",\"name\":\"IMMOBILIEN Business\",\"description\":\"Unabh\u00e4ngiges Schweizer Wirtschaftsmagazin mit Fokus auf Immobilien, Architektur- und Bau sowie Investment- und Finanzierung.\",\"publisher\":{\"@id\":\"https:\\\/\\\/www.immobilienbusiness.ch\\\/#organization\"},\"potentialAction\":[{\"@type\":\"SearchAction\",\"target\":{\"@type\":\"EntryPoint\",\"urlTemplate\":\"https:\\\/\\\/www.immobilienbusiness.ch\\\/?s={search_term_string}\"},\"query-input\":{\"@type\":\"PropertyValueSpecification\",\"valueRequired\":true,\"valueName\":\"search_term_string\"}}],\"inLanguage\":\"it-IT\"},{\"@type\":\"Organization\",\"@id\":\"https:\\\/\\\/www.immobilienbusiness.ch\\\/#organization\",\"name\":\"IMMOBILIEN Business\",\"url\":\"https:\\\/\\\/www.immobilienbusiness.ch\\\/\",\"logo\":{\"@type\":\"ImageObject\",\"inLanguage\":\"it-IT\",\"@id\":\"https:\\\/\\\/www.immobilienbusiness.ch\\\/#\\\/schema\\\/logo\\\/image\\\/\",\"url\":\"https:\\\/\\\/www.immobilienbusiness.ch\\\/wp-content\\\/uploads\\\/2021\\\/07\\\/logo_ib.png\",\"contentUrl\":\"https:\\\/\\\/www.immobilienbusiness.ch\\\/wp-content\\\/uploads\\\/2021\\\/07\\\/logo_ib.png\",\"width\":800,\"height\":181,\"caption\":\"IMMOBILIEN Business\"},\"image\":{\"@id\":\"https:\\\/\\\/www.immobilienbusiness.ch\\\/#\\\/schema\\\/logo\\\/image\\\/\"},\"sameAs\":[\"https:\\\/\\\/www.facebook.com\\\/immobilienbusiness\\\/\"]},{\"@type\":\"Person\",\"@id\":\"https:\\\/\\\/www.immobilienbusiness.ch\\\/#\\\/schema\\\/person\\\/3fc036297b10b9f42d6db5ee932af8c8\",\"name\":\"anja.hall\",\"image\":{\"@type\":\"ImageObject\",\"inLanguage\":\"it-IT\",\"@id\":\"https:\\\/\\\/secure.gravatar.com\\\/avatar\\\/066b5a0d447013502c71a5782f4f3469f03cfe595cc2329fb94652fe47511bfb?s=96&d=mm&r=g\",\"url\":\"https:\\\/\\\/secure.gravatar.com\\\/avatar\\\/066b5a0d447013502c71a5782f4f3469f03cfe595cc2329fb94652fe47511bfb?s=96&d=mm&r=g\",\"contentUrl\":\"https:\\\/\\\/secure.gravatar.com\\\/avatar\\\/066b5a0d447013502c71a5782f4f3469f03cfe595cc2329fb94652fe47511bfb?s=96&d=mm&r=g\",\"caption\":\"anja.hall\"},\"url\":\"https:\\\/\\\/www.immobilienbusiness.ch\\\/it\\\/author\\\/anja-hall\\\/\"}]}<\/script>\n<!-- \/ Yoast SEO plugin. -->","yoast_head_json":{"title":"Z\u00fcrich: \u00dcberbauung auf Areal Hardturm einen Schritt weiter - IMMOBILIEN Business","description":"Der Gestaltungsplan f\u00fcr die \u00dcberbauung auf dem Areal Z\u00fcrcher Hardturm liegt jetzt \u00f6ffentlich auf. Zudem wurden die Baurechtsvertr\u00e4ge beurkundet.","robots":{"index":"index","follow":"follow","max-snippet":"max-snippet:-1","max-image-preview":"max-image-preview:large","max-video-preview":"max-video-preview:-1"},"canonical":"https:\/\/www.immobilienbusiness.ch\/it\/regionen\/2017-09-15\/ueberbauung-auf-dem-areal-hardturm-kommt-einen-schritt-weiter\/","og_locale":"it_IT","og_type":"article","og_title":"Z\u00fcrich: \u00dcberbauung auf Areal Hardturm einen Schritt weiter - IMMOBILIEN Business","og_description":"Der Gestaltungsplan f\u00fcr die \u00dcberbauung auf dem Areal Z\u00fcrcher Hardturm liegt jetzt \u00f6ffentlich auf. Zudem wurden die Baurechtsvertr\u00e4ge beurkundet.","og_url":"https:\/\/www.immobilienbusiness.ch\/it\/regionen\/2017-09-15\/ueberbauung-auf-dem-areal-hardturm-kommt-einen-schritt-weiter\/","og_site_name":"IMMOBILIEN Business","article_publisher":"https:\/\/www.facebook.com\/immobilienbusiness\/","article_published_time":"2017-09-15T07:29:46+00:00","og_image":[{"width":1024,"height":683,"url":"https:\/\/www.immobilienbusiness.ch\/wp-content\/uploads\/2017\/09\/04pfingstweidstrasse_nightnurse-1024x683.jpg","type":"image\/jpeg"}],"author":"anja.hall","twitter_card":"summary_large_image","twitter_description":"Der Gestaltungsplan f\u00fcr die \u00dcberbauung auf dem Areal Z\u00fcrcher Hardturm liegt jetzt \u00f6ffentlich auf. Zudem wurden die Baurechtsvertr\u00e4ge beurkundet.","schema":{"@context":"https:\/\/schema.org","@graph":[{"@type":"Article","@id":"https:\/\/www.immobilienbusiness.ch\/en\/regionen\/2017-09-15\/ueberbauung-auf-dem-areal-hardturm-kommt-einen-schritt-weiter\/#article","isPartOf":{"@id":"https:\/\/www.immobilienbusiness.ch\/en\/regionen\/2017-09-15\/ueberbauung-auf-dem-areal-hardturm-kommt-einen-schritt-weiter\/"},"author":{"name":"anja.hall","@id":"https:\/\/www.immobilienbusiness.ch\/#\/schema\/person\/3fc036297b10b9f42d6db5ee932af8c8"},"headline":"Z\u00fcrich: \u00dcberbauung auf Areal Hardturm einen Schritt weiter","datePublished":"2017-09-15T07:29:46+00:00","mainEntityOfPage":{"@id":"https:\/\/www.immobilienbusiness.ch\/en\/regionen\/2017-09-15\/ueberbauung-auf-dem-areal-hardturm-kommt-einen-schritt-weiter\/"},"wordCount":559,"commentCount":0,"publisher":{"@id":"https:\/\/www.immobilienbusiness.ch\/#organization"},"image":{"@id":"https:\/\/www.immobilienbusiness.ch\/en\/regionen\/2017-09-15\/ueberbauung-auf-dem-areal-hardturm-kommt-einen-schritt-weiter\/#primaryimage"},"thumbnailUrl":"https:\/\/www.immobilienbusiness.ch\/wp-content\/uploads\/2017\/09\/04pfingstweidstrasse_nightnurse.jpg","keywords":["Projekt in Planung","Regionen","Spezial Immobilien","Wohnimmobilien","Z\u00fcrich"],"articleSection":["REGIONEN"],"inLanguage":"it-IT"},{"@type":"WebPage","@id":"https:\/\/www.immobilienbusiness.ch\/en\/regionen\/2017-09-15\/ueberbauung-auf-dem-areal-hardturm-kommt-einen-schritt-weiter\/","url":"https:\/\/www.immobilienbusiness.ch\/en\/regionen\/2017-09-15\/ueberbauung-auf-dem-areal-hardturm-kommt-einen-schritt-weiter\/","name":"Z\u00fcrich: \u00dcberbauung auf Areal Hardturm einen Schritt weiter - IMMOBILIEN Business","isPartOf":{"@id":"https:\/\/www.immobilienbusiness.ch\/#website"},"primaryImageOfPage":{"@id":"https:\/\/www.immobilienbusiness.ch\/en\/regionen\/2017-09-15\/ueberbauung-auf-dem-areal-hardturm-kommt-einen-schritt-weiter\/#primaryimage"},"image":{"@id":"https:\/\/www.immobilienbusiness.ch\/en\/regionen\/2017-09-15\/ueberbauung-auf-dem-areal-hardturm-kommt-einen-schritt-weiter\/#primaryimage"},"thumbnailUrl":"https:\/\/www.immobilienbusiness.ch\/wp-content\/uploads\/2017\/09\/04pfingstweidstrasse_nightnurse.jpg","datePublished":"2017-09-15T07:29:46+00:00","description":"Der Gestaltungsplan f\u00fcr die \u00dcberbauung auf dem Areal Z\u00fcrcher Hardturm liegt jetzt \u00f6ffentlich auf. Zudem wurden die Baurechtsvertr\u00e4ge beurkundet.","breadcrumb":{"@id":"https:\/\/www.immobilienbusiness.ch\/en\/regionen\/2017-09-15\/ueberbauung-auf-dem-areal-hardturm-kommt-einen-schritt-weiter\/#breadcrumb"},"inLanguage":"it-IT","potentialAction":[{"@type":"ReadAction","target":["https:\/\/www.immobilienbusiness.ch\/en\/regionen\/2017-09-15\/ueberbauung-auf-dem-areal-hardturm-kommt-einen-schritt-weiter\/"]}]},{"@type":"ImageObject","inLanguage":"it-IT","@id":"https:\/\/www.immobilienbusiness.ch\/en\/regionen\/2017-09-15\/ueberbauung-auf-dem-areal-hardturm-kommt-einen-schritt-weiter\/#primaryimage","url":"https:\/\/www.immobilienbusiness.ch\/wp-content\/uploads\/2017\/09\/04pfingstweidstrasse_nightnurse.jpg","contentUrl":"https:\/\/www.immobilienbusiness.ch\/wp-content\/uploads\/2017\/09\/04pfingstweidstrasse_nightnurse.jpg","width":2560,"height":1707,"caption":"Die beiden geplanten Wohnhochh\u00e4user in Limmat-N\u00e4he (Visualisierung: Nightnurse Images)"},{"@type":"BreadcrumbList","@id":"https:\/\/www.immobilienbusiness.ch\/en\/regionen\/2017-09-15\/ueberbauung-auf-dem-areal-hardturm-kommt-einen-schritt-weiter\/#breadcrumb","itemListElement":[{"@type":"ListItem","position":1,"name":"Home","item":"https:\/\/www.immobilienbusiness.ch\/"},{"@type":"ListItem","position":2,"name":"Z\u00fcrich: \u00dcberbauung auf Areal Hardturm einen Schritt weiter"}]},{"@type":"WebSite","@id":"https:\/\/www.immobilienbusiness.ch\/#website","url":"https:\/\/www.immobilienbusiness.ch\/","name":"Affari immobiliari","description":"Rivista economica indipendente svizzera che si concentra sul settore immobiliare, l'architettura e la costruzione, nonch\u00e9 sugli investimenti e i finanziamenti.","publisher":{"@id":"https:\/\/www.immobilienbusiness.ch\/#organization"},"potentialAction":[{"@type":"SearchAction","target":{"@type":"EntryPoint","urlTemplate":"https:\/\/www.immobilienbusiness.ch\/?s={search_term_string}"},"query-input":{"@type":"PropertyValueSpecification","valueRequired":true,"valueName":"search_term_string"}}],"inLanguage":"it-IT"},{"@type":"Organization","@id":"https:\/\/www.immobilienbusiness.ch\/#organization","name":"Affari immobiliari","url":"https:\/\/www.immobilienbusiness.ch\/","logo":{"@type":"ImageObject","inLanguage":"it-IT","@id":"https:\/\/www.immobilienbusiness.ch\/#\/schema\/logo\/image\/","url":"https:\/\/www.immobilienbusiness.ch\/wp-content\/uploads\/2021\/07\/logo_ib.png","contentUrl":"https:\/\/www.immobilienbusiness.ch\/wp-content\/uploads\/2021\/07\/logo_ib.png","width":800,"height":181,"caption":"IMMOBILIEN Business"},"image":{"@id":"https:\/\/www.immobilienbusiness.ch\/#\/schema\/logo\/image\/"},"sameAs":["https:\/\/www.facebook.com\/immobilienbusiness\/"]},{"@type":"Person","@id":"https:\/\/www.immobilienbusiness.ch\/#\/schema\/person\/3fc036297b10b9f42d6db5ee932af8c8","name":"anja.hall","image":{"@type":"ImageObject","inLanguage":"it-IT","@id":"https:\/\/secure.gravatar.com\/avatar\/066b5a0d447013502c71a5782f4f3469f03cfe595cc2329fb94652fe47511bfb?s=96&d=mm&r=g","url":"https:\/\/secure.gravatar.com\/avatar\/066b5a0d447013502c71a5782f4f3469f03cfe595cc2329fb94652fe47511bfb?s=96&d=mm&r=g","contentUrl":"https:\/\/secure.gravatar.com\/avatar\/066b5a0d447013502c71a5782f4f3469f03cfe595cc2329fb94652fe47511bfb?s=96&d=mm&r=g","caption":"anja.hall"},"url":"https:\/\/www.immobilienbusiness.ch\/it\/author\/anja-hall\/"}]}},"_links":{"self":[{"href":"https:\/\/www.immobilienbusiness.ch\/it\/wp-json\/wp\/v2\/posts\/9184","targetHints":{"allow":["GET"]}}],"collection":[{"href":"https:\/\/www.immobilienbusiness.ch\/it\/wp-json\/wp\/v2\/posts"}],"about":[{"href":"https:\/\/www.immobilienbusiness.ch\/it\/wp-json\/wp\/v2\/types\/post"}],"author":[{"embeddable":true,"href":"https:\/\/www.immobilienbusiness.ch\/it\/wp-json\/wp\/v2\/users\/3"}],"replies":[{"embeddable":true,"href":"https:\/\/www.immobilienbusiness.ch\/it\/wp-json\/wp\/v2\/comments?post=9184"}],"version-history":[{"count":0,"href":"https:\/\/www.immobilienbusiness.ch\/it\/wp-json\/wp\/v2\/posts\/9184\/revisions"}],"wp:featuredmedia":[{"embeddable":true,"href":"https:\/\/www.immobilienbusiness.ch\/it\/wp-json\/wp\/v2\/media\/9189"}],"wp:attachment":[{"href":"https:\/\/www.immobilienbusiness.ch\/it\/wp-json\/wp\/v2\/media?parent=9184"}],"wp:term":[{"taxonomy":"category","embeddable":true,"href":"https:\/\/www.immobilienbusiness.ch\/it\/wp-json\/wp\/v2\/categories?post=9184"},{"taxonomy":"post_tag","embeddable":true,"href":"https:\/\/www.immobilienbusiness.ch\/it\/wp-json\/wp\/v2\/tags?post=9184"}],"curies":[{"name":"wp","href":"https:\/\/api.w.org\/{rel}","templated":true}]}}