{"id":9117,"date":"2017-09-15T08:28:35","date_gmt":"2017-09-15T06:28:35","guid":{"rendered":"https:\/\/www.immobilienbusiness.ch\/?p=9117"},"modified":"2017-09-15T08:28:35","modified_gmt":"2017-09-15T06:28:35","slug":"swiss-life-kauft-retail-immobilie-in-koelner-bestlage","status":"publish","type":"post","link":"https:\/\/www.immobilienbusiness.ch\/it\/unternehmen\/2017-09-15\/swiss-life-kauft-retail-immobilie-in-koelner-bestlage\/","title":{"rendered":"Swiss Life acquista una propriet\u00e0 al dettaglio in una posizione privilegiata a Colonia"},"content":{"rendered":"<figure id=\"attachment_4634\" aria-describedby=\"caption-attachment-4634\" style=\"width: 680px\" class=\"wp-caption alignnone\"><img loading=\"lazy\" decoding=\"async\" class=\"size-medium wp-image-4634\" src=\"https:\/\/www.immobilienbusiness.ch\/wp-content\/uploads\/2015\/08\/Zurich-wird-Grossmieter-in-K\u00f6lns-MesseCity-immobilien-business.jpg\" alt=\"\" width=\"680\" height=\"380\" \/><figcaption id=\"caption-attachment-4634\" class=\"wp-caption-text\">Swiss Life acquista un immobile commerciale in una posizione privilegiata a Colonia \u00a9 Eckhard Henkel, CC BY-SA 3.0 IT via Wikimedia Commons<\/figcaption><\/figure>\n<p>La propriet\u00e0 comprende 2.000 mq di spazio in affitto e si trova direttamente nella transizione tra la posizione Ehrenstrasse alla moda e la posizione Breite Strasse. L'edificio \u00e8 situato in una posizione d'angolo di fronte a Willy-Millowitsch-Platz e nell'asse visivo di Apostelnstrasse. L'inquilino principale dello spazio commerciale \u00e8 il rivenditore di Apple Gravis.<\/p>\n<p>Le parti hanno concordato di non rivelare il prezzo di acquisto. La vendita \u00e8 avvenuta per mezzo di un asset deal. Dopo il passaggio di propriet\u00e0, l'immobile sar\u00e0 gestito dall'asset management della filiale di Swiss Life Corpus Sireo Real Estate.<\/p>\n<p>L'acquirente \u00e8 stato consigliato legalmente da Stock Aders Klein + Partner, fiscalmente da Dornbach GmbH e tecnicamente da Brand Berger. La consulenza legale al venditore \u00e8 stata fornita da Loschelder Rechtsanw\u00e4lte e la consulenza fiscale da Ecovis.<\/p>\n<p>&nbsp;<\/p>","protected":false},"excerpt":{"rendered":"<p>La filiale tedesca di Swiss Life ha acquisito un immobile di base per la vendita al dettaglio in una posizione privilegiata a Colonia. Il venditore \u00e8 DERECO, un ufficio multifamiliare per beni immobiliari.<\/p>","protected":false},"author":3,"featured_media":4634,"comment_status":"open","ping_status":"open","sticky":false,"template":"","format":"standard","meta":{"_acf_changed":false,"_yoast_wpseo_focuskw":"Swiss Life","_yoast_wpseo_title":"","_yoast_wpseo_metadesc":"Die deutsche Niederlassung der Swiss Life hat eine Core-Retailimmobilie in der 1a-Lage von K\u00f6ln erworben. Verk\u00e4ufer ist DERECO.","_yoast_wpseo_linkdex":58,"pgc_sgb_lightbox_settings":"","footnotes":""},"categories":[988],"tags":[1052,1348,1643,1756],"class_list":["post-9117","post","type-post","status-publish","format-standard","has-post-thumbnail","hentry","category-unternehmen","tag-ausland","tag-immobilienkauf","tag-retail","tag-swiss-life"],"acf":[],"yoast_head":"<!-- This site is optimized with the Yoast SEO plugin v27.5 - https:\/\/yoast.com\/product\/yoast-seo-wordpress\/ -->\n<title>Swiss Life kauft Retail-Immobilie in K\u00f6lner Bestlage - IMMOBILIEN Business<\/title>\n<meta name=\"description\" content=\"Die deutsche Niederlassung der Swiss Life hat eine Core-Retailimmobilie in der 1a-Lage von K\u00f6ln erworben. Verk\u00e4ufer ist DERECO.\" \/>\n<meta name=\"robots\" content=\"index, follow, max-snippet:-1, max-image-preview:large, max-video-preview:-1\" \/>\n<link rel=\"canonical\" href=\"https:\/\/www.immobilienbusiness.ch\/it\/unternehmen\/2017-09-15\/swiss-life-kauft-retail-immobilie-in-koelner-bestlage\/\" \/>\n<meta property=\"og:locale\" content=\"it_IT\" \/>\n<meta property=\"og:type\" content=\"article\" \/>\n<meta property=\"og:title\" content=\"Swiss Life kauft Retail-Immobilie in K\u00f6lner Bestlage\" \/>\n<meta property=\"og:description\" content=\"Die deutsche Niederlassung der Swiss Life hat eine Core-Retailimmobilie in der 1a-Lage von K\u00f6ln erworben. Verk\u00e4ufer ist DERECO.\" \/>\n<meta property=\"og:url\" content=\"https:\/\/www.immobilienbusiness.ch\/it\/unternehmen\/2017-09-15\/swiss-life-kauft-retail-immobilie-in-koelner-bestlage\/\" \/>\n<meta property=\"og:site_name\" content=\"IMMOBILIEN Business\" \/>\n<meta property=\"article:publisher\" content=\"https:\/\/www.facebook.com\/immobilienbusiness\/\" \/>\n<meta property=\"article:published_time\" content=\"2017-09-15T06:28:35+00:00\" \/>\n<meta property=\"og:image\" content=\"https:\/\/www.immobilienbusiness.ch\/wp-content\/uploads\/2015\/08\/Zurich-wird-Grossmieter-in-Koelns-MesseCity-immobilien-business-1024x572.jpg\" \/>\n\t<meta property=\"og:image:width\" content=\"1024\" \/>\n\t<meta property=\"og:image:height\" content=\"572\" \/>\n\t<meta property=\"og:image:type\" content=\"image\/jpeg\" \/>\n<meta name=\"author\" content=\"anja.hall\" \/>\n<meta name=\"twitter:card\" content=\"summary_large_image\" \/>\n<meta name=\"twitter:title\" content=\"Swiss Life kauft Retail-Immobilie in K\u00f6lner Bestlage\" \/>\n<meta name=\"twitter:description\" content=\"Die deutsche Niederlassung der Swiss Life hat eine Core-Retailimmobilie in der 1a-Lage von K\u00f6ln erworben. Verk\u00e4ufer ist DERECO.\" \/>\n<meta name=\"twitter:image\" content=\"https:\/\/www.immobilienbusiness.ch\/wp-content\/uploads\/2015\/08\/Zurich-wird-Grossmieter-in-K\u00f6lns-MesseCity-immobilien-business.jpg\" \/>\n<script type=\"application\/ld+json\" class=\"yoast-schema-graph\">{\"@context\":\"https:\\\/\\\/schema.org\",\"@graph\":[{\"@type\":\"Article\",\"@id\":\"https:\\\/\\\/www.immobilienbusiness.ch\\\/fr\\\/unternehmen\\\/2017-09-15\\\/swiss-life-kauft-retail-immobilie-in-koelner-bestlage\\\/#article\",\"isPartOf\":{\"@id\":\"https:\\\/\\\/www.immobilienbusiness.ch\\\/fr\\\/unternehmen\\\/2017-09-15\\\/swiss-life-kauft-retail-immobilie-in-koelner-bestlage\\\/\"},\"author\":{\"name\":\"anja.hall\",\"@id\":\"https:\\\/\\\/www.immobilienbusiness.ch\\\/#\\\/schema\\\/person\\\/3fc036297b10b9f42d6db5ee932af8c8\"},\"headline\":\"Swiss Life kauft Retail-Immobilie in K\u00f6lner Bestlage\",\"datePublished\":\"2017-09-15T06:28:35+00:00\",\"mainEntityOfPage\":{\"@id\":\"https:\\\/\\\/www.immobilienbusiness.ch\\\/fr\\\/unternehmen\\\/2017-09-15\\\/swiss-life-kauft-retail-immobilie-in-koelner-bestlage\\\/\"},\"wordCount\":150,\"commentCount\":0,\"publisher\":{\"@id\":\"https:\\\/\\\/www.immobilienbusiness.ch\\\/#organization\"},\"image\":{\"@id\":\"https:\\\/\\\/www.immobilienbusiness.ch\\\/fr\\\/unternehmen\\\/2017-09-15\\\/swiss-life-kauft-retail-immobilie-in-koelner-bestlage\\\/#primaryimage\"},\"thumbnailUrl\":\"https:\\\/\\\/www.immobilienbusiness.ch\\\/wp-content\\\/uploads\\\/2015\\\/08\\\/Zurich-wird-Grossmieter-in-Koelns-MesseCity-immobilien-business.jpg\",\"keywords\":[\"Ausland\",\"Immobilienkauf\",\"Retail\",\"Swiss Life\"],\"articleSection\":[\"UNTERNEHMEN\"],\"inLanguage\":\"it-IT\"},{\"@type\":\"WebPage\",\"@id\":\"https:\\\/\\\/www.immobilienbusiness.ch\\\/fr\\\/unternehmen\\\/2017-09-15\\\/swiss-life-kauft-retail-immobilie-in-koelner-bestlage\\\/\",\"url\":\"https:\\\/\\\/www.immobilienbusiness.ch\\\/fr\\\/unternehmen\\\/2017-09-15\\\/swiss-life-kauft-retail-immobilie-in-koelner-bestlage\\\/\",\"name\":\"Swiss Life kauft Retail-Immobilie in K\u00f6lner Bestlage - IMMOBILIEN Business\",\"isPartOf\":{\"@id\":\"https:\\\/\\\/www.immobilienbusiness.ch\\\/#website\"},\"primaryImageOfPage\":{\"@id\":\"https:\\\/\\\/www.immobilienbusiness.ch\\\/fr\\\/unternehmen\\\/2017-09-15\\\/swiss-life-kauft-retail-immobilie-in-koelner-bestlage\\\/#primaryimage\"},\"image\":{\"@id\":\"https:\\\/\\\/www.immobilienbusiness.ch\\\/fr\\\/unternehmen\\\/2017-09-15\\\/swiss-life-kauft-retail-immobilie-in-koelner-bestlage\\\/#primaryimage\"},\"thumbnailUrl\":\"https:\\\/\\\/www.immobilienbusiness.ch\\\/wp-content\\\/uploads\\\/2015\\\/08\\\/Zurich-wird-Grossmieter-in-Koelns-MesseCity-immobilien-business.jpg\",\"datePublished\":\"2017-09-15T06:28:35+00:00\",\"description\":\"Die deutsche Niederlassung der Swiss Life hat eine Core-Retailimmobilie in der 1a-Lage von K\u00f6ln erworben. Verk\u00e4ufer ist DERECO.\",\"breadcrumb\":{\"@id\":\"https:\\\/\\\/www.immobilienbusiness.ch\\\/fr\\\/unternehmen\\\/2017-09-15\\\/swiss-life-kauft-retail-immobilie-in-koelner-bestlage\\\/#breadcrumb\"},\"inLanguage\":\"it-IT\",\"potentialAction\":[{\"@type\":\"ReadAction\",\"target\":[\"https:\\\/\\\/www.immobilienbusiness.ch\\\/fr\\\/unternehmen\\\/2017-09-15\\\/swiss-life-kauft-retail-immobilie-in-koelner-bestlage\\\/\"]}]},{\"@type\":\"ImageObject\",\"inLanguage\":\"it-IT\",\"@id\":\"https:\\\/\\\/www.immobilienbusiness.ch\\\/fr\\\/unternehmen\\\/2017-09-15\\\/swiss-life-kauft-retail-immobilie-in-koelner-bestlage\\\/#primaryimage\",\"url\":\"https:\\\/\\\/www.immobilienbusiness.ch\\\/wp-content\\\/uploads\\\/2015\\\/08\\\/Zurich-wird-Grossmieter-in-Koelns-MesseCity-immobilien-business.jpg\",\"contentUrl\":\"https:\\\/\\\/www.immobilienbusiness.ch\\\/wp-content\\\/uploads\\\/2015\\\/08\\\/Zurich-wird-Grossmieter-in-Koelns-MesseCity-immobilien-business.jpg\",\"width\":2560,\"height\":1430,\"caption\":\"\u00a9 Eckhard Henkel, CC BY-SA 3.0 DE (via Wikimedia Commons)\"},{\"@type\":\"BreadcrumbList\",\"@id\":\"https:\\\/\\\/www.immobilienbusiness.ch\\\/fr\\\/unternehmen\\\/2017-09-15\\\/swiss-life-kauft-retail-immobilie-in-koelner-bestlage\\\/#breadcrumb\",\"itemListElement\":[{\"@type\":\"ListItem\",\"position\":1,\"name\":\"Home\",\"item\":\"https:\\\/\\\/www.immobilienbusiness.ch\\\/\"},{\"@type\":\"ListItem\",\"position\":2,\"name\":\"Swiss Life kauft Retail-Immobilie in K\u00f6lner Bestlage\"}]},{\"@type\":\"WebSite\",\"@id\":\"https:\\\/\\\/www.immobilienbusiness.ch\\\/#website\",\"url\":\"https:\\\/\\\/www.immobilienbusiness.ch\\\/\",\"name\":\"IMMOBILIEN Business\",\"description\":\"Unabh\u00e4ngiges Schweizer Wirtschaftsmagazin mit Fokus auf Immobilien, Architektur- und Bau sowie Investment- und Finanzierung.\",\"publisher\":{\"@id\":\"https:\\\/\\\/www.immobilienbusiness.ch\\\/#organization\"},\"potentialAction\":[{\"@type\":\"SearchAction\",\"target\":{\"@type\":\"EntryPoint\",\"urlTemplate\":\"https:\\\/\\\/www.immobilienbusiness.ch\\\/?s={search_term_string}\"},\"query-input\":{\"@type\":\"PropertyValueSpecification\",\"valueRequired\":true,\"valueName\":\"search_term_string\"}}],\"inLanguage\":\"it-IT\"},{\"@type\":\"Organization\",\"@id\":\"https:\\\/\\\/www.immobilienbusiness.ch\\\/#organization\",\"name\":\"IMMOBILIEN Business\",\"url\":\"https:\\\/\\\/www.immobilienbusiness.ch\\\/\",\"logo\":{\"@type\":\"ImageObject\",\"inLanguage\":\"it-IT\",\"@id\":\"https:\\\/\\\/www.immobilienbusiness.ch\\\/#\\\/schema\\\/logo\\\/image\\\/\",\"url\":\"https:\\\/\\\/www.immobilienbusiness.ch\\\/wp-content\\\/uploads\\\/2021\\\/07\\\/logo_ib.png\",\"contentUrl\":\"https:\\\/\\\/www.immobilienbusiness.ch\\\/wp-content\\\/uploads\\\/2021\\\/07\\\/logo_ib.png\",\"width\":800,\"height\":181,\"caption\":\"IMMOBILIEN Business\"},\"image\":{\"@id\":\"https:\\\/\\\/www.immobilienbusiness.ch\\\/#\\\/schema\\\/logo\\\/image\\\/\"},\"sameAs\":[\"https:\\\/\\\/www.facebook.com\\\/immobilienbusiness\\\/\"]},{\"@type\":\"Person\",\"@id\":\"https:\\\/\\\/www.immobilienbusiness.ch\\\/#\\\/schema\\\/person\\\/3fc036297b10b9f42d6db5ee932af8c8\",\"name\":\"anja.hall\",\"image\":{\"@type\":\"ImageObject\",\"inLanguage\":\"it-IT\",\"@id\":\"https:\\\/\\\/secure.gravatar.com\\\/avatar\\\/066b5a0d447013502c71a5782f4f3469f03cfe595cc2329fb94652fe47511bfb?s=96&d=mm&r=g\",\"url\":\"https:\\\/\\\/secure.gravatar.com\\\/avatar\\\/066b5a0d447013502c71a5782f4f3469f03cfe595cc2329fb94652fe47511bfb?s=96&d=mm&r=g\",\"contentUrl\":\"https:\\\/\\\/secure.gravatar.com\\\/avatar\\\/066b5a0d447013502c71a5782f4f3469f03cfe595cc2329fb94652fe47511bfb?s=96&d=mm&r=g\",\"caption\":\"anja.hall\"},\"url\":\"https:\\\/\\\/www.immobilienbusiness.ch\\\/it\\\/author\\\/anja-hall\\\/\"}]}<\/script>\n<!-- \/ Yoast SEO plugin. -->","yoast_head_json":{"title":"Swiss Life kauft Retail-Immobilie in K\u00f6lner Bestlage - IMMOBILIEN Business","description":"Die deutsche Niederlassung der Swiss Life hat eine Core-Retailimmobilie in der 1a-Lage von K\u00f6ln erworben. Verk\u00e4ufer ist DERECO.","robots":{"index":"index","follow":"follow","max-snippet":"max-snippet:-1","max-image-preview":"max-image-preview:large","max-video-preview":"max-video-preview:-1"},"canonical":"https:\/\/www.immobilienbusiness.ch\/it\/unternehmen\/2017-09-15\/swiss-life-kauft-retail-immobilie-in-koelner-bestlage\/","og_locale":"it_IT","og_type":"article","og_title":"Swiss Life kauft Retail-Immobilie in K\u00f6lner Bestlage","og_description":"Die deutsche Niederlassung der Swiss Life hat eine Core-Retailimmobilie in der 1a-Lage von K\u00f6ln erworben. Verk\u00e4ufer ist DERECO.","og_url":"https:\/\/www.immobilienbusiness.ch\/it\/unternehmen\/2017-09-15\/swiss-life-kauft-retail-immobilie-in-koelner-bestlage\/","og_site_name":"IMMOBILIEN Business","article_publisher":"https:\/\/www.facebook.com\/immobilienbusiness\/","article_published_time":"2017-09-15T06:28:35+00:00","og_image":[{"width":1024,"height":572,"url":"https:\/\/www.immobilienbusiness.ch\/wp-content\/uploads\/2015\/08\/Zurich-wird-Grossmieter-in-Koelns-MesseCity-immobilien-business-1024x572.jpg","type":"image\/jpeg"}],"author":"anja.hall","twitter_card":"summary_large_image","twitter_title":"Swiss Life kauft Retail-Immobilie in K\u00f6lner Bestlage","twitter_description":"Die deutsche Niederlassung der Swiss Life hat eine Core-Retailimmobilie in der 1a-Lage von K\u00f6ln erworben. Verk\u00e4ufer ist DERECO.","twitter_image":"https:\/\/www.immobilienbusiness.ch\/wp-content\/uploads\/2015\/08\/Zurich-wird-Grossmieter-in-K\u00f6lns-MesseCity-immobilien-business.jpg","schema":{"@context":"https:\/\/schema.org","@graph":[{"@type":"Article","@id":"https:\/\/www.immobilienbusiness.ch\/fr\/unternehmen\/2017-09-15\/swiss-life-kauft-retail-immobilie-in-koelner-bestlage\/#article","isPartOf":{"@id":"https:\/\/www.immobilienbusiness.ch\/fr\/unternehmen\/2017-09-15\/swiss-life-kauft-retail-immobilie-in-koelner-bestlage\/"},"author":{"name":"anja.hall","@id":"https:\/\/www.immobilienbusiness.ch\/#\/schema\/person\/3fc036297b10b9f42d6db5ee932af8c8"},"headline":"Swiss Life kauft Retail-Immobilie in K\u00f6lner Bestlage","datePublished":"2017-09-15T06:28:35+00:00","mainEntityOfPage":{"@id":"https:\/\/www.immobilienbusiness.ch\/fr\/unternehmen\/2017-09-15\/swiss-life-kauft-retail-immobilie-in-koelner-bestlage\/"},"wordCount":150,"commentCount":0,"publisher":{"@id":"https:\/\/www.immobilienbusiness.ch\/#organization"},"image":{"@id":"https:\/\/www.immobilienbusiness.ch\/fr\/unternehmen\/2017-09-15\/swiss-life-kauft-retail-immobilie-in-koelner-bestlage\/#primaryimage"},"thumbnailUrl":"https:\/\/www.immobilienbusiness.ch\/wp-content\/uploads\/2015\/08\/Zurich-wird-Grossmieter-in-Koelns-MesseCity-immobilien-business.jpg","keywords":["Ausland","Immobilienkauf","Retail","Swiss Life"],"articleSection":["UNTERNEHMEN"],"inLanguage":"it-IT"},{"@type":"WebPage","@id":"https:\/\/www.immobilienbusiness.ch\/fr\/unternehmen\/2017-09-15\/swiss-life-kauft-retail-immobilie-in-koelner-bestlage\/","url":"https:\/\/www.immobilienbusiness.ch\/fr\/unternehmen\/2017-09-15\/swiss-life-kauft-retail-immobilie-in-koelner-bestlage\/","name":"Swiss Life kauft Retail-Immobilie in K\u00f6lner Bestlage - IMMOBILIEN Business","isPartOf":{"@id":"https:\/\/www.immobilienbusiness.ch\/#website"},"primaryImageOfPage":{"@id":"https:\/\/www.immobilienbusiness.ch\/fr\/unternehmen\/2017-09-15\/swiss-life-kauft-retail-immobilie-in-koelner-bestlage\/#primaryimage"},"image":{"@id":"https:\/\/www.immobilienbusiness.ch\/fr\/unternehmen\/2017-09-15\/swiss-life-kauft-retail-immobilie-in-koelner-bestlage\/#primaryimage"},"thumbnailUrl":"https:\/\/www.immobilienbusiness.ch\/wp-content\/uploads\/2015\/08\/Zurich-wird-Grossmieter-in-Koelns-MesseCity-immobilien-business.jpg","datePublished":"2017-09-15T06:28:35+00:00","description":"Die deutsche Niederlassung der Swiss Life hat eine Core-Retailimmobilie in der 1a-Lage von K\u00f6ln erworben. Verk\u00e4ufer ist DERECO.","breadcrumb":{"@id":"https:\/\/www.immobilienbusiness.ch\/fr\/unternehmen\/2017-09-15\/swiss-life-kauft-retail-immobilie-in-koelner-bestlage\/#breadcrumb"},"inLanguage":"it-IT","potentialAction":[{"@type":"ReadAction","target":["https:\/\/www.immobilienbusiness.ch\/fr\/unternehmen\/2017-09-15\/swiss-life-kauft-retail-immobilie-in-koelner-bestlage\/"]}]},{"@type":"ImageObject","inLanguage":"it-IT","@id":"https:\/\/www.immobilienbusiness.ch\/fr\/unternehmen\/2017-09-15\/swiss-life-kauft-retail-immobilie-in-koelner-bestlage\/#primaryimage","url":"https:\/\/www.immobilienbusiness.ch\/wp-content\/uploads\/2015\/08\/Zurich-wird-Grossmieter-in-Koelns-MesseCity-immobilien-business.jpg","contentUrl":"https:\/\/www.immobilienbusiness.ch\/wp-content\/uploads\/2015\/08\/Zurich-wird-Grossmieter-in-Koelns-MesseCity-immobilien-business.jpg","width":2560,"height":1430,"caption":"\u00a9 Eckhard Henkel, CC BY-SA 3.0 DE (via Wikimedia Commons)"},{"@type":"BreadcrumbList","@id":"https:\/\/www.immobilienbusiness.ch\/fr\/unternehmen\/2017-09-15\/swiss-life-kauft-retail-immobilie-in-koelner-bestlage\/#breadcrumb","itemListElement":[{"@type":"ListItem","position":1,"name":"Home","item":"https:\/\/www.immobilienbusiness.ch\/"},{"@type":"ListItem","position":2,"name":"Swiss Life kauft Retail-Immobilie in K\u00f6lner Bestlage"}]},{"@type":"WebSite","@id":"https:\/\/www.immobilienbusiness.ch\/#website","url":"https:\/\/www.immobilienbusiness.ch\/","name":"Affari immobiliari","description":"Rivista economica indipendente svizzera che si concentra sul settore immobiliare, l'architettura e la costruzione, nonch\u00e9 sugli investimenti e i finanziamenti.","publisher":{"@id":"https:\/\/www.immobilienbusiness.ch\/#organization"},"potentialAction":[{"@type":"SearchAction","target":{"@type":"EntryPoint","urlTemplate":"https:\/\/www.immobilienbusiness.ch\/?s={search_term_string}"},"query-input":{"@type":"PropertyValueSpecification","valueRequired":true,"valueName":"search_term_string"}}],"inLanguage":"it-IT"},{"@type":"Organization","@id":"https:\/\/www.immobilienbusiness.ch\/#organization","name":"Affari immobiliari","url":"https:\/\/www.immobilienbusiness.ch\/","logo":{"@type":"ImageObject","inLanguage":"it-IT","@id":"https:\/\/www.immobilienbusiness.ch\/#\/schema\/logo\/image\/","url":"https:\/\/www.immobilienbusiness.ch\/wp-content\/uploads\/2021\/07\/logo_ib.png","contentUrl":"https:\/\/www.immobilienbusiness.ch\/wp-content\/uploads\/2021\/07\/logo_ib.png","width":800,"height":181,"caption":"IMMOBILIEN Business"},"image":{"@id":"https:\/\/www.immobilienbusiness.ch\/#\/schema\/logo\/image\/"},"sameAs":["https:\/\/www.facebook.com\/immobilienbusiness\/"]},{"@type":"Person","@id":"https:\/\/www.immobilienbusiness.ch\/#\/schema\/person\/3fc036297b10b9f42d6db5ee932af8c8","name":"anja.hall","image":{"@type":"ImageObject","inLanguage":"it-IT","@id":"https:\/\/secure.gravatar.com\/avatar\/066b5a0d447013502c71a5782f4f3469f03cfe595cc2329fb94652fe47511bfb?s=96&d=mm&r=g","url":"https:\/\/secure.gravatar.com\/avatar\/066b5a0d447013502c71a5782f4f3469f03cfe595cc2329fb94652fe47511bfb?s=96&d=mm&r=g","contentUrl":"https:\/\/secure.gravatar.com\/avatar\/066b5a0d447013502c71a5782f4f3469f03cfe595cc2329fb94652fe47511bfb?s=96&d=mm&r=g","caption":"anja.hall"},"url":"https:\/\/www.immobilienbusiness.ch\/it\/author\/anja-hall\/"}]}},"_links":{"self":[{"href":"https:\/\/www.immobilienbusiness.ch\/it\/wp-json\/wp\/v2\/posts\/9117","targetHints":{"allow":["GET"]}}],"collection":[{"href":"https:\/\/www.immobilienbusiness.ch\/it\/wp-json\/wp\/v2\/posts"}],"about":[{"href":"https:\/\/www.immobilienbusiness.ch\/it\/wp-json\/wp\/v2\/types\/post"}],"author":[{"embeddable":true,"href":"https:\/\/www.immobilienbusiness.ch\/it\/wp-json\/wp\/v2\/users\/3"}],"replies":[{"embeddable":true,"href":"https:\/\/www.immobilienbusiness.ch\/it\/wp-json\/wp\/v2\/comments?post=9117"}],"version-history":[{"count":0,"href":"https:\/\/www.immobilienbusiness.ch\/it\/wp-json\/wp\/v2\/posts\/9117\/revisions"}],"wp:featuredmedia":[{"embeddable":true,"href":"https:\/\/www.immobilienbusiness.ch\/it\/wp-json\/wp\/v2\/media\/4634"}],"wp:attachment":[{"href":"https:\/\/www.immobilienbusiness.ch\/it\/wp-json\/wp\/v2\/media?parent=9117"}],"wp:term":[{"taxonomy":"category","embeddable":true,"href":"https:\/\/www.immobilienbusiness.ch\/it\/wp-json\/wp\/v2\/categories?post=9117"},{"taxonomy":"post_tag","embeddable":true,"href":"https:\/\/www.immobilienbusiness.ch\/it\/wp-json\/wp\/v2\/tags?post=9117"}],"curies":[{"name":"wp","href":"https:\/\/api.w.org\/{rel}","templated":true}]}}