{"id":9059,"date":"2017-09-12T08:56:45","date_gmt":"2017-09-12T06:56:45","guid":{"rendered":"https:\/\/www.immobilienbusiness.ch\/?p=9059"},"modified":"2017-09-12T08:56:45","modified_gmt":"2017-09-12T06:56:45","slug":"mobimo-stellt-geschaeftsleitung-neu-auf","status":"publish","type":"post","link":"https:\/\/www.immobilienbusiness.ch\/it\/unternehmen\/2017-09-12\/mobimo-stellt-geschaeftsleitung-neu-auf\/","title":{"rendered":"Mobimo ristruttura il suo Comitato esecutivo"},"content":{"rendered":"<figure id=\"attachment_8901\" aria-describedby=\"caption-attachment-8901\" style=\"width: 680px\" class=\"wp-caption alignnone\"><img loading=\"lazy\" decoding=\"async\" class=\"size-medium wp-image-8901\" src=\"https:\/\/www.immobilienbusiness.ch\/wp-content\/uploads\/2017\/08\/IB-News-30082017-Halter-AG-Personelle-Ver\u00e4nderungen-c-Pixabay.jpg\" alt=\"\" width=\"680\" height=\"453\" \/><figcaption id=\"caption-attachment-8901\" class=\"wp-caption-text\">Mobimo ristruttura il proprio management e rafforza le aree di sviluppo e gestione dei progetti (Immagine: Pixabay)<\/figcaption><\/figure>\n<p>Nella nuova struttura organizzativa, Mobimo riunir\u00e0 tutte le attivit\u00e0 di sviluppo, sia per il proprio portafoglio che per terzi, nella business unit Development. Marco Tondel (nato nel 1974) assumer\u00e0 la direzione di questa divisione il 1\u00b0 gennaio 2018 ed entrer\u00e0 a far parte del Comitato esecutivo. L'architetto ETH lavora per la societ\u00e0 immobiliare dal 1\u00b0 gennaio 2012 e in precedenza era responsabile della divisione Third Party Development.<\/p>\n<p>Anche Vinzenz Manser (nato nel 1967), architetto di HTL e responsabile del reparto Project Management dal 2008, entrer\u00e0 a far parte del Comitato esecutivo a gennaio 2018. Secondo Mobimo, questo \u00e8 il riconoscimento del \"ruolo importante del dipartimento nell'assicurare che i progetti di costruzione siano completati in tempo e nel rispetto del budget, nonch\u00e9 nell'assicurare la qualit\u00e0 e la consegna senza problemi agli inquilini e agli acquirenti\". L'Aeschbachquartier di Aarau, il Mattenhof di Kriens e il sito di Labitzke a Zurigo sono tre progetti di grandi dimensioni attualmente in costruzione, nati dallo sviluppo di Mobimo e quindi di competenza del dipartimento di Project Management.<\/p>\n<p>Andreas H\u00e4mmerli lascer\u00e0 il Comitato esecutivo all'inizio del 2018. Dall'ottobre 2008 dirige il dipartimento Sviluppo ed \u00e8 responsabile dello sviluppo e della realizzazione di progetti e della vendita di condomini. Lavorer\u00e0 per Mobimo come consulente per alcuni progetti selezionati, come afferma la societ\u00e0 immobiliare.<\/p>\n<p>Dal 1\u00b0 gennaio 2018, il Comitato esecutivo di Mobimo Holding AG \u00e8 composto da sei persone: Christoph Caviezel (CEO), Thomas Stauber (responsabile del settore immobiliare, vice CEO), Manuel Itten (CFO), Marc Pointet (responsabile di Mobimo Suisse romande), Vinzenz Manser (responsabile del project management) e Marco Tondel (responsabile dello sviluppo).<\/p>","protected":false},"excerpt":{"rendered":"<p>Vinzenz Manser e Marco Tondel entreranno a far parte del Comitato esecutivo di Mobimo il 1\u00b0 gennaio 2018. In questo modo, l'azienda intende dare maggior peso alle aree di gestione e sviluppo dei progetti. Andreas H\u00e4mmerli, responsabile dello sviluppo, lascia il Comitato esecutivo.<\/p>","protected":false},"author":3,"featured_media":8901,"comment_status":"open","ping_status":"open","sticky":false,"template":"","format":"standard","meta":{"_acf_changed":false,"_yoast_wpseo_focuskw":"Mobimo","_yoast_wpseo_title":"","_yoast_wpseo_metadesc":"Vinzenz Manser und Marco Tondel ziehen zum 1. Januar 2018 in die Gesch\u00e4ftsleitung der Mobimo ein. Andreas H\u00e4mmerli, Leiter Entwicklung, scheidet indes aus.","_yoast_wpseo_linkdex":74,"pgc_sgb_lightbox_settings":"","footnotes":""},"categories":[988],"tags":[1329,1563,1807],"class_list":["post-9059","post","type-post","status-publish","format-standard","has-post-thumbnail","hentry","category-unternehmen","tag-immobilien-ag","tag-personalia","tag-unternehmen"],"acf":[],"yoast_head":"<!-- This site is optimized with the Yoast SEO plugin v27.5 - https:\/\/yoast.com\/product\/yoast-seo-wordpress\/ -->\n<title>Mobimo stellt Gesch\u00e4ftsleitung neu auf - IMMOBILIEN Business<\/title>\n<meta name=\"description\" content=\"Vinzenz Manser und Marco Tondel ziehen zum 1. Januar 2018 in die Gesch\u00e4ftsleitung der Mobimo ein. Andreas H\u00e4mmerli, Leiter Entwicklung, scheidet indes aus.\" \/>\n<meta name=\"robots\" content=\"index, follow, max-snippet:-1, max-image-preview:large, max-video-preview:-1\" \/>\n<link rel=\"canonical\" href=\"https:\/\/www.immobilienbusiness.ch\/it\/unternehmen\/2017-09-12\/mobimo-stellt-geschaeftsleitung-neu-auf\/\" \/>\n<meta property=\"og:locale\" content=\"it_IT\" \/>\n<meta property=\"og:type\" content=\"article\" \/>\n<meta property=\"og:title\" content=\"Mobimo stellt Gesch\u00e4ftsleitung neu auf\" \/>\n<meta property=\"og:description\" content=\"Vinzenz Manser und Marco Tondel ziehen zum 1. Januar 2018 in die Gesch\u00e4ftsleitung der Mobimo ein. Andreas H\u00e4mmerli, Leiter Entwicklung, scheidet indes aus.\" \/>\n<meta property=\"og:url\" content=\"https:\/\/www.immobilienbusiness.ch\/it\/unternehmen\/2017-09-12\/mobimo-stellt-geschaeftsleitung-neu-auf\/\" \/>\n<meta property=\"og:site_name\" content=\"IMMOBILIEN Business\" \/>\n<meta property=\"article:publisher\" content=\"https:\/\/www.facebook.com\/immobilienbusiness\/\" \/>\n<meta property=\"article:published_time\" content=\"2017-09-12T06:56:45+00:00\" \/>\n<meta property=\"og:image\" content=\"https:\/\/www.immobilienbusiness.ch\/wp-content\/uploads\/2017\/08\/IB-News-30082017-Halter-AG-Personelle-Veraenderungen-c-Pixabay.jpg\" \/>\n\t<meta property=\"og:image:width\" content=\"969\" \/>\n\t<meta property=\"og:image:height\" content=\"646\" \/>\n\t<meta property=\"og:image:type\" content=\"image\/jpeg\" \/>\n<meta name=\"author\" content=\"anja.hall\" \/>\n<meta name=\"twitter:card\" content=\"summary_large_image\" \/>\n<meta name=\"twitter:title\" content=\"Mobimo stellt Gesch\u00e4ftsleitung neu auf\" \/>\n<meta name=\"twitter:description\" content=\"Vinzenz Manser und Marco Tondel ziehen zum 1. Januar 2018 in die Gesch\u00e4ftsleitung der Mobimo ein. Andreas H\u00e4mmerli, Leiter Entwicklung, scheidet indes aus.\" \/>\n<meta name=\"twitter:image\" content=\"https:\/\/www.immobilienbusiness.ch\/wp-content\/uploads\/2017\/08\/IB-News-30082017-Halter-AG-Personelle-Ver\u00e4nderungen-c-Pixabay.jpg\" \/>\n<script type=\"application\/ld+json\" class=\"yoast-schema-graph\">{\"@context\":\"https:\\\/\\\/schema.org\",\"@graph\":[{\"@type\":\"Article\",\"@id\":\"https:\\\/\\\/www.immobilienbusiness.ch\\\/en\\\/unternehmen\\\/2017-09-12\\\/mobimo-stellt-geschaeftsleitung-neu-auf\\\/#article\",\"isPartOf\":{\"@id\":\"https:\\\/\\\/www.immobilienbusiness.ch\\\/en\\\/unternehmen\\\/2017-09-12\\\/mobimo-stellt-geschaeftsleitung-neu-auf\\\/\"},\"author\":{\"name\":\"anja.hall\",\"@id\":\"https:\\\/\\\/www.immobilienbusiness.ch\\\/#\\\/schema\\\/person\\\/3fc036297b10b9f42d6db5ee932af8c8\"},\"headline\":\"Mobimo stellt Gesch\u00e4ftsleitung neu auf\",\"datePublished\":\"2017-09-12T06:56:45+00:00\",\"mainEntityOfPage\":{\"@id\":\"https:\\\/\\\/www.immobilienbusiness.ch\\\/en\\\/unternehmen\\\/2017-09-12\\\/mobimo-stellt-geschaeftsleitung-neu-auf\\\/\"},\"wordCount\":277,\"commentCount\":0,\"publisher\":{\"@id\":\"https:\\\/\\\/www.immobilienbusiness.ch\\\/#organization\"},\"image\":{\"@id\":\"https:\\\/\\\/www.immobilienbusiness.ch\\\/en\\\/unternehmen\\\/2017-09-12\\\/mobimo-stellt-geschaeftsleitung-neu-auf\\\/#primaryimage\"},\"thumbnailUrl\":\"https:\\\/\\\/www.immobilienbusiness.ch\\\/wp-content\\\/uploads\\\/2017\\\/08\\\/IB-News-30082017-Halter-AG-Personelle-Veraenderungen-c-Pixabay.jpg\",\"keywords\":[\"Immobilien-AG\",\"Personalia\",\"Unternehmen\"],\"articleSection\":[\"UNTERNEHMEN\"],\"inLanguage\":\"it-IT\"},{\"@type\":\"WebPage\",\"@id\":\"https:\\\/\\\/www.immobilienbusiness.ch\\\/en\\\/unternehmen\\\/2017-09-12\\\/mobimo-stellt-geschaeftsleitung-neu-auf\\\/\",\"url\":\"https:\\\/\\\/www.immobilienbusiness.ch\\\/en\\\/unternehmen\\\/2017-09-12\\\/mobimo-stellt-geschaeftsleitung-neu-auf\\\/\",\"name\":\"Mobimo stellt Gesch\u00e4ftsleitung neu auf - IMMOBILIEN Business\",\"isPartOf\":{\"@id\":\"https:\\\/\\\/www.immobilienbusiness.ch\\\/#website\"},\"primaryImageOfPage\":{\"@id\":\"https:\\\/\\\/www.immobilienbusiness.ch\\\/en\\\/unternehmen\\\/2017-09-12\\\/mobimo-stellt-geschaeftsleitung-neu-auf\\\/#primaryimage\"},\"image\":{\"@id\":\"https:\\\/\\\/www.immobilienbusiness.ch\\\/en\\\/unternehmen\\\/2017-09-12\\\/mobimo-stellt-geschaeftsleitung-neu-auf\\\/#primaryimage\"},\"thumbnailUrl\":\"https:\\\/\\\/www.immobilienbusiness.ch\\\/wp-content\\\/uploads\\\/2017\\\/08\\\/IB-News-30082017-Halter-AG-Personelle-Veraenderungen-c-Pixabay.jpg\",\"datePublished\":\"2017-09-12T06:56:45+00:00\",\"description\":\"Vinzenz Manser und Marco Tondel ziehen zum 1. Januar 2018 in die Gesch\u00e4ftsleitung der Mobimo ein. Andreas H\u00e4mmerli, Leiter Entwicklung, scheidet indes aus.\",\"breadcrumb\":{\"@id\":\"https:\\\/\\\/www.immobilienbusiness.ch\\\/en\\\/unternehmen\\\/2017-09-12\\\/mobimo-stellt-geschaeftsleitung-neu-auf\\\/#breadcrumb\"},\"inLanguage\":\"it-IT\",\"potentialAction\":[{\"@type\":\"ReadAction\",\"target\":[\"https:\\\/\\\/www.immobilienbusiness.ch\\\/en\\\/unternehmen\\\/2017-09-12\\\/mobimo-stellt-geschaeftsleitung-neu-auf\\\/\"]}]},{\"@type\":\"ImageObject\",\"inLanguage\":\"it-IT\",\"@id\":\"https:\\\/\\\/www.immobilienbusiness.ch\\\/en\\\/unternehmen\\\/2017-09-12\\\/mobimo-stellt-geschaeftsleitung-neu-auf\\\/#primaryimage\",\"url\":\"https:\\\/\\\/www.immobilienbusiness.ch\\\/wp-content\\\/uploads\\\/2017\\\/08\\\/IB-News-30082017-Halter-AG-Personelle-Veraenderungen-c-Pixabay.jpg\",\"contentUrl\":\"https:\\\/\\\/www.immobilienbusiness.ch\\\/wp-content\\\/uploads\\\/2017\\\/08\\\/IB-News-30082017-Halter-AG-Personelle-Veraenderungen-c-Pixabay.jpg\",\"width\":969,\"height\":646,\"caption\":\"Zu personellen Ver\u00e4nderungen kommt es bei der Halter AG in den Gesch\u00e4ftseinheiten Immobilien und Corporate Services sowie bei der Unternehmenskommunikation (Bild: Pixabay)\"},{\"@type\":\"BreadcrumbList\",\"@id\":\"https:\\\/\\\/www.immobilienbusiness.ch\\\/en\\\/unternehmen\\\/2017-09-12\\\/mobimo-stellt-geschaeftsleitung-neu-auf\\\/#breadcrumb\",\"itemListElement\":[{\"@type\":\"ListItem\",\"position\":1,\"name\":\"Home\",\"item\":\"https:\\\/\\\/www.immobilienbusiness.ch\\\/\"},{\"@type\":\"ListItem\",\"position\":2,\"name\":\"Mobimo stellt Gesch\u00e4ftsleitung neu auf\"}]},{\"@type\":\"WebSite\",\"@id\":\"https:\\\/\\\/www.immobilienbusiness.ch\\\/#website\",\"url\":\"https:\\\/\\\/www.immobilienbusiness.ch\\\/\",\"name\":\"IMMOBILIEN Business\",\"description\":\"Unabh\u00e4ngiges Schweizer Wirtschaftsmagazin mit Fokus auf Immobilien, Architektur- und Bau sowie Investment- und Finanzierung.\",\"publisher\":{\"@id\":\"https:\\\/\\\/www.immobilienbusiness.ch\\\/#organization\"},\"potentialAction\":[{\"@type\":\"SearchAction\",\"target\":{\"@type\":\"EntryPoint\",\"urlTemplate\":\"https:\\\/\\\/www.immobilienbusiness.ch\\\/?s={search_term_string}\"},\"query-input\":{\"@type\":\"PropertyValueSpecification\",\"valueRequired\":true,\"valueName\":\"search_term_string\"}}],\"inLanguage\":\"it-IT\"},{\"@type\":\"Organization\",\"@id\":\"https:\\\/\\\/www.immobilienbusiness.ch\\\/#organization\",\"name\":\"IMMOBILIEN Business\",\"url\":\"https:\\\/\\\/www.immobilienbusiness.ch\\\/\",\"logo\":{\"@type\":\"ImageObject\",\"inLanguage\":\"it-IT\",\"@id\":\"https:\\\/\\\/www.immobilienbusiness.ch\\\/#\\\/schema\\\/logo\\\/image\\\/\",\"url\":\"https:\\\/\\\/www.immobilienbusiness.ch\\\/wp-content\\\/uploads\\\/2021\\\/07\\\/logo_ib.png\",\"contentUrl\":\"https:\\\/\\\/www.immobilienbusiness.ch\\\/wp-content\\\/uploads\\\/2021\\\/07\\\/logo_ib.png\",\"width\":800,\"height\":181,\"caption\":\"IMMOBILIEN Business\"},\"image\":{\"@id\":\"https:\\\/\\\/www.immobilienbusiness.ch\\\/#\\\/schema\\\/logo\\\/image\\\/\"},\"sameAs\":[\"https:\\\/\\\/www.facebook.com\\\/immobilienbusiness\\\/\"]},{\"@type\":\"Person\",\"@id\":\"https:\\\/\\\/www.immobilienbusiness.ch\\\/#\\\/schema\\\/person\\\/3fc036297b10b9f42d6db5ee932af8c8\",\"name\":\"anja.hall\",\"image\":{\"@type\":\"ImageObject\",\"inLanguage\":\"it-IT\",\"@id\":\"https:\\\/\\\/secure.gravatar.com\\\/avatar\\\/066b5a0d447013502c71a5782f4f3469f03cfe595cc2329fb94652fe47511bfb?s=96&d=mm&r=g\",\"url\":\"https:\\\/\\\/secure.gravatar.com\\\/avatar\\\/066b5a0d447013502c71a5782f4f3469f03cfe595cc2329fb94652fe47511bfb?s=96&d=mm&r=g\",\"contentUrl\":\"https:\\\/\\\/secure.gravatar.com\\\/avatar\\\/066b5a0d447013502c71a5782f4f3469f03cfe595cc2329fb94652fe47511bfb?s=96&d=mm&r=g\",\"caption\":\"anja.hall\"},\"url\":\"https:\\\/\\\/www.immobilienbusiness.ch\\\/it\\\/author\\\/anja-hall\\\/\"}]}<\/script>\n<!-- \/ Yoast SEO plugin. -->","yoast_head_json":{"title":"Mobimo stellt Gesch\u00e4ftsleitung neu auf - IMMOBILIEN Business","description":"Vinzenz Manser und Marco Tondel ziehen zum 1. Januar 2018 in die Gesch\u00e4ftsleitung der Mobimo ein. Andreas H\u00e4mmerli, Leiter Entwicklung, scheidet indes aus.","robots":{"index":"index","follow":"follow","max-snippet":"max-snippet:-1","max-image-preview":"max-image-preview:large","max-video-preview":"max-video-preview:-1"},"canonical":"https:\/\/www.immobilienbusiness.ch\/it\/unternehmen\/2017-09-12\/mobimo-stellt-geschaeftsleitung-neu-auf\/","og_locale":"it_IT","og_type":"article","og_title":"Mobimo stellt Gesch\u00e4ftsleitung neu auf","og_description":"Vinzenz Manser und Marco Tondel ziehen zum 1. Januar 2018 in die Gesch\u00e4ftsleitung der Mobimo ein. Andreas H\u00e4mmerli, Leiter Entwicklung, scheidet indes aus.","og_url":"https:\/\/www.immobilienbusiness.ch\/it\/unternehmen\/2017-09-12\/mobimo-stellt-geschaeftsleitung-neu-auf\/","og_site_name":"IMMOBILIEN Business","article_publisher":"https:\/\/www.facebook.com\/immobilienbusiness\/","article_published_time":"2017-09-12T06:56:45+00:00","og_image":[{"width":969,"height":646,"url":"https:\/\/www.immobilienbusiness.ch\/wp-content\/uploads\/2017\/08\/IB-News-30082017-Halter-AG-Personelle-Veraenderungen-c-Pixabay.jpg","type":"image\/jpeg"}],"author":"anja.hall","twitter_card":"summary_large_image","twitter_title":"Mobimo stellt Gesch\u00e4ftsleitung neu auf","twitter_description":"Vinzenz Manser und Marco Tondel ziehen zum 1. Januar 2018 in die Gesch\u00e4ftsleitung der Mobimo ein. Andreas H\u00e4mmerli, Leiter Entwicklung, scheidet indes aus.","twitter_image":"https:\/\/www.immobilienbusiness.ch\/wp-content\/uploads\/2017\/08\/IB-News-30082017-Halter-AG-Personelle-Ver\u00e4nderungen-c-Pixabay.jpg","schema":{"@context":"https:\/\/schema.org","@graph":[{"@type":"Article","@id":"https:\/\/www.immobilienbusiness.ch\/en\/unternehmen\/2017-09-12\/mobimo-stellt-geschaeftsleitung-neu-auf\/#article","isPartOf":{"@id":"https:\/\/www.immobilienbusiness.ch\/en\/unternehmen\/2017-09-12\/mobimo-stellt-geschaeftsleitung-neu-auf\/"},"author":{"name":"anja.hall","@id":"https:\/\/www.immobilienbusiness.ch\/#\/schema\/person\/3fc036297b10b9f42d6db5ee932af8c8"},"headline":"Mobimo stellt Gesch\u00e4ftsleitung neu auf","datePublished":"2017-09-12T06:56:45+00:00","mainEntityOfPage":{"@id":"https:\/\/www.immobilienbusiness.ch\/en\/unternehmen\/2017-09-12\/mobimo-stellt-geschaeftsleitung-neu-auf\/"},"wordCount":277,"commentCount":0,"publisher":{"@id":"https:\/\/www.immobilienbusiness.ch\/#organization"},"image":{"@id":"https:\/\/www.immobilienbusiness.ch\/en\/unternehmen\/2017-09-12\/mobimo-stellt-geschaeftsleitung-neu-auf\/#primaryimage"},"thumbnailUrl":"https:\/\/www.immobilienbusiness.ch\/wp-content\/uploads\/2017\/08\/IB-News-30082017-Halter-AG-Personelle-Veraenderungen-c-Pixabay.jpg","keywords":["Immobilien-AG","Personalia","Unternehmen"],"articleSection":["UNTERNEHMEN"],"inLanguage":"it-IT"},{"@type":"WebPage","@id":"https:\/\/www.immobilienbusiness.ch\/en\/unternehmen\/2017-09-12\/mobimo-stellt-geschaeftsleitung-neu-auf\/","url":"https:\/\/www.immobilienbusiness.ch\/en\/unternehmen\/2017-09-12\/mobimo-stellt-geschaeftsleitung-neu-auf\/","name":"Mobimo stellt Gesch\u00e4ftsleitung neu auf - IMMOBILIEN Business","isPartOf":{"@id":"https:\/\/www.immobilienbusiness.ch\/#website"},"primaryImageOfPage":{"@id":"https:\/\/www.immobilienbusiness.ch\/en\/unternehmen\/2017-09-12\/mobimo-stellt-geschaeftsleitung-neu-auf\/#primaryimage"},"image":{"@id":"https:\/\/www.immobilienbusiness.ch\/en\/unternehmen\/2017-09-12\/mobimo-stellt-geschaeftsleitung-neu-auf\/#primaryimage"},"thumbnailUrl":"https:\/\/www.immobilienbusiness.ch\/wp-content\/uploads\/2017\/08\/IB-News-30082017-Halter-AG-Personelle-Veraenderungen-c-Pixabay.jpg","datePublished":"2017-09-12T06:56:45+00:00","description":"Vinzenz Manser und Marco Tondel ziehen zum 1. Januar 2018 in die Gesch\u00e4ftsleitung der Mobimo ein. Andreas H\u00e4mmerli, Leiter Entwicklung, scheidet indes aus.","breadcrumb":{"@id":"https:\/\/www.immobilienbusiness.ch\/en\/unternehmen\/2017-09-12\/mobimo-stellt-geschaeftsleitung-neu-auf\/#breadcrumb"},"inLanguage":"it-IT","potentialAction":[{"@type":"ReadAction","target":["https:\/\/www.immobilienbusiness.ch\/en\/unternehmen\/2017-09-12\/mobimo-stellt-geschaeftsleitung-neu-auf\/"]}]},{"@type":"ImageObject","inLanguage":"it-IT","@id":"https:\/\/www.immobilienbusiness.ch\/en\/unternehmen\/2017-09-12\/mobimo-stellt-geschaeftsleitung-neu-auf\/#primaryimage","url":"https:\/\/www.immobilienbusiness.ch\/wp-content\/uploads\/2017\/08\/IB-News-30082017-Halter-AG-Personelle-Veraenderungen-c-Pixabay.jpg","contentUrl":"https:\/\/www.immobilienbusiness.ch\/wp-content\/uploads\/2017\/08\/IB-News-30082017-Halter-AG-Personelle-Veraenderungen-c-Pixabay.jpg","width":969,"height":646,"caption":"Zu personellen Ver\u00e4nderungen kommt es bei der Halter AG in den Gesch\u00e4ftseinheiten Immobilien und Corporate Services sowie bei der Unternehmenskommunikation (Bild: Pixabay)"},{"@type":"BreadcrumbList","@id":"https:\/\/www.immobilienbusiness.ch\/en\/unternehmen\/2017-09-12\/mobimo-stellt-geschaeftsleitung-neu-auf\/#breadcrumb","itemListElement":[{"@type":"ListItem","position":1,"name":"Home","item":"https:\/\/www.immobilienbusiness.ch\/"},{"@type":"ListItem","position":2,"name":"Mobimo stellt Gesch\u00e4ftsleitung neu auf"}]},{"@type":"WebSite","@id":"https:\/\/www.immobilienbusiness.ch\/#website","url":"https:\/\/www.immobilienbusiness.ch\/","name":"Affari immobiliari","description":"Rivista economica indipendente svizzera che si concentra sul settore immobiliare, l'architettura e la costruzione, nonch\u00e9 sugli investimenti e i finanziamenti.","publisher":{"@id":"https:\/\/www.immobilienbusiness.ch\/#organization"},"potentialAction":[{"@type":"SearchAction","target":{"@type":"EntryPoint","urlTemplate":"https:\/\/www.immobilienbusiness.ch\/?s={search_term_string}"},"query-input":{"@type":"PropertyValueSpecification","valueRequired":true,"valueName":"search_term_string"}}],"inLanguage":"it-IT"},{"@type":"Organization","@id":"https:\/\/www.immobilienbusiness.ch\/#organization","name":"Affari immobiliari","url":"https:\/\/www.immobilienbusiness.ch\/","logo":{"@type":"ImageObject","inLanguage":"it-IT","@id":"https:\/\/www.immobilienbusiness.ch\/#\/schema\/logo\/image\/","url":"https:\/\/www.immobilienbusiness.ch\/wp-content\/uploads\/2021\/07\/logo_ib.png","contentUrl":"https:\/\/www.immobilienbusiness.ch\/wp-content\/uploads\/2021\/07\/logo_ib.png","width":800,"height":181,"caption":"IMMOBILIEN Business"},"image":{"@id":"https:\/\/www.immobilienbusiness.ch\/#\/schema\/logo\/image\/"},"sameAs":["https:\/\/www.facebook.com\/immobilienbusiness\/"]},{"@type":"Person","@id":"https:\/\/www.immobilienbusiness.ch\/#\/schema\/person\/3fc036297b10b9f42d6db5ee932af8c8","name":"anja.hall","image":{"@type":"ImageObject","inLanguage":"it-IT","@id":"https:\/\/secure.gravatar.com\/avatar\/066b5a0d447013502c71a5782f4f3469f03cfe595cc2329fb94652fe47511bfb?s=96&d=mm&r=g","url":"https:\/\/secure.gravatar.com\/avatar\/066b5a0d447013502c71a5782f4f3469f03cfe595cc2329fb94652fe47511bfb?s=96&d=mm&r=g","contentUrl":"https:\/\/secure.gravatar.com\/avatar\/066b5a0d447013502c71a5782f4f3469f03cfe595cc2329fb94652fe47511bfb?s=96&d=mm&r=g","caption":"anja.hall"},"url":"https:\/\/www.immobilienbusiness.ch\/it\/author\/anja-hall\/"}]}},"_links":{"self":[{"href":"https:\/\/www.immobilienbusiness.ch\/it\/wp-json\/wp\/v2\/posts\/9059","targetHints":{"allow":["GET"]}}],"collection":[{"href":"https:\/\/www.immobilienbusiness.ch\/it\/wp-json\/wp\/v2\/posts"}],"about":[{"href":"https:\/\/www.immobilienbusiness.ch\/it\/wp-json\/wp\/v2\/types\/post"}],"author":[{"embeddable":true,"href":"https:\/\/www.immobilienbusiness.ch\/it\/wp-json\/wp\/v2\/users\/3"}],"replies":[{"embeddable":true,"href":"https:\/\/www.immobilienbusiness.ch\/it\/wp-json\/wp\/v2\/comments?post=9059"}],"version-history":[{"count":0,"href":"https:\/\/www.immobilienbusiness.ch\/it\/wp-json\/wp\/v2\/posts\/9059\/revisions"}],"wp:featuredmedia":[{"embeddable":true,"href":"https:\/\/www.immobilienbusiness.ch\/it\/wp-json\/wp\/v2\/media\/8901"}],"wp:attachment":[{"href":"https:\/\/www.immobilienbusiness.ch\/it\/wp-json\/wp\/v2\/media?parent=9059"}],"wp:term":[{"taxonomy":"category","embeddable":true,"href":"https:\/\/www.immobilienbusiness.ch\/it\/wp-json\/wp\/v2\/categories?post=9059"},{"taxonomy":"post_tag","embeddable":true,"href":"https:\/\/www.immobilienbusiness.ch\/it\/wp-json\/wp\/v2\/tags?post=9059"}],"curies":[{"name":"wp","href":"https:\/\/api.w.org\/{rel}","templated":true}]}}