{"id":9051,"date":"2017-09-12T08:14:41","date_gmt":"2017-09-12T06:14:41","guid":{"rendered":"https:\/\/www.immobilienbusiness.ch\/?p=9051"},"modified":"2017-09-12T08:14:41","modified_gmt":"2017-09-12T06:14:41","slug":"kapitalerhoehung-fuer-den-sf-retail-properties-fund-2","status":"publish","type":"post","link":"https:\/\/www.immobilienbusiness.ch\/it\/unternehmen\/2017-09-12\/kapitalerhoehung-fuer-den-sf-retail-properties-fund-2\/","title":{"rendered":"Aumento di capitale per il fondo SF Retail Properties"},"content":{"rendered":"<figure id=\"attachment_8719\" aria-describedby=\"caption-attachment-8719\" style=\"width: 680px\" class=\"wp-caption alignnone\"><img loading=\"lazy\" decoding=\"async\" class=\"size-medium wp-image-8719\" src=\"https:\/\/www.immobilienbusiness.ch\/wp-content\/uploads\/2017\/08\/IB-News-170817_Halbjahreszahlen-bfw-liegenschaften-ag.jpg\" alt=\"\" width=\"680\" height=\"452\" srcset=\"https:\/\/www.immobilienbusiness.ch\/wp-content\/uploads\/2017\/08\/IB-News-170817_Halbjahreszahlen-bfw-liegenschaften-ag.jpg 680w, https:\/\/www.immobilienbusiness.ch\/wp-content\/uploads\/2017\/08\/IB-News-170817_Halbjahreszahlen-bfw-liegenschaften-ag-300x199.jpg 300w, https:\/\/www.immobilienbusiness.ch\/wp-content\/uploads\/2017\/08\/IB-News-170817_Halbjahreszahlen-bfw-liegenschaften-ag-16x12.jpg 16w, https:\/\/www.immobilienbusiness.ch\/wp-content\/uploads\/2017\/08\/IB-News-170817_Halbjahreszahlen-bfw-liegenschaften-ag-263x175.jpg 263w, https:\/\/www.immobilienbusiness.ch\/wp-content\/uploads\/2017\/08\/IB-News-170817_Halbjahreszahlen-bfw-liegenschaften-ag-527x350.jpg 527w\" sizes=\"auto, (max-width: 680px) 100vw, 680px\" \/><figcaption id=\"caption-attachment-8719\" class=\"wp-caption-text\">Il fondo SF Retail Properties prevede un aumento di capitale di 105 milioni di franchi (Immagine: voronin-76\/depositphotos)<\/figcaption><\/figure>\n<p>Per l'aumento di capitale, fino a circa 1,013 milioni di nuove unit\u00e0 saranno emesse per mezzo di un'offerta di diritti. Quattro quote esistenti danno diritto alla sottoscrizione di una nuova quota del fondo, con un prezzo di emissione di 104,00 CHF netti ciascuna. Il ricavo lordo \u00e8 quindi un massimo di 105,3 milioni.<\/p>\n<p>Il periodo di sottoscrizione va dal 18 al 29 settembre 2017, e la societ\u00e0 di gestione del fondo informer\u00e0 gli investitori del numero definitivo di nuove quote da emettere il 2 ottobre 2017.<\/p>\n<p>Le quote non sottoscritte durante l'offerta di diritti saranno offerte dalla gestione del fondo SF Retail Properties Fund in un collocamento gratuito o non saranno emesse affatto. Questo ridurrebbe di conseguenza l'importo dell'emissione.<\/p>\n<p>Il pagamento delle nuove quote da emettere \u00e8 previsto per il 3 ottobre. In questo giorno avr\u00e0 luogo anche la quotazione e quindi l'inizio della negoziazione delle quote del fondo alla SIX Swiss Exchange.<\/p>\n<p>SF Retail Properties Fund si rivolge a investitori qualificati. Il fondo investe in un portafoglio immobiliare diversificato di propriet\u00e0 con spazi di vendita al dettaglio, compresi i locali accessori necessari per le operazioni e le aree di parcheggio associate. Oltre allo spazio di vendita al dettaglio, queste propriet\u00e0 possono anche contenere spazi commerciali, uffici o appartamenti.<\/p>","protected":false},"excerpt":{"rendered":"<p>Il fondo SF Retail Properties Fund effettuer\u00e0 un aumento di capitale fino a 105,3 milioni di franchi da met\u00e0 settembre. <\/p>","protected":false},"author":3,"featured_media":8719,"comment_status":"open","ping_status":"open","sticky":false,"template":"","format":"standard","meta":{"_acf_changed":false,"_yoast_wpseo_focuskw":"SF Retail Properties Fund","_yoast_wpseo_title":"","_yoast_wpseo_metadesc":"Der Immobilienfonds SF Retail Properties Fund f\u00fchrt ab Mitte September eine Kapitalerh\u00f6hung \u00fcber bis zu 105,3 Millionen CHF durch.","_yoast_wpseo_linkdex":58,"pgc_sgb_lightbox_settings":"","footnotes":""},"categories":[988],"tags":[1344,1412,1807],"class_list":["post-9051","post","type-post","status-publish","format-standard","has-post-thumbnail","hentry","category-unternehmen","tag-immobilienfonds","tag-kapitalerhoehung","tag-unternehmen"],"acf":[],"yoast_head":"<!-- This site is optimized with the Yoast SEO plugin v27.5 - https:\/\/yoast.com\/product\/yoast-seo-wordpress\/ -->\n<title>Kapitalerh\u00f6hung f\u00fcr den SF Retail Properties Fund - IMMOBILIEN Business<\/title>\n<meta name=\"description\" content=\"Der Immobilienfonds SF Retail Properties Fund f\u00fchrt ab Mitte September eine Kapitalerh\u00f6hung \u00fcber bis zu 105,3 Millionen CHF durch.\" \/>\n<meta name=\"robots\" content=\"index, follow, max-snippet:-1, max-image-preview:large, max-video-preview:-1\" \/>\n<link rel=\"canonical\" href=\"https:\/\/www.immobilienbusiness.ch\/it\/unternehmen\/2017-09-12\/kapitalerhoehung-fuer-den-sf-retail-properties-fund-2\/\" \/>\n<meta property=\"og:locale\" content=\"it_IT\" \/>\n<meta property=\"og:type\" content=\"article\" \/>\n<meta property=\"og:title\" content=\"Kapitalerh\u00f6hung f\u00fcr den SF Retail Properties Fund\" \/>\n<meta property=\"og:description\" content=\"Der Immobilienfonds SF Retail Properties Fund f\u00fchrt ab Mitte September eine Kapitalerh\u00f6hung \u00fcber bis zu 105,3 Millionen CHF durch.\" \/>\n<meta property=\"og:url\" content=\"https:\/\/www.immobilienbusiness.ch\/it\/unternehmen\/2017-09-12\/kapitalerhoehung-fuer-den-sf-retail-properties-fund-2\/\" \/>\n<meta property=\"og:site_name\" content=\"IMMOBILIEN Business\" \/>\n<meta property=\"article:publisher\" content=\"https:\/\/www.facebook.com\/immobilienbusiness\/\" \/>\n<meta property=\"article:published_time\" content=\"2017-09-12T06:14:41+00:00\" \/>\n<meta property=\"og:image\" content=\"https:\/\/www.immobilienbusiness.ch\/wp-content\/uploads\/2017\/08\/IB-News-170817_Halbjahreszahlen-bfw-liegenschaften-ag.jpg\" \/>\n\t<meta property=\"og:image:width\" content=\"680\" \/>\n\t<meta property=\"og:image:height\" content=\"452\" \/>\n\t<meta property=\"og:image:type\" content=\"image\/jpeg\" \/>\n<meta name=\"author\" content=\"anja.hall\" \/>\n<meta name=\"twitter:card\" content=\"summary_large_image\" \/>\n<meta name=\"twitter:title\" content=\"Kapitalerh\u00f6hung f\u00fcr den SF Retail Properties Fund\" \/>\n<meta name=\"twitter:description\" content=\"Der Immobilienfonds SF Retail Properties Fund f\u00fchrt ab Mitte September eine Kapitalerh\u00f6hung \u00fcber bis zu 105,3 Millionen CHF durch.\" \/>\n<meta name=\"twitter:image\" content=\"https:\/\/www.immobilienbusiness.ch\/wp-content\/uploads\/2017\/08\/IB-News-170817_Halbjahreszahlen-bfw-liegenschaften-ag.jpg\" \/>\n<script type=\"application\/ld+json\" class=\"yoast-schema-graph\">{\"@context\":\"https:\\\/\\\/schema.org\",\"@graph\":[{\"@type\":\"Article\",\"@id\":\"https:\\\/\\\/www.immobilienbusiness.ch\\\/unternehmen\\\/2017-09-12\\\/kapitalerhoehung-fuer-den-sf-retail-properties-fund-2\\\/#article\",\"isPartOf\":{\"@id\":\"https:\\\/\\\/www.immobilienbusiness.ch\\\/unternehmen\\\/2017-09-12\\\/kapitalerhoehung-fuer-den-sf-retail-properties-fund-2\\\/\"},\"author\":{\"name\":\"anja.hall\",\"@id\":\"https:\\\/\\\/www.immobilienbusiness.ch\\\/#\\\/schema\\\/person\\\/3fc036297b10b9f42d6db5ee932af8c8\"},\"headline\":\"Kapitalerh\u00f6hung f\u00fcr den SF Retail Properties Fund\",\"datePublished\":\"2017-09-12T06:14:41+00:00\",\"mainEntityOfPage\":{\"@id\":\"https:\\\/\\\/www.immobilienbusiness.ch\\\/unternehmen\\\/2017-09-12\\\/kapitalerhoehung-fuer-den-sf-retail-properties-fund-2\\\/\"},\"wordCount\":220,\"commentCount\":0,\"publisher\":{\"@id\":\"https:\\\/\\\/www.immobilienbusiness.ch\\\/#organization\"},\"image\":{\"@id\":\"https:\\\/\\\/www.immobilienbusiness.ch\\\/unternehmen\\\/2017-09-12\\\/kapitalerhoehung-fuer-den-sf-retail-properties-fund-2\\\/#primaryimage\"},\"thumbnailUrl\":\"https:\\\/\\\/www.immobilienbusiness.ch\\\/wp-content\\\/uploads\\\/2017\\\/08\\\/IB-News-170817_Halbjahreszahlen-bfw-liegenschaften-ag.jpg\",\"keywords\":[\"Immobilienfonds\",\"Kapitalerh\u00f6hung\",\"Unternehmen\"],\"articleSection\":[\"UNTERNEHMEN\"],\"inLanguage\":\"it-IT\"},{\"@type\":\"WebPage\",\"@id\":\"https:\\\/\\\/www.immobilienbusiness.ch\\\/unternehmen\\\/2017-09-12\\\/kapitalerhoehung-fuer-den-sf-retail-properties-fund-2\\\/\",\"url\":\"https:\\\/\\\/www.immobilienbusiness.ch\\\/unternehmen\\\/2017-09-12\\\/kapitalerhoehung-fuer-den-sf-retail-properties-fund-2\\\/\",\"name\":\"Kapitalerh\u00f6hung f\u00fcr den SF Retail Properties Fund - IMMOBILIEN Business\",\"isPartOf\":{\"@id\":\"https:\\\/\\\/www.immobilienbusiness.ch\\\/#website\"},\"primaryImageOfPage\":{\"@id\":\"https:\\\/\\\/www.immobilienbusiness.ch\\\/unternehmen\\\/2017-09-12\\\/kapitalerhoehung-fuer-den-sf-retail-properties-fund-2\\\/#primaryimage\"},\"image\":{\"@id\":\"https:\\\/\\\/www.immobilienbusiness.ch\\\/unternehmen\\\/2017-09-12\\\/kapitalerhoehung-fuer-den-sf-retail-properties-fund-2\\\/#primaryimage\"},\"thumbnailUrl\":\"https:\\\/\\\/www.immobilienbusiness.ch\\\/wp-content\\\/uploads\\\/2017\\\/08\\\/IB-News-170817_Halbjahreszahlen-bfw-liegenschaften-ag.jpg\",\"datePublished\":\"2017-09-12T06:14:41+00:00\",\"description\":\"Der Immobilienfonds SF Retail Properties Fund f\u00fchrt ab Mitte September eine Kapitalerh\u00f6hung \u00fcber bis zu 105,3 Millionen CHF durch.\",\"breadcrumb\":{\"@id\":\"https:\\\/\\\/www.immobilienbusiness.ch\\\/unternehmen\\\/2017-09-12\\\/kapitalerhoehung-fuer-den-sf-retail-properties-fund-2\\\/#breadcrumb\"},\"inLanguage\":\"it-IT\",\"potentialAction\":[{\"@type\":\"ReadAction\",\"target\":[\"https:\\\/\\\/www.immobilienbusiness.ch\\\/unternehmen\\\/2017-09-12\\\/kapitalerhoehung-fuer-den-sf-retail-properties-fund-2\\\/\"]}]},{\"@type\":\"ImageObject\",\"inLanguage\":\"it-IT\",\"@id\":\"https:\\\/\\\/www.immobilienbusiness.ch\\\/unternehmen\\\/2017-09-12\\\/kapitalerhoehung-fuer-den-sf-retail-properties-fund-2\\\/#primaryimage\",\"url\":\"https:\\\/\\\/www.immobilienbusiness.ch\\\/wp-content\\\/uploads\\\/2017\\\/08\\\/IB-News-170817_Halbjahreszahlen-bfw-liegenschaften-ag.jpg\",\"contentUrl\":\"https:\\\/\\\/www.immobilienbusiness.ch\\\/wp-content\\\/uploads\\\/2017\\\/08\\\/IB-News-170817_Halbjahreszahlen-bfw-liegenschaften-ag.jpg\",\"width\":680,\"height\":452,\"caption\":\"Der Fonds Anfos hat Zahlen f\u00fcr das 1. Halbjahr seines Gesch\u00e4ftsjahres (Stichtag: 31. M\u00e4rz) vorgelegt (Bild: voronin-76\\\/depositphotos)\"},{\"@type\":\"BreadcrumbList\",\"@id\":\"https:\\\/\\\/www.immobilienbusiness.ch\\\/unternehmen\\\/2017-09-12\\\/kapitalerhoehung-fuer-den-sf-retail-properties-fund-2\\\/#breadcrumb\",\"itemListElement\":[{\"@type\":\"ListItem\",\"position\":1,\"name\":\"Home\",\"item\":\"https:\\\/\\\/www.immobilienbusiness.ch\\\/\"},{\"@type\":\"ListItem\",\"position\":2,\"name\":\"Kapitalerh\u00f6hung f\u00fcr den SF Retail Properties Fund\"}]},{\"@type\":\"WebSite\",\"@id\":\"https:\\\/\\\/www.immobilienbusiness.ch\\\/#website\",\"url\":\"https:\\\/\\\/www.immobilienbusiness.ch\\\/\",\"name\":\"IMMOBILIEN Business\",\"description\":\"Unabh\u00e4ngiges Schweizer Wirtschaftsmagazin mit Fokus auf Immobilien, Architektur- und Bau sowie Investment- und Finanzierung.\",\"publisher\":{\"@id\":\"https:\\\/\\\/www.immobilienbusiness.ch\\\/#organization\"},\"potentialAction\":[{\"@type\":\"SearchAction\",\"target\":{\"@type\":\"EntryPoint\",\"urlTemplate\":\"https:\\\/\\\/www.immobilienbusiness.ch\\\/?s={search_term_string}\"},\"query-input\":{\"@type\":\"PropertyValueSpecification\",\"valueRequired\":true,\"valueName\":\"search_term_string\"}}],\"inLanguage\":\"it-IT\"},{\"@type\":\"Organization\",\"@id\":\"https:\\\/\\\/www.immobilienbusiness.ch\\\/#organization\",\"name\":\"IMMOBILIEN Business\",\"url\":\"https:\\\/\\\/www.immobilienbusiness.ch\\\/\",\"logo\":{\"@type\":\"ImageObject\",\"inLanguage\":\"it-IT\",\"@id\":\"https:\\\/\\\/www.immobilienbusiness.ch\\\/#\\\/schema\\\/logo\\\/image\\\/\",\"url\":\"https:\\\/\\\/www.immobilienbusiness.ch\\\/wp-content\\\/uploads\\\/2021\\\/07\\\/logo_ib.png\",\"contentUrl\":\"https:\\\/\\\/www.immobilienbusiness.ch\\\/wp-content\\\/uploads\\\/2021\\\/07\\\/logo_ib.png\",\"width\":800,\"height\":181,\"caption\":\"IMMOBILIEN Business\"},\"image\":{\"@id\":\"https:\\\/\\\/www.immobilienbusiness.ch\\\/#\\\/schema\\\/logo\\\/image\\\/\"},\"sameAs\":[\"https:\\\/\\\/www.facebook.com\\\/immobilienbusiness\\\/\"]},{\"@type\":\"Person\",\"@id\":\"https:\\\/\\\/www.immobilienbusiness.ch\\\/#\\\/schema\\\/person\\\/3fc036297b10b9f42d6db5ee932af8c8\",\"name\":\"anja.hall\",\"image\":{\"@type\":\"ImageObject\",\"inLanguage\":\"it-IT\",\"@id\":\"https:\\\/\\\/secure.gravatar.com\\\/avatar\\\/066b5a0d447013502c71a5782f4f3469f03cfe595cc2329fb94652fe47511bfb?s=96&d=mm&r=g\",\"url\":\"https:\\\/\\\/secure.gravatar.com\\\/avatar\\\/066b5a0d447013502c71a5782f4f3469f03cfe595cc2329fb94652fe47511bfb?s=96&d=mm&r=g\",\"contentUrl\":\"https:\\\/\\\/secure.gravatar.com\\\/avatar\\\/066b5a0d447013502c71a5782f4f3469f03cfe595cc2329fb94652fe47511bfb?s=96&d=mm&r=g\",\"caption\":\"anja.hall\"},\"url\":\"https:\\\/\\\/www.immobilienbusiness.ch\\\/it\\\/author\\\/anja-hall\\\/\"}]}<\/script>\n<!-- \/ Yoast SEO plugin. -->","yoast_head_json":{"title":"Kapitalerh\u00f6hung f\u00fcr den SF Retail Properties Fund - IMMOBILIEN Business","description":"Il fondo SF Retail Properties Fund effettuer\u00e0 un aumento di capitale fino a 105,3 milioni di franchi da met\u00e0 settembre.","robots":{"index":"index","follow":"follow","max-snippet":"max-snippet:-1","max-image-preview":"max-image-preview:large","max-video-preview":"max-video-preview:-1"},"canonical":"https:\/\/www.immobilienbusiness.ch\/it\/unternehmen\/2017-09-12\/kapitalerhoehung-fuer-den-sf-retail-properties-fund-2\/","og_locale":"it_IT","og_type":"article","og_title":"Kapitalerh\u00f6hung f\u00fcr den SF Retail Properties Fund","og_description":"Der Immobilienfonds SF Retail Properties Fund f\u00fchrt ab Mitte September eine Kapitalerh\u00f6hung \u00fcber bis zu 105,3 Millionen CHF durch.","og_url":"https:\/\/www.immobilienbusiness.ch\/it\/unternehmen\/2017-09-12\/kapitalerhoehung-fuer-den-sf-retail-properties-fund-2\/","og_site_name":"IMMOBILIEN Business","article_publisher":"https:\/\/www.facebook.com\/immobilienbusiness\/","article_published_time":"2017-09-12T06:14:41+00:00","og_image":[{"width":680,"height":452,"url":"https:\/\/www.immobilienbusiness.ch\/wp-content\/uploads\/2017\/08\/IB-News-170817_Halbjahreszahlen-bfw-liegenschaften-ag.jpg","type":"image\/jpeg"}],"author":"anja.hall","twitter_card":"summary_large_image","twitter_title":"Kapitalerh\u00f6hung f\u00fcr den SF Retail Properties Fund","twitter_description":"Der Immobilienfonds SF Retail Properties Fund f\u00fchrt ab Mitte September eine Kapitalerh\u00f6hung \u00fcber bis zu 105,3 Millionen CHF durch.","twitter_image":"https:\/\/www.immobilienbusiness.ch\/wp-content\/uploads\/2017\/08\/IB-News-170817_Halbjahreszahlen-bfw-liegenschaften-ag.jpg","schema":{"@context":"https:\/\/schema.org","@graph":[{"@type":"Article","@id":"https:\/\/www.immobilienbusiness.ch\/unternehmen\/2017-09-12\/kapitalerhoehung-fuer-den-sf-retail-properties-fund-2\/#article","isPartOf":{"@id":"https:\/\/www.immobilienbusiness.ch\/unternehmen\/2017-09-12\/kapitalerhoehung-fuer-den-sf-retail-properties-fund-2\/"},"author":{"name":"anja.hall","@id":"https:\/\/www.immobilienbusiness.ch\/#\/schema\/person\/3fc036297b10b9f42d6db5ee932af8c8"},"headline":"Kapitalerh\u00f6hung f\u00fcr den SF Retail Properties Fund","datePublished":"2017-09-12T06:14:41+00:00","mainEntityOfPage":{"@id":"https:\/\/www.immobilienbusiness.ch\/unternehmen\/2017-09-12\/kapitalerhoehung-fuer-den-sf-retail-properties-fund-2\/"},"wordCount":220,"commentCount":0,"publisher":{"@id":"https:\/\/www.immobilienbusiness.ch\/#organization"},"image":{"@id":"https:\/\/www.immobilienbusiness.ch\/unternehmen\/2017-09-12\/kapitalerhoehung-fuer-den-sf-retail-properties-fund-2\/#primaryimage"},"thumbnailUrl":"https:\/\/www.immobilienbusiness.ch\/wp-content\/uploads\/2017\/08\/IB-News-170817_Halbjahreszahlen-bfw-liegenschaften-ag.jpg","keywords":["Immobilienfonds","Kapitalerh\u00f6hung","Unternehmen"],"articleSection":["UNTERNEHMEN"],"inLanguage":"it-IT"},{"@type":"WebPage","@id":"https:\/\/www.immobilienbusiness.ch\/unternehmen\/2017-09-12\/kapitalerhoehung-fuer-den-sf-retail-properties-fund-2\/","url":"https:\/\/www.immobilienbusiness.ch\/unternehmen\/2017-09-12\/kapitalerhoehung-fuer-den-sf-retail-properties-fund-2\/","name":"Kapitalerh\u00f6hung f\u00fcr den SF Retail Properties Fund - IMMOBILIEN Business","isPartOf":{"@id":"https:\/\/www.immobilienbusiness.ch\/#website"},"primaryImageOfPage":{"@id":"https:\/\/www.immobilienbusiness.ch\/unternehmen\/2017-09-12\/kapitalerhoehung-fuer-den-sf-retail-properties-fund-2\/#primaryimage"},"image":{"@id":"https:\/\/www.immobilienbusiness.ch\/unternehmen\/2017-09-12\/kapitalerhoehung-fuer-den-sf-retail-properties-fund-2\/#primaryimage"},"thumbnailUrl":"https:\/\/www.immobilienbusiness.ch\/wp-content\/uploads\/2017\/08\/IB-News-170817_Halbjahreszahlen-bfw-liegenschaften-ag.jpg","datePublished":"2017-09-12T06:14:41+00:00","description":"Il fondo SF Retail Properties Fund effettuer\u00e0 un aumento di capitale fino a 105,3 milioni di franchi da met\u00e0 settembre.","breadcrumb":{"@id":"https:\/\/www.immobilienbusiness.ch\/unternehmen\/2017-09-12\/kapitalerhoehung-fuer-den-sf-retail-properties-fund-2\/#breadcrumb"},"inLanguage":"it-IT","potentialAction":[{"@type":"ReadAction","target":["https:\/\/www.immobilienbusiness.ch\/unternehmen\/2017-09-12\/kapitalerhoehung-fuer-den-sf-retail-properties-fund-2\/"]}]},{"@type":"ImageObject","inLanguage":"it-IT","@id":"https:\/\/www.immobilienbusiness.ch\/unternehmen\/2017-09-12\/kapitalerhoehung-fuer-den-sf-retail-properties-fund-2\/#primaryimage","url":"https:\/\/www.immobilienbusiness.ch\/wp-content\/uploads\/2017\/08\/IB-News-170817_Halbjahreszahlen-bfw-liegenschaften-ag.jpg","contentUrl":"https:\/\/www.immobilienbusiness.ch\/wp-content\/uploads\/2017\/08\/IB-News-170817_Halbjahreszahlen-bfw-liegenschaften-ag.jpg","width":680,"height":452,"caption":"Der Fonds Anfos hat Zahlen f\u00fcr das 1. Halbjahr seines Gesch\u00e4ftsjahres (Stichtag: 31. M\u00e4rz) vorgelegt (Bild: voronin-76\/depositphotos)"},{"@type":"BreadcrumbList","@id":"https:\/\/www.immobilienbusiness.ch\/unternehmen\/2017-09-12\/kapitalerhoehung-fuer-den-sf-retail-properties-fund-2\/#breadcrumb","itemListElement":[{"@type":"ListItem","position":1,"name":"Home","item":"https:\/\/www.immobilienbusiness.ch\/"},{"@type":"ListItem","position":2,"name":"Kapitalerh\u00f6hung f\u00fcr den SF Retail Properties Fund"}]},{"@type":"WebSite","@id":"https:\/\/www.immobilienbusiness.ch\/#website","url":"https:\/\/www.immobilienbusiness.ch\/","name":"Affari immobiliari","description":"Rivista economica indipendente svizzera che si concentra sul settore immobiliare, l'architettura e la costruzione, nonch\u00e9 sugli investimenti e i finanziamenti.","publisher":{"@id":"https:\/\/www.immobilienbusiness.ch\/#organization"},"potentialAction":[{"@type":"SearchAction","target":{"@type":"EntryPoint","urlTemplate":"https:\/\/www.immobilienbusiness.ch\/?s={search_term_string}"},"query-input":{"@type":"PropertyValueSpecification","valueRequired":true,"valueName":"search_term_string"}}],"inLanguage":"it-IT"},{"@type":"Organization","@id":"https:\/\/www.immobilienbusiness.ch\/#organization","name":"Affari immobiliari","url":"https:\/\/www.immobilienbusiness.ch\/","logo":{"@type":"ImageObject","inLanguage":"it-IT","@id":"https:\/\/www.immobilienbusiness.ch\/#\/schema\/logo\/image\/","url":"https:\/\/www.immobilienbusiness.ch\/wp-content\/uploads\/2021\/07\/logo_ib.png","contentUrl":"https:\/\/www.immobilienbusiness.ch\/wp-content\/uploads\/2021\/07\/logo_ib.png","width":800,"height":181,"caption":"IMMOBILIEN Business"},"image":{"@id":"https:\/\/www.immobilienbusiness.ch\/#\/schema\/logo\/image\/"},"sameAs":["https:\/\/www.facebook.com\/immobilienbusiness\/"]},{"@type":"Person","@id":"https:\/\/www.immobilienbusiness.ch\/#\/schema\/person\/3fc036297b10b9f42d6db5ee932af8c8","name":"anja.hall","image":{"@type":"ImageObject","inLanguage":"it-IT","@id":"https:\/\/secure.gravatar.com\/avatar\/066b5a0d447013502c71a5782f4f3469f03cfe595cc2329fb94652fe47511bfb?s=96&d=mm&r=g","url":"https:\/\/secure.gravatar.com\/avatar\/066b5a0d447013502c71a5782f4f3469f03cfe595cc2329fb94652fe47511bfb?s=96&d=mm&r=g","contentUrl":"https:\/\/secure.gravatar.com\/avatar\/066b5a0d447013502c71a5782f4f3469f03cfe595cc2329fb94652fe47511bfb?s=96&d=mm&r=g","caption":"anja.hall"},"url":"https:\/\/www.immobilienbusiness.ch\/it\/author\/anja-hall\/"}]}},"_links":{"self":[{"href":"https:\/\/www.immobilienbusiness.ch\/it\/wp-json\/wp\/v2\/posts\/9051","targetHints":{"allow":["GET"]}}],"collection":[{"href":"https:\/\/www.immobilienbusiness.ch\/it\/wp-json\/wp\/v2\/posts"}],"about":[{"href":"https:\/\/www.immobilienbusiness.ch\/it\/wp-json\/wp\/v2\/types\/post"}],"author":[{"embeddable":true,"href":"https:\/\/www.immobilienbusiness.ch\/it\/wp-json\/wp\/v2\/users\/3"}],"replies":[{"embeddable":true,"href":"https:\/\/www.immobilienbusiness.ch\/it\/wp-json\/wp\/v2\/comments?post=9051"}],"version-history":[{"count":0,"href":"https:\/\/www.immobilienbusiness.ch\/it\/wp-json\/wp\/v2\/posts\/9051\/revisions"}],"wp:featuredmedia":[{"embeddable":true,"href":"https:\/\/www.immobilienbusiness.ch\/it\/wp-json\/wp\/v2\/media\/8719"}],"wp:attachment":[{"href":"https:\/\/www.immobilienbusiness.ch\/it\/wp-json\/wp\/v2\/media?parent=9051"}],"wp:term":[{"taxonomy":"category","embeddable":true,"href":"https:\/\/www.immobilienbusiness.ch\/it\/wp-json\/wp\/v2\/categories?post=9051"},{"taxonomy":"post_tag","embeddable":true,"href":"https:\/\/www.immobilienbusiness.ch\/it\/wp-json\/wp\/v2\/tags?post=9051"}],"curies":[{"name":"wp","href":"https:\/\/api.w.org\/{rel}","templated":true}]}}