{"id":8996,"date":"2017-09-07T09:22:33","date_gmt":"2017-09-07T07:22:33","guid":{"rendered":"https:\/\/www.immobilienbusiness.ch\/?p=8996"},"modified":"2017-09-07T09:22:33","modified_gmt":"2017-09-07T07:22:33","slug":"sif-kapitalerhoehung-fuer-neue-anlagegruppe","status":"publish","type":"post","link":"https:\/\/www.immobilienbusiness.ch\/it\/unternehmen\/2017-09-07\/sif-kapitalerhoehung-fuer-neue-anlagegruppe\/","title":{"rendered":"SIF: aumento di capitale per il nuovo gruppo di investimento"},"content":{"rendered":"<figure id=\"attachment_6119\" aria-describedby=\"caption-attachment-6119\" style=\"width: 680px\" class=\"wp-caption alignnone\"><img loading=\"lazy\" decoding=\"async\" class=\"size-medium wp-image-6119\" src=\"https:\/\/www.immobilienbusiness.ch\/wp-content\/uploads\/2017\/02\/Depositphotos_22148409_l-2015.jpg\" alt=\"\" width=\"680\" height=\"492\" srcset=\"https:\/\/www.immobilienbusiness.ch\/wp-content\/uploads\/2017\/02\/Depositphotos_22148409_l-2015.jpg 2000w, https:\/\/www.immobilienbusiness.ch\/wp-content\/uploads\/2017\/02\/Depositphotos_22148409_l-2015-300x217.jpg 300w, https:\/\/www.immobilienbusiness.ch\/wp-content\/uploads\/2017\/02\/Depositphotos_22148409_l-2015-1024x741.jpg 1024w, https:\/\/www.immobilienbusiness.ch\/wp-content\/uploads\/2017\/02\/Depositphotos_22148409_l-2015-768x556.jpg 768w, https:\/\/www.immobilienbusiness.ch\/wp-content\/uploads\/2017\/02\/Depositphotos_22148409_l-2015-1536x1111.jpg 1536w, https:\/\/www.immobilienbusiness.ch\/wp-content\/uploads\/2017\/02\/Depositphotos_22148409_l-2015-16x12.jpg 16w, https:\/\/www.immobilienbusiness.ch\/wp-content\/uploads\/2017\/02\/Depositphotos_22148409_l-2015-242x175.jpg 242w, https:\/\/www.immobilienbusiness.ch\/wp-content\/uploads\/2017\/02\/Depositphotos_22148409_l-2015-484x350.jpg 484w, https:\/\/www.immobilienbusiness.ch\/wp-content\/uploads\/2017\/02\/Depositphotos_22148409_l-2015-1106x800.jpg 1106w, https:\/\/www.immobilienbusiness.ch\/wp-content\/uploads\/2017\/02\/Depositphotos_22148409_l-2015-920x666.jpg 920w, https:\/\/www.immobilienbusiness.ch\/wp-content\/uploads\/2017\/02\/Depositphotos_22148409_l-2015-1400x1013.jpg 1400w, https:\/\/www.immobilienbusiness.ch\/wp-content\/uploads\/2017\/02\/Depositphotos_22148409_l-2015-1935x1400.jpg 1935w\" sizes=\"auto, (max-width: 680px) 100vw, 680px\" \/><figcaption id=\"caption-attachment-6119\" class=\"wp-caption-text\">La SIF vuole aumentare il capitale del gruppo d'investimento \"Swiss Development Residential\" di 60 milioni di franchi (Foto: Rangizzz - depositphotos)<\/figcaption><\/figure>\n<p>Negli ultimi mesi, la Steiner Investment Foundation (SIF) ha acquistato diversi progetti e terreni per il suo gruppo d'investimento \"Swiss Development Residential\". Secondo la SIF, investe in particolare in progetti residenziali nei migliori agglomerati della Svizzera.<\/p>\n<p>A Rorschach (SG), la SIF vuole sviluppare e realizzare uno sviluppo a uso misto con lo sviluppatore immobiliare e appaltatore totale Steiner AG sul sito centrale di Feldm\u00fchle, che \u00e8 direttamente accanto alla stazione ferroviaria della citt\u00e0. Il progetto, che comprender\u00e0 appartamenti in affitto e occupati dai proprietari, cos\u00ec come uffici e spazi commerciali a prezzi accessibili, \u00e8 destinato a formare un nuovo quartiere e a contribuire alla valorizzazione del centro di Rorschach.<\/p>\n<p>Il sito centrale di Sonnenplatz a Emmenbr\u00fccke vicino a Lucerna \u00e8 stato acquistato. Qui verranno costruiti circa 150 appartamenti in affitto e in propriet\u00e0 con relativi parcheggi.<\/p>\n<p>Sul sito di Gloggeguet a Herblingen, circa tre chilometri a nord-est di Sciaffusa, su cinque edifici residenziali e due annessi si stanno costruendo circa 100 appartamenti in affitto e in propriet\u00e0 con un parcheggio sotterraneo comune. Uno di questi annessi \u00e8 un edificio protetto che sar\u00e0 convertito in un asilo.<\/p>\n<p>Il sito di Le Gen\u00eats si trova nel quartiere Petit-Saconnex a nord-ovest del centro di Ginevra. Qui \u00e8 previsto uno sviluppo di nove piani completi, una parte dei quali \u00e8 ora di propriet\u00e0 della SIF. Ci saranno 16 appartamenti in affitto, ognuno con 3,5 stanze e posti auto.<\/p>\n<h2>Progetti del valore di 273 milioni<\/h2>\n<p>Il valore di mercato dei progetti immobiliari \u00e8 stimato a pi\u00f9 di 273 milioni di franchi svizzeri dopo il completamento, secondo i rapporti di valutazione attuali, informa la Fondazione Steiner Investment.<\/p>\n<p>L'acquisizione di ulteriori progetti immobiliari \u00e8 attualmente in preparazione, continua il comunicato. Le trattative per l'acquisto sono in una fase avanzata e dovrebbero concludersi nel terzo e quarto trimestre di quest'anno. L'obiettivo di crescita a medio termine \u00e8 di costruire un portafoglio di oltre un miliardo.<\/p>\n<h2>Aumento di capitale oltre i 60 milioni<\/h2>\n<p>C'\u00e8 una grande lista d'attesa di nuovi investitori per il gruppo d'investimento \"Swiss Development Residential\", dice la SIF, motivo per cui un terzo aumento di capitale sar\u00e0 effettuato in settembre. Il volume di emissione sar\u00e0 di 60 milioni e il periodo di sottoscrizione andr\u00e0 dal 6 al 29 settembre 2017. Il pagamento avverr\u00e0 il 5 ottobre 2017.<\/p>\n<p>Il prezzo di emissione indicativo per diritto \u00e8 di CHF 111.28, il SIF indica il valore netto d'inventario per diritto a CHF 109.64 (entrambi al 30.09.2017). La commissione di emissione \u00e8 dell'1,5 per cento.<\/p>","protected":false},"excerpt":{"rendered":"<p>Il gruppo d'investimento \"Swiss Development Residential\" della Fondazione d'investimento Steiner (SIF) ha investito in diversi grandi progetti dalla sua costituzione in marzo e sta ora pianificando un terzo aumento di capitale.<\/p>","protected":false},"author":3,"featured_media":6119,"comment_status":"open","ping_status":"open","sticky":false,"template":"","format":"standard","meta":{"_acf_changed":false,"_yoast_wpseo_focuskw":"SIF","_yoast_wpseo_title":"","_yoast_wpseo_metadesc":"Die Anlagegruppe \u00abSwiss Development Residential\u00bb der Steiner Investment Foundation (SIF) hat mehrfach investiert und plant nun eine Kapitalerh\u00f6hung.","_yoast_wpseo_linkdex":85,"pgc_sgb_lightbox_settings":"","footnotes":""},"categories":[988],"tags":[1028,1030,1412,1863],"class_list":["post-8996","post","type-post","status-publish","format-standard","has-post-thumbnail","hentry","category-unternehmen","tag-anlagegruppe","tag-anlagestiftung","tag-kapitalerhoehung","tag-wohnimmobilien"],"acf":[],"yoast_head":"<!-- This site is optimized with the Yoast SEO plugin v27.5 - https:\/\/yoast.com\/product\/yoast-seo-wordpress\/ -->\n<title>SIF: Kapitalerh\u00f6hung f\u00fcr neue Anlagegruppe - IMMOBILIEN Business<\/title>\n<meta name=\"description\" content=\"Die Anlagegruppe \u00abSwiss Development Residential\u00bb der Steiner Investment Foundation (SIF) hat mehrfach investiert und plant nun eine Kapitalerh\u00f6hung.\" \/>\n<meta name=\"robots\" content=\"index, follow, max-snippet:-1, max-image-preview:large, max-video-preview:-1\" \/>\n<link rel=\"canonical\" href=\"https:\/\/www.immobilienbusiness.ch\/it\/unternehmen\/2017-09-07\/sif-kapitalerhoehung-fuer-neue-anlagegruppe\/\" \/>\n<meta property=\"og:locale\" content=\"it_IT\" \/>\n<meta property=\"og:type\" content=\"article\" \/>\n<meta property=\"og:title\" content=\"SIF: Kapitalerh\u00f6hung f\u00fcr neue Anlagegruppe\" \/>\n<meta property=\"og:description\" content=\"Die Anlagegruppe \u00abSwiss Development Residential\u00bb der Steiner Investment Foundation (SIF) hat mehrfach investiert und plant nun eine Kapitalerh\u00f6hung.\" \/>\n<meta property=\"og:url\" content=\"https:\/\/www.immobilienbusiness.ch\/it\/unternehmen\/2017-09-07\/sif-kapitalerhoehung-fuer-neue-anlagegruppe\/\" \/>\n<meta property=\"og:site_name\" content=\"IMMOBILIEN Business\" \/>\n<meta property=\"article:publisher\" content=\"https:\/\/www.facebook.com\/immobilienbusiness\/\" \/>\n<meta property=\"article:published_time\" content=\"2017-09-07T07:22:33+00:00\" \/>\n<meta property=\"og:image\" content=\"https:\/\/www.immobilienbusiness.ch\/wp-content\/uploads\/2017\/02\/Depositphotos_22148409_l-2015-1024x741.jpg\" \/>\n\t<meta property=\"og:image:width\" content=\"1024\" \/>\n\t<meta property=\"og:image:height\" content=\"741\" \/>\n\t<meta property=\"og:image:type\" content=\"image\/jpeg\" \/>\n<meta name=\"author\" content=\"anja.hall\" \/>\n<meta name=\"twitter:card\" content=\"summary_large_image\" \/>\n<meta name=\"twitter:title\" content=\"SIF: Kapitalerh\u00f6hung f\u00fcr neue Anlagegruppe\" \/>\n<meta name=\"twitter:description\" content=\"Die Anlagegruppe \u00abSwiss Development Residential\u00bb der Steiner Investment Foundation (SIF) hat mehrfach investiert und plant nun eine Kapitalerh\u00f6hung.\" \/>\n<meta name=\"twitter:image\" content=\"https:\/\/www.immobilienbusiness.ch\/wp-content\/uploads\/2017\/02\/Depositphotos_22148409_l-2015.jpg\" \/>\n<script type=\"application\/ld+json\" class=\"yoast-schema-graph\">{\"@context\":\"https:\\\/\\\/schema.org\",\"@graph\":[{\"@type\":\"Article\",\"@id\":\"https:\\\/\\\/www.immobilienbusiness.ch\\\/unternehmen\\\/2017-09-07\\\/sif-kapitalerhoehung-fuer-neue-anlagegruppe\\\/#article\",\"isPartOf\":{\"@id\":\"https:\\\/\\\/www.immobilienbusiness.ch\\\/unternehmen\\\/2017-09-07\\\/sif-kapitalerhoehung-fuer-neue-anlagegruppe\\\/\"},\"author\":{\"name\":\"anja.hall\",\"@id\":\"https:\\\/\\\/www.immobilienbusiness.ch\\\/#\\\/schema\\\/person\\\/3fc036297b10b9f42d6db5ee932af8c8\"},\"headline\":\"SIF: Kapitalerh\u00f6hung f\u00fcr neue Anlagegruppe\",\"datePublished\":\"2017-09-07T07:22:33+00:00\",\"mainEntityOfPage\":{\"@id\":\"https:\\\/\\\/www.immobilienbusiness.ch\\\/unternehmen\\\/2017-09-07\\\/sif-kapitalerhoehung-fuer-neue-anlagegruppe\\\/\"},\"wordCount\":390,\"commentCount\":0,\"publisher\":{\"@id\":\"https:\\\/\\\/www.immobilienbusiness.ch\\\/#organization\"},\"image\":{\"@id\":\"https:\\\/\\\/www.immobilienbusiness.ch\\\/unternehmen\\\/2017-09-07\\\/sif-kapitalerhoehung-fuer-neue-anlagegruppe\\\/#primaryimage\"},\"thumbnailUrl\":\"https:\\\/\\\/www.immobilienbusiness.ch\\\/wp-content\\\/uploads\\\/2017\\\/02\\\/Depositphotos_22148409_l-2015.jpg\",\"keywords\":[\"Anlagegruppe\",\"Anlagestiftung\",\"Kapitalerh\u00f6hung\",\"Wohnimmobilien\"],\"articleSection\":[\"UNTERNEHMEN\"],\"inLanguage\":\"it-IT\"},{\"@type\":\"WebPage\",\"@id\":\"https:\\\/\\\/www.immobilienbusiness.ch\\\/unternehmen\\\/2017-09-07\\\/sif-kapitalerhoehung-fuer-neue-anlagegruppe\\\/\",\"url\":\"https:\\\/\\\/www.immobilienbusiness.ch\\\/unternehmen\\\/2017-09-07\\\/sif-kapitalerhoehung-fuer-neue-anlagegruppe\\\/\",\"name\":\"SIF: Kapitalerh\u00f6hung f\u00fcr neue Anlagegruppe - IMMOBILIEN Business\",\"isPartOf\":{\"@id\":\"https:\\\/\\\/www.immobilienbusiness.ch\\\/#website\"},\"primaryImageOfPage\":{\"@id\":\"https:\\\/\\\/www.immobilienbusiness.ch\\\/unternehmen\\\/2017-09-07\\\/sif-kapitalerhoehung-fuer-neue-anlagegruppe\\\/#primaryimage\"},\"image\":{\"@id\":\"https:\\\/\\\/www.immobilienbusiness.ch\\\/unternehmen\\\/2017-09-07\\\/sif-kapitalerhoehung-fuer-neue-anlagegruppe\\\/#primaryimage\"},\"thumbnailUrl\":\"https:\\\/\\\/www.immobilienbusiness.ch\\\/wp-content\\\/uploads\\\/2017\\\/02\\\/Depositphotos_22148409_l-2015.jpg\",\"datePublished\":\"2017-09-07T07:22:33+00:00\",\"description\":\"Die Anlagegruppe \u00abSwiss Development Residential\u00bb der Steiner Investment Foundation (SIF) hat mehrfach investiert und plant nun eine Kapitalerh\u00f6hung.\",\"breadcrumb\":{\"@id\":\"https:\\\/\\\/www.immobilienbusiness.ch\\\/unternehmen\\\/2017-09-07\\\/sif-kapitalerhoehung-fuer-neue-anlagegruppe\\\/#breadcrumb\"},\"inLanguage\":\"it-IT\",\"potentialAction\":[{\"@type\":\"ReadAction\",\"target\":[\"https:\\\/\\\/www.immobilienbusiness.ch\\\/unternehmen\\\/2017-09-07\\\/sif-kapitalerhoehung-fuer-neue-anlagegruppe\\\/\"]}]},{\"@type\":\"ImageObject\",\"inLanguage\":\"it-IT\",\"@id\":\"https:\\\/\\\/www.immobilienbusiness.ch\\\/unternehmen\\\/2017-09-07\\\/sif-kapitalerhoehung-fuer-neue-anlagegruppe\\\/#primaryimage\",\"url\":\"https:\\\/\\\/www.immobilienbusiness.ch\\\/wp-content\\\/uploads\\\/2017\\\/02\\\/Depositphotos_22148409_l-2015.jpg\",\"contentUrl\":\"https:\\\/\\\/www.immobilienbusiness.ch\\\/wp-content\\\/uploads\\\/2017\\\/02\\\/Depositphotos_22148409_l-2015.jpg\",\"width\":2000,\"height\":1447,\"caption\":\"Der Fonds Sustainable Real Estate Switzerland sucht frisches Kapital (Foto: Rangizzz - depositphotos)\"},{\"@type\":\"BreadcrumbList\",\"@id\":\"https:\\\/\\\/www.immobilienbusiness.ch\\\/unternehmen\\\/2017-09-07\\\/sif-kapitalerhoehung-fuer-neue-anlagegruppe\\\/#breadcrumb\",\"itemListElement\":[{\"@type\":\"ListItem\",\"position\":1,\"name\":\"Home\",\"item\":\"https:\\\/\\\/www.immobilienbusiness.ch\\\/\"},{\"@type\":\"ListItem\",\"position\":2,\"name\":\"SIF: Kapitalerh\u00f6hung f\u00fcr neue Anlagegruppe\"}]},{\"@type\":\"WebSite\",\"@id\":\"https:\\\/\\\/www.immobilienbusiness.ch\\\/#website\",\"url\":\"https:\\\/\\\/www.immobilienbusiness.ch\\\/\",\"name\":\"IMMOBILIEN Business\",\"description\":\"Unabh\u00e4ngiges Schweizer Wirtschaftsmagazin mit Fokus auf Immobilien, Architektur- und Bau sowie Investment- und Finanzierung.\",\"publisher\":{\"@id\":\"https:\\\/\\\/www.immobilienbusiness.ch\\\/#organization\"},\"potentialAction\":[{\"@type\":\"SearchAction\",\"target\":{\"@type\":\"EntryPoint\",\"urlTemplate\":\"https:\\\/\\\/www.immobilienbusiness.ch\\\/?s={search_term_string}\"},\"query-input\":{\"@type\":\"PropertyValueSpecification\",\"valueRequired\":true,\"valueName\":\"search_term_string\"}}],\"inLanguage\":\"it-IT\"},{\"@type\":\"Organization\",\"@id\":\"https:\\\/\\\/www.immobilienbusiness.ch\\\/#organization\",\"name\":\"IMMOBILIEN Business\",\"url\":\"https:\\\/\\\/www.immobilienbusiness.ch\\\/\",\"logo\":{\"@type\":\"ImageObject\",\"inLanguage\":\"it-IT\",\"@id\":\"https:\\\/\\\/www.immobilienbusiness.ch\\\/#\\\/schema\\\/logo\\\/image\\\/\",\"url\":\"https:\\\/\\\/www.immobilienbusiness.ch\\\/wp-content\\\/uploads\\\/2021\\\/07\\\/logo_ib.png\",\"contentUrl\":\"https:\\\/\\\/www.immobilienbusiness.ch\\\/wp-content\\\/uploads\\\/2021\\\/07\\\/logo_ib.png\",\"width\":800,\"height\":181,\"caption\":\"IMMOBILIEN Business\"},\"image\":{\"@id\":\"https:\\\/\\\/www.immobilienbusiness.ch\\\/#\\\/schema\\\/logo\\\/image\\\/\"},\"sameAs\":[\"https:\\\/\\\/www.facebook.com\\\/immobilienbusiness\\\/\"]},{\"@type\":\"Person\",\"@id\":\"https:\\\/\\\/www.immobilienbusiness.ch\\\/#\\\/schema\\\/person\\\/3fc036297b10b9f42d6db5ee932af8c8\",\"name\":\"anja.hall\",\"image\":{\"@type\":\"ImageObject\",\"inLanguage\":\"it-IT\",\"@id\":\"https:\\\/\\\/secure.gravatar.com\\\/avatar\\\/066b5a0d447013502c71a5782f4f3469f03cfe595cc2329fb94652fe47511bfb?s=96&d=mm&r=g\",\"url\":\"https:\\\/\\\/secure.gravatar.com\\\/avatar\\\/066b5a0d447013502c71a5782f4f3469f03cfe595cc2329fb94652fe47511bfb?s=96&d=mm&r=g\",\"contentUrl\":\"https:\\\/\\\/secure.gravatar.com\\\/avatar\\\/066b5a0d447013502c71a5782f4f3469f03cfe595cc2329fb94652fe47511bfb?s=96&d=mm&r=g\",\"caption\":\"anja.hall\"},\"url\":\"https:\\\/\\\/www.immobilienbusiness.ch\\\/it\\\/author\\\/anja-hall\\\/\"}]}<\/script>\n<!-- \/ Yoast SEO plugin. -->","yoast_head_json":{"title":"SIF: aumento di capitale per il nuovo gruppo di investimento - IMMOBILIEN Business","description":"Il gruppo di investimento \u00abSwiss Development Residential\u00bb della Fondazione Steiner Investment (SIF) ha effettuato diversi investimenti e sta ora pianificando un aumento di capitale.","robots":{"index":"index","follow":"follow","max-snippet":"max-snippet:-1","max-image-preview":"max-image-preview:large","max-video-preview":"max-video-preview:-1"},"canonical":"https:\/\/www.immobilienbusiness.ch\/it\/unternehmen\/2017-09-07\/sif-kapitalerhoehung-fuer-neue-anlagegruppe\/","og_locale":"it_IT","og_type":"article","og_title":"SIF: Kapitalerh\u00f6hung f\u00fcr neue Anlagegruppe","og_description":"Die Anlagegruppe \u00abSwiss Development Residential\u00bb der Steiner Investment Foundation (SIF) hat mehrfach investiert und plant nun eine Kapitalerh\u00f6hung.","og_url":"https:\/\/www.immobilienbusiness.ch\/it\/unternehmen\/2017-09-07\/sif-kapitalerhoehung-fuer-neue-anlagegruppe\/","og_site_name":"IMMOBILIEN Business","article_publisher":"https:\/\/www.facebook.com\/immobilienbusiness\/","article_published_time":"2017-09-07T07:22:33+00:00","og_image":[{"width":1024,"height":741,"url":"https:\/\/www.immobilienbusiness.ch\/wp-content\/uploads\/2017\/02\/Depositphotos_22148409_l-2015-1024x741.jpg","type":"image\/jpeg"}],"author":"anja.hall","twitter_card":"summary_large_image","twitter_title":"SIF: Kapitalerh\u00f6hung f\u00fcr neue Anlagegruppe","twitter_description":"Die Anlagegruppe \u00abSwiss Development Residential\u00bb der Steiner Investment Foundation (SIF) hat mehrfach investiert und plant nun eine Kapitalerh\u00f6hung.","twitter_image":"https:\/\/www.immobilienbusiness.ch\/wp-content\/uploads\/2017\/02\/Depositphotos_22148409_l-2015.jpg","schema":{"@context":"https:\/\/schema.org","@graph":[{"@type":"Article","@id":"https:\/\/www.immobilienbusiness.ch\/unternehmen\/2017-09-07\/sif-kapitalerhoehung-fuer-neue-anlagegruppe\/#article","isPartOf":{"@id":"https:\/\/www.immobilienbusiness.ch\/unternehmen\/2017-09-07\/sif-kapitalerhoehung-fuer-neue-anlagegruppe\/"},"author":{"name":"anja.hall","@id":"https:\/\/www.immobilienbusiness.ch\/#\/schema\/person\/3fc036297b10b9f42d6db5ee932af8c8"},"headline":"SIF: Kapitalerh\u00f6hung f\u00fcr neue Anlagegruppe","datePublished":"2017-09-07T07:22:33+00:00","mainEntityOfPage":{"@id":"https:\/\/www.immobilienbusiness.ch\/unternehmen\/2017-09-07\/sif-kapitalerhoehung-fuer-neue-anlagegruppe\/"},"wordCount":390,"commentCount":0,"publisher":{"@id":"https:\/\/www.immobilienbusiness.ch\/#organization"},"image":{"@id":"https:\/\/www.immobilienbusiness.ch\/unternehmen\/2017-09-07\/sif-kapitalerhoehung-fuer-neue-anlagegruppe\/#primaryimage"},"thumbnailUrl":"https:\/\/www.immobilienbusiness.ch\/wp-content\/uploads\/2017\/02\/Depositphotos_22148409_l-2015.jpg","keywords":["Anlagegruppe","Anlagestiftung","Kapitalerh\u00f6hung","Wohnimmobilien"],"articleSection":["UNTERNEHMEN"],"inLanguage":"it-IT"},{"@type":"WebPage","@id":"https:\/\/www.immobilienbusiness.ch\/unternehmen\/2017-09-07\/sif-kapitalerhoehung-fuer-neue-anlagegruppe\/","url":"https:\/\/www.immobilienbusiness.ch\/unternehmen\/2017-09-07\/sif-kapitalerhoehung-fuer-neue-anlagegruppe\/","name":"SIF: aumento di capitale per il nuovo gruppo di investimento - IMMOBILIEN Business","isPartOf":{"@id":"https:\/\/www.immobilienbusiness.ch\/#website"},"primaryImageOfPage":{"@id":"https:\/\/www.immobilienbusiness.ch\/unternehmen\/2017-09-07\/sif-kapitalerhoehung-fuer-neue-anlagegruppe\/#primaryimage"},"image":{"@id":"https:\/\/www.immobilienbusiness.ch\/unternehmen\/2017-09-07\/sif-kapitalerhoehung-fuer-neue-anlagegruppe\/#primaryimage"},"thumbnailUrl":"https:\/\/www.immobilienbusiness.ch\/wp-content\/uploads\/2017\/02\/Depositphotos_22148409_l-2015.jpg","datePublished":"2017-09-07T07:22:33+00:00","description":"Il gruppo di investimento \u00abSwiss Development Residential\u00bb della Fondazione Steiner Investment (SIF) ha effettuato diversi investimenti e sta ora pianificando un aumento di capitale.","breadcrumb":{"@id":"https:\/\/www.immobilienbusiness.ch\/unternehmen\/2017-09-07\/sif-kapitalerhoehung-fuer-neue-anlagegruppe\/#breadcrumb"},"inLanguage":"it-IT","potentialAction":[{"@type":"ReadAction","target":["https:\/\/www.immobilienbusiness.ch\/unternehmen\/2017-09-07\/sif-kapitalerhoehung-fuer-neue-anlagegruppe\/"]}]},{"@type":"ImageObject","inLanguage":"it-IT","@id":"https:\/\/www.immobilienbusiness.ch\/unternehmen\/2017-09-07\/sif-kapitalerhoehung-fuer-neue-anlagegruppe\/#primaryimage","url":"https:\/\/www.immobilienbusiness.ch\/wp-content\/uploads\/2017\/02\/Depositphotos_22148409_l-2015.jpg","contentUrl":"https:\/\/www.immobilienbusiness.ch\/wp-content\/uploads\/2017\/02\/Depositphotos_22148409_l-2015.jpg","width":2000,"height":1447,"caption":"Der Fonds Sustainable Real Estate Switzerland sucht frisches Kapital (Foto: Rangizzz - depositphotos)"},{"@type":"BreadcrumbList","@id":"https:\/\/www.immobilienbusiness.ch\/unternehmen\/2017-09-07\/sif-kapitalerhoehung-fuer-neue-anlagegruppe\/#breadcrumb","itemListElement":[{"@type":"ListItem","position":1,"name":"Home","item":"https:\/\/www.immobilienbusiness.ch\/"},{"@type":"ListItem","position":2,"name":"SIF: Kapitalerh\u00f6hung f\u00fcr neue Anlagegruppe"}]},{"@type":"WebSite","@id":"https:\/\/www.immobilienbusiness.ch\/#website","url":"https:\/\/www.immobilienbusiness.ch\/","name":"Affari immobiliari","description":"Rivista economica indipendente svizzera che si concentra sul settore immobiliare, l'architettura e la costruzione, nonch\u00e9 sugli investimenti e i finanziamenti.","publisher":{"@id":"https:\/\/www.immobilienbusiness.ch\/#organization"},"potentialAction":[{"@type":"SearchAction","target":{"@type":"EntryPoint","urlTemplate":"https:\/\/www.immobilienbusiness.ch\/?s={search_term_string}"},"query-input":{"@type":"PropertyValueSpecification","valueRequired":true,"valueName":"search_term_string"}}],"inLanguage":"it-IT"},{"@type":"Organization","@id":"https:\/\/www.immobilienbusiness.ch\/#organization","name":"Affari immobiliari","url":"https:\/\/www.immobilienbusiness.ch\/","logo":{"@type":"ImageObject","inLanguage":"it-IT","@id":"https:\/\/www.immobilienbusiness.ch\/#\/schema\/logo\/image\/","url":"https:\/\/www.immobilienbusiness.ch\/wp-content\/uploads\/2021\/07\/logo_ib.png","contentUrl":"https:\/\/www.immobilienbusiness.ch\/wp-content\/uploads\/2021\/07\/logo_ib.png","width":800,"height":181,"caption":"IMMOBILIEN Business"},"image":{"@id":"https:\/\/www.immobilienbusiness.ch\/#\/schema\/logo\/image\/"},"sameAs":["https:\/\/www.facebook.com\/immobilienbusiness\/"]},{"@type":"Person","@id":"https:\/\/www.immobilienbusiness.ch\/#\/schema\/person\/3fc036297b10b9f42d6db5ee932af8c8","name":"anja.hall","image":{"@type":"ImageObject","inLanguage":"it-IT","@id":"https:\/\/secure.gravatar.com\/avatar\/066b5a0d447013502c71a5782f4f3469f03cfe595cc2329fb94652fe47511bfb?s=96&d=mm&r=g","url":"https:\/\/secure.gravatar.com\/avatar\/066b5a0d447013502c71a5782f4f3469f03cfe595cc2329fb94652fe47511bfb?s=96&d=mm&r=g","contentUrl":"https:\/\/secure.gravatar.com\/avatar\/066b5a0d447013502c71a5782f4f3469f03cfe595cc2329fb94652fe47511bfb?s=96&d=mm&r=g","caption":"anja.hall"},"url":"https:\/\/www.immobilienbusiness.ch\/it\/author\/anja-hall\/"}]}},"_links":{"self":[{"href":"https:\/\/www.immobilienbusiness.ch\/it\/wp-json\/wp\/v2\/posts\/8996","targetHints":{"allow":["GET"]}}],"collection":[{"href":"https:\/\/www.immobilienbusiness.ch\/it\/wp-json\/wp\/v2\/posts"}],"about":[{"href":"https:\/\/www.immobilienbusiness.ch\/it\/wp-json\/wp\/v2\/types\/post"}],"author":[{"embeddable":true,"href":"https:\/\/www.immobilienbusiness.ch\/it\/wp-json\/wp\/v2\/users\/3"}],"replies":[{"embeddable":true,"href":"https:\/\/www.immobilienbusiness.ch\/it\/wp-json\/wp\/v2\/comments?post=8996"}],"version-history":[{"count":0,"href":"https:\/\/www.immobilienbusiness.ch\/it\/wp-json\/wp\/v2\/posts\/8996\/revisions"}],"wp:featuredmedia":[{"embeddable":true,"href":"https:\/\/www.immobilienbusiness.ch\/it\/wp-json\/wp\/v2\/media\/6119"}],"wp:attachment":[{"href":"https:\/\/www.immobilienbusiness.ch\/it\/wp-json\/wp\/v2\/media?parent=8996"}],"wp:term":[{"taxonomy":"category","embeddable":true,"href":"https:\/\/www.immobilienbusiness.ch\/it\/wp-json\/wp\/v2\/categories?post=8996"},{"taxonomy":"post_tag","embeddable":true,"href":"https:\/\/www.immobilienbusiness.ch\/it\/wp-json\/wp\/v2\/tags?post=8996"}],"curies":[{"name":"wp","href":"https:\/\/api.w.org\/{rel}","templated":true}]}}