{"id":8853,"date":"2017-08-25T08:54:46","date_gmt":"2017-08-25T06:54:46","guid":{"rendered":"https:\/\/www.immobilienbusiness.ch\/?p=8853"},"modified":"2017-08-25T08:54:46","modified_gmt":"2017-08-25T06:54:46","slug":"winterthur-lupk-und-halter-planen-wohnueberbauung","status":"publish","type":"post","link":"https:\/\/www.immobilienbusiness.ch\/it\/regionen\/2017-08-25\/winterthur-lupk-und-halter-planen-wohnueberbauung\/","title":{"rendered":"Winterthur: LUPK e Halter progettano uno sviluppo residenziale"},"content":{"rendered":"<figure id=\"attachment_8854\" aria-describedby=\"caption-attachment-8854\" style=\"width: 680px\" class=\"wp-caption alignnone\"><img loading=\"lazy\" decoding=\"async\" class=\"size-medium wp-image-8854\" src=\"https:\/\/www.immobilienbusiness.ch\/wp-content\/uploads\/2017\/08\/Toessfeldstrasse_Winterthur-Toess.jpg\" alt=\"\" width=\"680\" height=\"471\" srcset=\"https:\/\/www.immobilienbusiness.ch\/wp-content\/uploads\/2017\/08\/Toessfeldstrasse_Winterthur-Toess.jpg 2560w, https:\/\/www.immobilienbusiness.ch\/wp-content\/uploads\/2017\/08\/Toessfeldstrasse_Winterthur-Toess-300x208.jpg 300w, https:\/\/www.immobilienbusiness.ch\/wp-content\/uploads\/2017\/08\/Toessfeldstrasse_Winterthur-Toess-1024x710.jpg 1024w, https:\/\/www.immobilienbusiness.ch\/wp-content\/uploads\/2017\/08\/Toessfeldstrasse_Winterthur-Toess-768x533.jpg 768w, https:\/\/www.immobilienbusiness.ch\/wp-content\/uploads\/2017\/08\/Toessfeldstrasse_Winterthur-Toess-1536x1065.jpg 1536w, https:\/\/www.immobilienbusiness.ch\/wp-content\/uploads\/2017\/08\/Toessfeldstrasse_Winterthur-Toess-2048x1420.jpg 2048w, https:\/\/www.immobilienbusiness.ch\/wp-content\/uploads\/2017\/08\/Toessfeldstrasse_Winterthur-Toess-16x12.jpg 16w, https:\/\/www.immobilienbusiness.ch\/wp-content\/uploads\/2017\/08\/Toessfeldstrasse_Winterthur-Toess-252x175.jpg 252w, https:\/\/www.immobilienbusiness.ch\/wp-content\/uploads\/2017\/08\/Toessfeldstrasse_Winterthur-Toess-505x350.jpg 505w, https:\/\/www.immobilienbusiness.ch\/wp-content\/uploads\/2017\/08\/Toessfeldstrasse_Winterthur-Toess-1154x800.jpg 1154w, https:\/\/www.immobilienbusiness.ch\/wp-content\/uploads\/2017\/08\/Toessfeldstrasse_Winterthur-Toess-920x638.jpg 920w, https:\/\/www.immobilienbusiness.ch\/wp-content\/uploads\/2017\/08\/Toessfeldstrasse_Winterthur-Toess-1400x971.jpg 1400w, https:\/\/www.immobilienbusiness.ch\/wp-content\/uploads\/2017\/08\/Toessfeldstrasse_Winterthur-Toess-2019x1400.jpg 2019w\" sizes=\"auto, (max-width: 680px) 100vw, 680px\" \/><figcaption id=\"caption-attachment-8854\" class=\"wp-caption-text\">Il progetto \"Wegerich\" direttamente alla stazione ferroviaria di Winterthur-T\u00f6ss (visualizzazione: KilgaPopp Architekten AG)<\/figcaption><\/figure>\n<p>La giuria ha scelto all'unanimit\u00e0 come vincitore il progetto \"Wegerich\" dello studio KilgaPopp Architekten di Winterthur. Secondo la motivazione, il progetto ha convinto per il suo concetto generale e l'aspetto, per le diverse planimetrie e per l'integrazione nell'area della stazione di T\u00f6ss.<\/p>\n<p>Il concorso di progettazione per l'area della stazione ferroviaria di Winterthur-T\u00f6ss, compresa tra la T\u00f6ssfeldstrasse a nord, i binari a sud e la piazza della stazione a ovest, prevedeva che il nuovo progetto edilizio tenesse conto degli edifici meritevoli di tutela: la casa della stazione e la rimessa delle merci. Un altro requisito era quello di creare un collegamento tra l'edificio e lo spazio esterno.<\/p>\n<p>Il progetto \"Wegerich\" prevede un edificio allungato che forma un nuovo insieme con gli edifici del sito della stazione che meritano di essere tutelati. Tra la facciata dell'edificio della stazione e il nuovo edificio verr\u00e0 creata una piazza pubblica. Questa nuova piazza di quartiere si apre a sud-est nell'area antistante il nuovo edificio, integrando cos\u00ec anche il percorso previsto per il binario che verr\u00e0 creato al posto del binario 1.<\/p>\n<p>L'edificio conterr\u00e0 49 piccoli appartamenti in affitto con 1,5, 2,5 o 3,5 stanze e circa 530 mq di spazio commerciale. Ogni appartamento avr\u00e0 una terrazza o un balcone. L'accesso dall'edificio alla zona della stazione e al quartiere residenziale lungo la T\u00f6ssfeldstrasse \u00e8 organizzato da scale aperte e terrazze di accesso. L'edificio presenta quattro lati caratteristici: a sud con vetrate, a nord con scalinate e terrazze giardino, a est con una strada di accesso e a ovest con il collegamento alla piazza della stazione.<\/p>\n<p>Ora il progetto edilizio deve essere finalizzato in modo da poter avviare la procedura di concessione edilizia nell'autunno di quest'anno. Secondo la pianificazione attuale, la costruzione dovrebbe iniziare nella primavera del 2018.<\/p>","protected":false},"excerpt":{"rendered":"<p>La Cassa pensioni di Lucerna (LUPK) e Halter AG vogliono costruire un nuovo edificio con spazi residenziali e commerciali sul terreno abbandonato tra la T\u00f6ssfeldstrasse e i binari della ferrovia a Winterthur-T\u00f6ss. Il concorso di architettura \u00e8 stato deciso.<\/p>","protected":false},"author":3,"featured_media":8854,"comment_status":"open","ping_status":"open","sticky":false,"template":"","format":"standard","meta":{"_acf_changed":false,"_yoast_wpseo_focuskw":"Winterthur","_yoast_wpseo_title":"","_yoast_wpseo_metadesc":"Die Luzerner Pensionskasse und die Halter AG planen beim Bahnhof Winterthur-T\u00f6ss ein Wohngeb\u00e4ude errichten. Der Architekturwettbewerb ist jetzt entschieden.","_yoast_wpseo_linkdex":73,"pgc_sgb_lightbox_settings":"","footnotes":""},"categories":[985],"tags":[1600,1858,1863],"class_list":["post-8853","post","type-post","status-publish","format-standard","has-post-thumbnail","hentry","category-regionen","tag-projekt-in-planung","tag-winterthur","tag-wohnimmobilien"],"acf":[],"yoast_head":"<!-- This site is optimized with the Yoast SEO plugin v27.4 - https:\/\/yoast.com\/product\/yoast-seo-wordpress\/ -->\n<title>Winterthur: LUPK und Halter planen Wohn\u00fcberbauung - IMMOBILIEN Business<\/title>\n<meta name=\"description\" content=\"Die Luzerner Pensionskasse und die Halter AG planen beim Bahnhof Winterthur-T\u00f6ss ein Wohngeb\u00e4ude errichten. Der Architekturwettbewerb ist jetzt entschieden.\" \/>\n<meta name=\"robots\" content=\"index, follow, max-snippet:-1, max-image-preview:large, max-video-preview:-1\" \/>\n<link rel=\"canonical\" href=\"https:\/\/www.immobilienbusiness.ch\/it\/regionen\/2017-08-25\/winterthur-lupk-und-halter-planen-wohnueberbauung\/\" \/>\n<meta property=\"og:locale\" content=\"it_IT\" \/>\n<meta property=\"og:type\" content=\"article\" \/>\n<meta property=\"og:title\" content=\"Winterthur: LUPK und Halter planen Wohn\u00fcberbauung\" \/>\n<meta property=\"og:description\" content=\"Die Luzerner Pensionskasse und die Halter AG planen beim Bahnhof Winterthur-T\u00f6ss ein Wohngeb\u00e4ude errichten. Der Architekturwettbewerb ist jetzt entschieden.\" \/>\n<meta property=\"og:url\" content=\"https:\/\/www.immobilienbusiness.ch\/it\/regionen\/2017-08-25\/winterthur-lupk-und-halter-planen-wohnueberbauung\/\" \/>\n<meta property=\"og:site_name\" content=\"IMMOBILIEN Business\" \/>\n<meta property=\"article:publisher\" content=\"https:\/\/www.facebook.com\/immobilienbusiness\/\" \/>\n<meta property=\"article:published_time\" content=\"2017-08-25T06:54:46+00:00\" \/>\n<meta property=\"og:image\" content=\"https:\/\/www.immobilienbusiness.ch\/wp-content\/uploads\/2017\/08\/Toessfeldstrasse_Winterthur-Toess-1024x710.jpg\" \/>\n\t<meta property=\"og:image:width\" content=\"1024\" \/>\n\t<meta property=\"og:image:height\" content=\"710\" \/>\n\t<meta property=\"og:image:type\" content=\"image\/jpeg\" \/>\n<meta name=\"author\" content=\"anja.hall\" \/>\n<meta name=\"twitter:card\" content=\"summary_large_image\" \/>\n<meta name=\"twitter:title\" content=\"Winterthur: LUPK und Halter planen Wohn\u00fcberbauung\" \/>\n<meta name=\"twitter:description\" content=\"Die Luzerner Pensionskasse und die Halter AG planen beim Bahnhof Winterthur-T\u00f6ss ein Wohngeb\u00e4ude errichten. Der Architekturwettbewerb ist jetzt entschieden.\" \/>\n<meta name=\"twitter:image\" content=\"https:\/\/www.immobilienbusiness.ch\/wp-content\/uploads\/2017\/08\/Toessfeldstrasse_Winterthur-Toess.jpg\" \/>\n<script type=\"application\/ld+json\" class=\"yoast-schema-graph\">{\"@context\":\"https:\\\/\\\/schema.org\",\"@graph\":[{\"@type\":\"Article\",\"@id\":\"https:\\\/\\\/www.immobilienbusiness.ch\\\/regionen\\\/2017-08-25\\\/winterthur-lupk-und-halter-planen-wohnueberbauung\\\/#article\",\"isPartOf\":{\"@id\":\"https:\\\/\\\/www.immobilienbusiness.ch\\\/regionen\\\/2017-08-25\\\/winterthur-lupk-und-halter-planen-wohnueberbauung\\\/\"},\"author\":{\"name\":\"anja.hall\",\"@id\":\"https:\\\/\\\/www.immobilienbusiness.ch\\\/#\\\/schema\\\/person\\\/3fc036297b10b9f42d6db5ee932af8c8\"},\"headline\":\"Winterthur: LUPK und Halter planen Wohn\u00fcberbauung\",\"datePublished\":\"2017-08-25T06:54:46+00:00\",\"mainEntityOfPage\":{\"@id\":\"https:\\\/\\\/www.immobilienbusiness.ch\\\/regionen\\\/2017-08-25\\\/winterthur-lupk-und-halter-planen-wohnueberbauung\\\/\"},\"wordCount\":294,\"commentCount\":0,\"publisher\":{\"@id\":\"https:\\\/\\\/www.immobilienbusiness.ch\\\/#organization\"},\"image\":{\"@id\":\"https:\\\/\\\/www.immobilienbusiness.ch\\\/regionen\\\/2017-08-25\\\/winterthur-lupk-und-halter-planen-wohnueberbauung\\\/#primaryimage\"},\"thumbnailUrl\":\"https:\\\/\\\/www.immobilienbusiness.ch\\\/wp-content\\\/uploads\\\/2017\\\/08\\\/Toessfeldstrasse_Winterthur-Toess.jpg\",\"keywords\":[\"Projekt in Planung\",\"Winterthur\",\"Wohnimmobilien\"],\"articleSection\":[\"REGIONEN\"],\"inLanguage\":\"it-IT\"},{\"@type\":\"WebPage\",\"@id\":\"https:\\\/\\\/www.immobilienbusiness.ch\\\/regionen\\\/2017-08-25\\\/winterthur-lupk-und-halter-planen-wohnueberbauung\\\/\",\"url\":\"https:\\\/\\\/www.immobilienbusiness.ch\\\/regionen\\\/2017-08-25\\\/winterthur-lupk-und-halter-planen-wohnueberbauung\\\/\",\"name\":\"Winterthur: LUPK und Halter planen Wohn\u00fcberbauung - IMMOBILIEN Business\",\"isPartOf\":{\"@id\":\"https:\\\/\\\/www.immobilienbusiness.ch\\\/#website\"},\"primaryImageOfPage\":{\"@id\":\"https:\\\/\\\/www.immobilienbusiness.ch\\\/regionen\\\/2017-08-25\\\/winterthur-lupk-und-halter-planen-wohnueberbauung\\\/#primaryimage\"},\"image\":{\"@id\":\"https:\\\/\\\/www.immobilienbusiness.ch\\\/regionen\\\/2017-08-25\\\/winterthur-lupk-und-halter-planen-wohnueberbauung\\\/#primaryimage\"},\"thumbnailUrl\":\"https:\\\/\\\/www.immobilienbusiness.ch\\\/wp-content\\\/uploads\\\/2017\\\/08\\\/Toessfeldstrasse_Winterthur-Toess.jpg\",\"datePublished\":\"2017-08-25T06:54:46+00:00\",\"description\":\"Die Luzerner Pensionskasse und die Halter AG planen beim Bahnhof Winterthur-T\u00f6ss ein Wohngeb\u00e4ude errichten. Der Architekturwettbewerb ist jetzt entschieden.\",\"breadcrumb\":{\"@id\":\"https:\\\/\\\/www.immobilienbusiness.ch\\\/regionen\\\/2017-08-25\\\/winterthur-lupk-und-halter-planen-wohnueberbauung\\\/#breadcrumb\"},\"inLanguage\":\"it-IT\",\"potentialAction\":[{\"@type\":\"ReadAction\",\"target\":[\"https:\\\/\\\/www.immobilienbusiness.ch\\\/regionen\\\/2017-08-25\\\/winterthur-lupk-und-halter-planen-wohnueberbauung\\\/\"]}]},{\"@type\":\"ImageObject\",\"inLanguage\":\"it-IT\",\"@id\":\"https:\\\/\\\/www.immobilienbusiness.ch\\\/regionen\\\/2017-08-25\\\/winterthur-lupk-und-halter-planen-wohnueberbauung\\\/#primaryimage\",\"url\":\"https:\\\/\\\/www.immobilienbusiness.ch\\\/wp-content\\\/uploads\\\/2017\\\/08\\\/Toessfeldstrasse_Winterthur-Toess.jpg\",\"contentUrl\":\"https:\\\/\\\/www.immobilienbusiness.ch\\\/wp-content\\\/uploads\\\/2017\\\/08\\\/Toessfeldstrasse_Winterthur-Toess.jpg\",\"width\":2560,\"height\":1775,\"caption\":\"(Visualisierung: KilgaPopp Architekten AG)\"},{\"@type\":\"BreadcrumbList\",\"@id\":\"https:\\\/\\\/www.immobilienbusiness.ch\\\/regionen\\\/2017-08-25\\\/winterthur-lupk-und-halter-planen-wohnueberbauung\\\/#breadcrumb\",\"itemListElement\":[{\"@type\":\"ListItem\",\"position\":1,\"name\":\"Home\",\"item\":\"https:\\\/\\\/www.immobilienbusiness.ch\\\/\"},{\"@type\":\"ListItem\",\"position\":2,\"name\":\"Winterthur: LUPK und Halter planen Wohn\u00fcberbauung\"}]},{\"@type\":\"WebSite\",\"@id\":\"https:\\\/\\\/www.immobilienbusiness.ch\\\/#website\",\"url\":\"https:\\\/\\\/www.immobilienbusiness.ch\\\/\",\"name\":\"IMMOBILIEN Business\",\"description\":\"Unabh\u00e4ngiges Schweizer Wirtschaftsmagazin mit Fokus auf Immobilien, Architektur- und Bau sowie Investment- und Finanzierung.\",\"publisher\":{\"@id\":\"https:\\\/\\\/www.immobilienbusiness.ch\\\/#organization\"},\"potentialAction\":[{\"@type\":\"SearchAction\",\"target\":{\"@type\":\"EntryPoint\",\"urlTemplate\":\"https:\\\/\\\/www.immobilienbusiness.ch\\\/?s={search_term_string}\"},\"query-input\":{\"@type\":\"PropertyValueSpecification\",\"valueRequired\":true,\"valueName\":\"search_term_string\"}}],\"inLanguage\":\"it-IT\"},{\"@type\":\"Organization\",\"@id\":\"https:\\\/\\\/www.immobilienbusiness.ch\\\/#organization\",\"name\":\"IMMOBILIEN Business\",\"url\":\"https:\\\/\\\/www.immobilienbusiness.ch\\\/\",\"logo\":{\"@type\":\"ImageObject\",\"inLanguage\":\"it-IT\",\"@id\":\"https:\\\/\\\/www.immobilienbusiness.ch\\\/#\\\/schema\\\/logo\\\/image\\\/\",\"url\":\"https:\\\/\\\/www.immobilienbusiness.ch\\\/wp-content\\\/uploads\\\/2021\\\/07\\\/logo_ib.png\",\"contentUrl\":\"https:\\\/\\\/www.immobilienbusiness.ch\\\/wp-content\\\/uploads\\\/2021\\\/07\\\/logo_ib.png\",\"width\":800,\"height\":181,\"caption\":\"IMMOBILIEN Business\"},\"image\":{\"@id\":\"https:\\\/\\\/www.immobilienbusiness.ch\\\/#\\\/schema\\\/logo\\\/image\\\/\"},\"sameAs\":[\"https:\\\/\\\/www.facebook.com\\\/immobilienbusiness\\\/\"]},{\"@type\":\"Person\",\"@id\":\"https:\\\/\\\/www.immobilienbusiness.ch\\\/#\\\/schema\\\/person\\\/3fc036297b10b9f42d6db5ee932af8c8\",\"name\":\"anja.hall\",\"image\":{\"@type\":\"ImageObject\",\"inLanguage\":\"it-IT\",\"@id\":\"https:\\\/\\\/secure.gravatar.com\\\/avatar\\\/066b5a0d447013502c71a5782f4f3469f03cfe595cc2329fb94652fe47511bfb?s=96&d=mm&r=g\",\"url\":\"https:\\\/\\\/secure.gravatar.com\\\/avatar\\\/066b5a0d447013502c71a5782f4f3469f03cfe595cc2329fb94652fe47511bfb?s=96&d=mm&r=g\",\"contentUrl\":\"https:\\\/\\\/secure.gravatar.com\\\/avatar\\\/066b5a0d447013502c71a5782f4f3469f03cfe595cc2329fb94652fe47511bfb?s=96&d=mm&r=g\",\"caption\":\"anja.hall\"},\"url\":\"https:\\\/\\\/www.immobilienbusiness.ch\\\/it\\\/author\\\/anja-hall\\\/\"}]}<\/script>\n<!-- \/ Yoast SEO plugin. -->","yoast_head_json":{"title":"Winterthur: LUPK e Halter progettano uno sviluppo residenziale - IMMOBILIEN Business","description":"Il Fondo Pensioni di Lucerna e Halter AG intendono costruire un edificio residenziale presso la stazione ferroviaria di Winterthur-T\u00f6ss. Il concorso di architettura \u00e8 stato deciso.","robots":{"index":"index","follow":"follow","max-snippet":"max-snippet:-1","max-image-preview":"max-image-preview:large","max-video-preview":"max-video-preview:-1"},"canonical":"https:\/\/www.immobilienbusiness.ch\/it\/regionen\/2017-08-25\/winterthur-lupk-und-halter-planen-wohnueberbauung\/","og_locale":"it_IT","og_type":"article","og_title":"Winterthur: LUPK und Halter planen Wohn\u00fcberbauung","og_description":"Die Luzerner Pensionskasse und die Halter AG planen beim Bahnhof Winterthur-T\u00f6ss ein Wohngeb\u00e4ude errichten. Der Architekturwettbewerb ist jetzt entschieden.","og_url":"https:\/\/www.immobilienbusiness.ch\/it\/regionen\/2017-08-25\/winterthur-lupk-und-halter-planen-wohnueberbauung\/","og_site_name":"IMMOBILIEN Business","article_publisher":"https:\/\/www.facebook.com\/immobilienbusiness\/","article_published_time":"2017-08-25T06:54:46+00:00","og_image":[{"width":1024,"height":710,"url":"https:\/\/www.immobilienbusiness.ch\/wp-content\/uploads\/2017\/08\/Toessfeldstrasse_Winterthur-Toess-1024x710.jpg","type":"image\/jpeg"}],"author":"anja.hall","twitter_card":"summary_large_image","twitter_title":"Winterthur: LUPK und Halter planen Wohn\u00fcberbauung","twitter_description":"Die Luzerner Pensionskasse und die Halter AG planen beim Bahnhof Winterthur-T\u00f6ss ein Wohngeb\u00e4ude errichten. Der Architekturwettbewerb ist jetzt entschieden.","twitter_image":"https:\/\/www.immobilienbusiness.ch\/wp-content\/uploads\/2017\/08\/Toessfeldstrasse_Winterthur-Toess.jpg","schema":{"@context":"https:\/\/schema.org","@graph":[{"@type":"Article","@id":"https:\/\/www.immobilienbusiness.ch\/regionen\/2017-08-25\/winterthur-lupk-und-halter-planen-wohnueberbauung\/#article","isPartOf":{"@id":"https:\/\/www.immobilienbusiness.ch\/regionen\/2017-08-25\/winterthur-lupk-und-halter-planen-wohnueberbauung\/"},"author":{"name":"anja.hall","@id":"https:\/\/www.immobilienbusiness.ch\/#\/schema\/person\/3fc036297b10b9f42d6db5ee932af8c8"},"headline":"Winterthur: LUPK und Halter planen Wohn\u00fcberbauung","datePublished":"2017-08-25T06:54:46+00:00","mainEntityOfPage":{"@id":"https:\/\/www.immobilienbusiness.ch\/regionen\/2017-08-25\/winterthur-lupk-und-halter-planen-wohnueberbauung\/"},"wordCount":294,"commentCount":0,"publisher":{"@id":"https:\/\/www.immobilienbusiness.ch\/#organization"},"image":{"@id":"https:\/\/www.immobilienbusiness.ch\/regionen\/2017-08-25\/winterthur-lupk-und-halter-planen-wohnueberbauung\/#primaryimage"},"thumbnailUrl":"https:\/\/www.immobilienbusiness.ch\/wp-content\/uploads\/2017\/08\/Toessfeldstrasse_Winterthur-Toess.jpg","keywords":["Projekt in Planung","Winterthur","Wohnimmobilien"],"articleSection":["REGIONEN"],"inLanguage":"it-IT"},{"@type":"WebPage","@id":"https:\/\/www.immobilienbusiness.ch\/regionen\/2017-08-25\/winterthur-lupk-und-halter-planen-wohnueberbauung\/","url":"https:\/\/www.immobilienbusiness.ch\/regionen\/2017-08-25\/winterthur-lupk-und-halter-planen-wohnueberbauung\/","name":"Winterthur: LUPK e Halter progettano uno sviluppo residenziale - IMMOBILIEN Business","isPartOf":{"@id":"https:\/\/www.immobilienbusiness.ch\/#website"},"primaryImageOfPage":{"@id":"https:\/\/www.immobilienbusiness.ch\/regionen\/2017-08-25\/winterthur-lupk-und-halter-planen-wohnueberbauung\/#primaryimage"},"image":{"@id":"https:\/\/www.immobilienbusiness.ch\/regionen\/2017-08-25\/winterthur-lupk-und-halter-planen-wohnueberbauung\/#primaryimage"},"thumbnailUrl":"https:\/\/www.immobilienbusiness.ch\/wp-content\/uploads\/2017\/08\/Toessfeldstrasse_Winterthur-Toess.jpg","datePublished":"2017-08-25T06:54:46+00:00","description":"Il Fondo Pensioni di Lucerna e Halter AG intendono costruire un edificio residenziale presso la stazione ferroviaria di Winterthur-T\u00f6ss. Il concorso di architettura \u00e8 stato deciso.","breadcrumb":{"@id":"https:\/\/www.immobilienbusiness.ch\/regionen\/2017-08-25\/winterthur-lupk-und-halter-planen-wohnueberbauung\/#breadcrumb"},"inLanguage":"it-IT","potentialAction":[{"@type":"ReadAction","target":["https:\/\/www.immobilienbusiness.ch\/regionen\/2017-08-25\/winterthur-lupk-und-halter-planen-wohnueberbauung\/"]}]},{"@type":"ImageObject","inLanguage":"it-IT","@id":"https:\/\/www.immobilienbusiness.ch\/regionen\/2017-08-25\/winterthur-lupk-und-halter-planen-wohnueberbauung\/#primaryimage","url":"https:\/\/www.immobilienbusiness.ch\/wp-content\/uploads\/2017\/08\/Toessfeldstrasse_Winterthur-Toess.jpg","contentUrl":"https:\/\/www.immobilienbusiness.ch\/wp-content\/uploads\/2017\/08\/Toessfeldstrasse_Winterthur-Toess.jpg","width":2560,"height":1775,"caption":"(Visualisierung: KilgaPopp Architekten AG)"},{"@type":"BreadcrumbList","@id":"https:\/\/www.immobilienbusiness.ch\/regionen\/2017-08-25\/winterthur-lupk-und-halter-planen-wohnueberbauung\/#breadcrumb","itemListElement":[{"@type":"ListItem","position":1,"name":"Home","item":"https:\/\/www.immobilienbusiness.ch\/"},{"@type":"ListItem","position":2,"name":"Winterthur: LUPK und Halter planen Wohn\u00fcberbauung"}]},{"@type":"WebSite","@id":"https:\/\/www.immobilienbusiness.ch\/#website","url":"https:\/\/www.immobilienbusiness.ch\/","name":"Affari immobiliari","description":"Rivista economica indipendente svizzera che si concentra sul settore immobiliare, l'architettura e la costruzione, nonch\u00e9 sugli investimenti e i finanziamenti.","publisher":{"@id":"https:\/\/www.immobilienbusiness.ch\/#organization"},"potentialAction":[{"@type":"SearchAction","target":{"@type":"EntryPoint","urlTemplate":"https:\/\/www.immobilienbusiness.ch\/?s={search_term_string}"},"query-input":{"@type":"PropertyValueSpecification","valueRequired":true,"valueName":"search_term_string"}}],"inLanguage":"it-IT"},{"@type":"Organization","@id":"https:\/\/www.immobilienbusiness.ch\/#organization","name":"Affari immobiliari","url":"https:\/\/www.immobilienbusiness.ch\/","logo":{"@type":"ImageObject","inLanguage":"it-IT","@id":"https:\/\/www.immobilienbusiness.ch\/#\/schema\/logo\/image\/","url":"https:\/\/www.immobilienbusiness.ch\/wp-content\/uploads\/2021\/07\/logo_ib.png","contentUrl":"https:\/\/www.immobilienbusiness.ch\/wp-content\/uploads\/2021\/07\/logo_ib.png","width":800,"height":181,"caption":"IMMOBILIEN Business"},"image":{"@id":"https:\/\/www.immobilienbusiness.ch\/#\/schema\/logo\/image\/"},"sameAs":["https:\/\/www.facebook.com\/immobilienbusiness\/"]},{"@type":"Person","@id":"https:\/\/www.immobilienbusiness.ch\/#\/schema\/person\/3fc036297b10b9f42d6db5ee932af8c8","name":"anja.hall","image":{"@type":"ImageObject","inLanguage":"it-IT","@id":"https:\/\/secure.gravatar.com\/avatar\/066b5a0d447013502c71a5782f4f3469f03cfe595cc2329fb94652fe47511bfb?s=96&d=mm&r=g","url":"https:\/\/secure.gravatar.com\/avatar\/066b5a0d447013502c71a5782f4f3469f03cfe595cc2329fb94652fe47511bfb?s=96&d=mm&r=g","contentUrl":"https:\/\/secure.gravatar.com\/avatar\/066b5a0d447013502c71a5782f4f3469f03cfe595cc2329fb94652fe47511bfb?s=96&d=mm&r=g","caption":"anja.hall"},"url":"https:\/\/www.immobilienbusiness.ch\/it\/author\/anja-hall\/"}]}},"_links":{"self":[{"href":"https:\/\/www.immobilienbusiness.ch\/it\/wp-json\/wp\/v2\/posts\/8853","targetHints":{"allow":["GET"]}}],"collection":[{"href":"https:\/\/www.immobilienbusiness.ch\/it\/wp-json\/wp\/v2\/posts"}],"about":[{"href":"https:\/\/www.immobilienbusiness.ch\/it\/wp-json\/wp\/v2\/types\/post"}],"author":[{"embeddable":true,"href":"https:\/\/www.immobilienbusiness.ch\/it\/wp-json\/wp\/v2\/users\/3"}],"replies":[{"embeddable":true,"href":"https:\/\/www.immobilienbusiness.ch\/it\/wp-json\/wp\/v2\/comments?post=8853"}],"version-history":[{"count":0,"href":"https:\/\/www.immobilienbusiness.ch\/it\/wp-json\/wp\/v2\/posts\/8853\/revisions"}],"wp:featuredmedia":[{"embeddable":true,"href":"https:\/\/www.immobilienbusiness.ch\/it\/wp-json\/wp\/v2\/media\/8854"}],"wp:attachment":[{"href":"https:\/\/www.immobilienbusiness.ch\/it\/wp-json\/wp\/v2\/media?parent=8853"}],"wp:term":[{"taxonomy":"category","embeddable":true,"href":"https:\/\/www.immobilienbusiness.ch\/it\/wp-json\/wp\/v2\/categories?post=8853"},{"taxonomy":"post_tag","embeddable":true,"href":"https:\/\/www.immobilienbusiness.ch\/it\/wp-json\/wp\/v2\/tags?post=8853"}],"curies":[{"name":"wp","href":"https:\/\/api.w.org\/{rel}","templated":true}]}}