{"id":861,"date":"2015-09-24T09:10:55","date_gmt":"2015-09-24T07:10:55","guid":{"rendered":"http:\/\/dev.immobilienbusiness.ch\/?p=861"},"modified":"2015-09-24T09:10:55","modified_gmt":"2015-09-24T07:10:55","slug":"gemeinderat-von-winterthur-fordert-restriktive-landvergabe","status":"publish","type":"post","link":"https:\/\/www.immobilienbusiness.ch\/it\/regionen\/2015-09-24\/gemeinderat-von-winterthur-fordert-restriktive-landvergabe\/","title":{"rendered":"Il consiglio comunale di Winterthur chiede un'assegnazione restrittiva di terreni"},"content":{"rendered":"<figure id=\"attachment_4850\" aria-describedby=\"caption-attachment-4850\" style=\"width: 680px\" class=\"wp-caption alignnone\"><img loading=\"lazy\" decoding=\"async\" class=\"wp-image-4850 size-medium\" src=\"https:\/\/immobilienbusiness.ch\/wp-content\/uploads\/2015\/09\/Gemeinderat-von-Winterthur-fordert-restriktive-Landvergabe-immobilien-business.jpg\" width=\"680\" height=\"510\" srcset=\"https:\/\/www.immobilienbusiness.ch\/wp-content\/uploads\/2015\/09\/Gemeinderat-von-Winterthur-fordert-restriktive-Landvergabe-immobilien-business.jpg 1024w, https:\/\/www.immobilienbusiness.ch\/wp-content\/uploads\/2015\/09\/Gemeinderat-von-Winterthur-fordert-restriktive-Landvergabe-immobilien-business-300x225.jpg 300w, https:\/\/www.immobilienbusiness.ch\/wp-content\/uploads\/2015\/09\/Gemeinderat-von-Winterthur-fordert-restriktive-Landvergabe-immobilien-business-768x576.jpg 768w, https:\/\/www.immobilienbusiness.ch\/wp-content\/uploads\/2015\/09\/Gemeinderat-von-Winterthur-fordert-restriktive-Landvergabe-immobilien-business-16x12.jpg 16w, https:\/\/www.immobilienbusiness.ch\/wp-content\/uploads\/2015\/09\/Gemeinderat-von-Winterthur-fordert-restriktive-Landvergabe-immobilien-business-233x175.jpg 233w, https:\/\/www.immobilienbusiness.ch\/wp-content\/uploads\/2015\/09\/Gemeinderat-von-Winterthur-fordert-restriktive-Landvergabe-immobilien-business-467x350.jpg 467w, https:\/\/www.immobilienbusiness.ch\/wp-content\/uploads\/2015\/09\/Gemeinderat-von-Winterthur-fordert-restriktive-Landvergabe-immobilien-business-920x690.jpg 920w\" sizes=\"auto, (max-width: 680px) 100vw, 680px\" \/><figcaption id=\"caption-attachment-4850\" class=\"wp-caption-text\">Il consiglio comunale di Winterthur vuole riorganizzare l'assegnazione dei terreni: in futuro saranno possibili solo assegnazioni in base al diritto edilizio (Foto: Simon Aughton\/Flickr)<\/figcaption><\/figure>\n<p>Il nuovo regolamento significherebbe che il terreno rimarrebbe di propriet\u00e0 della citt\u00e0 e potrebbe essere utilizzato nuovamente da essa dopo la scadenza di un periodo contrattuale. La mozione del Consiglio comunale sulla vendita temporanea di terreni \u00e8 stata dichiarata urgente e trasmessa al Consiglio comunale per l'attuazione. Al momento non \u00e8 ancora chiaro se la modifica della politica di assegnazione debba essere inserita nel codice comunale. In tal caso, l'elettorato di Winterthur dovr\u00e0 decidere in merito.<\/p>\n<p>I promotori della mozione sostengono che la citt\u00e0 beneficerebbe di entrate regolari con la modifica della concessione dei contratti di locazione degli edifici. Gli oppositori sottolineano che la concessione di locazioni di edifici \u00e8 gi\u00e0 una possibilit\u00e0 della politica immobiliare della citt\u00e0. Inoltre, c'\u00e8 la questione di come gestire gli oneri ereditati e i possibili costi aggiuntivi dopo la scadenza del periodo di aggiudicazione. (mr)<\/p>","protected":false},"excerpt":{"rendered":"<p>Il Consiglio comunale di Winterthur si \u00e8 espresso a favore di una nuova politica comunale di assegnazione dei terreni. In futuro, il Comune non dovrebbe pi\u00f9 essere autorizzato a vendere i propri terreni a privati, scrive il quotidiano \"Der Landbote\". In base a ci\u00f2, in futuro dovrebbero essere possibili solo le cosiddette assegnazioni in base al diritto edilizio.<\/p>","protected":false},"author":1,"featured_media":4850,"comment_status":"open","ping_status":"open","sticky":false,"template":"","format":"standard","meta":{"_acf_changed":false,"_yoast_wpseo_focuskw":"Landvergabe Winterthur","_yoast_wpseo_title":"Landvergabe Winterthur: Gemeinderat fordert neue Regelung","_yoast_wpseo_metadesc":"Der Gemeinderat von Winterthur plant eine restriktive Landvergabe, um die Bodenpolitik der Stadt zu steuern und zuk\u00fcnftige Eink\u00fcnfte zu sichern.","_yoast_wpseo_linkdex":64,"pgc_sgb_lightbox_settings":"","footnotes":""},"categories":[985],"tags":[1629,1888],"class_list":["post-861","post","type-post","status-publish","format-standard","has-post-thumbnail","hentry","category-regionen","tag-regionen","tag-zuerich"],"acf":[],"yoast_head":"<!-- This site is optimized with the Yoast SEO plugin v27.4 - https:\/\/yoast.com\/product\/yoast-seo-wordpress\/ -->\n<title>Landvergabe Winterthur: Gemeinderat fordert neue Regelung<\/title>\n<meta name=\"description\" content=\"Der Gemeinderat von Winterthur plant eine restriktive Landvergabe, um die Bodenpolitik der Stadt zu steuern und zuk\u00fcnftige Eink\u00fcnfte zu sichern.\" \/>\n<meta name=\"robots\" content=\"index, follow, max-snippet:-1, max-image-preview:large, max-video-preview:-1\" \/>\n<link rel=\"canonical\" href=\"https:\/\/www.immobilienbusiness.ch\/it\/regionen\/2015-09-24\/gemeinderat-von-winterthur-fordert-restriktive-landvergabe\/\" \/>\n<meta property=\"og:locale\" content=\"it_IT\" \/>\n<meta property=\"og:type\" content=\"article\" \/>\n<meta property=\"og:title\" content=\"Gemeinderat von Winterthur fordert restriktive Landvergabe\" \/>\n<meta property=\"og:description\" content=\"Der Gemeinderat von Winterthur hat sich f\u00fcr eine neue st\u00e4dtische Landvergabepolitik ausgesprochen. Der Stadtrat soll in Zukunft kein eigenes Land mehr an Private verkaufen d\u00fcrfen, schreibt die Zeitung \u00abDer Landbote\u00bb. Demnach sollen k\u00fcnftig nur noch sogenannte Vergaben im Baurecht m\u00f6glich sein.\" \/>\n<meta property=\"og:url\" content=\"https:\/\/www.immobilienbusiness.ch\/it\/regionen\/2015-09-24\/gemeinderat-von-winterthur-fordert-restriktive-landvergabe\/\" \/>\n<meta property=\"og:site_name\" content=\"IMMOBILIEN Business\" \/>\n<meta property=\"article:publisher\" content=\"https:\/\/www.facebook.com\/immobilienbusiness\/\" \/>\n<meta property=\"article:published_time\" content=\"2015-09-24T07:10:55+00:00\" \/>\n<meta name=\"author\" content=\"Redaktion\" \/>\n<meta name=\"twitter:card\" content=\"summary_large_image\" \/>\n<meta name=\"twitter:image\" content=\"https:\/\/www.immobilienbusiness.ch\/wp-content\/uploads\/2015\/09\/Gemeinderat-von-Winterthur-fordert-restriktive-Landvergabe-immobilien-business.jpg\" \/>\n<script type=\"application\/ld+json\" class=\"yoast-schema-graph\">{\"@context\":\"https:\\\/\\\/schema.org\",\"@graph\":[{\"@type\":\"Article\",\"@id\":\"https:\\\/\\\/www.immobilienbusiness.ch\\\/regionen\\\/2015-09-24\\\/gemeinderat-von-winterthur-fordert-restriktive-landvergabe\\\/#article\",\"isPartOf\":{\"@id\":\"https:\\\/\\\/www.immobilienbusiness.ch\\\/regionen\\\/2015-09-24\\\/gemeinderat-von-winterthur-fordert-restriktive-landvergabe\\\/\"},\"author\":{\"name\":\"Redaktion\",\"@id\":\"https:\\\/\\\/www.immobilienbusiness.ch\\\/#\\\/schema\\\/person\\\/aa2bace6c5c5aad60102004a50c4eb1c\"},\"headline\":\"Gemeinderat von Winterthur fordert restriktive Landvergabe\",\"datePublished\":\"2015-09-24T07:10:55+00:00\",\"mainEntityOfPage\":{\"@id\":\"https:\\\/\\\/www.immobilienbusiness.ch\\\/regionen\\\/2015-09-24\\\/gemeinderat-von-winterthur-fordert-restriktive-landvergabe\\\/\"},\"wordCount\":169,\"commentCount\":0,\"publisher\":{\"@id\":\"https:\\\/\\\/www.immobilienbusiness.ch\\\/#organization\"},\"image\":{\"@id\":\"https:\\\/\\\/www.immobilienbusiness.ch\\\/regionen\\\/2015-09-24\\\/gemeinderat-von-winterthur-fordert-restriktive-landvergabe\\\/#primaryimage\"},\"thumbnailUrl\":\"https:\\\/\\\/www.immobilienbusiness.ch\\\/wp-content\\\/uploads\\\/2015\\\/09\\\/Gemeinderat-von-Winterthur-fordert-restriktive-Landvergabe-immobilien-business.jpg\",\"keywords\":[\"Regionen\",\"Z\u00fcrich\"],\"articleSection\":[\"REGIONEN\"],\"inLanguage\":\"it-IT\"},{\"@type\":\"WebPage\",\"@id\":\"https:\\\/\\\/www.immobilienbusiness.ch\\\/regionen\\\/2015-09-24\\\/gemeinderat-von-winterthur-fordert-restriktive-landvergabe\\\/\",\"url\":\"https:\\\/\\\/www.immobilienbusiness.ch\\\/regionen\\\/2015-09-24\\\/gemeinderat-von-winterthur-fordert-restriktive-landvergabe\\\/\",\"name\":\"Landvergabe Winterthur: Gemeinderat fordert neue Regelung\",\"isPartOf\":{\"@id\":\"https:\\\/\\\/www.immobilienbusiness.ch\\\/#website\"},\"primaryImageOfPage\":{\"@id\":\"https:\\\/\\\/www.immobilienbusiness.ch\\\/regionen\\\/2015-09-24\\\/gemeinderat-von-winterthur-fordert-restriktive-landvergabe\\\/#primaryimage\"},\"image\":{\"@id\":\"https:\\\/\\\/www.immobilienbusiness.ch\\\/regionen\\\/2015-09-24\\\/gemeinderat-von-winterthur-fordert-restriktive-landvergabe\\\/#primaryimage\"},\"thumbnailUrl\":\"https:\\\/\\\/www.immobilienbusiness.ch\\\/wp-content\\\/uploads\\\/2015\\\/09\\\/Gemeinderat-von-Winterthur-fordert-restriktive-Landvergabe-immobilien-business.jpg\",\"datePublished\":\"2015-09-24T07:10:55+00:00\",\"description\":\"Der Gemeinderat von Winterthur plant eine restriktive Landvergabe, um die Bodenpolitik der Stadt zu steuern und zuk\u00fcnftige Eink\u00fcnfte zu sichern.\",\"breadcrumb\":{\"@id\":\"https:\\\/\\\/www.immobilienbusiness.ch\\\/regionen\\\/2015-09-24\\\/gemeinderat-von-winterthur-fordert-restriktive-landvergabe\\\/#breadcrumb\"},\"inLanguage\":\"it-IT\",\"potentialAction\":[{\"@type\":\"ReadAction\",\"target\":[\"https:\\\/\\\/www.immobilienbusiness.ch\\\/regionen\\\/2015-09-24\\\/gemeinderat-von-winterthur-fordert-restriktive-landvergabe\\\/\"]}]},{\"@type\":\"ImageObject\",\"inLanguage\":\"it-IT\",\"@id\":\"https:\\\/\\\/www.immobilienbusiness.ch\\\/regionen\\\/2015-09-24\\\/gemeinderat-von-winterthur-fordert-restriktive-landvergabe\\\/#primaryimage\",\"url\":\"https:\\\/\\\/www.immobilienbusiness.ch\\\/wp-content\\\/uploads\\\/2015\\\/09\\\/Gemeinderat-von-Winterthur-fordert-restriktive-Landvergabe-immobilien-business.jpg\",\"contentUrl\":\"https:\\\/\\\/www.immobilienbusiness.ch\\\/wp-content\\\/uploads\\\/2015\\\/09\\\/Gemeinderat-von-Winterthur-fordert-restriktive-Landvergabe-immobilien-business.jpg\",\"width\":1024,\"height\":768,\"caption\":\"Der Gemeinderat von Winterthur will die Landvergabe neu regeln - k\u00fcnftig sollen nur noch Vergaben im Baurecht m\u00f6glich sein (Foto: Simon Aughton\\\/Flickr)\"},{\"@type\":\"BreadcrumbList\",\"@id\":\"https:\\\/\\\/www.immobilienbusiness.ch\\\/regionen\\\/2015-09-24\\\/gemeinderat-von-winterthur-fordert-restriktive-landvergabe\\\/#breadcrumb\",\"itemListElement\":[{\"@type\":\"ListItem\",\"position\":1,\"name\":\"Home\",\"item\":\"https:\\\/\\\/www.immobilienbusiness.ch\\\/\"},{\"@type\":\"ListItem\",\"position\":2,\"name\":\"Gemeinderat von Winterthur fordert restriktive Landvergabe\"}]},{\"@type\":\"WebSite\",\"@id\":\"https:\\\/\\\/www.immobilienbusiness.ch\\\/#website\",\"url\":\"https:\\\/\\\/www.immobilienbusiness.ch\\\/\",\"name\":\"IMMOBILIEN Business\",\"description\":\"Unabh\u00e4ngiges Schweizer Wirtschaftsmagazin mit Fokus auf Immobilien, Architektur- und Bau sowie Investment- und Finanzierung.\",\"publisher\":{\"@id\":\"https:\\\/\\\/www.immobilienbusiness.ch\\\/#organization\"},\"potentialAction\":[{\"@type\":\"SearchAction\",\"target\":{\"@type\":\"EntryPoint\",\"urlTemplate\":\"https:\\\/\\\/www.immobilienbusiness.ch\\\/?s={search_term_string}\"},\"query-input\":{\"@type\":\"PropertyValueSpecification\",\"valueRequired\":true,\"valueName\":\"search_term_string\"}}],\"inLanguage\":\"it-IT\"},{\"@type\":\"Organization\",\"@id\":\"https:\\\/\\\/www.immobilienbusiness.ch\\\/#organization\",\"name\":\"IMMOBILIEN Business\",\"url\":\"https:\\\/\\\/www.immobilienbusiness.ch\\\/\",\"logo\":{\"@type\":\"ImageObject\",\"inLanguage\":\"it-IT\",\"@id\":\"https:\\\/\\\/www.immobilienbusiness.ch\\\/#\\\/schema\\\/logo\\\/image\\\/\",\"url\":\"https:\\\/\\\/www.immobilienbusiness.ch\\\/wp-content\\\/uploads\\\/2021\\\/07\\\/logo_ib.png\",\"contentUrl\":\"https:\\\/\\\/www.immobilienbusiness.ch\\\/wp-content\\\/uploads\\\/2021\\\/07\\\/logo_ib.png\",\"width\":800,\"height\":181,\"caption\":\"IMMOBILIEN Business\"},\"image\":{\"@id\":\"https:\\\/\\\/www.immobilienbusiness.ch\\\/#\\\/schema\\\/logo\\\/image\\\/\"},\"sameAs\":[\"https:\\\/\\\/www.facebook.com\\\/immobilienbusiness\\\/\"]},{\"@type\":\"Person\",\"@id\":\"https:\\\/\\\/www.immobilienbusiness.ch\\\/#\\\/schema\\\/person\\\/aa2bace6c5c5aad60102004a50c4eb1c\",\"name\":\"Redaktion\",\"image\":{\"@type\":\"ImageObject\",\"inLanguage\":\"it-IT\",\"@id\":\"https:\\\/\\\/secure.gravatar.com\\\/avatar\\\/ae2f4d718e6c49043e314ce431e7e645d646302a24a5ef5a8bc8e3f5a032e319?s=96&d=mm&r=g\",\"url\":\"https:\\\/\\\/secure.gravatar.com\\\/avatar\\\/ae2f4d718e6c49043e314ce431e7e645d646302a24a5ef5a8bc8e3f5a032e319?s=96&d=mm&r=g\",\"contentUrl\":\"https:\\\/\\\/secure.gravatar.com\\\/avatar\\\/ae2f4d718e6c49043e314ce431e7e645d646302a24a5ef5a8bc8e3f5a032e319?s=96&d=mm&r=g\",\"caption\":\"Redaktion\"},\"sameAs\":[\"http:\\\/\\\/develop.organisator.galledia.ch\"],\"url\":\"https:\\\/\\\/www.immobilienbusiness.ch\\\/it\\\/author\\\/admin\\\/\"}]}<\/script>\n<!-- \/ Yoast SEO plugin. -->","yoast_head_json":{"title":"Landvergabe Winterthur: Gemeinderat fordert neue Regelung","description":"Der Gemeinderat von Winterthur plant eine restriktive Landvergabe, um die Bodenpolitik der Stadt zu steuern und zuk\u00fcnftige Eink\u00fcnfte zu sichern.","robots":{"index":"index","follow":"follow","max-snippet":"max-snippet:-1","max-image-preview":"max-image-preview:large","max-video-preview":"max-video-preview:-1"},"canonical":"https:\/\/www.immobilienbusiness.ch\/it\/regionen\/2015-09-24\/gemeinderat-von-winterthur-fordert-restriktive-landvergabe\/","og_locale":"it_IT","og_type":"article","og_title":"Gemeinderat von Winterthur fordert restriktive Landvergabe","og_description":"Der Gemeinderat von Winterthur hat sich f\u00fcr eine neue st\u00e4dtische Landvergabepolitik ausgesprochen. Der Stadtrat soll in Zukunft kein eigenes Land mehr an Private verkaufen d\u00fcrfen, schreibt die Zeitung \u00abDer Landbote\u00bb. Demnach sollen k\u00fcnftig nur noch sogenannte Vergaben im Baurecht m\u00f6glich sein.","og_url":"https:\/\/www.immobilienbusiness.ch\/it\/regionen\/2015-09-24\/gemeinderat-von-winterthur-fordert-restriktive-landvergabe\/","og_site_name":"IMMOBILIEN Business","article_publisher":"https:\/\/www.facebook.com\/immobilienbusiness\/","article_published_time":"2015-09-24T07:10:55+00:00","author":"Redaktion","twitter_card":"summary_large_image","twitter_image":"https:\/\/www.immobilienbusiness.ch\/wp-content\/uploads\/2015\/09\/Gemeinderat-von-Winterthur-fordert-restriktive-Landvergabe-immobilien-business.jpg","schema":{"@context":"https:\/\/schema.org","@graph":[{"@type":"Article","@id":"https:\/\/www.immobilienbusiness.ch\/regionen\/2015-09-24\/gemeinderat-von-winterthur-fordert-restriktive-landvergabe\/#article","isPartOf":{"@id":"https:\/\/www.immobilienbusiness.ch\/regionen\/2015-09-24\/gemeinderat-von-winterthur-fordert-restriktive-landvergabe\/"},"author":{"name":"Redaktion","@id":"https:\/\/www.immobilienbusiness.ch\/#\/schema\/person\/aa2bace6c5c5aad60102004a50c4eb1c"},"headline":"Gemeinderat von Winterthur fordert restriktive Landvergabe","datePublished":"2015-09-24T07:10:55+00:00","mainEntityOfPage":{"@id":"https:\/\/www.immobilienbusiness.ch\/regionen\/2015-09-24\/gemeinderat-von-winterthur-fordert-restriktive-landvergabe\/"},"wordCount":169,"commentCount":0,"publisher":{"@id":"https:\/\/www.immobilienbusiness.ch\/#organization"},"image":{"@id":"https:\/\/www.immobilienbusiness.ch\/regionen\/2015-09-24\/gemeinderat-von-winterthur-fordert-restriktive-landvergabe\/#primaryimage"},"thumbnailUrl":"https:\/\/www.immobilienbusiness.ch\/wp-content\/uploads\/2015\/09\/Gemeinderat-von-Winterthur-fordert-restriktive-Landvergabe-immobilien-business.jpg","keywords":["Regionen","Z\u00fcrich"],"articleSection":["REGIONEN"],"inLanguage":"it-IT"},{"@type":"WebPage","@id":"https:\/\/www.immobilienbusiness.ch\/regionen\/2015-09-24\/gemeinderat-von-winterthur-fordert-restriktive-landvergabe\/","url":"https:\/\/www.immobilienbusiness.ch\/regionen\/2015-09-24\/gemeinderat-von-winterthur-fordert-restriktive-landvergabe\/","name":"Landvergabe Winterthur: Gemeinderat fordert neue Regelung","isPartOf":{"@id":"https:\/\/www.immobilienbusiness.ch\/#website"},"primaryImageOfPage":{"@id":"https:\/\/www.immobilienbusiness.ch\/regionen\/2015-09-24\/gemeinderat-von-winterthur-fordert-restriktive-landvergabe\/#primaryimage"},"image":{"@id":"https:\/\/www.immobilienbusiness.ch\/regionen\/2015-09-24\/gemeinderat-von-winterthur-fordert-restriktive-landvergabe\/#primaryimage"},"thumbnailUrl":"https:\/\/www.immobilienbusiness.ch\/wp-content\/uploads\/2015\/09\/Gemeinderat-von-Winterthur-fordert-restriktive-Landvergabe-immobilien-business.jpg","datePublished":"2015-09-24T07:10:55+00:00","description":"Der Gemeinderat von Winterthur plant eine restriktive Landvergabe, um die Bodenpolitik der Stadt zu steuern und zuk\u00fcnftige Eink\u00fcnfte zu sichern.","breadcrumb":{"@id":"https:\/\/www.immobilienbusiness.ch\/regionen\/2015-09-24\/gemeinderat-von-winterthur-fordert-restriktive-landvergabe\/#breadcrumb"},"inLanguage":"it-IT","potentialAction":[{"@type":"ReadAction","target":["https:\/\/www.immobilienbusiness.ch\/regionen\/2015-09-24\/gemeinderat-von-winterthur-fordert-restriktive-landvergabe\/"]}]},{"@type":"ImageObject","inLanguage":"it-IT","@id":"https:\/\/www.immobilienbusiness.ch\/regionen\/2015-09-24\/gemeinderat-von-winterthur-fordert-restriktive-landvergabe\/#primaryimage","url":"https:\/\/www.immobilienbusiness.ch\/wp-content\/uploads\/2015\/09\/Gemeinderat-von-Winterthur-fordert-restriktive-Landvergabe-immobilien-business.jpg","contentUrl":"https:\/\/www.immobilienbusiness.ch\/wp-content\/uploads\/2015\/09\/Gemeinderat-von-Winterthur-fordert-restriktive-Landvergabe-immobilien-business.jpg","width":1024,"height":768,"caption":"Der Gemeinderat von Winterthur will die Landvergabe neu regeln - k\u00fcnftig sollen nur noch Vergaben im Baurecht m\u00f6glich sein (Foto: Simon Aughton\/Flickr)"},{"@type":"BreadcrumbList","@id":"https:\/\/www.immobilienbusiness.ch\/regionen\/2015-09-24\/gemeinderat-von-winterthur-fordert-restriktive-landvergabe\/#breadcrumb","itemListElement":[{"@type":"ListItem","position":1,"name":"Home","item":"https:\/\/www.immobilienbusiness.ch\/"},{"@type":"ListItem","position":2,"name":"Gemeinderat von Winterthur fordert restriktive Landvergabe"}]},{"@type":"WebSite","@id":"https:\/\/www.immobilienbusiness.ch\/#website","url":"https:\/\/www.immobilienbusiness.ch\/","name":"Affari immobiliari","description":"Rivista economica indipendente svizzera che si concentra sul settore immobiliare, l'architettura e la costruzione, nonch\u00e9 sugli investimenti e i finanziamenti.","publisher":{"@id":"https:\/\/www.immobilienbusiness.ch\/#organization"},"potentialAction":[{"@type":"SearchAction","target":{"@type":"EntryPoint","urlTemplate":"https:\/\/www.immobilienbusiness.ch\/?s={search_term_string}"},"query-input":{"@type":"PropertyValueSpecification","valueRequired":true,"valueName":"search_term_string"}}],"inLanguage":"it-IT"},{"@type":"Organization","@id":"https:\/\/www.immobilienbusiness.ch\/#organization","name":"Affari immobiliari","url":"https:\/\/www.immobilienbusiness.ch\/","logo":{"@type":"ImageObject","inLanguage":"it-IT","@id":"https:\/\/www.immobilienbusiness.ch\/#\/schema\/logo\/image\/","url":"https:\/\/www.immobilienbusiness.ch\/wp-content\/uploads\/2021\/07\/logo_ib.png","contentUrl":"https:\/\/www.immobilienbusiness.ch\/wp-content\/uploads\/2021\/07\/logo_ib.png","width":800,"height":181,"caption":"IMMOBILIEN Business"},"image":{"@id":"https:\/\/www.immobilienbusiness.ch\/#\/schema\/logo\/image\/"},"sameAs":["https:\/\/www.facebook.com\/immobilienbusiness\/"]},{"@type":"Person","@id":"https:\/\/www.immobilienbusiness.ch\/#\/schema\/person\/aa2bace6c5c5aad60102004a50c4eb1c","name":"Editoriale","image":{"@type":"ImageObject","inLanguage":"it-IT","@id":"https:\/\/secure.gravatar.com\/avatar\/ae2f4d718e6c49043e314ce431e7e645d646302a24a5ef5a8bc8e3f5a032e319?s=96&d=mm&r=g","url":"https:\/\/secure.gravatar.com\/avatar\/ae2f4d718e6c49043e314ce431e7e645d646302a24a5ef5a8bc8e3f5a032e319?s=96&d=mm&r=g","contentUrl":"https:\/\/secure.gravatar.com\/avatar\/ae2f4d718e6c49043e314ce431e7e645d646302a24a5ef5a8bc8e3f5a032e319?s=96&d=mm&r=g","caption":"Redaktion"},"sameAs":["http:\/\/develop.organisator.galledia.ch"],"url":"https:\/\/www.immobilienbusiness.ch\/it\/author\/admin\/"}]}},"_links":{"self":[{"href":"https:\/\/www.immobilienbusiness.ch\/it\/wp-json\/wp\/v2\/posts\/861","targetHints":{"allow":["GET"]}}],"collection":[{"href":"https:\/\/www.immobilienbusiness.ch\/it\/wp-json\/wp\/v2\/posts"}],"about":[{"href":"https:\/\/www.immobilienbusiness.ch\/it\/wp-json\/wp\/v2\/types\/post"}],"author":[{"embeddable":true,"href":"https:\/\/www.immobilienbusiness.ch\/it\/wp-json\/wp\/v2\/users\/1"}],"replies":[{"embeddable":true,"href":"https:\/\/www.immobilienbusiness.ch\/it\/wp-json\/wp\/v2\/comments?post=861"}],"version-history":[{"count":0,"href":"https:\/\/www.immobilienbusiness.ch\/it\/wp-json\/wp\/v2\/posts\/861\/revisions"}],"wp:featuredmedia":[{"embeddable":true,"href":"https:\/\/www.immobilienbusiness.ch\/it\/wp-json\/wp\/v2\/media\/4850"}],"wp:attachment":[{"href":"https:\/\/www.immobilienbusiness.ch\/it\/wp-json\/wp\/v2\/media?parent=861"}],"wp:term":[{"taxonomy":"category","embeddable":true,"href":"https:\/\/www.immobilienbusiness.ch\/it\/wp-json\/wp\/v2\/categories?post=861"},{"taxonomy":"post_tag","embeddable":true,"href":"https:\/\/www.immobilienbusiness.ch\/it\/wp-json\/wp\/v2\/tags?post=861"}],"curies":[{"name":"wp","href":"https:\/\/api.w.org\/{rel}","templated":true}]}}