{"id":8223,"date":"2017-07-04T08:02:39","date_gmt":"2017-07-04T06:02:39","guid":{"rendered":"https:\/\/www.immobilienbusiness.ch\/?p=8223"},"modified":"2017-07-04T08:02:39","modified_gmt":"2017-07-04T06:02:39","slug":"buelach-baueingabe-fuer-glasi-quartier","status":"publish","type":"post","link":"https:\/\/www.immobilienbusiness.ch\/it\/regionen\/2017-07-04\/buelach-baueingabe-fuer-glasi-quartier\/","title":{"rendered":"B\u00fclach: Domanda di costruzione per \"Quartiere Glasi"},"content":{"rendered":"<figure id=\"attachment_8225\" aria-describedby=\"caption-attachment-8225\" style=\"width: 612px\" class=\"wp-caption alignnone\"><img loading=\"lazy\" decoding=\"async\" class=\"size-full wp-image-8225\" src=\"https:\/\/www.immobilienbusiness.ch\/wp-content\/uploads\/2017\/07\/Immobilien-Business-News-20170704_Glasi-Quartier-B\u00fclach_Visualisierung-Steiner-AG.png\" alt=\"\" width=\"612\" height=\"430\" \/><figcaption id=\"caption-attachment-8225\" class=\"wp-caption-text\">Il progetto \"Glasi-Quartier\" a B\u00fclach Nord sar\u00e0 realizzato entro il 2023 (Visualizzazione: Steiner AG)<\/figcaption><\/figure>\n<p>Per il progetto su larga scala \"Glasi-Quartier\" a B\u00fclach, \u00e8 stato recentemente costruito un gruppo di 21 edifici con altezze comprese tra 21 e 25 metri e un grattacielo di 60 metri. Questo segna attualmente i circa 315.000 metri cubi di volume edilizio fuori terra che saranno costruiti qui entro il 2023. Oltre a circa 550 appartamenti, il progetto complessivo comprende anche 20.000 metri quadrati di spazi commerciali e di servizio. La concessione edilizia \u00e8 prevista per gennaio 2018.<\/p>\n<p>Il nuovo quartiere urbano di B\u00fclach Nord avr\u00e0 \"una densit\u00e0 eccezionalmente alta per gli standard svizzeri\", scrive Steiner AG, e questo rappresenta sia una sfida che un'opportunit\u00e0. Il progetto \"GlasiQuartier\", con circa 450 appartamenti in affitto a prezzi accessibili e 104 condomini, \u00e8 destinato ad \"attrarre ampie fasce di popolazione grazie alla sua variegata offerta abitativa, a consentire un variopinto mix sociologico\" e a rendere il nuovo quartiere urbano di B\u00fclach Nord un luogo ricercato per vivere e lavorare nell'Unterland zurighese.<\/p>\n<p>Per 111 anni, nel sito di circa 42.000 m\u00b2 dell'azienda Vetropack (ex Glash\u00fctte B\u00fclach) sono stati prodotti imballaggi in vetro per bevande, alimenti e prodotti farmaceutici. Da quando la produzione \u00e8 cessata nel 2002, il sito, che si trova a nord del centro citt\u00e0 nelle immediate vicinanze della stazione ferroviaria di B\u00fclach, \u00e8 rimasto incolto. Nel 2012, Logis Suisse e BGZ hanno acquisito il sito e firmato un contratto esclusivo con Steiner per lo sviluppo e la realizzazione del progetto.<\/p>\n<p>Steiner AG \u00e8 stata quindi incaricata da Logis Suisse e BGZ di organizzare uno studio urbanistico in un'unica fase con partecipazione internazionale. Tra le undici proposte ricevute per il \"GlasiQuartier\", il progetto presentato da Duplex Architekten (Zurigo) \u00e8 risultato vincitore. Il relativo piano di progettazione \u00e8 diventato giuridicamente vincolante alla fine del 2015.<\/p>","protected":false},"excerpt":{"rendered":"<p>Il 30 giugno 2017 i partner di sviluppo Steiner AG, Baugenossenschaft Glattal Z\u00fcrich (BGZ) e Logis Suisse AG hanno presentato la domanda di costruzione per il progetto complessivo \"Glasi-Quartier\" a B\u00fclach Nord.<\/p>","protected":false},"author":4,"featured_media":8225,"comment_status":"open","ping_status":"open","sticky":false,"template":"","format":"standard","meta":{"_acf_changed":false,"_yoast_wpseo_focuskw":"\u00abGlasi-Quartier\u00bb","_yoast_wpseo_title":"","_yoast_wpseo_metadesc":"Steiner AG, Baugenossenschaft Glattal Z\u00fcrich und Logis Suisse haben die Baueingabe f\u00fcr das Gesamtprojekt \u00abGlasi-Quartier\u00bb in B\u00fclach Nord eingereicht.","_yoast_wpseo_linkdex":82,"pgc_sgb_lightbox_settings":"","footnotes":""},"categories":[985],"tags":[1112,1118,1272,1313,1601,1643,1862],"class_list":["post-8223","post","type-post","status-publish","format-standard","has-post-thumbnail","hentry","category-regionen","tag-buelach","tag-buero","tag-gewerbeimmobilien","tag-hotel","tag-projektentwicklung","tag-retail","tag-wohnen"],"acf":[],"yoast_head":"<!-- This site is optimized with the Yoast SEO plugin v27.4 - https:\/\/yoast.com\/product\/yoast-seo-wordpress\/ -->\n<title>B\u00fclach: Baueingabe f\u00fcr \u00abGlasi-Quartier\u00bb - IMMOBILIEN Business<\/title>\n<meta name=\"description\" content=\"Steiner AG, Baugenossenschaft Glattal Z\u00fcrich und Logis Suisse haben die Baueingabe f\u00fcr das Gesamtprojekt \u00abGlasi-Quartier\u00bb in B\u00fclach Nord eingereicht.\" \/>\n<meta name=\"robots\" content=\"index, follow, max-snippet:-1, max-image-preview:large, max-video-preview:-1\" \/>\n<link rel=\"canonical\" href=\"https:\/\/www.immobilienbusiness.ch\/it\/regionen\/2017-07-04\/buelach-baueingabe-fuer-glasi-quartier\/\" \/>\n<meta property=\"og:locale\" content=\"it_IT\" \/>\n<meta property=\"og:type\" content=\"article\" \/>\n<meta property=\"og:title\" content=\"Baueingabe f\u00fcr \u00abGlasi-Quartier\u00bb in B\u00fclach\" \/>\n<meta property=\"og:description\" content=\"Steiner AG, BGZ und Logis Suisse haben die Baueingabe f\u00fcr das Gesamtprojekt \u00abGlasi-Quartier\u00bb in B\u00fclach Nord eingereicht.\" \/>\n<meta property=\"og:url\" content=\"https:\/\/www.immobilienbusiness.ch\/it\/regionen\/2017-07-04\/buelach-baueingabe-fuer-glasi-quartier\/\" \/>\n<meta property=\"og:site_name\" content=\"IMMOBILIEN Business\" \/>\n<meta property=\"article:publisher\" content=\"https:\/\/www.facebook.com\/immobilienbusiness\/\" \/>\n<meta property=\"article:published_time\" content=\"2017-07-04T06:02:39+00:00\" \/>\n<meta property=\"og:image\" content=\"https:\/\/www.immobilienbusiness.ch\/wp-content\/uploads\/2017\/07\/Immobilien-Business-News-20170704_Glasi-Quartier-Buelach_Visualisierung-Steiner-AG.png\" \/>\n\t<meta property=\"og:image:width\" content=\"612\" \/>\n\t<meta property=\"og:image:height\" content=\"430\" \/>\n\t<meta property=\"og:image:type\" content=\"image\/png\" \/>\n<meta name=\"author\" content=\"mathias.rinka\" \/>\n<meta name=\"twitter:card\" content=\"summary_large_image\" \/>\n<meta name=\"twitter:title\" content=\"Baueingabe f\u00fcr \u00abGlasi-Quartier\u00bb in B\u00fclach\" \/>\n<meta name=\"twitter:description\" content=\"Steiner AG, BGZ und Logis Suisse haben die Baueingabe f\u00fcr das Gesamtprojekt \u00abGlasi-Quartier\u00bb in B\u00fclach Nord eingereicht.\" \/>\n<script type=\"application\/ld+json\" class=\"yoast-schema-graph\">{\"@context\":\"https:\\\/\\\/schema.org\",\"@graph\":[{\"@type\":\"Article\",\"@id\":\"https:\\\/\\\/www.immobilienbusiness.ch\\\/en\\\/regionen\\\/2017-07-04\\\/buelach-baueingabe-fuer-glasi-quartier\\\/#article\",\"isPartOf\":{\"@id\":\"https:\\\/\\\/www.immobilienbusiness.ch\\\/en\\\/regionen\\\/2017-07-04\\\/buelach-baueingabe-fuer-glasi-quartier\\\/\"},\"author\":{\"name\":\"mathias.rinka\",\"@id\":\"https:\\\/\\\/www.immobilienbusiness.ch\\\/#\\\/schema\\\/person\\\/31be7383261ea656cfe52cad71fdc211\"},\"headline\":\"B\u00fclach: Baueingabe f\u00fcr \u00abGlasi-Quartier\u00bb\",\"datePublished\":\"2017-07-04T06:02:39+00:00\",\"mainEntityOfPage\":{\"@id\":\"https:\\\/\\\/www.immobilienbusiness.ch\\\/en\\\/regionen\\\/2017-07-04\\\/buelach-baueingabe-fuer-glasi-quartier\\\/\"},\"wordCount\":284,\"commentCount\":0,\"publisher\":{\"@id\":\"https:\\\/\\\/www.immobilienbusiness.ch\\\/#organization\"},\"image\":{\"@id\":\"https:\\\/\\\/www.immobilienbusiness.ch\\\/en\\\/regionen\\\/2017-07-04\\\/buelach-baueingabe-fuer-glasi-quartier\\\/#primaryimage\"},\"thumbnailUrl\":\"https:\\\/\\\/www.immobilienbusiness.ch\\\/wp-content\\\/uploads\\\/2017\\\/07\\\/Immobilien-Business-News-20170704_Glasi-Quartier-Buelach_Visualisierung-Steiner-AG.png\",\"keywords\":[\"B\u00fclach\",\"B\u00fcro\",\"Gewerbeimmobilien\",\"Hotel\",\"Projektentwicklung\",\"Retail\",\"Wohnen\"],\"articleSection\":[\"REGIONEN\"],\"inLanguage\":\"it-IT\"},{\"@type\":\"WebPage\",\"@id\":\"https:\\\/\\\/www.immobilienbusiness.ch\\\/en\\\/regionen\\\/2017-07-04\\\/buelach-baueingabe-fuer-glasi-quartier\\\/\",\"url\":\"https:\\\/\\\/www.immobilienbusiness.ch\\\/en\\\/regionen\\\/2017-07-04\\\/buelach-baueingabe-fuer-glasi-quartier\\\/\",\"name\":\"B\u00fclach: Baueingabe f\u00fcr \u00abGlasi-Quartier\u00bb - IMMOBILIEN Business\",\"isPartOf\":{\"@id\":\"https:\\\/\\\/www.immobilienbusiness.ch\\\/#website\"},\"primaryImageOfPage\":{\"@id\":\"https:\\\/\\\/www.immobilienbusiness.ch\\\/en\\\/regionen\\\/2017-07-04\\\/buelach-baueingabe-fuer-glasi-quartier\\\/#primaryimage\"},\"image\":{\"@id\":\"https:\\\/\\\/www.immobilienbusiness.ch\\\/en\\\/regionen\\\/2017-07-04\\\/buelach-baueingabe-fuer-glasi-quartier\\\/#primaryimage\"},\"thumbnailUrl\":\"https:\\\/\\\/www.immobilienbusiness.ch\\\/wp-content\\\/uploads\\\/2017\\\/07\\\/Immobilien-Business-News-20170704_Glasi-Quartier-Buelach_Visualisierung-Steiner-AG.png\",\"datePublished\":\"2017-07-04T06:02:39+00:00\",\"description\":\"Steiner AG, Baugenossenschaft Glattal Z\u00fcrich und Logis Suisse haben die Baueingabe f\u00fcr das Gesamtprojekt \u00abGlasi-Quartier\u00bb in B\u00fclach Nord eingereicht.\",\"breadcrumb\":{\"@id\":\"https:\\\/\\\/www.immobilienbusiness.ch\\\/en\\\/regionen\\\/2017-07-04\\\/buelach-baueingabe-fuer-glasi-quartier\\\/#breadcrumb\"},\"inLanguage\":\"it-IT\",\"potentialAction\":[{\"@type\":\"ReadAction\",\"target\":[\"https:\\\/\\\/www.immobilienbusiness.ch\\\/en\\\/regionen\\\/2017-07-04\\\/buelach-baueingabe-fuer-glasi-quartier\\\/\"]}]},{\"@type\":\"ImageObject\",\"inLanguage\":\"it-IT\",\"@id\":\"https:\\\/\\\/www.immobilienbusiness.ch\\\/en\\\/regionen\\\/2017-07-04\\\/buelach-baueingabe-fuer-glasi-quartier\\\/#primaryimage\",\"url\":\"https:\\\/\\\/www.immobilienbusiness.ch\\\/wp-content\\\/uploads\\\/2017\\\/07\\\/Immobilien-Business-News-20170704_Glasi-Quartier-Buelach_Visualisierung-Steiner-AG.png\",\"contentUrl\":\"https:\\\/\\\/www.immobilienbusiness.ch\\\/wp-content\\\/uploads\\\/2017\\\/07\\\/Immobilien-Business-News-20170704_Glasi-Quartier-Buelach_Visualisierung-Steiner-AG.png\",\"width\":612,\"height\":430,\"caption\":\"Das Projekt \u00abGlasi-Quartier\u00bb in B\u00fclach Nord soll bis 2023 realisiert werden (Visualisierung: Steiner AG)\"},{\"@type\":\"BreadcrumbList\",\"@id\":\"https:\\\/\\\/www.immobilienbusiness.ch\\\/en\\\/regionen\\\/2017-07-04\\\/buelach-baueingabe-fuer-glasi-quartier\\\/#breadcrumb\",\"itemListElement\":[{\"@type\":\"ListItem\",\"position\":1,\"name\":\"Home\",\"item\":\"https:\\\/\\\/www.immobilienbusiness.ch\\\/\"},{\"@type\":\"ListItem\",\"position\":2,\"name\":\"B\u00fclach: Baueingabe f\u00fcr \u00abGlasi-Quartier\u00bb\"}]},{\"@type\":\"WebSite\",\"@id\":\"https:\\\/\\\/www.immobilienbusiness.ch\\\/#website\",\"url\":\"https:\\\/\\\/www.immobilienbusiness.ch\\\/\",\"name\":\"IMMOBILIEN Business\",\"description\":\"Unabh\u00e4ngiges Schweizer Wirtschaftsmagazin mit Fokus auf Immobilien, Architektur- und Bau sowie Investment- und Finanzierung.\",\"publisher\":{\"@id\":\"https:\\\/\\\/www.immobilienbusiness.ch\\\/#organization\"},\"potentialAction\":[{\"@type\":\"SearchAction\",\"target\":{\"@type\":\"EntryPoint\",\"urlTemplate\":\"https:\\\/\\\/www.immobilienbusiness.ch\\\/?s={search_term_string}\"},\"query-input\":{\"@type\":\"PropertyValueSpecification\",\"valueRequired\":true,\"valueName\":\"search_term_string\"}}],\"inLanguage\":\"it-IT\"},{\"@type\":\"Organization\",\"@id\":\"https:\\\/\\\/www.immobilienbusiness.ch\\\/#organization\",\"name\":\"IMMOBILIEN Business\",\"url\":\"https:\\\/\\\/www.immobilienbusiness.ch\\\/\",\"logo\":{\"@type\":\"ImageObject\",\"inLanguage\":\"it-IT\",\"@id\":\"https:\\\/\\\/www.immobilienbusiness.ch\\\/#\\\/schema\\\/logo\\\/image\\\/\",\"url\":\"https:\\\/\\\/www.immobilienbusiness.ch\\\/wp-content\\\/uploads\\\/2021\\\/07\\\/logo_ib.png\",\"contentUrl\":\"https:\\\/\\\/www.immobilienbusiness.ch\\\/wp-content\\\/uploads\\\/2021\\\/07\\\/logo_ib.png\",\"width\":800,\"height\":181,\"caption\":\"IMMOBILIEN Business\"},\"image\":{\"@id\":\"https:\\\/\\\/www.immobilienbusiness.ch\\\/#\\\/schema\\\/logo\\\/image\\\/\"},\"sameAs\":[\"https:\\\/\\\/www.facebook.com\\\/immobilienbusiness\\\/\"]},{\"@type\":\"Person\",\"@id\":\"https:\\\/\\\/www.immobilienbusiness.ch\\\/#\\\/schema\\\/person\\\/31be7383261ea656cfe52cad71fdc211\",\"name\":\"mathias.rinka\",\"image\":{\"@type\":\"ImageObject\",\"inLanguage\":\"it-IT\",\"@id\":\"https:\\\/\\\/secure.gravatar.com\\\/avatar\\\/?s=96&d=mm&r=g\",\"url\":\"https:\\\/\\\/secure.gravatar.com\\\/avatar\\\/?s=96&d=mm&r=g\",\"contentUrl\":\"https:\\\/\\\/secure.gravatar.com\\\/avatar\\\/?s=96&d=mm&r=g\",\"caption\":\"mathias.rinka\"},\"url\":\"https:\\\/\\\/www.immobilienbusiness.ch\\\/it\\\/author\\\/mathias-rinka\\\/\"}]}<\/script>\n<!-- \/ Yoast SEO plugin. -->","yoast_head_json":{"title":"B\u00fclach: Baueingabe f\u00fcr \u00abGlasi-Quartier\u00bb - IMMOBILIEN Business","description":"Steiner AG, Baugenossenschaft Glattal Z\u00fcrich und Logis Suisse haben die Baueingabe f\u00fcr das Gesamtprojekt \u00abGlasi-Quartier\u00bb in B\u00fclach Nord eingereicht.","robots":{"index":"index","follow":"follow","max-snippet":"max-snippet:-1","max-image-preview":"max-image-preview:large","max-video-preview":"max-video-preview:-1"},"canonical":"https:\/\/www.immobilienbusiness.ch\/it\/regionen\/2017-07-04\/buelach-baueingabe-fuer-glasi-quartier\/","og_locale":"it_IT","og_type":"article","og_title":"Baueingabe f\u00fcr \u00abGlasi-Quartier\u00bb in B\u00fclach","og_description":"Steiner AG, BGZ und Logis Suisse haben die Baueingabe f\u00fcr das Gesamtprojekt \u00abGlasi-Quartier\u00bb in B\u00fclach Nord eingereicht.","og_url":"https:\/\/www.immobilienbusiness.ch\/it\/regionen\/2017-07-04\/buelach-baueingabe-fuer-glasi-quartier\/","og_site_name":"IMMOBILIEN Business","article_publisher":"https:\/\/www.facebook.com\/immobilienbusiness\/","article_published_time":"2017-07-04T06:02:39+00:00","og_image":[{"width":612,"height":430,"url":"https:\/\/www.immobilienbusiness.ch\/wp-content\/uploads\/2017\/07\/Immobilien-Business-News-20170704_Glasi-Quartier-Buelach_Visualisierung-Steiner-AG.png","type":"image\/png"}],"author":"mathias.rinka","twitter_card":"summary_large_image","twitter_title":"Baueingabe f\u00fcr \u00abGlasi-Quartier\u00bb in B\u00fclach","twitter_description":"Steiner AG, BGZ und Logis Suisse haben die Baueingabe f\u00fcr das Gesamtprojekt \u00abGlasi-Quartier\u00bb in B\u00fclach Nord eingereicht.","schema":{"@context":"https:\/\/schema.org","@graph":[{"@type":"Article","@id":"https:\/\/www.immobilienbusiness.ch\/en\/regionen\/2017-07-04\/buelach-baueingabe-fuer-glasi-quartier\/#article","isPartOf":{"@id":"https:\/\/www.immobilienbusiness.ch\/en\/regionen\/2017-07-04\/buelach-baueingabe-fuer-glasi-quartier\/"},"author":{"name":"mathias.rinka","@id":"https:\/\/www.immobilienbusiness.ch\/#\/schema\/person\/31be7383261ea656cfe52cad71fdc211"},"headline":"B\u00fclach: Baueingabe f\u00fcr \u00abGlasi-Quartier\u00bb","datePublished":"2017-07-04T06:02:39+00:00","mainEntityOfPage":{"@id":"https:\/\/www.immobilienbusiness.ch\/en\/regionen\/2017-07-04\/buelach-baueingabe-fuer-glasi-quartier\/"},"wordCount":284,"commentCount":0,"publisher":{"@id":"https:\/\/www.immobilienbusiness.ch\/#organization"},"image":{"@id":"https:\/\/www.immobilienbusiness.ch\/en\/regionen\/2017-07-04\/buelach-baueingabe-fuer-glasi-quartier\/#primaryimage"},"thumbnailUrl":"https:\/\/www.immobilienbusiness.ch\/wp-content\/uploads\/2017\/07\/Immobilien-Business-News-20170704_Glasi-Quartier-Buelach_Visualisierung-Steiner-AG.png","keywords":["B\u00fclach","B\u00fcro","Gewerbeimmobilien","Hotel","Projektentwicklung","Retail","Wohnen"],"articleSection":["REGIONEN"],"inLanguage":"it-IT"},{"@type":"WebPage","@id":"https:\/\/www.immobilienbusiness.ch\/en\/regionen\/2017-07-04\/buelach-baueingabe-fuer-glasi-quartier\/","url":"https:\/\/www.immobilienbusiness.ch\/en\/regionen\/2017-07-04\/buelach-baueingabe-fuer-glasi-quartier\/","name":"B\u00fclach: Baueingabe f\u00fcr \u00abGlasi-Quartier\u00bb - IMMOBILIEN Business","isPartOf":{"@id":"https:\/\/www.immobilienbusiness.ch\/#website"},"primaryImageOfPage":{"@id":"https:\/\/www.immobilienbusiness.ch\/en\/regionen\/2017-07-04\/buelach-baueingabe-fuer-glasi-quartier\/#primaryimage"},"image":{"@id":"https:\/\/www.immobilienbusiness.ch\/en\/regionen\/2017-07-04\/buelach-baueingabe-fuer-glasi-quartier\/#primaryimage"},"thumbnailUrl":"https:\/\/www.immobilienbusiness.ch\/wp-content\/uploads\/2017\/07\/Immobilien-Business-News-20170704_Glasi-Quartier-Buelach_Visualisierung-Steiner-AG.png","datePublished":"2017-07-04T06:02:39+00:00","description":"Steiner AG, Baugenossenschaft Glattal Z\u00fcrich und Logis Suisse haben die Baueingabe f\u00fcr das Gesamtprojekt \u00abGlasi-Quartier\u00bb in B\u00fclach Nord eingereicht.","breadcrumb":{"@id":"https:\/\/www.immobilienbusiness.ch\/en\/regionen\/2017-07-04\/buelach-baueingabe-fuer-glasi-quartier\/#breadcrumb"},"inLanguage":"it-IT","potentialAction":[{"@type":"ReadAction","target":["https:\/\/www.immobilienbusiness.ch\/en\/regionen\/2017-07-04\/buelach-baueingabe-fuer-glasi-quartier\/"]}]},{"@type":"ImageObject","inLanguage":"it-IT","@id":"https:\/\/www.immobilienbusiness.ch\/en\/regionen\/2017-07-04\/buelach-baueingabe-fuer-glasi-quartier\/#primaryimage","url":"https:\/\/www.immobilienbusiness.ch\/wp-content\/uploads\/2017\/07\/Immobilien-Business-News-20170704_Glasi-Quartier-Buelach_Visualisierung-Steiner-AG.png","contentUrl":"https:\/\/www.immobilienbusiness.ch\/wp-content\/uploads\/2017\/07\/Immobilien-Business-News-20170704_Glasi-Quartier-Buelach_Visualisierung-Steiner-AG.png","width":612,"height":430,"caption":"Das Projekt \u00abGlasi-Quartier\u00bb in B\u00fclach Nord soll bis 2023 realisiert werden (Visualisierung: Steiner AG)"},{"@type":"BreadcrumbList","@id":"https:\/\/www.immobilienbusiness.ch\/en\/regionen\/2017-07-04\/buelach-baueingabe-fuer-glasi-quartier\/#breadcrumb","itemListElement":[{"@type":"ListItem","position":1,"name":"Home","item":"https:\/\/www.immobilienbusiness.ch\/"},{"@type":"ListItem","position":2,"name":"B\u00fclach: Baueingabe f\u00fcr \u00abGlasi-Quartier\u00bb"}]},{"@type":"WebSite","@id":"https:\/\/www.immobilienbusiness.ch\/#website","url":"https:\/\/www.immobilienbusiness.ch\/","name":"Affari immobiliari","description":"Rivista economica indipendente svizzera che si concentra sul settore immobiliare, l'architettura e la costruzione, nonch\u00e9 sugli investimenti e i finanziamenti.","publisher":{"@id":"https:\/\/www.immobilienbusiness.ch\/#organization"},"potentialAction":[{"@type":"SearchAction","target":{"@type":"EntryPoint","urlTemplate":"https:\/\/www.immobilienbusiness.ch\/?s={search_term_string}"},"query-input":{"@type":"PropertyValueSpecification","valueRequired":true,"valueName":"search_term_string"}}],"inLanguage":"it-IT"},{"@type":"Organization","@id":"https:\/\/www.immobilienbusiness.ch\/#organization","name":"Affari immobiliari","url":"https:\/\/www.immobilienbusiness.ch\/","logo":{"@type":"ImageObject","inLanguage":"it-IT","@id":"https:\/\/www.immobilienbusiness.ch\/#\/schema\/logo\/image\/","url":"https:\/\/www.immobilienbusiness.ch\/wp-content\/uploads\/2021\/07\/logo_ib.png","contentUrl":"https:\/\/www.immobilienbusiness.ch\/wp-content\/uploads\/2021\/07\/logo_ib.png","width":800,"height":181,"caption":"IMMOBILIEN Business"},"image":{"@id":"https:\/\/www.immobilienbusiness.ch\/#\/schema\/logo\/image\/"},"sameAs":["https:\/\/www.facebook.com\/immobilienbusiness\/"]},{"@type":"Person","@id":"https:\/\/www.immobilienbusiness.ch\/#\/schema\/person\/31be7383261ea656cfe52cad71fdc211","name":"mathias.rinka","image":{"@type":"ImageObject","inLanguage":"it-IT","@id":"https:\/\/secure.gravatar.com\/avatar\/?s=96&d=mm&r=g","url":"https:\/\/secure.gravatar.com\/avatar\/?s=96&d=mm&r=g","contentUrl":"https:\/\/secure.gravatar.com\/avatar\/?s=96&d=mm&r=g","caption":"mathias.rinka"},"url":"https:\/\/www.immobilienbusiness.ch\/it\/author\/mathias-rinka\/"}]}},"_links":{"self":[{"href":"https:\/\/www.immobilienbusiness.ch\/it\/wp-json\/wp\/v2\/posts\/8223","targetHints":{"allow":["GET"]}}],"collection":[{"href":"https:\/\/www.immobilienbusiness.ch\/it\/wp-json\/wp\/v2\/posts"}],"about":[{"href":"https:\/\/www.immobilienbusiness.ch\/it\/wp-json\/wp\/v2\/types\/post"}],"author":[{"embeddable":true,"href":"https:\/\/www.immobilienbusiness.ch\/it\/wp-json\/wp\/v2\/users\/4"}],"replies":[{"embeddable":true,"href":"https:\/\/www.immobilienbusiness.ch\/it\/wp-json\/wp\/v2\/comments?post=8223"}],"version-history":[{"count":0,"href":"https:\/\/www.immobilienbusiness.ch\/it\/wp-json\/wp\/v2\/posts\/8223\/revisions"}],"wp:featuredmedia":[{"embeddable":true,"href":"https:\/\/www.immobilienbusiness.ch\/it\/wp-json\/wp\/v2\/media\/8225"}],"wp:attachment":[{"href":"https:\/\/www.immobilienbusiness.ch\/it\/wp-json\/wp\/v2\/media?parent=8223"}],"wp:term":[{"taxonomy":"category","embeddable":true,"href":"https:\/\/www.immobilienbusiness.ch\/it\/wp-json\/wp\/v2\/categories?post=8223"},{"taxonomy":"post_tag","embeddable":true,"href":"https:\/\/www.immobilienbusiness.ch\/it\/wp-json\/wp\/v2\/tags?post=8223"}],"curies":[{"name":"wp","href":"https:\/\/api.w.org\/{rel}","templated":true}]}}