{"id":822,"date":"2015-09-21T09:40:53","date_gmt":"2015-09-21T07:40:53","guid":{"rendered":"http:\/\/dev.immobilienbusiness.ch\/?p=822"},"modified":"2015-09-21T09:40:53","modified_gmt":"2015-09-21T07:40:53","slug":"roche-tower-in-basel-eingeweiht","status":"publish","type":"post","link":"https:\/\/www.immobilienbusiness.ch\/it\/buero\/2015-09-21\/roche-tower-in-basel-eingeweiht\/","title":{"rendered":"Inaugurata la Torre Roche a Basilea"},"content":{"rendered":"<figure id=\"attachment_4822\" aria-describedby=\"caption-attachment-4822\" style=\"width: 587px\" class=\"wp-caption alignnone\"><img loading=\"lazy\" decoding=\"async\" class=\"wp-image-4822 size-full\" src=\"https:\/\/immobilienbusiness.ch\/wp-content\/uploads\/2015\/09\/Roche-Tower-in-Basel-eingeweiht-immobilien-business.jpg\" width=\"587\" height=\"694\" srcset=\"https:\/\/www.immobilienbusiness.ch\/wp-content\/uploads\/2015\/09\/Roche-Tower-in-Basel-eingeweiht-immobilien-business.jpg 587w, https:\/\/www.immobilienbusiness.ch\/wp-content\/uploads\/2015\/09\/Roche-Tower-in-Basel-eingeweiht-immobilien-business-254x300.jpg 254w, https:\/\/www.immobilienbusiness.ch\/wp-content\/uploads\/2015\/09\/Roche-Tower-in-Basel-eingeweiht-immobilien-business-10x12.jpg 10w, https:\/\/www.immobilienbusiness.ch\/wp-content\/uploads\/2015\/09\/Roche-Tower-in-Basel-eingeweiht-immobilien-business-148x175.jpg 148w, https:\/\/www.immobilienbusiness.ch\/wp-content\/uploads\/2015\/09\/Roche-Tower-in-Basel-eingeweiht-immobilien-business-296x350.jpg 296w, https:\/\/www.immobilienbusiness.ch\/wp-content\/uploads\/2015\/09\/Roche-Tower-in-Basel-eingeweiht-immobilien-business-300x355.jpg 300w\" sizes=\"auto, (max-width: 587px) 100vw, 587px\" \/><figcaption id=\"caption-attachment-4822\" class=\"wp-caption-text\">Attualmente l'edificio pi\u00f9 alto della Svizzera: la Torre Roche a Basilea (Foto: Roche \/ Herzog &amp; de Meuron)<\/figcaption><\/figure>\n<blockquote><p>\"Per noi, il nuovo edificio \u00e8 anche un chiaro impegno verso la Svizzera come sede e verso Basilea\" - Severin Schwan, CEO di Roche<\/p><\/blockquote>\n<p>L'\"Edificio 1\", gi\u00e0 noto anche come \"Torre Roche\" o \"Roche-Turm\", fa parte di un programma di investimento totale di 3 miliardi di franchi da parte dell'azienda in nuove infrastrutture di ricerca e di uffici nel sito di Grenzacherstrasse nel quartiere di Wettstein. \"Per noi, il nuovo edificio \u00e8 anche un chiaro impegno verso la Svizzera come sede e verso Basilea\", ha detto Severin Schwan, CEO di Roche, alla cerimonia di apertura.<\/p>\n<p>L'edificio, progettato dagli architetti basilesi Herzog &amp; de Meuron, \u00e8 costato 550 milioni di franchi svizzeri e comprende 74.200 metri quadrati di superficie fuori terra su 41 piani. Lo sviluppo del sito Roche a Basilea continuer\u00e0 passo dopo passo nei prossimi anni. Il piano di sviluppo per il nuovo centro di ricerca e sviluppo, cos\u00ec come per il \"Bau 2\", alto 205 metri, e per altri edifici \u00e8 gi\u00e0 stato presentato, ha detto Roche. (mr)<\/p>","protected":false},"excerpt":{"rendered":"<p>Il gruppo farmaceutico Roche ha inaugurato ufficialmente venerd\u00ec il nuovo edificio per uffici \"Bau 1\" nella sua sede di Basilea. Dopo il completamento dell'occupazione, che dovrebbe iniziare a ottobre e finire nella primavera del 2016, circa 2.000 dipendenti lavoreranno nell'edificio. Con i suoi 178 metri, \u00e8 attualmente l'edificio pi\u00f9 alto della Svizzera.<\/p>","protected":false},"author":1,"featured_media":4822,"comment_status":"open","ping_status":"open","sticky":false,"template":"","format":"standard","meta":{"_acf_changed":false,"_yoast_wpseo_focuskw":"Roche Tower Basel","_yoast_wpseo_title":"Roche Tower Basel: Das h\u00f6chste Geb\u00e4ude der Schweiz er\u00f6ffnet","_yoast_wpseo_metadesc":"Der Roche Tower in Basel ist das h\u00f6chste Geb\u00e4ude der Schweiz und symbolisiert das klare Bekenntnis des Unternehmens zum Standort. Investitionen in Forschung und Infrastruktur schreiten voran.","_yoast_wpseo_linkdex":55,"pgc_sgb_lightbox_settings":"","footnotes":""},"categories":[983,988],"tags":[1118,1807],"class_list":["post-822","post","type-post","status-publish","format-standard","has-post-thumbnail","hentry","category-buero","category-unternehmen","tag-buero","tag-unternehmen"],"acf":[],"yoast_head":"<!-- This site is optimized with the Yoast SEO plugin v27.5 - https:\/\/yoast.com\/product\/yoast-seo-wordpress\/ -->\n<title>Roche Tower Basel: Das h\u00f6chste Geb\u00e4ude der Schweiz er\u00f6ffnet<\/title>\n<meta name=\"description\" content=\"Der Roche Tower in Basel ist das h\u00f6chste Geb\u00e4ude der Schweiz und symbolisiert das klare Bekenntnis des Unternehmens zum Standort. Investitionen in Forschung und Infrastruktur schreiten voran.\" \/>\n<meta name=\"robots\" content=\"index, follow, max-snippet:-1, max-image-preview:large, max-video-preview:-1\" \/>\n<link rel=\"canonical\" href=\"https:\/\/www.immobilienbusiness.ch\/it\/buero\/2015-09-21\/roche-tower-in-basel-eingeweiht\/\" \/>\n<meta property=\"og:locale\" content=\"it_IT\" \/>\n<meta property=\"og:type\" content=\"article\" \/>\n<meta property=\"og:title\" content=\"Roche Tower in Basel eingeweiht\" \/>\n<meta property=\"og:description\" content=\"Der Pharmakonzern Roche hat am Freitag an seinem Firmensitz in Basel das neue B\u00fcrogeb\u00e4ude \u00abBau 1\u00bb offiziell er\u00f6ffnet. Nach Abschluss des Bezugs, der im Oktober starten und im Fr\u00fchjahr 2016 beendet werden soll, werden rund 2.000 Mitarbeitende in dem Geb\u00e4ude arbeiten. Es ist mit seinen 178 Metern das derzeit h\u00f6chste Geb\u00e4ude der Schweiz.\" \/>\n<meta property=\"og:url\" content=\"https:\/\/www.immobilienbusiness.ch\/it\/buero\/2015-09-21\/roche-tower-in-basel-eingeweiht\/\" \/>\n<meta property=\"og:site_name\" content=\"IMMOBILIEN Business\" \/>\n<meta property=\"article:publisher\" content=\"https:\/\/www.facebook.com\/immobilienbusiness\/\" \/>\n<meta property=\"article:published_time\" content=\"2015-09-21T07:40:53+00:00\" \/>\n<meta name=\"author\" content=\"Redaktion\" \/>\n<meta name=\"twitter:card\" content=\"summary_large_image\" \/>\n<meta name=\"twitter:image\" content=\"https:\/\/www.immobilienbusiness.ch\/wp-content\/uploads\/2015\/09\/Roche-Tower-in-Basel-eingeweiht-immobilien-business.jpg\" \/>\n<script type=\"application\/ld+json\" class=\"yoast-schema-graph\">{\"@context\":\"https:\\\/\\\/schema.org\",\"@graph\":[{\"@type\":\"Article\",\"@id\":\"https:\\\/\\\/www.immobilienbusiness.ch\\\/buero\\\/2015-09-21\\\/roche-tower-in-basel-eingeweiht\\\/#article\",\"isPartOf\":{\"@id\":\"https:\\\/\\\/www.immobilienbusiness.ch\\\/buero\\\/2015-09-21\\\/roche-tower-in-basel-eingeweiht\\\/\"},\"author\":{\"name\":\"Redaktion\",\"@id\":\"https:\\\/\\\/www.immobilienbusiness.ch\\\/#\\\/schema\\\/person\\\/aa2bace6c5c5aad60102004a50c4eb1c\"},\"headline\":\"Roche Tower in Basel eingeweiht\",\"datePublished\":\"2015-09-21T07:40:53+00:00\",\"mainEntityOfPage\":{\"@id\":\"https:\\\/\\\/www.immobilienbusiness.ch\\\/buero\\\/2015-09-21\\\/roche-tower-in-basel-eingeweiht\\\/\"},\"wordCount\":175,\"commentCount\":0,\"publisher\":{\"@id\":\"https:\\\/\\\/www.immobilienbusiness.ch\\\/#organization\"},\"image\":{\"@id\":\"https:\\\/\\\/www.immobilienbusiness.ch\\\/buero\\\/2015-09-21\\\/roche-tower-in-basel-eingeweiht\\\/#primaryimage\"},\"thumbnailUrl\":\"https:\\\/\\\/www.immobilienbusiness.ch\\\/wp-content\\\/uploads\\\/2015\\\/09\\\/Roche-Tower-in-Basel-eingeweiht-immobilien-business.jpg\",\"keywords\":[\"B\u00fcro\",\"Unternehmen\"],\"articleSection\":[\"B\u00dcRO\",\"UNTERNEHMEN\"],\"inLanguage\":\"it-IT\"},{\"@type\":\"WebPage\",\"@id\":\"https:\\\/\\\/www.immobilienbusiness.ch\\\/buero\\\/2015-09-21\\\/roche-tower-in-basel-eingeweiht\\\/\",\"url\":\"https:\\\/\\\/www.immobilienbusiness.ch\\\/buero\\\/2015-09-21\\\/roche-tower-in-basel-eingeweiht\\\/\",\"name\":\"Roche Tower Basel: Das h\u00f6chste Geb\u00e4ude der Schweiz er\u00f6ffnet\",\"isPartOf\":{\"@id\":\"https:\\\/\\\/www.immobilienbusiness.ch\\\/#website\"},\"primaryImageOfPage\":{\"@id\":\"https:\\\/\\\/www.immobilienbusiness.ch\\\/buero\\\/2015-09-21\\\/roche-tower-in-basel-eingeweiht\\\/#primaryimage\"},\"image\":{\"@id\":\"https:\\\/\\\/www.immobilienbusiness.ch\\\/buero\\\/2015-09-21\\\/roche-tower-in-basel-eingeweiht\\\/#primaryimage\"},\"thumbnailUrl\":\"https:\\\/\\\/www.immobilienbusiness.ch\\\/wp-content\\\/uploads\\\/2015\\\/09\\\/Roche-Tower-in-Basel-eingeweiht-immobilien-business.jpg\",\"datePublished\":\"2015-09-21T07:40:53+00:00\",\"description\":\"Der Roche Tower in Basel ist das h\u00f6chste Geb\u00e4ude der Schweiz und symbolisiert das klare Bekenntnis des Unternehmens zum Standort. Investitionen in Forschung und Infrastruktur schreiten voran.\",\"breadcrumb\":{\"@id\":\"https:\\\/\\\/www.immobilienbusiness.ch\\\/buero\\\/2015-09-21\\\/roche-tower-in-basel-eingeweiht\\\/#breadcrumb\"},\"inLanguage\":\"it-IT\",\"potentialAction\":[{\"@type\":\"ReadAction\",\"target\":[\"https:\\\/\\\/www.immobilienbusiness.ch\\\/buero\\\/2015-09-21\\\/roche-tower-in-basel-eingeweiht\\\/\"]}]},{\"@type\":\"ImageObject\",\"inLanguage\":\"it-IT\",\"@id\":\"https:\\\/\\\/www.immobilienbusiness.ch\\\/buero\\\/2015-09-21\\\/roche-tower-in-basel-eingeweiht\\\/#primaryimage\",\"url\":\"https:\\\/\\\/www.immobilienbusiness.ch\\\/wp-content\\\/uploads\\\/2015\\\/09\\\/Roche-Tower-in-Basel-eingeweiht-immobilien-business.jpg\",\"contentUrl\":\"https:\\\/\\\/www.immobilienbusiness.ch\\\/wp-content\\\/uploads\\\/2015\\\/09\\\/Roche-Tower-in-Basel-eingeweiht-immobilien-business.jpg\",\"width\":587,\"height\":694,\"caption\":\"Das derzeit h\u00f6chste Geb\u00e4ude der Schweiz: der Roche Tower in Basel (Foto: Roche \\\/ Herzog & de Meuron)\"},{\"@type\":\"BreadcrumbList\",\"@id\":\"https:\\\/\\\/www.immobilienbusiness.ch\\\/buero\\\/2015-09-21\\\/roche-tower-in-basel-eingeweiht\\\/#breadcrumb\",\"itemListElement\":[{\"@type\":\"ListItem\",\"position\":1,\"name\":\"Home\",\"item\":\"https:\\\/\\\/www.immobilienbusiness.ch\\\/\"},{\"@type\":\"ListItem\",\"position\":2,\"name\":\"Roche Tower in Basel eingeweiht\"}]},{\"@type\":\"WebSite\",\"@id\":\"https:\\\/\\\/www.immobilienbusiness.ch\\\/#website\",\"url\":\"https:\\\/\\\/www.immobilienbusiness.ch\\\/\",\"name\":\"IMMOBILIEN Business\",\"description\":\"Unabh\u00e4ngiges Schweizer Wirtschaftsmagazin mit Fokus auf Immobilien, Architektur- und Bau sowie Investment- und Finanzierung.\",\"publisher\":{\"@id\":\"https:\\\/\\\/www.immobilienbusiness.ch\\\/#organization\"},\"potentialAction\":[{\"@type\":\"SearchAction\",\"target\":{\"@type\":\"EntryPoint\",\"urlTemplate\":\"https:\\\/\\\/www.immobilienbusiness.ch\\\/?s={search_term_string}\"},\"query-input\":{\"@type\":\"PropertyValueSpecification\",\"valueRequired\":true,\"valueName\":\"search_term_string\"}}],\"inLanguage\":\"it-IT\"},{\"@type\":\"Organization\",\"@id\":\"https:\\\/\\\/www.immobilienbusiness.ch\\\/#organization\",\"name\":\"IMMOBILIEN Business\",\"url\":\"https:\\\/\\\/www.immobilienbusiness.ch\\\/\",\"logo\":{\"@type\":\"ImageObject\",\"inLanguage\":\"it-IT\",\"@id\":\"https:\\\/\\\/www.immobilienbusiness.ch\\\/#\\\/schema\\\/logo\\\/image\\\/\",\"url\":\"https:\\\/\\\/www.immobilienbusiness.ch\\\/wp-content\\\/uploads\\\/2021\\\/07\\\/logo_ib.png\",\"contentUrl\":\"https:\\\/\\\/www.immobilienbusiness.ch\\\/wp-content\\\/uploads\\\/2021\\\/07\\\/logo_ib.png\",\"width\":800,\"height\":181,\"caption\":\"IMMOBILIEN Business\"},\"image\":{\"@id\":\"https:\\\/\\\/www.immobilienbusiness.ch\\\/#\\\/schema\\\/logo\\\/image\\\/\"},\"sameAs\":[\"https:\\\/\\\/www.facebook.com\\\/immobilienbusiness\\\/\"]},{\"@type\":\"Person\",\"@id\":\"https:\\\/\\\/www.immobilienbusiness.ch\\\/#\\\/schema\\\/person\\\/aa2bace6c5c5aad60102004a50c4eb1c\",\"name\":\"Redaktion\",\"image\":{\"@type\":\"ImageObject\",\"inLanguage\":\"it-IT\",\"@id\":\"https:\\\/\\\/secure.gravatar.com\\\/avatar\\\/ae2f4d718e6c49043e314ce431e7e645d646302a24a5ef5a8bc8e3f5a032e319?s=96&d=mm&r=g\",\"url\":\"https:\\\/\\\/secure.gravatar.com\\\/avatar\\\/ae2f4d718e6c49043e314ce431e7e645d646302a24a5ef5a8bc8e3f5a032e319?s=96&d=mm&r=g\",\"contentUrl\":\"https:\\\/\\\/secure.gravatar.com\\\/avatar\\\/ae2f4d718e6c49043e314ce431e7e645d646302a24a5ef5a8bc8e3f5a032e319?s=96&d=mm&r=g\",\"caption\":\"Redaktion\"},\"sameAs\":[\"http:\\\/\\\/develop.organisator.galledia.ch\"],\"url\":\"https:\\\/\\\/www.immobilienbusiness.ch\\\/it\\\/author\\\/admin\\\/\"}]}<\/script>\n<!-- \/ Yoast SEO plugin. -->","yoast_head_json":{"title":"Roche Tower Basel: Das h\u00f6chste Geb\u00e4ude der Schweiz er\u00f6ffnet","description":"Der Roche Tower in Basel ist das h\u00f6chste Geb\u00e4ude der Schweiz und symbolisiert das klare Bekenntnis des Unternehmens zum Standort. Investitionen in Forschung und Infrastruktur schreiten voran.","robots":{"index":"index","follow":"follow","max-snippet":"max-snippet:-1","max-image-preview":"max-image-preview:large","max-video-preview":"max-video-preview:-1"},"canonical":"https:\/\/www.immobilienbusiness.ch\/it\/buero\/2015-09-21\/roche-tower-in-basel-eingeweiht\/","og_locale":"it_IT","og_type":"article","og_title":"Roche Tower in Basel eingeweiht","og_description":"Der Pharmakonzern Roche hat am Freitag an seinem Firmensitz in Basel das neue B\u00fcrogeb\u00e4ude \u00abBau 1\u00bb offiziell er\u00f6ffnet. Nach Abschluss des Bezugs, der im Oktober starten und im Fr\u00fchjahr 2016 beendet werden soll, werden rund 2.000 Mitarbeitende in dem Geb\u00e4ude arbeiten. Es ist mit seinen 178 Metern das derzeit h\u00f6chste Geb\u00e4ude der Schweiz.","og_url":"https:\/\/www.immobilienbusiness.ch\/it\/buero\/2015-09-21\/roche-tower-in-basel-eingeweiht\/","og_site_name":"IMMOBILIEN Business","article_publisher":"https:\/\/www.facebook.com\/immobilienbusiness\/","article_published_time":"2015-09-21T07:40:53+00:00","author":"Redaktion","twitter_card":"summary_large_image","twitter_image":"https:\/\/www.immobilienbusiness.ch\/wp-content\/uploads\/2015\/09\/Roche-Tower-in-Basel-eingeweiht-immobilien-business.jpg","schema":{"@context":"https:\/\/schema.org","@graph":[{"@type":"Article","@id":"https:\/\/www.immobilienbusiness.ch\/buero\/2015-09-21\/roche-tower-in-basel-eingeweiht\/#article","isPartOf":{"@id":"https:\/\/www.immobilienbusiness.ch\/buero\/2015-09-21\/roche-tower-in-basel-eingeweiht\/"},"author":{"name":"Redaktion","@id":"https:\/\/www.immobilienbusiness.ch\/#\/schema\/person\/aa2bace6c5c5aad60102004a50c4eb1c"},"headline":"Roche Tower in Basel eingeweiht","datePublished":"2015-09-21T07:40:53+00:00","mainEntityOfPage":{"@id":"https:\/\/www.immobilienbusiness.ch\/buero\/2015-09-21\/roche-tower-in-basel-eingeweiht\/"},"wordCount":175,"commentCount":0,"publisher":{"@id":"https:\/\/www.immobilienbusiness.ch\/#organization"},"image":{"@id":"https:\/\/www.immobilienbusiness.ch\/buero\/2015-09-21\/roche-tower-in-basel-eingeweiht\/#primaryimage"},"thumbnailUrl":"https:\/\/www.immobilienbusiness.ch\/wp-content\/uploads\/2015\/09\/Roche-Tower-in-Basel-eingeweiht-immobilien-business.jpg","keywords":["B\u00fcro","Unternehmen"],"articleSection":["B\u00dcRO","UNTERNEHMEN"],"inLanguage":"it-IT"},{"@type":"WebPage","@id":"https:\/\/www.immobilienbusiness.ch\/buero\/2015-09-21\/roche-tower-in-basel-eingeweiht\/","url":"https:\/\/www.immobilienbusiness.ch\/buero\/2015-09-21\/roche-tower-in-basel-eingeweiht\/","name":"Roche Tower Basel: Das h\u00f6chste Geb\u00e4ude der Schweiz er\u00f6ffnet","isPartOf":{"@id":"https:\/\/www.immobilienbusiness.ch\/#website"},"primaryImageOfPage":{"@id":"https:\/\/www.immobilienbusiness.ch\/buero\/2015-09-21\/roche-tower-in-basel-eingeweiht\/#primaryimage"},"image":{"@id":"https:\/\/www.immobilienbusiness.ch\/buero\/2015-09-21\/roche-tower-in-basel-eingeweiht\/#primaryimage"},"thumbnailUrl":"https:\/\/www.immobilienbusiness.ch\/wp-content\/uploads\/2015\/09\/Roche-Tower-in-Basel-eingeweiht-immobilien-business.jpg","datePublished":"2015-09-21T07:40:53+00:00","description":"Der Roche Tower in Basel ist das h\u00f6chste Geb\u00e4ude der Schweiz und symbolisiert das klare Bekenntnis des Unternehmens zum Standort. Investitionen in Forschung und Infrastruktur schreiten voran.","breadcrumb":{"@id":"https:\/\/www.immobilienbusiness.ch\/buero\/2015-09-21\/roche-tower-in-basel-eingeweiht\/#breadcrumb"},"inLanguage":"it-IT","potentialAction":[{"@type":"ReadAction","target":["https:\/\/www.immobilienbusiness.ch\/buero\/2015-09-21\/roche-tower-in-basel-eingeweiht\/"]}]},{"@type":"ImageObject","inLanguage":"it-IT","@id":"https:\/\/www.immobilienbusiness.ch\/buero\/2015-09-21\/roche-tower-in-basel-eingeweiht\/#primaryimage","url":"https:\/\/www.immobilienbusiness.ch\/wp-content\/uploads\/2015\/09\/Roche-Tower-in-Basel-eingeweiht-immobilien-business.jpg","contentUrl":"https:\/\/www.immobilienbusiness.ch\/wp-content\/uploads\/2015\/09\/Roche-Tower-in-Basel-eingeweiht-immobilien-business.jpg","width":587,"height":694,"caption":"Das derzeit h\u00f6chste Geb\u00e4ude der Schweiz: der Roche Tower in Basel (Foto: Roche \/ Herzog & de Meuron)"},{"@type":"BreadcrumbList","@id":"https:\/\/www.immobilienbusiness.ch\/buero\/2015-09-21\/roche-tower-in-basel-eingeweiht\/#breadcrumb","itemListElement":[{"@type":"ListItem","position":1,"name":"Home","item":"https:\/\/www.immobilienbusiness.ch\/"},{"@type":"ListItem","position":2,"name":"Roche Tower in Basel eingeweiht"}]},{"@type":"WebSite","@id":"https:\/\/www.immobilienbusiness.ch\/#website","url":"https:\/\/www.immobilienbusiness.ch\/","name":"Affari immobiliari","description":"Rivista economica indipendente svizzera che si concentra sul settore immobiliare, l'architettura e la costruzione, nonch\u00e9 sugli investimenti e i finanziamenti.","publisher":{"@id":"https:\/\/www.immobilienbusiness.ch\/#organization"},"potentialAction":[{"@type":"SearchAction","target":{"@type":"EntryPoint","urlTemplate":"https:\/\/www.immobilienbusiness.ch\/?s={search_term_string}"},"query-input":{"@type":"PropertyValueSpecification","valueRequired":true,"valueName":"search_term_string"}}],"inLanguage":"it-IT"},{"@type":"Organization","@id":"https:\/\/www.immobilienbusiness.ch\/#organization","name":"Affari immobiliari","url":"https:\/\/www.immobilienbusiness.ch\/","logo":{"@type":"ImageObject","inLanguage":"it-IT","@id":"https:\/\/www.immobilienbusiness.ch\/#\/schema\/logo\/image\/","url":"https:\/\/www.immobilienbusiness.ch\/wp-content\/uploads\/2021\/07\/logo_ib.png","contentUrl":"https:\/\/www.immobilienbusiness.ch\/wp-content\/uploads\/2021\/07\/logo_ib.png","width":800,"height":181,"caption":"IMMOBILIEN Business"},"image":{"@id":"https:\/\/www.immobilienbusiness.ch\/#\/schema\/logo\/image\/"},"sameAs":["https:\/\/www.facebook.com\/immobilienbusiness\/"]},{"@type":"Person","@id":"https:\/\/www.immobilienbusiness.ch\/#\/schema\/person\/aa2bace6c5c5aad60102004a50c4eb1c","name":"Editoriale","image":{"@type":"ImageObject","inLanguage":"it-IT","@id":"https:\/\/secure.gravatar.com\/avatar\/ae2f4d718e6c49043e314ce431e7e645d646302a24a5ef5a8bc8e3f5a032e319?s=96&d=mm&r=g","url":"https:\/\/secure.gravatar.com\/avatar\/ae2f4d718e6c49043e314ce431e7e645d646302a24a5ef5a8bc8e3f5a032e319?s=96&d=mm&r=g","contentUrl":"https:\/\/secure.gravatar.com\/avatar\/ae2f4d718e6c49043e314ce431e7e645d646302a24a5ef5a8bc8e3f5a032e319?s=96&d=mm&r=g","caption":"Redaktion"},"sameAs":["http:\/\/develop.organisator.galledia.ch"],"url":"https:\/\/www.immobilienbusiness.ch\/it\/author\/admin\/"}]}},"_links":{"self":[{"href":"https:\/\/www.immobilienbusiness.ch\/it\/wp-json\/wp\/v2\/posts\/822","targetHints":{"allow":["GET"]}}],"collection":[{"href":"https:\/\/www.immobilienbusiness.ch\/it\/wp-json\/wp\/v2\/posts"}],"about":[{"href":"https:\/\/www.immobilienbusiness.ch\/it\/wp-json\/wp\/v2\/types\/post"}],"author":[{"embeddable":true,"href":"https:\/\/www.immobilienbusiness.ch\/it\/wp-json\/wp\/v2\/users\/1"}],"replies":[{"embeddable":true,"href":"https:\/\/www.immobilienbusiness.ch\/it\/wp-json\/wp\/v2\/comments?post=822"}],"version-history":[{"count":0,"href":"https:\/\/www.immobilienbusiness.ch\/it\/wp-json\/wp\/v2\/posts\/822\/revisions"}],"wp:featuredmedia":[{"embeddable":true,"href":"https:\/\/www.immobilienbusiness.ch\/it\/wp-json\/wp\/v2\/media\/4822"}],"wp:attachment":[{"href":"https:\/\/www.immobilienbusiness.ch\/it\/wp-json\/wp\/v2\/media?parent=822"}],"wp:term":[{"taxonomy":"category","embeddable":true,"href":"https:\/\/www.immobilienbusiness.ch\/it\/wp-json\/wp\/v2\/categories?post=822"},{"taxonomy":"post_tag","embeddable":true,"href":"https:\/\/www.immobilienbusiness.ch\/it\/wp-json\/wp\/v2\/tags?post=822"}],"curies":[{"name":"wp","href":"https:\/\/api.w.org\/{rel}","templated":true}]}}