{"id":8191,"date":"2017-07-03T09:00:37","date_gmt":"2017-07-03T07:00:37","guid":{"rendered":"https:\/\/www.immobilienbusiness.ch\/?p=8191"},"modified":"2017-07-03T09:00:37","modified_gmt":"2017-07-03T07:00:37","slug":"futura-immo-fonds-kauft-erneut-in-basel-zu","status":"publish","type":"post","link":"https:\/\/www.immobilienbusiness.ch\/it\/regionen\/2017-07-03\/futura-immo-fonds-kauft-erneut-in-basel-zu\/","title":{"rendered":"Futura Immo Fonds acquista nuovamente a Basilea"},"content":{"rendered":"<figure id=\"attachment_8192\" aria-describedby=\"caption-attachment-8192\" style=\"width: 405px\" class=\"wp-caption alignnone\"><img loading=\"lazy\" decoding=\"async\" class=\"size-full wp-image-8192\" src=\"https:\/\/www.immobilienbusiness.ch\/wp-content\/uploads\/2017\/07\/Immobilien-Business-News-20170703_Raiffeisen-Futura-Immo-Fonds-kauft-erneut-in-Basel-zu.png\" alt=\"\" width=\"405\" height=\"225\" srcset=\"https:\/\/www.immobilienbusiness.ch\/wp-content\/uploads\/2017\/07\/Immobilien-Business-News-20170703_Raiffeisen-Futura-Immo-Fonds-kauft-erneut-in-Basel-zu.png 405w, https:\/\/www.immobilienbusiness.ch\/wp-content\/uploads\/2017\/07\/Immobilien-Business-News-20170703_Raiffeisen-Futura-Immo-Fonds-kauft-erneut-in-Basel-zu-300x167.png 300w, https:\/\/www.immobilienbusiness.ch\/wp-content\/uploads\/2017\/07\/Immobilien-Business-News-20170703_Raiffeisen-Futura-Immo-Fonds-kauft-erneut-in-Basel-zu-16x9.png 16w, https:\/\/www.immobilienbusiness.ch\/wp-content\/uploads\/2017\/07\/Immobilien-Business-News-20170703_Raiffeisen-Futura-Immo-Fonds-kauft-erneut-in-Basel-zu-315x175.png 315w\" sizes=\"auto, (max-width: 405px) 100vw, 405px\" \/><figcaption id=\"caption-attachment-8192\" class=\"wp-caption-text\">Il Fondo Futura Immo acquisisce questa propriet\u00e0 residenziale e commerciale di fronte alla Badischer Bahnhof (Foto: Raiffeisen)<\/figcaption><\/figure>\n<p>La prestigiosa struttura di Rosentalstrasse 71 \/ Schwarzwaldallee 183 \u00e8 situata in una posizione di rilievo ad alta frequentazione pedonale di fronte alla Badischer Bahnhof. La propriet\u00e0 \u00e8 stata costruita nel 1913 e completamente ristrutturata nel 1995. Nel quarto trimestre del 2017, lo spazio commerciale sar\u00e0 nuovamente convertito e rinnovato, scrive Raiffeisen. Il volume degli investimenti \u00e8 di circa 17,5 milioni di franchi svizzeri.<\/p>\n<p>Le due case a schiera adiacenti hanno rispettivamente quattro e cinque piani pieni e insieme formano una struttura edilizia indipendente. Si tratta di una propriet\u00e0 a uso misto con un totale di 1.254 mq di spazi commerciali e uffici (al piano terra e al primo piano) e 1.432 mq di spazi residenziali ai piani superiori.<\/p>\n<p>La propriet\u00e0 ha un buon mix di inquilini e sar\u00e0 completamente affittata a partire dal secondo trimestre del 2018, una volta completata la conversione dello spazio commerciale. Il Fondo Raiffeisen Futura Immo \u00e8 riuscito a stipulare contratti di locazione a lungo termine con i due locatari commerciali (sistema gastronomico e filiale bancaria).<\/p>\n<p>Secondo le sue stesse informazioni, il Fondo Raiffeisen Futura Immo investe in immobili sostenibili in tutta la Svizzera. Secondo la strategia di investimento, almeno il 60% del portafoglio \u00e8 investito in uso residenziale e un massimo del 40% in uso commerciale. <a href=\"https:\/\/www.immobilienbusiness.ch\/it\/raiffeisen-futura-kauft-in-basel-zu\/\">Il fondo aveva gi\u00e0 acquisito un immobile commerciale nel centro di Basilea nel maggio 2017.<\/a><\/p>","protected":false},"excerpt":{"rendered":"<p>Il 23 giugno 2017, il Fondo Raiffeisen Futura Immo ha firmato il contratto di acquisto per l'acquisizione di un altro immobile a Basilea con contestuale trasferimento di propriet\u00e0.<\/p>","protected":false},"author":4,"featured_media":8192,"comment_status":"open","ping_status":"open","sticky":false,"template":"","format":"standard","meta":{"_acf_changed":false,"_yoast_wpseo_focuskw":"Futura Immo","_yoast_wpseo_title":"","_yoast_wpseo_metadesc":"Der Raiffeisen Futura Immo Fonds hat die repr\u00e4sentative Liegenschaft an der Rosentalstrasse 71 \/ Schwarzwaldallee 183 in Basel erworben.","_yoast_wpseo_linkdex":73,"pgc_sgb_lightbox_settings":"","footnotes":""},"categories":[985],"tags":[1069,1344,1355,1615],"class_list":["post-8191","post","type-post","status-publish","format-standard","has-post-thumbnail","hentry","category-regionen","tag-basel","tag-immobilienfonds","tag-immobilienverkauf","tag-raiffeisen"],"acf":[],"yoast_head":"<!-- This site is optimized with the Yoast SEO plugin v27.4 - https:\/\/yoast.com\/product\/yoast-seo-wordpress\/ -->\n<title>Futura Immo Fonds kauft erneut in Basel zu - IMMOBILIEN Business<\/title>\n<meta name=\"description\" content=\"Der Raiffeisen Futura Immo Fonds hat die repr\u00e4sentative Liegenschaft an der Rosentalstrasse 71 \/ Schwarzwaldallee 183 in Basel erworben.\" \/>\n<meta name=\"robots\" content=\"index, follow, max-snippet:-1, max-image-preview:large, max-video-preview:-1\" \/>\n<link rel=\"canonical\" href=\"https:\/\/www.immobilienbusiness.ch\/it\/regionen\/2017-07-03\/futura-immo-fonds-kauft-erneut-in-basel-zu\/\" \/>\n<meta property=\"og:locale\" content=\"it_IT\" \/>\n<meta property=\"og:type\" content=\"article\" \/>\n<meta property=\"og:title\" content=\"Futura Immo Fonds kauft erneut in Basel zu\" \/>\n<meta property=\"og:description\" content=\"Der Raiffeisen Futura Immo Fonds hat den Erwerb der Liegenschaft an der Rosentalstrasse 71 \/ Schwarzwaldallee 183 in Basel abgeschlossen.\" \/>\n<meta property=\"og:url\" content=\"https:\/\/www.immobilienbusiness.ch\/it\/regionen\/2017-07-03\/futura-immo-fonds-kauft-erneut-in-basel-zu\/\" \/>\n<meta property=\"og:site_name\" content=\"IMMOBILIEN Business\" \/>\n<meta property=\"article:publisher\" content=\"https:\/\/www.facebook.com\/immobilienbusiness\/\" \/>\n<meta property=\"article:published_time\" content=\"2017-07-03T07:00:37+00:00\" \/>\n<meta property=\"og:image\" content=\"https:\/\/www.immobilienbusiness.ch\/wp-content\/uploads\/2017\/07\/Immobilien-Business-News-20170703_Raiffeisen-Futura-Immo-Fonds-kauft-erneut-in-Basel-zu.png\" \/>\n\t<meta property=\"og:image:width\" content=\"405\" \/>\n\t<meta property=\"og:image:height\" content=\"225\" \/>\n\t<meta property=\"og:image:type\" content=\"image\/png\" \/>\n<meta name=\"author\" content=\"mathias.rinka\" \/>\n<meta name=\"twitter:card\" content=\"summary_large_image\" \/>\n<meta name=\"twitter:title\" content=\"Futura Immo Fonds kauft erneut in Basel zu\" \/>\n<meta name=\"twitter:description\" content=\"Der Raiffeisen Futura Immo Fonds hat den Erwerb der Liegenschaft Rosentalstrasse 71 \/ Schwarzwaldallee 183 in Basel abgeschlossen.\" \/>\n<script type=\"application\/ld+json\" class=\"yoast-schema-graph\">{\"@context\":\"https:\\\/\\\/schema.org\",\"@graph\":[{\"@type\":\"Article\",\"@id\":\"https:\\\/\\\/www.immobilienbusiness.ch\\\/it\\\/regionen\\\/2017-07-03\\\/futura-immo-fonds-kauft-erneut-in-basel-zu\\\/#article\",\"isPartOf\":{\"@id\":\"https:\\\/\\\/www.immobilienbusiness.ch\\\/it\\\/regionen\\\/2017-07-03\\\/futura-immo-fonds-kauft-erneut-in-basel-zu\\\/\"},\"author\":{\"name\":\"mathias.rinka\",\"@id\":\"https:\\\/\\\/www.immobilienbusiness.ch\\\/#\\\/schema\\\/person\\\/31be7383261ea656cfe52cad71fdc211\"},\"headline\":\"Futura Immo Fonds kauft erneut in Basel zu\",\"datePublished\":\"2017-07-03T07:00:37+00:00\",\"mainEntityOfPage\":{\"@id\":\"https:\\\/\\\/www.immobilienbusiness.ch\\\/it\\\/regionen\\\/2017-07-03\\\/futura-immo-fonds-kauft-erneut-in-basel-zu\\\/\"},\"wordCount\":220,\"commentCount\":0,\"publisher\":{\"@id\":\"https:\\\/\\\/www.immobilienbusiness.ch\\\/#organization\"},\"image\":{\"@id\":\"https:\\\/\\\/www.immobilienbusiness.ch\\\/it\\\/regionen\\\/2017-07-03\\\/futura-immo-fonds-kauft-erneut-in-basel-zu\\\/#primaryimage\"},\"thumbnailUrl\":\"https:\\\/\\\/www.immobilienbusiness.ch\\\/wp-content\\\/uploads\\\/2017\\\/07\\\/Immobilien-Business-News-20170703_Raiffeisen-Futura-Immo-Fonds-kauft-erneut-in-Basel-zu.png\",\"keywords\":[\"Basel\",\"Immobilienfonds\",\"Immobilienverkauf\",\"Raiffeisen\"],\"articleSection\":[\"REGIONEN\"],\"inLanguage\":\"it-IT\"},{\"@type\":\"WebPage\",\"@id\":\"https:\\\/\\\/www.immobilienbusiness.ch\\\/it\\\/regionen\\\/2017-07-03\\\/futura-immo-fonds-kauft-erneut-in-basel-zu\\\/\",\"url\":\"https:\\\/\\\/www.immobilienbusiness.ch\\\/it\\\/regionen\\\/2017-07-03\\\/futura-immo-fonds-kauft-erneut-in-basel-zu\\\/\",\"name\":\"Futura Immo Fonds kauft erneut in Basel zu - IMMOBILIEN Business\",\"isPartOf\":{\"@id\":\"https:\\\/\\\/www.immobilienbusiness.ch\\\/#website\"},\"primaryImageOfPage\":{\"@id\":\"https:\\\/\\\/www.immobilienbusiness.ch\\\/it\\\/regionen\\\/2017-07-03\\\/futura-immo-fonds-kauft-erneut-in-basel-zu\\\/#primaryimage\"},\"image\":{\"@id\":\"https:\\\/\\\/www.immobilienbusiness.ch\\\/it\\\/regionen\\\/2017-07-03\\\/futura-immo-fonds-kauft-erneut-in-basel-zu\\\/#primaryimage\"},\"thumbnailUrl\":\"https:\\\/\\\/www.immobilienbusiness.ch\\\/wp-content\\\/uploads\\\/2017\\\/07\\\/Immobilien-Business-News-20170703_Raiffeisen-Futura-Immo-Fonds-kauft-erneut-in-Basel-zu.png\",\"datePublished\":\"2017-07-03T07:00:37+00:00\",\"description\":\"Der Raiffeisen Futura Immo Fonds hat die repr\u00e4sentative Liegenschaft an der Rosentalstrasse 71 \\\/ Schwarzwaldallee 183 in Basel erworben.\",\"breadcrumb\":{\"@id\":\"https:\\\/\\\/www.immobilienbusiness.ch\\\/it\\\/regionen\\\/2017-07-03\\\/futura-immo-fonds-kauft-erneut-in-basel-zu\\\/#breadcrumb\"},\"inLanguage\":\"it-IT\",\"potentialAction\":[{\"@type\":\"ReadAction\",\"target\":[\"https:\\\/\\\/www.immobilienbusiness.ch\\\/it\\\/regionen\\\/2017-07-03\\\/futura-immo-fonds-kauft-erneut-in-basel-zu\\\/\"]}]},{\"@type\":\"ImageObject\",\"inLanguage\":\"it-IT\",\"@id\":\"https:\\\/\\\/www.immobilienbusiness.ch\\\/it\\\/regionen\\\/2017-07-03\\\/futura-immo-fonds-kauft-erneut-in-basel-zu\\\/#primaryimage\",\"url\":\"https:\\\/\\\/www.immobilienbusiness.ch\\\/wp-content\\\/uploads\\\/2017\\\/07\\\/Immobilien-Business-News-20170703_Raiffeisen-Futura-Immo-Fonds-kauft-erneut-in-Basel-zu.png\",\"contentUrl\":\"https:\\\/\\\/www.immobilienbusiness.ch\\\/wp-content\\\/uploads\\\/2017\\\/07\\\/Immobilien-Business-News-20170703_Raiffeisen-Futura-Immo-Fonds-kauft-erneut-in-Basel-zu.png\",\"width\":405,\"height\":225,\"caption\":\"Der Futura Immo Fonds erwirbt vis-a-vis vom Badischen Bahnhof eine Wohn- und Gesch\u00e4ftsliegenschaft (Bild: Raiffeisen)\"},{\"@type\":\"BreadcrumbList\",\"@id\":\"https:\\\/\\\/www.immobilienbusiness.ch\\\/it\\\/regionen\\\/2017-07-03\\\/futura-immo-fonds-kauft-erneut-in-basel-zu\\\/#breadcrumb\",\"itemListElement\":[{\"@type\":\"ListItem\",\"position\":1,\"name\":\"Home\",\"item\":\"https:\\\/\\\/www.immobilienbusiness.ch\\\/\"},{\"@type\":\"ListItem\",\"position\":2,\"name\":\"Futura Immo Fonds kauft erneut in Basel zu\"}]},{\"@type\":\"WebSite\",\"@id\":\"https:\\\/\\\/www.immobilienbusiness.ch\\\/#website\",\"url\":\"https:\\\/\\\/www.immobilienbusiness.ch\\\/\",\"name\":\"IMMOBILIEN Business\",\"description\":\"Unabh\u00e4ngiges Schweizer Wirtschaftsmagazin mit Fokus auf Immobilien, Architektur- und Bau sowie Investment- und Finanzierung.\",\"publisher\":{\"@id\":\"https:\\\/\\\/www.immobilienbusiness.ch\\\/#organization\"},\"potentialAction\":[{\"@type\":\"SearchAction\",\"target\":{\"@type\":\"EntryPoint\",\"urlTemplate\":\"https:\\\/\\\/www.immobilienbusiness.ch\\\/?s={search_term_string}\"},\"query-input\":{\"@type\":\"PropertyValueSpecification\",\"valueRequired\":true,\"valueName\":\"search_term_string\"}}],\"inLanguage\":\"it-IT\"},{\"@type\":\"Organization\",\"@id\":\"https:\\\/\\\/www.immobilienbusiness.ch\\\/#organization\",\"name\":\"IMMOBILIEN Business\",\"url\":\"https:\\\/\\\/www.immobilienbusiness.ch\\\/\",\"logo\":{\"@type\":\"ImageObject\",\"inLanguage\":\"it-IT\",\"@id\":\"https:\\\/\\\/www.immobilienbusiness.ch\\\/#\\\/schema\\\/logo\\\/image\\\/\",\"url\":\"https:\\\/\\\/www.immobilienbusiness.ch\\\/wp-content\\\/uploads\\\/2021\\\/07\\\/logo_ib.png\",\"contentUrl\":\"https:\\\/\\\/www.immobilienbusiness.ch\\\/wp-content\\\/uploads\\\/2021\\\/07\\\/logo_ib.png\",\"width\":800,\"height\":181,\"caption\":\"IMMOBILIEN Business\"},\"image\":{\"@id\":\"https:\\\/\\\/www.immobilienbusiness.ch\\\/#\\\/schema\\\/logo\\\/image\\\/\"},\"sameAs\":[\"https:\\\/\\\/www.facebook.com\\\/immobilienbusiness\\\/\"]},{\"@type\":\"Person\",\"@id\":\"https:\\\/\\\/www.immobilienbusiness.ch\\\/#\\\/schema\\\/person\\\/31be7383261ea656cfe52cad71fdc211\",\"name\":\"mathias.rinka\",\"image\":{\"@type\":\"ImageObject\",\"inLanguage\":\"it-IT\",\"@id\":\"https:\\\/\\\/secure.gravatar.com\\\/avatar\\\/?s=96&d=mm&r=g\",\"url\":\"https:\\\/\\\/secure.gravatar.com\\\/avatar\\\/?s=96&d=mm&r=g\",\"contentUrl\":\"https:\\\/\\\/secure.gravatar.com\\\/avatar\\\/?s=96&d=mm&r=g\",\"caption\":\"mathias.rinka\"},\"url\":\"https:\\\/\\\/www.immobilienbusiness.ch\\\/it\\\/author\\\/mathias-rinka\\\/\"}]}<\/script>\n<!-- \/ Yoast SEO plugin. -->","yoast_head_json":{"title":"Futura Immo Fonds kauft erneut in Basel zu - IMMOBILIEN Business","description":"Der Raiffeisen Futura Immo Fonds hat die repr\u00e4sentative Liegenschaft an der Rosentalstrasse 71 \/ Schwarzwaldallee 183 in Basel erworben.","robots":{"index":"index","follow":"follow","max-snippet":"max-snippet:-1","max-image-preview":"max-image-preview:large","max-video-preview":"max-video-preview:-1"},"canonical":"https:\/\/www.immobilienbusiness.ch\/it\/regionen\/2017-07-03\/futura-immo-fonds-kauft-erneut-in-basel-zu\/","og_locale":"it_IT","og_type":"article","og_title":"Futura Immo Fonds kauft erneut in Basel zu","og_description":"Der Raiffeisen Futura Immo Fonds hat den Erwerb der Liegenschaft an der Rosentalstrasse 71 \/ Schwarzwaldallee 183 in Basel abgeschlossen.","og_url":"https:\/\/www.immobilienbusiness.ch\/it\/regionen\/2017-07-03\/futura-immo-fonds-kauft-erneut-in-basel-zu\/","og_site_name":"IMMOBILIEN Business","article_publisher":"https:\/\/www.facebook.com\/immobilienbusiness\/","article_published_time":"2017-07-03T07:00:37+00:00","og_image":[{"width":405,"height":225,"url":"https:\/\/www.immobilienbusiness.ch\/wp-content\/uploads\/2017\/07\/Immobilien-Business-News-20170703_Raiffeisen-Futura-Immo-Fonds-kauft-erneut-in-Basel-zu.png","type":"image\/png"}],"author":"mathias.rinka","twitter_card":"summary_large_image","twitter_title":"Futura Immo Fonds kauft erneut in Basel zu","twitter_description":"Der Raiffeisen Futura Immo Fonds hat den Erwerb der Liegenschaft Rosentalstrasse 71 \/ Schwarzwaldallee 183 in Basel abgeschlossen.","schema":{"@context":"https:\/\/schema.org","@graph":[{"@type":"Article","@id":"https:\/\/www.immobilienbusiness.ch\/it\/regionen\/2017-07-03\/futura-immo-fonds-kauft-erneut-in-basel-zu\/#article","isPartOf":{"@id":"https:\/\/www.immobilienbusiness.ch\/it\/regionen\/2017-07-03\/futura-immo-fonds-kauft-erneut-in-basel-zu\/"},"author":{"name":"mathias.rinka","@id":"https:\/\/www.immobilienbusiness.ch\/#\/schema\/person\/31be7383261ea656cfe52cad71fdc211"},"headline":"Futura Immo Fonds kauft erneut in Basel zu","datePublished":"2017-07-03T07:00:37+00:00","mainEntityOfPage":{"@id":"https:\/\/www.immobilienbusiness.ch\/it\/regionen\/2017-07-03\/futura-immo-fonds-kauft-erneut-in-basel-zu\/"},"wordCount":220,"commentCount":0,"publisher":{"@id":"https:\/\/www.immobilienbusiness.ch\/#organization"},"image":{"@id":"https:\/\/www.immobilienbusiness.ch\/it\/regionen\/2017-07-03\/futura-immo-fonds-kauft-erneut-in-basel-zu\/#primaryimage"},"thumbnailUrl":"https:\/\/www.immobilienbusiness.ch\/wp-content\/uploads\/2017\/07\/Immobilien-Business-News-20170703_Raiffeisen-Futura-Immo-Fonds-kauft-erneut-in-Basel-zu.png","keywords":["Basel","Immobilienfonds","Immobilienverkauf","Raiffeisen"],"articleSection":["REGIONEN"],"inLanguage":"it-IT"},{"@type":"WebPage","@id":"https:\/\/www.immobilienbusiness.ch\/it\/regionen\/2017-07-03\/futura-immo-fonds-kauft-erneut-in-basel-zu\/","url":"https:\/\/www.immobilienbusiness.ch\/it\/regionen\/2017-07-03\/futura-immo-fonds-kauft-erneut-in-basel-zu\/","name":"Futura Immo Fonds kauft erneut in Basel zu - IMMOBILIEN Business","isPartOf":{"@id":"https:\/\/www.immobilienbusiness.ch\/#website"},"primaryImageOfPage":{"@id":"https:\/\/www.immobilienbusiness.ch\/it\/regionen\/2017-07-03\/futura-immo-fonds-kauft-erneut-in-basel-zu\/#primaryimage"},"image":{"@id":"https:\/\/www.immobilienbusiness.ch\/it\/regionen\/2017-07-03\/futura-immo-fonds-kauft-erneut-in-basel-zu\/#primaryimage"},"thumbnailUrl":"https:\/\/www.immobilienbusiness.ch\/wp-content\/uploads\/2017\/07\/Immobilien-Business-News-20170703_Raiffeisen-Futura-Immo-Fonds-kauft-erneut-in-Basel-zu.png","datePublished":"2017-07-03T07:00:37+00:00","description":"Der Raiffeisen Futura Immo Fonds hat die repr\u00e4sentative Liegenschaft an der Rosentalstrasse 71 \/ Schwarzwaldallee 183 in Basel erworben.","breadcrumb":{"@id":"https:\/\/www.immobilienbusiness.ch\/it\/regionen\/2017-07-03\/futura-immo-fonds-kauft-erneut-in-basel-zu\/#breadcrumb"},"inLanguage":"it-IT","potentialAction":[{"@type":"ReadAction","target":["https:\/\/www.immobilienbusiness.ch\/it\/regionen\/2017-07-03\/futura-immo-fonds-kauft-erneut-in-basel-zu\/"]}]},{"@type":"ImageObject","inLanguage":"it-IT","@id":"https:\/\/www.immobilienbusiness.ch\/it\/regionen\/2017-07-03\/futura-immo-fonds-kauft-erneut-in-basel-zu\/#primaryimage","url":"https:\/\/www.immobilienbusiness.ch\/wp-content\/uploads\/2017\/07\/Immobilien-Business-News-20170703_Raiffeisen-Futura-Immo-Fonds-kauft-erneut-in-Basel-zu.png","contentUrl":"https:\/\/www.immobilienbusiness.ch\/wp-content\/uploads\/2017\/07\/Immobilien-Business-News-20170703_Raiffeisen-Futura-Immo-Fonds-kauft-erneut-in-Basel-zu.png","width":405,"height":225,"caption":"Der Futura Immo Fonds erwirbt vis-a-vis vom Badischen Bahnhof eine Wohn- und Gesch\u00e4ftsliegenschaft (Bild: Raiffeisen)"},{"@type":"BreadcrumbList","@id":"https:\/\/www.immobilienbusiness.ch\/it\/regionen\/2017-07-03\/futura-immo-fonds-kauft-erneut-in-basel-zu\/#breadcrumb","itemListElement":[{"@type":"ListItem","position":1,"name":"Home","item":"https:\/\/www.immobilienbusiness.ch\/"},{"@type":"ListItem","position":2,"name":"Futura Immo Fonds kauft erneut in Basel zu"}]},{"@type":"WebSite","@id":"https:\/\/www.immobilienbusiness.ch\/#website","url":"https:\/\/www.immobilienbusiness.ch\/","name":"Affari immobiliari","description":"Rivista economica indipendente svizzera che si concentra sul settore immobiliare, l'architettura e la costruzione, nonch\u00e9 sugli investimenti e i finanziamenti.","publisher":{"@id":"https:\/\/www.immobilienbusiness.ch\/#organization"},"potentialAction":[{"@type":"SearchAction","target":{"@type":"EntryPoint","urlTemplate":"https:\/\/www.immobilienbusiness.ch\/?s={search_term_string}"},"query-input":{"@type":"PropertyValueSpecification","valueRequired":true,"valueName":"search_term_string"}}],"inLanguage":"it-IT"},{"@type":"Organization","@id":"https:\/\/www.immobilienbusiness.ch\/#organization","name":"Affari immobiliari","url":"https:\/\/www.immobilienbusiness.ch\/","logo":{"@type":"ImageObject","inLanguage":"it-IT","@id":"https:\/\/www.immobilienbusiness.ch\/#\/schema\/logo\/image\/","url":"https:\/\/www.immobilienbusiness.ch\/wp-content\/uploads\/2021\/07\/logo_ib.png","contentUrl":"https:\/\/www.immobilienbusiness.ch\/wp-content\/uploads\/2021\/07\/logo_ib.png","width":800,"height":181,"caption":"IMMOBILIEN Business"},"image":{"@id":"https:\/\/www.immobilienbusiness.ch\/#\/schema\/logo\/image\/"},"sameAs":["https:\/\/www.facebook.com\/immobilienbusiness\/"]},{"@type":"Person","@id":"https:\/\/www.immobilienbusiness.ch\/#\/schema\/person\/31be7383261ea656cfe52cad71fdc211","name":"mathias.rinka","image":{"@type":"ImageObject","inLanguage":"it-IT","@id":"https:\/\/secure.gravatar.com\/avatar\/?s=96&d=mm&r=g","url":"https:\/\/secure.gravatar.com\/avatar\/?s=96&d=mm&r=g","contentUrl":"https:\/\/secure.gravatar.com\/avatar\/?s=96&d=mm&r=g","caption":"mathias.rinka"},"url":"https:\/\/www.immobilienbusiness.ch\/it\/author\/mathias-rinka\/"}]}},"_links":{"self":[{"href":"https:\/\/www.immobilienbusiness.ch\/it\/wp-json\/wp\/v2\/posts\/8191","targetHints":{"allow":["GET"]}}],"collection":[{"href":"https:\/\/www.immobilienbusiness.ch\/it\/wp-json\/wp\/v2\/posts"}],"about":[{"href":"https:\/\/www.immobilienbusiness.ch\/it\/wp-json\/wp\/v2\/types\/post"}],"author":[{"embeddable":true,"href":"https:\/\/www.immobilienbusiness.ch\/it\/wp-json\/wp\/v2\/users\/4"}],"replies":[{"embeddable":true,"href":"https:\/\/www.immobilienbusiness.ch\/it\/wp-json\/wp\/v2\/comments?post=8191"}],"version-history":[{"count":0,"href":"https:\/\/www.immobilienbusiness.ch\/it\/wp-json\/wp\/v2\/posts\/8191\/revisions"}],"wp:featuredmedia":[{"embeddable":true,"href":"https:\/\/www.immobilienbusiness.ch\/it\/wp-json\/wp\/v2\/media\/8192"}],"wp:attachment":[{"href":"https:\/\/www.immobilienbusiness.ch\/it\/wp-json\/wp\/v2\/media?parent=8191"}],"wp:term":[{"taxonomy":"category","embeddable":true,"href":"https:\/\/www.immobilienbusiness.ch\/it\/wp-json\/wp\/v2\/categories?post=8191"},{"taxonomy":"post_tag","embeddable":true,"href":"https:\/\/www.immobilienbusiness.ch\/it\/wp-json\/wp\/v2\/tags?post=8191"}],"curies":[{"name":"wp","href":"https:\/\/api.w.org\/{rel}","templated":true}]}}