{"id":8156,"date":"2017-06-29T09:08:06","date_gmt":"2017-06-29T07:08:06","guid":{"rendered":"https:\/\/www.immobilienbusiness.ch\/?p=8156"},"modified":"2017-06-29T09:08:06","modified_gmt":"2017-06-29T07:08:06","slug":"realstone-fonds-geht-am-30-juni-an-die-boerse","status":"publish","type":"post","link":"https:\/\/www.immobilienbusiness.ch\/it\/unternehmen\/2017-06-29\/realstone-fonds-geht-am-30-juni-an-die-boerse\/","title":{"rendered":"Il fondo Realstone diventa pubblico il 30 giugno"},"content":{"rendered":"<figure id=\"attachment_5110\" aria-describedby=\"caption-attachment-5110\" style=\"width: 680px\" class=\"wp-caption alignnone\"><img loading=\"lazy\" decoding=\"async\" class=\"size-medium wp-image-5110\" src=\"https:\/\/www.immobilienbusiness.ch\/wp-content\/uploads\/2016\/11\/Varia-lanciert-B\u00f6rsengang-immobilien-business.jpg\" alt=\"\" width=\"680\" height=\"510\" \/><figcaption id=\"caption-attachment-5110\" class=\"wp-caption-text\">Il Fondo di sviluppo Realstone sar\u00e0 presto pubblico (Foto: Gustav Broennimann - Opera propria, CC BY-SA 3.0, Wikimedia Commons)<\/figcaption><\/figure>\n<p>Realstone annuncia che la FINMA ha approvato le modifiche al contratto del fondo Realstone Development Fund e in particolare la sua apertura a investitori non qualificati. Il nuovo contratto del fondo \u00e8 entrato in vigore il 21 giugno 2017 e le azioni del fondo saranno quotate alla SIX Swiss Exchange a partire dal 30 giugno.<\/p>\n<p><a href=\"https:\/\/www.immobilienbusiness.ch\/it\/realstone-sammelt-217-millionen-ein-development-fonds\/\">Il fondo ha recentemente raccolto 217 milioni di franchi svizzeri in un'emissione di capitale. <\/a>In totale sono state sottoscritte circa 1,69 milioni di azioni, con una domanda totale pi\u00f9 che doppia rispetto al capitale offerto, secondo quanto dichiarato dalla societ\u00e0.<\/p>\n<p>Realstone intende utilizzare i proventi dell'emissione principalmente per lo sviluppo del proprio portafoglio immobiliare, in particolare per progetti a Horgen, Friburgo e Gland, nonch\u00e9 per l'acquisizione di opportunit\u00e0 nei centri urbani.<\/p>\n<p>Realstone \u00e8 fiduciosa che il fondo vedr\u00e0 un aumento significativo dei redditi da locazione nei prossimi anni. Lo sviluppo dei progetti in corso garantir\u00e0 la crescita nei prossimi cinque-sette anni, aggiunge Realstone.<\/p>","protected":false},"excerpt":{"rendered":"<p>L'autorit\u00e0 di vigilanza finanziaria FINMA ha dato il via libera alla quotazione del Realstone Development Fund. Il completamento della quotazione sul SIX Swiss Exchange \u00e8 previsto per il 30 giugno 2017.<\/p>","protected":false},"author":3,"featured_media":5110,"comment_status":"open","ping_status":"open","sticky":false,"template":"","format":"standard","meta":{"_acf_changed":false,"_yoast_wpseo_focuskw":"Realstone","_yoast_wpseo_title":"","_yoast_wpseo_metadesc":"Die Finanzaufsicht FINMA hat gr\u00fcnes Licht gegeben f\u00fcr die B\u00f6rsenkotierung des Realstone Development Fund. Der Fonds geht am 30. Juni an die B\u00f6rse.","_yoast_wpseo_linkdex":45,"pgc_sgb_lightbox_settings":"","footnotes":""},"categories":[988],"tags":[1108,1332,1807],"class_list":["post-8156","post","type-post","status-publish","format-standard","has-post-thumbnail","hentry","category-unternehmen","tag-boersengang","tag-immobilien-fonds","tag-unternehmen"],"acf":[],"yoast_head":"<!-- This site is optimized with the Yoast SEO plugin v27.4 - https:\/\/yoast.com\/product\/yoast-seo-wordpress\/ -->\n<title>Realstone-Fonds geht am 30. Juni an die B\u00f6rse - IMMOBILIEN Business<\/title>\n<meta name=\"description\" content=\"Die Finanzaufsicht FINMA hat gr\u00fcnes Licht gegeben f\u00fcr die B\u00f6rsenkotierung des Realstone Development Fund. Der Fonds geht am 30. Juni an die B\u00f6rse.\" \/>\n<meta name=\"robots\" content=\"index, follow, max-snippet:-1, max-image-preview:large, max-video-preview:-1\" \/>\n<link rel=\"canonical\" href=\"https:\/\/www.immobilienbusiness.ch\/it\/unternehmen\/2017-06-29\/realstone-fonds-geht-am-30-juni-an-die-boerse\/\" \/>\n<meta property=\"og:locale\" content=\"it_IT\" \/>\n<meta property=\"og:type\" content=\"article\" \/>\n<meta property=\"og:title\" content=\"Realstone-Fonds geht am 30. Juni an die B\u00f6rse\" \/>\n<meta property=\"og:description\" content=\"Die Finanzaufsicht FINMA hat gr\u00fcnes Licht gegeben f\u00fcr die B\u00f6rsenkotierung des Realstone Development Fund. Der Fonds geht am 30. Juni an die B\u00f6rse.\" \/>\n<meta property=\"og:url\" content=\"https:\/\/www.immobilienbusiness.ch\/it\/unternehmen\/2017-06-29\/realstone-fonds-geht-am-30-juni-an-die-boerse\/\" \/>\n<meta property=\"og:site_name\" content=\"IMMOBILIEN Business\" \/>\n<meta property=\"article:publisher\" content=\"https:\/\/www.facebook.com\/immobilienbusiness\/\" \/>\n<meta property=\"article:published_time\" content=\"2017-06-29T07:08:06+00:00\" \/>\n<meta property=\"og:image\" content=\"https:\/\/www.immobilienbusiness.ch\/wp-content\/uploads\/2016\/11\/Varia-lanciert-Boersengang-immobilien-business.jpg\" \/>\n\t<meta property=\"og:image:width\" content=\"1104\" \/>\n\t<meta property=\"og:image:height\" content=\"828\" \/>\n\t<meta property=\"og:image:type\" content=\"image\/jpeg\" \/>\n<meta name=\"author\" content=\"anja.hall\" \/>\n<meta name=\"twitter:card\" content=\"summary_large_image\" \/>\n<meta name=\"twitter:title\" content=\"Realstone-Fonds geht am 30. Juni an die B\u00f6rse\" \/>\n<meta name=\"twitter:description\" content=\"Die Finanzaufsicht FINMA hat gr\u00fcnes Licht gegeben f\u00fcr die B\u00f6rsenkotierung des Realstone Development Fund. Der Fonds geht am 30. Juni an die B\u00f6rse.\" \/>\n<meta name=\"twitter:image\" content=\"https:\/\/www.immobilienbusiness.ch\/wp-content\/uploads\/2016\/11\/Varia-lanciert-B\u00f6rsengang-immobilien-business.jpg\" \/>\n<script type=\"application\/ld+json\" class=\"yoast-schema-graph\">{\"@context\":\"https:\\\/\\\/schema.org\",\"@graph\":[{\"@type\":\"Article\",\"@id\":\"https:\\\/\\\/www.immobilienbusiness.ch\\\/unternehmen\\\/2017-06-29\\\/realstone-fonds-geht-am-30-juni-an-die-boerse\\\/#article\",\"isPartOf\":{\"@id\":\"https:\\\/\\\/www.immobilienbusiness.ch\\\/unternehmen\\\/2017-06-29\\\/realstone-fonds-geht-am-30-juni-an-die-boerse\\\/\"},\"author\":{\"name\":\"anja.hall\",\"@id\":\"https:\\\/\\\/www.immobilienbusiness.ch\\\/#\\\/schema\\\/person\\\/3fc036297b10b9f42d6db5ee932af8c8\"},\"headline\":\"Realstone-Fonds geht am 30. Juni an die B\u00f6rse\",\"datePublished\":\"2017-06-29T07:08:06+00:00\",\"mainEntityOfPage\":{\"@id\":\"https:\\\/\\\/www.immobilienbusiness.ch\\\/unternehmen\\\/2017-06-29\\\/realstone-fonds-geht-am-30-juni-an-die-boerse\\\/\"},\"wordCount\":193,\"commentCount\":0,\"publisher\":{\"@id\":\"https:\\\/\\\/www.immobilienbusiness.ch\\\/#organization\"},\"image\":{\"@id\":\"https:\\\/\\\/www.immobilienbusiness.ch\\\/unternehmen\\\/2017-06-29\\\/realstone-fonds-geht-am-30-juni-an-die-boerse\\\/#primaryimage\"},\"thumbnailUrl\":\"https:\\\/\\\/www.immobilienbusiness.ch\\\/wp-content\\\/uploads\\\/2016\\\/11\\\/Varia-lanciert-Boersengang-immobilien-business.jpg\",\"keywords\":[\"B\u00f6rsengang\",\"Immobilien-Fonds\",\"Unternehmen\"],\"articleSection\":[\"UNTERNEHMEN\"],\"inLanguage\":\"it-IT\"},{\"@type\":\"WebPage\",\"@id\":\"https:\\\/\\\/www.immobilienbusiness.ch\\\/unternehmen\\\/2017-06-29\\\/realstone-fonds-geht-am-30-juni-an-die-boerse\\\/\",\"url\":\"https:\\\/\\\/www.immobilienbusiness.ch\\\/unternehmen\\\/2017-06-29\\\/realstone-fonds-geht-am-30-juni-an-die-boerse\\\/\",\"name\":\"Realstone-Fonds geht am 30. Juni an die B\u00f6rse - IMMOBILIEN Business\",\"isPartOf\":{\"@id\":\"https:\\\/\\\/www.immobilienbusiness.ch\\\/#website\"},\"primaryImageOfPage\":{\"@id\":\"https:\\\/\\\/www.immobilienbusiness.ch\\\/unternehmen\\\/2017-06-29\\\/realstone-fonds-geht-am-30-juni-an-die-boerse\\\/#primaryimage\"},\"image\":{\"@id\":\"https:\\\/\\\/www.immobilienbusiness.ch\\\/unternehmen\\\/2017-06-29\\\/realstone-fonds-geht-am-30-juni-an-die-boerse\\\/#primaryimage\"},\"thumbnailUrl\":\"https:\\\/\\\/www.immobilienbusiness.ch\\\/wp-content\\\/uploads\\\/2016\\\/11\\\/Varia-lanciert-Boersengang-immobilien-business.jpg\",\"datePublished\":\"2017-06-29T07:08:06+00:00\",\"description\":\"Die Finanzaufsicht FINMA hat gr\u00fcnes Licht gegeben f\u00fcr die B\u00f6rsenkotierung des Realstone Development Fund. Der Fonds geht am 30. Juni an die B\u00f6rse.\",\"breadcrumb\":{\"@id\":\"https:\\\/\\\/www.immobilienbusiness.ch\\\/unternehmen\\\/2017-06-29\\\/realstone-fonds-geht-am-30-juni-an-die-boerse\\\/#breadcrumb\"},\"inLanguage\":\"it-IT\",\"potentialAction\":[{\"@type\":\"ReadAction\",\"target\":[\"https:\\\/\\\/www.immobilienbusiness.ch\\\/unternehmen\\\/2017-06-29\\\/realstone-fonds-geht-am-30-juni-an-die-boerse\\\/\"]}]},{\"@type\":\"ImageObject\",\"inLanguage\":\"it-IT\",\"@id\":\"https:\\\/\\\/www.immobilienbusiness.ch\\\/unternehmen\\\/2017-06-29\\\/realstone-fonds-geht-am-30-juni-an-die-boerse\\\/#primaryimage\",\"url\":\"https:\\\/\\\/www.immobilienbusiness.ch\\\/wp-content\\\/uploads\\\/2016\\\/11\\\/Varia-lanciert-Boersengang-immobilien-business.jpg\",\"contentUrl\":\"https:\\\/\\\/www.immobilienbusiness.ch\\\/wp-content\\\/uploads\\\/2016\\\/11\\\/Varia-lanciert-Boersengang-immobilien-business.jpg\",\"width\":1104,\"height\":828,\"caption\":\"Die Immobiliengesellschaft Varia US Properties gibt Details zum B\u00f6rsengang bekannt (Foto: Gustav Broennimann - Eigenes Werk, CC BY-SA 3.0, Wikimedia Commons)\"},{\"@type\":\"BreadcrumbList\",\"@id\":\"https:\\\/\\\/www.immobilienbusiness.ch\\\/unternehmen\\\/2017-06-29\\\/realstone-fonds-geht-am-30-juni-an-die-boerse\\\/#breadcrumb\",\"itemListElement\":[{\"@type\":\"ListItem\",\"position\":1,\"name\":\"Home\",\"item\":\"https:\\\/\\\/www.immobilienbusiness.ch\\\/\"},{\"@type\":\"ListItem\",\"position\":2,\"name\":\"Realstone-Fonds geht am 30. Juni an die B\u00f6rse\"}]},{\"@type\":\"WebSite\",\"@id\":\"https:\\\/\\\/www.immobilienbusiness.ch\\\/#website\",\"url\":\"https:\\\/\\\/www.immobilienbusiness.ch\\\/\",\"name\":\"IMMOBILIEN Business\",\"description\":\"Unabh\u00e4ngiges Schweizer Wirtschaftsmagazin mit Fokus auf Immobilien, Architektur- und Bau sowie Investment- und Finanzierung.\",\"publisher\":{\"@id\":\"https:\\\/\\\/www.immobilienbusiness.ch\\\/#organization\"},\"potentialAction\":[{\"@type\":\"SearchAction\",\"target\":{\"@type\":\"EntryPoint\",\"urlTemplate\":\"https:\\\/\\\/www.immobilienbusiness.ch\\\/?s={search_term_string}\"},\"query-input\":{\"@type\":\"PropertyValueSpecification\",\"valueRequired\":true,\"valueName\":\"search_term_string\"}}],\"inLanguage\":\"it-IT\"},{\"@type\":\"Organization\",\"@id\":\"https:\\\/\\\/www.immobilienbusiness.ch\\\/#organization\",\"name\":\"IMMOBILIEN Business\",\"url\":\"https:\\\/\\\/www.immobilienbusiness.ch\\\/\",\"logo\":{\"@type\":\"ImageObject\",\"inLanguage\":\"it-IT\",\"@id\":\"https:\\\/\\\/www.immobilienbusiness.ch\\\/#\\\/schema\\\/logo\\\/image\\\/\",\"url\":\"https:\\\/\\\/www.immobilienbusiness.ch\\\/wp-content\\\/uploads\\\/2021\\\/07\\\/logo_ib.png\",\"contentUrl\":\"https:\\\/\\\/www.immobilienbusiness.ch\\\/wp-content\\\/uploads\\\/2021\\\/07\\\/logo_ib.png\",\"width\":800,\"height\":181,\"caption\":\"IMMOBILIEN Business\"},\"image\":{\"@id\":\"https:\\\/\\\/www.immobilienbusiness.ch\\\/#\\\/schema\\\/logo\\\/image\\\/\"},\"sameAs\":[\"https:\\\/\\\/www.facebook.com\\\/immobilienbusiness\\\/\"]},{\"@type\":\"Person\",\"@id\":\"https:\\\/\\\/www.immobilienbusiness.ch\\\/#\\\/schema\\\/person\\\/3fc036297b10b9f42d6db5ee932af8c8\",\"name\":\"anja.hall\",\"image\":{\"@type\":\"ImageObject\",\"inLanguage\":\"it-IT\",\"@id\":\"https:\\\/\\\/secure.gravatar.com\\\/avatar\\\/066b5a0d447013502c71a5782f4f3469f03cfe595cc2329fb94652fe47511bfb?s=96&d=mm&r=g\",\"url\":\"https:\\\/\\\/secure.gravatar.com\\\/avatar\\\/066b5a0d447013502c71a5782f4f3469f03cfe595cc2329fb94652fe47511bfb?s=96&d=mm&r=g\",\"contentUrl\":\"https:\\\/\\\/secure.gravatar.com\\\/avatar\\\/066b5a0d447013502c71a5782f4f3469f03cfe595cc2329fb94652fe47511bfb?s=96&d=mm&r=g\",\"caption\":\"anja.hall\"},\"url\":\"https:\\\/\\\/www.immobilienbusiness.ch\\\/it\\\/author\\\/anja-hall\\\/\"}]}<\/script>\n<!-- \/ Yoast SEO plugin. -->","yoast_head_json":{"title":"Realstone-Fonds geht am 30. Juni an die B\u00f6rse - IMMOBILIEN Business","description":"Die Finanzaufsicht FINMA hat gr\u00fcnes Licht gegeben f\u00fcr die B\u00f6rsenkotierung des Realstone Development Fund. Der Fonds geht am 30. Juni an die B\u00f6rse.","robots":{"index":"index","follow":"follow","max-snippet":"max-snippet:-1","max-image-preview":"max-image-preview:large","max-video-preview":"max-video-preview:-1"},"canonical":"https:\/\/www.immobilienbusiness.ch\/it\/unternehmen\/2017-06-29\/realstone-fonds-geht-am-30-juni-an-die-boerse\/","og_locale":"it_IT","og_type":"article","og_title":"Realstone-Fonds geht am 30. Juni an die B\u00f6rse","og_description":"Die Finanzaufsicht FINMA hat gr\u00fcnes Licht gegeben f\u00fcr die B\u00f6rsenkotierung des Realstone Development Fund. Der Fonds geht am 30. Juni an die B\u00f6rse.","og_url":"https:\/\/www.immobilienbusiness.ch\/it\/unternehmen\/2017-06-29\/realstone-fonds-geht-am-30-juni-an-die-boerse\/","og_site_name":"IMMOBILIEN Business","article_publisher":"https:\/\/www.facebook.com\/immobilienbusiness\/","article_published_time":"2017-06-29T07:08:06+00:00","og_image":[{"width":1104,"height":828,"url":"https:\/\/www.immobilienbusiness.ch\/wp-content\/uploads\/2016\/11\/Varia-lanciert-Boersengang-immobilien-business.jpg","type":"image\/jpeg"}],"author":"anja.hall","twitter_card":"summary_large_image","twitter_title":"Realstone-Fonds geht am 30. Juni an die B\u00f6rse","twitter_description":"Die Finanzaufsicht FINMA hat gr\u00fcnes Licht gegeben f\u00fcr die B\u00f6rsenkotierung des Realstone Development Fund. Der Fonds geht am 30. Juni an die B\u00f6rse.","twitter_image":"https:\/\/www.immobilienbusiness.ch\/wp-content\/uploads\/2016\/11\/Varia-lanciert-B\u00f6rsengang-immobilien-business.jpg","schema":{"@context":"https:\/\/schema.org","@graph":[{"@type":"Article","@id":"https:\/\/www.immobilienbusiness.ch\/unternehmen\/2017-06-29\/realstone-fonds-geht-am-30-juni-an-die-boerse\/#article","isPartOf":{"@id":"https:\/\/www.immobilienbusiness.ch\/unternehmen\/2017-06-29\/realstone-fonds-geht-am-30-juni-an-die-boerse\/"},"author":{"name":"anja.hall","@id":"https:\/\/www.immobilienbusiness.ch\/#\/schema\/person\/3fc036297b10b9f42d6db5ee932af8c8"},"headline":"Realstone-Fonds geht am 30. Juni an die B\u00f6rse","datePublished":"2017-06-29T07:08:06+00:00","mainEntityOfPage":{"@id":"https:\/\/www.immobilienbusiness.ch\/unternehmen\/2017-06-29\/realstone-fonds-geht-am-30-juni-an-die-boerse\/"},"wordCount":193,"commentCount":0,"publisher":{"@id":"https:\/\/www.immobilienbusiness.ch\/#organization"},"image":{"@id":"https:\/\/www.immobilienbusiness.ch\/unternehmen\/2017-06-29\/realstone-fonds-geht-am-30-juni-an-die-boerse\/#primaryimage"},"thumbnailUrl":"https:\/\/www.immobilienbusiness.ch\/wp-content\/uploads\/2016\/11\/Varia-lanciert-Boersengang-immobilien-business.jpg","keywords":["B\u00f6rsengang","Immobilien-Fonds","Unternehmen"],"articleSection":["UNTERNEHMEN"],"inLanguage":"it-IT"},{"@type":"WebPage","@id":"https:\/\/www.immobilienbusiness.ch\/unternehmen\/2017-06-29\/realstone-fonds-geht-am-30-juni-an-die-boerse\/","url":"https:\/\/www.immobilienbusiness.ch\/unternehmen\/2017-06-29\/realstone-fonds-geht-am-30-juni-an-die-boerse\/","name":"Realstone-Fonds geht am 30. Juni an die B\u00f6rse - IMMOBILIEN Business","isPartOf":{"@id":"https:\/\/www.immobilienbusiness.ch\/#website"},"primaryImageOfPage":{"@id":"https:\/\/www.immobilienbusiness.ch\/unternehmen\/2017-06-29\/realstone-fonds-geht-am-30-juni-an-die-boerse\/#primaryimage"},"image":{"@id":"https:\/\/www.immobilienbusiness.ch\/unternehmen\/2017-06-29\/realstone-fonds-geht-am-30-juni-an-die-boerse\/#primaryimage"},"thumbnailUrl":"https:\/\/www.immobilienbusiness.ch\/wp-content\/uploads\/2016\/11\/Varia-lanciert-Boersengang-immobilien-business.jpg","datePublished":"2017-06-29T07:08:06+00:00","description":"Die Finanzaufsicht FINMA hat gr\u00fcnes Licht gegeben f\u00fcr die B\u00f6rsenkotierung des Realstone Development Fund. Der Fonds geht am 30. Juni an die B\u00f6rse.","breadcrumb":{"@id":"https:\/\/www.immobilienbusiness.ch\/unternehmen\/2017-06-29\/realstone-fonds-geht-am-30-juni-an-die-boerse\/#breadcrumb"},"inLanguage":"it-IT","potentialAction":[{"@type":"ReadAction","target":["https:\/\/www.immobilienbusiness.ch\/unternehmen\/2017-06-29\/realstone-fonds-geht-am-30-juni-an-die-boerse\/"]}]},{"@type":"ImageObject","inLanguage":"it-IT","@id":"https:\/\/www.immobilienbusiness.ch\/unternehmen\/2017-06-29\/realstone-fonds-geht-am-30-juni-an-die-boerse\/#primaryimage","url":"https:\/\/www.immobilienbusiness.ch\/wp-content\/uploads\/2016\/11\/Varia-lanciert-Boersengang-immobilien-business.jpg","contentUrl":"https:\/\/www.immobilienbusiness.ch\/wp-content\/uploads\/2016\/11\/Varia-lanciert-Boersengang-immobilien-business.jpg","width":1104,"height":828,"caption":"Die Immobiliengesellschaft Varia US Properties gibt Details zum B\u00f6rsengang bekannt (Foto: Gustav Broennimann - Eigenes Werk, CC BY-SA 3.0, Wikimedia Commons)"},{"@type":"BreadcrumbList","@id":"https:\/\/www.immobilienbusiness.ch\/unternehmen\/2017-06-29\/realstone-fonds-geht-am-30-juni-an-die-boerse\/#breadcrumb","itemListElement":[{"@type":"ListItem","position":1,"name":"Home","item":"https:\/\/www.immobilienbusiness.ch\/"},{"@type":"ListItem","position":2,"name":"Realstone-Fonds geht am 30. Juni an die B\u00f6rse"}]},{"@type":"WebSite","@id":"https:\/\/www.immobilienbusiness.ch\/#website","url":"https:\/\/www.immobilienbusiness.ch\/","name":"Affari immobiliari","description":"Rivista economica indipendente svizzera che si concentra sul settore immobiliare, l'architettura e la costruzione, nonch\u00e9 sugli investimenti e i finanziamenti.","publisher":{"@id":"https:\/\/www.immobilienbusiness.ch\/#organization"},"potentialAction":[{"@type":"SearchAction","target":{"@type":"EntryPoint","urlTemplate":"https:\/\/www.immobilienbusiness.ch\/?s={search_term_string}"},"query-input":{"@type":"PropertyValueSpecification","valueRequired":true,"valueName":"search_term_string"}}],"inLanguage":"it-IT"},{"@type":"Organization","@id":"https:\/\/www.immobilienbusiness.ch\/#organization","name":"Affari immobiliari","url":"https:\/\/www.immobilienbusiness.ch\/","logo":{"@type":"ImageObject","inLanguage":"it-IT","@id":"https:\/\/www.immobilienbusiness.ch\/#\/schema\/logo\/image\/","url":"https:\/\/www.immobilienbusiness.ch\/wp-content\/uploads\/2021\/07\/logo_ib.png","contentUrl":"https:\/\/www.immobilienbusiness.ch\/wp-content\/uploads\/2021\/07\/logo_ib.png","width":800,"height":181,"caption":"IMMOBILIEN Business"},"image":{"@id":"https:\/\/www.immobilienbusiness.ch\/#\/schema\/logo\/image\/"},"sameAs":["https:\/\/www.facebook.com\/immobilienbusiness\/"]},{"@type":"Person","@id":"https:\/\/www.immobilienbusiness.ch\/#\/schema\/person\/3fc036297b10b9f42d6db5ee932af8c8","name":"anja.hall","image":{"@type":"ImageObject","inLanguage":"it-IT","@id":"https:\/\/secure.gravatar.com\/avatar\/066b5a0d447013502c71a5782f4f3469f03cfe595cc2329fb94652fe47511bfb?s=96&d=mm&r=g","url":"https:\/\/secure.gravatar.com\/avatar\/066b5a0d447013502c71a5782f4f3469f03cfe595cc2329fb94652fe47511bfb?s=96&d=mm&r=g","contentUrl":"https:\/\/secure.gravatar.com\/avatar\/066b5a0d447013502c71a5782f4f3469f03cfe595cc2329fb94652fe47511bfb?s=96&d=mm&r=g","caption":"anja.hall"},"url":"https:\/\/www.immobilienbusiness.ch\/it\/author\/anja-hall\/"}]}},"_links":{"self":[{"href":"https:\/\/www.immobilienbusiness.ch\/it\/wp-json\/wp\/v2\/posts\/8156","targetHints":{"allow":["GET"]}}],"collection":[{"href":"https:\/\/www.immobilienbusiness.ch\/it\/wp-json\/wp\/v2\/posts"}],"about":[{"href":"https:\/\/www.immobilienbusiness.ch\/it\/wp-json\/wp\/v2\/types\/post"}],"author":[{"embeddable":true,"href":"https:\/\/www.immobilienbusiness.ch\/it\/wp-json\/wp\/v2\/users\/3"}],"replies":[{"embeddable":true,"href":"https:\/\/www.immobilienbusiness.ch\/it\/wp-json\/wp\/v2\/comments?post=8156"}],"version-history":[{"count":0,"href":"https:\/\/www.immobilienbusiness.ch\/it\/wp-json\/wp\/v2\/posts\/8156\/revisions"}],"wp:featuredmedia":[{"embeddable":true,"href":"https:\/\/www.immobilienbusiness.ch\/it\/wp-json\/wp\/v2\/media\/5110"}],"wp:attachment":[{"href":"https:\/\/www.immobilienbusiness.ch\/it\/wp-json\/wp\/v2\/media?parent=8156"}],"wp:term":[{"taxonomy":"category","embeddable":true,"href":"https:\/\/www.immobilienbusiness.ch\/it\/wp-json\/wp\/v2\/categories?post=8156"},{"taxonomy":"post_tag","embeddable":true,"href":"https:\/\/www.immobilienbusiness.ch\/it\/wp-json\/wp\/v2\/tags?post=8156"}],"curies":[{"name":"wp","href":"https:\/\/api.w.org\/{rel}","templated":true}]}}