{"id":8144,"date":"2017-06-28T08:47:59","date_gmt":"2017-06-28T06:47:59","guid":{"rendered":"https:\/\/www.immobilienbusiness.ch\/?p=8144"},"modified":"2017-06-28T08:47:59","modified_gmt":"2017-06-28T06:47:59","slug":"kuehne-nagel-baut-pharma-logistikanlage-in-moehlin","status":"publish","type":"post","link":"https:\/\/www.immobilienbusiness.ch\/it\/regionen\/2017-06-28\/kuehne-nagel-baut-pharma-logistikanlage-in-moehlin\/","title":{"rendered":"Kuehne + Nagel costruir\u00e0 una struttura logistica farmaceutica a M\u00f6hlin"},"content":{"rendered":"<figure id=\"attachment_8145\" aria-describedby=\"caption-attachment-8145\" style=\"width: 680px\" class=\"wp-caption alignnone\"><img loading=\"lazy\" decoding=\"async\" class=\"size-medium wp-image-8145\" src=\"https:\/\/www.immobilienbusiness.ch\/wp-content\/uploads\/2017\/06\/KN_BD_0010_archive_lr.jpg\" alt=\"\" width=\"680\" height=\"507\" srcset=\"https:\/\/www.immobilienbusiness.ch\/wp-content\/uploads\/2017\/06\/KN_BD_0010_archive_lr.jpg 1000w, https:\/\/www.immobilienbusiness.ch\/wp-content\/uploads\/2017\/06\/KN_BD_0010_archive_lr-300x224.jpg 300w, https:\/\/www.immobilienbusiness.ch\/wp-content\/uploads\/2017\/06\/KN_BD_0010_archive_lr-768x573.jpg 768w, https:\/\/www.immobilienbusiness.ch\/wp-content\/uploads\/2017\/06\/KN_BD_0010_archive_lr-16x12.jpg 16w, https:\/\/www.immobilienbusiness.ch\/wp-content\/uploads\/2017\/06\/KN_BD_0010_archive_lr-235x175.jpg 235w, https:\/\/www.immobilienbusiness.ch\/wp-content\/uploads\/2017\/06\/KN_BD_0010_archive_lr-469x350.jpg 469w, https:\/\/www.immobilienbusiness.ch\/wp-content\/uploads\/2017\/06\/KN_BD_0010_archive_lr-920x686.jpg 920w\" sizes=\"auto, (max-width: 680px) 100vw, 680px\" \/><figcaption id=\"caption-attachment-8145\" class=\"wp-caption-text\">La sede di Kuehne + Nagel a Schindellegi (Foto: Kuehne + Nagel)<\/figcaption><\/figure>\n<p>Nella nuova struttura logistica che verr\u00e0 costruita a M\u00f6hlin, Kuehne + Nagel gestir\u00e0 circa 46.000 posti pallet su una superficie di circa 16.300 m\u00b2 con una combinazione di sistemi di stoccaggio automatici e manuali. Per i prodotti farmaceutici sensibili sono disponibili tre diversi intervalli di temperatura: da -20 gradi, da -2 a +8 gradi e da +15 a +25 gradi. Inoltre, le merci pericolose e gli stupefacenti possono essere conservati in aree separate.<\/p>\n<p>Con il \"Pharma Hub Switzerland\", Kuehne + Nagel intende rafforzare la propria posizione di fornitore leader di servizi logistici per i clienti dell'industria farmaceutica e sanitaria svizzera e internazionale.<\/p>\n<p>Il Pharma Hub far\u00e0 parte della rete KN PharmaChain, che fornisce in tutto il mondo trasporto multimodale a temperatura controllata door-to-door, tracciabilit\u00e0 delle spedizioni e gestione intensiva del rischio. Il sito sar\u00e0 inoltre progettato per fornire servizi a valore aggiunto, ha aggiunto Kuehne + Nagel.<\/p>\n<p>Con circa 70.000 dipendenti in pi\u00f9 di 1.300 sedi in oltre 100 Paesi, Kuehne + Nagel \u00e8 uno dei principali fornitori di servizi logistici al mondo. L'azienda si concentra sul trasporto marittimo e aereo, sulla logistica contrattuale e sul trasporto via terra.<\/p>","protected":false},"excerpt":{"rendered":"<p>L'azienda di logistica Kuehne + Nagel ha celebrato la cerimonia di inaugurazione di una grande struttura logistica farmaceutica a M\u00f6hlin (AG).<\/p>","protected":false},"author":3,"featured_media":8145,"comment_status":"open","ping_status":"open","sticky":false,"template":"","format":"standard","meta":{"_acf_changed":false,"_yoast_wpseo_focuskw":"K\u00fchne","_yoast_wpseo_title":"","_yoast_wpseo_metadesc":"Das deutsche Logistikunternehmen K\u00fchne + Nagel hat den ersten Spatenstich f\u00fcr eine grosse Pharma-Logistikanlage in M\u00f6hlin (AG) gefeiert.","_yoast_wpseo_linkdex":48,"pgc_sgb_lightbox_settings":"","footnotes":""},"categories":[985],"tags":[1451,1531,1599],"class_list":["post-8144","post","type-post","status-publish","format-standard","has-post-thumbnail","hentry","category-regionen","tag-logistik","tag-nordwest-schweiz","tag-projekt-in-bau"],"acf":[],"yoast_head":"<!-- This site is optimized with the Yoast SEO plugin v27.4 - https:\/\/yoast.com\/product\/yoast-seo-wordpress\/ -->\n<title>K\u00fchne + Nagel baut Pharma-Logistikanlage in M\u00f6hlin - IMMOBILIEN Business<\/title>\n<meta name=\"description\" content=\"Das deutsche Logistikunternehmen K\u00fchne + Nagel hat den ersten Spatenstich f\u00fcr eine grosse Pharma-Logistikanlage in M\u00f6hlin (AG) gefeiert.\" \/>\n<meta name=\"robots\" content=\"index, follow, max-snippet:-1, max-image-preview:large, max-video-preview:-1\" \/>\n<link rel=\"canonical\" href=\"https:\/\/www.immobilienbusiness.ch\/it\/regionen\/2017-06-28\/kuehne-nagel-baut-pharma-logistikanlage-in-moehlin\/\" \/>\n<meta property=\"og:locale\" content=\"it_IT\" \/>\n<meta property=\"og:type\" content=\"article\" \/>\n<meta property=\"og:title\" content=\"K\u00fchne + Nagel baut Pharma-Logistikanlage in M\u00f6hlin\" \/>\n<meta property=\"og:description\" content=\"Das deutsche Logistikunternehmen K\u00fchne + Nagel hat den ersten Spatenstich f\u00fcr eine grosse Pharma-Logistikanlage in M\u00f6hlin (AG) gefeiert.\" \/>\n<meta property=\"og:url\" content=\"https:\/\/www.immobilienbusiness.ch\/it\/regionen\/2017-06-28\/kuehne-nagel-baut-pharma-logistikanlage-in-moehlin\/\" \/>\n<meta property=\"og:site_name\" content=\"IMMOBILIEN Business\" \/>\n<meta property=\"article:publisher\" content=\"https:\/\/www.facebook.com\/immobilienbusiness\/\" \/>\n<meta property=\"article:published_time\" content=\"2017-06-28T06:47:59+00:00\" \/>\n<meta property=\"og:image\" content=\"https:\/\/www.immobilienbusiness.ch\/wp-content\/uploads\/2017\/06\/KN_BD_0010_archive_lr.jpg\" \/>\n\t<meta property=\"og:image:width\" content=\"1000\" \/>\n\t<meta property=\"og:image:height\" content=\"746\" \/>\n\t<meta property=\"og:image:type\" content=\"image\/jpeg\" \/>\n<meta name=\"author\" content=\"anja.hall\" \/>\n<meta name=\"twitter:card\" content=\"summary_large_image\" \/>\n<meta name=\"twitter:title\" content=\"K\u00fchne + Nagel baut Pharma-Logistikanlage in M\u00f6hlin\" \/>\n<meta name=\"twitter:description\" content=\"Das deutsche Logistikunternehmen K\u00fchne + Nagel hat den ersten Spatenstich f\u00fcr eine grosse Pharma-Logistikanlage in M\u00f6hlin (AG) gefeiert.\" \/>\n<meta name=\"twitter:image\" content=\"https:\/\/www.immobilienbusiness.ch\/wp-content\/uploads\/2017\/06\/KN_BD_0010_archive_lr.jpg\" \/>\n<script type=\"application\/ld+json\" class=\"yoast-schema-graph\">{\"@context\":\"https:\\\/\\\/schema.org\",\"@graph\":[{\"@type\":\"Article\",\"@id\":\"https:\\\/\\\/www.immobilienbusiness.ch\\\/en\\\/regionen\\\/2017-06-28\\\/kuehne-nagel-baut-pharma-logistikanlage-in-moehlin\\\/#article\",\"isPartOf\":{\"@id\":\"https:\\\/\\\/www.immobilienbusiness.ch\\\/en\\\/regionen\\\/2017-06-28\\\/kuehne-nagel-baut-pharma-logistikanlage-in-moehlin\\\/\"},\"author\":{\"name\":\"anja.hall\",\"@id\":\"https:\\\/\\\/www.immobilienbusiness.ch\\\/#\\\/schema\\\/person\\\/3fc036297b10b9f42d6db5ee932af8c8\"},\"headline\":\"K\u00fchne + Nagel baut Pharma-Logistikanlage in M\u00f6hlin\",\"datePublished\":\"2017-06-28T06:47:59+00:00\",\"mainEntityOfPage\":{\"@id\":\"https:\\\/\\\/www.immobilienbusiness.ch\\\/en\\\/regionen\\\/2017-06-28\\\/kuehne-nagel-baut-pharma-logistikanlage-in-moehlin\\\/\"},\"wordCount\":211,\"commentCount\":0,\"publisher\":{\"@id\":\"https:\\\/\\\/www.immobilienbusiness.ch\\\/#organization\"},\"image\":{\"@id\":\"https:\\\/\\\/www.immobilienbusiness.ch\\\/en\\\/regionen\\\/2017-06-28\\\/kuehne-nagel-baut-pharma-logistikanlage-in-moehlin\\\/#primaryimage\"},\"thumbnailUrl\":\"https:\\\/\\\/www.immobilienbusiness.ch\\\/wp-content\\\/uploads\\\/2017\\\/06\\\/KN_BD_0010_archive_lr.jpg\",\"keywords\":[\"Logistik\",\"Nordwest-Schweiz\",\"Projekt in Bau\"],\"articleSection\":[\"REGIONEN\"],\"inLanguage\":\"it-IT\"},{\"@type\":\"WebPage\",\"@id\":\"https:\\\/\\\/www.immobilienbusiness.ch\\\/en\\\/regionen\\\/2017-06-28\\\/kuehne-nagel-baut-pharma-logistikanlage-in-moehlin\\\/\",\"url\":\"https:\\\/\\\/www.immobilienbusiness.ch\\\/en\\\/regionen\\\/2017-06-28\\\/kuehne-nagel-baut-pharma-logistikanlage-in-moehlin\\\/\",\"name\":\"K\u00fchne + Nagel baut Pharma-Logistikanlage in M\u00f6hlin - IMMOBILIEN Business\",\"isPartOf\":{\"@id\":\"https:\\\/\\\/www.immobilienbusiness.ch\\\/#website\"},\"primaryImageOfPage\":{\"@id\":\"https:\\\/\\\/www.immobilienbusiness.ch\\\/en\\\/regionen\\\/2017-06-28\\\/kuehne-nagel-baut-pharma-logistikanlage-in-moehlin\\\/#primaryimage\"},\"image\":{\"@id\":\"https:\\\/\\\/www.immobilienbusiness.ch\\\/en\\\/regionen\\\/2017-06-28\\\/kuehne-nagel-baut-pharma-logistikanlage-in-moehlin\\\/#primaryimage\"},\"thumbnailUrl\":\"https:\\\/\\\/www.immobilienbusiness.ch\\\/wp-content\\\/uploads\\\/2017\\\/06\\\/KN_BD_0010_archive_lr.jpg\",\"datePublished\":\"2017-06-28T06:47:59+00:00\",\"description\":\"Das deutsche Logistikunternehmen K\u00fchne + Nagel hat den ersten Spatenstich f\u00fcr eine grosse Pharma-Logistikanlage in M\u00f6hlin (AG) gefeiert.\",\"breadcrumb\":{\"@id\":\"https:\\\/\\\/www.immobilienbusiness.ch\\\/en\\\/regionen\\\/2017-06-28\\\/kuehne-nagel-baut-pharma-logistikanlage-in-moehlin\\\/#breadcrumb\"},\"inLanguage\":\"it-IT\",\"potentialAction\":[{\"@type\":\"ReadAction\",\"target\":[\"https:\\\/\\\/www.immobilienbusiness.ch\\\/en\\\/regionen\\\/2017-06-28\\\/kuehne-nagel-baut-pharma-logistikanlage-in-moehlin\\\/\"]}]},{\"@type\":\"ImageObject\",\"inLanguage\":\"it-IT\",\"@id\":\"https:\\\/\\\/www.immobilienbusiness.ch\\\/en\\\/regionen\\\/2017-06-28\\\/kuehne-nagel-baut-pharma-logistikanlage-in-moehlin\\\/#primaryimage\",\"url\":\"https:\\\/\\\/www.immobilienbusiness.ch\\\/wp-content\\\/uploads\\\/2017\\\/06\\\/KN_BD_0010_archive_lr.jpg\",\"contentUrl\":\"https:\\\/\\\/www.immobilienbusiness.ch\\\/wp-content\\\/uploads\\\/2017\\\/06\\\/KN_BD_0010_archive_lr.jpg\",\"width\":1000,\"height\":746,\"caption\":\"Der Schweiz-Hauptsitz von K\u00fchne + Nagel in Schindellegi (Foto: K\u00fchne + Nagel)\"},{\"@type\":\"BreadcrumbList\",\"@id\":\"https:\\\/\\\/www.immobilienbusiness.ch\\\/en\\\/regionen\\\/2017-06-28\\\/kuehne-nagel-baut-pharma-logistikanlage-in-moehlin\\\/#breadcrumb\",\"itemListElement\":[{\"@type\":\"ListItem\",\"position\":1,\"name\":\"Home\",\"item\":\"https:\\\/\\\/www.immobilienbusiness.ch\\\/\"},{\"@type\":\"ListItem\",\"position\":2,\"name\":\"K\u00fchne + Nagel baut Pharma-Logistikanlage in M\u00f6hlin\"}]},{\"@type\":\"WebSite\",\"@id\":\"https:\\\/\\\/www.immobilienbusiness.ch\\\/#website\",\"url\":\"https:\\\/\\\/www.immobilienbusiness.ch\\\/\",\"name\":\"IMMOBILIEN Business\",\"description\":\"Unabh\u00e4ngiges Schweizer Wirtschaftsmagazin mit Fokus auf Immobilien, Architektur- und Bau sowie Investment- und Finanzierung.\",\"publisher\":{\"@id\":\"https:\\\/\\\/www.immobilienbusiness.ch\\\/#organization\"},\"potentialAction\":[{\"@type\":\"SearchAction\",\"target\":{\"@type\":\"EntryPoint\",\"urlTemplate\":\"https:\\\/\\\/www.immobilienbusiness.ch\\\/?s={search_term_string}\"},\"query-input\":{\"@type\":\"PropertyValueSpecification\",\"valueRequired\":true,\"valueName\":\"search_term_string\"}}],\"inLanguage\":\"it-IT\"},{\"@type\":\"Organization\",\"@id\":\"https:\\\/\\\/www.immobilienbusiness.ch\\\/#organization\",\"name\":\"IMMOBILIEN Business\",\"url\":\"https:\\\/\\\/www.immobilienbusiness.ch\\\/\",\"logo\":{\"@type\":\"ImageObject\",\"inLanguage\":\"it-IT\",\"@id\":\"https:\\\/\\\/www.immobilienbusiness.ch\\\/#\\\/schema\\\/logo\\\/image\\\/\",\"url\":\"https:\\\/\\\/www.immobilienbusiness.ch\\\/wp-content\\\/uploads\\\/2021\\\/07\\\/logo_ib.png\",\"contentUrl\":\"https:\\\/\\\/www.immobilienbusiness.ch\\\/wp-content\\\/uploads\\\/2021\\\/07\\\/logo_ib.png\",\"width\":800,\"height\":181,\"caption\":\"IMMOBILIEN Business\"},\"image\":{\"@id\":\"https:\\\/\\\/www.immobilienbusiness.ch\\\/#\\\/schema\\\/logo\\\/image\\\/\"},\"sameAs\":[\"https:\\\/\\\/www.facebook.com\\\/immobilienbusiness\\\/\"]},{\"@type\":\"Person\",\"@id\":\"https:\\\/\\\/www.immobilienbusiness.ch\\\/#\\\/schema\\\/person\\\/3fc036297b10b9f42d6db5ee932af8c8\",\"name\":\"anja.hall\",\"image\":{\"@type\":\"ImageObject\",\"inLanguage\":\"it-IT\",\"@id\":\"https:\\\/\\\/secure.gravatar.com\\\/avatar\\\/066b5a0d447013502c71a5782f4f3469f03cfe595cc2329fb94652fe47511bfb?s=96&d=mm&r=g\",\"url\":\"https:\\\/\\\/secure.gravatar.com\\\/avatar\\\/066b5a0d447013502c71a5782f4f3469f03cfe595cc2329fb94652fe47511bfb?s=96&d=mm&r=g\",\"contentUrl\":\"https:\\\/\\\/secure.gravatar.com\\\/avatar\\\/066b5a0d447013502c71a5782f4f3469f03cfe595cc2329fb94652fe47511bfb?s=96&d=mm&r=g\",\"caption\":\"anja.hall\"},\"url\":\"https:\\\/\\\/www.immobilienbusiness.ch\\\/it\\\/author\\\/anja-hall\\\/\"}]}<\/script>\n<!-- \/ Yoast SEO plugin. -->","yoast_head_json":{"title":"K\u00fchne + Nagel baut Pharma-Logistikanlage in M\u00f6hlin - IMMOBILIEN Business","description":"Das deutsche Logistikunternehmen K\u00fchne + Nagel hat den ersten Spatenstich f\u00fcr eine grosse Pharma-Logistikanlage in M\u00f6hlin (AG) gefeiert.","robots":{"index":"index","follow":"follow","max-snippet":"max-snippet:-1","max-image-preview":"max-image-preview:large","max-video-preview":"max-video-preview:-1"},"canonical":"https:\/\/www.immobilienbusiness.ch\/it\/regionen\/2017-06-28\/kuehne-nagel-baut-pharma-logistikanlage-in-moehlin\/","og_locale":"it_IT","og_type":"article","og_title":"K\u00fchne + Nagel baut Pharma-Logistikanlage in M\u00f6hlin","og_description":"Das deutsche Logistikunternehmen K\u00fchne + Nagel hat den ersten Spatenstich f\u00fcr eine grosse Pharma-Logistikanlage in M\u00f6hlin (AG) gefeiert.","og_url":"https:\/\/www.immobilienbusiness.ch\/it\/regionen\/2017-06-28\/kuehne-nagel-baut-pharma-logistikanlage-in-moehlin\/","og_site_name":"IMMOBILIEN Business","article_publisher":"https:\/\/www.facebook.com\/immobilienbusiness\/","article_published_time":"2017-06-28T06:47:59+00:00","og_image":[{"width":1000,"height":746,"url":"https:\/\/www.immobilienbusiness.ch\/wp-content\/uploads\/2017\/06\/KN_BD_0010_archive_lr.jpg","type":"image\/jpeg"}],"author":"anja.hall","twitter_card":"summary_large_image","twitter_title":"K\u00fchne + Nagel baut Pharma-Logistikanlage in M\u00f6hlin","twitter_description":"Das deutsche Logistikunternehmen K\u00fchne + Nagel hat den ersten Spatenstich f\u00fcr eine grosse Pharma-Logistikanlage in M\u00f6hlin (AG) gefeiert.","twitter_image":"https:\/\/www.immobilienbusiness.ch\/wp-content\/uploads\/2017\/06\/KN_BD_0010_archive_lr.jpg","schema":{"@context":"https:\/\/schema.org","@graph":[{"@type":"Article","@id":"https:\/\/www.immobilienbusiness.ch\/en\/regionen\/2017-06-28\/kuehne-nagel-baut-pharma-logistikanlage-in-moehlin\/#article","isPartOf":{"@id":"https:\/\/www.immobilienbusiness.ch\/en\/regionen\/2017-06-28\/kuehne-nagel-baut-pharma-logistikanlage-in-moehlin\/"},"author":{"name":"anja.hall","@id":"https:\/\/www.immobilienbusiness.ch\/#\/schema\/person\/3fc036297b10b9f42d6db5ee932af8c8"},"headline":"K\u00fchne + Nagel baut Pharma-Logistikanlage in M\u00f6hlin","datePublished":"2017-06-28T06:47:59+00:00","mainEntityOfPage":{"@id":"https:\/\/www.immobilienbusiness.ch\/en\/regionen\/2017-06-28\/kuehne-nagel-baut-pharma-logistikanlage-in-moehlin\/"},"wordCount":211,"commentCount":0,"publisher":{"@id":"https:\/\/www.immobilienbusiness.ch\/#organization"},"image":{"@id":"https:\/\/www.immobilienbusiness.ch\/en\/regionen\/2017-06-28\/kuehne-nagel-baut-pharma-logistikanlage-in-moehlin\/#primaryimage"},"thumbnailUrl":"https:\/\/www.immobilienbusiness.ch\/wp-content\/uploads\/2017\/06\/KN_BD_0010_archive_lr.jpg","keywords":["Logistik","Nordwest-Schweiz","Projekt in Bau"],"articleSection":["REGIONEN"],"inLanguage":"it-IT"},{"@type":"WebPage","@id":"https:\/\/www.immobilienbusiness.ch\/en\/regionen\/2017-06-28\/kuehne-nagel-baut-pharma-logistikanlage-in-moehlin\/","url":"https:\/\/www.immobilienbusiness.ch\/en\/regionen\/2017-06-28\/kuehne-nagel-baut-pharma-logistikanlage-in-moehlin\/","name":"K\u00fchne + Nagel baut Pharma-Logistikanlage in M\u00f6hlin - IMMOBILIEN Business","isPartOf":{"@id":"https:\/\/www.immobilienbusiness.ch\/#website"},"primaryImageOfPage":{"@id":"https:\/\/www.immobilienbusiness.ch\/en\/regionen\/2017-06-28\/kuehne-nagel-baut-pharma-logistikanlage-in-moehlin\/#primaryimage"},"image":{"@id":"https:\/\/www.immobilienbusiness.ch\/en\/regionen\/2017-06-28\/kuehne-nagel-baut-pharma-logistikanlage-in-moehlin\/#primaryimage"},"thumbnailUrl":"https:\/\/www.immobilienbusiness.ch\/wp-content\/uploads\/2017\/06\/KN_BD_0010_archive_lr.jpg","datePublished":"2017-06-28T06:47:59+00:00","description":"Das deutsche Logistikunternehmen K\u00fchne + Nagel hat den ersten Spatenstich f\u00fcr eine grosse Pharma-Logistikanlage in M\u00f6hlin (AG) gefeiert.","breadcrumb":{"@id":"https:\/\/www.immobilienbusiness.ch\/en\/regionen\/2017-06-28\/kuehne-nagel-baut-pharma-logistikanlage-in-moehlin\/#breadcrumb"},"inLanguage":"it-IT","potentialAction":[{"@type":"ReadAction","target":["https:\/\/www.immobilienbusiness.ch\/en\/regionen\/2017-06-28\/kuehne-nagel-baut-pharma-logistikanlage-in-moehlin\/"]}]},{"@type":"ImageObject","inLanguage":"it-IT","@id":"https:\/\/www.immobilienbusiness.ch\/en\/regionen\/2017-06-28\/kuehne-nagel-baut-pharma-logistikanlage-in-moehlin\/#primaryimage","url":"https:\/\/www.immobilienbusiness.ch\/wp-content\/uploads\/2017\/06\/KN_BD_0010_archive_lr.jpg","contentUrl":"https:\/\/www.immobilienbusiness.ch\/wp-content\/uploads\/2017\/06\/KN_BD_0010_archive_lr.jpg","width":1000,"height":746,"caption":"Der Schweiz-Hauptsitz von K\u00fchne + Nagel in Schindellegi (Foto: K\u00fchne + Nagel)"},{"@type":"BreadcrumbList","@id":"https:\/\/www.immobilienbusiness.ch\/en\/regionen\/2017-06-28\/kuehne-nagel-baut-pharma-logistikanlage-in-moehlin\/#breadcrumb","itemListElement":[{"@type":"ListItem","position":1,"name":"Home","item":"https:\/\/www.immobilienbusiness.ch\/"},{"@type":"ListItem","position":2,"name":"K\u00fchne + Nagel baut Pharma-Logistikanlage in M\u00f6hlin"}]},{"@type":"WebSite","@id":"https:\/\/www.immobilienbusiness.ch\/#website","url":"https:\/\/www.immobilienbusiness.ch\/","name":"Affari immobiliari","description":"Rivista economica indipendente svizzera che si concentra sul settore immobiliare, l'architettura e la costruzione, nonch\u00e9 sugli investimenti e i finanziamenti.","publisher":{"@id":"https:\/\/www.immobilienbusiness.ch\/#organization"},"potentialAction":[{"@type":"SearchAction","target":{"@type":"EntryPoint","urlTemplate":"https:\/\/www.immobilienbusiness.ch\/?s={search_term_string}"},"query-input":{"@type":"PropertyValueSpecification","valueRequired":true,"valueName":"search_term_string"}}],"inLanguage":"it-IT"},{"@type":"Organization","@id":"https:\/\/www.immobilienbusiness.ch\/#organization","name":"Affari immobiliari","url":"https:\/\/www.immobilienbusiness.ch\/","logo":{"@type":"ImageObject","inLanguage":"it-IT","@id":"https:\/\/www.immobilienbusiness.ch\/#\/schema\/logo\/image\/","url":"https:\/\/www.immobilienbusiness.ch\/wp-content\/uploads\/2021\/07\/logo_ib.png","contentUrl":"https:\/\/www.immobilienbusiness.ch\/wp-content\/uploads\/2021\/07\/logo_ib.png","width":800,"height":181,"caption":"IMMOBILIEN Business"},"image":{"@id":"https:\/\/www.immobilienbusiness.ch\/#\/schema\/logo\/image\/"},"sameAs":["https:\/\/www.facebook.com\/immobilienbusiness\/"]},{"@type":"Person","@id":"https:\/\/www.immobilienbusiness.ch\/#\/schema\/person\/3fc036297b10b9f42d6db5ee932af8c8","name":"anja.hall","image":{"@type":"ImageObject","inLanguage":"it-IT","@id":"https:\/\/secure.gravatar.com\/avatar\/066b5a0d447013502c71a5782f4f3469f03cfe595cc2329fb94652fe47511bfb?s=96&d=mm&r=g","url":"https:\/\/secure.gravatar.com\/avatar\/066b5a0d447013502c71a5782f4f3469f03cfe595cc2329fb94652fe47511bfb?s=96&d=mm&r=g","contentUrl":"https:\/\/secure.gravatar.com\/avatar\/066b5a0d447013502c71a5782f4f3469f03cfe595cc2329fb94652fe47511bfb?s=96&d=mm&r=g","caption":"anja.hall"},"url":"https:\/\/www.immobilienbusiness.ch\/it\/author\/anja-hall\/"}]}},"_links":{"self":[{"href":"https:\/\/www.immobilienbusiness.ch\/it\/wp-json\/wp\/v2\/posts\/8144","targetHints":{"allow":["GET"]}}],"collection":[{"href":"https:\/\/www.immobilienbusiness.ch\/it\/wp-json\/wp\/v2\/posts"}],"about":[{"href":"https:\/\/www.immobilienbusiness.ch\/it\/wp-json\/wp\/v2\/types\/post"}],"author":[{"embeddable":true,"href":"https:\/\/www.immobilienbusiness.ch\/it\/wp-json\/wp\/v2\/users\/3"}],"replies":[{"embeddable":true,"href":"https:\/\/www.immobilienbusiness.ch\/it\/wp-json\/wp\/v2\/comments?post=8144"}],"version-history":[{"count":0,"href":"https:\/\/www.immobilienbusiness.ch\/it\/wp-json\/wp\/v2\/posts\/8144\/revisions"}],"wp:featuredmedia":[{"embeddable":true,"href":"https:\/\/www.immobilienbusiness.ch\/it\/wp-json\/wp\/v2\/media\/8145"}],"wp:attachment":[{"href":"https:\/\/www.immobilienbusiness.ch\/it\/wp-json\/wp\/v2\/media?parent=8144"}],"wp:term":[{"taxonomy":"category","embeddable":true,"href":"https:\/\/www.immobilienbusiness.ch\/it\/wp-json\/wp\/v2\/categories?post=8144"},{"taxonomy":"post_tag","embeddable":true,"href":"https:\/\/www.immobilienbusiness.ch\/it\/wp-json\/wp\/v2\/tags?post=8144"}],"curies":[{"name":"wp","href":"https:\/\/api.w.org\/{rel}","templated":true}]}}