{"id":8081,"date":"2017-06-23T08:24:28","date_gmt":"2017-06-23T06:24:28","guid":{"rendered":"https:\/\/www.immobilienbusiness.ch\/?p=8081"},"modified":"2017-06-23T08:24:28","modified_gmt":"2017-06-23T06:24:28","slug":"basel-entwicklungsvereinbarung-fuer-nordspitze-dreispitz","status":"publish","type":"post","link":"https:\/\/www.immobilienbusiness.ch\/it\/regionen\/2017-06-23\/basel-entwicklungsvereinbarung-fuer-nordspitze-dreispitz\/","title":{"rendered":"Basilea: accordo di sviluppo per la punta settentrionale di Dreispitz"},"content":{"rendered":"<figure id=\"attachment_8094\" aria-describedby=\"caption-attachment-8094\" style=\"width: 680px\" class=\"wp-caption alignnone\"><img loading=\"lazy\" decoding=\"async\" class=\"size-medium wp-image-8094\" src=\"https:\/\/www.immobilienbusiness.ch\/wp-content\/uploads\/2017\/06\/Depositphotos_53801155_m-2015.jpg\" alt=\"\" width=\"680\" height=\"454\" srcset=\"https:\/\/www.immobilienbusiness.ch\/wp-content\/uploads\/2017\/06\/Depositphotos_53801155_m-2015.jpg 1000w, https:\/\/www.immobilienbusiness.ch\/wp-content\/uploads\/2017\/06\/Depositphotos_53801155_m-2015-300x200.jpg 300w, https:\/\/www.immobilienbusiness.ch\/wp-content\/uploads\/2017\/06\/Depositphotos_53801155_m-2015-768x512.jpg 768w, https:\/\/www.immobilienbusiness.ch\/wp-content\/uploads\/2017\/06\/Depositphotos_53801155_m-2015-16x12.jpg 16w, https:\/\/www.immobilienbusiness.ch\/wp-content\/uploads\/2017\/06\/Depositphotos_53801155_m-2015-262x175.jpg 262w, https:\/\/www.immobilienbusiness.ch\/wp-content\/uploads\/2017\/06\/Depositphotos_53801155_m-2015-525x350.jpg 525w, https:\/\/www.immobilienbusiness.ch\/wp-content\/uploads\/2017\/06\/Depositphotos_53801155_m-2015-920x614.jpg 920w\" sizes=\"auto, (max-width: 680px) 100vw, 680px\" \/><figcaption id=\"caption-attachment-8094\" class=\"wp-caption-text\">CMS, Migros e il Cantone di Basilea Citt\u00e0 concludono un accordo di sviluppo per il sito di Dreispitz North Point (immagine simbolica: pressmaster - depositphotos)<\/figcaption><\/figure>\n<p>Lo scopo dell'accordo \u00e8 quello di poter pianificare e avviare le fasi e i passaggi successivi dello sviluppo con contenuti e tempi vincolanti, hanno annunciato i tre partner progettuali in un comunicato stampa congiunto.<\/p>\n<p>Il perimetro di pianificazione comprende il triangolo tra Dornacherstrasse, Reinacherstrasse e M\u00fcnchensteinerstrasse. La pianificazione deve tenere conto anche degli sviluppi nelle aree residenziali di Gundeldingerquartier, in altre zone di Dreispitz e nell'area di sviluppo di Am Walkeweg.<\/p>\n<p>I tre partner contrattuali vorrebbero sviluppare la punta settentrionale come \"area focale a uso misto\", con una densificazione nell'area delle attivit\u00e0 commerciali e con un design urbano di alta qualit\u00e0 come distretto integrale. Il potenziale di Nordspitze dovrebbe essere sfruttato \"attraverso densit\u00e0 edilizie pi\u00f9 elevate, tipologie d'uso localmente diverse, sviluppo ottimale del sito, opzioni di fornitura integrate, creazione di spazi aperti di qualit\u00e0 e buoni collegamenti con i trasporti pubblici, a piedi e in bicicletta\".<\/p>\n<h2>Il CMS punta a una \"densificazione significativa<\/h2>\n<p>Grazie alla sua posizione in citt\u00e0, ai margini del quartiere di Gundeldinger e non lontano dalla stazione ferroviaria delle FFS, CMS ritiene che la punta nord abbia un grande potenziale di sviluppo. \u00c8 quindi di particolare importanza economica per la fondazione e un aumento significativo della densit\u00e0 \u00e8 quindi un obiettivo di pianificazione urgente.<\/p>\n<p>Lo stesso vale per Migros, poich\u00e9 il sito dell'attuale MParc Dreispitz \u00e8 uno dei suoi punti vendita pi\u00f9 importanti, secondo la cooperativa. Migros vorrebbe quindi sviluppare anche questo sito per scopi commerciali.<\/p>\n<p>Il Cantone di Basilea Citt\u00e0, a sua volta, vede nella punta settentrionale un'opportunit\u00e0 per creare nuovi spazi commerciali e imprenditoriali e quindi nuovi posti di lavoro, per creare nuovi spazi abitativi e per aiutare il quartiere di Gundeldinger a guadagnare spazi aperti e verdi.<\/p>\n<p>La prima fase dello sviluppo del sito \u00e8 iniziata con lo studio urbanistico avviato poche settimane fa, i cui risultati saranno disponibili alla fine del 2017. Nella seconda fase verr\u00e0 elaborato un piano di sviluppo giuridicamente vincolante. Infine, la terza fase si concentrer\u00e0 sui piani di progetto specifici per i singoli lotti di costruzione.<\/p>","protected":false},"excerpt":{"rendered":"<p>La Fondazione Christoph Merian (CMS), la Cooperativa Migros di Basilea e il Cantone di Basilea Citt\u00e0 hanno firmato un accordo di sviluppo per la punta settentrionale del Dreispitz. L\u00ec verr\u00e0 creato un nuovo quartiere urbano.<\/p>","protected":false},"author":3,"featured_media":8094,"comment_status":"open","ping_status":"open","sticky":false,"template":"","format":"standard","meta":{"_acf_changed":false,"_yoast_wpseo_focuskw":"Dreispitz","_yoast_wpseo_title":"","_yoast_wpseo_metadesc":"Die Christoph Merian Stiftung (CMS), die Migros Basel und der Kanton Basel-Stadt unterzeichnen eine Entwicklungsvereinbarung f\u00fcr die Nordspitze Dreispitz.","_yoast_wpseo_linkdex":75,"pgc_sgb_lightbox_settings":"","footnotes":""},"categories":[985],"tags":[1069,1600,1724],"class_list":["post-8081","post","type-post","status-publish","format-standard","has-post-thumbnail","hentry","category-regionen","tag-basel","tag-projekt-in-planung","tag-stadtentwicklung"],"acf":[],"yoast_head":"<!-- This site is optimized with the Yoast SEO plugin v27.4 - https:\/\/yoast.com\/product\/yoast-seo-wordpress\/ -->\n<title>Basel: Entwicklungsvereinbarung f\u00fcr Nordspitze Dreispitz - IMMOBILIEN Business<\/title>\n<meta name=\"description\" content=\"Die Christoph Merian Stiftung (CMS), die Migros Basel und der Kanton Basel-Stadt unterzeichnen eine Entwicklungsvereinbarung f\u00fcr die Nordspitze Dreispitz.\" \/>\n<meta name=\"robots\" content=\"index, follow, max-snippet:-1, max-image-preview:large, max-video-preview:-1\" \/>\n<link rel=\"canonical\" href=\"https:\/\/www.immobilienbusiness.ch\/it\/regionen\/2017-06-23\/basel-entwicklungsvereinbarung-fuer-nordspitze-dreispitz\/\" \/>\n<meta property=\"og:locale\" content=\"it_IT\" \/>\n<meta property=\"og:type\" content=\"article\" \/>\n<meta property=\"og:title\" content=\"Basel: Entwicklungsvereinbarung f\u00fcr Nordspitze Dreispitz\" \/>\n<meta property=\"og:description\" content=\"Die Christoph Merian Stiftung (CMS), die Migros Basel und der Kanton Basel-Stadt unterzeichnen eine Entwicklungsvereinbarung f\u00fcr die Nordspitze Dreispitz.\" \/>\n<meta property=\"og:url\" content=\"https:\/\/www.immobilienbusiness.ch\/it\/regionen\/2017-06-23\/basel-entwicklungsvereinbarung-fuer-nordspitze-dreispitz\/\" \/>\n<meta property=\"og:site_name\" content=\"IMMOBILIEN Business\" \/>\n<meta property=\"article:publisher\" content=\"https:\/\/www.facebook.com\/immobilienbusiness\/\" \/>\n<meta property=\"article:published_time\" content=\"2017-06-23T06:24:28+00:00\" \/>\n<meta property=\"og:image\" content=\"https:\/\/www.immobilienbusiness.ch\/wp-content\/uploads\/2017\/06\/Depositphotos_53801155_m-2015.jpg\" \/>\n\t<meta property=\"og:image:width\" content=\"1000\" \/>\n\t<meta property=\"og:image:height\" content=\"667\" \/>\n\t<meta property=\"og:image:type\" content=\"image\/jpeg\" \/>\n<meta name=\"author\" content=\"anja.hall\" \/>\n<meta name=\"twitter:card\" content=\"summary_large_image\" \/>\n<meta name=\"twitter:title\" content=\"Basel: Entwicklungsvereinbarung f\u00fcr Nordspitze Dreispitz\" \/>\n<meta name=\"twitter:description\" content=\"Die Christoph Merian Stiftung (CMS), die Migros Basel und der Kanton Basel-Stadt unterzeichnen eine Entwicklungsvereinbarung f\u00fcr die Nordspitze Dreispitz.\" \/>\n<meta name=\"twitter:image\" content=\"https:\/\/www.immobilienbusiness.ch\/wp-content\/uploads\/2017\/06\/Depositphotos_53801155_m-2015.jpg\" \/>\n<script type=\"application\/ld+json\" class=\"yoast-schema-graph\">{\"@context\":\"https:\\\/\\\/schema.org\",\"@graph\":[{\"@type\":\"Article\",\"@id\":\"https:\\\/\\\/www.immobilienbusiness.ch\\\/en\\\/regionen\\\/2017-06-23\\\/basel-entwicklungsvereinbarung-fuer-nordspitze-dreispitz\\\/#article\",\"isPartOf\":{\"@id\":\"https:\\\/\\\/www.immobilienbusiness.ch\\\/en\\\/regionen\\\/2017-06-23\\\/basel-entwicklungsvereinbarung-fuer-nordspitze-dreispitz\\\/\"},\"author\":{\"name\":\"anja.hall\",\"@id\":\"https:\\\/\\\/www.immobilienbusiness.ch\\\/#\\\/schema\\\/person\\\/3fc036297b10b9f42d6db5ee932af8c8\"},\"headline\":\"Basel: Entwicklungsvereinbarung f\u00fcr Nordspitze Dreispitz\",\"datePublished\":\"2017-06-23T06:24:28+00:00\",\"mainEntityOfPage\":{\"@id\":\"https:\\\/\\\/www.immobilienbusiness.ch\\\/en\\\/regionen\\\/2017-06-23\\\/basel-entwicklungsvereinbarung-fuer-nordspitze-dreispitz\\\/\"},\"wordCount\":329,\"commentCount\":0,\"publisher\":{\"@id\":\"https:\\\/\\\/www.immobilienbusiness.ch\\\/#organization\"},\"image\":{\"@id\":\"https:\\\/\\\/www.immobilienbusiness.ch\\\/en\\\/regionen\\\/2017-06-23\\\/basel-entwicklungsvereinbarung-fuer-nordspitze-dreispitz\\\/#primaryimage\"},\"thumbnailUrl\":\"https:\\\/\\\/www.immobilienbusiness.ch\\\/wp-content\\\/uploads\\\/2017\\\/06\\\/Depositphotos_53801155_m-2015.jpg\",\"keywords\":[\"Basel\",\"Projekt in Planung\",\"Stadtentwicklung\"],\"articleSection\":[\"REGIONEN\"],\"inLanguage\":\"it-IT\"},{\"@type\":\"WebPage\",\"@id\":\"https:\\\/\\\/www.immobilienbusiness.ch\\\/en\\\/regionen\\\/2017-06-23\\\/basel-entwicklungsvereinbarung-fuer-nordspitze-dreispitz\\\/\",\"url\":\"https:\\\/\\\/www.immobilienbusiness.ch\\\/en\\\/regionen\\\/2017-06-23\\\/basel-entwicklungsvereinbarung-fuer-nordspitze-dreispitz\\\/\",\"name\":\"Basel: Entwicklungsvereinbarung f\u00fcr Nordspitze Dreispitz - IMMOBILIEN Business\",\"isPartOf\":{\"@id\":\"https:\\\/\\\/www.immobilienbusiness.ch\\\/#website\"},\"primaryImageOfPage\":{\"@id\":\"https:\\\/\\\/www.immobilienbusiness.ch\\\/en\\\/regionen\\\/2017-06-23\\\/basel-entwicklungsvereinbarung-fuer-nordspitze-dreispitz\\\/#primaryimage\"},\"image\":{\"@id\":\"https:\\\/\\\/www.immobilienbusiness.ch\\\/en\\\/regionen\\\/2017-06-23\\\/basel-entwicklungsvereinbarung-fuer-nordspitze-dreispitz\\\/#primaryimage\"},\"thumbnailUrl\":\"https:\\\/\\\/www.immobilienbusiness.ch\\\/wp-content\\\/uploads\\\/2017\\\/06\\\/Depositphotos_53801155_m-2015.jpg\",\"datePublished\":\"2017-06-23T06:24:28+00:00\",\"description\":\"Die Christoph Merian Stiftung (CMS), die Migros Basel und der Kanton Basel-Stadt unterzeichnen eine Entwicklungsvereinbarung f\u00fcr die Nordspitze Dreispitz.\",\"breadcrumb\":{\"@id\":\"https:\\\/\\\/www.immobilienbusiness.ch\\\/en\\\/regionen\\\/2017-06-23\\\/basel-entwicklungsvereinbarung-fuer-nordspitze-dreispitz\\\/#breadcrumb\"},\"inLanguage\":\"it-IT\",\"potentialAction\":[{\"@type\":\"ReadAction\",\"target\":[\"https:\\\/\\\/www.immobilienbusiness.ch\\\/en\\\/regionen\\\/2017-06-23\\\/basel-entwicklungsvereinbarung-fuer-nordspitze-dreispitz\\\/\"]}]},{\"@type\":\"ImageObject\",\"inLanguage\":\"it-IT\",\"@id\":\"https:\\\/\\\/www.immobilienbusiness.ch\\\/en\\\/regionen\\\/2017-06-23\\\/basel-entwicklungsvereinbarung-fuer-nordspitze-dreispitz\\\/#primaryimage\",\"url\":\"https:\\\/\\\/www.immobilienbusiness.ch\\\/wp-content\\\/uploads\\\/2017\\\/06\\\/Depositphotos_53801155_m-2015.jpg\",\"contentUrl\":\"https:\\\/\\\/www.immobilienbusiness.ch\\\/wp-content\\\/uploads\\\/2017\\\/06\\\/Depositphotos_53801155_m-2015.jpg\",\"width\":1000,\"height\":667,\"caption\":\"(Foto: pressmaster - depositphotos)\"},{\"@type\":\"BreadcrumbList\",\"@id\":\"https:\\\/\\\/www.immobilienbusiness.ch\\\/en\\\/regionen\\\/2017-06-23\\\/basel-entwicklungsvereinbarung-fuer-nordspitze-dreispitz\\\/#breadcrumb\",\"itemListElement\":[{\"@type\":\"ListItem\",\"position\":1,\"name\":\"Home\",\"item\":\"https:\\\/\\\/www.immobilienbusiness.ch\\\/\"},{\"@type\":\"ListItem\",\"position\":2,\"name\":\"Basel: Entwicklungsvereinbarung f\u00fcr Nordspitze Dreispitz\"}]},{\"@type\":\"WebSite\",\"@id\":\"https:\\\/\\\/www.immobilienbusiness.ch\\\/#website\",\"url\":\"https:\\\/\\\/www.immobilienbusiness.ch\\\/\",\"name\":\"IMMOBILIEN Business\",\"description\":\"Unabh\u00e4ngiges Schweizer Wirtschaftsmagazin mit Fokus auf Immobilien, Architektur- und Bau sowie Investment- und Finanzierung.\",\"publisher\":{\"@id\":\"https:\\\/\\\/www.immobilienbusiness.ch\\\/#organization\"},\"potentialAction\":[{\"@type\":\"SearchAction\",\"target\":{\"@type\":\"EntryPoint\",\"urlTemplate\":\"https:\\\/\\\/www.immobilienbusiness.ch\\\/?s={search_term_string}\"},\"query-input\":{\"@type\":\"PropertyValueSpecification\",\"valueRequired\":true,\"valueName\":\"search_term_string\"}}],\"inLanguage\":\"it-IT\"},{\"@type\":\"Organization\",\"@id\":\"https:\\\/\\\/www.immobilienbusiness.ch\\\/#organization\",\"name\":\"IMMOBILIEN Business\",\"url\":\"https:\\\/\\\/www.immobilienbusiness.ch\\\/\",\"logo\":{\"@type\":\"ImageObject\",\"inLanguage\":\"it-IT\",\"@id\":\"https:\\\/\\\/www.immobilienbusiness.ch\\\/#\\\/schema\\\/logo\\\/image\\\/\",\"url\":\"https:\\\/\\\/www.immobilienbusiness.ch\\\/wp-content\\\/uploads\\\/2021\\\/07\\\/logo_ib.png\",\"contentUrl\":\"https:\\\/\\\/www.immobilienbusiness.ch\\\/wp-content\\\/uploads\\\/2021\\\/07\\\/logo_ib.png\",\"width\":800,\"height\":181,\"caption\":\"IMMOBILIEN Business\"},\"image\":{\"@id\":\"https:\\\/\\\/www.immobilienbusiness.ch\\\/#\\\/schema\\\/logo\\\/image\\\/\"},\"sameAs\":[\"https:\\\/\\\/www.facebook.com\\\/immobilienbusiness\\\/\"]},{\"@type\":\"Person\",\"@id\":\"https:\\\/\\\/www.immobilienbusiness.ch\\\/#\\\/schema\\\/person\\\/3fc036297b10b9f42d6db5ee932af8c8\",\"name\":\"anja.hall\",\"image\":{\"@type\":\"ImageObject\",\"inLanguage\":\"it-IT\",\"@id\":\"https:\\\/\\\/secure.gravatar.com\\\/avatar\\\/066b5a0d447013502c71a5782f4f3469f03cfe595cc2329fb94652fe47511bfb?s=96&d=mm&r=g\",\"url\":\"https:\\\/\\\/secure.gravatar.com\\\/avatar\\\/066b5a0d447013502c71a5782f4f3469f03cfe595cc2329fb94652fe47511bfb?s=96&d=mm&r=g\",\"contentUrl\":\"https:\\\/\\\/secure.gravatar.com\\\/avatar\\\/066b5a0d447013502c71a5782f4f3469f03cfe595cc2329fb94652fe47511bfb?s=96&d=mm&r=g\",\"caption\":\"anja.hall\"},\"url\":\"https:\\\/\\\/www.immobilienbusiness.ch\\\/it\\\/author\\\/anja-hall\\\/\"}]}<\/script>\n<!-- \/ Yoast SEO plugin. -->","yoast_head_json":{"title":"Basilea: accordo di sviluppo per la punta settentrionale di Dreispitz - IMMOBILIEN Business","description":"Die Christoph Merian Stiftung (CMS), die Migros Basel und der Kanton Basel-Stadt unterzeichnen eine Entwicklungsvereinbarung f\u00fcr die Nordspitze Dreispitz.","robots":{"index":"index","follow":"follow","max-snippet":"max-snippet:-1","max-image-preview":"max-image-preview:large","max-video-preview":"max-video-preview:-1"},"canonical":"https:\/\/www.immobilienbusiness.ch\/it\/regionen\/2017-06-23\/basel-entwicklungsvereinbarung-fuer-nordspitze-dreispitz\/","og_locale":"it_IT","og_type":"article","og_title":"Basel: Entwicklungsvereinbarung f\u00fcr Nordspitze Dreispitz","og_description":"Die Christoph Merian Stiftung (CMS), die Migros Basel und der Kanton Basel-Stadt unterzeichnen eine Entwicklungsvereinbarung f\u00fcr die Nordspitze Dreispitz.","og_url":"https:\/\/www.immobilienbusiness.ch\/it\/regionen\/2017-06-23\/basel-entwicklungsvereinbarung-fuer-nordspitze-dreispitz\/","og_site_name":"IMMOBILIEN Business","article_publisher":"https:\/\/www.facebook.com\/immobilienbusiness\/","article_published_time":"2017-06-23T06:24:28+00:00","og_image":[{"width":1000,"height":667,"url":"https:\/\/www.immobilienbusiness.ch\/wp-content\/uploads\/2017\/06\/Depositphotos_53801155_m-2015.jpg","type":"image\/jpeg"}],"author":"anja.hall","twitter_card":"summary_large_image","twitter_title":"Basel: Entwicklungsvereinbarung f\u00fcr Nordspitze Dreispitz","twitter_description":"Die Christoph Merian Stiftung (CMS), die Migros Basel und der Kanton Basel-Stadt unterzeichnen eine Entwicklungsvereinbarung f\u00fcr die Nordspitze Dreispitz.","twitter_image":"https:\/\/www.immobilienbusiness.ch\/wp-content\/uploads\/2017\/06\/Depositphotos_53801155_m-2015.jpg","schema":{"@context":"https:\/\/schema.org","@graph":[{"@type":"Article","@id":"https:\/\/www.immobilienbusiness.ch\/en\/regionen\/2017-06-23\/basel-entwicklungsvereinbarung-fuer-nordspitze-dreispitz\/#article","isPartOf":{"@id":"https:\/\/www.immobilienbusiness.ch\/en\/regionen\/2017-06-23\/basel-entwicklungsvereinbarung-fuer-nordspitze-dreispitz\/"},"author":{"name":"anja.hall","@id":"https:\/\/www.immobilienbusiness.ch\/#\/schema\/person\/3fc036297b10b9f42d6db5ee932af8c8"},"headline":"Basel: Entwicklungsvereinbarung f\u00fcr Nordspitze Dreispitz","datePublished":"2017-06-23T06:24:28+00:00","mainEntityOfPage":{"@id":"https:\/\/www.immobilienbusiness.ch\/en\/regionen\/2017-06-23\/basel-entwicklungsvereinbarung-fuer-nordspitze-dreispitz\/"},"wordCount":329,"commentCount":0,"publisher":{"@id":"https:\/\/www.immobilienbusiness.ch\/#organization"},"image":{"@id":"https:\/\/www.immobilienbusiness.ch\/en\/regionen\/2017-06-23\/basel-entwicklungsvereinbarung-fuer-nordspitze-dreispitz\/#primaryimage"},"thumbnailUrl":"https:\/\/www.immobilienbusiness.ch\/wp-content\/uploads\/2017\/06\/Depositphotos_53801155_m-2015.jpg","keywords":["Basel","Projekt in Planung","Stadtentwicklung"],"articleSection":["REGIONEN"],"inLanguage":"it-IT"},{"@type":"WebPage","@id":"https:\/\/www.immobilienbusiness.ch\/en\/regionen\/2017-06-23\/basel-entwicklungsvereinbarung-fuer-nordspitze-dreispitz\/","url":"https:\/\/www.immobilienbusiness.ch\/en\/regionen\/2017-06-23\/basel-entwicklungsvereinbarung-fuer-nordspitze-dreispitz\/","name":"Basilea: accordo di sviluppo per la punta settentrionale di Dreispitz - IMMOBILIEN Business","isPartOf":{"@id":"https:\/\/www.immobilienbusiness.ch\/#website"},"primaryImageOfPage":{"@id":"https:\/\/www.immobilienbusiness.ch\/en\/regionen\/2017-06-23\/basel-entwicklungsvereinbarung-fuer-nordspitze-dreispitz\/#primaryimage"},"image":{"@id":"https:\/\/www.immobilienbusiness.ch\/en\/regionen\/2017-06-23\/basel-entwicklungsvereinbarung-fuer-nordspitze-dreispitz\/#primaryimage"},"thumbnailUrl":"https:\/\/www.immobilienbusiness.ch\/wp-content\/uploads\/2017\/06\/Depositphotos_53801155_m-2015.jpg","datePublished":"2017-06-23T06:24:28+00:00","description":"Die Christoph Merian Stiftung (CMS), die Migros Basel und der Kanton Basel-Stadt unterzeichnen eine Entwicklungsvereinbarung f\u00fcr die Nordspitze Dreispitz.","breadcrumb":{"@id":"https:\/\/www.immobilienbusiness.ch\/en\/regionen\/2017-06-23\/basel-entwicklungsvereinbarung-fuer-nordspitze-dreispitz\/#breadcrumb"},"inLanguage":"it-IT","potentialAction":[{"@type":"ReadAction","target":["https:\/\/www.immobilienbusiness.ch\/en\/regionen\/2017-06-23\/basel-entwicklungsvereinbarung-fuer-nordspitze-dreispitz\/"]}]},{"@type":"ImageObject","inLanguage":"it-IT","@id":"https:\/\/www.immobilienbusiness.ch\/en\/regionen\/2017-06-23\/basel-entwicklungsvereinbarung-fuer-nordspitze-dreispitz\/#primaryimage","url":"https:\/\/www.immobilienbusiness.ch\/wp-content\/uploads\/2017\/06\/Depositphotos_53801155_m-2015.jpg","contentUrl":"https:\/\/www.immobilienbusiness.ch\/wp-content\/uploads\/2017\/06\/Depositphotos_53801155_m-2015.jpg","width":1000,"height":667,"caption":"(Foto: pressmaster - depositphotos)"},{"@type":"BreadcrumbList","@id":"https:\/\/www.immobilienbusiness.ch\/en\/regionen\/2017-06-23\/basel-entwicklungsvereinbarung-fuer-nordspitze-dreispitz\/#breadcrumb","itemListElement":[{"@type":"ListItem","position":1,"name":"Home","item":"https:\/\/www.immobilienbusiness.ch\/"},{"@type":"ListItem","position":2,"name":"Basel: Entwicklungsvereinbarung f\u00fcr Nordspitze Dreispitz"}]},{"@type":"WebSite","@id":"https:\/\/www.immobilienbusiness.ch\/#website","url":"https:\/\/www.immobilienbusiness.ch\/","name":"Affari immobiliari","description":"Rivista economica indipendente svizzera che si concentra sul settore immobiliare, l'architettura e la costruzione, nonch\u00e9 sugli investimenti e i finanziamenti.","publisher":{"@id":"https:\/\/www.immobilienbusiness.ch\/#organization"},"potentialAction":[{"@type":"SearchAction","target":{"@type":"EntryPoint","urlTemplate":"https:\/\/www.immobilienbusiness.ch\/?s={search_term_string}"},"query-input":{"@type":"PropertyValueSpecification","valueRequired":true,"valueName":"search_term_string"}}],"inLanguage":"it-IT"},{"@type":"Organization","@id":"https:\/\/www.immobilienbusiness.ch\/#organization","name":"Affari immobiliari","url":"https:\/\/www.immobilienbusiness.ch\/","logo":{"@type":"ImageObject","inLanguage":"it-IT","@id":"https:\/\/www.immobilienbusiness.ch\/#\/schema\/logo\/image\/","url":"https:\/\/www.immobilienbusiness.ch\/wp-content\/uploads\/2021\/07\/logo_ib.png","contentUrl":"https:\/\/www.immobilienbusiness.ch\/wp-content\/uploads\/2021\/07\/logo_ib.png","width":800,"height":181,"caption":"IMMOBILIEN Business"},"image":{"@id":"https:\/\/www.immobilienbusiness.ch\/#\/schema\/logo\/image\/"},"sameAs":["https:\/\/www.facebook.com\/immobilienbusiness\/"]},{"@type":"Person","@id":"https:\/\/www.immobilienbusiness.ch\/#\/schema\/person\/3fc036297b10b9f42d6db5ee932af8c8","name":"anja.hall","image":{"@type":"ImageObject","inLanguage":"it-IT","@id":"https:\/\/secure.gravatar.com\/avatar\/066b5a0d447013502c71a5782f4f3469f03cfe595cc2329fb94652fe47511bfb?s=96&d=mm&r=g","url":"https:\/\/secure.gravatar.com\/avatar\/066b5a0d447013502c71a5782f4f3469f03cfe595cc2329fb94652fe47511bfb?s=96&d=mm&r=g","contentUrl":"https:\/\/secure.gravatar.com\/avatar\/066b5a0d447013502c71a5782f4f3469f03cfe595cc2329fb94652fe47511bfb?s=96&d=mm&r=g","caption":"anja.hall"},"url":"https:\/\/www.immobilienbusiness.ch\/it\/author\/anja-hall\/"}]}},"_links":{"self":[{"href":"https:\/\/www.immobilienbusiness.ch\/it\/wp-json\/wp\/v2\/posts\/8081","targetHints":{"allow":["GET"]}}],"collection":[{"href":"https:\/\/www.immobilienbusiness.ch\/it\/wp-json\/wp\/v2\/posts"}],"about":[{"href":"https:\/\/www.immobilienbusiness.ch\/it\/wp-json\/wp\/v2\/types\/post"}],"author":[{"embeddable":true,"href":"https:\/\/www.immobilienbusiness.ch\/it\/wp-json\/wp\/v2\/users\/3"}],"replies":[{"embeddable":true,"href":"https:\/\/www.immobilienbusiness.ch\/it\/wp-json\/wp\/v2\/comments?post=8081"}],"version-history":[{"count":0,"href":"https:\/\/www.immobilienbusiness.ch\/it\/wp-json\/wp\/v2\/posts\/8081\/revisions"}],"wp:featuredmedia":[{"embeddable":true,"href":"https:\/\/www.immobilienbusiness.ch\/it\/wp-json\/wp\/v2\/media\/8094"}],"wp:attachment":[{"href":"https:\/\/www.immobilienbusiness.ch\/it\/wp-json\/wp\/v2\/media?parent=8081"}],"wp:term":[{"taxonomy":"category","embeddable":true,"href":"https:\/\/www.immobilienbusiness.ch\/it\/wp-json\/wp\/v2\/categories?post=8081"},{"taxonomy":"post_tag","embeddable":true,"href":"https:\/\/www.immobilienbusiness.ch\/it\/wp-json\/wp\/v2\/tags?post=8081"}],"curies":[{"name":"wp","href":"https:\/\/api.w.org\/{rel}","templated":true}]}}