{"id":8058,"date":"2017-06-22T08:08:54","date_gmt":"2017-06-22T06:08:54","guid":{"rendered":"https:\/\/www.immobilienbusiness.ch\/?p=8058"},"modified":"2017-06-22T08:08:54","modified_gmt":"2017-06-22T06:08:54","slug":"zuerich-gruenes-licht-fuer-haus-zum-falken","status":"publish","type":"post","link":"https:\/\/www.immobilienbusiness.ch\/it\/regionen\/2017-06-22\/zuerich-gruenes-licht-fuer-haus-zum-falken\/","title":{"rendered":"Zurigo: luce verde per \"Haus zum Falken"},"content":{"rendered":"<figure id=\"attachment_8062\" aria-describedby=\"caption-attachment-8062\" style=\"width: 680px\" class=\"wp-caption alignnone\"><img loading=\"lazy\" decoding=\"async\" class=\"wp-image-8062 size-medium\" src=\"https:\/\/www.immobilienbusiness.ch\/wp-content\/uploads\/2017\/06\/Z\u00fcrich-Calatrava-baut-f\u00fcr-AXA-Winterthur-1-immobilien-business-1.jpg\" alt=\"\" width=\"680\" height=\"475\" \/><figcaption id=\"caption-attachment-8062\" class=\"wp-caption-text\">Il consiglio comunale ha approvato il piano di progettazione della \"Haus zum Falken\" (Visualizzazione: \u00a9 Calatrava)<\/figcaption><\/figure>\n<p>Lo scorso autunno, AXA Winterthur e la citt\u00e0 di Zurigo hanno presentato i loro progetti per lo sviluppo \"Haus zum Falken\" alla stazione di Stadelhofen.<a href=\"https:\/\/www.immobilienbusiness.ch\/it\/zuerich-calatrava-baut-fuer-axa-winterthur\/\"> Secondo i progetti del famoso architetto Santiago Calatrava, sar\u00e0 costruito un nuovo edificio con una stazione di biciclette comunali nel seminterrato. <\/a>Ora il consiglio comunale ha approvato il necessario piano di progettazione privata.<\/p>\n<p>Con la \"Haus zum Falken\" e la stazione delle biciclette, l'intero ambiente di una delle stazioni ferroviarie pi\u00f9 frequentate della Svizzera, anch'essa costruita da Calatrava, sar\u00e0 riqualificato, dice la citt\u00e0 di Zurigo. Il progetto architettonico \u00e8 destinato a porre un accento urbano ed \u00e8 stato oggetto di una vivace discussione pubblica. Quattro obiezioni sono state fatte durante la circolazione pubblica del piano di progettazione, che sono state prese in considerazione per quanto possibile, continua la dichiarazione.<\/p>\n<p>L'aggiornamento della pianificazione associato al piano di progettazione sar\u00e0 compensato da AXA Winterthur con un contributo di 1,55 milioni di franchi alla citt\u00e0. Il primo inizio della costruzione \u00e8 all'inizio del 2018.<\/p>","protected":false},"excerpt":{"rendered":"<p>Il Consiglio comunale di Zurigo d\u00e0 il via libera al progetto di AXA Winterthur e della citt\u00e0 di Zurigo alla stazione di Stadelhofen. Ha approvato il progetto di design \"Haus zum Falken\".<\/p>","protected":false},"author":3,"featured_media":8062,"comment_status":"open","ping_status":"open","sticky":false,"template":"","format":"standard","meta":{"_acf_changed":false,"_yoast_wpseo_focuskw":"Haus zum Falken","_yoast_wpseo_title":"","_yoast_wpseo_metadesc":"Der Z\u00fcrcher Stadtrat macht den Weg frei f\u00fcr das Projekt \u00abHaus zum Falken\u00bb von AXA Winterthur und Stadt beim Bahnhof Stadelhofen.","_yoast_wpseo_linkdex":71,"pgc_sgb_lightbox_settings":"","footnotes":""},"categories":[985],"tags":[1119,1600,1888],"class_list":["post-8058","post","type-post","status-publish","format-standard","has-post-thumbnail","hentry","category-regionen","tag-bueroimmobilien","tag-projekt-in-planung","tag-zuerich"],"acf":[],"yoast_head":"<!-- This site is optimized with the Yoast SEO plugin v27.5 - https:\/\/yoast.com\/product\/yoast-seo-wordpress\/ -->\n<title>Z\u00fcrich: Gr\u00fcnes Licht f\u00fcr \u00abHaus zum Falken\u00bb - IMMOBILIEN Business<\/title>\n<meta name=\"description\" content=\"Der Z\u00fcrcher Stadtrat macht den Weg frei f\u00fcr das Projekt \u00abHaus zum Falken\u00bb von AXA Winterthur und Stadt beim Bahnhof Stadelhofen.\" \/>\n<meta name=\"robots\" content=\"index, follow, max-snippet:-1, max-image-preview:large, max-video-preview:-1\" \/>\n<link rel=\"canonical\" href=\"https:\/\/www.immobilienbusiness.ch\/it\/regionen\/2017-06-22\/zuerich-gruenes-licht-fuer-haus-zum-falken\/\" \/>\n<meta property=\"og:locale\" content=\"it_IT\" \/>\n<meta property=\"og:type\" content=\"article\" \/>\n<meta property=\"og:title\" content=\"Z\u00fcrich: Gr\u00fcnes Licht f\u00fcr \u00abHaus zum Falken\u00bb\" \/>\n<meta property=\"og:description\" content=\"Der Z\u00fcrcher Stadtrat macht den Weg frei f\u00fcr das Projekt \u00abHaus zum Falken\u00bb von AXA Winterthur und Stadt beim Bahnhof Stadelhofen.\" \/>\n<meta property=\"og:url\" content=\"https:\/\/www.immobilienbusiness.ch\/it\/regionen\/2017-06-22\/zuerich-gruenes-licht-fuer-haus-zum-falken\/\" \/>\n<meta property=\"og:site_name\" content=\"IMMOBILIEN Business\" \/>\n<meta property=\"article:publisher\" content=\"https:\/\/www.facebook.com\/immobilienbusiness\/\" \/>\n<meta property=\"article:published_time\" content=\"2017-06-22T06:08:54+00:00\" \/>\n<meta property=\"og:image\" content=\"https:\/\/www.immobilienbusiness.ch\/wp-content\/uploads\/2017\/06\/Zuerich-Calatrava-baut-fuer-AXA-Winterthur-1-immobilien-business.jpg\" \/>\n\t<meta property=\"og:image:width\" content=\"2400\" \/>\n\t<meta property=\"og:image:height\" content=\"2299\" \/>\n\t<meta property=\"og:image:type\" content=\"image\/jpeg\" \/>\n<meta name=\"author\" content=\"anja.hall\" \/>\n<meta name=\"twitter:card\" content=\"summary_large_image\" \/>\n<meta name=\"twitter:title\" content=\"Z\u00fcrich: Gr\u00fcnes Licht f\u00fcr \u00abHaus zum Falken\u00bb\" \/>\n<meta name=\"twitter:description\" content=\"Der Z\u00fcrcher Stadtrat macht den Weg frei f\u00fcr das Projekt \u00abHaus zum Falken\u00bb von AXA Winterthur und Stadt beim Bahnhof Stadelhofen.\" \/>\n<meta name=\"twitter:image\" content=\"https:\/\/www.immobilienbusiness.ch\/wp-content\/uploads\/2017\/06\/Z\u00fcrich-Calatrava-baut-f\u00fcr-AXA-Winterthur-1-immobilien-business.jpg\" \/>\n<script type=\"application\/ld+json\" class=\"yoast-schema-graph\">{\"@context\":\"https:\\\/\\\/schema.org\",\"@graph\":[{\"@type\":\"Article\",\"@id\":\"https:\\\/\\\/www.immobilienbusiness.ch\\\/it\\\/regionen\\\/2017-06-22\\\/zuerich-gruenes-licht-fuer-haus-zum-falken\\\/#article\",\"isPartOf\":{\"@id\":\"https:\\\/\\\/www.immobilienbusiness.ch\\\/it\\\/regionen\\\/2017-06-22\\\/zuerich-gruenes-licht-fuer-haus-zum-falken\\\/\"},\"author\":{\"name\":\"anja.hall\",\"@id\":\"https:\\\/\\\/www.immobilienbusiness.ch\\\/#\\\/schema\\\/person\\\/3fc036297b10b9f42d6db5ee932af8c8\"},\"headline\":\"Z\u00fcrich: Gr\u00fcnes Licht f\u00fcr \u00abHaus zum Falken\u00bb\",\"datePublished\":\"2017-06-22T06:08:54+00:00\",\"mainEntityOfPage\":{\"@id\":\"https:\\\/\\\/www.immobilienbusiness.ch\\\/it\\\/regionen\\\/2017-06-22\\\/zuerich-gruenes-licht-fuer-haus-zum-falken\\\/\"},\"wordCount\":186,\"commentCount\":0,\"publisher\":{\"@id\":\"https:\\\/\\\/www.immobilienbusiness.ch\\\/#organization\"},\"image\":{\"@id\":\"https:\\\/\\\/www.immobilienbusiness.ch\\\/it\\\/regionen\\\/2017-06-22\\\/zuerich-gruenes-licht-fuer-haus-zum-falken\\\/#primaryimage\"},\"thumbnailUrl\":\"https:\\\/\\\/www.immobilienbusiness.ch\\\/wp-content\\\/uploads\\\/2017\\\/06\\\/Zuerich-Calatrava-baut-fuer-AXA-Winterthur-1-immobilien-business-1.jpg\",\"keywords\":[\"B\u00fcroimmobilien\",\"Projekt in Planung\",\"Z\u00fcrich\"],\"articleSection\":[\"REGIONEN\"],\"inLanguage\":\"it-IT\"},{\"@type\":\"WebPage\",\"@id\":\"https:\\\/\\\/www.immobilienbusiness.ch\\\/it\\\/regionen\\\/2017-06-22\\\/zuerich-gruenes-licht-fuer-haus-zum-falken\\\/\",\"url\":\"https:\\\/\\\/www.immobilienbusiness.ch\\\/it\\\/regionen\\\/2017-06-22\\\/zuerich-gruenes-licht-fuer-haus-zum-falken\\\/\",\"name\":\"Z\u00fcrich: Gr\u00fcnes Licht f\u00fcr \u00abHaus zum Falken\u00bb - IMMOBILIEN Business\",\"isPartOf\":{\"@id\":\"https:\\\/\\\/www.immobilienbusiness.ch\\\/#website\"},\"primaryImageOfPage\":{\"@id\":\"https:\\\/\\\/www.immobilienbusiness.ch\\\/it\\\/regionen\\\/2017-06-22\\\/zuerich-gruenes-licht-fuer-haus-zum-falken\\\/#primaryimage\"},\"image\":{\"@id\":\"https:\\\/\\\/www.immobilienbusiness.ch\\\/it\\\/regionen\\\/2017-06-22\\\/zuerich-gruenes-licht-fuer-haus-zum-falken\\\/#primaryimage\"},\"thumbnailUrl\":\"https:\\\/\\\/www.immobilienbusiness.ch\\\/wp-content\\\/uploads\\\/2017\\\/06\\\/Zuerich-Calatrava-baut-fuer-AXA-Winterthur-1-immobilien-business-1.jpg\",\"datePublished\":\"2017-06-22T06:08:54+00:00\",\"description\":\"Der Z\u00fcrcher Stadtrat macht den Weg frei f\u00fcr das Projekt \u00abHaus zum Falken\u00bb von AXA Winterthur und Stadt beim Bahnhof Stadelhofen.\",\"breadcrumb\":{\"@id\":\"https:\\\/\\\/www.immobilienbusiness.ch\\\/it\\\/regionen\\\/2017-06-22\\\/zuerich-gruenes-licht-fuer-haus-zum-falken\\\/#breadcrumb\"},\"inLanguage\":\"it-IT\",\"potentialAction\":[{\"@type\":\"ReadAction\",\"target\":[\"https:\\\/\\\/www.immobilienbusiness.ch\\\/it\\\/regionen\\\/2017-06-22\\\/zuerich-gruenes-licht-fuer-haus-zum-falken\\\/\"]}]},{\"@type\":\"ImageObject\",\"inLanguage\":\"it-IT\",\"@id\":\"https:\\\/\\\/www.immobilienbusiness.ch\\\/it\\\/regionen\\\/2017-06-22\\\/zuerich-gruenes-licht-fuer-haus-zum-falken\\\/#primaryimage\",\"url\":\"https:\\\/\\\/www.immobilienbusiness.ch\\\/wp-content\\\/uploads\\\/2017\\\/06\\\/Zuerich-Calatrava-baut-fuer-AXA-Winterthur-1-immobilien-business-1.jpg\",\"contentUrl\":\"https:\\\/\\\/www.immobilienbusiness.ch\\\/wp-content\\\/uploads\\\/2017\\\/06\\\/Zuerich-Calatrava-baut-fuer-AXA-Winterthur-1-immobilien-business-1.jpg\",\"width\":2400,\"height\":1677},{\"@type\":\"BreadcrumbList\",\"@id\":\"https:\\\/\\\/www.immobilienbusiness.ch\\\/it\\\/regionen\\\/2017-06-22\\\/zuerich-gruenes-licht-fuer-haus-zum-falken\\\/#breadcrumb\",\"itemListElement\":[{\"@type\":\"ListItem\",\"position\":1,\"name\":\"Home\",\"item\":\"https:\\\/\\\/www.immobilienbusiness.ch\\\/\"},{\"@type\":\"ListItem\",\"position\":2,\"name\":\"Z\u00fcrich: Gr\u00fcnes Licht f\u00fcr \u00abHaus zum Falken\u00bb\"}]},{\"@type\":\"WebSite\",\"@id\":\"https:\\\/\\\/www.immobilienbusiness.ch\\\/#website\",\"url\":\"https:\\\/\\\/www.immobilienbusiness.ch\\\/\",\"name\":\"IMMOBILIEN Business\",\"description\":\"Unabh\u00e4ngiges Schweizer Wirtschaftsmagazin mit Fokus auf Immobilien, Architektur- und Bau sowie Investment- und Finanzierung.\",\"publisher\":{\"@id\":\"https:\\\/\\\/www.immobilienbusiness.ch\\\/#organization\"},\"potentialAction\":[{\"@type\":\"SearchAction\",\"target\":{\"@type\":\"EntryPoint\",\"urlTemplate\":\"https:\\\/\\\/www.immobilienbusiness.ch\\\/?s={search_term_string}\"},\"query-input\":{\"@type\":\"PropertyValueSpecification\",\"valueRequired\":true,\"valueName\":\"search_term_string\"}}],\"inLanguage\":\"it-IT\"},{\"@type\":\"Organization\",\"@id\":\"https:\\\/\\\/www.immobilienbusiness.ch\\\/#organization\",\"name\":\"IMMOBILIEN Business\",\"url\":\"https:\\\/\\\/www.immobilienbusiness.ch\\\/\",\"logo\":{\"@type\":\"ImageObject\",\"inLanguage\":\"it-IT\",\"@id\":\"https:\\\/\\\/www.immobilienbusiness.ch\\\/#\\\/schema\\\/logo\\\/image\\\/\",\"url\":\"https:\\\/\\\/www.immobilienbusiness.ch\\\/wp-content\\\/uploads\\\/2021\\\/07\\\/logo_ib.png\",\"contentUrl\":\"https:\\\/\\\/www.immobilienbusiness.ch\\\/wp-content\\\/uploads\\\/2021\\\/07\\\/logo_ib.png\",\"width\":800,\"height\":181,\"caption\":\"IMMOBILIEN Business\"},\"image\":{\"@id\":\"https:\\\/\\\/www.immobilienbusiness.ch\\\/#\\\/schema\\\/logo\\\/image\\\/\"},\"sameAs\":[\"https:\\\/\\\/www.facebook.com\\\/immobilienbusiness\\\/\"]},{\"@type\":\"Person\",\"@id\":\"https:\\\/\\\/www.immobilienbusiness.ch\\\/#\\\/schema\\\/person\\\/3fc036297b10b9f42d6db5ee932af8c8\",\"name\":\"anja.hall\",\"image\":{\"@type\":\"ImageObject\",\"inLanguage\":\"it-IT\",\"@id\":\"https:\\\/\\\/secure.gravatar.com\\\/avatar\\\/066b5a0d447013502c71a5782f4f3469f03cfe595cc2329fb94652fe47511bfb?s=96&d=mm&r=g\",\"url\":\"https:\\\/\\\/secure.gravatar.com\\\/avatar\\\/066b5a0d447013502c71a5782f4f3469f03cfe595cc2329fb94652fe47511bfb?s=96&d=mm&r=g\",\"contentUrl\":\"https:\\\/\\\/secure.gravatar.com\\\/avatar\\\/066b5a0d447013502c71a5782f4f3469f03cfe595cc2329fb94652fe47511bfb?s=96&d=mm&r=g\",\"caption\":\"anja.hall\"},\"url\":\"https:\\\/\\\/www.immobilienbusiness.ch\\\/it\\\/author\\\/anja-hall\\\/\"}]}<\/script>\n<!-- \/ Yoast SEO plugin. -->","yoast_head_json":{"title":"Z\u00fcrich: Gr\u00fcnes Licht f\u00fcr \u00abHaus zum Falken\u00bb - IMMOBILIEN Business","description":"Der Z\u00fcrcher Stadtrat macht den Weg frei f\u00fcr das Projekt \u00abHaus zum Falken\u00bb von AXA Winterthur und Stadt beim Bahnhof Stadelhofen.","robots":{"index":"index","follow":"follow","max-snippet":"max-snippet:-1","max-image-preview":"max-image-preview:large","max-video-preview":"max-video-preview:-1"},"canonical":"https:\/\/www.immobilienbusiness.ch\/it\/regionen\/2017-06-22\/zuerich-gruenes-licht-fuer-haus-zum-falken\/","og_locale":"it_IT","og_type":"article","og_title":"Z\u00fcrich: Gr\u00fcnes Licht f\u00fcr \u00abHaus zum Falken\u00bb","og_description":"Der Z\u00fcrcher Stadtrat macht den Weg frei f\u00fcr das Projekt \u00abHaus zum Falken\u00bb von AXA Winterthur und Stadt beim Bahnhof Stadelhofen.","og_url":"https:\/\/www.immobilienbusiness.ch\/it\/regionen\/2017-06-22\/zuerich-gruenes-licht-fuer-haus-zum-falken\/","og_site_name":"IMMOBILIEN Business","article_publisher":"https:\/\/www.facebook.com\/immobilienbusiness\/","article_published_time":"2017-06-22T06:08:54+00:00","og_image":[{"width":2400,"height":2299,"url":"https:\/\/www.immobilienbusiness.ch\/wp-content\/uploads\/2017\/06\/Zuerich-Calatrava-baut-fuer-AXA-Winterthur-1-immobilien-business.jpg","type":"image\/jpeg"}],"author":"anja.hall","twitter_card":"summary_large_image","twitter_title":"Z\u00fcrich: Gr\u00fcnes Licht f\u00fcr \u00abHaus zum Falken\u00bb","twitter_description":"Der Z\u00fcrcher Stadtrat macht den Weg frei f\u00fcr das Projekt \u00abHaus zum Falken\u00bb von AXA Winterthur und Stadt beim Bahnhof Stadelhofen.","twitter_image":"https:\/\/www.immobilienbusiness.ch\/wp-content\/uploads\/2017\/06\/Z\u00fcrich-Calatrava-baut-f\u00fcr-AXA-Winterthur-1-immobilien-business.jpg","schema":{"@context":"https:\/\/schema.org","@graph":[{"@type":"Article","@id":"https:\/\/www.immobilienbusiness.ch\/it\/regionen\/2017-06-22\/zuerich-gruenes-licht-fuer-haus-zum-falken\/#article","isPartOf":{"@id":"https:\/\/www.immobilienbusiness.ch\/it\/regionen\/2017-06-22\/zuerich-gruenes-licht-fuer-haus-zum-falken\/"},"author":{"name":"anja.hall","@id":"https:\/\/www.immobilienbusiness.ch\/#\/schema\/person\/3fc036297b10b9f42d6db5ee932af8c8"},"headline":"Z\u00fcrich: Gr\u00fcnes Licht f\u00fcr \u00abHaus zum Falken\u00bb","datePublished":"2017-06-22T06:08:54+00:00","mainEntityOfPage":{"@id":"https:\/\/www.immobilienbusiness.ch\/it\/regionen\/2017-06-22\/zuerich-gruenes-licht-fuer-haus-zum-falken\/"},"wordCount":186,"commentCount":0,"publisher":{"@id":"https:\/\/www.immobilienbusiness.ch\/#organization"},"image":{"@id":"https:\/\/www.immobilienbusiness.ch\/it\/regionen\/2017-06-22\/zuerich-gruenes-licht-fuer-haus-zum-falken\/#primaryimage"},"thumbnailUrl":"https:\/\/www.immobilienbusiness.ch\/wp-content\/uploads\/2017\/06\/Zuerich-Calatrava-baut-fuer-AXA-Winterthur-1-immobilien-business-1.jpg","keywords":["B\u00fcroimmobilien","Projekt in Planung","Z\u00fcrich"],"articleSection":["REGIONEN"],"inLanguage":"it-IT"},{"@type":"WebPage","@id":"https:\/\/www.immobilienbusiness.ch\/it\/regionen\/2017-06-22\/zuerich-gruenes-licht-fuer-haus-zum-falken\/","url":"https:\/\/www.immobilienbusiness.ch\/it\/regionen\/2017-06-22\/zuerich-gruenes-licht-fuer-haus-zum-falken\/","name":"Z\u00fcrich: Gr\u00fcnes Licht f\u00fcr \u00abHaus zum Falken\u00bb - IMMOBILIEN Business","isPartOf":{"@id":"https:\/\/www.immobilienbusiness.ch\/#website"},"primaryImageOfPage":{"@id":"https:\/\/www.immobilienbusiness.ch\/it\/regionen\/2017-06-22\/zuerich-gruenes-licht-fuer-haus-zum-falken\/#primaryimage"},"image":{"@id":"https:\/\/www.immobilienbusiness.ch\/it\/regionen\/2017-06-22\/zuerich-gruenes-licht-fuer-haus-zum-falken\/#primaryimage"},"thumbnailUrl":"https:\/\/www.immobilienbusiness.ch\/wp-content\/uploads\/2017\/06\/Zuerich-Calatrava-baut-fuer-AXA-Winterthur-1-immobilien-business-1.jpg","datePublished":"2017-06-22T06:08:54+00:00","description":"Der Z\u00fcrcher Stadtrat macht den Weg frei f\u00fcr das Projekt \u00abHaus zum Falken\u00bb von AXA Winterthur und Stadt beim Bahnhof Stadelhofen.","breadcrumb":{"@id":"https:\/\/www.immobilienbusiness.ch\/it\/regionen\/2017-06-22\/zuerich-gruenes-licht-fuer-haus-zum-falken\/#breadcrumb"},"inLanguage":"it-IT","potentialAction":[{"@type":"ReadAction","target":["https:\/\/www.immobilienbusiness.ch\/it\/regionen\/2017-06-22\/zuerich-gruenes-licht-fuer-haus-zum-falken\/"]}]},{"@type":"ImageObject","inLanguage":"it-IT","@id":"https:\/\/www.immobilienbusiness.ch\/it\/regionen\/2017-06-22\/zuerich-gruenes-licht-fuer-haus-zum-falken\/#primaryimage","url":"https:\/\/www.immobilienbusiness.ch\/wp-content\/uploads\/2017\/06\/Zuerich-Calatrava-baut-fuer-AXA-Winterthur-1-immobilien-business-1.jpg","contentUrl":"https:\/\/www.immobilienbusiness.ch\/wp-content\/uploads\/2017\/06\/Zuerich-Calatrava-baut-fuer-AXA-Winterthur-1-immobilien-business-1.jpg","width":2400,"height":1677},{"@type":"BreadcrumbList","@id":"https:\/\/www.immobilienbusiness.ch\/it\/regionen\/2017-06-22\/zuerich-gruenes-licht-fuer-haus-zum-falken\/#breadcrumb","itemListElement":[{"@type":"ListItem","position":1,"name":"Home","item":"https:\/\/www.immobilienbusiness.ch\/"},{"@type":"ListItem","position":2,"name":"Z\u00fcrich: Gr\u00fcnes Licht f\u00fcr \u00abHaus zum Falken\u00bb"}]},{"@type":"WebSite","@id":"https:\/\/www.immobilienbusiness.ch\/#website","url":"https:\/\/www.immobilienbusiness.ch\/","name":"Affari immobiliari","description":"Rivista economica indipendente svizzera che si concentra sul settore immobiliare, l'architettura e la costruzione, nonch\u00e9 sugli investimenti e i finanziamenti.","publisher":{"@id":"https:\/\/www.immobilienbusiness.ch\/#organization"},"potentialAction":[{"@type":"SearchAction","target":{"@type":"EntryPoint","urlTemplate":"https:\/\/www.immobilienbusiness.ch\/?s={search_term_string}"},"query-input":{"@type":"PropertyValueSpecification","valueRequired":true,"valueName":"search_term_string"}}],"inLanguage":"it-IT"},{"@type":"Organization","@id":"https:\/\/www.immobilienbusiness.ch\/#organization","name":"Affari immobiliari","url":"https:\/\/www.immobilienbusiness.ch\/","logo":{"@type":"ImageObject","inLanguage":"it-IT","@id":"https:\/\/www.immobilienbusiness.ch\/#\/schema\/logo\/image\/","url":"https:\/\/www.immobilienbusiness.ch\/wp-content\/uploads\/2021\/07\/logo_ib.png","contentUrl":"https:\/\/www.immobilienbusiness.ch\/wp-content\/uploads\/2021\/07\/logo_ib.png","width":800,"height":181,"caption":"IMMOBILIEN Business"},"image":{"@id":"https:\/\/www.immobilienbusiness.ch\/#\/schema\/logo\/image\/"},"sameAs":["https:\/\/www.facebook.com\/immobilienbusiness\/"]},{"@type":"Person","@id":"https:\/\/www.immobilienbusiness.ch\/#\/schema\/person\/3fc036297b10b9f42d6db5ee932af8c8","name":"anja.hall","image":{"@type":"ImageObject","inLanguage":"it-IT","@id":"https:\/\/secure.gravatar.com\/avatar\/066b5a0d447013502c71a5782f4f3469f03cfe595cc2329fb94652fe47511bfb?s=96&d=mm&r=g","url":"https:\/\/secure.gravatar.com\/avatar\/066b5a0d447013502c71a5782f4f3469f03cfe595cc2329fb94652fe47511bfb?s=96&d=mm&r=g","contentUrl":"https:\/\/secure.gravatar.com\/avatar\/066b5a0d447013502c71a5782f4f3469f03cfe595cc2329fb94652fe47511bfb?s=96&d=mm&r=g","caption":"anja.hall"},"url":"https:\/\/www.immobilienbusiness.ch\/it\/author\/anja-hall\/"}]}},"_links":{"self":[{"href":"https:\/\/www.immobilienbusiness.ch\/it\/wp-json\/wp\/v2\/posts\/8058","targetHints":{"allow":["GET"]}}],"collection":[{"href":"https:\/\/www.immobilienbusiness.ch\/it\/wp-json\/wp\/v2\/posts"}],"about":[{"href":"https:\/\/www.immobilienbusiness.ch\/it\/wp-json\/wp\/v2\/types\/post"}],"author":[{"embeddable":true,"href":"https:\/\/www.immobilienbusiness.ch\/it\/wp-json\/wp\/v2\/users\/3"}],"replies":[{"embeddable":true,"href":"https:\/\/www.immobilienbusiness.ch\/it\/wp-json\/wp\/v2\/comments?post=8058"}],"version-history":[{"count":0,"href":"https:\/\/www.immobilienbusiness.ch\/it\/wp-json\/wp\/v2\/posts\/8058\/revisions"}],"wp:featuredmedia":[{"embeddable":true,"href":"https:\/\/www.immobilienbusiness.ch\/it\/wp-json\/wp\/v2\/media\/8062"}],"wp:attachment":[{"href":"https:\/\/www.immobilienbusiness.ch\/it\/wp-json\/wp\/v2\/media?parent=8058"}],"wp:term":[{"taxonomy":"category","embeddable":true,"href":"https:\/\/www.immobilienbusiness.ch\/it\/wp-json\/wp\/v2\/categories?post=8058"},{"taxonomy":"post_tag","embeddable":true,"href":"https:\/\/www.immobilienbusiness.ch\/it\/wp-json\/wp\/v2\/tags?post=8058"}],"curies":[{"name":"wp","href":"https:\/\/api.w.org\/{rel}","templated":true}]}}