{"id":7995,"date":"2017-06-16T09:04:54","date_gmt":"2017-06-16T07:04:54","guid":{"rendered":"https:\/\/www.immobilienbusiness.ch\/?p=7995"},"modified":"2017-06-16T09:04:54","modified_gmt":"2017-06-16T07:04:54","slug":"dietikon-bep-grundsteinlegung-wohnsiedlung-limmatfeld","status":"publish","type":"post","link":"https:\/\/www.immobilienbusiness.ch\/it\/residential\/2017-06-16\/dietikon-bep-grundsteinlegung-wohnsiedlung-limmatfeld\/","title":{"rendered":"Dietikon: BEP posa la prima pietra per un complesso residenziale"},"content":{"rendered":"<figure id=\"attachment_7996\" aria-describedby=\"caption-attachment-7996\" style=\"width: 680px\" class=\"wp-caption alignnone\"><img loading=\"lazy\" decoding=\"async\" class=\"size-medium wp-image-7996\" src=\"https:\/\/www.immobilienbusiness.ch\/wp-content\/uploads\/2017\/06\/BEP-limmatfeld_hof_Visualisierung-Duplex-Architekten.jpg\" alt=\"\" width=\"680\" height=\"483\" srcset=\"https:\/\/www.immobilienbusiness.ch\/wp-content\/uploads\/2017\/06\/BEP-limmatfeld_hof_Visualisierung-Duplex-Architekten.jpg 2500w, https:\/\/www.immobilienbusiness.ch\/wp-content\/uploads\/2017\/06\/BEP-limmatfeld_hof_Visualisierung-Duplex-Architekten-300x213.jpg 300w, https:\/\/www.immobilienbusiness.ch\/wp-content\/uploads\/2017\/06\/BEP-limmatfeld_hof_Visualisierung-Duplex-Architekten-1024x728.jpg 1024w, https:\/\/www.immobilienbusiness.ch\/wp-content\/uploads\/2017\/06\/BEP-limmatfeld_hof_Visualisierung-Duplex-Architekten-768x546.jpg 768w, https:\/\/www.immobilienbusiness.ch\/wp-content\/uploads\/2017\/06\/BEP-limmatfeld_hof_Visualisierung-Duplex-Architekten-1536x1092.jpg 1536w, https:\/\/www.immobilienbusiness.ch\/wp-content\/uploads\/2017\/06\/BEP-limmatfeld_hof_Visualisierung-Duplex-Architekten-2048x1456.jpg 2048w, https:\/\/www.immobilienbusiness.ch\/wp-content\/uploads\/2017\/06\/BEP-limmatfeld_hof_Visualisierung-Duplex-Architekten-16x12.jpg 16w, https:\/\/www.immobilienbusiness.ch\/wp-content\/uploads\/2017\/06\/BEP-limmatfeld_hof_Visualisierung-Duplex-Architekten-246x175.jpg 246w, https:\/\/www.immobilienbusiness.ch\/wp-content\/uploads\/2017\/06\/BEP-limmatfeld_hof_Visualisierung-Duplex-Architekten-492x350.jpg 492w, https:\/\/www.immobilienbusiness.ch\/wp-content\/uploads\/2017\/06\/BEP-limmatfeld_hof_Visualisierung-Duplex-Architekten-1125x800.jpg 1125w, https:\/\/www.immobilienbusiness.ch\/wp-content\/uploads\/2017\/06\/BEP-limmatfeld_hof_Visualisierung-Duplex-Architekten-920x654.jpg 920w, https:\/\/www.immobilienbusiness.ch\/wp-content\/uploads\/2017\/06\/BEP-limmatfeld_hof_Visualisierung-Duplex-Architekten-1400x995.jpg 1400w, https:\/\/www.immobilienbusiness.ch\/wp-content\/uploads\/2017\/06\/BEP-limmatfeld_hof_Visualisierung-Duplex-Architekten-1970x1400.jpg 1970w\" sizes=\"auto, (max-width: 680px) 100vw, 680px\" \/><figcaption id=\"caption-attachment-7996\" class=\"wp-caption-text\">Il nuovo complesso residenziale BEP a Limmatfeld (visualizzazione: Duplex Architekten)<\/figcaption><\/figure>\n<p>Dal 2010, la Cooperativa edilizia BEP dello Stato Maggiore Federale sta progettando un complesso residenziale sul Limmatfeld a Dietikon. A quel tempo, iniziarono le trattative per la propriet\u00e0 sul canale della Limmat. Ora, sette anni dopo, la prima pietra \u00e8 stata posta.<\/p>\n<p>Ci saranno 152 appartamenti oltre ai cosiddetti spazi a valore aggiunto, come sale comuni, appartamenti per gli ospiti, camere separate e sale per gli hobby. Gli spazi commerciali saranno affittati al piano terra degli edifici. Il fondo pensionistico NEST sta costruendo altri 52 appartamenti sullo stesso sito, ed \u00e8 previsto anche un asilo comunale.<\/p>\n<p>Gli appartamenti offerti da BEP vanno dai monolocali ai coinquilini di 7 stanze. Una parte dello spazio offerto \u00e8 volutamente di dimensioni ridotte ed \u00e8 considerato un appartamento Bugdet, ci informa la cooperativa edilizia. Un tale appartamento di 4 stanze con 83 mq coster\u00e0 circa 1.800 CHF al mese. Gli appartamenti dovrebbero essere pronti per l'occupazione alla fine dell'estate 2019.<\/p>\n<p>Il complesso residenziale \u00e8 stato progettato da Duplex Architekten. Il BEP stima i costi di costruzione a 80 milioni di franchi.<\/p>","protected":false},"excerpt":{"rendered":"<p>Il 15 giugno, la cooperativa edilizia BEP ha posato la prima pietra di un nuovo complesso residenziale a Limmatfeld a Dietikon. <\/p>","protected":false},"author":3,"featured_media":7996,"comment_status":"open","ping_status":"open","sticky":false,"template":"","format":"standard","meta":{"_acf_changed":false,"_yoast_wpseo_focuskw":"BEP","_yoast_wpseo_title":"","_yoast_wpseo_metadesc":"Die Baugenossenschaft BEP hat am 15. Juni den Grundstein f\u00fcr eine neue Wohnsiedlung im Limmatfeld in Dietikon gelegt.","_yoast_wpseo_linkdex":44,"pgc_sgb_lightbox_settings":"","footnotes":""},"categories":[986],"tags":[1077,1599,1629,1863,1888],"class_list":["post-7995","post","type-post","status-publish","format-standard","has-post-thumbnail","hentry","category-residential","tag-baugenossenschaft","tag-projekt-in-bau","tag-regionen","tag-wohnimmobilien","tag-zuerich"],"acf":[],"yoast_head":"<!-- This site is optimized with the Yoast SEO plugin v27.4 - https:\/\/yoast.com\/product\/yoast-seo-wordpress\/ -->\n<title>Dietikon: BEP legt Grundstein f\u00fcr Wohnsiedlung - IMMOBILIEN Business<\/title>\n<meta name=\"description\" content=\"Die Baugenossenschaft BEP hat am 15. Juni den Grundstein f\u00fcr eine neue Wohnsiedlung im Limmatfeld in Dietikon gelegt.\" \/>\n<meta name=\"robots\" content=\"index, follow, max-snippet:-1, max-image-preview:large, max-video-preview:-1\" \/>\n<link rel=\"canonical\" href=\"https:\/\/www.immobilienbusiness.ch\/it\/residential\/2017-06-16\/dietikon-bep-grundsteinlegung-wohnsiedlung-limmatfeld\/\" \/>\n<meta property=\"og:locale\" content=\"it_IT\" \/>\n<meta property=\"og:type\" content=\"article\" \/>\n<meta property=\"og:title\" content=\"Z\u00fcrich: BEP legt Grundstein f\u00fcr Wohnsiedlung\" \/>\n<meta property=\"og:description\" content=\"Die Baugenossenschaft BEP hat am 15. Juni den Grundstein f\u00fcr eine neue Wohnsiedlung im Limmatfeld in Dietikon gelegt.\" \/>\n<meta property=\"og:url\" content=\"https:\/\/www.immobilienbusiness.ch\/it\/residential\/2017-06-16\/dietikon-bep-grundsteinlegung-wohnsiedlung-limmatfeld\/\" \/>\n<meta property=\"og:site_name\" content=\"IMMOBILIEN Business\" \/>\n<meta property=\"article:publisher\" content=\"https:\/\/www.facebook.com\/immobilienbusiness\/\" \/>\n<meta property=\"article:published_time\" content=\"2017-06-16T07:04:54+00:00\" \/>\n<meta property=\"og:image\" content=\"https:\/\/www.immobilienbusiness.ch\/wp-content\/uploads\/2017\/06\/BEP-limmatfeld_hof_Visualisierung-Duplex-Architekten-1024x728.jpg\" \/>\n\t<meta property=\"og:image:width\" content=\"1024\" \/>\n\t<meta property=\"og:image:height\" content=\"728\" \/>\n\t<meta property=\"og:image:type\" content=\"image\/jpeg\" \/>\n<meta name=\"author\" content=\"anja.hall\" \/>\n<meta name=\"twitter:card\" content=\"summary_large_image\" \/>\n<meta name=\"twitter:title\" content=\"Z\u00fcrich: BEP legt Grundstein f\u00fcr Wohnsiedlung\" \/>\n<meta name=\"twitter:description\" content=\"Die Baugenossenschaft BEP hat am 15. Juni den Grundstein f\u00fcr eine neue Wohnsiedlung im Limmatfeld in Dietikon gelegt.\" \/>\n<meta name=\"twitter:image\" content=\"https:\/\/www.immobilienbusiness.ch\/wp-content\/uploads\/2017\/06\/BEP-limmatfeld_hof_Visualisierung-Duplex-Architekten.jpg\" \/>\n<script type=\"application\/ld+json\" class=\"yoast-schema-graph\">{\"@context\":\"https:\\\/\\\/schema.org\",\"@graph\":[{\"@type\":\"Article\",\"@id\":\"https:\\\/\\\/www.immobilienbusiness.ch\\\/residential\\\/2017-06-16\\\/dietikon-bep-grundsteinlegung-wohnsiedlung-limmatfeld\\\/#article\",\"isPartOf\":{\"@id\":\"https:\\\/\\\/www.immobilienbusiness.ch\\\/residential\\\/2017-06-16\\\/dietikon-bep-grundsteinlegung-wohnsiedlung-limmatfeld\\\/\"},\"author\":{\"name\":\"anja.hall\",\"@id\":\"https:\\\/\\\/www.immobilienbusiness.ch\\\/#\\\/schema\\\/person\\\/3fc036297b10b9f42d6db5ee932af8c8\"},\"headline\":\"Dietikon: BEP legt Grundstein f\u00fcr Wohnsiedlung\",\"datePublished\":\"2017-06-16T07:04:54+00:00\",\"mainEntityOfPage\":{\"@id\":\"https:\\\/\\\/www.immobilienbusiness.ch\\\/residential\\\/2017-06-16\\\/dietikon-bep-grundsteinlegung-wohnsiedlung-limmatfeld\\\/\"},\"wordCount\":158,\"commentCount\":0,\"publisher\":{\"@id\":\"https:\\\/\\\/www.immobilienbusiness.ch\\\/#organization\"},\"image\":{\"@id\":\"https:\\\/\\\/www.immobilienbusiness.ch\\\/residential\\\/2017-06-16\\\/dietikon-bep-grundsteinlegung-wohnsiedlung-limmatfeld\\\/#primaryimage\"},\"thumbnailUrl\":\"https:\\\/\\\/www.immobilienbusiness.ch\\\/wp-content\\\/uploads\\\/2017\\\/06\\\/BEP-limmatfeld_hof_Visualisierung-Duplex-Architekten.jpg\",\"keywords\":[\"Baugenossenschaft\",\"Projekt in Bau\",\"Regionen\",\"Wohnimmobilien\",\"Z\u00fcrich\"],\"articleSection\":[\"RESIDENTIAL\"],\"inLanguage\":\"it-IT\"},{\"@type\":\"WebPage\",\"@id\":\"https:\\\/\\\/www.immobilienbusiness.ch\\\/residential\\\/2017-06-16\\\/dietikon-bep-grundsteinlegung-wohnsiedlung-limmatfeld\\\/\",\"url\":\"https:\\\/\\\/www.immobilienbusiness.ch\\\/residential\\\/2017-06-16\\\/dietikon-bep-grundsteinlegung-wohnsiedlung-limmatfeld\\\/\",\"name\":\"Dietikon: BEP legt Grundstein f\u00fcr Wohnsiedlung - IMMOBILIEN Business\",\"isPartOf\":{\"@id\":\"https:\\\/\\\/www.immobilienbusiness.ch\\\/#website\"},\"primaryImageOfPage\":{\"@id\":\"https:\\\/\\\/www.immobilienbusiness.ch\\\/residential\\\/2017-06-16\\\/dietikon-bep-grundsteinlegung-wohnsiedlung-limmatfeld\\\/#primaryimage\"},\"image\":{\"@id\":\"https:\\\/\\\/www.immobilienbusiness.ch\\\/residential\\\/2017-06-16\\\/dietikon-bep-grundsteinlegung-wohnsiedlung-limmatfeld\\\/#primaryimage\"},\"thumbnailUrl\":\"https:\\\/\\\/www.immobilienbusiness.ch\\\/wp-content\\\/uploads\\\/2017\\\/06\\\/BEP-limmatfeld_hof_Visualisierung-Duplex-Architekten.jpg\",\"datePublished\":\"2017-06-16T07:04:54+00:00\",\"description\":\"Die Baugenossenschaft BEP hat am 15. Juni den Grundstein f\u00fcr eine neue Wohnsiedlung im Limmatfeld in Dietikon gelegt.\",\"breadcrumb\":{\"@id\":\"https:\\\/\\\/www.immobilienbusiness.ch\\\/residential\\\/2017-06-16\\\/dietikon-bep-grundsteinlegung-wohnsiedlung-limmatfeld\\\/#breadcrumb\"},\"inLanguage\":\"it-IT\",\"potentialAction\":[{\"@type\":\"ReadAction\",\"target\":[\"https:\\\/\\\/www.immobilienbusiness.ch\\\/residential\\\/2017-06-16\\\/dietikon-bep-grundsteinlegung-wohnsiedlung-limmatfeld\\\/\"]}]},{\"@type\":\"ImageObject\",\"inLanguage\":\"it-IT\",\"@id\":\"https:\\\/\\\/www.immobilienbusiness.ch\\\/residential\\\/2017-06-16\\\/dietikon-bep-grundsteinlegung-wohnsiedlung-limmatfeld\\\/#primaryimage\",\"url\":\"https:\\\/\\\/www.immobilienbusiness.ch\\\/wp-content\\\/uploads\\\/2017\\\/06\\\/BEP-limmatfeld_hof_Visualisierung-Duplex-Architekten.jpg\",\"contentUrl\":\"https:\\\/\\\/www.immobilienbusiness.ch\\\/wp-content\\\/uploads\\\/2017\\\/06\\\/BEP-limmatfeld_hof_Visualisierung-Duplex-Architekten.jpg\",\"width\":2500,\"height\":1777,\"caption\":\"Die neue Siedlung der BEP im Limmatfeld (Visualisierung: Duplex Architekten)\"},{\"@type\":\"BreadcrumbList\",\"@id\":\"https:\\\/\\\/www.immobilienbusiness.ch\\\/residential\\\/2017-06-16\\\/dietikon-bep-grundsteinlegung-wohnsiedlung-limmatfeld\\\/#breadcrumb\",\"itemListElement\":[{\"@type\":\"ListItem\",\"position\":1,\"name\":\"Home\",\"item\":\"https:\\\/\\\/www.immobilienbusiness.ch\\\/\"},{\"@type\":\"ListItem\",\"position\":2,\"name\":\"Dietikon: BEP legt Grundstein f\u00fcr Wohnsiedlung\"}]},{\"@type\":\"WebSite\",\"@id\":\"https:\\\/\\\/www.immobilienbusiness.ch\\\/#website\",\"url\":\"https:\\\/\\\/www.immobilienbusiness.ch\\\/\",\"name\":\"IMMOBILIEN Business\",\"description\":\"Unabh\u00e4ngiges Schweizer Wirtschaftsmagazin mit Fokus auf Immobilien, Architektur- und Bau sowie Investment- und Finanzierung.\",\"publisher\":{\"@id\":\"https:\\\/\\\/www.immobilienbusiness.ch\\\/#organization\"},\"potentialAction\":[{\"@type\":\"SearchAction\",\"target\":{\"@type\":\"EntryPoint\",\"urlTemplate\":\"https:\\\/\\\/www.immobilienbusiness.ch\\\/?s={search_term_string}\"},\"query-input\":{\"@type\":\"PropertyValueSpecification\",\"valueRequired\":true,\"valueName\":\"search_term_string\"}}],\"inLanguage\":\"it-IT\"},{\"@type\":\"Organization\",\"@id\":\"https:\\\/\\\/www.immobilienbusiness.ch\\\/#organization\",\"name\":\"IMMOBILIEN Business\",\"url\":\"https:\\\/\\\/www.immobilienbusiness.ch\\\/\",\"logo\":{\"@type\":\"ImageObject\",\"inLanguage\":\"it-IT\",\"@id\":\"https:\\\/\\\/www.immobilienbusiness.ch\\\/#\\\/schema\\\/logo\\\/image\\\/\",\"url\":\"https:\\\/\\\/www.immobilienbusiness.ch\\\/wp-content\\\/uploads\\\/2021\\\/07\\\/logo_ib.png\",\"contentUrl\":\"https:\\\/\\\/www.immobilienbusiness.ch\\\/wp-content\\\/uploads\\\/2021\\\/07\\\/logo_ib.png\",\"width\":800,\"height\":181,\"caption\":\"IMMOBILIEN Business\"},\"image\":{\"@id\":\"https:\\\/\\\/www.immobilienbusiness.ch\\\/#\\\/schema\\\/logo\\\/image\\\/\"},\"sameAs\":[\"https:\\\/\\\/www.facebook.com\\\/immobilienbusiness\\\/\"]},{\"@type\":\"Person\",\"@id\":\"https:\\\/\\\/www.immobilienbusiness.ch\\\/#\\\/schema\\\/person\\\/3fc036297b10b9f42d6db5ee932af8c8\",\"name\":\"anja.hall\",\"image\":{\"@type\":\"ImageObject\",\"inLanguage\":\"it-IT\",\"@id\":\"https:\\\/\\\/secure.gravatar.com\\\/avatar\\\/066b5a0d447013502c71a5782f4f3469f03cfe595cc2329fb94652fe47511bfb?s=96&d=mm&r=g\",\"url\":\"https:\\\/\\\/secure.gravatar.com\\\/avatar\\\/066b5a0d447013502c71a5782f4f3469f03cfe595cc2329fb94652fe47511bfb?s=96&d=mm&r=g\",\"contentUrl\":\"https:\\\/\\\/secure.gravatar.com\\\/avatar\\\/066b5a0d447013502c71a5782f4f3469f03cfe595cc2329fb94652fe47511bfb?s=96&d=mm&r=g\",\"caption\":\"anja.hall\"},\"url\":\"https:\\\/\\\/www.immobilienbusiness.ch\\\/it\\\/author\\\/anja-hall\\\/\"}]}<\/script>\n<!-- \/ Yoast SEO plugin. -->","yoast_head_json":{"title":"Dietikon: BEP legt Grundstein f\u00fcr Wohnsiedlung - IMMOBILIEN Business","description":"Il 15 giugno, la cooperativa edilizia BEP ha posato la prima pietra di un nuovo complesso residenziale a Limmatfeld a Dietikon.","robots":{"index":"index","follow":"follow","max-snippet":"max-snippet:-1","max-image-preview":"max-image-preview:large","max-video-preview":"max-video-preview:-1"},"canonical":"https:\/\/www.immobilienbusiness.ch\/it\/residential\/2017-06-16\/dietikon-bep-grundsteinlegung-wohnsiedlung-limmatfeld\/","og_locale":"it_IT","og_type":"article","og_title":"Z\u00fcrich: BEP legt Grundstein f\u00fcr Wohnsiedlung","og_description":"Die Baugenossenschaft BEP hat am 15. Juni den Grundstein f\u00fcr eine neue Wohnsiedlung im Limmatfeld in Dietikon gelegt.","og_url":"https:\/\/www.immobilienbusiness.ch\/it\/residential\/2017-06-16\/dietikon-bep-grundsteinlegung-wohnsiedlung-limmatfeld\/","og_site_name":"IMMOBILIEN Business","article_publisher":"https:\/\/www.facebook.com\/immobilienbusiness\/","article_published_time":"2017-06-16T07:04:54+00:00","og_image":[{"width":1024,"height":728,"url":"https:\/\/www.immobilienbusiness.ch\/wp-content\/uploads\/2017\/06\/BEP-limmatfeld_hof_Visualisierung-Duplex-Architekten-1024x728.jpg","type":"image\/jpeg"}],"author":"anja.hall","twitter_card":"summary_large_image","twitter_title":"Z\u00fcrich: BEP legt Grundstein f\u00fcr Wohnsiedlung","twitter_description":"Die Baugenossenschaft BEP hat am 15. Juni den Grundstein f\u00fcr eine neue Wohnsiedlung im Limmatfeld in Dietikon gelegt.","twitter_image":"https:\/\/www.immobilienbusiness.ch\/wp-content\/uploads\/2017\/06\/BEP-limmatfeld_hof_Visualisierung-Duplex-Architekten.jpg","schema":{"@context":"https:\/\/schema.org","@graph":[{"@type":"Article","@id":"https:\/\/www.immobilienbusiness.ch\/residential\/2017-06-16\/dietikon-bep-grundsteinlegung-wohnsiedlung-limmatfeld\/#article","isPartOf":{"@id":"https:\/\/www.immobilienbusiness.ch\/residential\/2017-06-16\/dietikon-bep-grundsteinlegung-wohnsiedlung-limmatfeld\/"},"author":{"name":"anja.hall","@id":"https:\/\/www.immobilienbusiness.ch\/#\/schema\/person\/3fc036297b10b9f42d6db5ee932af8c8"},"headline":"Dietikon: BEP legt Grundstein f\u00fcr Wohnsiedlung","datePublished":"2017-06-16T07:04:54+00:00","mainEntityOfPage":{"@id":"https:\/\/www.immobilienbusiness.ch\/residential\/2017-06-16\/dietikon-bep-grundsteinlegung-wohnsiedlung-limmatfeld\/"},"wordCount":158,"commentCount":0,"publisher":{"@id":"https:\/\/www.immobilienbusiness.ch\/#organization"},"image":{"@id":"https:\/\/www.immobilienbusiness.ch\/residential\/2017-06-16\/dietikon-bep-grundsteinlegung-wohnsiedlung-limmatfeld\/#primaryimage"},"thumbnailUrl":"https:\/\/www.immobilienbusiness.ch\/wp-content\/uploads\/2017\/06\/BEP-limmatfeld_hof_Visualisierung-Duplex-Architekten.jpg","keywords":["Baugenossenschaft","Projekt in Bau","Regionen","Wohnimmobilien","Z\u00fcrich"],"articleSection":["RESIDENTIAL"],"inLanguage":"it-IT"},{"@type":"WebPage","@id":"https:\/\/www.immobilienbusiness.ch\/residential\/2017-06-16\/dietikon-bep-grundsteinlegung-wohnsiedlung-limmatfeld\/","url":"https:\/\/www.immobilienbusiness.ch\/residential\/2017-06-16\/dietikon-bep-grundsteinlegung-wohnsiedlung-limmatfeld\/","name":"Dietikon: BEP legt Grundstein f\u00fcr Wohnsiedlung - IMMOBILIEN Business","isPartOf":{"@id":"https:\/\/www.immobilienbusiness.ch\/#website"},"primaryImageOfPage":{"@id":"https:\/\/www.immobilienbusiness.ch\/residential\/2017-06-16\/dietikon-bep-grundsteinlegung-wohnsiedlung-limmatfeld\/#primaryimage"},"image":{"@id":"https:\/\/www.immobilienbusiness.ch\/residential\/2017-06-16\/dietikon-bep-grundsteinlegung-wohnsiedlung-limmatfeld\/#primaryimage"},"thumbnailUrl":"https:\/\/www.immobilienbusiness.ch\/wp-content\/uploads\/2017\/06\/BEP-limmatfeld_hof_Visualisierung-Duplex-Architekten.jpg","datePublished":"2017-06-16T07:04:54+00:00","description":"Il 15 giugno, la cooperativa edilizia BEP ha posato la prima pietra di un nuovo complesso residenziale a Limmatfeld a Dietikon.","breadcrumb":{"@id":"https:\/\/www.immobilienbusiness.ch\/residential\/2017-06-16\/dietikon-bep-grundsteinlegung-wohnsiedlung-limmatfeld\/#breadcrumb"},"inLanguage":"it-IT","potentialAction":[{"@type":"ReadAction","target":["https:\/\/www.immobilienbusiness.ch\/residential\/2017-06-16\/dietikon-bep-grundsteinlegung-wohnsiedlung-limmatfeld\/"]}]},{"@type":"ImageObject","inLanguage":"it-IT","@id":"https:\/\/www.immobilienbusiness.ch\/residential\/2017-06-16\/dietikon-bep-grundsteinlegung-wohnsiedlung-limmatfeld\/#primaryimage","url":"https:\/\/www.immobilienbusiness.ch\/wp-content\/uploads\/2017\/06\/BEP-limmatfeld_hof_Visualisierung-Duplex-Architekten.jpg","contentUrl":"https:\/\/www.immobilienbusiness.ch\/wp-content\/uploads\/2017\/06\/BEP-limmatfeld_hof_Visualisierung-Duplex-Architekten.jpg","width":2500,"height":1777,"caption":"Die neue Siedlung der BEP im Limmatfeld (Visualisierung: Duplex Architekten)"},{"@type":"BreadcrumbList","@id":"https:\/\/www.immobilienbusiness.ch\/residential\/2017-06-16\/dietikon-bep-grundsteinlegung-wohnsiedlung-limmatfeld\/#breadcrumb","itemListElement":[{"@type":"ListItem","position":1,"name":"Home","item":"https:\/\/www.immobilienbusiness.ch\/"},{"@type":"ListItem","position":2,"name":"Dietikon: BEP legt Grundstein f\u00fcr Wohnsiedlung"}]},{"@type":"WebSite","@id":"https:\/\/www.immobilienbusiness.ch\/#website","url":"https:\/\/www.immobilienbusiness.ch\/","name":"Affari immobiliari","description":"Rivista economica indipendente svizzera che si concentra sul settore immobiliare, l'architettura e la costruzione, nonch\u00e9 sugli investimenti e i finanziamenti.","publisher":{"@id":"https:\/\/www.immobilienbusiness.ch\/#organization"},"potentialAction":[{"@type":"SearchAction","target":{"@type":"EntryPoint","urlTemplate":"https:\/\/www.immobilienbusiness.ch\/?s={search_term_string}"},"query-input":{"@type":"PropertyValueSpecification","valueRequired":true,"valueName":"search_term_string"}}],"inLanguage":"it-IT"},{"@type":"Organization","@id":"https:\/\/www.immobilienbusiness.ch\/#organization","name":"Affari immobiliari","url":"https:\/\/www.immobilienbusiness.ch\/","logo":{"@type":"ImageObject","inLanguage":"it-IT","@id":"https:\/\/www.immobilienbusiness.ch\/#\/schema\/logo\/image\/","url":"https:\/\/www.immobilienbusiness.ch\/wp-content\/uploads\/2021\/07\/logo_ib.png","contentUrl":"https:\/\/www.immobilienbusiness.ch\/wp-content\/uploads\/2021\/07\/logo_ib.png","width":800,"height":181,"caption":"IMMOBILIEN Business"},"image":{"@id":"https:\/\/www.immobilienbusiness.ch\/#\/schema\/logo\/image\/"},"sameAs":["https:\/\/www.facebook.com\/immobilienbusiness\/"]},{"@type":"Person","@id":"https:\/\/www.immobilienbusiness.ch\/#\/schema\/person\/3fc036297b10b9f42d6db5ee932af8c8","name":"anja.hall","image":{"@type":"ImageObject","inLanguage":"it-IT","@id":"https:\/\/secure.gravatar.com\/avatar\/066b5a0d447013502c71a5782f4f3469f03cfe595cc2329fb94652fe47511bfb?s=96&d=mm&r=g","url":"https:\/\/secure.gravatar.com\/avatar\/066b5a0d447013502c71a5782f4f3469f03cfe595cc2329fb94652fe47511bfb?s=96&d=mm&r=g","contentUrl":"https:\/\/secure.gravatar.com\/avatar\/066b5a0d447013502c71a5782f4f3469f03cfe595cc2329fb94652fe47511bfb?s=96&d=mm&r=g","caption":"anja.hall"},"url":"https:\/\/www.immobilienbusiness.ch\/it\/author\/anja-hall\/"}]}},"_links":{"self":[{"href":"https:\/\/www.immobilienbusiness.ch\/it\/wp-json\/wp\/v2\/posts\/7995","targetHints":{"allow":["GET"]}}],"collection":[{"href":"https:\/\/www.immobilienbusiness.ch\/it\/wp-json\/wp\/v2\/posts"}],"about":[{"href":"https:\/\/www.immobilienbusiness.ch\/it\/wp-json\/wp\/v2\/types\/post"}],"author":[{"embeddable":true,"href":"https:\/\/www.immobilienbusiness.ch\/it\/wp-json\/wp\/v2\/users\/3"}],"replies":[{"embeddable":true,"href":"https:\/\/www.immobilienbusiness.ch\/it\/wp-json\/wp\/v2\/comments?post=7995"}],"version-history":[{"count":0,"href":"https:\/\/www.immobilienbusiness.ch\/it\/wp-json\/wp\/v2\/posts\/7995\/revisions"}],"wp:featuredmedia":[{"embeddable":true,"href":"https:\/\/www.immobilienbusiness.ch\/it\/wp-json\/wp\/v2\/media\/7996"}],"wp:attachment":[{"href":"https:\/\/www.immobilienbusiness.ch\/it\/wp-json\/wp\/v2\/media?parent=7995"}],"wp:term":[{"taxonomy":"category","embeddable":true,"href":"https:\/\/www.immobilienbusiness.ch\/it\/wp-json\/wp\/v2\/categories?post=7995"},{"taxonomy":"post_tag","embeddable":true,"href":"https:\/\/www.immobilienbusiness.ch\/it\/wp-json\/wp\/v2\/tags?post=7995"}],"curies":[{"name":"wp","href":"https:\/\/api.w.org\/{rel}","templated":true}]}}