{"id":791,"date":"2015-09-16T08:47:29","date_gmt":"2015-09-16T06:47:29","guid":{"rendered":"http:\/\/dev.immobilienbusiness.ch\/?p=791"},"modified":"2015-09-16T08:47:29","modified_gmt":"2015-09-16T06:47:29","slug":"axa-revitalisiert-madrider-buerokomplex-prado","status":"publish","type":"post","link":"https:\/\/www.immobilienbusiness.ch\/it\/buero\/2015-09-16\/axa-revitalisiert-madrider-buerokomplex-prado\/","title":{"rendered":"Axa rivitalizza il complesso di uffici Prado di Madrid"},"content":{"rendered":"<figure id=\"attachment_4810\" aria-describedby=\"caption-attachment-4810\" style=\"width: 680px\" class=\"wp-caption alignnone\"><img loading=\"lazy\" decoding=\"async\" class=\"wp-image-4810 size-medium\" src=\"https:\/\/immobilienbusiness.ch\/wp-content\/uploads\/2015\/09\/Axa-revitalisiert-Madrider-B\u00fcrokomplex-Prado-immobilien-business.jpg\" width=\"680\" height=\"323\" \/><figcaption id=\"caption-attachment-4810\" class=\"wp-caption-text\">Il panorama di Madrid (Foto: Asqueladd - Wikimedia Commons)<\/figcaption><\/figure>\n<p>La propriet\u00e0 di sette piani, uno dei pi\u00f9 grandi complessi di uffici nel centro di Madrid, comprende tre edifici: Nord, Ovest e Sud. Il 45 per cento dei 60.000 mq totali sono affittati, compreso l'intero edificio nord. Il restante 55 per cento degli edifici sud e ovest deve ora essere aggiornato, creando un totale di 35.000 mq di spazio per uffici di grado A e 6.000 mq di parcheggio e deposito.<\/p>\n<p>L'edificio ovest del Prado, che copre 21.000 metri quadrati, sar\u00e0 completamente ridisegnato all'interno, mentre la facciata rimarr\u00e0. L'edificio sud, invece, sar\u00e0 convertito in un edificio per uffici completamente nuovo. Dopo la conversione, offrir\u00e0 14.000 mq di spazio per uffici di alta qualit\u00e0 e avr\u00e0 lo stesso standard di finitura del vicino edificio ovest. Entrambe le parti dell'edificio possono essere utilizzate come edifici per uffici separati o combinate in un unico complesso. I lavori di costruzione inizieranno nel terzo trimestre di quest'anno e dovrebbero essere completati entro la met\u00e0 del 2017. (ah)<\/p>","protected":false},"excerpt":{"rendered":"<p>Axa Real Estate sta per rinnovare ampiamente parti del suo complesso di uffici del Prado a Madrid. L'impresa di costruzioni spagnola Acciona eseguir\u00e0 i lavori.<\/p>","protected":false},"author":1,"featured_media":4810,"comment_status":"open","ping_status":"open","sticky":false,"template":"","format":"standard","meta":{"_acf_changed":false,"_yoast_wpseo_focuskw":"Madrider B\u00fcrokomplex","_yoast_wpseo_title":"Madrider B\u00fcrokomplex: Axa revitalisiert Prado","_yoast_wpseo_metadesc":"Angesichts steigender Anforderungen setzt Axa auf die Aufwertung des B\u00fcrokomplexes Prado im Zentrum Madrids, mit 35.000 qm Grade-A-B\u00fcroraum ab 2017.","_yoast_wpseo_linkdex":64,"pgc_sgb_lightbox_settings":"","footnotes":""},"categories":[983,988],"tags":[1052,1118,1807],"class_list":["post-791","post","type-post","status-publish","format-standard","has-post-thumbnail","hentry","category-buero","category-unternehmen","tag-ausland","tag-buero","tag-unternehmen"],"acf":[],"yoast_head":"<!-- This site is optimized with the Yoast SEO plugin v27.4 - https:\/\/yoast.com\/product\/yoast-seo-wordpress\/ -->\n<title>Madrider B\u00fcrokomplex: Axa revitalisiert Prado<\/title>\n<meta name=\"description\" content=\"Angesichts steigender Anforderungen setzt Axa auf die Aufwertung des B\u00fcrokomplexes Prado im Zentrum Madrids, mit 35.000 qm Grade-A-B\u00fcroraum ab 2017.\" \/>\n<meta name=\"robots\" content=\"index, follow, max-snippet:-1, max-image-preview:large, max-video-preview:-1\" \/>\n<link rel=\"canonical\" href=\"https:\/\/www.immobilienbusiness.ch\/it\/buero\/2015-09-16\/axa-revitalisiert-madrider-buerokomplex-prado\/\" \/>\n<meta property=\"og:locale\" content=\"it_IT\" \/>\n<meta property=\"og:type\" content=\"article\" \/>\n<meta property=\"og:title\" content=\"Axa revitalisiert Madrider B\u00fcrokomplex Prado\" \/>\n<meta property=\"og:description\" content=\"Die Axa Real Estate wird Teile ihres B\u00fcrokomplexees Prado in Madrid umfassend sanieren. Das spanische Bauunternehmen Acciona soll die Arbeiten ausf\u00fchren.\" \/>\n<meta property=\"og:url\" content=\"https:\/\/www.immobilienbusiness.ch\/it\/buero\/2015-09-16\/axa-revitalisiert-madrider-buerokomplex-prado\/\" \/>\n<meta property=\"og:site_name\" content=\"IMMOBILIEN Business\" \/>\n<meta property=\"article:publisher\" content=\"https:\/\/www.facebook.com\/immobilienbusiness\/\" \/>\n<meta property=\"article:published_time\" content=\"2015-09-16T06:47:29+00:00\" \/>\n<meta name=\"author\" content=\"Redaktion\" \/>\n<meta name=\"twitter:card\" content=\"summary_large_image\" \/>\n<meta name=\"twitter:image\" content=\"https:\/\/www.immobilienbusiness.ch\/wp-content\/uploads\/2015\/09\/Axa-revitalisiert-Madrider-Buerokomplex-Prado-immobilien-business.jpg\" \/>\n<script type=\"application\/ld+json\" class=\"yoast-schema-graph\">{\"@context\":\"https:\\\/\\\/schema.org\",\"@graph\":[{\"@type\":\"Article\",\"@id\":\"https:\\\/\\\/www.immobilienbusiness.ch\\\/buero\\\/2015-09-16\\\/axa-revitalisiert-madrider-buerokomplex-prado\\\/#article\",\"isPartOf\":{\"@id\":\"https:\\\/\\\/www.immobilienbusiness.ch\\\/buero\\\/2015-09-16\\\/axa-revitalisiert-madrider-buerokomplex-prado\\\/\"},\"author\":{\"name\":\"Redaktion\",\"@id\":\"https:\\\/\\\/www.immobilienbusiness.ch\\\/#\\\/schema\\\/person\\\/aa2bace6c5c5aad60102004a50c4eb1c\"},\"headline\":\"Axa revitalisiert Madrider B\u00fcrokomplex Prado\",\"datePublished\":\"2015-09-16T06:47:29+00:00\",\"mainEntityOfPage\":{\"@id\":\"https:\\\/\\\/www.immobilienbusiness.ch\\\/buero\\\/2015-09-16\\\/axa-revitalisiert-madrider-buerokomplex-prado\\\/\"},\"wordCount\":168,\"commentCount\":0,\"publisher\":{\"@id\":\"https:\\\/\\\/www.immobilienbusiness.ch\\\/#organization\"},\"image\":{\"@id\":\"https:\\\/\\\/www.immobilienbusiness.ch\\\/buero\\\/2015-09-16\\\/axa-revitalisiert-madrider-buerokomplex-prado\\\/#primaryimage\"},\"thumbnailUrl\":\"https:\\\/\\\/www.immobilienbusiness.ch\\\/wp-content\\\/uploads\\\/2015\\\/09\\\/Axa-revitalisiert-Madrider-Buerokomplex-Prado-immobilien-business.jpg\",\"keywords\":[\"Ausland\",\"B\u00fcro\",\"Unternehmen\"],\"articleSection\":[\"B\u00dcRO\",\"UNTERNEHMEN\"],\"inLanguage\":\"it-IT\"},{\"@type\":\"WebPage\",\"@id\":\"https:\\\/\\\/www.immobilienbusiness.ch\\\/buero\\\/2015-09-16\\\/axa-revitalisiert-madrider-buerokomplex-prado\\\/\",\"url\":\"https:\\\/\\\/www.immobilienbusiness.ch\\\/buero\\\/2015-09-16\\\/axa-revitalisiert-madrider-buerokomplex-prado\\\/\",\"name\":\"Madrider B\u00fcrokomplex: Axa revitalisiert Prado\",\"isPartOf\":{\"@id\":\"https:\\\/\\\/www.immobilienbusiness.ch\\\/#website\"},\"primaryImageOfPage\":{\"@id\":\"https:\\\/\\\/www.immobilienbusiness.ch\\\/buero\\\/2015-09-16\\\/axa-revitalisiert-madrider-buerokomplex-prado\\\/#primaryimage\"},\"image\":{\"@id\":\"https:\\\/\\\/www.immobilienbusiness.ch\\\/buero\\\/2015-09-16\\\/axa-revitalisiert-madrider-buerokomplex-prado\\\/#primaryimage\"},\"thumbnailUrl\":\"https:\\\/\\\/www.immobilienbusiness.ch\\\/wp-content\\\/uploads\\\/2015\\\/09\\\/Axa-revitalisiert-Madrider-Buerokomplex-Prado-immobilien-business.jpg\",\"datePublished\":\"2015-09-16T06:47:29+00:00\",\"description\":\"Angesichts steigender Anforderungen setzt Axa auf die Aufwertung des B\u00fcrokomplexes Prado im Zentrum Madrids, mit 35.000 qm Grade-A-B\u00fcroraum ab 2017.\",\"breadcrumb\":{\"@id\":\"https:\\\/\\\/www.immobilienbusiness.ch\\\/buero\\\/2015-09-16\\\/axa-revitalisiert-madrider-buerokomplex-prado\\\/#breadcrumb\"},\"inLanguage\":\"it-IT\",\"potentialAction\":[{\"@type\":\"ReadAction\",\"target\":[\"https:\\\/\\\/www.immobilienbusiness.ch\\\/buero\\\/2015-09-16\\\/axa-revitalisiert-madrider-buerokomplex-prado\\\/\"]}]},{\"@type\":\"ImageObject\",\"inLanguage\":\"it-IT\",\"@id\":\"https:\\\/\\\/www.immobilienbusiness.ch\\\/buero\\\/2015-09-16\\\/axa-revitalisiert-madrider-buerokomplex-prado\\\/#primaryimage\",\"url\":\"https:\\\/\\\/www.immobilienbusiness.ch\\\/wp-content\\\/uploads\\\/2015\\\/09\\\/Axa-revitalisiert-Madrider-Buerokomplex-Prado-immobilien-business.jpg\",\"contentUrl\":\"https:\\\/\\\/www.immobilienbusiness.ch\\\/wp-content\\\/uploads\\\/2015\\\/09\\\/Axa-revitalisiert-Madrider-Buerokomplex-Prado-immobilien-business.jpg\",\"width\":2560,\"height\":1216,\"caption\":\"Das Panorama von Madrid (Foto: Asqueladd - Wikimedia Commons)\"},{\"@type\":\"BreadcrumbList\",\"@id\":\"https:\\\/\\\/www.immobilienbusiness.ch\\\/buero\\\/2015-09-16\\\/axa-revitalisiert-madrider-buerokomplex-prado\\\/#breadcrumb\",\"itemListElement\":[{\"@type\":\"ListItem\",\"position\":1,\"name\":\"Home\",\"item\":\"https:\\\/\\\/www.immobilienbusiness.ch\\\/\"},{\"@type\":\"ListItem\",\"position\":2,\"name\":\"Axa revitalisiert Madrider B\u00fcrokomplex Prado\"}]},{\"@type\":\"WebSite\",\"@id\":\"https:\\\/\\\/www.immobilienbusiness.ch\\\/#website\",\"url\":\"https:\\\/\\\/www.immobilienbusiness.ch\\\/\",\"name\":\"IMMOBILIEN Business\",\"description\":\"Unabh\u00e4ngiges Schweizer Wirtschaftsmagazin mit Fokus auf Immobilien, Architektur- und Bau sowie Investment- und Finanzierung.\",\"publisher\":{\"@id\":\"https:\\\/\\\/www.immobilienbusiness.ch\\\/#organization\"},\"potentialAction\":[{\"@type\":\"SearchAction\",\"target\":{\"@type\":\"EntryPoint\",\"urlTemplate\":\"https:\\\/\\\/www.immobilienbusiness.ch\\\/?s={search_term_string}\"},\"query-input\":{\"@type\":\"PropertyValueSpecification\",\"valueRequired\":true,\"valueName\":\"search_term_string\"}}],\"inLanguage\":\"it-IT\"},{\"@type\":\"Organization\",\"@id\":\"https:\\\/\\\/www.immobilienbusiness.ch\\\/#organization\",\"name\":\"IMMOBILIEN Business\",\"url\":\"https:\\\/\\\/www.immobilienbusiness.ch\\\/\",\"logo\":{\"@type\":\"ImageObject\",\"inLanguage\":\"it-IT\",\"@id\":\"https:\\\/\\\/www.immobilienbusiness.ch\\\/#\\\/schema\\\/logo\\\/image\\\/\",\"url\":\"https:\\\/\\\/www.immobilienbusiness.ch\\\/wp-content\\\/uploads\\\/2021\\\/07\\\/logo_ib.png\",\"contentUrl\":\"https:\\\/\\\/www.immobilienbusiness.ch\\\/wp-content\\\/uploads\\\/2021\\\/07\\\/logo_ib.png\",\"width\":800,\"height\":181,\"caption\":\"IMMOBILIEN Business\"},\"image\":{\"@id\":\"https:\\\/\\\/www.immobilienbusiness.ch\\\/#\\\/schema\\\/logo\\\/image\\\/\"},\"sameAs\":[\"https:\\\/\\\/www.facebook.com\\\/immobilienbusiness\\\/\"]},{\"@type\":\"Person\",\"@id\":\"https:\\\/\\\/www.immobilienbusiness.ch\\\/#\\\/schema\\\/person\\\/aa2bace6c5c5aad60102004a50c4eb1c\",\"name\":\"Redaktion\",\"image\":{\"@type\":\"ImageObject\",\"inLanguage\":\"it-IT\",\"@id\":\"https:\\\/\\\/secure.gravatar.com\\\/avatar\\\/ae2f4d718e6c49043e314ce431e7e645d646302a24a5ef5a8bc8e3f5a032e319?s=96&d=mm&r=g\",\"url\":\"https:\\\/\\\/secure.gravatar.com\\\/avatar\\\/ae2f4d718e6c49043e314ce431e7e645d646302a24a5ef5a8bc8e3f5a032e319?s=96&d=mm&r=g\",\"contentUrl\":\"https:\\\/\\\/secure.gravatar.com\\\/avatar\\\/ae2f4d718e6c49043e314ce431e7e645d646302a24a5ef5a8bc8e3f5a032e319?s=96&d=mm&r=g\",\"caption\":\"Redaktion\"},\"sameAs\":[\"http:\\\/\\\/develop.organisator.galledia.ch\"],\"url\":\"https:\\\/\\\/www.immobilienbusiness.ch\\\/it\\\/author\\\/admin\\\/\"}]}<\/script>\n<!-- \/ Yoast SEO plugin. -->","yoast_head_json":{"title":"Madrider B\u00fcrokomplex: Axa revitalisiert Prado","description":"Angesichts steigender Anforderungen setzt Axa auf die Aufwertung des B\u00fcrokomplexes Prado im Zentrum Madrids, mit 35.000 qm Grade-A-B\u00fcroraum ab 2017.","robots":{"index":"index","follow":"follow","max-snippet":"max-snippet:-1","max-image-preview":"max-image-preview:large","max-video-preview":"max-video-preview:-1"},"canonical":"https:\/\/www.immobilienbusiness.ch\/it\/buero\/2015-09-16\/axa-revitalisiert-madrider-buerokomplex-prado\/","og_locale":"it_IT","og_type":"article","og_title":"Axa revitalisiert Madrider B\u00fcrokomplex Prado","og_description":"Die Axa Real Estate wird Teile ihres B\u00fcrokomplexees Prado in Madrid umfassend sanieren. Das spanische Bauunternehmen Acciona soll die Arbeiten ausf\u00fchren.","og_url":"https:\/\/www.immobilienbusiness.ch\/it\/buero\/2015-09-16\/axa-revitalisiert-madrider-buerokomplex-prado\/","og_site_name":"IMMOBILIEN Business","article_publisher":"https:\/\/www.facebook.com\/immobilienbusiness\/","article_published_time":"2015-09-16T06:47:29+00:00","author":"Redaktion","twitter_card":"summary_large_image","twitter_image":"https:\/\/www.immobilienbusiness.ch\/wp-content\/uploads\/2015\/09\/Axa-revitalisiert-Madrider-Buerokomplex-Prado-immobilien-business.jpg","schema":{"@context":"https:\/\/schema.org","@graph":[{"@type":"Article","@id":"https:\/\/www.immobilienbusiness.ch\/buero\/2015-09-16\/axa-revitalisiert-madrider-buerokomplex-prado\/#article","isPartOf":{"@id":"https:\/\/www.immobilienbusiness.ch\/buero\/2015-09-16\/axa-revitalisiert-madrider-buerokomplex-prado\/"},"author":{"name":"Redaktion","@id":"https:\/\/www.immobilienbusiness.ch\/#\/schema\/person\/aa2bace6c5c5aad60102004a50c4eb1c"},"headline":"Axa revitalisiert Madrider B\u00fcrokomplex Prado","datePublished":"2015-09-16T06:47:29+00:00","mainEntityOfPage":{"@id":"https:\/\/www.immobilienbusiness.ch\/buero\/2015-09-16\/axa-revitalisiert-madrider-buerokomplex-prado\/"},"wordCount":168,"commentCount":0,"publisher":{"@id":"https:\/\/www.immobilienbusiness.ch\/#organization"},"image":{"@id":"https:\/\/www.immobilienbusiness.ch\/buero\/2015-09-16\/axa-revitalisiert-madrider-buerokomplex-prado\/#primaryimage"},"thumbnailUrl":"https:\/\/www.immobilienbusiness.ch\/wp-content\/uploads\/2015\/09\/Axa-revitalisiert-Madrider-Buerokomplex-Prado-immobilien-business.jpg","keywords":["Ausland","B\u00fcro","Unternehmen"],"articleSection":["B\u00dcRO","UNTERNEHMEN"],"inLanguage":"it-IT"},{"@type":"WebPage","@id":"https:\/\/www.immobilienbusiness.ch\/buero\/2015-09-16\/axa-revitalisiert-madrider-buerokomplex-prado\/","url":"https:\/\/www.immobilienbusiness.ch\/buero\/2015-09-16\/axa-revitalisiert-madrider-buerokomplex-prado\/","name":"Madrider B\u00fcrokomplex: Axa revitalisiert Prado","isPartOf":{"@id":"https:\/\/www.immobilienbusiness.ch\/#website"},"primaryImageOfPage":{"@id":"https:\/\/www.immobilienbusiness.ch\/buero\/2015-09-16\/axa-revitalisiert-madrider-buerokomplex-prado\/#primaryimage"},"image":{"@id":"https:\/\/www.immobilienbusiness.ch\/buero\/2015-09-16\/axa-revitalisiert-madrider-buerokomplex-prado\/#primaryimage"},"thumbnailUrl":"https:\/\/www.immobilienbusiness.ch\/wp-content\/uploads\/2015\/09\/Axa-revitalisiert-Madrider-Buerokomplex-Prado-immobilien-business.jpg","datePublished":"2015-09-16T06:47:29+00:00","description":"Angesichts steigender Anforderungen setzt Axa auf die Aufwertung des B\u00fcrokomplexes Prado im Zentrum Madrids, mit 35.000 qm Grade-A-B\u00fcroraum ab 2017.","breadcrumb":{"@id":"https:\/\/www.immobilienbusiness.ch\/buero\/2015-09-16\/axa-revitalisiert-madrider-buerokomplex-prado\/#breadcrumb"},"inLanguage":"it-IT","potentialAction":[{"@type":"ReadAction","target":["https:\/\/www.immobilienbusiness.ch\/buero\/2015-09-16\/axa-revitalisiert-madrider-buerokomplex-prado\/"]}]},{"@type":"ImageObject","inLanguage":"it-IT","@id":"https:\/\/www.immobilienbusiness.ch\/buero\/2015-09-16\/axa-revitalisiert-madrider-buerokomplex-prado\/#primaryimage","url":"https:\/\/www.immobilienbusiness.ch\/wp-content\/uploads\/2015\/09\/Axa-revitalisiert-Madrider-Buerokomplex-Prado-immobilien-business.jpg","contentUrl":"https:\/\/www.immobilienbusiness.ch\/wp-content\/uploads\/2015\/09\/Axa-revitalisiert-Madrider-Buerokomplex-Prado-immobilien-business.jpg","width":2560,"height":1216,"caption":"Das Panorama von Madrid (Foto: Asqueladd - Wikimedia Commons)"},{"@type":"BreadcrumbList","@id":"https:\/\/www.immobilienbusiness.ch\/buero\/2015-09-16\/axa-revitalisiert-madrider-buerokomplex-prado\/#breadcrumb","itemListElement":[{"@type":"ListItem","position":1,"name":"Home","item":"https:\/\/www.immobilienbusiness.ch\/"},{"@type":"ListItem","position":2,"name":"Axa revitalisiert Madrider B\u00fcrokomplex Prado"}]},{"@type":"WebSite","@id":"https:\/\/www.immobilienbusiness.ch\/#website","url":"https:\/\/www.immobilienbusiness.ch\/","name":"Affari immobiliari","description":"Rivista economica indipendente svizzera che si concentra sul settore immobiliare, l'architettura e la costruzione, nonch\u00e9 sugli investimenti e i finanziamenti.","publisher":{"@id":"https:\/\/www.immobilienbusiness.ch\/#organization"},"potentialAction":[{"@type":"SearchAction","target":{"@type":"EntryPoint","urlTemplate":"https:\/\/www.immobilienbusiness.ch\/?s={search_term_string}"},"query-input":{"@type":"PropertyValueSpecification","valueRequired":true,"valueName":"search_term_string"}}],"inLanguage":"it-IT"},{"@type":"Organization","@id":"https:\/\/www.immobilienbusiness.ch\/#organization","name":"Affari immobiliari","url":"https:\/\/www.immobilienbusiness.ch\/","logo":{"@type":"ImageObject","inLanguage":"it-IT","@id":"https:\/\/www.immobilienbusiness.ch\/#\/schema\/logo\/image\/","url":"https:\/\/www.immobilienbusiness.ch\/wp-content\/uploads\/2021\/07\/logo_ib.png","contentUrl":"https:\/\/www.immobilienbusiness.ch\/wp-content\/uploads\/2021\/07\/logo_ib.png","width":800,"height":181,"caption":"IMMOBILIEN Business"},"image":{"@id":"https:\/\/www.immobilienbusiness.ch\/#\/schema\/logo\/image\/"},"sameAs":["https:\/\/www.facebook.com\/immobilienbusiness\/"]},{"@type":"Person","@id":"https:\/\/www.immobilienbusiness.ch\/#\/schema\/person\/aa2bace6c5c5aad60102004a50c4eb1c","name":"Editoriale","image":{"@type":"ImageObject","inLanguage":"it-IT","@id":"https:\/\/secure.gravatar.com\/avatar\/ae2f4d718e6c49043e314ce431e7e645d646302a24a5ef5a8bc8e3f5a032e319?s=96&d=mm&r=g","url":"https:\/\/secure.gravatar.com\/avatar\/ae2f4d718e6c49043e314ce431e7e645d646302a24a5ef5a8bc8e3f5a032e319?s=96&d=mm&r=g","contentUrl":"https:\/\/secure.gravatar.com\/avatar\/ae2f4d718e6c49043e314ce431e7e645d646302a24a5ef5a8bc8e3f5a032e319?s=96&d=mm&r=g","caption":"Redaktion"},"sameAs":["http:\/\/develop.organisator.galledia.ch"],"url":"https:\/\/www.immobilienbusiness.ch\/it\/author\/admin\/"}]}},"_links":{"self":[{"href":"https:\/\/www.immobilienbusiness.ch\/it\/wp-json\/wp\/v2\/posts\/791","targetHints":{"allow":["GET"]}}],"collection":[{"href":"https:\/\/www.immobilienbusiness.ch\/it\/wp-json\/wp\/v2\/posts"}],"about":[{"href":"https:\/\/www.immobilienbusiness.ch\/it\/wp-json\/wp\/v2\/types\/post"}],"author":[{"embeddable":true,"href":"https:\/\/www.immobilienbusiness.ch\/it\/wp-json\/wp\/v2\/users\/1"}],"replies":[{"embeddable":true,"href":"https:\/\/www.immobilienbusiness.ch\/it\/wp-json\/wp\/v2\/comments?post=791"}],"version-history":[{"count":0,"href":"https:\/\/www.immobilienbusiness.ch\/it\/wp-json\/wp\/v2\/posts\/791\/revisions"}],"wp:featuredmedia":[{"embeddable":true,"href":"https:\/\/www.immobilienbusiness.ch\/it\/wp-json\/wp\/v2\/media\/4810"}],"wp:attachment":[{"href":"https:\/\/www.immobilienbusiness.ch\/it\/wp-json\/wp\/v2\/media?parent=791"}],"wp:term":[{"taxonomy":"category","embeddable":true,"href":"https:\/\/www.immobilienbusiness.ch\/it\/wp-json\/wp\/v2\/categories?post=791"},{"taxonomy":"post_tag","embeddable":true,"href":"https:\/\/www.immobilienbusiness.ch\/it\/wp-json\/wp\/v2\/tags?post=791"}],"curies":[{"name":"wp","href":"https:\/\/api.w.org\/{rel}","templated":true}]}}