{"id":7855,"date":"2017-06-06T08:31:21","date_gmt":"2017-06-06T06:31:21","guid":{"rendered":"https:\/\/www.immobilienbusiness.ch\/?p=7855"},"modified":"2017-06-06T08:31:21","modified_gmt":"2017-06-06T06:31:21","slug":"zuerich-stadt-sucht-bautraeger-fuer-koch-areal","status":"publish","type":"post","link":"https:\/\/www.immobilienbusiness.ch\/it\/regionen\/2017-06-06\/zuerich-stadt-sucht-bautraeger-fuer-koch-areal\/","title":{"rendered":"Zurigo: la citt\u00e0 cerca uno sviluppatore per il sito Koch"},"content":{"rendered":"<figure id=\"attachment_4784\" aria-describedby=\"caption-attachment-4784\" style=\"width: 640px\" class=\"wp-caption alignnone\"><img loading=\"lazy\" decoding=\"async\" class=\"size-full wp-image-4784\" src=\"https:\/\/www.immobilienbusiness.ch\/wp-content\/uploads\/2015\/09\/Baustart-f\u00fcr-Genossenschafts-Wohnungen-in-der-Greencity-immobilien-business.jpg\" alt=\"\" width=\"640\" height=\"426\" \/><figcaption id=\"caption-attachment-4784\" class=\"wp-caption-text\">Le gru gireranno presto sul sito di Koch (Immagine simbolo: Pixabay)<\/figcaption><\/figure>\n<p>Secondo la citt\u00e0 di Zurigo, entro il 2023 sul sito di Koch saranno costruiti circa 350 appartamenti a prezzi accessibili, 15.500 m\u00b2 di spazi commerciali e un parco di quartiere accessibile al pubblico di 13.200 m\u00b2. La gara d'appalto per l'uso residenziale e commerciale \u00e8 iniziata il 1\u00b0 giugno e dovrebbe concludersi a settembre 2017. La citt\u00e0 di Zurigo ha acquistato il sito di circa 30.000 m\u00b2 da UBS quattro anni fa per circa 70 milioni di franchi.<\/p>\n<p>Le aree edificabili per uso residenziale e commerciale sono messe a gara dalla citt\u00e0 di Zurigo in base alla legge edilizia. La \"wohnbaugenossenschaften z\u00fcrich\" (wbg) \u00e8 stata incaricata di bandire la gara d'appalto per i due cantieri residenziali tra i costruttori no-profit. W\u00fcest Partner sta supportando la citt\u00e0 nel processo di gara d'appalto per il cantiere commerciale tra sviluppatori commerciali e no-profit. Il parco di quartiere sul quarto cantiere \u00e8 stato progettato da Gr\u00fcn Stadt Z\u00fcrich.<\/p>\n<p>Secondo la citt\u00e0 di Zurigo, i concetti di vita e di lavoro devono soddisfare requisiti sempre pi\u00f9 elevati in termini di sostenibilit\u00e0 e di aspetti ecologici, sociali ed economici. Con la realizzazione dell'edificio commerciale, la citt\u00e0 intende dare un ulteriore impulso a \"Zurigo come luogo di lavoro\". Il gruppo target \u00e8 costituito principalmente dalle industrie commerciali e creative, che sono commerciali\/industriali ma anche orientate ai servizi.<\/p>\n<h2>Inizio dei lavori possibile a partire dal 2019<\/h2>\n<p>La giuria e la decisione per gli sviluppatori selezionati da parte della Citt\u00e0 di Zurigo sono previste per settembre 2017. Dopo la valutazione degli sviluppatori, i concetti migliori saranno ulteriormente sviluppati in un concorso di architettura, compreso il progetto del parco. Il concorso di architettura inizier\u00e0 all'inizio del 2018 e durer\u00e0 fino alla fine del 2018. Successivamente - negli anni 2019-2020 - \u00e8 previsto lo sviluppo della pianificazione d'uso speciale. La pianificazione del progetto e la realizzazione degli edifici \u00e8 prevista per il periodo dal 2019 al 2023. Gli appartamenti e gli spazi commerciali dovrebbero essere pronti per essere occupati nel 2023.<\/p>\n<p>Il sito di Koch \u00e8 attualmente ancora occupato. Secondo i media locali, gli abusivi possono rimanere sul sito fino all'inizio dei lavori di costruzione, perch\u00e9 il consiglio comunale rifiuta gli sfratti per il momento.<\/p>\n<p>Come si legge nei giornali, l'FDP ha presentato l'iniziativa \"Wohnen und Leben auf dem Koch-Areal\" (Vivere nel sito Koch). I Liberi Democratici vogliono vendere la propriet\u00e0 a un investitore privato a determinate condizioni. L'investitore potrebbe realizzare un progetto edilizio pi\u00f9 rapidamente.<\/p>","protected":false},"excerpt":{"rendered":"<p>Sul sito Koch di Zurigo-Albiesrieden sorger\u00e0 un nuovo quartiere urbano. La citt\u00e0 di Zurigo ha lanciato una gara d'appalto per i costruttori.<\/p>","protected":false},"author":3,"featured_media":1246,"comment_status":"open","ping_status":"open","sticky":false,"template":"","format":"standard","meta":{"_acf_changed":false,"_yoast_wpseo_focuskw":"Koch-Areal","_yoast_wpseo_title":"","_yoast_wpseo_metadesc":"Auf dem Koch-Areal in Z\u00fcrich-Albiesrieden soll ein neues Stadtquartier entstehen. Die Stadt Z\u00fcrich hat dazu nun eine \u00a0Bautr\u00e4gerausschreibung gestartet.","_yoast_wpseo_linkdex":80,"pgc_sgb_lightbox_settings":"","footnotes":""},"categories":[985],"tags":[1600,1629,1863,1888],"class_list":["post-7855","post","type-post","status-publish","format-standard","has-post-thumbnail","hentry","category-regionen","tag-projekt-in-planung","tag-regionen","tag-wohnimmobilien","tag-zuerich"],"acf":[],"yoast_head":"<!-- This site is optimized with the Yoast SEO plugin v27.4 - https:\/\/yoast.com\/product\/yoast-seo-wordpress\/ -->\n<title>Z\u00fcrich: Stadt sucht Bautr\u00e4ger f\u00fcr Koch-Areal - IMMOBILIEN Business<\/title>\n<meta name=\"description\" content=\"Auf dem Koch-Areal in Z\u00fcrich-Albiesrieden soll ein neues Stadtquartier entstehen. Die Stadt Z\u00fcrich hat dazu nun eine \u00a0Bautr\u00e4gerausschreibung gestartet.\" \/>\n<meta name=\"robots\" content=\"index, follow, max-snippet:-1, max-image-preview:large, max-video-preview:-1\" \/>\n<link rel=\"canonical\" href=\"https:\/\/www.immobilienbusiness.ch\/it\/regionen\/2017-06-06\/zuerich-stadt-sucht-bautraeger-fuer-koch-areal\/\" \/>\n<meta property=\"og:locale\" content=\"it_IT\" \/>\n<meta property=\"og:type\" content=\"article\" \/>\n<meta property=\"og:title\" content=\"Z\u00fcrich: Stadt sucht Bautr\u00e4ger f\u00fcr Koch-Areal\" \/>\n<meta property=\"og:description\" content=\"Auf dem Koch-Areal in Z\u00fcrich-Albiesrieden soll ein neues Stadtquartier entstehen. Die Stadt Z\u00fcrich hat dazu nun eine \u00a0Bautr\u00e4gerausschreibung gestartet.\" \/>\n<meta property=\"og:url\" content=\"https:\/\/www.immobilienbusiness.ch\/it\/regionen\/2017-06-06\/zuerich-stadt-sucht-bautraeger-fuer-koch-areal\/\" \/>\n<meta property=\"og:site_name\" content=\"IMMOBILIEN Business\" \/>\n<meta property=\"article:publisher\" content=\"https:\/\/www.facebook.com\/immobilienbusiness\/\" \/>\n<meta property=\"article:published_time\" content=\"2017-06-06T06:31:21+00:00\" \/>\n<meta property=\"og:image\" content=\"https:\/\/www.immobilienbusiness.ch\/wp-content\/uploads\/2016\/12\/Basel-ASAG-baut-neuen-Hauptsitz-im-Dreispitz-immobilien-business.jpg\" \/>\n\t<meta property=\"og:image:width\" content=\"1280\" \/>\n\t<meta property=\"og:image:height\" content=\"853\" \/>\n\t<meta property=\"og:image:type\" content=\"image\/jpeg\" \/>\n<meta name=\"author\" content=\"anja.hall\" \/>\n<meta name=\"twitter:card\" content=\"summary_large_image\" \/>\n<meta name=\"twitter:title\" content=\"Z\u00fcrich: Stadt sucht Bautr\u00e4ger f\u00fcr Koch-Areal\" \/>\n<meta name=\"twitter:description\" content=\"Auf dem Koch-Areal in Z\u00fcrich-Albiesrieden soll ein neues Stadtquartier entstehen. Die Stadt Z\u00fcrich hat dazu nun eine \u00a0Bautr\u00e4gerausschreibung gestartet.\" \/>\n<meta name=\"twitter:image\" content=\"https:\/\/www.immobilienbusiness.ch\/wp-content\/uploads\/2016\/12\/Basel-ASAG-baut-neuen-Hauptsitz-im-Dreispitz-immobilien-business.jpg\" \/>\n<script type=\"application\/ld+json\" class=\"yoast-schema-graph\">{\"@context\":\"https:\\\/\\\/schema.org\",\"@graph\":[{\"@type\":\"Article\",\"@id\":\"https:\\\/\\\/www.immobilienbusiness.ch\\\/regionen\\\/2017-06-06\\\/zuerich-stadt-sucht-bautraeger-fuer-koch-areal\\\/#article\",\"isPartOf\":{\"@id\":\"https:\\\/\\\/www.immobilienbusiness.ch\\\/regionen\\\/2017-06-06\\\/zuerich-stadt-sucht-bautraeger-fuer-koch-areal\\\/\"},\"author\":{\"name\":\"anja.hall\",\"@id\":\"https:\\\/\\\/www.immobilienbusiness.ch\\\/#\\\/schema\\\/person\\\/3fc036297b10b9f42d6db5ee932af8c8\"},\"headline\":\"Z\u00fcrich: Stadt sucht Bautr\u00e4ger f\u00fcr Koch-Areal\",\"datePublished\":\"2017-06-06T06:31:21+00:00\",\"mainEntityOfPage\":{\"@id\":\"https:\\\/\\\/www.immobilienbusiness.ch\\\/regionen\\\/2017-06-06\\\/zuerich-stadt-sucht-bautraeger-fuer-koch-areal\\\/\"},\"wordCount\":380,\"commentCount\":1,\"publisher\":{\"@id\":\"https:\\\/\\\/www.immobilienbusiness.ch\\\/#organization\"},\"image\":{\"@id\":\"https:\\\/\\\/www.immobilienbusiness.ch\\\/regionen\\\/2017-06-06\\\/zuerich-stadt-sucht-bautraeger-fuer-koch-areal\\\/#primaryimage\"},\"thumbnailUrl\":\"https:\\\/\\\/www.immobilienbusiness.ch\\\/wp-content\\\/uploads\\\/2016\\\/12\\\/Basel-ASAG-baut-neuen-Hauptsitz-im-Dreispitz-immobilien-business.jpg\",\"keywords\":[\"Projekt in Planung\",\"Regionen\",\"Wohnimmobilien\",\"Z\u00fcrich\"],\"articleSection\":[\"REGIONEN\"],\"inLanguage\":\"it-IT\"},{\"@type\":\"WebPage\",\"@id\":\"https:\\\/\\\/www.immobilienbusiness.ch\\\/regionen\\\/2017-06-06\\\/zuerich-stadt-sucht-bautraeger-fuer-koch-areal\\\/\",\"url\":\"https:\\\/\\\/www.immobilienbusiness.ch\\\/regionen\\\/2017-06-06\\\/zuerich-stadt-sucht-bautraeger-fuer-koch-areal\\\/\",\"name\":\"Z\u00fcrich: Stadt sucht Bautr\u00e4ger f\u00fcr Koch-Areal - IMMOBILIEN Business\",\"isPartOf\":{\"@id\":\"https:\\\/\\\/www.immobilienbusiness.ch\\\/#website\"},\"primaryImageOfPage\":{\"@id\":\"https:\\\/\\\/www.immobilienbusiness.ch\\\/regionen\\\/2017-06-06\\\/zuerich-stadt-sucht-bautraeger-fuer-koch-areal\\\/#primaryimage\"},\"image\":{\"@id\":\"https:\\\/\\\/www.immobilienbusiness.ch\\\/regionen\\\/2017-06-06\\\/zuerich-stadt-sucht-bautraeger-fuer-koch-areal\\\/#primaryimage\"},\"thumbnailUrl\":\"https:\\\/\\\/www.immobilienbusiness.ch\\\/wp-content\\\/uploads\\\/2016\\\/12\\\/Basel-ASAG-baut-neuen-Hauptsitz-im-Dreispitz-immobilien-business.jpg\",\"datePublished\":\"2017-06-06T06:31:21+00:00\",\"description\":\"Auf dem Koch-Areal in Z\u00fcrich-Albiesrieden soll ein neues Stadtquartier entstehen. Die Stadt Z\u00fcrich hat dazu nun eine \u00a0Bautr\u00e4gerausschreibung gestartet.\",\"breadcrumb\":{\"@id\":\"https:\\\/\\\/www.immobilienbusiness.ch\\\/regionen\\\/2017-06-06\\\/zuerich-stadt-sucht-bautraeger-fuer-koch-areal\\\/#breadcrumb\"},\"inLanguage\":\"it-IT\",\"potentialAction\":[{\"@type\":\"ReadAction\",\"target\":[\"https:\\\/\\\/www.immobilienbusiness.ch\\\/regionen\\\/2017-06-06\\\/zuerich-stadt-sucht-bautraeger-fuer-koch-areal\\\/\"]}]},{\"@type\":\"ImageObject\",\"inLanguage\":\"it-IT\",\"@id\":\"https:\\\/\\\/www.immobilienbusiness.ch\\\/regionen\\\/2017-06-06\\\/zuerich-stadt-sucht-bautraeger-fuer-koch-areal\\\/#primaryimage\",\"url\":\"https:\\\/\\\/www.immobilienbusiness.ch\\\/wp-content\\\/uploads\\\/2016\\\/12\\\/Basel-ASAG-baut-neuen-Hauptsitz-im-Dreispitz-immobilien-business.jpg\",\"contentUrl\":\"https:\\\/\\\/www.immobilienbusiness.ch\\\/wp-content\\\/uploads\\\/2016\\\/12\\\/Basel-ASAG-baut-neuen-Hauptsitz-im-Dreispitz-immobilien-business.jpg\",\"width\":1280,\"height\":853,\"caption\":\"ASAG baut ihren Standort auf dem Basler Dreispitz massiv aus (Foto: Pixabay)\"},{\"@type\":\"BreadcrumbList\",\"@id\":\"https:\\\/\\\/www.immobilienbusiness.ch\\\/regionen\\\/2017-06-06\\\/zuerich-stadt-sucht-bautraeger-fuer-koch-areal\\\/#breadcrumb\",\"itemListElement\":[{\"@type\":\"ListItem\",\"position\":1,\"name\":\"Home\",\"item\":\"https:\\\/\\\/www.immobilienbusiness.ch\\\/\"},{\"@type\":\"ListItem\",\"position\":2,\"name\":\"Z\u00fcrich: Stadt sucht Bautr\u00e4ger f\u00fcr Koch-Areal\"}]},{\"@type\":\"WebSite\",\"@id\":\"https:\\\/\\\/www.immobilienbusiness.ch\\\/#website\",\"url\":\"https:\\\/\\\/www.immobilienbusiness.ch\\\/\",\"name\":\"IMMOBILIEN Business\",\"description\":\"Unabh\u00e4ngiges Schweizer Wirtschaftsmagazin mit Fokus auf Immobilien, Architektur- und Bau sowie Investment- und Finanzierung.\",\"publisher\":{\"@id\":\"https:\\\/\\\/www.immobilienbusiness.ch\\\/#organization\"},\"potentialAction\":[{\"@type\":\"SearchAction\",\"target\":{\"@type\":\"EntryPoint\",\"urlTemplate\":\"https:\\\/\\\/www.immobilienbusiness.ch\\\/?s={search_term_string}\"},\"query-input\":{\"@type\":\"PropertyValueSpecification\",\"valueRequired\":true,\"valueName\":\"search_term_string\"}}],\"inLanguage\":\"it-IT\"},{\"@type\":\"Organization\",\"@id\":\"https:\\\/\\\/www.immobilienbusiness.ch\\\/#organization\",\"name\":\"IMMOBILIEN Business\",\"url\":\"https:\\\/\\\/www.immobilienbusiness.ch\\\/\",\"logo\":{\"@type\":\"ImageObject\",\"inLanguage\":\"it-IT\",\"@id\":\"https:\\\/\\\/www.immobilienbusiness.ch\\\/#\\\/schema\\\/logo\\\/image\\\/\",\"url\":\"https:\\\/\\\/www.immobilienbusiness.ch\\\/wp-content\\\/uploads\\\/2021\\\/07\\\/logo_ib.png\",\"contentUrl\":\"https:\\\/\\\/www.immobilienbusiness.ch\\\/wp-content\\\/uploads\\\/2021\\\/07\\\/logo_ib.png\",\"width\":800,\"height\":181,\"caption\":\"IMMOBILIEN Business\"},\"image\":{\"@id\":\"https:\\\/\\\/www.immobilienbusiness.ch\\\/#\\\/schema\\\/logo\\\/image\\\/\"},\"sameAs\":[\"https:\\\/\\\/www.facebook.com\\\/immobilienbusiness\\\/\"]},{\"@type\":\"Person\",\"@id\":\"https:\\\/\\\/www.immobilienbusiness.ch\\\/#\\\/schema\\\/person\\\/3fc036297b10b9f42d6db5ee932af8c8\",\"name\":\"anja.hall\",\"image\":{\"@type\":\"ImageObject\",\"inLanguage\":\"it-IT\",\"@id\":\"https:\\\/\\\/secure.gravatar.com\\\/avatar\\\/066b5a0d447013502c71a5782f4f3469f03cfe595cc2329fb94652fe47511bfb?s=96&d=mm&r=g\",\"url\":\"https:\\\/\\\/secure.gravatar.com\\\/avatar\\\/066b5a0d447013502c71a5782f4f3469f03cfe595cc2329fb94652fe47511bfb?s=96&d=mm&r=g\",\"contentUrl\":\"https:\\\/\\\/secure.gravatar.com\\\/avatar\\\/066b5a0d447013502c71a5782f4f3469f03cfe595cc2329fb94652fe47511bfb?s=96&d=mm&r=g\",\"caption\":\"anja.hall\"},\"url\":\"https:\\\/\\\/www.immobilienbusiness.ch\\\/it\\\/author\\\/anja-hall\\\/\"}]}<\/script>\n<!-- \/ Yoast SEO plugin. -->","yoast_head_json":{"title":"Z\u00fcrich: Stadt sucht Bautr\u00e4ger f\u00fcr Koch-Areal - IMMOBILIEN Business","description":"Auf dem Koch-Areal in Z\u00fcrich-Albiesrieden soll ein neues Stadtquartier entstehen. Die Stadt Z\u00fcrich hat dazu nun eine \u00a0Bautr\u00e4gerausschreibung gestartet.","robots":{"index":"index","follow":"follow","max-snippet":"max-snippet:-1","max-image-preview":"max-image-preview:large","max-video-preview":"max-video-preview:-1"},"canonical":"https:\/\/www.immobilienbusiness.ch\/it\/regionen\/2017-06-06\/zuerich-stadt-sucht-bautraeger-fuer-koch-areal\/","og_locale":"it_IT","og_type":"article","og_title":"Z\u00fcrich: Stadt sucht Bautr\u00e4ger f\u00fcr Koch-Areal","og_description":"Auf dem Koch-Areal in Z\u00fcrich-Albiesrieden soll ein neues Stadtquartier entstehen. Die Stadt Z\u00fcrich hat dazu nun eine \u00a0Bautr\u00e4gerausschreibung gestartet.","og_url":"https:\/\/www.immobilienbusiness.ch\/it\/regionen\/2017-06-06\/zuerich-stadt-sucht-bautraeger-fuer-koch-areal\/","og_site_name":"IMMOBILIEN Business","article_publisher":"https:\/\/www.facebook.com\/immobilienbusiness\/","article_published_time":"2017-06-06T06:31:21+00:00","og_image":[{"width":1280,"height":853,"url":"https:\/\/www.immobilienbusiness.ch\/wp-content\/uploads\/2016\/12\/Basel-ASAG-baut-neuen-Hauptsitz-im-Dreispitz-immobilien-business.jpg","type":"image\/jpeg"}],"author":"anja.hall","twitter_card":"summary_large_image","twitter_title":"Z\u00fcrich: Stadt sucht Bautr\u00e4ger f\u00fcr Koch-Areal","twitter_description":"Auf dem Koch-Areal in Z\u00fcrich-Albiesrieden soll ein neues Stadtquartier entstehen. Die Stadt Z\u00fcrich hat dazu nun eine \u00a0Bautr\u00e4gerausschreibung gestartet.","twitter_image":"https:\/\/www.immobilienbusiness.ch\/wp-content\/uploads\/2016\/12\/Basel-ASAG-baut-neuen-Hauptsitz-im-Dreispitz-immobilien-business.jpg","schema":{"@context":"https:\/\/schema.org","@graph":[{"@type":"Article","@id":"https:\/\/www.immobilienbusiness.ch\/regionen\/2017-06-06\/zuerich-stadt-sucht-bautraeger-fuer-koch-areal\/#article","isPartOf":{"@id":"https:\/\/www.immobilienbusiness.ch\/regionen\/2017-06-06\/zuerich-stadt-sucht-bautraeger-fuer-koch-areal\/"},"author":{"name":"anja.hall","@id":"https:\/\/www.immobilienbusiness.ch\/#\/schema\/person\/3fc036297b10b9f42d6db5ee932af8c8"},"headline":"Z\u00fcrich: Stadt sucht Bautr\u00e4ger f\u00fcr Koch-Areal","datePublished":"2017-06-06T06:31:21+00:00","mainEntityOfPage":{"@id":"https:\/\/www.immobilienbusiness.ch\/regionen\/2017-06-06\/zuerich-stadt-sucht-bautraeger-fuer-koch-areal\/"},"wordCount":380,"commentCount":1,"publisher":{"@id":"https:\/\/www.immobilienbusiness.ch\/#organization"},"image":{"@id":"https:\/\/www.immobilienbusiness.ch\/regionen\/2017-06-06\/zuerich-stadt-sucht-bautraeger-fuer-koch-areal\/#primaryimage"},"thumbnailUrl":"https:\/\/www.immobilienbusiness.ch\/wp-content\/uploads\/2016\/12\/Basel-ASAG-baut-neuen-Hauptsitz-im-Dreispitz-immobilien-business.jpg","keywords":["Projekt in Planung","Regionen","Wohnimmobilien","Z\u00fcrich"],"articleSection":["REGIONEN"],"inLanguage":"it-IT"},{"@type":"WebPage","@id":"https:\/\/www.immobilienbusiness.ch\/regionen\/2017-06-06\/zuerich-stadt-sucht-bautraeger-fuer-koch-areal\/","url":"https:\/\/www.immobilienbusiness.ch\/regionen\/2017-06-06\/zuerich-stadt-sucht-bautraeger-fuer-koch-areal\/","name":"Z\u00fcrich: Stadt sucht Bautr\u00e4ger f\u00fcr Koch-Areal - IMMOBILIEN Business","isPartOf":{"@id":"https:\/\/www.immobilienbusiness.ch\/#website"},"primaryImageOfPage":{"@id":"https:\/\/www.immobilienbusiness.ch\/regionen\/2017-06-06\/zuerich-stadt-sucht-bautraeger-fuer-koch-areal\/#primaryimage"},"image":{"@id":"https:\/\/www.immobilienbusiness.ch\/regionen\/2017-06-06\/zuerich-stadt-sucht-bautraeger-fuer-koch-areal\/#primaryimage"},"thumbnailUrl":"https:\/\/www.immobilienbusiness.ch\/wp-content\/uploads\/2016\/12\/Basel-ASAG-baut-neuen-Hauptsitz-im-Dreispitz-immobilien-business.jpg","datePublished":"2017-06-06T06:31:21+00:00","description":"Auf dem Koch-Areal in Z\u00fcrich-Albiesrieden soll ein neues Stadtquartier entstehen. Die Stadt Z\u00fcrich hat dazu nun eine \u00a0Bautr\u00e4gerausschreibung gestartet.","breadcrumb":{"@id":"https:\/\/www.immobilienbusiness.ch\/regionen\/2017-06-06\/zuerich-stadt-sucht-bautraeger-fuer-koch-areal\/#breadcrumb"},"inLanguage":"it-IT","potentialAction":[{"@type":"ReadAction","target":["https:\/\/www.immobilienbusiness.ch\/regionen\/2017-06-06\/zuerich-stadt-sucht-bautraeger-fuer-koch-areal\/"]}]},{"@type":"ImageObject","inLanguage":"it-IT","@id":"https:\/\/www.immobilienbusiness.ch\/regionen\/2017-06-06\/zuerich-stadt-sucht-bautraeger-fuer-koch-areal\/#primaryimage","url":"https:\/\/www.immobilienbusiness.ch\/wp-content\/uploads\/2016\/12\/Basel-ASAG-baut-neuen-Hauptsitz-im-Dreispitz-immobilien-business.jpg","contentUrl":"https:\/\/www.immobilienbusiness.ch\/wp-content\/uploads\/2016\/12\/Basel-ASAG-baut-neuen-Hauptsitz-im-Dreispitz-immobilien-business.jpg","width":1280,"height":853,"caption":"ASAG baut ihren Standort auf dem Basler Dreispitz massiv aus (Foto: Pixabay)"},{"@type":"BreadcrumbList","@id":"https:\/\/www.immobilienbusiness.ch\/regionen\/2017-06-06\/zuerich-stadt-sucht-bautraeger-fuer-koch-areal\/#breadcrumb","itemListElement":[{"@type":"ListItem","position":1,"name":"Home","item":"https:\/\/www.immobilienbusiness.ch\/"},{"@type":"ListItem","position":2,"name":"Z\u00fcrich: Stadt sucht Bautr\u00e4ger f\u00fcr Koch-Areal"}]},{"@type":"WebSite","@id":"https:\/\/www.immobilienbusiness.ch\/#website","url":"https:\/\/www.immobilienbusiness.ch\/","name":"Affari immobiliari","description":"Rivista economica indipendente svizzera che si concentra sul settore immobiliare, l'architettura e la costruzione, nonch\u00e9 sugli investimenti e i finanziamenti.","publisher":{"@id":"https:\/\/www.immobilienbusiness.ch\/#organization"},"potentialAction":[{"@type":"SearchAction","target":{"@type":"EntryPoint","urlTemplate":"https:\/\/www.immobilienbusiness.ch\/?s={search_term_string}"},"query-input":{"@type":"PropertyValueSpecification","valueRequired":true,"valueName":"search_term_string"}}],"inLanguage":"it-IT"},{"@type":"Organization","@id":"https:\/\/www.immobilienbusiness.ch\/#organization","name":"Affari immobiliari","url":"https:\/\/www.immobilienbusiness.ch\/","logo":{"@type":"ImageObject","inLanguage":"it-IT","@id":"https:\/\/www.immobilienbusiness.ch\/#\/schema\/logo\/image\/","url":"https:\/\/www.immobilienbusiness.ch\/wp-content\/uploads\/2021\/07\/logo_ib.png","contentUrl":"https:\/\/www.immobilienbusiness.ch\/wp-content\/uploads\/2021\/07\/logo_ib.png","width":800,"height":181,"caption":"IMMOBILIEN Business"},"image":{"@id":"https:\/\/www.immobilienbusiness.ch\/#\/schema\/logo\/image\/"},"sameAs":["https:\/\/www.facebook.com\/immobilienbusiness\/"]},{"@type":"Person","@id":"https:\/\/www.immobilienbusiness.ch\/#\/schema\/person\/3fc036297b10b9f42d6db5ee932af8c8","name":"anja.hall","image":{"@type":"ImageObject","inLanguage":"it-IT","@id":"https:\/\/secure.gravatar.com\/avatar\/066b5a0d447013502c71a5782f4f3469f03cfe595cc2329fb94652fe47511bfb?s=96&d=mm&r=g","url":"https:\/\/secure.gravatar.com\/avatar\/066b5a0d447013502c71a5782f4f3469f03cfe595cc2329fb94652fe47511bfb?s=96&d=mm&r=g","contentUrl":"https:\/\/secure.gravatar.com\/avatar\/066b5a0d447013502c71a5782f4f3469f03cfe595cc2329fb94652fe47511bfb?s=96&d=mm&r=g","caption":"anja.hall"},"url":"https:\/\/www.immobilienbusiness.ch\/it\/author\/anja-hall\/"}]}},"_links":{"self":[{"href":"https:\/\/www.immobilienbusiness.ch\/it\/wp-json\/wp\/v2\/posts\/7855","targetHints":{"allow":["GET"]}}],"collection":[{"href":"https:\/\/www.immobilienbusiness.ch\/it\/wp-json\/wp\/v2\/posts"}],"about":[{"href":"https:\/\/www.immobilienbusiness.ch\/it\/wp-json\/wp\/v2\/types\/post"}],"author":[{"embeddable":true,"href":"https:\/\/www.immobilienbusiness.ch\/it\/wp-json\/wp\/v2\/users\/3"}],"replies":[{"embeddable":true,"href":"https:\/\/www.immobilienbusiness.ch\/it\/wp-json\/wp\/v2\/comments?post=7855"}],"version-history":[{"count":0,"href":"https:\/\/www.immobilienbusiness.ch\/it\/wp-json\/wp\/v2\/posts\/7855\/revisions"}],"wp:featuredmedia":[{"embeddable":true,"href":"https:\/\/www.immobilienbusiness.ch\/it\/wp-json\/wp\/v2\/media\/1246"}],"wp:attachment":[{"href":"https:\/\/www.immobilienbusiness.ch\/it\/wp-json\/wp\/v2\/media?parent=7855"}],"wp:term":[{"taxonomy":"category","embeddable":true,"href":"https:\/\/www.immobilienbusiness.ch\/it\/wp-json\/wp\/v2\/categories?post=7855"},{"taxonomy":"post_tag","embeddable":true,"href":"https:\/\/www.immobilienbusiness.ch\/it\/wp-json\/wp\/v2\/tags?post=7855"}],"curies":[{"name":"wp","href":"https:\/\/api.w.org\/{rel}","templated":true}]}}