{"id":7786,"date":"2017-05-30T08:58:32","date_gmt":"2017-05-30T06:58:32","guid":{"rendered":"https:\/\/www.immobilienbusiness.ch\/?p=7786"},"modified":"2017-05-30T08:58:32","modified_gmt":"2017-05-30T06:58:32","slug":"firmen-eqs-adhoc-acron-helvetia-i-immobilien-ag","status":"publish","type":"post","link":"https:\/\/www.immobilienbusiness.ch\/it\/unternehmen\/2017-05-30\/firmen-eqs-adhoc-acron-helvetia-i-immobilien-ag\/","title":{"rendered":"Acron Helvetia I: l'assemblea dei soci approva l'opting out"},"content":{"rendered":"<figure id=\"attachment_6749\" aria-describedby=\"caption-attachment-6749\" style=\"width: 680px\" class=\"wp-caption alignnone\"><img loading=\"lazy\" decoding=\"async\" class=\"size-medium wp-image-6749\" src=\"https:\/\/www.immobilienbusiness.ch\/wp-content\/uploads\/2017\/03\/Depositphotos_14941895_m-2015.jpg\" alt=\"\" width=\"680\" height=\"428\" srcset=\"https:\/\/www.immobilienbusiness.ch\/wp-content\/uploads\/2017\/03\/Depositphotos_14941895_m-2015.jpg 1000w, https:\/\/www.immobilienbusiness.ch\/wp-content\/uploads\/2017\/03\/Depositphotos_14941895_m-2015-300x189.jpg 300w, https:\/\/www.immobilienbusiness.ch\/wp-content\/uploads\/2017\/03\/Depositphotos_14941895_m-2015-768x483.jpg 768w, https:\/\/www.immobilienbusiness.ch\/wp-content\/uploads\/2017\/03\/Depositphotos_14941895_m-2015-16x10.jpg 16w, https:\/\/www.immobilienbusiness.ch\/wp-content\/uploads\/2017\/03\/Depositphotos_14941895_m-2015-278x175.jpg 278w, https:\/\/www.immobilienbusiness.ch\/wp-content\/uploads\/2017\/03\/Depositphotos_14941895_m-2015-556x350.jpg 556w, https:\/\/www.immobilienbusiness.ch\/wp-content\/uploads\/2017\/03\/Depositphotos_14941895_m-2015-920x579.jpg 920w\" sizes=\"auto, (max-width: 680px) 100vw, 680px\" \/><figcaption id=\"caption-attachment-6749\" class=\"wp-caption-text\">L'Assemblea generale di Acron Helvetia I delibera la modifica dello Statuto. (Immagine: Alexmit - depositphotos)<\/figcaption><\/figure>\n<p>Una clausola di opting-out, come quella introdotta da Acron Helvetia I, fa s\u00ec che un acquirente non sia obbligato a fare un'offerta pubblica di acquisto a tutti i possessori di titoli azionari (la cosiddetta offerta obbligatoria), anche se supera la soglia di un terzo dei diritti di voto.<\/p>\n<p>Secondo Acron, all'assemblea generale era rappresentato il 46,87% dei diritti di voto e del capitale sociale. La riunione \u00e8 stata regolarmente costituita e ha raggiunto il quorum per la trattazione dei punti all'ordine del giorno. Secondo la prassi della Commissione, la modifica dello Statuto, che introduce l'opting-out, richiede la maggioranza semplice di tutti i voti espressi e la maggioranza semplice dei voti degli azionisti.<\/p>\n<p>Acron Helvetia I detiene la propriet\u00e0 di uffici e logistica Lyreco a Buchs (ZH) dal dicembre 2007. Il 1\u00b0 gennaio 2009 la societ\u00e0 si \u00e8 fusa con S\u00fcdpark Zuchwilerstrasse Immobilien AG. Da allora, detiene l'immobile per uffici S\u00fcdpark Solothurn come secondo investimento immobiliare. Le azioni della societ\u00e0 sono quotate sul BX Berne eXchange dal settembre 2009.<\/p>","protected":false},"excerpt":{"rendered":"<p>L'assemblea generale della societ\u00e0 immobiliare Acron Helvetia I Immobilien AG ha deliberato di introdurre un opting-out nello statuto della societ\u00e0.<\/p>","protected":false},"author":3,"featured_media":6749,"comment_status":"open","ping_status":"open","sticky":false,"template":"","format":"standard","meta":{"_acf_changed":false,"_yoast_wpseo_focuskw":"Acron","_yoast_wpseo_title":"","_yoast_wpseo_metadesc":"Die Generalversammlung der Acron Helvetia I\u00a0Immobilien AG\u00a0hat die\u00a0 Einf\u00fchrung eines Opting-Out in die Gesellschaftsstatuten beschlossen.","_yoast_wpseo_linkdex":59,"pgc_sgb_lightbox_settings":"","footnotes":""},"categories":[988],"tags":[1344,1807],"class_list":["post-7786","post","type-post","status-publish","format-standard","has-post-thumbnail","hentry","category-unternehmen","tag-immobilienfonds","tag-unternehmen"],"acf":[],"yoast_head":"<!-- This site is optimized with the Yoast SEO plugin v27.4 - https:\/\/yoast.com\/product\/yoast-seo-wordpress\/ -->\n<title>Acron Helvetia I: GV beschliesst Opting-Out - IMMOBILIEN Business<\/title>\n<meta name=\"description\" content=\"Die Generalversammlung der Acron Helvetia I\u00a0Immobilien AG\u00a0hat die\u00a0 Einf\u00fchrung eines Opting-Out in die Gesellschaftsstatuten beschlossen.\" \/>\n<meta name=\"robots\" content=\"index, follow, max-snippet:-1, max-image-preview:large, max-video-preview:-1\" \/>\n<link rel=\"canonical\" href=\"https:\/\/www.immobilienbusiness.ch\/it\/unternehmen\/2017-05-30\/firmen-eqs-adhoc-acron-helvetia-i-immobilien-ag\/\" \/>\n<meta property=\"og:locale\" content=\"it_IT\" \/>\n<meta property=\"og:type\" content=\"article\" \/>\n<meta property=\"og:title\" content=\"Acron Helvetia I: GV beschliesst Opting-Out\" \/>\n<meta property=\"og:description\" content=\"Die Generalversammlung der Acron Helvetia I\u00a0Immobilien AG\u00a0hat die\u00a0 Einf\u00fchrung eines Opting-Out in die Gesellschaftsstatuten beschlossen.\" \/>\n<meta property=\"og:url\" content=\"https:\/\/www.immobilienbusiness.ch\/it\/unternehmen\/2017-05-30\/firmen-eqs-adhoc-acron-helvetia-i-immobilien-ag\/\" \/>\n<meta property=\"og:site_name\" content=\"IMMOBILIEN Business\" \/>\n<meta property=\"article:publisher\" content=\"https:\/\/www.facebook.com\/immobilienbusiness\/\" \/>\n<meta property=\"article:published_time\" content=\"2017-05-30T06:58:32+00:00\" \/>\n<meta property=\"og:image\" content=\"https:\/\/www.immobilienbusiness.ch\/wp-content\/uploads\/2017\/03\/Depositphotos_14941895_m-2015.jpg\" \/>\n\t<meta property=\"og:image:width\" content=\"1000\" \/>\n\t<meta property=\"og:image:height\" content=\"629\" \/>\n\t<meta property=\"og:image:type\" content=\"image\/jpeg\" \/>\n<meta name=\"author\" content=\"anja.hall\" \/>\n<meta name=\"twitter:card\" content=\"summary_large_image\" \/>\n<meta name=\"twitter:title\" content=\"Acron Helvetia I: GV beschliesst Opting-Out\" \/>\n<meta name=\"twitter:description\" content=\"Die Generalversammlung der Acron Helvetia I\u00a0Immobilien AG\u00a0hat die\u00a0 Einf\u00fchrung eines Opting-Out in die Gesellschaftsstatuten beschlossen.\" \/>\n<meta name=\"twitter:image\" content=\"https:\/\/www.immobilienbusiness.ch\/wp-content\/uploads\/2017\/03\/Depositphotos_14941895_m-2015.jpg\" \/>\n<script type=\"application\/ld+json\" class=\"yoast-schema-graph\">{\"@context\":\"https:\\\/\\\/schema.org\",\"@graph\":[{\"@type\":\"Article\",\"@id\":\"https:\\\/\\\/www.immobilienbusiness.ch\\\/unternehmen\\\/2017-05-30\\\/firmen-eqs-adhoc-acron-helvetia-i-immobilien-ag\\\/#article\",\"isPartOf\":{\"@id\":\"https:\\\/\\\/www.immobilienbusiness.ch\\\/unternehmen\\\/2017-05-30\\\/firmen-eqs-adhoc-acron-helvetia-i-immobilien-ag\\\/\"},\"author\":{\"name\":\"anja.hall\",\"@id\":\"https:\\\/\\\/www.immobilienbusiness.ch\\\/#\\\/schema\\\/person\\\/3fc036297b10b9f42d6db5ee932af8c8\"},\"headline\":\"Acron Helvetia I: GV beschliesst Opting-Out\",\"datePublished\":\"2017-05-30T06:58:32+00:00\",\"mainEntityOfPage\":{\"@id\":\"https:\\\/\\\/www.immobilienbusiness.ch\\\/unternehmen\\\/2017-05-30\\\/firmen-eqs-adhoc-acron-helvetia-i-immobilien-ag\\\/\"},\"wordCount\":184,\"commentCount\":0,\"publisher\":{\"@id\":\"https:\\\/\\\/www.immobilienbusiness.ch\\\/#organization\"},\"image\":{\"@id\":\"https:\\\/\\\/www.immobilienbusiness.ch\\\/unternehmen\\\/2017-05-30\\\/firmen-eqs-adhoc-acron-helvetia-i-immobilien-ag\\\/#primaryimage\"},\"thumbnailUrl\":\"https:\\\/\\\/www.immobilienbusiness.ch\\\/wp-content\\\/uploads\\\/2017\\\/03\\\/Depositphotos_14941895_m-2015.jpg\",\"keywords\":[\"Immobilienfonds\",\"Unternehmen\"],\"articleSection\":[\"UNTERNEHMEN\"],\"inLanguage\":\"it-IT\"},{\"@type\":\"WebPage\",\"@id\":\"https:\\\/\\\/www.immobilienbusiness.ch\\\/unternehmen\\\/2017-05-30\\\/firmen-eqs-adhoc-acron-helvetia-i-immobilien-ag\\\/\",\"url\":\"https:\\\/\\\/www.immobilienbusiness.ch\\\/unternehmen\\\/2017-05-30\\\/firmen-eqs-adhoc-acron-helvetia-i-immobilien-ag\\\/\",\"name\":\"Acron Helvetia I: GV beschliesst Opting-Out - IMMOBILIEN Business\",\"isPartOf\":{\"@id\":\"https:\\\/\\\/www.immobilienbusiness.ch\\\/#website\"},\"primaryImageOfPage\":{\"@id\":\"https:\\\/\\\/www.immobilienbusiness.ch\\\/unternehmen\\\/2017-05-30\\\/firmen-eqs-adhoc-acron-helvetia-i-immobilien-ag\\\/#primaryimage\"},\"image\":{\"@id\":\"https:\\\/\\\/www.immobilienbusiness.ch\\\/unternehmen\\\/2017-05-30\\\/firmen-eqs-adhoc-acron-helvetia-i-immobilien-ag\\\/#primaryimage\"},\"thumbnailUrl\":\"https:\\\/\\\/www.immobilienbusiness.ch\\\/wp-content\\\/uploads\\\/2017\\\/03\\\/Depositphotos_14941895_m-2015.jpg\",\"datePublished\":\"2017-05-30T06:58:32+00:00\",\"description\":\"Die Generalversammlung der Acron Helvetia I\u00a0Immobilien AG\u00a0hat die\u00a0 Einf\u00fchrung eines Opting-Out in die Gesellschaftsstatuten beschlossen.\",\"breadcrumb\":{\"@id\":\"https:\\\/\\\/www.immobilienbusiness.ch\\\/unternehmen\\\/2017-05-30\\\/firmen-eqs-adhoc-acron-helvetia-i-immobilien-ag\\\/#breadcrumb\"},\"inLanguage\":\"it-IT\",\"potentialAction\":[{\"@type\":\"ReadAction\",\"target\":[\"https:\\\/\\\/www.immobilienbusiness.ch\\\/unternehmen\\\/2017-05-30\\\/firmen-eqs-adhoc-acron-helvetia-i-immobilien-ag\\\/\"]}]},{\"@type\":\"ImageObject\",\"inLanguage\":\"it-IT\",\"@id\":\"https:\\\/\\\/www.immobilienbusiness.ch\\\/unternehmen\\\/2017-05-30\\\/firmen-eqs-adhoc-acron-helvetia-i-immobilien-ag\\\/#primaryimage\",\"url\":\"https:\\\/\\\/www.immobilienbusiness.ch\\\/wp-content\\\/uploads\\\/2017\\\/03\\\/Depositphotos_14941895_m-2015.jpg\",\"contentUrl\":\"https:\\\/\\\/www.immobilienbusiness.ch\\\/wp-content\\\/uploads\\\/2017\\\/03\\\/Depositphotos_14941895_m-2015.jpg\",\"width\":1000,\"height\":629,\"caption\":\"Die Swiss Prime AST hat Halbjahreszahlen f\u00fcr ihre Anlagegruppen vorgelegt (Bild: Alexmit - depositphotos)\"},{\"@type\":\"BreadcrumbList\",\"@id\":\"https:\\\/\\\/www.immobilienbusiness.ch\\\/unternehmen\\\/2017-05-30\\\/firmen-eqs-adhoc-acron-helvetia-i-immobilien-ag\\\/#breadcrumb\",\"itemListElement\":[{\"@type\":\"ListItem\",\"position\":1,\"name\":\"Home\",\"item\":\"https:\\\/\\\/www.immobilienbusiness.ch\\\/\"},{\"@type\":\"ListItem\",\"position\":2,\"name\":\"Acron Helvetia I: GV beschliesst Opting-Out\"}]},{\"@type\":\"WebSite\",\"@id\":\"https:\\\/\\\/www.immobilienbusiness.ch\\\/#website\",\"url\":\"https:\\\/\\\/www.immobilienbusiness.ch\\\/\",\"name\":\"IMMOBILIEN Business\",\"description\":\"Unabh\u00e4ngiges Schweizer Wirtschaftsmagazin mit Fokus auf Immobilien, Architektur- und Bau sowie Investment- und Finanzierung.\",\"publisher\":{\"@id\":\"https:\\\/\\\/www.immobilienbusiness.ch\\\/#organization\"},\"potentialAction\":[{\"@type\":\"SearchAction\",\"target\":{\"@type\":\"EntryPoint\",\"urlTemplate\":\"https:\\\/\\\/www.immobilienbusiness.ch\\\/?s={search_term_string}\"},\"query-input\":{\"@type\":\"PropertyValueSpecification\",\"valueRequired\":true,\"valueName\":\"search_term_string\"}}],\"inLanguage\":\"it-IT\"},{\"@type\":\"Organization\",\"@id\":\"https:\\\/\\\/www.immobilienbusiness.ch\\\/#organization\",\"name\":\"IMMOBILIEN Business\",\"url\":\"https:\\\/\\\/www.immobilienbusiness.ch\\\/\",\"logo\":{\"@type\":\"ImageObject\",\"inLanguage\":\"it-IT\",\"@id\":\"https:\\\/\\\/www.immobilienbusiness.ch\\\/#\\\/schema\\\/logo\\\/image\\\/\",\"url\":\"https:\\\/\\\/www.immobilienbusiness.ch\\\/wp-content\\\/uploads\\\/2021\\\/07\\\/logo_ib.png\",\"contentUrl\":\"https:\\\/\\\/www.immobilienbusiness.ch\\\/wp-content\\\/uploads\\\/2021\\\/07\\\/logo_ib.png\",\"width\":800,\"height\":181,\"caption\":\"IMMOBILIEN Business\"},\"image\":{\"@id\":\"https:\\\/\\\/www.immobilienbusiness.ch\\\/#\\\/schema\\\/logo\\\/image\\\/\"},\"sameAs\":[\"https:\\\/\\\/www.facebook.com\\\/immobilienbusiness\\\/\"]},{\"@type\":\"Person\",\"@id\":\"https:\\\/\\\/www.immobilienbusiness.ch\\\/#\\\/schema\\\/person\\\/3fc036297b10b9f42d6db5ee932af8c8\",\"name\":\"anja.hall\",\"image\":{\"@type\":\"ImageObject\",\"inLanguage\":\"it-IT\",\"@id\":\"https:\\\/\\\/secure.gravatar.com\\\/avatar\\\/066b5a0d447013502c71a5782f4f3469f03cfe595cc2329fb94652fe47511bfb?s=96&d=mm&r=g\",\"url\":\"https:\\\/\\\/secure.gravatar.com\\\/avatar\\\/066b5a0d447013502c71a5782f4f3469f03cfe595cc2329fb94652fe47511bfb?s=96&d=mm&r=g\",\"contentUrl\":\"https:\\\/\\\/secure.gravatar.com\\\/avatar\\\/066b5a0d447013502c71a5782f4f3469f03cfe595cc2329fb94652fe47511bfb?s=96&d=mm&r=g\",\"caption\":\"anja.hall\"},\"url\":\"https:\\\/\\\/www.immobilienbusiness.ch\\\/it\\\/author\\\/anja-hall\\\/\"}]}<\/script>\n<!-- \/ Yoast SEO plugin. -->","yoast_head_json":{"title":"Acron Helvetia I: l'assemblea dei soci approva l'opting out - IMMOBILIEN Business","description":"L'Assemblea generale di Acron Helvetia I Immobilien AG ha deciso di introdurre un'opzione di opting-out nello Statuto della societ\u00e0.","robots":{"index":"index","follow":"follow","max-snippet":"max-snippet:-1","max-image-preview":"max-image-preview:large","max-video-preview":"max-video-preview:-1"},"canonical":"https:\/\/www.immobilienbusiness.ch\/it\/unternehmen\/2017-05-30\/firmen-eqs-adhoc-acron-helvetia-i-immobilien-ag\/","og_locale":"it_IT","og_type":"article","og_title":"Acron Helvetia I: GV beschliesst Opting-Out","og_description":"Die Generalversammlung der Acron Helvetia I\u00a0Immobilien AG\u00a0hat die\u00a0 Einf\u00fchrung eines Opting-Out in die Gesellschaftsstatuten beschlossen.","og_url":"https:\/\/www.immobilienbusiness.ch\/it\/unternehmen\/2017-05-30\/firmen-eqs-adhoc-acron-helvetia-i-immobilien-ag\/","og_site_name":"IMMOBILIEN Business","article_publisher":"https:\/\/www.facebook.com\/immobilienbusiness\/","article_published_time":"2017-05-30T06:58:32+00:00","og_image":[{"width":1000,"height":629,"url":"https:\/\/www.immobilienbusiness.ch\/wp-content\/uploads\/2017\/03\/Depositphotos_14941895_m-2015.jpg","type":"image\/jpeg"}],"author":"anja.hall","twitter_card":"summary_large_image","twitter_title":"Acron Helvetia I: GV beschliesst Opting-Out","twitter_description":"Die Generalversammlung der Acron Helvetia I\u00a0Immobilien AG\u00a0hat die\u00a0 Einf\u00fchrung eines Opting-Out in die Gesellschaftsstatuten beschlossen.","twitter_image":"https:\/\/www.immobilienbusiness.ch\/wp-content\/uploads\/2017\/03\/Depositphotos_14941895_m-2015.jpg","schema":{"@context":"https:\/\/schema.org","@graph":[{"@type":"Article","@id":"https:\/\/www.immobilienbusiness.ch\/unternehmen\/2017-05-30\/firmen-eqs-adhoc-acron-helvetia-i-immobilien-ag\/#article","isPartOf":{"@id":"https:\/\/www.immobilienbusiness.ch\/unternehmen\/2017-05-30\/firmen-eqs-adhoc-acron-helvetia-i-immobilien-ag\/"},"author":{"name":"anja.hall","@id":"https:\/\/www.immobilienbusiness.ch\/#\/schema\/person\/3fc036297b10b9f42d6db5ee932af8c8"},"headline":"Acron Helvetia I: GV beschliesst Opting-Out","datePublished":"2017-05-30T06:58:32+00:00","mainEntityOfPage":{"@id":"https:\/\/www.immobilienbusiness.ch\/unternehmen\/2017-05-30\/firmen-eqs-adhoc-acron-helvetia-i-immobilien-ag\/"},"wordCount":184,"commentCount":0,"publisher":{"@id":"https:\/\/www.immobilienbusiness.ch\/#organization"},"image":{"@id":"https:\/\/www.immobilienbusiness.ch\/unternehmen\/2017-05-30\/firmen-eqs-adhoc-acron-helvetia-i-immobilien-ag\/#primaryimage"},"thumbnailUrl":"https:\/\/www.immobilienbusiness.ch\/wp-content\/uploads\/2017\/03\/Depositphotos_14941895_m-2015.jpg","keywords":["Immobilienfonds","Unternehmen"],"articleSection":["UNTERNEHMEN"],"inLanguage":"it-IT"},{"@type":"WebPage","@id":"https:\/\/www.immobilienbusiness.ch\/unternehmen\/2017-05-30\/firmen-eqs-adhoc-acron-helvetia-i-immobilien-ag\/","url":"https:\/\/www.immobilienbusiness.ch\/unternehmen\/2017-05-30\/firmen-eqs-adhoc-acron-helvetia-i-immobilien-ag\/","name":"Acron Helvetia I: l'assemblea dei soci approva l'opting out - IMMOBILIEN Business","isPartOf":{"@id":"https:\/\/www.immobilienbusiness.ch\/#website"},"primaryImageOfPage":{"@id":"https:\/\/www.immobilienbusiness.ch\/unternehmen\/2017-05-30\/firmen-eqs-adhoc-acron-helvetia-i-immobilien-ag\/#primaryimage"},"image":{"@id":"https:\/\/www.immobilienbusiness.ch\/unternehmen\/2017-05-30\/firmen-eqs-adhoc-acron-helvetia-i-immobilien-ag\/#primaryimage"},"thumbnailUrl":"https:\/\/www.immobilienbusiness.ch\/wp-content\/uploads\/2017\/03\/Depositphotos_14941895_m-2015.jpg","datePublished":"2017-05-30T06:58:32+00:00","description":"L'Assemblea generale di Acron Helvetia I Immobilien AG ha deciso di introdurre un'opzione di opting-out nello Statuto della societ\u00e0.","breadcrumb":{"@id":"https:\/\/www.immobilienbusiness.ch\/unternehmen\/2017-05-30\/firmen-eqs-adhoc-acron-helvetia-i-immobilien-ag\/#breadcrumb"},"inLanguage":"it-IT","potentialAction":[{"@type":"ReadAction","target":["https:\/\/www.immobilienbusiness.ch\/unternehmen\/2017-05-30\/firmen-eqs-adhoc-acron-helvetia-i-immobilien-ag\/"]}]},{"@type":"ImageObject","inLanguage":"it-IT","@id":"https:\/\/www.immobilienbusiness.ch\/unternehmen\/2017-05-30\/firmen-eqs-adhoc-acron-helvetia-i-immobilien-ag\/#primaryimage","url":"https:\/\/www.immobilienbusiness.ch\/wp-content\/uploads\/2017\/03\/Depositphotos_14941895_m-2015.jpg","contentUrl":"https:\/\/www.immobilienbusiness.ch\/wp-content\/uploads\/2017\/03\/Depositphotos_14941895_m-2015.jpg","width":1000,"height":629,"caption":"Die Swiss Prime AST hat Halbjahreszahlen f\u00fcr ihre Anlagegruppen vorgelegt (Bild: Alexmit - depositphotos)"},{"@type":"BreadcrumbList","@id":"https:\/\/www.immobilienbusiness.ch\/unternehmen\/2017-05-30\/firmen-eqs-adhoc-acron-helvetia-i-immobilien-ag\/#breadcrumb","itemListElement":[{"@type":"ListItem","position":1,"name":"Home","item":"https:\/\/www.immobilienbusiness.ch\/"},{"@type":"ListItem","position":2,"name":"Acron Helvetia I: GV beschliesst Opting-Out"}]},{"@type":"WebSite","@id":"https:\/\/www.immobilienbusiness.ch\/#website","url":"https:\/\/www.immobilienbusiness.ch\/","name":"Affari immobiliari","description":"Rivista economica indipendente svizzera che si concentra sul settore immobiliare, l'architettura e la costruzione, nonch\u00e9 sugli investimenti e i finanziamenti.","publisher":{"@id":"https:\/\/www.immobilienbusiness.ch\/#organization"},"potentialAction":[{"@type":"SearchAction","target":{"@type":"EntryPoint","urlTemplate":"https:\/\/www.immobilienbusiness.ch\/?s={search_term_string}"},"query-input":{"@type":"PropertyValueSpecification","valueRequired":true,"valueName":"search_term_string"}}],"inLanguage":"it-IT"},{"@type":"Organization","@id":"https:\/\/www.immobilienbusiness.ch\/#organization","name":"Affari immobiliari","url":"https:\/\/www.immobilienbusiness.ch\/","logo":{"@type":"ImageObject","inLanguage":"it-IT","@id":"https:\/\/www.immobilienbusiness.ch\/#\/schema\/logo\/image\/","url":"https:\/\/www.immobilienbusiness.ch\/wp-content\/uploads\/2021\/07\/logo_ib.png","contentUrl":"https:\/\/www.immobilienbusiness.ch\/wp-content\/uploads\/2021\/07\/logo_ib.png","width":800,"height":181,"caption":"IMMOBILIEN Business"},"image":{"@id":"https:\/\/www.immobilienbusiness.ch\/#\/schema\/logo\/image\/"},"sameAs":["https:\/\/www.facebook.com\/immobilienbusiness\/"]},{"@type":"Person","@id":"https:\/\/www.immobilienbusiness.ch\/#\/schema\/person\/3fc036297b10b9f42d6db5ee932af8c8","name":"anja.hall","image":{"@type":"ImageObject","inLanguage":"it-IT","@id":"https:\/\/secure.gravatar.com\/avatar\/066b5a0d447013502c71a5782f4f3469f03cfe595cc2329fb94652fe47511bfb?s=96&d=mm&r=g","url":"https:\/\/secure.gravatar.com\/avatar\/066b5a0d447013502c71a5782f4f3469f03cfe595cc2329fb94652fe47511bfb?s=96&d=mm&r=g","contentUrl":"https:\/\/secure.gravatar.com\/avatar\/066b5a0d447013502c71a5782f4f3469f03cfe595cc2329fb94652fe47511bfb?s=96&d=mm&r=g","caption":"anja.hall"},"url":"https:\/\/www.immobilienbusiness.ch\/it\/author\/anja-hall\/"}]}},"_links":{"self":[{"href":"https:\/\/www.immobilienbusiness.ch\/it\/wp-json\/wp\/v2\/posts\/7786","targetHints":{"allow":["GET"]}}],"collection":[{"href":"https:\/\/www.immobilienbusiness.ch\/it\/wp-json\/wp\/v2\/posts"}],"about":[{"href":"https:\/\/www.immobilienbusiness.ch\/it\/wp-json\/wp\/v2\/types\/post"}],"author":[{"embeddable":true,"href":"https:\/\/www.immobilienbusiness.ch\/it\/wp-json\/wp\/v2\/users\/3"}],"replies":[{"embeddable":true,"href":"https:\/\/www.immobilienbusiness.ch\/it\/wp-json\/wp\/v2\/comments?post=7786"}],"version-history":[{"count":0,"href":"https:\/\/www.immobilienbusiness.ch\/it\/wp-json\/wp\/v2\/posts\/7786\/revisions"}],"wp:featuredmedia":[{"embeddable":true,"href":"https:\/\/www.immobilienbusiness.ch\/it\/wp-json\/wp\/v2\/media\/6749"}],"wp:attachment":[{"href":"https:\/\/www.immobilienbusiness.ch\/it\/wp-json\/wp\/v2\/media?parent=7786"}],"wp:term":[{"taxonomy":"category","embeddable":true,"href":"https:\/\/www.immobilienbusiness.ch\/it\/wp-json\/wp\/v2\/categories?post=7786"},{"taxonomy":"post_tag","embeddable":true,"href":"https:\/\/www.immobilienbusiness.ch\/it\/wp-json\/wp\/v2\/tags?post=7786"}],"curies":[{"name":"wp","href":"https:\/\/api.w.org\/{rel}","templated":true}]}}