{"id":7767,"date":"2017-05-30T08:28:34","date_gmt":"2017-05-30T06:28:34","guid":{"rendered":"https:\/\/www.immobilienbusiness.ch\/?p=7767"},"modified":"2017-05-30T08:28:34","modified_gmt":"2017-05-30T06:28:34","slug":"chur-inventx-plant-neubau-beim-forstwerkhof","status":"publish","type":"post","link":"https:\/\/www.immobilienbusiness.ch\/it\/regionen\/2017-05-30\/chur-inventx-plant-neubau-beim-forstwerkhof\/","title":{"rendered":"Coira: Inventx progetta un nuovo edificio nel vecchio cantiere forestale"},"content":{"rendered":"<figure id=\"attachment_7558\" aria-describedby=\"caption-attachment-7558\" style=\"width: 679px\" class=\"wp-caption alignnone\"><img loading=\"lazy\" decoding=\"async\" class=\"size-full wp-image-7558\" src=\"https:\/\/www.immobilienbusiness.ch\/wp-content\/uploads\/2017\/05\/IB-News-12052017-Immobilien-Business-Bern-Kino-Capitol-Ersatzneubau.jpg\" alt=\"\" width=\"679\" height=\"483\" srcset=\"https:\/\/www.immobilienbusiness.ch\/wp-content\/uploads\/2017\/05\/IB-News-12052017-Immobilien-Business-Bern-Kino-Capitol-Ersatzneubau.jpg 679w, https:\/\/www.immobilienbusiness.ch\/wp-content\/uploads\/2017\/05\/IB-News-12052017-Immobilien-Business-Bern-Kino-Capitol-Ersatzneubau-300x213.jpg 300w, https:\/\/www.immobilienbusiness.ch\/wp-content\/uploads\/2017\/05\/IB-News-12052017-Immobilien-Business-Bern-Kino-Capitol-Ersatzneubau-16x12.jpg 16w, https:\/\/www.immobilienbusiness.ch\/wp-content\/uploads\/2017\/05\/IB-News-12052017-Immobilien-Business-Bern-Kino-Capitol-Ersatzneubau-246x175.jpg 246w, https:\/\/www.immobilienbusiness.ch\/wp-content\/uploads\/2017\/05\/IB-News-12052017-Immobilien-Business-Bern-Kino-Capitol-Ersatzneubau-492x350.jpg 492w\" sizes=\"auto, (max-width: 679px) 100vw, 679px\" \/><figcaption id=\"caption-attachment-7558\" class=\"wp-caption-text\">Inventx sta progettando un edificio residenziale e commerciale a Coira (Foto: gunnar3000 - depositphotos)<\/figcaption><\/figure>\n<p>Inventx vuole trasferire la propria sede nel nuovo edificio previsto, che porta il nome di progetto \"Mehrwerk\". Il nuovo edificio creer\u00e0 spazio per pi\u00f9 di 200 posti di lavoro e offrir\u00e0 anche spazio per la gastronomia, la cultura e un centro di assistenza all'infanzia, afferma l'azienda informatica. Sono previste anche undici unit\u00e0 abitative. Inventx dichiara che investir\u00e0 pi\u00f9 di 30 milioni di franchi svizzeri nel progetto.<\/p>\n<p>Sul sito \"Alter Forstwerkhof\", su una superficie di 2.387 m\u00b2, saranno creati fino a 200 posti di lavoro con concetti innovativi di spazio per uffici. Ad esempio, l'area d'ingresso sar\u00e0 multifunzionale, in modo da poter essere trasformata in breve tempo da zona di co-working a sala riunioni o a sala da concerto e da ballo, informa Inventx.<\/p>\n<p>Lo spazio per gli uffici sar\u00e0 completato da un'area sportiva e di ristorazione e da un asilo nido, che sar\u00e0 aperto anche al pubblico. Il terzo e l'ultimo piano dell'edificio a forma di L conterranno appartamenti da 2,5 a 5 stanze. Un parcheggio sotterraneo offrir\u00e0 spazio a quasi 50 veicoli passeggeri.<\/p>\n<p>Il 21 maggio, la popolazione di Coira ha dato il via libera al progetto: ha approvato il trasferimento dei diritti di superficie a Inventx Immobilien AG con 7.598 voti a favore e 1.383 contrari. Gregor St\u00fccheli, cofondatore e amministratore delegato dell'azienda, si \u00e8 detto fiducioso che la cerimonia di posa della prima pietra avverr\u00e0 il prima possibile dopo il voto.<\/p>","protected":false},"excerpt":{"rendered":"<p>L'azienda informatica Inventx vuole costruire un edificio residenziale e commerciale sul sito del vecchio cantiere forestale di Coira. Il concetto prevede uffici, gastronomia, cultura e appartamenti.<\/p>","protected":false},"author":3,"featured_media":7558,"comment_status":"open","ping_status":"open","sticky":false,"template":"","format":"standard","meta":{"_acf_changed":false,"_yoast_wpseo_focuskw":"Inventx","_yoast_wpseo_title":"","_yoast_wpseo_metadesc":"Das IT-Unternehmen\u00a0Inventx will\u00a0ein Wohn- und Gesch\u00e4ftshaus auf dem Areal des Alten Forstwerkhofs in Chur errichten.","_yoast_wpseo_linkdex":75,"pgc_sgb_lightbox_settings":"","footnotes":""},"categories":[985],"tags":[1119,1549,1600,1862],"class_list":["post-7767","post","type-post","status-publish","format-standard","has-post-thumbnail","hentry","category-regionen","tag-bueroimmobilien","tag-ostschweiz","tag-projekt-in-planung","tag-wohnen"],"acf":[],"yoast_head":"<!-- This site is optimized with the Yoast SEO plugin v27.4 - https:\/\/yoast.com\/product\/yoast-seo-wordpress\/ -->\n<title>Chur: Inventx plant Neubau beim Alten Forstwerkhof - IMMOBILIEN Business<\/title>\n<meta name=\"description\" content=\"Das IT-Unternehmen\u00a0Inventx will\u00a0ein Wohn- und Gesch\u00e4ftshaus auf dem Areal des Alten Forstwerkhofs in Chur errichten.\" \/>\n<meta name=\"robots\" content=\"index, follow, max-snippet:-1, max-image-preview:large, max-video-preview:-1\" \/>\n<link rel=\"canonical\" href=\"https:\/\/www.immobilienbusiness.ch\/it\/regionen\/2017-05-30\/chur-inventx-plant-neubau-beim-forstwerkhof\/\" \/>\n<meta property=\"og:locale\" content=\"it_IT\" \/>\n<meta property=\"og:type\" content=\"article\" \/>\n<meta property=\"og:title\" content=\"Chur: Inventx plant Neubau beim Alten Forstwerkhof - IMMOBILIEN Business\" \/>\n<meta property=\"og:description\" content=\"Das IT-Unternehmen\u00a0Inventx will\u00a0ein Wohn- und Gesch\u00e4ftshaus auf dem Areal des Alten Forstwerkhofs in Chur errichten.\" \/>\n<meta property=\"og:url\" content=\"https:\/\/www.immobilienbusiness.ch\/it\/regionen\/2017-05-30\/chur-inventx-plant-neubau-beim-forstwerkhof\/\" \/>\n<meta property=\"og:site_name\" content=\"IMMOBILIEN Business\" \/>\n<meta property=\"article:publisher\" content=\"https:\/\/www.facebook.com\/immobilienbusiness\/\" \/>\n<meta property=\"article:published_time\" content=\"2017-05-30T06:28:34+00:00\" \/>\n<meta property=\"og:image\" content=\"https:\/\/www.immobilienbusiness.ch\/wp-content\/uploads\/2017\/05\/IB-News-12052017-Immobilien-Business-Bern-Kino-Capitol-Ersatzneubau.jpg\" \/>\n\t<meta property=\"og:image:width\" content=\"679\" \/>\n\t<meta property=\"og:image:height\" content=\"483\" \/>\n\t<meta property=\"og:image:type\" content=\"image\/jpeg\" \/>\n<meta name=\"author\" content=\"anja.hall\" \/>\n<meta name=\"twitter:card\" content=\"summary_large_image\" \/>\n<script type=\"application\/ld+json\" class=\"yoast-schema-graph\">{\"@context\":\"https:\\\/\\\/schema.org\",\"@graph\":[{\"@type\":\"Article\",\"@id\":\"https:\\\/\\\/www.immobilienbusiness.ch\\\/de\\\/regionen\\\/2017-05-30\\\/chur-inventx-plant-neubau-beim-forstwerkhof\\\/#article\",\"isPartOf\":{\"@id\":\"https:\\\/\\\/www.immobilienbusiness.ch\\\/de\\\/regionen\\\/2017-05-30\\\/chur-inventx-plant-neubau-beim-forstwerkhof\\\/\"},\"author\":{\"name\":\"anja.hall\",\"@id\":\"https:\\\/\\\/www.immobilienbusiness.ch\\\/#\\\/schema\\\/person\\\/3fc036297b10b9f42d6db5ee932af8c8\"},\"headline\":\"Chur: Inventx plant Neubau beim Alten Forstwerkhof\",\"datePublished\":\"2017-05-30T06:28:34+00:00\",\"mainEntityOfPage\":{\"@id\":\"https:\\\/\\\/www.immobilienbusiness.ch\\\/de\\\/regionen\\\/2017-05-30\\\/chur-inventx-plant-neubau-beim-forstwerkhof\\\/\"},\"wordCount\":243,\"commentCount\":0,\"publisher\":{\"@id\":\"https:\\\/\\\/www.immobilienbusiness.ch\\\/#organization\"},\"image\":{\"@id\":\"https:\\\/\\\/www.immobilienbusiness.ch\\\/de\\\/regionen\\\/2017-05-30\\\/chur-inventx-plant-neubau-beim-forstwerkhof\\\/#primaryimage\"},\"thumbnailUrl\":\"https:\\\/\\\/www.immobilienbusiness.ch\\\/wp-content\\\/uploads\\\/2017\\\/05\\\/IB-News-12052017-Immobilien-Business-Bern-Kino-Capitol-Ersatzneubau.jpg\",\"keywords\":[\"B\u00fcroimmobilien\",\"Ostschweiz\",\"Projekt in Planung\",\"Wohnen\"],\"articleSection\":[\"REGIONEN\"],\"inLanguage\":\"it-IT\"},{\"@type\":\"WebPage\",\"@id\":\"https:\\\/\\\/www.immobilienbusiness.ch\\\/de\\\/regionen\\\/2017-05-30\\\/chur-inventx-plant-neubau-beim-forstwerkhof\\\/\",\"url\":\"https:\\\/\\\/www.immobilienbusiness.ch\\\/de\\\/regionen\\\/2017-05-30\\\/chur-inventx-plant-neubau-beim-forstwerkhof\\\/\",\"name\":\"Chur: Inventx plant Neubau beim Alten Forstwerkhof - IMMOBILIEN Business\",\"isPartOf\":{\"@id\":\"https:\\\/\\\/www.immobilienbusiness.ch\\\/#website\"},\"primaryImageOfPage\":{\"@id\":\"https:\\\/\\\/www.immobilienbusiness.ch\\\/de\\\/regionen\\\/2017-05-30\\\/chur-inventx-plant-neubau-beim-forstwerkhof\\\/#primaryimage\"},\"image\":{\"@id\":\"https:\\\/\\\/www.immobilienbusiness.ch\\\/de\\\/regionen\\\/2017-05-30\\\/chur-inventx-plant-neubau-beim-forstwerkhof\\\/#primaryimage\"},\"thumbnailUrl\":\"https:\\\/\\\/www.immobilienbusiness.ch\\\/wp-content\\\/uploads\\\/2017\\\/05\\\/IB-News-12052017-Immobilien-Business-Bern-Kino-Capitol-Ersatzneubau.jpg\",\"datePublished\":\"2017-05-30T06:28:34+00:00\",\"description\":\"Das IT-Unternehmen\u00a0Inventx will\u00a0ein Wohn- und Gesch\u00e4ftshaus auf dem Areal des Alten Forstwerkhofs in Chur errichten.\",\"breadcrumb\":{\"@id\":\"https:\\\/\\\/www.immobilienbusiness.ch\\\/de\\\/regionen\\\/2017-05-30\\\/chur-inventx-plant-neubau-beim-forstwerkhof\\\/#breadcrumb\"},\"inLanguage\":\"it-IT\",\"potentialAction\":[{\"@type\":\"ReadAction\",\"target\":[\"https:\\\/\\\/www.immobilienbusiness.ch\\\/de\\\/regionen\\\/2017-05-30\\\/chur-inventx-plant-neubau-beim-forstwerkhof\\\/\"]}]},{\"@type\":\"ImageObject\",\"inLanguage\":\"it-IT\",\"@id\":\"https:\\\/\\\/www.immobilienbusiness.ch\\\/de\\\/regionen\\\/2017-05-30\\\/chur-inventx-plant-neubau-beim-forstwerkhof\\\/#primaryimage\",\"url\":\"https:\\\/\\\/www.immobilienbusiness.ch\\\/wp-content\\\/uploads\\\/2017\\\/05\\\/IB-News-12052017-Immobilien-Business-Bern-Kino-Capitol-Ersatzneubau.jpg\",\"contentUrl\":\"https:\\\/\\\/www.immobilienbusiness.ch\\\/wp-content\\\/uploads\\\/2017\\\/05\\\/IB-News-12052017-Immobilien-Business-Bern-Kino-Capitol-Ersatzneubau.jpg\",\"width\":679,\"height\":483,\"caption\":\"Das Kino Capitol in der Berner Altstadt wird durch eine Wohn- und Gesch\u00e4ftsimmobilie ersetzt (Foto: gunnar3000 \u2013 depositphotos)\"},{\"@type\":\"BreadcrumbList\",\"@id\":\"https:\\\/\\\/www.immobilienbusiness.ch\\\/de\\\/regionen\\\/2017-05-30\\\/chur-inventx-plant-neubau-beim-forstwerkhof\\\/#breadcrumb\",\"itemListElement\":[{\"@type\":\"ListItem\",\"position\":1,\"name\":\"Home\",\"item\":\"https:\\\/\\\/www.immobilienbusiness.ch\\\/\"},{\"@type\":\"ListItem\",\"position\":2,\"name\":\"Chur: Inventx plant Neubau beim Alten Forstwerkhof\"}]},{\"@type\":\"WebSite\",\"@id\":\"https:\\\/\\\/www.immobilienbusiness.ch\\\/#website\",\"url\":\"https:\\\/\\\/www.immobilienbusiness.ch\\\/\",\"name\":\"IMMOBILIEN Business\",\"description\":\"Unabh\u00e4ngiges Schweizer Wirtschaftsmagazin mit Fokus auf Immobilien, Architektur- und Bau sowie Investment- und Finanzierung.\",\"publisher\":{\"@id\":\"https:\\\/\\\/www.immobilienbusiness.ch\\\/#organization\"},\"potentialAction\":[{\"@type\":\"SearchAction\",\"target\":{\"@type\":\"EntryPoint\",\"urlTemplate\":\"https:\\\/\\\/www.immobilienbusiness.ch\\\/?s={search_term_string}\"},\"query-input\":{\"@type\":\"PropertyValueSpecification\",\"valueRequired\":true,\"valueName\":\"search_term_string\"}}],\"inLanguage\":\"it-IT\"},{\"@type\":\"Organization\",\"@id\":\"https:\\\/\\\/www.immobilienbusiness.ch\\\/#organization\",\"name\":\"IMMOBILIEN Business\",\"url\":\"https:\\\/\\\/www.immobilienbusiness.ch\\\/\",\"logo\":{\"@type\":\"ImageObject\",\"inLanguage\":\"it-IT\",\"@id\":\"https:\\\/\\\/www.immobilienbusiness.ch\\\/#\\\/schema\\\/logo\\\/image\\\/\",\"url\":\"https:\\\/\\\/www.immobilienbusiness.ch\\\/wp-content\\\/uploads\\\/2021\\\/07\\\/logo_ib.png\",\"contentUrl\":\"https:\\\/\\\/www.immobilienbusiness.ch\\\/wp-content\\\/uploads\\\/2021\\\/07\\\/logo_ib.png\",\"width\":800,\"height\":181,\"caption\":\"IMMOBILIEN Business\"},\"image\":{\"@id\":\"https:\\\/\\\/www.immobilienbusiness.ch\\\/#\\\/schema\\\/logo\\\/image\\\/\"},\"sameAs\":[\"https:\\\/\\\/www.facebook.com\\\/immobilienbusiness\\\/\"]},{\"@type\":\"Person\",\"@id\":\"https:\\\/\\\/www.immobilienbusiness.ch\\\/#\\\/schema\\\/person\\\/3fc036297b10b9f42d6db5ee932af8c8\",\"name\":\"anja.hall\",\"image\":{\"@type\":\"ImageObject\",\"inLanguage\":\"it-IT\",\"@id\":\"https:\\\/\\\/secure.gravatar.com\\\/avatar\\\/066b5a0d447013502c71a5782f4f3469f03cfe595cc2329fb94652fe47511bfb?s=96&d=mm&r=g\",\"url\":\"https:\\\/\\\/secure.gravatar.com\\\/avatar\\\/066b5a0d447013502c71a5782f4f3469f03cfe595cc2329fb94652fe47511bfb?s=96&d=mm&r=g\",\"contentUrl\":\"https:\\\/\\\/secure.gravatar.com\\\/avatar\\\/066b5a0d447013502c71a5782f4f3469f03cfe595cc2329fb94652fe47511bfb?s=96&d=mm&r=g\",\"caption\":\"anja.hall\"},\"url\":\"https:\\\/\\\/www.immobilienbusiness.ch\\\/it\\\/author\\\/anja-hall\\\/\"}]}<\/script>\n<!-- \/ Yoast SEO plugin. -->","yoast_head_json":{"title":"Chur: Inventx plant Neubau beim Alten Forstwerkhof - IMMOBILIEN Business","description":"Das IT-Unternehmen\u00a0Inventx will\u00a0ein Wohn- und Gesch\u00e4ftshaus auf dem Areal des Alten Forstwerkhofs in Chur errichten.","robots":{"index":"index","follow":"follow","max-snippet":"max-snippet:-1","max-image-preview":"max-image-preview:large","max-video-preview":"max-video-preview:-1"},"canonical":"https:\/\/www.immobilienbusiness.ch\/it\/regionen\/2017-05-30\/chur-inventx-plant-neubau-beim-forstwerkhof\/","og_locale":"it_IT","og_type":"article","og_title":"Chur: Inventx plant Neubau beim Alten Forstwerkhof - IMMOBILIEN Business","og_description":"Das IT-Unternehmen\u00a0Inventx will\u00a0ein Wohn- und Gesch\u00e4ftshaus auf dem Areal des Alten Forstwerkhofs in Chur errichten.","og_url":"https:\/\/www.immobilienbusiness.ch\/it\/regionen\/2017-05-30\/chur-inventx-plant-neubau-beim-forstwerkhof\/","og_site_name":"IMMOBILIEN Business","article_publisher":"https:\/\/www.facebook.com\/immobilienbusiness\/","article_published_time":"2017-05-30T06:28:34+00:00","og_image":[{"width":679,"height":483,"url":"https:\/\/www.immobilienbusiness.ch\/wp-content\/uploads\/2017\/05\/IB-News-12052017-Immobilien-Business-Bern-Kino-Capitol-Ersatzneubau.jpg","type":"image\/jpeg"}],"author":"anja.hall","twitter_card":"summary_large_image","schema":{"@context":"https:\/\/schema.org","@graph":[{"@type":"Article","@id":"https:\/\/www.immobilienbusiness.ch\/de\/regionen\/2017-05-30\/chur-inventx-plant-neubau-beim-forstwerkhof\/#article","isPartOf":{"@id":"https:\/\/www.immobilienbusiness.ch\/de\/regionen\/2017-05-30\/chur-inventx-plant-neubau-beim-forstwerkhof\/"},"author":{"name":"anja.hall","@id":"https:\/\/www.immobilienbusiness.ch\/#\/schema\/person\/3fc036297b10b9f42d6db5ee932af8c8"},"headline":"Chur: Inventx plant Neubau beim Alten Forstwerkhof","datePublished":"2017-05-30T06:28:34+00:00","mainEntityOfPage":{"@id":"https:\/\/www.immobilienbusiness.ch\/de\/regionen\/2017-05-30\/chur-inventx-plant-neubau-beim-forstwerkhof\/"},"wordCount":243,"commentCount":0,"publisher":{"@id":"https:\/\/www.immobilienbusiness.ch\/#organization"},"image":{"@id":"https:\/\/www.immobilienbusiness.ch\/de\/regionen\/2017-05-30\/chur-inventx-plant-neubau-beim-forstwerkhof\/#primaryimage"},"thumbnailUrl":"https:\/\/www.immobilienbusiness.ch\/wp-content\/uploads\/2017\/05\/IB-News-12052017-Immobilien-Business-Bern-Kino-Capitol-Ersatzneubau.jpg","keywords":["B\u00fcroimmobilien","Ostschweiz","Projekt in Planung","Wohnen"],"articleSection":["REGIONEN"],"inLanguage":"it-IT"},{"@type":"WebPage","@id":"https:\/\/www.immobilienbusiness.ch\/de\/regionen\/2017-05-30\/chur-inventx-plant-neubau-beim-forstwerkhof\/","url":"https:\/\/www.immobilienbusiness.ch\/de\/regionen\/2017-05-30\/chur-inventx-plant-neubau-beim-forstwerkhof\/","name":"Chur: Inventx plant Neubau beim Alten Forstwerkhof - IMMOBILIEN Business","isPartOf":{"@id":"https:\/\/www.immobilienbusiness.ch\/#website"},"primaryImageOfPage":{"@id":"https:\/\/www.immobilienbusiness.ch\/de\/regionen\/2017-05-30\/chur-inventx-plant-neubau-beim-forstwerkhof\/#primaryimage"},"image":{"@id":"https:\/\/www.immobilienbusiness.ch\/de\/regionen\/2017-05-30\/chur-inventx-plant-neubau-beim-forstwerkhof\/#primaryimage"},"thumbnailUrl":"https:\/\/www.immobilienbusiness.ch\/wp-content\/uploads\/2017\/05\/IB-News-12052017-Immobilien-Business-Bern-Kino-Capitol-Ersatzneubau.jpg","datePublished":"2017-05-30T06:28:34+00:00","description":"Das IT-Unternehmen\u00a0Inventx will\u00a0ein Wohn- und Gesch\u00e4ftshaus auf dem Areal des Alten Forstwerkhofs in Chur errichten.","breadcrumb":{"@id":"https:\/\/www.immobilienbusiness.ch\/de\/regionen\/2017-05-30\/chur-inventx-plant-neubau-beim-forstwerkhof\/#breadcrumb"},"inLanguage":"it-IT","potentialAction":[{"@type":"ReadAction","target":["https:\/\/www.immobilienbusiness.ch\/de\/regionen\/2017-05-30\/chur-inventx-plant-neubau-beim-forstwerkhof\/"]}]},{"@type":"ImageObject","inLanguage":"it-IT","@id":"https:\/\/www.immobilienbusiness.ch\/de\/regionen\/2017-05-30\/chur-inventx-plant-neubau-beim-forstwerkhof\/#primaryimage","url":"https:\/\/www.immobilienbusiness.ch\/wp-content\/uploads\/2017\/05\/IB-News-12052017-Immobilien-Business-Bern-Kino-Capitol-Ersatzneubau.jpg","contentUrl":"https:\/\/www.immobilienbusiness.ch\/wp-content\/uploads\/2017\/05\/IB-News-12052017-Immobilien-Business-Bern-Kino-Capitol-Ersatzneubau.jpg","width":679,"height":483,"caption":"Das Kino Capitol in der Berner Altstadt wird durch eine Wohn- und Gesch\u00e4ftsimmobilie ersetzt (Foto: gunnar3000 \u2013 depositphotos)"},{"@type":"BreadcrumbList","@id":"https:\/\/www.immobilienbusiness.ch\/de\/regionen\/2017-05-30\/chur-inventx-plant-neubau-beim-forstwerkhof\/#breadcrumb","itemListElement":[{"@type":"ListItem","position":1,"name":"Home","item":"https:\/\/www.immobilienbusiness.ch\/"},{"@type":"ListItem","position":2,"name":"Chur: Inventx plant Neubau beim Alten Forstwerkhof"}]},{"@type":"WebSite","@id":"https:\/\/www.immobilienbusiness.ch\/#website","url":"https:\/\/www.immobilienbusiness.ch\/","name":"Affari immobiliari","description":"Rivista economica indipendente svizzera che si concentra sul settore immobiliare, l'architettura e la costruzione, nonch\u00e9 sugli investimenti e i finanziamenti.","publisher":{"@id":"https:\/\/www.immobilienbusiness.ch\/#organization"},"potentialAction":[{"@type":"SearchAction","target":{"@type":"EntryPoint","urlTemplate":"https:\/\/www.immobilienbusiness.ch\/?s={search_term_string}"},"query-input":{"@type":"PropertyValueSpecification","valueRequired":true,"valueName":"search_term_string"}}],"inLanguage":"it-IT"},{"@type":"Organization","@id":"https:\/\/www.immobilienbusiness.ch\/#organization","name":"Affari immobiliari","url":"https:\/\/www.immobilienbusiness.ch\/","logo":{"@type":"ImageObject","inLanguage":"it-IT","@id":"https:\/\/www.immobilienbusiness.ch\/#\/schema\/logo\/image\/","url":"https:\/\/www.immobilienbusiness.ch\/wp-content\/uploads\/2021\/07\/logo_ib.png","contentUrl":"https:\/\/www.immobilienbusiness.ch\/wp-content\/uploads\/2021\/07\/logo_ib.png","width":800,"height":181,"caption":"IMMOBILIEN Business"},"image":{"@id":"https:\/\/www.immobilienbusiness.ch\/#\/schema\/logo\/image\/"},"sameAs":["https:\/\/www.facebook.com\/immobilienbusiness\/"]},{"@type":"Person","@id":"https:\/\/www.immobilienbusiness.ch\/#\/schema\/person\/3fc036297b10b9f42d6db5ee932af8c8","name":"anja.hall","image":{"@type":"ImageObject","inLanguage":"it-IT","@id":"https:\/\/secure.gravatar.com\/avatar\/066b5a0d447013502c71a5782f4f3469f03cfe595cc2329fb94652fe47511bfb?s=96&d=mm&r=g","url":"https:\/\/secure.gravatar.com\/avatar\/066b5a0d447013502c71a5782f4f3469f03cfe595cc2329fb94652fe47511bfb?s=96&d=mm&r=g","contentUrl":"https:\/\/secure.gravatar.com\/avatar\/066b5a0d447013502c71a5782f4f3469f03cfe595cc2329fb94652fe47511bfb?s=96&d=mm&r=g","caption":"anja.hall"},"url":"https:\/\/www.immobilienbusiness.ch\/it\/author\/anja-hall\/"}]}},"_links":{"self":[{"href":"https:\/\/www.immobilienbusiness.ch\/it\/wp-json\/wp\/v2\/posts\/7767","targetHints":{"allow":["GET"]}}],"collection":[{"href":"https:\/\/www.immobilienbusiness.ch\/it\/wp-json\/wp\/v2\/posts"}],"about":[{"href":"https:\/\/www.immobilienbusiness.ch\/it\/wp-json\/wp\/v2\/types\/post"}],"author":[{"embeddable":true,"href":"https:\/\/www.immobilienbusiness.ch\/it\/wp-json\/wp\/v2\/users\/3"}],"replies":[{"embeddable":true,"href":"https:\/\/www.immobilienbusiness.ch\/it\/wp-json\/wp\/v2\/comments?post=7767"}],"version-history":[{"count":0,"href":"https:\/\/www.immobilienbusiness.ch\/it\/wp-json\/wp\/v2\/posts\/7767\/revisions"}],"wp:featuredmedia":[{"embeddable":true,"href":"https:\/\/www.immobilienbusiness.ch\/it\/wp-json\/wp\/v2\/media\/7558"}],"wp:attachment":[{"href":"https:\/\/www.immobilienbusiness.ch\/it\/wp-json\/wp\/v2\/media?parent=7767"}],"wp:term":[{"taxonomy":"category","embeddable":true,"href":"https:\/\/www.immobilienbusiness.ch\/it\/wp-json\/wp\/v2\/categories?post=7767"},{"taxonomy":"post_tag","embeddable":true,"href":"https:\/\/www.immobilienbusiness.ch\/it\/wp-json\/wp\/v2\/tags?post=7767"}],"curies":[{"name":"wp","href":"https:\/\/api.w.org\/{rel}","templated":true}]}}