{"id":7736,"date":"2017-05-24T08:51:19","date_gmt":"2017-05-24T06:51:19","guid":{"rendered":"https:\/\/www.immobilienbusiness.ch\/?p=7736"},"modified":"2017-05-24T08:51:19","modified_gmt":"2017-05-24T06:51:19","slug":"basel-stadt-will-verdichtung-foerdern","status":"publish","type":"post","link":"https:\/\/www.immobilienbusiness.ch\/it\/regionen\/2017-05-24\/basel-stadt-will-verdichtung-foerdern\/","title":{"rendered":"Basilea: la citt\u00e0 vuole promuovere la densificazione"},"content":{"rendered":"<figure id=\"attachment_7737\" aria-describedby=\"caption-attachment-7737\" style=\"width: 680px\" class=\"wp-caption alignnone\"><img loading=\"lazy\" decoding=\"async\" class=\"size-medium wp-image-7737\" src=\"https:\/\/www.immobilienbusiness.ch\/wp-content\/uploads\/2017\/05\/Depositphotos_147555719_m-2015.jpg\" alt=\"\" width=\"680\" height=\"291\" srcset=\"https:\/\/www.immobilienbusiness.ch\/wp-content\/uploads\/2017\/05\/Depositphotos_147555719_m-2015.jpg 999w, https:\/\/www.immobilienbusiness.ch\/wp-content\/uploads\/2017\/05\/Depositphotos_147555719_m-2015-300x129.jpg 300w, https:\/\/www.immobilienbusiness.ch\/wp-content\/uploads\/2017\/05\/Depositphotos_147555719_m-2015-768x329.jpg 768w, https:\/\/www.immobilienbusiness.ch\/wp-content\/uploads\/2017\/05\/Depositphotos_147555719_m-2015-16x7.jpg 16w, https:\/\/www.immobilienbusiness.ch\/wp-content\/uploads\/2017\/05\/Depositphotos_147555719_m-2015-375x161.jpg 375w, https:\/\/www.immobilienbusiness.ch\/wp-content\/uploads\/2017\/05\/Depositphotos_147555719_m-2015-760x326.jpg 760w, https:\/\/www.immobilienbusiness.ch\/wp-content\/uploads\/2017\/05\/Depositphotos_147555719_m-2015-920x394.jpg 920w\" sizes=\"auto, (max-width: 680px) 100vw, 680px\" \/><figcaption id=\"caption-attachment-7737\" class=\"wp-caption-text\">Basilea sar\u00e0 densificata (Foto: bloodua - depositphotos)<\/figcaption><\/figure>\n<p>In particolare, si tratta della presentazione del piano pubblico della seconda parte della revisione del piano regolatore di Basilea. L'attenzione si concentra su misure volte ad aumentare la densit\u00e0 e a rafforzare lo sviluppo interno, con un potenziale teorico a lungo termine di alloggi per un massimo di 5.000 abitanti aggiuntivi e circa 700 nuovi posti di lavoro.<\/p>\n<p>Secondo il Dipartimento per l'edilizia e i trasporti, negli ultimi dieci anni la popolazione di Basilea \u00e8 aumentata di circa 10.000 unit\u00e0, mentre il numero di posti di lavoro \u00e8 cresciuto di circa 20.000 unit\u00e0. In considerazione della forte crescita economica, la domanda di nuovi spazi abitativi rimarr\u00e0 molto alta anche nel prossimo futuro. Ci\u00f2 \u00e8 tanto pi\u00f9 vero in quanto in futuro il potenziale di sviluppo per i nuovi posti di lavoro sar\u00e0 maggiore di quello per i nuovi appartamenti.<\/p>\n<p>Mentre la prima parte della revisione del piano regolatore comprende gli sviluppi periurbani e i grandi sviluppi in corso - come il porto e lo sviluppo urbano di Kleinh\u00fcningen-Klybeck, Volta Nord e il sito Felix Platter - la seconda parte della revisione del piano regolatore si concentra sulle misure per lo sviluppo del centro urbano.<\/p>\n<h2>Proposte per un'ulteriore densificazione di Basilea<\/h2>\n<p>Le proposte per le nuove opzioni di densificazione includono rialzi che consentono un maggior numero di piani e alcune modifiche al piano regolatore a favore di un maggior margine di densit\u00e0.<\/p>\n<p>Le misure si concentrano su aree esterne ai quartieri gi\u00e0 molto densi, con lotti di dimensioni adeguate e spazi di cortile o di strada sufficientemente ampi. Secondo il Dipartimento per l'Edilizia e i Trasporti, le aree con siti di particolare valore o funzioni di rete naturale non dovrebbero essere toccate e le diverse qualit\u00e0 dei quartieri dovrebbero essere preservate.<\/p>\n<p>Le misure proposte creerebbero un potenziale teorico a lungo termine di circa 5.000 abitanti aggiuntivi e circa 700 posti di lavoro. Poich\u00e9 non si tratta di sviluppi su larga scala, il Dipartimento per l'edilizia e i trasporti prevede che il suddetto potenziale si realizzer\u00e0 solo lentamente e gradualmente. L'autorit\u00e0 ipotizza che questa parte della revisione del piano regolatore potrebbe creare spazio abitativo per circa 2.000 persone e spazio per circa 300 posti di lavoro entro il 2035.<\/p>\n<p>Dopo la conclusione della consultazione pubblica sulla pianificazione, in autunno l'ufficio pianificazione si occuper\u00e0 di eventuali suggerimenti e obiezioni. Verso la fine dell'anno 2017\/2018, verr\u00e0 presentata al Gran Consiglio una proposta di Consiglio con le proposte definitive.<\/p>","protected":false},"excerpt":{"rendered":"<p>Il numero di abitanti a Basilea \u00e8 in costante aumento e con esso il bisogno di spazio abitativo. Il Dipartimento per l'edilizia e i trasporti ha quindi elaborato delle modifiche al piano regolatore, che saranno rese pubbliche a partire dal 30 maggio.<\/p>","protected":false},"author":3,"featured_media":7737,"comment_status":"open","ping_status":"open","sticky":false,"template":"","format":"standard","meta":{"_acf_changed":false,"_yoast_wpseo_focuskw":"Basel","_yoast_wpseo_title":"","_yoast_wpseo_metadesc":"Die Zahl der Einwohner Basels steigt unaufh\u00f6rlich, und damit auch der Bedarf an Wohnraum. Das Baudepartement hat daher \u00c4nderungen des Zonenplans entwickelt.","_yoast_wpseo_linkdex":80,"pgc_sgb_lightbox_settings":"","footnotes":""},"categories":[985],"tags":[1069,1629,1724,1824],"class_list":["post-7736","post","type-post","status-publish","format-standard","has-post-thumbnail","hentry","category-regionen","tag-basel","tag-regionen","tag-stadtentwicklung","tag-verdichtung"],"acf":[],"yoast_head":"<!-- This site is optimized with the Yoast SEO plugin v27.4 - https:\/\/yoast.com\/product\/yoast-seo-wordpress\/ -->\n<title>Basel: Stadt will Verdichtung f\u00f6rdern - IMMOBILIEN Business<\/title>\n<meta name=\"description\" content=\"Die Zahl der Einwohner Basels steigt unaufh\u00f6rlich, und damit auch der Bedarf an Wohnraum. Das Baudepartement hat daher \u00c4nderungen des Zonenplans entwickelt.\" \/>\n<meta name=\"robots\" content=\"index, follow, max-snippet:-1, max-image-preview:large, max-video-preview:-1\" \/>\n<link rel=\"canonical\" href=\"https:\/\/www.immobilienbusiness.ch\/it\/regionen\/2017-05-24\/basel-stadt-will-verdichtung-foerdern\/\" \/>\n<meta property=\"og:locale\" content=\"it_IT\" \/>\n<meta property=\"og:type\" content=\"article\" \/>\n<meta property=\"og:title\" content=\"Basel: Pl\u00e4ne f\u00fcr weiteres Wachstum\" \/>\n<meta property=\"og:description\" content=\"Die Zahl der Einwohner Basels steigt unaufh\u00f6rlich, und damit auch der Bedarf an Wohnraum. Das Baudepartement hat daher \u00c4nderungen des Zonenplans entwickelt.\" \/>\n<meta property=\"og:url\" content=\"https:\/\/www.immobilienbusiness.ch\/it\/regionen\/2017-05-24\/basel-stadt-will-verdichtung-foerdern\/\" \/>\n<meta property=\"og:site_name\" content=\"IMMOBILIEN Business\" \/>\n<meta property=\"article:publisher\" content=\"https:\/\/www.facebook.com\/immobilienbusiness\/\" \/>\n<meta property=\"article:published_time\" content=\"2017-05-24T06:51:19+00:00\" \/>\n<meta property=\"og:image\" content=\"https:\/\/www.immobilienbusiness.ch\/wp-content\/uploads\/2017\/05\/Depositphotos_147555719_m-2015.jpg\" \/>\n\t<meta property=\"og:image:width\" content=\"999\" \/>\n\t<meta property=\"og:image:height\" content=\"428\" \/>\n\t<meta property=\"og:image:type\" content=\"image\/jpeg\" \/>\n<meta name=\"author\" content=\"anja.hall\" \/>\n<meta name=\"twitter:card\" content=\"summary_large_image\" \/>\n<meta name=\"twitter:title\" content=\"Basel: Pl\u00e4ne f\u00fcr weiteres Wachstum\" \/>\n<meta name=\"twitter:description\" content=\"Die Zahl der Einwohner Basels steigt unaufh\u00f6rlich, und damit auch der Bedarf an Wohnraum. Das Baudepartement hat daher \u00c4nderungen des Zonenplans entwickelt.\" \/>\n<meta name=\"twitter:image\" content=\"https:\/\/www.immobilienbusiness.ch\/wp-content\/uploads\/2017\/05\/Depositphotos_147555719_m-2015.jpg\" \/>\n<script type=\"application\/ld+json\" class=\"yoast-schema-graph\">{\"@context\":\"https:\\\/\\\/schema.org\",\"@graph\":[{\"@type\":\"Article\",\"@id\":\"https:\\\/\\\/www.immobilienbusiness.ch\\\/regionen\\\/2017-05-24\\\/basel-stadt-will-verdichtung-foerdern\\\/#article\",\"isPartOf\":{\"@id\":\"https:\\\/\\\/www.immobilienbusiness.ch\\\/regionen\\\/2017-05-24\\\/basel-stadt-will-verdichtung-foerdern\\\/\"},\"author\":{\"name\":\"anja.hall\",\"@id\":\"https:\\\/\\\/www.immobilienbusiness.ch\\\/#\\\/schema\\\/person\\\/3fc036297b10b9f42d6db5ee932af8c8\"},\"headline\":\"Basel: Stadt will Verdichtung f\u00f6rdern\",\"datePublished\":\"2017-05-24T06:51:19+00:00\",\"mainEntityOfPage\":{\"@id\":\"https:\\\/\\\/www.immobilienbusiness.ch\\\/regionen\\\/2017-05-24\\\/basel-stadt-will-verdichtung-foerdern\\\/\"},\"wordCount\":361,\"commentCount\":0,\"publisher\":{\"@id\":\"https:\\\/\\\/www.immobilienbusiness.ch\\\/#organization\"},\"image\":{\"@id\":\"https:\\\/\\\/www.immobilienbusiness.ch\\\/regionen\\\/2017-05-24\\\/basel-stadt-will-verdichtung-foerdern\\\/#primaryimage\"},\"thumbnailUrl\":\"https:\\\/\\\/www.immobilienbusiness.ch\\\/wp-content\\\/uploads\\\/2017\\\/05\\\/Depositphotos_147555719_m-2015.jpg\",\"keywords\":[\"Basel\",\"Regionen\",\"Stadtentwicklung\",\"Verdichtung\"],\"articleSection\":[\"REGIONEN\"],\"inLanguage\":\"it-IT\"},{\"@type\":\"WebPage\",\"@id\":\"https:\\\/\\\/www.immobilienbusiness.ch\\\/regionen\\\/2017-05-24\\\/basel-stadt-will-verdichtung-foerdern\\\/\",\"url\":\"https:\\\/\\\/www.immobilienbusiness.ch\\\/regionen\\\/2017-05-24\\\/basel-stadt-will-verdichtung-foerdern\\\/\",\"name\":\"Basel: Stadt will Verdichtung f\u00f6rdern - IMMOBILIEN Business\",\"isPartOf\":{\"@id\":\"https:\\\/\\\/www.immobilienbusiness.ch\\\/#website\"},\"primaryImageOfPage\":{\"@id\":\"https:\\\/\\\/www.immobilienbusiness.ch\\\/regionen\\\/2017-05-24\\\/basel-stadt-will-verdichtung-foerdern\\\/#primaryimage\"},\"image\":{\"@id\":\"https:\\\/\\\/www.immobilienbusiness.ch\\\/regionen\\\/2017-05-24\\\/basel-stadt-will-verdichtung-foerdern\\\/#primaryimage\"},\"thumbnailUrl\":\"https:\\\/\\\/www.immobilienbusiness.ch\\\/wp-content\\\/uploads\\\/2017\\\/05\\\/Depositphotos_147555719_m-2015.jpg\",\"datePublished\":\"2017-05-24T06:51:19+00:00\",\"description\":\"Die Zahl der Einwohner Basels steigt unaufh\u00f6rlich, und damit auch der Bedarf an Wohnraum. Das Baudepartement hat daher \u00c4nderungen des Zonenplans entwickelt.\",\"breadcrumb\":{\"@id\":\"https:\\\/\\\/www.immobilienbusiness.ch\\\/regionen\\\/2017-05-24\\\/basel-stadt-will-verdichtung-foerdern\\\/#breadcrumb\"},\"inLanguage\":\"it-IT\",\"potentialAction\":[{\"@type\":\"ReadAction\",\"target\":[\"https:\\\/\\\/www.immobilienbusiness.ch\\\/regionen\\\/2017-05-24\\\/basel-stadt-will-verdichtung-foerdern\\\/\"]}]},{\"@type\":\"ImageObject\",\"inLanguage\":\"it-IT\",\"@id\":\"https:\\\/\\\/www.immobilienbusiness.ch\\\/regionen\\\/2017-05-24\\\/basel-stadt-will-verdichtung-foerdern\\\/#primaryimage\",\"url\":\"https:\\\/\\\/www.immobilienbusiness.ch\\\/wp-content\\\/uploads\\\/2017\\\/05\\\/Depositphotos_147555719_m-2015.jpg\",\"contentUrl\":\"https:\\\/\\\/www.immobilienbusiness.ch\\\/wp-content\\\/uploads\\\/2017\\\/05\\\/Depositphotos_147555719_m-2015.jpg\",\"width\":999,\"height\":428,\"caption\":\"Basel soll verdichtet werden (Foto: bloodua - depositphotos)\"},{\"@type\":\"BreadcrumbList\",\"@id\":\"https:\\\/\\\/www.immobilienbusiness.ch\\\/regionen\\\/2017-05-24\\\/basel-stadt-will-verdichtung-foerdern\\\/#breadcrumb\",\"itemListElement\":[{\"@type\":\"ListItem\",\"position\":1,\"name\":\"Home\",\"item\":\"https:\\\/\\\/www.immobilienbusiness.ch\\\/\"},{\"@type\":\"ListItem\",\"position\":2,\"name\":\"Basel: Stadt will Verdichtung f\u00f6rdern\"}]},{\"@type\":\"WebSite\",\"@id\":\"https:\\\/\\\/www.immobilienbusiness.ch\\\/#website\",\"url\":\"https:\\\/\\\/www.immobilienbusiness.ch\\\/\",\"name\":\"IMMOBILIEN Business\",\"description\":\"Unabh\u00e4ngiges Schweizer Wirtschaftsmagazin mit Fokus auf Immobilien, Architektur- und Bau sowie Investment- und Finanzierung.\",\"publisher\":{\"@id\":\"https:\\\/\\\/www.immobilienbusiness.ch\\\/#organization\"},\"potentialAction\":[{\"@type\":\"SearchAction\",\"target\":{\"@type\":\"EntryPoint\",\"urlTemplate\":\"https:\\\/\\\/www.immobilienbusiness.ch\\\/?s={search_term_string}\"},\"query-input\":{\"@type\":\"PropertyValueSpecification\",\"valueRequired\":true,\"valueName\":\"search_term_string\"}}],\"inLanguage\":\"it-IT\"},{\"@type\":\"Organization\",\"@id\":\"https:\\\/\\\/www.immobilienbusiness.ch\\\/#organization\",\"name\":\"IMMOBILIEN Business\",\"url\":\"https:\\\/\\\/www.immobilienbusiness.ch\\\/\",\"logo\":{\"@type\":\"ImageObject\",\"inLanguage\":\"it-IT\",\"@id\":\"https:\\\/\\\/www.immobilienbusiness.ch\\\/#\\\/schema\\\/logo\\\/image\\\/\",\"url\":\"https:\\\/\\\/www.immobilienbusiness.ch\\\/wp-content\\\/uploads\\\/2021\\\/07\\\/logo_ib.png\",\"contentUrl\":\"https:\\\/\\\/www.immobilienbusiness.ch\\\/wp-content\\\/uploads\\\/2021\\\/07\\\/logo_ib.png\",\"width\":800,\"height\":181,\"caption\":\"IMMOBILIEN Business\"},\"image\":{\"@id\":\"https:\\\/\\\/www.immobilienbusiness.ch\\\/#\\\/schema\\\/logo\\\/image\\\/\"},\"sameAs\":[\"https:\\\/\\\/www.facebook.com\\\/immobilienbusiness\\\/\"]},{\"@type\":\"Person\",\"@id\":\"https:\\\/\\\/www.immobilienbusiness.ch\\\/#\\\/schema\\\/person\\\/3fc036297b10b9f42d6db5ee932af8c8\",\"name\":\"anja.hall\",\"image\":{\"@type\":\"ImageObject\",\"inLanguage\":\"it-IT\",\"@id\":\"https:\\\/\\\/secure.gravatar.com\\\/avatar\\\/066b5a0d447013502c71a5782f4f3469f03cfe595cc2329fb94652fe47511bfb?s=96&d=mm&r=g\",\"url\":\"https:\\\/\\\/secure.gravatar.com\\\/avatar\\\/066b5a0d447013502c71a5782f4f3469f03cfe595cc2329fb94652fe47511bfb?s=96&d=mm&r=g\",\"contentUrl\":\"https:\\\/\\\/secure.gravatar.com\\\/avatar\\\/066b5a0d447013502c71a5782f4f3469f03cfe595cc2329fb94652fe47511bfb?s=96&d=mm&r=g\",\"caption\":\"anja.hall\"},\"url\":\"https:\\\/\\\/www.immobilienbusiness.ch\\\/it\\\/author\\\/anja-hall\\\/\"}]}<\/script>\n<!-- \/ Yoast SEO plugin. -->","yoast_head_json":{"title":"Basel: Stadt will Verdichtung f\u00f6rdern - IMMOBILIEN Business","description":"Die Zahl der Einwohner Basels steigt unaufh\u00f6rlich, und damit auch der Bedarf an Wohnraum. Das Baudepartement hat daher \u00c4nderungen des Zonenplans entwickelt.","robots":{"index":"index","follow":"follow","max-snippet":"max-snippet:-1","max-image-preview":"max-image-preview:large","max-video-preview":"max-video-preview:-1"},"canonical":"https:\/\/www.immobilienbusiness.ch\/it\/regionen\/2017-05-24\/basel-stadt-will-verdichtung-foerdern\/","og_locale":"it_IT","og_type":"article","og_title":"Basel: Pl\u00e4ne f\u00fcr weiteres Wachstum","og_description":"Die Zahl der Einwohner Basels steigt unaufh\u00f6rlich, und damit auch der Bedarf an Wohnraum. Das Baudepartement hat daher \u00c4nderungen des Zonenplans entwickelt.","og_url":"https:\/\/www.immobilienbusiness.ch\/it\/regionen\/2017-05-24\/basel-stadt-will-verdichtung-foerdern\/","og_site_name":"IMMOBILIEN Business","article_publisher":"https:\/\/www.facebook.com\/immobilienbusiness\/","article_published_time":"2017-05-24T06:51:19+00:00","og_image":[{"width":999,"height":428,"url":"https:\/\/www.immobilienbusiness.ch\/wp-content\/uploads\/2017\/05\/Depositphotos_147555719_m-2015.jpg","type":"image\/jpeg"}],"author":"anja.hall","twitter_card":"summary_large_image","twitter_title":"Basel: Pl\u00e4ne f\u00fcr weiteres Wachstum","twitter_description":"Die Zahl der Einwohner Basels steigt unaufh\u00f6rlich, und damit auch der Bedarf an Wohnraum. Das Baudepartement hat daher \u00c4nderungen des Zonenplans entwickelt.","twitter_image":"https:\/\/www.immobilienbusiness.ch\/wp-content\/uploads\/2017\/05\/Depositphotos_147555719_m-2015.jpg","schema":{"@context":"https:\/\/schema.org","@graph":[{"@type":"Article","@id":"https:\/\/www.immobilienbusiness.ch\/regionen\/2017-05-24\/basel-stadt-will-verdichtung-foerdern\/#article","isPartOf":{"@id":"https:\/\/www.immobilienbusiness.ch\/regionen\/2017-05-24\/basel-stadt-will-verdichtung-foerdern\/"},"author":{"name":"anja.hall","@id":"https:\/\/www.immobilienbusiness.ch\/#\/schema\/person\/3fc036297b10b9f42d6db5ee932af8c8"},"headline":"Basel: Stadt will Verdichtung f\u00f6rdern","datePublished":"2017-05-24T06:51:19+00:00","mainEntityOfPage":{"@id":"https:\/\/www.immobilienbusiness.ch\/regionen\/2017-05-24\/basel-stadt-will-verdichtung-foerdern\/"},"wordCount":361,"commentCount":0,"publisher":{"@id":"https:\/\/www.immobilienbusiness.ch\/#organization"},"image":{"@id":"https:\/\/www.immobilienbusiness.ch\/regionen\/2017-05-24\/basel-stadt-will-verdichtung-foerdern\/#primaryimage"},"thumbnailUrl":"https:\/\/www.immobilienbusiness.ch\/wp-content\/uploads\/2017\/05\/Depositphotos_147555719_m-2015.jpg","keywords":["Basel","Regionen","Stadtentwicklung","Verdichtung"],"articleSection":["REGIONEN"],"inLanguage":"it-IT"},{"@type":"WebPage","@id":"https:\/\/www.immobilienbusiness.ch\/regionen\/2017-05-24\/basel-stadt-will-verdichtung-foerdern\/","url":"https:\/\/www.immobilienbusiness.ch\/regionen\/2017-05-24\/basel-stadt-will-verdichtung-foerdern\/","name":"Basel: Stadt will Verdichtung f\u00f6rdern - IMMOBILIEN Business","isPartOf":{"@id":"https:\/\/www.immobilienbusiness.ch\/#website"},"primaryImageOfPage":{"@id":"https:\/\/www.immobilienbusiness.ch\/regionen\/2017-05-24\/basel-stadt-will-verdichtung-foerdern\/#primaryimage"},"image":{"@id":"https:\/\/www.immobilienbusiness.ch\/regionen\/2017-05-24\/basel-stadt-will-verdichtung-foerdern\/#primaryimage"},"thumbnailUrl":"https:\/\/www.immobilienbusiness.ch\/wp-content\/uploads\/2017\/05\/Depositphotos_147555719_m-2015.jpg","datePublished":"2017-05-24T06:51:19+00:00","description":"Die Zahl der Einwohner Basels steigt unaufh\u00f6rlich, und damit auch der Bedarf an Wohnraum. Das Baudepartement hat daher \u00c4nderungen des Zonenplans entwickelt.","breadcrumb":{"@id":"https:\/\/www.immobilienbusiness.ch\/regionen\/2017-05-24\/basel-stadt-will-verdichtung-foerdern\/#breadcrumb"},"inLanguage":"it-IT","potentialAction":[{"@type":"ReadAction","target":["https:\/\/www.immobilienbusiness.ch\/regionen\/2017-05-24\/basel-stadt-will-verdichtung-foerdern\/"]}]},{"@type":"ImageObject","inLanguage":"it-IT","@id":"https:\/\/www.immobilienbusiness.ch\/regionen\/2017-05-24\/basel-stadt-will-verdichtung-foerdern\/#primaryimage","url":"https:\/\/www.immobilienbusiness.ch\/wp-content\/uploads\/2017\/05\/Depositphotos_147555719_m-2015.jpg","contentUrl":"https:\/\/www.immobilienbusiness.ch\/wp-content\/uploads\/2017\/05\/Depositphotos_147555719_m-2015.jpg","width":999,"height":428,"caption":"Basel soll verdichtet werden (Foto: bloodua - depositphotos)"},{"@type":"BreadcrumbList","@id":"https:\/\/www.immobilienbusiness.ch\/regionen\/2017-05-24\/basel-stadt-will-verdichtung-foerdern\/#breadcrumb","itemListElement":[{"@type":"ListItem","position":1,"name":"Home","item":"https:\/\/www.immobilienbusiness.ch\/"},{"@type":"ListItem","position":2,"name":"Basel: Stadt will Verdichtung f\u00f6rdern"}]},{"@type":"WebSite","@id":"https:\/\/www.immobilienbusiness.ch\/#website","url":"https:\/\/www.immobilienbusiness.ch\/","name":"Affari immobiliari","description":"Rivista economica indipendente svizzera che si concentra sul settore immobiliare, l'architettura e la costruzione, nonch\u00e9 sugli investimenti e i finanziamenti.","publisher":{"@id":"https:\/\/www.immobilienbusiness.ch\/#organization"},"potentialAction":[{"@type":"SearchAction","target":{"@type":"EntryPoint","urlTemplate":"https:\/\/www.immobilienbusiness.ch\/?s={search_term_string}"},"query-input":{"@type":"PropertyValueSpecification","valueRequired":true,"valueName":"search_term_string"}}],"inLanguage":"it-IT"},{"@type":"Organization","@id":"https:\/\/www.immobilienbusiness.ch\/#organization","name":"Affari immobiliari","url":"https:\/\/www.immobilienbusiness.ch\/","logo":{"@type":"ImageObject","inLanguage":"it-IT","@id":"https:\/\/www.immobilienbusiness.ch\/#\/schema\/logo\/image\/","url":"https:\/\/www.immobilienbusiness.ch\/wp-content\/uploads\/2021\/07\/logo_ib.png","contentUrl":"https:\/\/www.immobilienbusiness.ch\/wp-content\/uploads\/2021\/07\/logo_ib.png","width":800,"height":181,"caption":"IMMOBILIEN Business"},"image":{"@id":"https:\/\/www.immobilienbusiness.ch\/#\/schema\/logo\/image\/"},"sameAs":["https:\/\/www.facebook.com\/immobilienbusiness\/"]},{"@type":"Person","@id":"https:\/\/www.immobilienbusiness.ch\/#\/schema\/person\/3fc036297b10b9f42d6db5ee932af8c8","name":"anja.hall","image":{"@type":"ImageObject","inLanguage":"it-IT","@id":"https:\/\/secure.gravatar.com\/avatar\/066b5a0d447013502c71a5782f4f3469f03cfe595cc2329fb94652fe47511bfb?s=96&d=mm&r=g","url":"https:\/\/secure.gravatar.com\/avatar\/066b5a0d447013502c71a5782f4f3469f03cfe595cc2329fb94652fe47511bfb?s=96&d=mm&r=g","contentUrl":"https:\/\/secure.gravatar.com\/avatar\/066b5a0d447013502c71a5782f4f3469f03cfe595cc2329fb94652fe47511bfb?s=96&d=mm&r=g","caption":"anja.hall"},"url":"https:\/\/www.immobilienbusiness.ch\/it\/author\/anja-hall\/"}]}},"_links":{"self":[{"href":"https:\/\/www.immobilienbusiness.ch\/it\/wp-json\/wp\/v2\/posts\/7736","targetHints":{"allow":["GET"]}}],"collection":[{"href":"https:\/\/www.immobilienbusiness.ch\/it\/wp-json\/wp\/v2\/posts"}],"about":[{"href":"https:\/\/www.immobilienbusiness.ch\/it\/wp-json\/wp\/v2\/types\/post"}],"author":[{"embeddable":true,"href":"https:\/\/www.immobilienbusiness.ch\/it\/wp-json\/wp\/v2\/users\/3"}],"replies":[{"embeddable":true,"href":"https:\/\/www.immobilienbusiness.ch\/it\/wp-json\/wp\/v2\/comments?post=7736"}],"version-history":[{"count":0,"href":"https:\/\/www.immobilienbusiness.ch\/it\/wp-json\/wp\/v2\/posts\/7736\/revisions"}],"wp:featuredmedia":[{"embeddable":true,"href":"https:\/\/www.immobilienbusiness.ch\/it\/wp-json\/wp\/v2\/media\/7737"}],"wp:attachment":[{"href":"https:\/\/www.immobilienbusiness.ch\/it\/wp-json\/wp\/v2\/media?parent=7736"}],"wp:term":[{"taxonomy":"category","embeddable":true,"href":"https:\/\/www.immobilienbusiness.ch\/it\/wp-json\/wp\/v2\/categories?post=7736"},{"taxonomy":"post_tag","embeddable":true,"href":"https:\/\/www.immobilienbusiness.ch\/it\/wp-json\/wp\/v2\/tags?post=7736"}],"curies":[{"name":"wp","href":"https:\/\/api.w.org\/{rel}","templated":true}]}}