{"id":7719,"date":"2017-05-23T08:43:18","date_gmt":"2017-05-23T06:43:18","guid":{"rendered":"https:\/\/www.immobilienbusiness.ch\/?p=7719"},"modified":"2017-05-23T08:43:18","modified_gmt":"2017-05-23T06:43:18","slug":"visionapartments-neue-projekte-zug-zuerich","status":"publish","type":"post","link":"https:\/\/www.immobilienbusiness.ch\/it\/unternehmen\/2017-05-23\/visionapartments-neue-projekte-zug-zuerich\/","title":{"rendered":"Visionapartments con nuovi progetti a Zugo e Zurigo"},"content":{"rendered":"<figure id=\"attachment_7558\" aria-describedby=\"caption-attachment-7558\" style=\"width: 679px\" class=\"wp-caption alignnone\"><img loading=\"lazy\" decoding=\"async\" class=\"size-full wp-image-7558\" src=\"https:\/\/www.immobilienbusiness.ch\/wp-content\/uploads\/2017\/05\/IB-News-12052017-Immobilien-Business-Bern-Kino-Capitol-Ersatzneubau.jpg\" alt=\"\" width=\"679\" height=\"483\" srcset=\"https:\/\/www.immobilienbusiness.ch\/wp-content\/uploads\/2017\/05\/IB-News-12052017-Immobilien-Business-Bern-Kino-Capitol-Ersatzneubau.jpg 679w, https:\/\/www.immobilienbusiness.ch\/wp-content\/uploads\/2017\/05\/IB-News-12052017-Immobilien-Business-Bern-Kino-Capitol-Ersatzneubau-300x213.jpg 300w, https:\/\/www.immobilienbusiness.ch\/wp-content\/uploads\/2017\/05\/IB-News-12052017-Immobilien-Business-Bern-Kino-Capitol-Ersatzneubau-16x12.jpg 16w, https:\/\/www.immobilienbusiness.ch\/wp-content\/uploads\/2017\/05\/IB-News-12052017-Immobilien-Business-Bern-Kino-Capitol-Ersatzneubau-246x175.jpg 246w, https:\/\/www.immobilienbusiness.ch\/wp-content\/uploads\/2017\/05\/IB-News-12052017-Immobilien-Business-Bern-Kino-Capitol-Ersatzneubau-492x350.jpg 492w\" sizes=\"auto, (max-width: 679px) 100vw, 679px\" \/><figcaption id=\"caption-attachment-7558\" class=\"wp-caption-text\">Visionapartments continua ad espandersi (Foto: gunnar3000 - depositphotos)<\/figcaption><\/figure>\n<p>A Zugo, Visionapartments sta rilevando un hotel nel centro della citt\u00e0. Secondo l'azienda, le ristrutturazioni previste sono gi\u00e0 state approvate e i lavori inizieranno quest'estate. Le operazioni dovrebbero iniziare al pi\u00f9 tardi entro la fine dell'anno. Una volta completata, la nuova sede comprender\u00e0 54 appartamenti completamente attrezzati per soggiorni a medio e lungo termine. Finora Visionapartments non era presente nella Svizzera centrale, ma l'azienda afferma di essere alla ricerca di altre sedi nella regione.<\/p>\n<p>Recentemente, Visionapartments ha acquisito anche un terreno vicino all'aeroporto di Zurigo. Entro il 2019 verr\u00e0 realizzato un edificio di appartamenti serviti con oltre 300 unit\u00e0 abitative. Il sito ospita attualmente un edificio industriale di 800 mq, che verr\u00e0 commercializzato per usi temporanei, come ad esempio pop-up, durante la fase di pianificazione e sviluppo.<\/p>\n<p>Visionapartments ha in programma quattro nuove aperture in Svizzera e Germania per l'autunno 2017: oltre al progetto di Zug, in questo Paese verranno lanciate le sedi di Vevey (100 unit\u00e0 abitative) e Losanna St. Sulpice (60 unit\u00e0). L'apertura della nuova sede di Francoforte sul Meno (130 unit\u00e0) \u00e8 prevista per settembre. Nel 2018 \u00e8 prevista l'apertura di Vienna (90 unit\u00e0) e nel 2019 quella di Basilea (123 unit\u00e0).<\/p>","protected":false},"excerpt":{"rendered":"<p>Visionapartments, fornitore di appartamenti serviti, annuncia un'ulteriore espansione. Sono previsti nuovi progetti a Zug e all'aeroporto di Zurigo.\u00a0<\/p>","protected":false},"author":3,"featured_media":7558,"comment_status":"open","ping_status":"open","sticky":false,"template":"","format":"standard","meta":{"_acf_changed":false,"_yoast_wpseo_focuskw":"Visionapartments","_yoast_wpseo_title":"","_yoast_wpseo_metadesc":"Visionapartments, ein Anbieter von Serviced Apartments, k\u00fcndigt eine weitere Expansion an. Pl\u00e4ne gibt es f\u00fcr Zug und Z\u00fcrich.","_yoast_wpseo_linkdex":46,"pgc_sgb_lightbox_settings":"","footnotes":""},"categories":[988],"tags":[1317,1600,1807],"class_list":["post-7719","post","type-post","status-publish","format-standard","has-post-thumbnail","hentry","category-unternehmen","tag-hotels","tag-projekt-in-planung","tag-unternehmen"],"acf":[],"yoast_head":"<!-- This site is optimized with the Yoast SEO plugin v27.4 - https:\/\/yoast.com\/product\/yoast-seo-wordpress\/ -->\n<title>Visionapartments mit neuen Projekten in Zug und Z\u00fcrich - IMMOBILIEN Business<\/title>\n<meta name=\"description\" content=\"Visionapartments, ein Anbieter von Serviced Apartments, k\u00fcndigt eine weitere Expansion an. Pl\u00e4ne gibt es f\u00fcr Zug und Z\u00fcrich.\" \/>\n<meta name=\"robots\" content=\"index, follow, max-snippet:-1, max-image-preview:large, max-video-preview:-1\" \/>\n<link rel=\"canonical\" href=\"https:\/\/www.immobilienbusiness.ch\/it\/unternehmen\/2017-05-23\/visionapartments-neue-projekte-zug-zuerich\/\" \/>\n<meta property=\"og:locale\" content=\"it_IT\" \/>\n<meta property=\"og:type\" content=\"article\" \/>\n<meta property=\"og:title\" content=\"Visionapartments mit neuen Projekten in Zug und Z\u00fcrich\" \/>\n<meta property=\"og:description\" content=\"Visionapartments, ein Anbieter von Serviced Apartments, k\u00fcndigt eine weitere Expansion an. Pl\u00e4ne gibt es f\u00fcr Zug und Z\u00fcrich.\" \/>\n<meta property=\"og:url\" content=\"https:\/\/www.immobilienbusiness.ch\/it\/unternehmen\/2017-05-23\/visionapartments-neue-projekte-zug-zuerich\/\" \/>\n<meta property=\"og:site_name\" content=\"IMMOBILIEN Business\" \/>\n<meta property=\"article:publisher\" content=\"https:\/\/www.facebook.com\/immobilienbusiness\/\" \/>\n<meta property=\"article:published_time\" content=\"2017-05-23T06:43:18+00:00\" \/>\n<meta property=\"og:image\" content=\"https:\/\/www.immobilienbusiness.ch\/wp-content\/uploads\/2017\/05\/IB-News-12052017-Immobilien-Business-Bern-Kino-Capitol-Ersatzneubau.jpg\" \/>\n\t<meta property=\"og:image:width\" content=\"679\" \/>\n\t<meta property=\"og:image:height\" content=\"483\" \/>\n\t<meta property=\"og:image:type\" content=\"image\/jpeg\" \/>\n<meta name=\"author\" content=\"anja.hall\" \/>\n<meta name=\"twitter:card\" content=\"summary_large_image\" \/>\n<meta name=\"twitter:title\" content=\"Visionapartments mit neuen Projekten in Zug und Z\u00fcrich\" \/>\n<meta name=\"twitter:description\" content=\"Visionapartments, ein Anbieter von Serviced Apartments, k\u00fcndigt eine weitere Expansion an. Pl\u00e4ne gibt es f\u00fcr Zug und Z\u00fcrich.\" \/>\n<meta name=\"twitter:image\" content=\"https:\/\/www.immobilienbusiness.ch\/wp-content\/uploads\/2017\/05\/IB-News-12052017-Immobilien-Business-Bern-Kino-Capitol-Ersatzneubau.jpg\" \/>\n<script type=\"application\/ld+json\" class=\"yoast-schema-graph\">{\"@context\":\"https:\\\/\\\/schema.org\",\"@graph\":[{\"@type\":\"Article\",\"@id\":\"https:\\\/\\\/www.immobilienbusiness.ch\\\/en\\\/unternehmen\\\/2017-05-23\\\/visionapartments-neue-projekte-zug-zuerich\\\/#article\",\"isPartOf\":{\"@id\":\"https:\\\/\\\/www.immobilienbusiness.ch\\\/en\\\/unternehmen\\\/2017-05-23\\\/visionapartments-neue-projekte-zug-zuerich\\\/\"},\"author\":{\"name\":\"anja.hall\",\"@id\":\"https:\\\/\\\/www.immobilienbusiness.ch\\\/#\\\/schema\\\/person\\\/3fc036297b10b9f42d6db5ee932af8c8\"},\"headline\":\"Visionapartments mit neuen Projekten in Zug und Z\u00fcrich\",\"datePublished\":\"2017-05-23T06:43:18+00:00\",\"mainEntityOfPage\":{\"@id\":\"https:\\\/\\\/www.immobilienbusiness.ch\\\/en\\\/unternehmen\\\/2017-05-23\\\/visionapartments-neue-projekte-zug-zuerich\\\/\"},\"wordCount\":216,\"commentCount\":0,\"publisher\":{\"@id\":\"https:\\\/\\\/www.immobilienbusiness.ch\\\/#organization\"},\"image\":{\"@id\":\"https:\\\/\\\/www.immobilienbusiness.ch\\\/en\\\/unternehmen\\\/2017-05-23\\\/visionapartments-neue-projekte-zug-zuerich\\\/#primaryimage\"},\"thumbnailUrl\":\"https:\\\/\\\/www.immobilienbusiness.ch\\\/wp-content\\\/uploads\\\/2017\\\/05\\\/IB-News-12052017-Immobilien-Business-Bern-Kino-Capitol-Ersatzneubau.jpg\",\"keywords\":[\"Hotels\",\"Projekt in Planung\",\"Unternehmen\"],\"articleSection\":[\"UNTERNEHMEN\"],\"inLanguage\":\"it-IT\"},{\"@type\":\"WebPage\",\"@id\":\"https:\\\/\\\/www.immobilienbusiness.ch\\\/en\\\/unternehmen\\\/2017-05-23\\\/visionapartments-neue-projekte-zug-zuerich\\\/\",\"url\":\"https:\\\/\\\/www.immobilienbusiness.ch\\\/en\\\/unternehmen\\\/2017-05-23\\\/visionapartments-neue-projekte-zug-zuerich\\\/\",\"name\":\"Visionapartments mit neuen Projekten in Zug und Z\u00fcrich - IMMOBILIEN Business\",\"isPartOf\":{\"@id\":\"https:\\\/\\\/www.immobilienbusiness.ch\\\/#website\"},\"primaryImageOfPage\":{\"@id\":\"https:\\\/\\\/www.immobilienbusiness.ch\\\/en\\\/unternehmen\\\/2017-05-23\\\/visionapartments-neue-projekte-zug-zuerich\\\/#primaryimage\"},\"image\":{\"@id\":\"https:\\\/\\\/www.immobilienbusiness.ch\\\/en\\\/unternehmen\\\/2017-05-23\\\/visionapartments-neue-projekte-zug-zuerich\\\/#primaryimage\"},\"thumbnailUrl\":\"https:\\\/\\\/www.immobilienbusiness.ch\\\/wp-content\\\/uploads\\\/2017\\\/05\\\/IB-News-12052017-Immobilien-Business-Bern-Kino-Capitol-Ersatzneubau.jpg\",\"datePublished\":\"2017-05-23T06:43:18+00:00\",\"description\":\"Visionapartments, ein Anbieter von Serviced Apartments, k\u00fcndigt eine weitere Expansion an. Pl\u00e4ne gibt es f\u00fcr Zug und Z\u00fcrich.\",\"breadcrumb\":{\"@id\":\"https:\\\/\\\/www.immobilienbusiness.ch\\\/en\\\/unternehmen\\\/2017-05-23\\\/visionapartments-neue-projekte-zug-zuerich\\\/#breadcrumb\"},\"inLanguage\":\"it-IT\",\"potentialAction\":[{\"@type\":\"ReadAction\",\"target\":[\"https:\\\/\\\/www.immobilienbusiness.ch\\\/en\\\/unternehmen\\\/2017-05-23\\\/visionapartments-neue-projekte-zug-zuerich\\\/\"]}]},{\"@type\":\"ImageObject\",\"inLanguage\":\"it-IT\",\"@id\":\"https:\\\/\\\/www.immobilienbusiness.ch\\\/en\\\/unternehmen\\\/2017-05-23\\\/visionapartments-neue-projekte-zug-zuerich\\\/#primaryimage\",\"url\":\"https:\\\/\\\/www.immobilienbusiness.ch\\\/wp-content\\\/uploads\\\/2017\\\/05\\\/IB-News-12052017-Immobilien-Business-Bern-Kino-Capitol-Ersatzneubau.jpg\",\"contentUrl\":\"https:\\\/\\\/www.immobilienbusiness.ch\\\/wp-content\\\/uploads\\\/2017\\\/05\\\/IB-News-12052017-Immobilien-Business-Bern-Kino-Capitol-Ersatzneubau.jpg\",\"width\":679,\"height\":483,\"caption\":\"Das Kino Capitol in der Berner Altstadt wird durch eine Wohn- und Gesch\u00e4ftsimmobilie ersetzt (Foto: gunnar3000 \u2013 depositphotos)\"},{\"@type\":\"BreadcrumbList\",\"@id\":\"https:\\\/\\\/www.immobilienbusiness.ch\\\/en\\\/unternehmen\\\/2017-05-23\\\/visionapartments-neue-projekte-zug-zuerich\\\/#breadcrumb\",\"itemListElement\":[{\"@type\":\"ListItem\",\"position\":1,\"name\":\"Home\",\"item\":\"https:\\\/\\\/www.immobilienbusiness.ch\\\/\"},{\"@type\":\"ListItem\",\"position\":2,\"name\":\"Visionapartments mit neuen Projekten in Zug und Z\u00fcrich\"}]},{\"@type\":\"WebSite\",\"@id\":\"https:\\\/\\\/www.immobilienbusiness.ch\\\/#website\",\"url\":\"https:\\\/\\\/www.immobilienbusiness.ch\\\/\",\"name\":\"IMMOBILIEN Business\",\"description\":\"Unabh\u00e4ngiges Schweizer Wirtschaftsmagazin mit Fokus auf Immobilien, Architektur- und Bau sowie Investment- und Finanzierung.\",\"publisher\":{\"@id\":\"https:\\\/\\\/www.immobilienbusiness.ch\\\/#organization\"},\"potentialAction\":[{\"@type\":\"SearchAction\",\"target\":{\"@type\":\"EntryPoint\",\"urlTemplate\":\"https:\\\/\\\/www.immobilienbusiness.ch\\\/?s={search_term_string}\"},\"query-input\":{\"@type\":\"PropertyValueSpecification\",\"valueRequired\":true,\"valueName\":\"search_term_string\"}}],\"inLanguage\":\"it-IT\"},{\"@type\":\"Organization\",\"@id\":\"https:\\\/\\\/www.immobilienbusiness.ch\\\/#organization\",\"name\":\"IMMOBILIEN Business\",\"url\":\"https:\\\/\\\/www.immobilienbusiness.ch\\\/\",\"logo\":{\"@type\":\"ImageObject\",\"inLanguage\":\"it-IT\",\"@id\":\"https:\\\/\\\/www.immobilienbusiness.ch\\\/#\\\/schema\\\/logo\\\/image\\\/\",\"url\":\"https:\\\/\\\/www.immobilienbusiness.ch\\\/wp-content\\\/uploads\\\/2021\\\/07\\\/logo_ib.png\",\"contentUrl\":\"https:\\\/\\\/www.immobilienbusiness.ch\\\/wp-content\\\/uploads\\\/2021\\\/07\\\/logo_ib.png\",\"width\":800,\"height\":181,\"caption\":\"IMMOBILIEN Business\"},\"image\":{\"@id\":\"https:\\\/\\\/www.immobilienbusiness.ch\\\/#\\\/schema\\\/logo\\\/image\\\/\"},\"sameAs\":[\"https:\\\/\\\/www.facebook.com\\\/immobilienbusiness\\\/\"]},{\"@type\":\"Person\",\"@id\":\"https:\\\/\\\/www.immobilienbusiness.ch\\\/#\\\/schema\\\/person\\\/3fc036297b10b9f42d6db5ee932af8c8\",\"name\":\"anja.hall\",\"image\":{\"@type\":\"ImageObject\",\"inLanguage\":\"it-IT\",\"@id\":\"https:\\\/\\\/secure.gravatar.com\\\/avatar\\\/066b5a0d447013502c71a5782f4f3469f03cfe595cc2329fb94652fe47511bfb?s=96&d=mm&r=g\",\"url\":\"https:\\\/\\\/secure.gravatar.com\\\/avatar\\\/066b5a0d447013502c71a5782f4f3469f03cfe595cc2329fb94652fe47511bfb?s=96&d=mm&r=g\",\"contentUrl\":\"https:\\\/\\\/secure.gravatar.com\\\/avatar\\\/066b5a0d447013502c71a5782f4f3469f03cfe595cc2329fb94652fe47511bfb?s=96&d=mm&r=g\",\"caption\":\"anja.hall\"},\"url\":\"https:\\\/\\\/www.immobilienbusiness.ch\\\/it\\\/author\\\/anja-hall\\\/\"}]}<\/script>\n<!-- \/ Yoast SEO plugin. -->","yoast_head_json":{"title":"Visionapartments mit neuen Projekten in Zug und Z\u00fcrich - IMMOBILIEN Business","description":"Visionapartments, ein Anbieter von Serviced Apartments, k\u00fcndigt eine weitere Expansion an. Pl\u00e4ne gibt es f\u00fcr Zug und Z\u00fcrich.","robots":{"index":"index","follow":"follow","max-snippet":"max-snippet:-1","max-image-preview":"max-image-preview:large","max-video-preview":"max-video-preview:-1"},"canonical":"https:\/\/www.immobilienbusiness.ch\/it\/unternehmen\/2017-05-23\/visionapartments-neue-projekte-zug-zuerich\/","og_locale":"it_IT","og_type":"article","og_title":"Visionapartments mit neuen Projekten in Zug und Z\u00fcrich","og_description":"Visionapartments, ein Anbieter von Serviced Apartments, k\u00fcndigt eine weitere Expansion an. Pl\u00e4ne gibt es f\u00fcr Zug und Z\u00fcrich.","og_url":"https:\/\/www.immobilienbusiness.ch\/it\/unternehmen\/2017-05-23\/visionapartments-neue-projekte-zug-zuerich\/","og_site_name":"IMMOBILIEN Business","article_publisher":"https:\/\/www.facebook.com\/immobilienbusiness\/","article_published_time":"2017-05-23T06:43:18+00:00","og_image":[{"width":679,"height":483,"url":"https:\/\/www.immobilienbusiness.ch\/wp-content\/uploads\/2017\/05\/IB-News-12052017-Immobilien-Business-Bern-Kino-Capitol-Ersatzneubau.jpg","type":"image\/jpeg"}],"author":"anja.hall","twitter_card":"summary_large_image","twitter_title":"Visionapartments mit neuen Projekten in Zug und Z\u00fcrich","twitter_description":"Visionapartments, ein Anbieter von Serviced Apartments, k\u00fcndigt eine weitere Expansion an. Pl\u00e4ne gibt es f\u00fcr Zug und Z\u00fcrich.","twitter_image":"https:\/\/www.immobilienbusiness.ch\/wp-content\/uploads\/2017\/05\/IB-News-12052017-Immobilien-Business-Bern-Kino-Capitol-Ersatzneubau.jpg","schema":{"@context":"https:\/\/schema.org","@graph":[{"@type":"Article","@id":"https:\/\/www.immobilienbusiness.ch\/en\/unternehmen\/2017-05-23\/visionapartments-neue-projekte-zug-zuerich\/#article","isPartOf":{"@id":"https:\/\/www.immobilienbusiness.ch\/en\/unternehmen\/2017-05-23\/visionapartments-neue-projekte-zug-zuerich\/"},"author":{"name":"anja.hall","@id":"https:\/\/www.immobilienbusiness.ch\/#\/schema\/person\/3fc036297b10b9f42d6db5ee932af8c8"},"headline":"Visionapartments mit neuen Projekten in Zug und Z\u00fcrich","datePublished":"2017-05-23T06:43:18+00:00","mainEntityOfPage":{"@id":"https:\/\/www.immobilienbusiness.ch\/en\/unternehmen\/2017-05-23\/visionapartments-neue-projekte-zug-zuerich\/"},"wordCount":216,"commentCount":0,"publisher":{"@id":"https:\/\/www.immobilienbusiness.ch\/#organization"},"image":{"@id":"https:\/\/www.immobilienbusiness.ch\/en\/unternehmen\/2017-05-23\/visionapartments-neue-projekte-zug-zuerich\/#primaryimage"},"thumbnailUrl":"https:\/\/www.immobilienbusiness.ch\/wp-content\/uploads\/2017\/05\/IB-News-12052017-Immobilien-Business-Bern-Kino-Capitol-Ersatzneubau.jpg","keywords":["Hotels","Projekt in Planung","Unternehmen"],"articleSection":["UNTERNEHMEN"],"inLanguage":"it-IT"},{"@type":"WebPage","@id":"https:\/\/www.immobilienbusiness.ch\/en\/unternehmen\/2017-05-23\/visionapartments-neue-projekte-zug-zuerich\/","url":"https:\/\/www.immobilienbusiness.ch\/en\/unternehmen\/2017-05-23\/visionapartments-neue-projekte-zug-zuerich\/","name":"Visionapartments mit neuen Projekten in Zug und Z\u00fcrich - IMMOBILIEN Business","isPartOf":{"@id":"https:\/\/www.immobilienbusiness.ch\/#website"},"primaryImageOfPage":{"@id":"https:\/\/www.immobilienbusiness.ch\/en\/unternehmen\/2017-05-23\/visionapartments-neue-projekte-zug-zuerich\/#primaryimage"},"image":{"@id":"https:\/\/www.immobilienbusiness.ch\/en\/unternehmen\/2017-05-23\/visionapartments-neue-projekte-zug-zuerich\/#primaryimage"},"thumbnailUrl":"https:\/\/www.immobilienbusiness.ch\/wp-content\/uploads\/2017\/05\/IB-News-12052017-Immobilien-Business-Bern-Kino-Capitol-Ersatzneubau.jpg","datePublished":"2017-05-23T06:43:18+00:00","description":"Visionapartments, ein Anbieter von Serviced Apartments, k\u00fcndigt eine weitere Expansion an. Pl\u00e4ne gibt es f\u00fcr Zug und Z\u00fcrich.","breadcrumb":{"@id":"https:\/\/www.immobilienbusiness.ch\/en\/unternehmen\/2017-05-23\/visionapartments-neue-projekte-zug-zuerich\/#breadcrumb"},"inLanguage":"it-IT","potentialAction":[{"@type":"ReadAction","target":["https:\/\/www.immobilienbusiness.ch\/en\/unternehmen\/2017-05-23\/visionapartments-neue-projekte-zug-zuerich\/"]}]},{"@type":"ImageObject","inLanguage":"it-IT","@id":"https:\/\/www.immobilienbusiness.ch\/en\/unternehmen\/2017-05-23\/visionapartments-neue-projekte-zug-zuerich\/#primaryimage","url":"https:\/\/www.immobilienbusiness.ch\/wp-content\/uploads\/2017\/05\/IB-News-12052017-Immobilien-Business-Bern-Kino-Capitol-Ersatzneubau.jpg","contentUrl":"https:\/\/www.immobilienbusiness.ch\/wp-content\/uploads\/2017\/05\/IB-News-12052017-Immobilien-Business-Bern-Kino-Capitol-Ersatzneubau.jpg","width":679,"height":483,"caption":"Das Kino Capitol in der Berner Altstadt wird durch eine Wohn- und Gesch\u00e4ftsimmobilie ersetzt (Foto: gunnar3000 \u2013 depositphotos)"},{"@type":"BreadcrumbList","@id":"https:\/\/www.immobilienbusiness.ch\/en\/unternehmen\/2017-05-23\/visionapartments-neue-projekte-zug-zuerich\/#breadcrumb","itemListElement":[{"@type":"ListItem","position":1,"name":"Home","item":"https:\/\/www.immobilienbusiness.ch\/"},{"@type":"ListItem","position":2,"name":"Visionapartments mit neuen Projekten in Zug und Z\u00fcrich"}]},{"@type":"WebSite","@id":"https:\/\/www.immobilienbusiness.ch\/#website","url":"https:\/\/www.immobilienbusiness.ch\/","name":"Affari immobiliari","description":"Rivista economica indipendente svizzera che si concentra sul settore immobiliare, l'architettura e la costruzione, nonch\u00e9 sugli investimenti e i finanziamenti.","publisher":{"@id":"https:\/\/www.immobilienbusiness.ch\/#organization"},"potentialAction":[{"@type":"SearchAction","target":{"@type":"EntryPoint","urlTemplate":"https:\/\/www.immobilienbusiness.ch\/?s={search_term_string}"},"query-input":{"@type":"PropertyValueSpecification","valueRequired":true,"valueName":"search_term_string"}}],"inLanguage":"it-IT"},{"@type":"Organization","@id":"https:\/\/www.immobilienbusiness.ch\/#organization","name":"Affari immobiliari","url":"https:\/\/www.immobilienbusiness.ch\/","logo":{"@type":"ImageObject","inLanguage":"it-IT","@id":"https:\/\/www.immobilienbusiness.ch\/#\/schema\/logo\/image\/","url":"https:\/\/www.immobilienbusiness.ch\/wp-content\/uploads\/2021\/07\/logo_ib.png","contentUrl":"https:\/\/www.immobilienbusiness.ch\/wp-content\/uploads\/2021\/07\/logo_ib.png","width":800,"height":181,"caption":"IMMOBILIEN Business"},"image":{"@id":"https:\/\/www.immobilienbusiness.ch\/#\/schema\/logo\/image\/"},"sameAs":["https:\/\/www.facebook.com\/immobilienbusiness\/"]},{"@type":"Person","@id":"https:\/\/www.immobilienbusiness.ch\/#\/schema\/person\/3fc036297b10b9f42d6db5ee932af8c8","name":"anja.hall","image":{"@type":"ImageObject","inLanguage":"it-IT","@id":"https:\/\/secure.gravatar.com\/avatar\/066b5a0d447013502c71a5782f4f3469f03cfe595cc2329fb94652fe47511bfb?s=96&d=mm&r=g","url":"https:\/\/secure.gravatar.com\/avatar\/066b5a0d447013502c71a5782f4f3469f03cfe595cc2329fb94652fe47511bfb?s=96&d=mm&r=g","contentUrl":"https:\/\/secure.gravatar.com\/avatar\/066b5a0d447013502c71a5782f4f3469f03cfe595cc2329fb94652fe47511bfb?s=96&d=mm&r=g","caption":"anja.hall"},"url":"https:\/\/www.immobilienbusiness.ch\/it\/author\/anja-hall\/"}]}},"_links":{"self":[{"href":"https:\/\/www.immobilienbusiness.ch\/it\/wp-json\/wp\/v2\/posts\/7719","targetHints":{"allow":["GET"]}}],"collection":[{"href":"https:\/\/www.immobilienbusiness.ch\/it\/wp-json\/wp\/v2\/posts"}],"about":[{"href":"https:\/\/www.immobilienbusiness.ch\/it\/wp-json\/wp\/v2\/types\/post"}],"author":[{"embeddable":true,"href":"https:\/\/www.immobilienbusiness.ch\/it\/wp-json\/wp\/v2\/users\/3"}],"replies":[{"embeddable":true,"href":"https:\/\/www.immobilienbusiness.ch\/it\/wp-json\/wp\/v2\/comments?post=7719"}],"version-history":[{"count":0,"href":"https:\/\/www.immobilienbusiness.ch\/it\/wp-json\/wp\/v2\/posts\/7719\/revisions"}],"wp:featuredmedia":[{"embeddable":true,"href":"https:\/\/www.immobilienbusiness.ch\/it\/wp-json\/wp\/v2\/media\/7558"}],"wp:attachment":[{"href":"https:\/\/www.immobilienbusiness.ch\/it\/wp-json\/wp\/v2\/media?parent=7719"}],"wp:term":[{"taxonomy":"category","embeddable":true,"href":"https:\/\/www.immobilienbusiness.ch\/it\/wp-json\/wp\/v2\/categories?post=7719"},{"taxonomy":"post_tag","embeddable":true,"href":"https:\/\/www.immobilienbusiness.ch\/it\/wp-json\/wp\/v2\/tags?post=7719"}],"curies":[{"name":"wp","href":"https:\/\/api.w.org\/{rel}","templated":true}]}}