{"id":7418,"date":"2017-05-04T10:05:15","date_gmt":"2017-05-04T08:05:15","guid":{"rendered":"https:\/\/www.immobilienbusiness.ch\/?p=7418"},"modified":"2017-05-04T10:05:15","modified_gmt":"2017-05-04T08:05:15","slug":"zuerich-stadt-soll-neue-nutzung-fuer-carparkplatz-pruefen","status":"publish","type":"post","link":"https:\/\/www.immobilienbusiness.ch\/it\/regionen\/2017-05-04\/zuerich-stadt-soll-neue-nutzung-fuer-carparkplatz-pruefen\/","title":{"rendered":"Zurigo: la citt\u00e0 dovrebbe esaminare un nuovo uso per il parcheggio"},"content":{"rendered":"<figure id=\"attachment_7419\" aria-describedby=\"caption-attachment-7419\" style=\"width: 680px\" class=\"wp-caption alignnone\"><img loading=\"lazy\" decoding=\"async\" class=\"size-medium wp-image-7419\" src=\"https:\/\/www.immobilienbusiness.ch\/wp-content\/uploads\/2017\/05\/Z\u00fcrich-Mobimo-stellt-Pl\u00e4ne-f\u00fcr-Kongresszentrum-vor-immobilien-business-768x576.jpg\" alt=\"\" width=\"680\" height=\"510\" \/><figcaption id=\"caption-attachment-7419\" class=\"wp-caption-text\">Sulla riva sinistra della Sihl: il parcheggio Sihlquai (\u00a9 Roland Fischer, Zurigo, CC BY-SA 3.0, Wikimedia Commons<\/figcaption><\/figure>\n<p>Il Consiglio comunale \u00e8 stato incaricato, con una mozione di dieci consiglieri, di presentare una proposta al Consiglio comunale per un prestito di progetto per il parcheggio. Gli autori della mozione giustificano questa scelta con il fatto che l'area del parcheggio \u00e8 un importante sito di sviluppo urbano con un grande potenziale di sviluppo. La mozione cita esplicitamente due condizioni generali: In primo luogo, la pianificazione dovrebbe avvenire in un processo partecipativo e, in secondo luogo, un centro congressi \u00e8 escluso in questo luogo. Questo significherebbe la fine dei piani di Mobimo: <a href=\"https:\/\/www.immobilienbusiness.ch\/it\/zuerich-mobimo-stellt-plaene-fuer-kongresszentrum-vor\/\">Nel novembre 2016, la societ\u00e0 immobiliare aveva presentato un business plan per un centro congressi con un hotel sul parcheggio.<\/a><\/p>\n<h2>Consiglio comunale: esaminare prima sedi alternative<\/h2>\n<p>Come scrive il Consiglio comunale in un comunicato, condivide l'opinione del sottoscritto che il sito di circa 7.000 metri quadrati sia un luogo importante con un potenziale di sviluppo.  Allo stesso tempo, per\u00f2, non ritiene indispensabile che gli ultimi grandi siti del centro citt\u00e0 - compreso il parcheggio - vengano costruiti dall'attuale generazione. A causa dell'urgente necessit\u00e0 di riparazioni, non sarebbe opportuno presentare contemporaneamente una proposta di sviluppo globale. Sarebbe opportuno chiarire prima di tutto se esistono sedi alternative per il parcheggio in una posizione adeguata.<\/p>\n<p>Tuttavia, il Consiglio comunale \u00e8 pronto a esaminare varie opzioni di utilizzo. Per questo motivo, respinge la mozione, ma \u00e8 disposto ad accettare la proposta come postulato.<\/p>\n<p>Il parcheggio sar\u00e0 riqualificato a partire da febbraio 2018 per essere pronto all'uso per altri dieci anni. L'amministrazione comunale intende presentare a breve un corrispondente credito d'oggetto al Consiglio comunale.<\/p>","protected":false},"excerpt":{"rendered":"<p>Una mozione del consiglio comunale di Zurigo vuole esaminare un nuovo utilizzo del parcheggio. La piazza accanto alla stazione principale \u00e8 una delle ultime grandi aree cittadine non ancora edificate. <\/p>","protected":false},"author":3,"featured_media":7419,"comment_status":"open","ping_status":"open","sticky":false,"template":"","format":"standard","meta":{"_acf_changed":false,"_yoast_wpseo_focuskw":"Carparkplatz","_yoast_wpseo_title":"","_yoast_wpseo_metadesc":"Eine Motion aus dem Z\u00fcrcher Gemeinderat will eine Umnutzung des Carparkplatzes pr\u00fcfen. Der Platz ist eines der letzten grossen unbebauten Areale der Stadt.","_yoast_wpseo_linkdex":74,"pgc_sgb_lightbox_settings":"","footnotes":""},"categories":[985],"tags":[1579,1600,1888],"class_list":["post-7418","post","type-post","status-publish","format-standard","has-post-thumbnail","hentry","category-regionen","tag-politik","tag-projekt-in-planung","tag-zuerich"],"acf":[],"yoast_head":"<!-- This site is optimized with the Yoast SEO plugin v27.4 - https:\/\/yoast.com\/product\/yoast-seo-wordpress\/ -->\n<title>Z\u00fcrich: Stadt soll neue Nutzung f\u00fcr Carparkplatz pr\u00fcfen - IMMOBILIEN Business<\/title>\n<meta name=\"description\" content=\"Eine Motion aus dem Z\u00fcrcher Gemeinderat will eine Umnutzung des Carparkplatzes pr\u00fcfen. Der Platz ist eines der letzten grossen unbebauten Areale der Stadt.\" \/>\n<meta name=\"robots\" content=\"index, follow, max-snippet:-1, max-image-preview:large, max-video-preview:-1\" \/>\n<link rel=\"canonical\" href=\"https:\/\/www.immobilienbusiness.ch\/it\/regionen\/2017-05-04\/zuerich-stadt-soll-neue-nutzung-fuer-carparkplatz-pruefen\/\" \/>\n<meta property=\"og:locale\" content=\"it_IT\" \/>\n<meta property=\"og:type\" content=\"article\" \/>\n<meta property=\"og:title\" content=\"Z\u00fcrich: Stadt soll neue Nutzung f\u00fcr Carparkplatz pr\u00fcfen\" \/>\n<meta property=\"og:description\" content=\"Eine Motion aus dem Z\u00fcrcher Gemeinderat will eine Umnutzung des Carparkplatzes pr\u00fcfen. Der Platz ist eines der letzten grossen unbebauten Areale der Stadt.\" \/>\n<meta property=\"og:url\" content=\"https:\/\/www.immobilienbusiness.ch\/it\/regionen\/2017-05-04\/zuerich-stadt-soll-neue-nutzung-fuer-carparkplatz-pruefen\/\" \/>\n<meta property=\"og:site_name\" content=\"IMMOBILIEN Business\" \/>\n<meta property=\"article:publisher\" content=\"https:\/\/www.facebook.com\/immobilienbusiness\/\" \/>\n<meta property=\"article:published_time\" content=\"2017-05-04T08:05:15+00:00\" \/>\n<meta name=\"author\" content=\"anja.hall\" \/>\n<meta name=\"twitter:card\" content=\"summary_large_image\" \/>\n<meta name=\"twitter:title\" content=\"Z\u00fcrich: Stadt soll neue Nutzung f\u00fcr Carparkplatz pr\u00fcfen\" \/>\n<meta name=\"twitter:description\" content=\"Eine Motion aus dem Z\u00fcrcher Gemeinderat will eine Umnutzung des Carparkplatzes pr\u00fcfen. Der Platz ist eines der letzten grossen unbebauten Areale der Stadt.\" \/>\n<meta name=\"twitter:image\" content=\"https:\/\/www.immobilienbusiness.ch\/wp-content\/uploads\/2017\/05\/Z\u00fcrich-Mobimo-stellt-Pl\u00e4ne-f\u00fcr-Kongresszentrum-vor-immobilien-business-768x576.jpg\" \/>\n<script type=\"application\/ld+json\" class=\"yoast-schema-graph\">{\"@context\":\"https:\\\/\\\/schema.org\",\"@graph\":[{\"@type\":\"Article\",\"@id\":\"https:\\\/\\\/www.immobilienbusiness.ch\\\/en\\\/regionen\\\/2017-05-04\\\/zuerich-stadt-soll-neue-nutzung-fuer-carparkplatz-pruefen\\\/#article\",\"isPartOf\":{\"@id\":\"https:\\\/\\\/www.immobilienbusiness.ch\\\/en\\\/regionen\\\/2017-05-04\\\/zuerich-stadt-soll-neue-nutzung-fuer-carparkplatz-pruefen\\\/\"},\"author\":{\"name\":\"anja.hall\",\"@id\":\"https:\\\/\\\/www.immobilienbusiness.ch\\\/#\\\/schema\\\/person\\\/3fc036297b10b9f42d6db5ee932af8c8\"},\"headline\":\"Z\u00fcrich: Stadt soll neue Nutzung f\u00fcr Carparkplatz pr\u00fcfen\",\"datePublished\":\"2017-05-04T08:05:15+00:00\",\"mainEntityOfPage\":{\"@id\":\"https:\\\/\\\/www.immobilienbusiness.ch\\\/en\\\/regionen\\\/2017-05-04\\\/zuerich-stadt-soll-neue-nutzung-fuer-carparkplatz-pruefen\\\/\"},\"wordCount\":296,\"commentCount\":0,\"publisher\":{\"@id\":\"https:\\\/\\\/www.immobilienbusiness.ch\\\/#organization\"},\"image\":{\"@id\":\"https:\\\/\\\/www.immobilienbusiness.ch\\\/en\\\/regionen\\\/2017-05-04\\\/zuerich-stadt-soll-neue-nutzung-fuer-carparkplatz-pruefen\\\/#primaryimage\"},\"thumbnailUrl\":\"https:\\\/\\\/www.immobilienbusiness.ch\\\/wp-content\\\/uploads\\\/2017\\\/05\\\/Zuerich-Mobimo-stellt-Plaene-fuer-Kongresszentrum-vor-immobilien-business-768x576-1.jpg\",\"keywords\":[\"Politik\",\"Projekt in Planung\",\"Z\u00fcrich\"],\"articleSection\":[\"REGIONEN\"],\"inLanguage\":\"it-IT\"},{\"@type\":\"WebPage\",\"@id\":\"https:\\\/\\\/www.immobilienbusiness.ch\\\/en\\\/regionen\\\/2017-05-04\\\/zuerich-stadt-soll-neue-nutzung-fuer-carparkplatz-pruefen\\\/\",\"url\":\"https:\\\/\\\/www.immobilienbusiness.ch\\\/en\\\/regionen\\\/2017-05-04\\\/zuerich-stadt-soll-neue-nutzung-fuer-carparkplatz-pruefen\\\/\",\"name\":\"Z\u00fcrich: Stadt soll neue Nutzung f\u00fcr Carparkplatz pr\u00fcfen - IMMOBILIEN Business\",\"isPartOf\":{\"@id\":\"https:\\\/\\\/www.immobilienbusiness.ch\\\/#website\"},\"primaryImageOfPage\":{\"@id\":\"https:\\\/\\\/www.immobilienbusiness.ch\\\/en\\\/regionen\\\/2017-05-04\\\/zuerich-stadt-soll-neue-nutzung-fuer-carparkplatz-pruefen\\\/#primaryimage\"},\"image\":{\"@id\":\"https:\\\/\\\/www.immobilienbusiness.ch\\\/en\\\/regionen\\\/2017-05-04\\\/zuerich-stadt-soll-neue-nutzung-fuer-carparkplatz-pruefen\\\/#primaryimage\"},\"thumbnailUrl\":\"https:\\\/\\\/www.immobilienbusiness.ch\\\/wp-content\\\/uploads\\\/2017\\\/05\\\/Zuerich-Mobimo-stellt-Plaene-fuer-Kongresszentrum-vor-immobilien-business-768x576-1.jpg\",\"datePublished\":\"2017-05-04T08:05:15+00:00\",\"description\":\"Eine Motion aus dem Z\u00fcrcher Gemeinderat will eine Umnutzung des Carparkplatzes pr\u00fcfen. Der Platz ist eines der letzten grossen unbebauten Areale der Stadt.\",\"breadcrumb\":{\"@id\":\"https:\\\/\\\/www.immobilienbusiness.ch\\\/en\\\/regionen\\\/2017-05-04\\\/zuerich-stadt-soll-neue-nutzung-fuer-carparkplatz-pruefen\\\/#breadcrumb\"},\"inLanguage\":\"it-IT\",\"potentialAction\":[{\"@type\":\"ReadAction\",\"target\":[\"https:\\\/\\\/www.immobilienbusiness.ch\\\/en\\\/regionen\\\/2017-05-04\\\/zuerich-stadt-soll-neue-nutzung-fuer-carparkplatz-pruefen\\\/\"]}]},{\"@type\":\"ImageObject\",\"inLanguage\":\"it-IT\",\"@id\":\"https:\\\/\\\/www.immobilienbusiness.ch\\\/en\\\/regionen\\\/2017-05-04\\\/zuerich-stadt-soll-neue-nutzung-fuer-carparkplatz-pruefen\\\/#primaryimage\",\"url\":\"https:\\\/\\\/www.immobilienbusiness.ch\\\/wp-content\\\/uploads\\\/2017\\\/05\\\/Zuerich-Mobimo-stellt-Plaene-fuer-Kongresszentrum-vor-immobilien-business-768x576-1.jpg\",\"contentUrl\":\"https:\\\/\\\/www.immobilienbusiness.ch\\\/wp-content\\\/uploads\\\/2017\\\/05\\\/Zuerich-Mobimo-stellt-Plaene-fuer-Kongresszentrum-vor-immobilien-business-768x576-1.jpg\",\"width\":768,\"height\":576,\"caption\":\"Am linken Ufer der Sihl: Carpark Sihlquai (\u00a9 Roland Fischer, Z\u00fcrich, CC BY-SA 3.0, Wikimedia Commons\"},{\"@type\":\"BreadcrumbList\",\"@id\":\"https:\\\/\\\/www.immobilienbusiness.ch\\\/en\\\/regionen\\\/2017-05-04\\\/zuerich-stadt-soll-neue-nutzung-fuer-carparkplatz-pruefen\\\/#breadcrumb\",\"itemListElement\":[{\"@type\":\"ListItem\",\"position\":1,\"name\":\"Home\",\"item\":\"https:\\\/\\\/www.immobilienbusiness.ch\\\/\"},{\"@type\":\"ListItem\",\"position\":2,\"name\":\"Z\u00fcrich: Stadt soll neue Nutzung f\u00fcr Carparkplatz pr\u00fcfen\"}]},{\"@type\":\"WebSite\",\"@id\":\"https:\\\/\\\/www.immobilienbusiness.ch\\\/#website\",\"url\":\"https:\\\/\\\/www.immobilienbusiness.ch\\\/\",\"name\":\"IMMOBILIEN Business\",\"description\":\"Unabh\u00e4ngiges Schweizer Wirtschaftsmagazin mit Fokus auf Immobilien, Architektur- und Bau sowie Investment- und Finanzierung.\",\"publisher\":{\"@id\":\"https:\\\/\\\/www.immobilienbusiness.ch\\\/#organization\"},\"potentialAction\":[{\"@type\":\"SearchAction\",\"target\":{\"@type\":\"EntryPoint\",\"urlTemplate\":\"https:\\\/\\\/www.immobilienbusiness.ch\\\/?s={search_term_string}\"},\"query-input\":{\"@type\":\"PropertyValueSpecification\",\"valueRequired\":true,\"valueName\":\"search_term_string\"}}],\"inLanguage\":\"it-IT\"},{\"@type\":\"Organization\",\"@id\":\"https:\\\/\\\/www.immobilienbusiness.ch\\\/#organization\",\"name\":\"IMMOBILIEN Business\",\"url\":\"https:\\\/\\\/www.immobilienbusiness.ch\\\/\",\"logo\":{\"@type\":\"ImageObject\",\"inLanguage\":\"it-IT\",\"@id\":\"https:\\\/\\\/www.immobilienbusiness.ch\\\/#\\\/schema\\\/logo\\\/image\\\/\",\"url\":\"https:\\\/\\\/www.immobilienbusiness.ch\\\/wp-content\\\/uploads\\\/2021\\\/07\\\/logo_ib.png\",\"contentUrl\":\"https:\\\/\\\/www.immobilienbusiness.ch\\\/wp-content\\\/uploads\\\/2021\\\/07\\\/logo_ib.png\",\"width\":800,\"height\":181,\"caption\":\"IMMOBILIEN Business\"},\"image\":{\"@id\":\"https:\\\/\\\/www.immobilienbusiness.ch\\\/#\\\/schema\\\/logo\\\/image\\\/\"},\"sameAs\":[\"https:\\\/\\\/www.facebook.com\\\/immobilienbusiness\\\/\"]},{\"@type\":\"Person\",\"@id\":\"https:\\\/\\\/www.immobilienbusiness.ch\\\/#\\\/schema\\\/person\\\/3fc036297b10b9f42d6db5ee932af8c8\",\"name\":\"anja.hall\",\"image\":{\"@type\":\"ImageObject\",\"inLanguage\":\"it-IT\",\"@id\":\"https:\\\/\\\/secure.gravatar.com\\\/avatar\\\/066b5a0d447013502c71a5782f4f3469f03cfe595cc2329fb94652fe47511bfb?s=96&d=mm&r=g\",\"url\":\"https:\\\/\\\/secure.gravatar.com\\\/avatar\\\/066b5a0d447013502c71a5782f4f3469f03cfe595cc2329fb94652fe47511bfb?s=96&d=mm&r=g\",\"contentUrl\":\"https:\\\/\\\/secure.gravatar.com\\\/avatar\\\/066b5a0d447013502c71a5782f4f3469f03cfe595cc2329fb94652fe47511bfb?s=96&d=mm&r=g\",\"caption\":\"anja.hall\"},\"url\":\"https:\\\/\\\/www.immobilienbusiness.ch\\\/it\\\/author\\\/anja-hall\\\/\"}]}<\/script>\n<!-- \/ Yoast SEO plugin. -->","yoast_head_json":{"title":"Z\u00fcrich: Stadt soll neue Nutzung f\u00fcr Carparkplatz pr\u00fcfen - IMMOBILIEN Business","description":"Eine Motion aus dem Z\u00fcrcher Gemeinderat will eine Umnutzung des Carparkplatzes pr\u00fcfen. Der Platz ist eines der letzten grossen unbebauten Areale der Stadt.","robots":{"index":"index","follow":"follow","max-snippet":"max-snippet:-1","max-image-preview":"max-image-preview:large","max-video-preview":"max-video-preview:-1"},"canonical":"https:\/\/www.immobilienbusiness.ch\/it\/regionen\/2017-05-04\/zuerich-stadt-soll-neue-nutzung-fuer-carparkplatz-pruefen\/","og_locale":"it_IT","og_type":"article","og_title":"Z\u00fcrich: Stadt soll neue Nutzung f\u00fcr Carparkplatz pr\u00fcfen","og_description":"Eine Motion aus dem Z\u00fcrcher Gemeinderat will eine Umnutzung des Carparkplatzes pr\u00fcfen. Der Platz ist eines der letzten grossen unbebauten Areale der Stadt.","og_url":"https:\/\/www.immobilienbusiness.ch\/it\/regionen\/2017-05-04\/zuerich-stadt-soll-neue-nutzung-fuer-carparkplatz-pruefen\/","og_site_name":"IMMOBILIEN Business","article_publisher":"https:\/\/www.facebook.com\/immobilienbusiness\/","article_published_time":"2017-05-04T08:05:15+00:00","author":"anja.hall","twitter_card":"summary_large_image","twitter_title":"Z\u00fcrich: Stadt soll neue Nutzung f\u00fcr Carparkplatz pr\u00fcfen","twitter_description":"Eine Motion aus dem Z\u00fcrcher Gemeinderat will eine Umnutzung des Carparkplatzes pr\u00fcfen. Der Platz ist eines der letzten grossen unbebauten Areale der Stadt.","twitter_image":"https:\/\/www.immobilienbusiness.ch\/wp-content\/uploads\/2017\/05\/Z\u00fcrich-Mobimo-stellt-Pl\u00e4ne-f\u00fcr-Kongresszentrum-vor-immobilien-business-768x576.jpg","schema":{"@context":"https:\/\/schema.org","@graph":[{"@type":"Article","@id":"https:\/\/www.immobilienbusiness.ch\/en\/regionen\/2017-05-04\/zuerich-stadt-soll-neue-nutzung-fuer-carparkplatz-pruefen\/#article","isPartOf":{"@id":"https:\/\/www.immobilienbusiness.ch\/en\/regionen\/2017-05-04\/zuerich-stadt-soll-neue-nutzung-fuer-carparkplatz-pruefen\/"},"author":{"name":"anja.hall","@id":"https:\/\/www.immobilienbusiness.ch\/#\/schema\/person\/3fc036297b10b9f42d6db5ee932af8c8"},"headline":"Z\u00fcrich: Stadt soll neue Nutzung f\u00fcr Carparkplatz pr\u00fcfen","datePublished":"2017-05-04T08:05:15+00:00","mainEntityOfPage":{"@id":"https:\/\/www.immobilienbusiness.ch\/en\/regionen\/2017-05-04\/zuerich-stadt-soll-neue-nutzung-fuer-carparkplatz-pruefen\/"},"wordCount":296,"commentCount":0,"publisher":{"@id":"https:\/\/www.immobilienbusiness.ch\/#organization"},"image":{"@id":"https:\/\/www.immobilienbusiness.ch\/en\/regionen\/2017-05-04\/zuerich-stadt-soll-neue-nutzung-fuer-carparkplatz-pruefen\/#primaryimage"},"thumbnailUrl":"https:\/\/www.immobilienbusiness.ch\/wp-content\/uploads\/2017\/05\/Zuerich-Mobimo-stellt-Plaene-fuer-Kongresszentrum-vor-immobilien-business-768x576-1.jpg","keywords":["Politik","Projekt in Planung","Z\u00fcrich"],"articleSection":["REGIONEN"],"inLanguage":"it-IT"},{"@type":"WebPage","@id":"https:\/\/www.immobilienbusiness.ch\/en\/regionen\/2017-05-04\/zuerich-stadt-soll-neue-nutzung-fuer-carparkplatz-pruefen\/","url":"https:\/\/www.immobilienbusiness.ch\/en\/regionen\/2017-05-04\/zuerich-stadt-soll-neue-nutzung-fuer-carparkplatz-pruefen\/","name":"Z\u00fcrich: Stadt soll neue Nutzung f\u00fcr Carparkplatz pr\u00fcfen - IMMOBILIEN Business","isPartOf":{"@id":"https:\/\/www.immobilienbusiness.ch\/#website"},"primaryImageOfPage":{"@id":"https:\/\/www.immobilienbusiness.ch\/en\/regionen\/2017-05-04\/zuerich-stadt-soll-neue-nutzung-fuer-carparkplatz-pruefen\/#primaryimage"},"image":{"@id":"https:\/\/www.immobilienbusiness.ch\/en\/regionen\/2017-05-04\/zuerich-stadt-soll-neue-nutzung-fuer-carparkplatz-pruefen\/#primaryimage"},"thumbnailUrl":"https:\/\/www.immobilienbusiness.ch\/wp-content\/uploads\/2017\/05\/Zuerich-Mobimo-stellt-Plaene-fuer-Kongresszentrum-vor-immobilien-business-768x576-1.jpg","datePublished":"2017-05-04T08:05:15+00:00","description":"Eine Motion aus dem Z\u00fcrcher Gemeinderat will eine Umnutzung des Carparkplatzes pr\u00fcfen. Der Platz ist eines der letzten grossen unbebauten Areale der Stadt.","breadcrumb":{"@id":"https:\/\/www.immobilienbusiness.ch\/en\/regionen\/2017-05-04\/zuerich-stadt-soll-neue-nutzung-fuer-carparkplatz-pruefen\/#breadcrumb"},"inLanguage":"it-IT","potentialAction":[{"@type":"ReadAction","target":["https:\/\/www.immobilienbusiness.ch\/en\/regionen\/2017-05-04\/zuerich-stadt-soll-neue-nutzung-fuer-carparkplatz-pruefen\/"]}]},{"@type":"ImageObject","inLanguage":"it-IT","@id":"https:\/\/www.immobilienbusiness.ch\/en\/regionen\/2017-05-04\/zuerich-stadt-soll-neue-nutzung-fuer-carparkplatz-pruefen\/#primaryimage","url":"https:\/\/www.immobilienbusiness.ch\/wp-content\/uploads\/2017\/05\/Zuerich-Mobimo-stellt-Plaene-fuer-Kongresszentrum-vor-immobilien-business-768x576-1.jpg","contentUrl":"https:\/\/www.immobilienbusiness.ch\/wp-content\/uploads\/2017\/05\/Zuerich-Mobimo-stellt-Plaene-fuer-Kongresszentrum-vor-immobilien-business-768x576-1.jpg","width":768,"height":576,"caption":"Am linken Ufer der Sihl: Carpark Sihlquai (\u00a9 Roland Fischer, Z\u00fcrich, CC BY-SA 3.0, Wikimedia Commons"},{"@type":"BreadcrumbList","@id":"https:\/\/www.immobilienbusiness.ch\/en\/regionen\/2017-05-04\/zuerich-stadt-soll-neue-nutzung-fuer-carparkplatz-pruefen\/#breadcrumb","itemListElement":[{"@type":"ListItem","position":1,"name":"Home","item":"https:\/\/www.immobilienbusiness.ch\/"},{"@type":"ListItem","position":2,"name":"Z\u00fcrich: Stadt soll neue Nutzung f\u00fcr Carparkplatz pr\u00fcfen"}]},{"@type":"WebSite","@id":"https:\/\/www.immobilienbusiness.ch\/#website","url":"https:\/\/www.immobilienbusiness.ch\/","name":"Affari immobiliari","description":"Rivista economica indipendente svizzera che si concentra sul settore immobiliare, l'architettura e la costruzione, nonch\u00e9 sugli investimenti e i finanziamenti.","publisher":{"@id":"https:\/\/www.immobilienbusiness.ch\/#organization"},"potentialAction":[{"@type":"SearchAction","target":{"@type":"EntryPoint","urlTemplate":"https:\/\/www.immobilienbusiness.ch\/?s={search_term_string}"},"query-input":{"@type":"PropertyValueSpecification","valueRequired":true,"valueName":"search_term_string"}}],"inLanguage":"it-IT"},{"@type":"Organization","@id":"https:\/\/www.immobilienbusiness.ch\/#organization","name":"Affari immobiliari","url":"https:\/\/www.immobilienbusiness.ch\/","logo":{"@type":"ImageObject","inLanguage":"it-IT","@id":"https:\/\/www.immobilienbusiness.ch\/#\/schema\/logo\/image\/","url":"https:\/\/www.immobilienbusiness.ch\/wp-content\/uploads\/2021\/07\/logo_ib.png","contentUrl":"https:\/\/www.immobilienbusiness.ch\/wp-content\/uploads\/2021\/07\/logo_ib.png","width":800,"height":181,"caption":"IMMOBILIEN Business"},"image":{"@id":"https:\/\/www.immobilienbusiness.ch\/#\/schema\/logo\/image\/"},"sameAs":["https:\/\/www.facebook.com\/immobilienbusiness\/"]},{"@type":"Person","@id":"https:\/\/www.immobilienbusiness.ch\/#\/schema\/person\/3fc036297b10b9f42d6db5ee932af8c8","name":"anja.hall","image":{"@type":"ImageObject","inLanguage":"it-IT","@id":"https:\/\/secure.gravatar.com\/avatar\/066b5a0d447013502c71a5782f4f3469f03cfe595cc2329fb94652fe47511bfb?s=96&d=mm&r=g","url":"https:\/\/secure.gravatar.com\/avatar\/066b5a0d447013502c71a5782f4f3469f03cfe595cc2329fb94652fe47511bfb?s=96&d=mm&r=g","contentUrl":"https:\/\/secure.gravatar.com\/avatar\/066b5a0d447013502c71a5782f4f3469f03cfe595cc2329fb94652fe47511bfb?s=96&d=mm&r=g","caption":"anja.hall"},"url":"https:\/\/www.immobilienbusiness.ch\/it\/author\/anja-hall\/"}]}},"_links":{"self":[{"href":"https:\/\/www.immobilienbusiness.ch\/it\/wp-json\/wp\/v2\/posts\/7418","targetHints":{"allow":["GET"]}}],"collection":[{"href":"https:\/\/www.immobilienbusiness.ch\/it\/wp-json\/wp\/v2\/posts"}],"about":[{"href":"https:\/\/www.immobilienbusiness.ch\/it\/wp-json\/wp\/v2\/types\/post"}],"author":[{"embeddable":true,"href":"https:\/\/www.immobilienbusiness.ch\/it\/wp-json\/wp\/v2\/users\/3"}],"replies":[{"embeddable":true,"href":"https:\/\/www.immobilienbusiness.ch\/it\/wp-json\/wp\/v2\/comments?post=7418"}],"version-history":[{"count":0,"href":"https:\/\/www.immobilienbusiness.ch\/it\/wp-json\/wp\/v2\/posts\/7418\/revisions"}],"wp:featuredmedia":[{"embeddable":true,"href":"https:\/\/www.immobilienbusiness.ch\/it\/wp-json\/wp\/v2\/media\/7419"}],"wp:attachment":[{"href":"https:\/\/www.immobilienbusiness.ch\/it\/wp-json\/wp\/v2\/media?parent=7418"}],"wp:term":[{"taxonomy":"category","embeddable":true,"href":"https:\/\/www.immobilienbusiness.ch\/it\/wp-json\/wp\/v2\/categories?post=7418"},{"taxonomy":"post_tag","embeddable":true,"href":"https:\/\/www.immobilienbusiness.ch\/it\/wp-json\/wp\/v2\/tags?post=7418"}],"curies":[{"name":"wp","href":"https:\/\/api.w.org\/{rel}","templated":true}]}}