{"id":7220,"date":"2017-04-20T09:42:18","date_gmt":"2017-04-20T07:42:18","guid":{"rendered":"https:\/\/www.immobilienbusiness.ch\/?p=7220"},"modified":"2017-04-20T09:42:18","modified_gmt":"2017-04-20T07:42:18","slug":"cs-fonds-will-swissotel-oerlikon-verkaufen","status":"publish","type":"post","link":"https:\/\/www.immobilienbusiness.ch\/it\/unternehmen\/2017-04-20\/cs-fonds-will-swissotel-oerlikon-verkaufen\/","title":{"rendered":"Il fondo CS vuole vendere Swiss\u00f4tel a Oerlikon"},"content":{"rendered":"<figure id=\"attachment_7229\" aria-describedby=\"caption-attachment-7229\" style=\"width: 680px\" class=\"wp-caption alignnone\"><img loading=\"lazy\" decoding=\"async\" class=\"wp-image-7229 size-medium\" src=\"https:\/\/www.immobilienbusiness.ch\/wp-content\/uploads\/2017\/04\/472503_low.jpg\" width=\"680\" height=\"457\" srcset=\"https:\/\/www.immobilienbusiness.ch\/wp-content\/uploads\/2017\/04\/472503_low.jpg 720w, https:\/\/www.immobilienbusiness.ch\/wp-content\/uploads\/2017\/04\/472503_low-300x202.jpg 300w, https:\/\/www.immobilienbusiness.ch\/wp-content\/uploads\/2017\/04\/472503_low-16x12.jpg 16w, https:\/\/www.immobilienbusiness.ch\/wp-content\/uploads\/2017\/04\/472503_low-260x175.jpg 260w, https:\/\/www.immobilienbusiness.ch\/wp-content\/uploads\/2017\/04\/472503_low-521x350.jpg 521w\" sizes=\"auto, (max-width: 680px) 100vw, 680px\" \/><figcaption id=\"caption-attachment-7229\" class=\"wp-caption-text\">Lo Swiss\u00f4tel di Oerlikon (Foto: Swiss\u00f4tel)<\/figcaption><\/figure>\n<p>Come il <em>Tages-Anzeiger<\/em> CS REF Hospitality vuole cedere lo Swiss\u00f4tel nell'ambito del suo riposizionamento strategico. Con i suoi 85 metri di altezza, l'edificio presso la stazione ferroviaria di Oerlikon \u00e8 uno degli edifici alberghieri pi\u00f9 alti della Svizzera e, con le sue 347 camere, la struttura a quattro stelle \u00e8 anche uno dei dieci hotel pi\u00f9 grandi del Paese. Nel seminterrato del grattacielo ci sono 450 posti auto.<\/p>\n<p>Il fondo immobiliare ha acquistato l'hotel nell'estate 2012, insieme allo Swiss\u00f4tel Le Plaza di Basilea. Il Credit Suisse non ha reso noto il prezzo di acquisto. Come il <em>Tages-Anzeiger<\/em> scrive in riferimento al rapporto annuale del fondo, il valore di mercato della casa, determinato da EY, \u00e8 sceso da 127 a 110 milioni di franchi svizzeri dall'acquisto. L'affittuario dell'hotel, l'Hotel International Oerlikon AG, paga a CS REF Hospitality un canone di locazione di circa 5,5 milioni di franchi svizzeri. <em>Tages-Anzeiger<\/em> di pi\u00f9. Come indicato nel rapporto annuale 2016, ci\u00f2 corrisponde al 10,46% del reddito locativo totale del fondo.<\/p>\n<p>CS REF Hospitality ha gi\u00e0 venduto alcuni hotel in passato. <a href=\"https:\/\/www.immobilienbusiness.ch\/it\/cs-ref-hospitality-verkauft-hotel-palace-luzern\/\">L'anno precedente il Palazzo di Lucerna \u00e8 passato di mano: l'investitore cinese Yunfeng Gao ha acquistato l'edificio. <\/a>Il denaro ricavato dalla vendita delle propriet\u00e0 alberghiere sar\u00e0 sempre pi\u00f9 investito in altri tipi di utilizzo, come le propriet\u00e0 sanitarie e i centri congressi, aveva annunciato CS all'epoca.<\/p>","protected":false},"excerpt":{"rendered":"<p> Secondo quanto riportato dal \"Tages-Anzeiger\", CS REF Hospitality vuole separarsi dallo Swiss\u00f4tel di Zurigo-Oerlikon. CBRE si occuper\u00e0 del processo di vendita.<\/p>","protected":false},"author":3,"featured_media":7229,"comment_status":"open","ping_status":"open","sticky":false,"template":"","format":"standard","meta":{"_acf_changed":false,"_yoast_wpseo_focuskw":"Swiss\u00f4tel","_yoast_wpseo_title":"","_yoast_wpseo_metadesc":"Laut einem Bericht des \u00abTages Anzeiger\u00bb will sich der CS REF Hospitality von dem Swiss\u00f4tel in Z\u00fcrich-Oerlikon trennen.","_yoast_wpseo_linkdex":77,"pgc_sgb_lightbox_settings":"","footnotes":""},"categories":[988],"tags":[1313,1344,1830,1888],"class_list":["post-7220","post","type-post","status-publish","format-standard","has-post-thumbnail","hentry","category-unternehmen","tag-hotel","tag-immobilienfonds","tag-verkauf","tag-zuerich"],"acf":[],"yoast_head":"<!-- This site is optimized with the Yoast SEO plugin v27.5 - https:\/\/yoast.com\/product\/yoast-seo-wordpress\/ -->\n<title>CS-Fonds will Swiss\u00f4tel in Oerlikon verkaufen - IMMOBILIEN Business<\/title>\n<meta name=\"description\" content=\"Laut einem Bericht des \u00abTages Anzeiger\u00bb will sich der CS REF Hospitality von dem Swiss\u00f4tel in Z\u00fcrich-Oerlikon trennen.\" \/>\n<meta name=\"robots\" content=\"index, follow, max-snippet:-1, max-image-preview:large, max-video-preview:-1\" \/>\n<link rel=\"canonical\" href=\"https:\/\/www.immobilienbusiness.ch\/it\/unternehmen\/2017-04-20\/cs-fonds-will-swissotel-oerlikon-verkaufen\/\" \/>\n<meta property=\"og:locale\" content=\"it_IT\" \/>\n<meta property=\"og:type\" content=\"article\" \/>\n<meta property=\"og:title\" content=\"CS-Fonds verkauft Swiss\u00f4tel in Oerlikon\" \/>\n<meta property=\"og:description\" content=\"Laut einem Bericht des \u00abTages Anzeiger\u00bb will sich der CS REF Hospitality von dem Swiss\u00f4tel in Z\u00fcrich-Oerlikon trennen.\" \/>\n<meta property=\"og:url\" content=\"https:\/\/www.immobilienbusiness.ch\/it\/unternehmen\/2017-04-20\/cs-fonds-will-swissotel-oerlikon-verkaufen\/\" \/>\n<meta property=\"og:site_name\" content=\"IMMOBILIEN Business\" \/>\n<meta property=\"article:publisher\" content=\"https:\/\/www.facebook.com\/immobilienbusiness\/\" \/>\n<meta property=\"article:published_time\" content=\"2017-04-20T07:42:18+00:00\" \/>\n<meta property=\"og:image\" content=\"https:\/\/www.immobilienbusiness.ch\/wp-content\/uploads\/2017\/04\/472503_low.jpg\" \/>\n\t<meta property=\"og:image:width\" content=\"720\" \/>\n\t<meta property=\"og:image:height\" content=\"484\" \/>\n\t<meta property=\"og:image:type\" content=\"image\/jpeg\" \/>\n<meta name=\"author\" content=\"anja.hall\" \/>\n<meta name=\"twitter:card\" content=\"summary_large_image\" \/>\n<meta name=\"twitter:title\" content=\"CS-Fonds verkauft Swiss\u00f4tel in Oerlikon\" \/>\n<meta name=\"twitter:description\" content=\"Laut einem Bericht des \u00abTages Anzeiger\u00bb will sich der CS REF Hospitality von dem Swiss\u00f4tel in Z\u00fcrich-Oerlikon trennen.\" \/>\n<script type=\"application\/ld+json\" class=\"yoast-schema-graph\">{\"@context\":\"https:\\\/\\\/schema.org\",\"@graph\":[{\"@type\":\"Article\",\"@id\":\"https:\\\/\\\/www.immobilienbusiness.ch\\\/unternehmen\\\/2017-04-20\\\/cs-fonds-will-swissotel-oerlikon-verkaufen\\\/#article\",\"isPartOf\":{\"@id\":\"https:\\\/\\\/www.immobilienbusiness.ch\\\/unternehmen\\\/2017-04-20\\\/cs-fonds-will-swissotel-oerlikon-verkaufen\\\/\"},\"author\":{\"name\":\"anja.hall\",\"@id\":\"https:\\\/\\\/www.immobilienbusiness.ch\\\/#\\\/schema\\\/person\\\/3fc036297b10b9f42d6db5ee932af8c8\"},\"headline\":\"CS-Fonds will Swiss\u00f4tel in Oerlikon verkaufen\",\"datePublished\":\"2017-04-20T07:42:18+00:00\",\"mainEntityOfPage\":{\"@id\":\"https:\\\/\\\/www.immobilienbusiness.ch\\\/unternehmen\\\/2017-04-20\\\/cs-fonds-will-swissotel-oerlikon-verkaufen\\\/\"},\"wordCount\":228,\"commentCount\":0,\"publisher\":{\"@id\":\"https:\\\/\\\/www.immobilienbusiness.ch\\\/#organization\"},\"image\":{\"@id\":\"https:\\\/\\\/www.immobilienbusiness.ch\\\/unternehmen\\\/2017-04-20\\\/cs-fonds-will-swissotel-oerlikon-verkaufen\\\/#primaryimage\"},\"thumbnailUrl\":\"https:\\\/\\\/www.immobilienbusiness.ch\\\/wp-content\\\/uploads\\\/2017\\\/04\\\/472503_low.jpg\",\"keywords\":[\"Hotel\",\"Immobilienfonds\",\"Verkauf\",\"Z\u00fcrich\"],\"articleSection\":[\"UNTERNEHMEN\"],\"inLanguage\":\"it-IT\"},{\"@type\":\"WebPage\",\"@id\":\"https:\\\/\\\/www.immobilienbusiness.ch\\\/unternehmen\\\/2017-04-20\\\/cs-fonds-will-swissotel-oerlikon-verkaufen\\\/\",\"url\":\"https:\\\/\\\/www.immobilienbusiness.ch\\\/unternehmen\\\/2017-04-20\\\/cs-fonds-will-swissotel-oerlikon-verkaufen\\\/\",\"name\":\"CS-Fonds will Swiss\u00f4tel in Oerlikon verkaufen - IMMOBILIEN Business\",\"isPartOf\":{\"@id\":\"https:\\\/\\\/www.immobilienbusiness.ch\\\/#website\"},\"primaryImageOfPage\":{\"@id\":\"https:\\\/\\\/www.immobilienbusiness.ch\\\/unternehmen\\\/2017-04-20\\\/cs-fonds-will-swissotel-oerlikon-verkaufen\\\/#primaryimage\"},\"image\":{\"@id\":\"https:\\\/\\\/www.immobilienbusiness.ch\\\/unternehmen\\\/2017-04-20\\\/cs-fonds-will-swissotel-oerlikon-verkaufen\\\/#primaryimage\"},\"thumbnailUrl\":\"https:\\\/\\\/www.immobilienbusiness.ch\\\/wp-content\\\/uploads\\\/2017\\\/04\\\/472503_low.jpg\",\"datePublished\":\"2017-04-20T07:42:18+00:00\",\"description\":\"Laut einem Bericht des \u00abTages Anzeiger\u00bb will sich der CS REF Hospitality von dem Swiss\u00f4tel in Z\u00fcrich-Oerlikon trennen.\",\"breadcrumb\":{\"@id\":\"https:\\\/\\\/www.immobilienbusiness.ch\\\/unternehmen\\\/2017-04-20\\\/cs-fonds-will-swissotel-oerlikon-verkaufen\\\/#breadcrumb\"},\"inLanguage\":\"it-IT\",\"potentialAction\":[{\"@type\":\"ReadAction\",\"target\":[\"https:\\\/\\\/www.immobilienbusiness.ch\\\/unternehmen\\\/2017-04-20\\\/cs-fonds-will-swissotel-oerlikon-verkaufen\\\/\"]}]},{\"@type\":\"ImageObject\",\"inLanguage\":\"it-IT\",\"@id\":\"https:\\\/\\\/www.immobilienbusiness.ch\\\/unternehmen\\\/2017-04-20\\\/cs-fonds-will-swissotel-oerlikon-verkaufen\\\/#primaryimage\",\"url\":\"https:\\\/\\\/www.immobilienbusiness.ch\\\/wp-content\\\/uploads\\\/2017\\\/04\\\/472503_low.jpg\",\"contentUrl\":\"https:\\\/\\\/www.immobilienbusiness.ch\\\/wp-content\\\/uploads\\\/2017\\\/04\\\/472503_low.jpg\",\"width\":720,\"height\":484,\"caption\":\"Das Swissotel in Oerlikon (Foto: Swissotel)\"},{\"@type\":\"BreadcrumbList\",\"@id\":\"https:\\\/\\\/www.immobilienbusiness.ch\\\/unternehmen\\\/2017-04-20\\\/cs-fonds-will-swissotel-oerlikon-verkaufen\\\/#breadcrumb\",\"itemListElement\":[{\"@type\":\"ListItem\",\"position\":1,\"name\":\"Home\",\"item\":\"https:\\\/\\\/www.immobilienbusiness.ch\\\/\"},{\"@type\":\"ListItem\",\"position\":2,\"name\":\"CS-Fonds will Swiss\u00f4tel in Oerlikon verkaufen\"}]},{\"@type\":\"WebSite\",\"@id\":\"https:\\\/\\\/www.immobilienbusiness.ch\\\/#website\",\"url\":\"https:\\\/\\\/www.immobilienbusiness.ch\\\/\",\"name\":\"IMMOBILIEN Business\",\"description\":\"Unabh\u00e4ngiges Schweizer Wirtschaftsmagazin mit Fokus auf Immobilien, Architektur- und Bau sowie Investment- und Finanzierung.\",\"publisher\":{\"@id\":\"https:\\\/\\\/www.immobilienbusiness.ch\\\/#organization\"},\"potentialAction\":[{\"@type\":\"SearchAction\",\"target\":{\"@type\":\"EntryPoint\",\"urlTemplate\":\"https:\\\/\\\/www.immobilienbusiness.ch\\\/?s={search_term_string}\"},\"query-input\":{\"@type\":\"PropertyValueSpecification\",\"valueRequired\":true,\"valueName\":\"search_term_string\"}}],\"inLanguage\":\"it-IT\"},{\"@type\":\"Organization\",\"@id\":\"https:\\\/\\\/www.immobilienbusiness.ch\\\/#organization\",\"name\":\"IMMOBILIEN Business\",\"url\":\"https:\\\/\\\/www.immobilienbusiness.ch\\\/\",\"logo\":{\"@type\":\"ImageObject\",\"inLanguage\":\"it-IT\",\"@id\":\"https:\\\/\\\/www.immobilienbusiness.ch\\\/#\\\/schema\\\/logo\\\/image\\\/\",\"url\":\"https:\\\/\\\/www.immobilienbusiness.ch\\\/wp-content\\\/uploads\\\/2021\\\/07\\\/logo_ib.png\",\"contentUrl\":\"https:\\\/\\\/www.immobilienbusiness.ch\\\/wp-content\\\/uploads\\\/2021\\\/07\\\/logo_ib.png\",\"width\":800,\"height\":181,\"caption\":\"IMMOBILIEN Business\"},\"image\":{\"@id\":\"https:\\\/\\\/www.immobilienbusiness.ch\\\/#\\\/schema\\\/logo\\\/image\\\/\"},\"sameAs\":[\"https:\\\/\\\/www.facebook.com\\\/immobilienbusiness\\\/\"]},{\"@type\":\"Person\",\"@id\":\"https:\\\/\\\/www.immobilienbusiness.ch\\\/#\\\/schema\\\/person\\\/3fc036297b10b9f42d6db5ee932af8c8\",\"name\":\"anja.hall\",\"image\":{\"@type\":\"ImageObject\",\"inLanguage\":\"it-IT\",\"@id\":\"https:\\\/\\\/secure.gravatar.com\\\/avatar\\\/066b5a0d447013502c71a5782f4f3469f03cfe595cc2329fb94652fe47511bfb?s=96&d=mm&r=g\",\"url\":\"https:\\\/\\\/secure.gravatar.com\\\/avatar\\\/066b5a0d447013502c71a5782f4f3469f03cfe595cc2329fb94652fe47511bfb?s=96&d=mm&r=g\",\"contentUrl\":\"https:\\\/\\\/secure.gravatar.com\\\/avatar\\\/066b5a0d447013502c71a5782f4f3469f03cfe595cc2329fb94652fe47511bfb?s=96&d=mm&r=g\",\"caption\":\"anja.hall\"},\"url\":\"https:\\\/\\\/www.immobilienbusiness.ch\\\/it\\\/author\\\/anja-hall\\\/\"}]}<\/script>\n<!-- \/ Yoast SEO plugin. -->","yoast_head_json":{"title":"Il fondo CS vuole vendere lo Swiss\u00f4tel di Oerlikon - IMMOBILIEN Business","description":"Secondo quanto riportato dal \u00abTages Anzeiger\u00bb, CS REF Hospitality vuole separarsi dallo Swiss\u00f4tel di Zurigo-Oerlikon.","robots":{"index":"index","follow":"follow","max-snippet":"max-snippet:-1","max-image-preview":"max-image-preview:large","max-video-preview":"max-video-preview:-1"},"canonical":"https:\/\/www.immobilienbusiness.ch\/it\/unternehmen\/2017-04-20\/cs-fonds-will-swissotel-oerlikon-verkaufen\/","og_locale":"it_IT","og_type":"article","og_title":"CS-Fonds verkauft Swiss\u00f4tel in Oerlikon","og_description":"Laut einem Bericht des \u00abTages Anzeiger\u00bb will sich der CS REF Hospitality von dem Swiss\u00f4tel in Z\u00fcrich-Oerlikon trennen.","og_url":"https:\/\/www.immobilienbusiness.ch\/it\/unternehmen\/2017-04-20\/cs-fonds-will-swissotel-oerlikon-verkaufen\/","og_site_name":"IMMOBILIEN Business","article_publisher":"https:\/\/www.facebook.com\/immobilienbusiness\/","article_published_time":"2017-04-20T07:42:18+00:00","og_image":[{"width":720,"height":484,"url":"https:\/\/www.immobilienbusiness.ch\/wp-content\/uploads\/2017\/04\/472503_low.jpg","type":"image\/jpeg"}],"author":"anja.hall","twitter_card":"summary_large_image","twitter_title":"CS-Fonds verkauft Swiss\u00f4tel in Oerlikon","twitter_description":"Laut einem Bericht des \u00abTages Anzeiger\u00bb will sich der CS REF Hospitality von dem Swiss\u00f4tel in Z\u00fcrich-Oerlikon trennen.","schema":{"@context":"https:\/\/schema.org","@graph":[{"@type":"Article","@id":"https:\/\/www.immobilienbusiness.ch\/unternehmen\/2017-04-20\/cs-fonds-will-swissotel-oerlikon-verkaufen\/#article","isPartOf":{"@id":"https:\/\/www.immobilienbusiness.ch\/unternehmen\/2017-04-20\/cs-fonds-will-swissotel-oerlikon-verkaufen\/"},"author":{"name":"anja.hall","@id":"https:\/\/www.immobilienbusiness.ch\/#\/schema\/person\/3fc036297b10b9f42d6db5ee932af8c8"},"headline":"CS-Fonds will Swiss\u00f4tel in Oerlikon verkaufen","datePublished":"2017-04-20T07:42:18+00:00","mainEntityOfPage":{"@id":"https:\/\/www.immobilienbusiness.ch\/unternehmen\/2017-04-20\/cs-fonds-will-swissotel-oerlikon-verkaufen\/"},"wordCount":228,"commentCount":0,"publisher":{"@id":"https:\/\/www.immobilienbusiness.ch\/#organization"},"image":{"@id":"https:\/\/www.immobilienbusiness.ch\/unternehmen\/2017-04-20\/cs-fonds-will-swissotel-oerlikon-verkaufen\/#primaryimage"},"thumbnailUrl":"https:\/\/www.immobilienbusiness.ch\/wp-content\/uploads\/2017\/04\/472503_low.jpg","keywords":["Hotel","Immobilienfonds","Verkauf","Z\u00fcrich"],"articleSection":["UNTERNEHMEN"],"inLanguage":"it-IT"},{"@type":"WebPage","@id":"https:\/\/www.immobilienbusiness.ch\/unternehmen\/2017-04-20\/cs-fonds-will-swissotel-oerlikon-verkaufen\/","url":"https:\/\/www.immobilienbusiness.ch\/unternehmen\/2017-04-20\/cs-fonds-will-swissotel-oerlikon-verkaufen\/","name":"Il fondo CS vuole vendere lo Swiss\u00f4tel di Oerlikon - IMMOBILIEN Business","isPartOf":{"@id":"https:\/\/www.immobilienbusiness.ch\/#website"},"primaryImageOfPage":{"@id":"https:\/\/www.immobilienbusiness.ch\/unternehmen\/2017-04-20\/cs-fonds-will-swissotel-oerlikon-verkaufen\/#primaryimage"},"image":{"@id":"https:\/\/www.immobilienbusiness.ch\/unternehmen\/2017-04-20\/cs-fonds-will-swissotel-oerlikon-verkaufen\/#primaryimage"},"thumbnailUrl":"https:\/\/www.immobilienbusiness.ch\/wp-content\/uploads\/2017\/04\/472503_low.jpg","datePublished":"2017-04-20T07:42:18+00:00","description":"Secondo quanto riportato dal \u00abTages Anzeiger\u00bb, CS REF Hospitality vuole separarsi dallo Swiss\u00f4tel di Zurigo-Oerlikon.","breadcrumb":{"@id":"https:\/\/www.immobilienbusiness.ch\/unternehmen\/2017-04-20\/cs-fonds-will-swissotel-oerlikon-verkaufen\/#breadcrumb"},"inLanguage":"it-IT","potentialAction":[{"@type":"ReadAction","target":["https:\/\/www.immobilienbusiness.ch\/unternehmen\/2017-04-20\/cs-fonds-will-swissotel-oerlikon-verkaufen\/"]}]},{"@type":"ImageObject","inLanguage":"it-IT","@id":"https:\/\/www.immobilienbusiness.ch\/unternehmen\/2017-04-20\/cs-fonds-will-swissotel-oerlikon-verkaufen\/#primaryimage","url":"https:\/\/www.immobilienbusiness.ch\/wp-content\/uploads\/2017\/04\/472503_low.jpg","contentUrl":"https:\/\/www.immobilienbusiness.ch\/wp-content\/uploads\/2017\/04\/472503_low.jpg","width":720,"height":484,"caption":"Das Swissotel in Oerlikon (Foto: Swissotel)"},{"@type":"BreadcrumbList","@id":"https:\/\/www.immobilienbusiness.ch\/unternehmen\/2017-04-20\/cs-fonds-will-swissotel-oerlikon-verkaufen\/#breadcrumb","itemListElement":[{"@type":"ListItem","position":1,"name":"Home","item":"https:\/\/www.immobilienbusiness.ch\/"},{"@type":"ListItem","position":2,"name":"CS-Fonds will Swiss\u00f4tel in Oerlikon verkaufen"}]},{"@type":"WebSite","@id":"https:\/\/www.immobilienbusiness.ch\/#website","url":"https:\/\/www.immobilienbusiness.ch\/","name":"Affari immobiliari","description":"Rivista economica indipendente svizzera che si concentra sul settore immobiliare, l'architettura e la costruzione, nonch\u00e9 sugli investimenti e i finanziamenti.","publisher":{"@id":"https:\/\/www.immobilienbusiness.ch\/#organization"},"potentialAction":[{"@type":"SearchAction","target":{"@type":"EntryPoint","urlTemplate":"https:\/\/www.immobilienbusiness.ch\/?s={search_term_string}"},"query-input":{"@type":"PropertyValueSpecification","valueRequired":true,"valueName":"search_term_string"}}],"inLanguage":"it-IT"},{"@type":"Organization","@id":"https:\/\/www.immobilienbusiness.ch\/#organization","name":"Affari immobiliari","url":"https:\/\/www.immobilienbusiness.ch\/","logo":{"@type":"ImageObject","inLanguage":"it-IT","@id":"https:\/\/www.immobilienbusiness.ch\/#\/schema\/logo\/image\/","url":"https:\/\/www.immobilienbusiness.ch\/wp-content\/uploads\/2021\/07\/logo_ib.png","contentUrl":"https:\/\/www.immobilienbusiness.ch\/wp-content\/uploads\/2021\/07\/logo_ib.png","width":800,"height":181,"caption":"IMMOBILIEN Business"},"image":{"@id":"https:\/\/www.immobilienbusiness.ch\/#\/schema\/logo\/image\/"},"sameAs":["https:\/\/www.facebook.com\/immobilienbusiness\/"]},{"@type":"Person","@id":"https:\/\/www.immobilienbusiness.ch\/#\/schema\/person\/3fc036297b10b9f42d6db5ee932af8c8","name":"anja.hall","image":{"@type":"ImageObject","inLanguage":"it-IT","@id":"https:\/\/secure.gravatar.com\/avatar\/066b5a0d447013502c71a5782f4f3469f03cfe595cc2329fb94652fe47511bfb?s=96&d=mm&r=g","url":"https:\/\/secure.gravatar.com\/avatar\/066b5a0d447013502c71a5782f4f3469f03cfe595cc2329fb94652fe47511bfb?s=96&d=mm&r=g","contentUrl":"https:\/\/secure.gravatar.com\/avatar\/066b5a0d447013502c71a5782f4f3469f03cfe595cc2329fb94652fe47511bfb?s=96&d=mm&r=g","caption":"anja.hall"},"url":"https:\/\/www.immobilienbusiness.ch\/it\/author\/anja-hall\/"}]}},"_links":{"self":[{"href":"https:\/\/www.immobilienbusiness.ch\/it\/wp-json\/wp\/v2\/posts\/7220","targetHints":{"allow":["GET"]}}],"collection":[{"href":"https:\/\/www.immobilienbusiness.ch\/it\/wp-json\/wp\/v2\/posts"}],"about":[{"href":"https:\/\/www.immobilienbusiness.ch\/it\/wp-json\/wp\/v2\/types\/post"}],"author":[{"embeddable":true,"href":"https:\/\/www.immobilienbusiness.ch\/it\/wp-json\/wp\/v2\/users\/3"}],"replies":[{"embeddable":true,"href":"https:\/\/www.immobilienbusiness.ch\/it\/wp-json\/wp\/v2\/comments?post=7220"}],"version-history":[{"count":0,"href":"https:\/\/www.immobilienbusiness.ch\/it\/wp-json\/wp\/v2\/posts\/7220\/revisions"}],"wp:featuredmedia":[{"embeddable":true,"href":"https:\/\/www.immobilienbusiness.ch\/it\/wp-json\/wp\/v2\/media\/7229"}],"wp:attachment":[{"href":"https:\/\/www.immobilienbusiness.ch\/it\/wp-json\/wp\/v2\/media?parent=7220"}],"wp:term":[{"taxonomy":"category","embeddable":true,"href":"https:\/\/www.immobilienbusiness.ch\/it\/wp-json\/wp\/v2\/categories?post=7220"},{"taxonomy":"post_tag","embeddable":true,"href":"https:\/\/www.immobilienbusiness.ch\/it\/wp-json\/wp\/v2\/tags?post=7220"}],"curies":[{"name":"wp","href":"https:\/\/api.w.org\/{rel}","templated":true}]}}