{"id":7146,"date":"2017-04-11T13:48:50","date_gmt":"2017-04-11T11:48:50","guid":{"rendered":"https:\/\/www.immobilienbusiness.ch\/?p=7146"},"modified":"2017-04-11T13:48:50","modified_gmt":"2017-04-11T11:48:50","slug":"helvetica-swiss-commercial-kauft-weiter-zu","status":"publish","type":"post","link":"https:\/\/www.immobilienbusiness.ch\/it\/allgemein\/2017-04-11\/helvetica-swiss-commercial-kauft-weiter-zu\/","title":{"rendered":"Helvetica Swiss Commercial continua a comprare"},"content":{"rendered":"<figure id=\"attachment_7147\" aria-describedby=\"caption-attachment-7147\" style=\"width: 680px\" class=\"wp-caption alignnone\"><img loading=\"lazy\" decoding=\"async\" class=\"size-medium wp-image-7147\" src=\"https:\/\/www.immobilienbusiness.ch\/wp-content\/uploads\/2017\/04\/Helvetica-Swiss-Commercial-kauft-weiter-zu_1_IMMOBILIEN-Business.jpg\" alt=\"Helvetica Swiss Commercial\" width=\"680\" height=\"452\" srcset=\"https:\/\/www.immobilienbusiness.ch\/wp-content\/uploads\/2017\/04\/Helvetica-Swiss-Commercial-kauft-weiter-zu_1_IMMOBILIEN-Business.jpg 2560w, https:\/\/www.immobilienbusiness.ch\/wp-content\/uploads\/2017\/04\/Helvetica-Swiss-Commercial-kauft-weiter-zu_1_IMMOBILIEN-Business-300x200.jpg 300w, https:\/\/www.immobilienbusiness.ch\/wp-content\/uploads\/2017\/04\/Helvetica-Swiss-Commercial-kauft-weiter-zu_1_IMMOBILIEN-Business-1024x681.jpg 1024w, https:\/\/www.immobilienbusiness.ch\/wp-content\/uploads\/2017\/04\/Helvetica-Swiss-Commercial-kauft-weiter-zu_1_IMMOBILIEN-Business-768x511.jpg 768w, https:\/\/www.immobilienbusiness.ch\/wp-content\/uploads\/2017\/04\/Helvetica-Swiss-Commercial-kauft-weiter-zu_1_IMMOBILIEN-Business-1536x1022.jpg 1536w, https:\/\/www.immobilienbusiness.ch\/wp-content\/uploads\/2017\/04\/Helvetica-Swiss-Commercial-kauft-weiter-zu_1_IMMOBILIEN-Business-2048x1363.jpg 2048w, https:\/\/www.immobilienbusiness.ch\/wp-content\/uploads\/2017\/04\/Helvetica-Swiss-Commercial-kauft-weiter-zu_1_IMMOBILIEN-Business-16x12.jpg 16w, https:\/\/www.immobilienbusiness.ch\/wp-content\/uploads\/2017\/04\/Helvetica-Swiss-Commercial-kauft-weiter-zu_1_IMMOBILIEN-Business-263x175.jpg 263w, https:\/\/www.immobilienbusiness.ch\/wp-content\/uploads\/2017\/04\/Helvetica-Swiss-Commercial-kauft-weiter-zu_1_IMMOBILIEN-Business-526x350.jpg 526w, https:\/\/www.immobilienbusiness.ch\/wp-content\/uploads\/2017\/04\/Helvetica-Swiss-Commercial-kauft-weiter-zu_1_IMMOBILIEN-Business-1202x800.jpg 1202w, https:\/\/www.immobilienbusiness.ch\/wp-content\/uploads\/2017\/04\/Helvetica-Swiss-Commercial-kauft-weiter-zu_1_IMMOBILIEN-Business-920x612.jpg 920w, https:\/\/www.immobilienbusiness.ch\/wp-content\/uploads\/2017\/04\/Helvetica-Swiss-Commercial-kauft-weiter-zu_1_IMMOBILIEN-Business-1400x932.jpg 1400w\" sizes=\"auto, (max-width: 680px) 100vw, 680px\" \/><figcaption id=\"caption-attachment-7147\" class=\"wp-caption-text\">La nuova propriet\u00e0 acquisita a Zurigo Altstetten si trova sulla Max-H\u00f6gger-Strasse (Immagine: HSC)<\/figcaption><\/figure>\n<p>Nell'ambito degli affari fuori mercato, sono stati acquisiti due immobili in posizioni ben collegate nella citt\u00e0 di Zurigo e vicino all'aeroporto di Zurigo per un totale di poco meno di 38 milioni di CHF. Secondo la direzione del fondo, il rendimento lordo ponderato delle nuove acquisizioni \u00e8 del 6,2%.<\/p>\n<p>La propriet\u00e0 a Zurigo, che \u00e8 affittata a vari utenti, \u00e8 in una posizione eccellente per gli uffici a pochi passi dalla stazione Altstetten S-Bahn. Helvetica Property Investors mette il rendimento lordo-attuale di questa acquisizione al 6,75 per cento. \"Siamo stati in grado di acquisire la propriet\u00e0 significativamente al di sotto dei costi di nuova costruzione di una propriet\u00e0 comparabile nella stessa posizione\", dice Hans R. Holdener. Per il CEO e Managing Partner di Helvetica Property Investors, Zurigo-Altstetten \u00e8 uno dei mercati in crescita e delle location per uffici pi\u00f9 interessanti della citt\u00e0 di Zurigo.<\/p>\n<p>La seconda propriet\u00e0 multitenant si trova nelle immediate vicinanze dell'autostrada tra Zurigo e l'aeroporto ed \u00e8 affittata per cinque anni a canoni interessanti a una societ\u00e0 locale e solida; l'inquilino ha un'opzione per estendere il contratto per altri cinque anni dopo il 2022, dice.<\/p>\n<p>All'inizio del 2017, Helvetica Property Investors ha annunciato l'acquisto di un immobile del valore di circa 16 milioni di franchi nella citt\u00e0 di San Gallo per il fondo. Alla fine del 2016 e tenendo conto dei guadagni di valutazione positivi, il rendimento effettivo lordo era del 5,66%, secondo la societ\u00e0. Con i due acquisti a Zurigo e dintorni, il rendimento lordo-attuale del fondo aumenter\u00e0 al 5,8 per cento; il volume del fondo crescer\u00e0 a 140 milioni di franchi. Il reddito locativo corrente \u00e8 stimato in 8,13 milioni di franchi svizzeri all'anno.<\/p>\n<p>La direzione del fondo sta ancora negoziando ulteriori acquisti, che dovrebbero gi\u00e0 portare ad altre acquisizioni nelle prossime settimane.<\/p>","protected":false},"excerpt":{"rendered":"<p>Helvetica Property Investors annuncia due acquisizioni per il fondo immobiliare Helvetica Swiss Commercial (HSC), che sta effettuando un aumento di capitale. <\/p>","protected":false},"author":102,"featured_media":7147,"comment_status":"open","ping_status":"open","sticky":false,"template":"","format":"standard","meta":{"_acf_changed":false,"_yoast_wpseo_focuskw":"Helvetica Swiss Commercial","_yoast_wpseo_title":"Helvetica Swiss Commercial kauft im Raum Z\u00fcrich weiter zu","_yoast_wpseo_metadesc":"Im Rahmen von Off-market-Deals habe man zwei Immobilien an gut vernetzten Lagen in der Stadt Z\u00fcrich und in der N\u00e4he des Flughafens Z\u00fcrich zugekauft.","_yoast_wpseo_linkdex":67,"pgc_sgb_lightbox_settings":"","footnotes":""},"categories":[1],"tags":[1119,1298,1344,1355,1888],"class_list":["post-7146","post","type-post","status-publish","format-standard","has-post-thumbnail","hentry","category-allgemein","tag-bueroimmobilien","tag-helvetica-property-investors","tag-immobilienfonds","tag-immobilienverkauf","tag-zuerich"],"acf":[],"yoast_head":"<!-- This site is optimized with the Yoast SEO plugin v27.5 - https:\/\/yoast.com\/product\/yoast-seo-wordpress\/ -->\n<title>Helvetica Swiss Commercial kauft im Raum Z\u00fcrich weiter zu<\/title>\n<meta name=\"description\" content=\"Im Rahmen von Off-market-Deals habe man zwei Immobilien an gut vernetzten Lagen in der Stadt Z\u00fcrich und in der N\u00e4he des Flughafens Z\u00fcrich zugekauft.\" \/>\n<meta name=\"robots\" content=\"index, follow, max-snippet:-1, max-image-preview:large, max-video-preview:-1\" \/>\n<link rel=\"canonical\" href=\"https:\/\/www.immobilienbusiness.ch\/it\/allgemein\/2017-04-11\/helvetica-swiss-commercial-kauft-weiter-zu\/\" \/>\n<meta property=\"og:locale\" content=\"it_IT\" \/>\n<meta property=\"og:type\" content=\"article\" \/>\n<meta property=\"og:title\" content=\"Helvetica Swiss Commercial kauft im Raum Z\u00fcrich weiter zu\" \/>\n<meta property=\"og:description\" content=\"Im Rahmen von Off-market-Deals habe man zwei Immobilien an gut vernetzten Lagen in der Stadt Z\u00fcrich und in der N\u00e4he des Flughafens Z\u00fcrich zugekauft.\" \/>\n<meta property=\"og:url\" content=\"https:\/\/www.immobilienbusiness.ch\/it\/allgemein\/2017-04-11\/helvetica-swiss-commercial-kauft-weiter-zu\/\" \/>\n<meta property=\"og:site_name\" content=\"IMMOBILIEN Business\" \/>\n<meta property=\"article:publisher\" content=\"https:\/\/www.facebook.com\/immobilienbusiness\/\" \/>\n<meta property=\"article:published_time\" content=\"2017-04-11T11:48:50+00:00\" \/>\n<meta property=\"og:image\" content=\"https:\/\/www.immobilienbusiness.ch\/wp-content\/uploads\/2017\/04\/Helvetica-Swiss-Commercial-kauft-weiter-zu_1_IMMOBILIEN-Business-1024x681.jpg\" \/>\n\t<meta property=\"og:image:width\" content=\"1024\" \/>\n\t<meta property=\"og:image:height\" content=\"681\" \/>\n\t<meta property=\"og:image:type\" content=\"image\/jpeg\" \/>\n<meta name=\"author\" content=\"Alexander Wachter\" \/>\n<meta name=\"twitter:card\" content=\"summary_large_image\" \/>\n<script type=\"application\/ld+json\" class=\"yoast-schema-graph\">{\"@context\":\"https:\\\/\\\/schema.org\",\"@graph\":[{\"@type\":\"Article\",\"@id\":\"https:\\\/\\\/www.immobilienbusiness.ch\\\/allgemein\\\/2017-04-11\\\/helvetica-swiss-commercial-kauft-weiter-zu\\\/#article\",\"isPartOf\":{\"@id\":\"https:\\\/\\\/www.immobilienbusiness.ch\\\/allgemein\\\/2017-04-11\\\/helvetica-swiss-commercial-kauft-weiter-zu\\\/\"},\"author\":{\"name\":\"Alexander Wachter\",\"@id\":\"https:\\\/\\\/www.immobilienbusiness.ch\\\/#\\\/schema\\\/person\\\/aba8bea2db926aa0c24c08c43fe1fcd5\"},\"headline\":\"Helvetica Swiss Commercial kauft weiter zu\",\"datePublished\":\"2017-04-11T11:48:50+00:00\",\"mainEntityOfPage\":{\"@id\":\"https:\\\/\\\/www.immobilienbusiness.ch\\\/allgemein\\\/2017-04-11\\\/helvetica-swiss-commercial-kauft-weiter-zu\\\/\"},\"wordCount\":311,\"commentCount\":0,\"publisher\":{\"@id\":\"https:\\\/\\\/www.immobilienbusiness.ch\\\/#organization\"},\"image\":{\"@id\":\"https:\\\/\\\/www.immobilienbusiness.ch\\\/allgemein\\\/2017-04-11\\\/helvetica-swiss-commercial-kauft-weiter-zu\\\/#primaryimage\"},\"thumbnailUrl\":\"https:\\\/\\\/www.immobilienbusiness.ch\\\/wp-content\\\/uploads\\\/2017\\\/04\\\/Helvetica-Swiss-Commercial-kauft-weiter-zu_1_IMMOBILIEN-Business.jpg\",\"keywords\":[\"B\u00fcroimmobilien\",\"Helvetica Property Investors\",\"Immobilienfonds\",\"Immobilienverkauf\",\"Z\u00fcrich\"],\"articleSection\":[\"Allgemein\"],\"inLanguage\":\"it-IT\"},{\"@type\":\"WebPage\",\"@id\":\"https:\\\/\\\/www.immobilienbusiness.ch\\\/allgemein\\\/2017-04-11\\\/helvetica-swiss-commercial-kauft-weiter-zu\\\/\",\"url\":\"https:\\\/\\\/www.immobilienbusiness.ch\\\/allgemein\\\/2017-04-11\\\/helvetica-swiss-commercial-kauft-weiter-zu\\\/\",\"name\":\"Helvetica Swiss Commercial kauft im Raum Z\u00fcrich weiter zu\",\"isPartOf\":{\"@id\":\"https:\\\/\\\/www.immobilienbusiness.ch\\\/#website\"},\"primaryImageOfPage\":{\"@id\":\"https:\\\/\\\/www.immobilienbusiness.ch\\\/allgemein\\\/2017-04-11\\\/helvetica-swiss-commercial-kauft-weiter-zu\\\/#primaryimage\"},\"image\":{\"@id\":\"https:\\\/\\\/www.immobilienbusiness.ch\\\/allgemein\\\/2017-04-11\\\/helvetica-swiss-commercial-kauft-weiter-zu\\\/#primaryimage\"},\"thumbnailUrl\":\"https:\\\/\\\/www.immobilienbusiness.ch\\\/wp-content\\\/uploads\\\/2017\\\/04\\\/Helvetica-Swiss-Commercial-kauft-weiter-zu_1_IMMOBILIEN-Business.jpg\",\"datePublished\":\"2017-04-11T11:48:50+00:00\",\"description\":\"Im Rahmen von Off-market-Deals habe man zwei Immobilien an gut vernetzten Lagen in der Stadt Z\u00fcrich und in der N\u00e4he des Flughafens Z\u00fcrich zugekauft.\",\"breadcrumb\":{\"@id\":\"https:\\\/\\\/www.immobilienbusiness.ch\\\/allgemein\\\/2017-04-11\\\/helvetica-swiss-commercial-kauft-weiter-zu\\\/#breadcrumb\"},\"inLanguage\":\"it-IT\",\"potentialAction\":[{\"@type\":\"ReadAction\",\"target\":[\"https:\\\/\\\/www.immobilienbusiness.ch\\\/allgemein\\\/2017-04-11\\\/helvetica-swiss-commercial-kauft-weiter-zu\\\/\"]}]},{\"@type\":\"ImageObject\",\"inLanguage\":\"it-IT\",\"@id\":\"https:\\\/\\\/www.immobilienbusiness.ch\\\/allgemein\\\/2017-04-11\\\/helvetica-swiss-commercial-kauft-weiter-zu\\\/#primaryimage\",\"url\":\"https:\\\/\\\/www.immobilienbusiness.ch\\\/wp-content\\\/uploads\\\/2017\\\/04\\\/Helvetica-Swiss-Commercial-kauft-weiter-zu_1_IMMOBILIEN-Business.jpg\",\"contentUrl\":\"https:\\\/\\\/www.immobilienbusiness.ch\\\/wp-content\\\/uploads\\\/2017\\\/04\\\/Helvetica-Swiss-Commercial-kauft-weiter-zu_1_IMMOBILIEN-Business.jpg\",\"width\":2560,\"height\":1703,\"caption\":\"Die neu erworbene Liegenschaft in Z\u00fcrich Altstetten befindet sich an der Max-H\u00f6gger-Strasse\"},{\"@type\":\"BreadcrumbList\",\"@id\":\"https:\\\/\\\/www.immobilienbusiness.ch\\\/allgemein\\\/2017-04-11\\\/helvetica-swiss-commercial-kauft-weiter-zu\\\/#breadcrumb\",\"itemListElement\":[{\"@type\":\"ListItem\",\"position\":1,\"name\":\"Home\",\"item\":\"https:\\\/\\\/www.immobilienbusiness.ch\\\/\"},{\"@type\":\"ListItem\",\"position\":2,\"name\":\"Helvetica Swiss Commercial kauft weiter zu\"}]},{\"@type\":\"WebSite\",\"@id\":\"https:\\\/\\\/www.immobilienbusiness.ch\\\/#website\",\"url\":\"https:\\\/\\\/www.immobilienbusiness.ch\\\/\",\"name\":\"IMMOBILIEN Business\",\"description\":\"Unabh\u00e4ngiges Schweizer Wirtschaftsmagazin mit Fokus auf Immobilien, Architektur- und Bau sowie Investment- und Finanzierung.\",\"publisher\":{\"@id\":\"https:\\\/\\\/www.immobilienbusiness.ch\\\/#organization\"},\"potentialAction\":[{\"@type\":\"SearchAction\",\"target\":{\"@type\":\"EntryPoint\",\"urlTemplate\":\"https:\\\/\\\/www.immobilienbusiness.ch\\\/?s={search_term_string}\"},\"query-input\":{\"@type\":\"PropertyValueSpecification\",\"valueRequired\":true,\"valueName\":\"search_term_string\"}}],\"inLanguage\":\"it-IT\"},{\"@type\":\"Organization\",\"@id\":\"https:\\\/\\\/www.immobilienbusiness.ch\\\/#organization\",\"name\":\"IMMOBILIEN Business\",\"url\":\"https:\\\/\\\/www.immobilienbusiness.ch\\\/\",\"logo\":{\"@type\":\"ImageObject\",\"inLanguage\":\"it-IT\",\"@id\":\"https:\\\/\\\/www.immobilienbusiness.ch\\\/#\\\/schema\\\/logo\\\/image\\\/\",\"url\":\"https:\\\/\\\/www.immobilienbusiness.ch\\\/wp-content\\\/uploads\\\/2021\\\/07\\\/logo_ib.png\",\"contentUrl\":\"https:\\\/\\\/www.immobilienbusiness.ch\\\/wp-content\\\/uploads\\\/2021\\\/07\\\/logo_ib.png\",\"width\":800,\"height\":181,\"caption\":\"IMMOBILIEN Business\"},\"image\":{\"@id\":\"https:\\\/\\\/www.immobilienbusiness.ch\\\/#\\\/schema\\\/logo\\\/image\\\/\"},\"sameAs\":[\"https:\\\/\\\/www.facebook.com\\\/immobilienbusiness\\\/\"]},{\"@type\":\"Person\",\"@id\":\"https:\\\/\\\/www.immobilienbusiness.ch\\\/#\\\/schema\\\/person\\\/aba8bea2db926aa0c24c08c43fe1fcd5\",\"name\":\"Alexander Wachter\",\"image\":{\"@type\":\"ImageObject\",\"inLanguage\":\"it-IT\",\"@id\":\"https:\\\/\\\/secure.gravatar.com\\\/avatar\\\/1a09e471f5389b0e0a6416eac287e0927c7c97a7b77f9e787eba3af7aee281dd?s=96&d=mm&r=g\",\"url\":\"https:\\\/\\\/secure.gravatar.com\\\/avatar\\\/1a09e471f5389b0e0a6416eac287e0927c7c97a7b77f9e787eba3af7aee281dd?s=96&d=mm&r=g\",\"contentUrl\":\"https:\\\/\\\/secure.gravatar.com\\\/avatar\\\/1a09e471f5389b0e0a6416eac287e0927c7c97a7b77f9e787eba3af7aee281dd?s=96&d=mm&r=g\",\"caption\":\"Alexander Wachter\"},\"url\":\"https:\\\/\\\/www.immobilienbusiness.ch\\\/it\\\/author\\\/alexander-wachter\\\/\"}]}<\/script>\n<!-- \/ Yoast SEO plugin. -->","yoast_head_json":{"title":"Helvetica Swiss Commercial effettua ulteriori acquisizioni nell'area di Zurigo","description":"Due propriet\u00e0 in posizioni ben collegate nella citt\u00e0 di Zurigo e vicino all'aeroporto di Zurigo sono state acquisite nell'ambito di operazioni fuori mercato.","robots":{"index":"index","follow":"follow","max-snippet":"max-snippet:-1","max-image-preview":"max-image-preview:large","max-video-preview":"max-video-preview:-1"},"canonical":"https:\/\/www.immobilienbusiness.ch\/it\/allgemein\/2017-04-11\/helvetica-swiss-commercial-kauft-weiter-zu\/","og_locale":"it_IT","og_type":"article","og_title":"Helvetica Swiss Commercial kauft im Raum Z\u00fcrich weiter zu","og_description":"Im Rahmen von Off-market-Deals habe man zwei Immobilien an gut vernetzten Lagen in der Stadt Z\u00fcrich und in der N\u00e4he des Flughafens Z\u00fcrich zugekauft.","og_url":"https:\/\/www.immobilienbusiness.ch\/it\/allgemein\/2017-04-11\/helvetica-swiss-commercial-kauft-weiter-zu\/","og_site_name":"IMMOBILIEN Business","article_publisher":"https:\/\/www.facebook.com\/immobilienbusiness\/","article_published_time":"2017-04-11T11:48:50+00:00","og_image":[{"width":1024,"height":681,"url":"https:\/\/www.immobilienbusiness.ch\/wp-content\/uploads\/2017\/04\/Helvetica-Swiss-Commercial-kauft-weiter-zu_1_IMMOBILIEN-Business-1024x681.jpg","type":"image\/jpeg"}],"author":"Alexander Wachter","twitter_card":"summary_large_image","schema":{"@context":"https:\/\/schema.org","@graph":[{"@type":"Article","@id":"https:\/\/www.immobilienbusiness.ch\/allgemein\/2017-04-11\/helvetica-swiss-commercial-kauft-weiter-zu\/#article","isPartOf":{"@id":"https:\/\/www.immobilienbusiness.ch\/allgemein\/2017-04-11\/helvetica-swiss-commercial-kauft-weiter-zu\/"},"author":{"name":"Alexander Wachter","@id":"https:\/\/www.immobilienbusiness.ch\/#\/schema\/person\/aba8bea2db926aa0c24c08c43fe1fcd5"},"headline":"Helvetica Swiss Commercial kauft weiter zu","datePublished":"2017-04-11T11:48:50+00:00","mainEntityOfPage":{"@id":"https:\/\/www.immobilienbusiness.ch\/allgemein\/2017-04-11\/helvetica-swiss-commercial-kauft-weiter-zu\/"},"wordCount":311,"commentCount":0,"publisher":{"@id":"https:\/\/www.immobilienbusiness.ch\/#organization"},"image":{"@id":"https:\/\/www.immobilienbusiness.ch\/allgemein\/2017-04-11\/helvetica-swiss-commercial-kauft-weiter-zu\/#primaryimage"},"thumbnailUrl":"https:\/\/www.immobilienbusiness.ch\/wp-content\/uploads\/2017\/04\/Helvetica-Swiss-Commercial-kauft-weiter-zu_1_IMMOBILIEN-Business.jpg","keywords":["B\u00fcroimmobilien","Helvetica Property Investors","Immobilienfonds","Immobilienverkauf","Z\u00fcrich"],"articleSection":["Allgemein"],"inLanguage":"it-IT"},{"@type":"WebPage","@id":"https:\/\/www.immobilienbusiness.ch\/allgemein\/2017-04-11\/helvetica-swiss-commercial-kauft-weiter-zu\/","url":"https:\/\/www.immobilienbusiness.ch\/allgemein\/2017-04-11\/helvetica-swiss-commercial-kauft-weiter-zu\/","name":"Helvetica Swiss Commercial effettua ulteriori acquisizioni nell'area di Zurigo","isPartOf":{"@id":"https:\/\/www.immobilienbusiness.ch\/#website"},"primaryImageOfPage":{"@id":"https:\/\/www.immobilienbusiness.ch\/allgemein\/2017-04-11\/helvetica-swiss-commercial-kauft-weiter-zu\/#primaryimage"},"image":{"@id":"https:\/\/www.immobilienbusiness.ch\/allgemein\/2017-04-11\/helvetica-swiss-commercial-kauft-weiter-zu\/#primaryimage"},"thumbnailUrl":"https:\/\/www.immobilienbusiness.ch\/wp-content\/uploads\/2017\/04\/Helvetica-Swiss-Commercial-kauft-weiter-zu_1_IMMOBILIEN-Business.jpg","datePublished":"2017-04-11T11:48:50+00:00","description":"Due propriet\u00e0 in posizioni ben collegate nella citt\u00e0 di Zurigo e vicino all'aeroporto di Zurigo sono state acquisite nell'ambito di operazioni fuori mercato.","breadcrumb":{"@id":"https:\/\/www.immobilienbusiness.ch\/allgemein\/2017-04-11\/helvetica-swiss-commercial-kauft-weiter-zu\/#breadcrumb"},"inLanguage":"it-IT","potentialAction":[{"@type":"ReadAction","target":["https:\/\/www.immobilienbusiness.ch\/allgemein\/2017-04-11\/helvetica-swiss-commercial-kauft-weiter-zu\/"]}]},{"@type":"ImageObject","inLanguage":"it-IT","@id":"https:\/\/www.immobilienbusiness.ch\/allgemein\/2017-04-11\/helvetica-swiss-commercial-kauft-weiter-zu\/#primaryimage","url":"https:\/\/www.immobilienbusiness.ch\/wp-content\/uploads\/2017\/04\/Helvetica-Swiss-Commercial-kauft-weiter-zu_1_IMMOBILIEN-Business.jpg","contentUrl":"https:\/\/www.immobilienbusiness.ch\/wp-content\/uploads\/2017\/04\/Helvetica-Swiss-Commercial-kauft-weiter-zu_1_IMMOBILIEN-Business.jpg","width":2560,"height":1703,"caption":"Die neu erworbene Liegenschaft in Z\u00fcrich Altstetten befindet sich an der Max-H\u00f6gger-Strasse"},{"@type":"BreadcrumbList","@id":"https:\/\/www.immobilienbusiness.ch\/allgemein\/2017-04-11\/helvetica-swiss-commercial-kauft-weiter-zu\/#breadcrumb","itemListElement":[{"@type":"ListItem","position":1,"name":"Home","item":"https:\/\/www.immobilienbusiness.ch\/"},{"@type":"ListItem","position":2,"name":"Helvetica Swiss Commercial kauft weiter zu"}]},{"@type":"WebSite","@id":"https:\/\/www.immobilienbusiness.ch\/#website","url":"https:\/\/www.immobilienbusiness.ch\/","name":"Affari immobiliari","description":"Rivista economica indipendente svizzera che si concentra sul settore immobiliare, l'architettura e la costruzione, nonch\u00e9 sugli investimenti e i finanziamenti.","publisher":{"@id":"https:\/\/www.immobilienbusiness.ch\/#organization"},"potentialAction":[{"@type":"SearchAction","target":{"@type":"EntryPoint","urlTemplate":"https:\/\/www.immobilienbusiness.ch\/?s={search_term_string}"},"query-input":{"@type":"PropertyValueSpecification","valueRequired":true,"valueName":"search_term_string"}}],"inLanguage":"it-IT"},{"@type":"Organization","@id":"https:\/\/www.immobilienbusiness.ch\/#organization","name":"Affari immobiliari","url":"https:\/\/www.immobilienbusiness.ch\/","logo":{"@type":"ImageObject","inLanguage":"it-IT","@id":"https:\/\/www.immobilienbusiness.ch\/#\/schema\/logo\/image\/","url":"https:\/\/www.immobilienbusiness.ch\/wp-content\/uploads\/2021\/07\/logo_ib.png","contentUrl":"https:\/\/www.immobilienbusiness.ch\/wp-content\/uploads\/2021\/07\/logo_ib.png","width":800,"height":181,"caption":"IMMOBILIEN Business"},"image":{"@id":"https:\/\/www.immobilienbusiness.ch\/#\/schema\/logo\/image\/"},"sameAs":["https:\/\/www.facebook.com\/immobilienbusiness\/"]},{"@type":"Person","@id":"https:\/\/www.immobilienbusiness.ch\/#\/schema\/person\/aba8bea2db926aa0c24c08c43fe1fcd5","name":"Alexander Wachter","image":{"@type":"ImageObject","inLanguage":"it-IT","@id":"https:\/\/secure.gravatar.com\/avatar\/1a09e471f5389b0e0a6416eac287e0927c7c97a7b77f9e787eba3af7aee281dd?s=96&d=mm&r=g","url":"https:\/\/secure.gravatar.com\/avatar\/1a09e471f5389b0e0a6416eac287e0927c7c97a7b77f9e787eba3af7aee281dd?s=96&d=mm&r=g","contentUrl":"https:\/\/secure.gravatar.com\/avatar\/1a09e471f5389b0e0a6416eac287e0927c7c97a7b77f9e787eba3af7aee281dd?s=96&d=mm&r=g","caption":"Alexander Wachter"},"url":"https:\/\/www.immobilienbusiness.ch\/it\/author\/alexander-wachter\/"}]}},"_links":{"self":[{"href":"https:\/\/www.immobilienbusiness.ch\/it\/wp-json\/wp\/v2\/posts\/7146","targetHints":{"allow":["GET"]}}],"collection":[{"href":"https:\/\/www.immobilienbusiness.ch\/it\/wp-json\/wp\/v2\/posts"}],"about":[{"href":"https:\/\/www.immobilienbusiness.ch\/it\/wp-json\/wp\/v2\/types\/post"}],"author":[{"embeddable":true,"href":"https:\/\/www.immobilienbusiness.ch\/it\/wp-json\/wp\/v2\/users\/102"}],"replies":[{"embeddable":true,"href":"https:\/\/www.immobilienbusiness.ch\/it\/wp-json\/wp\/v2\/comments?post=7146"}],"version-history":[{"count":0,"href":"https:\/\/www.immobilienbusiness.ch\/it\/wp-json\/wp\/v2\/posts\/7146\/revisions"}],"wp:featuredmedia":[{"embeddable":true,"href":"https:\/\/www.immobilienbusiness.ch\/it\/wp-json\/wp\/v2\/media\/7147"}],"wp:attachment":[{"href":"https:\/\/www.immobilienbusiness.ch\/it\/wp-json\/wp\/v2\/media?parent=7146"}],"wp:term":[{"taxonomy":"category","embeddable":true,"href":"https:\/\/www.immobilienbusiness.ch\/it\/wp-json\/wp\/v2\/categories?post=7146"},{"taxonomy":"post_tag","embeddable":true,"href":"https:\/\/www.immobilienbusiness.ch\/it\/wp-json\/wp\/v2\/tags?post=7146"}],"curies":[{"name":"wp","href":"https:\/\/api.w.org\/{rel}","templated":true}]}}