{"id":7132,"date":"2017-04-11T08:00:19","date_gmt":"2017-04-11T06:00:19","guid":{"rendered":"https:\/\/www.immobilienbusiness.ch\/?p=7132"},"modified":"2017-04-11T08:00:19","modified_gmt":"2017-04-11T06:00:19","slug":"mall-of-switzerland-eroeffnungstermin","status":"publish","type":"post","link":"https:\/\/www.immobilienbusiness.ch\/it\/allgemein\/2017-04-11\/mall-of-switzerland-eroeffnungstermin\/","title":{"rendered":"\"Mall of Switzerland\": apertura ora l'8 novembre"},"content":{"rendered":"<figure id=\"attachment_7133\" aria-describedby=\"caption-attachment-7133\" style=\"width: 4000px\" class=\"wp-caption alignnone\"><img loading=\"lazy\" decoding=\"async\" class=\"size-full wp-image-7133\" src=\"https:\/\/www.immobilienbusiness.ch\/wp-content\/uploads\/2017\/04\/IB-News-11042017_Mall-of-Switzerland_Ebisquare_Multiplexkino.jpg\" alt=\"\" width=\"4000\" height=\"2500\" srcset=\"https:\/\/www.immobilienbusiness.ch\/wp-content\/uploads\/2017\/04\/IB-News-11042017_Mall-of-Switzerland_Ebisquare_Multiplexkino.jpg 2560w, https:\/\/www.immobilienbusiness.ch\/wp-content\/uploads\/2017\/04\/IB-News-11042017_Mall-of-Switzerland_Ebisquare_Multiplexkino-300x188.jpg 300w, https:\/\/www.immobilienbusiness.ch\/wp-content\/uploads\/2017\/04\/IB-News-11042017_Mall-of-Switzerland_Ebisquare_Multiplexkino-1024x640.jpg 1024w, https:\/\/www.immobilienbusiness.ch\/wp-content\/uploads\/2017\/04\/IB-News-11042017_Mall-of-Switzerland_Ebisquare_Multiplexkino-768x480.jpg 768w, https:\/\/www.immobilienbusiness.ch\/wp-content\/uploads\/2017\/04\/IB-News-11042017_Mall-of-Switzerland_Ebisquare_Multiplexkino-1536x960.jpg 1536w, https:\/\/www.immobilienbusiness.ch\/wp-content\/uploads\/2017\/04\/IB-News-11042017_Mall-of-Switzerland_Ebisquare_Multiplexkino-2048x1280.jpg 2048w, https:\/\/www.immobilienbusiness.ch\/wp-content\/uploads\/2017\/04\/IB-News-11042017_Mall-of-Switzerland_Ebisquare_Multiplexkino-16x10.jpg 16w, https:\/\/www.immobilienbusiness.ch\/wp-content\/uploads\/2017\/04\/IB-News-11042017_Mall-of-Switzerland_Ebisquare_Multiplexkino-280x175.jpg 280w, https:\/\/www.immobilienbusiness.ch\/wp-content\/uploads\/2017\/04\/IB-News-11042017_Mall-of-Switzerland_Ebisquare_Multiplexkino-560x350.jpg 560w, https:\/\/www.immobilienbusiness.ch\/wp-content\/uploads\/2017\/04\/IB-News-11042017_Mall-of-Switzerland_Ebisquare_Multiplexkino-1280x800.jpg 1280w, https:\/\/www.immobilienbusiness.ch\/wp-content\/uploads\/2017\/04\/IB-News-11042017_Mall-of-Switzerland_Ebisquare_Multiplexkino-920x575.jpg 920w, https:\/\/www.immobilienbusiness.ch\/wp-content\/uploads\/2017\/04\/IB-News-11042017_Mall-of-Switzerland_Ebisquare_Multiplexkino-1400x875.jpg 1400w\" sizes=\"auto, (max-width: 4000px) 100vw, 4000px\" \/><figcaption id=\"caption-attachment-7133\" class=\"wp-caption-text\">Vista del futuro \"Mall of Switzerland\" (Immagine: FREO)<\/figcaption><\/figure>\n<p>\"Insieme ai rappresentanti dei locatari\", la data di apertura del \"Mall of Switzerland\" di Ebikon, vicino a Lucerna, \u00e8 stata spostata all'8 novembre 2017. \"Non vediamo l'ora di inaugurare e siamo orgogliosi di offrire alla Svizzera centrale, all'inizio di novembre, una destinazione unica per tutta la famiglia, che sorprende e ispira continuamente\", spiega Bernd Hofer, che in qualit\u00e0 di amministratore delegato di FREO Switzerland AG \u00e8 responsabile dello sviluppo del progetto.<\/p>\n<p>Attualmente i lavori all'interno del centro commerciale e nelle singole aree di vendita sono in pieno svolgimento. Questo vale anche per l'area del tempo libero, che offrir\u00e0 ulteriori attrazioni speciali, come la prima onda coperta in piedi della Svizzera, il pi\u00f9 grande schermo cinematografico IMAX del Paese e il cinema multisala con dodici schermi.<\/p>\n<p>Oltre ai lavori di costruzione e ai preparativi per le attivit\u00e0 di apertura, sono in corso trattative con altri inquilini e parti interessate per ottimizzare il mix di inquilini su base continuativa e tenere conto delle loro esigenze nella progettazione, secondo Hofer. La direzione prevede di fare ulteriori annunci riguardanti nuovi inquilini e offerte interessanti nelle prossime settimane.<\/p>\n<p>Con un totale di 65.000 metri quadrati di superficie affittabile e circa 150 negozi e ristoranti, il \"Mall of Switzerland\" sar\u00e0 il secondo centro commerciale e ricreativo pi\u00f9 grande della Svizzera una volta completato. Secondo il promotore, offrir\u00e0 \"eccezionali strutture per il tempo libero e lo sport\", un'area per bambini e servizi completi. Con la propria fermata del treno e dell'autobus, la strada di collegamento con l'autostrada e un ampio parcheggio per le biciclette, il \"Mall of Switzerland\" sar\u00e0 uno dei centri commerciali meglio collegati della Svizzera, afferma FREO.<\/p>\n<p><a href=\"ttps:\/\/www.immobilienbusiness.ch\/mall-of-switzerland-eroeffnung-september-2017\/\">Originariamente l'apertura del centro commerciale era prevista per il 28 settembre.<\/a>Tuttavia, il progetto \u00e8 stato successivamente annullato a causa della necessit\u00e0 di apportare ampie modifiche agli interni. <a href=\"https:\/\/www.immobilienbusiness.ch\/it\/mall-of-switzerland-eroeffnung-erst-im-november\/\">rinviata all'inizio di novembre<\/a>.<\/p>","protected":false},"excerpt":{"rendered":"<p>L'apertura del nuovo centro commerciale e ricreativo \"Mall of Switzerland\" \u00e8 prevista per l'8 novembre 2017. Lo ha annunciato lo sviluppatore del progetto FREO.<\/p>","protected":false},"author":4,"featured_media":7133,"comment_status":"open","ping_status":"open","sticky":false,"template":"","format":"standard","meta":{"_acf_changed":false,"_yoast_wpseo_focuskw":"Mall of Switzerland","_yoast_wpseo_title":"","_yoast_wpseo_metadesc":"Das neue Einkaufs- und Freizeitcenter \u00abMall of Switzerland\u00bb soll nun am 8. November 2017 seine Tore \u00f6ffnen, wie Projektentwickler FREO bekanntgibt.","_yoast_wpseo_linkdex":70,"pgc_sgb_lightbox_settings":"","footnotes":""},"categories":[1,987],"tags":[1459,1643,1697],"class_list":["post-7132","post","type-post","status-publish","format-standard","has-post-thumbnail","hentry","category-allgemein","category-retail","tag-luzern","tag-retail","tag-shopping-center"],"acf":[],"yoast_head":"<!-- This site is optimized with the Yoast SEO plugin v27.5 - https:\/\/yoast.com\/product\/yoast-seo-wordpress\/ -->\n<title>\u00abMall of Switzerland\u00bb: Er\u00f6ffnung nun am 8. November - IMMOBILIEN Business<\/title>\n<meta name=\"description\" content=\"Das neue Einkaufs- und Freizeitcenter \u00abMall of Switzerland\u00bb soll nun am 8. November 2017 seine Tore \u00f6ffnen, wie Projektentwickler FREO bekanntgibt.\" \/>\n<meta name=\"robots\" content=\"index, follow, max-snippet:-1, max-image-preview:large, max-video-preview:-1\" \/>\n<link rel=\"canonical\" href=\"https:\/\/www.immobilienbusiness.ch\/it\/allgemein\/2017-04-11\/mall-of-switzerland-eroeffnungstermin\/\" \/>\n<meta property=\"og:locale\" content=\"it_IT\" \/>\n<meta property=\"og:type\" content=\"article\" \/>\n<meta property=\"og:title\" content=\"\u00abMall of Switzerland\u00bb: Er\u00f6ffnung nun am 8. November - IMMOBILIEN Business\" \/>\n<meta property=\"og:description\" content=\"Das neue Einkaufs- und Freizeitcenter \u00abMall of Switzerland\u00bb soll nun am 8. November 2017 seine Tore \u00f6ffnen, wie Projektentwickler FREO bekanntgibt.\" \/>\n<meta property=\"og:url\" content=\"https:\/\/www.immobilienbusiness.ch\/it\/allgemein\/2017-04-11\/mall-of-switzerland-eroeffnungstermin\/\" \/>\n<meta property=\"og:site_name\" content=\"IMMOBILIEN Business\" \/>\n<meta property=\"article:publisher\" content=\"https:\/\/www.facebook.com\/immobilienbusiness\/\" \/>\n<meta property=\"article:published_time\" content=\"2017-04-11T06:00:19+00:00\" \/>\n<meta property=\"og:image\" content=\"https:\/\/www.immobilienbusiness.ch\/wp-content\/uploads\/2017\/04\/IB-News-11042017_Mall-of-Switzerland_Ebisquare_Multiplexkino-1024x640.jpg\" \/>\n\t<meta property=\"og:image:width\" content=\"1024\" \/>\n\t<meta property=\"og:image:height\" content=\"640\" \/>\n\t<meta property=\"og:image:type\" content=\"image\/jpeg\" \/>\n<meta name=\"author\" content=\"mathias.rinka\" \/>\n<meta name=\"twitter:card\" content=\"summary_large_image\" \/>\n<script type=\"application\/ld+json\" class=\"yoast-schema-graph\">{\"@context\":\"https:\\\/\\\/schema.org\",\"@graph\":[{\"@type\":\"Article\",\"@id\":\"https:\\\/\\\/www.immobilienbusiness.ch\\\/en\\\/allgemein\\\/2017-04-11\\\/mall-of-switzerland-eroeffnungstermin\\\/#article\",\"isPartOf\":{\"@id\":\"https:\\\/\\\/www.immobilienbusiness.ch\\\/en\\\/allgemein\\\/2017-04-11\\\/mall-of-switzerland-eroeffnungstermin\\\/\"},\"author\":{\"name\":\"mathias.rinka\",\"@id\":\"https:\\\/\\\/www.immobilienbusiness.ch\\\/#\\\/schema\\\/person\\\/31be7383261ea656cfe52cad71fdc211\"},\"headline\":\"\u00abMall of Switzerland\u00bb: Er\u00f6ffnung nun am 8. November\",\"datePublished\":\"2017-04-11T06:00:19+00:00\",\"mainEntityOfPage\":{\"@id\":\"https:\\\/\\\/www.immobilienbusiness.ch\\\/en\\\/allgemein\\\/2017-04-11\\\/mall-of-switzerland-eroeffnungstermin\\\/\"},\"wordCount\":315,\"commentCount\":0,\"publisher\":{\"@id\":\"https:\\\/\\\/www.immobilienbusiness.ch\\\/#organization\"},\"image\":{\"@id\":\"https:\\\/\\\/www.immobilienbusiness.ch\\\/en\\\/allgemein\\\/2017-04-11\\\/mall-of-switzerland-eroeffnungstermin\\\/#primaryimage\"},\"thumbnailUrl\":\"https:\\\/\\\/www.immobilienbusiness.ch\\\/wp-content\\\/uploads\\\/2017\\\/04\\\/IB-News-11042017_Mall-of-Switzerland_Ebisquare_Multiplexkino.jpg\",\"keywords\":[\"Luzern\",\"Retail\",\"Shopping Center\"],\"articleSection\":[\"Allgemein\",\"RETAIL\"],\"inLanguage\":\"it-IT\"},{\"@type\":\"WebPage\",\"@id\":\"https:\\\/\\\/www.immobilienbusiness.ch\\\/en\\\/allgemein\\\/2017-04-11\\\/mall-of-switzerland-eroeffnungstermin\\\/\",\"url\":\"https:\\\/\\\/www.immobilienbusiness.ch\\\/en\\\/allgemein\\\/2017-04-11\\\/mall-of-switzerland-eroeffnungstermin\\\/\",\"name\":\"\u00abMall of Switzerland\u00bb: Er\u00f6ffnung nun am 8. November - IMMOBILIEN Business\",\"isPartOf\":{\"@id\":\"https:\\\/\\\/www.immobilienbusiness.ch\\\/#website\"},\"primaryImageOfPage\":{\"@id\":\"https:\\\/\\\/www.immobilienbusiness.ch\\\/en\\\/allgemein\\\/2017-04-11\\\/mall-of-switzerland-eroeffnungstermin\\\/#primaryimage\"},\"image\":{\"@id\":\"https:\\\/\\\/www.immobilienbusiness.ch\\\/en\\\/allgemein\\\/2017-04-11\\\/mall-of-switzerland-eroeffnungstermin\\\/#primaryimage\"},\"thumbnailUrl\":\"https:\\\/\\\/www.immobilienbusiness.ch\\\/wp-content\\\/uploads\\\/2017\\\/04\\\/IB-News-11042017_Mall-of-Switzerland_Ebisquare_Multiplexkino.jpg\",\"datePublished\":\"2017-04-11T06:00:19+00:00\",\"description\":\"Das neue Einkaufs- und Freizeitcenter \u00abMall of Switzerland\u00bb soll nun am 8. November 2017 seine Tore \u00f6ffnen, wie Projektentwickler FREO bekanntgibt.\",\"breadcrumb\":{\"@id\":\"https:\\\/\\\/www.immobilienbusiness.ch\\\/en\\\/allgemein\\\/2017-04-11\\\/mall-of-switzerland-eroeffnungstermin\\\/#breadcrumb\"},\"inLanguage\":\"it-IT\",\"potentialAction\":[{\"@type\":\"ReadAction\",\"target\":[\"https:\\\/\\\/www.immobilienbusiness.ch\\\/en\\\/allgemein\\\/2017-04-11\\\/mall-of-switzerland-eroeffnungstermin\\\/\"]}]},{\"@type\":\"ImageObject\",\"inLanguage\":\"it-IT\",\"@id\":\"https:\\\/\\\/www.immobilienbusiness.ch\\\/en\\\/allgemein\\\/2017-04-11\\\/mall-of-switzerland-eroeffnungstermin\\\/#primaryimage\",\"url\":\"https:\\\/\\\/www.immobilienbusiness.ch\\\/wp-content\\\/uploads\\\/2017\\\/04\\\/IB-News-11042017_Mall-of-Switzerland_Ebisquare_Multiplexkino.jpg\",\"contentUrl\":\"https:\\\/\\\/www.immobilienbusiness.ch\\\/wp-content\\\/uploads\\\/2017\\\/04\\\/IB-News-11042017_Mall-of-Switzerland_Ebisquare_Multiplexkino.jpg\",\"width\":2560,\"height\":1600,\"caption\":\"Blick auf die k\u00fcnftige \u00abMall of Switzerland\u00bb mit dem Ebisquare und Multiplex-Kino (Bild: FREO)\"},{\"@type\":\"BreadcrumbList\",\"@id\":\"https:\\\/\\\/www.immobilienbusiness.ch\\\/en\\\/allgemein\\\/2017-04-11\\\/mall-of-switzerland-eroeffnungstermin\\\/#breadcrumb\",\"itemListElement\":[{\"@type\":\"ListItem\",\"position\":1,\"name\":\"Home\",\"item\":\"https:\\\/\\\/www.immobilienbusiness.ch\\\/\"},{\"@type\":\"ListItem\",\"position\":2,\"name\":\"\u00abMall of Switzerland\u00bb: Er\u00f6ffnung nun am 8. November\"}]},{\"@type\":\"WebSite\",\"@id\":\"https:\\\/\\\/www.immobilienbusiness.ch\\\/#website\",\"url\":\"https:\\\/\\\/www.immobilienbusiness.ch\\\/\",\"name\":\"IMMOBILIEN Business\",\"description\":\"Unabh\u00e4ngiges Schweizer Wirtschaftsmagazin mit Fokus auf Immobilien, Architektur- und Bau sowie Investment- und Finanzierung.\",\"publisher\":{\"@id\":\"https:\\\/\\\/www.immobilienbusiness.ch\\\/#organization\"},\"potentialAction\":[{\"@type\":\"SearchAction\",\"target\":{\"@type\":\"EntryPoint\",\"urlTemplate\":\"https:\\\/\\\/www.immobilienbusiness.ch\\\/?s={search_term_string}\"},\"query-input\":{\"@type\":\"PropertyValueSpecification\",\"valueRequired\":true,\"valueName\":\"search_term_string\"}}],\"inLanguage\":\"it-IT\"},{\"@type\":\"Organization\",\"@id\":\"https:\\\/\\\/www.immobilienbusiness.ch\\\/#organization\",\"name\":\"IMMOBILIEN Business\",\"url\":\"https:\\\/\\\/www.immobilienbusiness.ch\\\/\",\"logo\":{\"@type\":\"ImageObject\",\"inLanguage\":\"it-IT\",\"@id\":\"https:\\\/\\\/www.immobilienbusiness.ch\\\/#\\\/schema\\\/logo\\\/image\\\/\",\"url\":\"https:\\\/\\\/www.immobilienbusiness.ch\\\/wp-content\\\/uploads\\\/2021\\\/07\\\/logo_ib.png\",\"contentUrl\":\"https:\\\/\\\/www.immobilienbusiness.ch\\\/wp-content\\\/uploads\\\/2021\\\/07\\\/logo_ib.png\",\"width\":800,\"height\":181,\"caption\":\"IMMOBILIEN Business\"},\"image\":{\"@id\":\"https:\\\/\\\/www.immobilienbusiness.ch\\\/#\\\/schema\\\/logo\\\/image\\\/\"},\"sameAs\":[\"https:\\\/\\\/www.facebook.com\\\/immobilienbusiness\\\/\"]},{\"@type\":\"Person\",\"@id\":\"https:\\\/\\\/www.immobilienbusiness.ch\\\/#\\\/schema\\\/person\\\/31be7383261ea656cfe52cad71fdc211\",\"name\":\"mathias.rinka\",\"image\":{\"@type\":\"ImageObject\",\"inLanguage\":\"it-IT\",\"@id\":\"https:\\\/\\\/secure.gravatar.com\\\/avatar\\\/?s=96&d=mm&r=g\",\"url\":\"https:\\\/\\\/secure.gravatar.com\\\/avatar\\\/?s=96&d=mm&r=g\",\"contentUrl\":\"https:\\\/\\\/secure.gravatar.com\\\/avatar\\\/?s=96&d=mm&r=g\",\"caption\":\"mathias.rinka\"},\"url\":\"https:\\\/\\\/www.immobilienbusiness.ch\\\/it\\\/author\\\/mathias-rinka\\\/\"}]}<\/script>\n<!-- \/ Yoast SEO plugin. -->","yoast_head_json":{"title":"\u00abMall of Switzerland\u00bb: Er\u00f6ffnung nun am 8. November - IMMOBILIEN Business","description":"Das neue Einkaufs- und Freizeitcenter \u00abMall of Switzerland\u00bb soll nun am 8. November 2017 seine Tore \u00f6ffnen, wie Projektentwickler FREO bekanntgibt.","robots":{"index":"index","follow":"follow","max-snippet":"max-snippet:-1","max-image-preview":"max-image-preview:large","max-video-preview":"max-video-preview:-1"},"canonical":"https:\/\/www.immobilienbusiness.ch\/it\/allgemein\/2017-04-11\/mall-of-switzerland-eroeffnungstermin\/","og_locale":"it_IT","og_type":"article","og_title":"\u00abMall of Switzerland\u00bb: Er\u00f6ffnung nun am 8. November - IMMOBILIEN Business","og_description":"Das neue Einkaufs- und Freizeitcenter \u00abMall of Switzerland\u00bb soll nun am 8. November 2017 seine Tore \u00f6ffnen, wie Projektentwickler FREO bekanntgibt.","og_url":"https:\/\/www.immobilienbusiness.ch\/it\/allgemein\/2017-04-11\/mall-of-switzerland-eroeffnungstermin\/","og_site_name":"IMMOBILIEN Business","article_publisher":"https:\/\/www.facebook.com\/immobilienbusiness\/","article_published_time":"2017-04-11T06:00:19+00:00","og_image":[{"width":1024,"height":640,"url":"https:\/\/www.immobilienbusiness.ch\/wp-content\/uploads\/2017\/04\/IB-News-11042017_Mall-of-Switzerland_Ebisquare_Multiplexkino-1024x640.jpg","type":"image\/jpeg"}],"author":"mathias.rinka","twitter_card":"summary_large_image","schema":{"@context":"https:\/\/schema.org","@graph":[{"@type":"Article","@id":"https:\/\/www.immobilienbusiness.ch\/en\/allgemein\/2017-04-11\/mall-of-switzerland-eroeffnungstermin\/#article","isPartOf":{"@id":"https:\/\/www.immobilienbusiness.ch\/en\/allgemein\/2017-04-11\/mall-of-switzerland-eroeffnungstermin\/"},"author":{"name":"mathias.rinka","@id":"https:\/\/www.immobilienbusiness.ch\/#\/schema\/person\/31be7383261ea656cfe52cad71fdc211"},"headline":"\u00abMall of Switzerland\u00bb: Er\u00f6ffnung nun am 8. November","datePublished":"2017-04-11T06:00:19+00:00","mainEntityOfPage":{"@id":"https:\/\/www.immobilienbusiness.ch\/en\/allgemein\/2017-04-11\/mall-of-switzerland-eroeffnungstermin\/"},"wordCount":315,"commentCount":0,"publisher":{"@id":"https:\/\/www.immobilienbusiness.ch\/#organization"},"image":{"@id":"https:\/\/www.immobilienbusiness.ch\/en\/allgemein\/2017-04-11\/mall-of-switzerland-eroeffnungstermin\/#primaryimage"},"thumbnailUrl":"https:\/\/www.immobilienbusiness.ch\/wp-content\/uploads\/2017\/04\/IB-News-11042017_Mall-of-Switzerland_Ebisquare_Multiplexkino.jpg","keywords":["Luzern","Retail","Shopping Center"],"articleSection":["Allgemein","RETAIL"],"inLanguage":"it-IT"},{"@type":"WebPage","@id":"https:\/\/www.immobilienbusiness.ch\/en\/allgemein\/2017-04-11\/mall-of-switzerland-eroeffnungstermin\/","url":"https:\/\/www.immobilienbusiness.ch\/en\/allgemein\/2017-04-11\/mall-of-switzerland-eroeffnungstermin\/","name":"\u00abMall of Switzerland\u00bb: Er\u00f6ffnung nun am 8. November - IMMOBILIEN Business","isPartOf":{"@id":"https:\/\/www.immobilienbusiness.ch\/#website"},"primaryImageOfPage":{"@id":"https:\/\/www.immobilienbusiness.ch\/en\/allgemein\/2017-04-11\/mall-of-switzerland-eroeffnungstermin\/#primaryimage"},"image":{"@id":"https:\/\/www.immobilienbusiness.ch\/en\/allgemein\/2017-04-11\/mall-of-switzerland-eroeffnungstermin\/#primaryimage"},"thumbnailUrl":"https:\/\/www.immobilienbusiness.ch\/wp-content\/uploads\/2017\/04\/IB-News-11042017_Mall-of-Switzerland_Ebisquare_Multiplexkino.jpg","datePublished":"2017-04-11T06:00:19+00:00","description":"Das neue Einkaufs- und Freizeitcenter \u00abMall of Switzerland\u00bb soll nun am 8. November 2017 seine Tore \u00f6ffnen, wie Projektentwickler FREO bekanntgibt.","breadcrumb":{"@id":"https:\/\/www.immobilienbusiness.ch\/en\/allgemein\/2017-04-11\/mall-of-switzerland-eroeffnungstermin\/#breadcrumb"},"inLanguage":"it-IT","potentialAction":[{"@type":"ReadAction","target":["https:\/\/www.immobilienbusiness.ch\/en\/allgemein\/2017-04-11\/mall-of-switzerland-eroeffnungstermin\/"]}]},{"@type":"ImageObject","inLanguage":"it-IT","@id":"https:\/\/www.immobilienbusiness.ch\/en\/allgemein\/2017-04-11\/mall-of-switzerland-eroeffnungstermin\/#primaryimage","url":"https:\/\/www.immobilienbusiness.ch\/wp-content\/uploads\/2017\/04\/IB-News-11042017_Mall-of-Switzerland_Ebisquare_Multiplexkino.jpg","contentUrl":"https:\/\/www.immobilienbusiness.ch\/wp-content\/uploads\/2017\/04\/IB-News-11042017_Mall-of-Switzerland_Ebisquare_Multiplexkino.jpg","width":2560,"height":1600,"caption":"Blick auf die k\u00fcnftige \u00abMall of Switzerland\u00bb mit dem Ebisquare und Multiplex-Kino (Bild: FREO)"},{"@type":"BreadcrumbList","@id":"https:\/\/www.immobilienbusiness.ch\/en\/allgemein\/2017-04-11\/mall-of-switzerland-eroeffnungstermin\/#breadcrumb","itemListElement":[{"@type":"ListItem","position":1,"name":"Home","item":"https:\/\/www.immobilienbusiness.ch\/"},{"@type":"ListItem","position":2,"name":"\u00abMall of Switzerland\u00bb: Er\u00f6ffnung nun am 8. November"}]},{"@type":"WebSite","@id":"https:\/\/www.immobilienbusiness.ch\/#website","url":"https:\/\/www.immobilienbusiness.ch\/","name":"Affari immobiliari","description":"Rivista economica indipendente svizzera che si concentra sul settore immobiliare, l'architettura e la costruzione, nonch\u00e9 sugli investimenti e i finanziamenti.","publisher":{"@id":"https:\/\/www.immobilienbusiness.ch\/#organization"},"potentialAction":[{"@type":"SearchAction","target":{"@type":"EntryPoint","urlTemplate":"https:\/\/www.immobilienbusiness.ch\/?s={search_term_string}"},"query-input":{"@type":"PropertyValueSpecification","valueRequired":true,"valueName":"search_term_string"}}],"inLanguage":"it-IT"},{"@type":"Organization","@id":"https:\/\/www.immobilienbusiness.ch\/#organization","name":"Affari immobiliari","url":"https:\/\/www.immobilienbusiness.ch\/","logo":{"@type":"ImageObject","inLanguage":"it-IT","@id":"https:\/\/www.immobilienbusiness.ch\/#\/schema\/logo\/image\/","url":"https:\/\/www.immobilienbusiness.ch\/wp-content\/uploads\/2021\/07\/logo_ib.png","contentUrl":"https:\/\/www.immobilienbusiness.ch\/wp-content\/uploads\/2021\/07\/logo_ib.png","width":800,"height":181,"caption":"IMMOBILIEN Business"},"image":{"@id":"https:\/\/www.immobilienbusiness.ch\/#\/schema\/logo\/image\/"},"sameAs":["https:\/\/www.facebook.com\/immobilienbusiness\/"]},{"@type":"Person","@id":"https:\/\/www.immobilienbusiness.ch\/#\/schema\/person\/31be7383261ea656cfe52cad71fdc211","name":"mathias.rinka","image":{"@type":"ImageObject","inLanguage":"it-IT","@id":"https:\/\/secure.gravatar.com\/avatar\/?s=96&d=mm&r=g","url":"https:\/\/secure.gravatar.com\/avatar\/?s=96&d=mm&r=g","contentUrl":"https:\/\/secure.gravatar.com\/avatar\/?s=96&d=mm&r=g","caption":"mathias.rinka"},"url":"https:\/\/www.immobilienbusiness.ch\/it\/author\/mathias-rinka\/"}]}},"_links":{"self":[{"href":"https:\/\/www.immobilienbusiness.ch\/it\/wp-json\/wp\/v2\/posts\/7132","targetHints":{"allow":["GET"]}}],"collection":[{"href":"https:\/\/www.immobilienbusiness.ch\/it\/wp-json\/wp\/v2\/posts"}],"about":[{"href":"https:\/\/www.immobilienbusiness.ch\/it\/wp-json\/wp\/v2\/types\/post"}],"author":[{"embeddable":true,"href":"https:\/\/www.immobilienbusiness.ch\/it\/wp-json\/wp\/v2\/users\/4"}],"replies":[{"embeddable":true,"href":"https:\/\/www.immobilienbusiness.ch\/it\/wp-json\/wp\/v2\/comments?post=7132"}],"version-history":[{"count":0,"href":"https:\/\/www.immobilienbusiness.ch\/it\/wp-json\/wp\/v2\/posts\/7132\/revisions"}],"wp:featuredmedia":[{"embeddable":true,"href":"https:\/\/www.immobilienbusiness.ch\/it\/wp-json\/wp\/v2\/media\/7133"}],"wp:attachment":[{"href":"https:\/\/www.immobilienbusiness.ch\/it\/wp-json\/wp\/v2\/media?parent=7132"}],"wp:term":[{"taxonomy":"category","embeddable":true,"href":"https:\/\/www.immobilienbusiness.ch\/it\/wp-json\/wp\/v2\/categories?post=7132"},{"taxonomy":"post_tag","embeddable":true,"href":"https:\/\/www.immobilienbusiness.ch\/it\/wp-json\/wp\/v2\/tags?post=7132"}],"curies":[{"name":"wp","href":"https:\/\/api.w.org\/{rel}","templated":true}]}}