{"id":7110,"date":"2017-04-10T09:08:54","date_gmt":"2017-04-10T07:08:54","guid":{"rendered":"https:\/\/www.immobilienbusiness.ch\/?p=7110"},"modified":"2017-04-10T09:08:54","modified_gmt":"2017-04-10T07:08:54","slug":"verit-leitet-neu-raiffeisen-fonds","status":"publish","type":"post","link":"https:\/\/www.immobilienbusiness.ch\/it\/allgemein\/2017-04-10\/verit-leitet-neu-raiffeisen-fonds\/","title":{"rendered":"Verit assume la gestione dei fondi Raiffeisen"},"content":{"rendered":"<figure id=\"attachment_7111\" aria-describedby=\"caption-attachment-7111\" style=\"width: 539px\" class=\"wp-caption alignnone\"><img loading=\"lazy\" decoding=\"async\" class=\"size-full wp-image-7111\" src=\"https:\/\/www.immobilienbusiness.ch\/wp-content\/uploads\/2017\/04\/IB-News-10042017_Verit-\u00fcbernimmt-Leitung-des-Raiffeisen-Futura-Immo-Fonds_Wohnliegenschaften.png\" alt=\"\" width=\"539\" height=\"392\" \/><figcaption id=\"caption-attachment-7111\" class=\"wp-caption-text\">Verit assume la gestione del fondo Raiffeisen Futura Immo Fund (Immagine: Pixabay)<\/figcaption><\/figure>\n<p>Verit Investment Management AG ha \"una vasta esperienza nel settore immobiliare e la competenza dei fondi\", secondo un comunicato stampa di Raiffeisen. Verit ha partecipato al lancio del fondo all'inizio del 2014 e da allora \u00e8 responsabile della gestione del portafoglio e del patrimonio del fondo immobiliare. Continuer\u00e0 a farlo, secondo il comunicato stampa. La delega della gestione patrimoniale non sar\u00e0 quindi pi\u00f9 applicabile.<\/p>\n<p>Secondo le sue stesse informazioni, il fondo investe almeno il 60% in immobili residenziali. Per motivi di diversificazione, sono possibili anche investimenti in edifici a uso misto e propriet\u00e0 commerciali. Il fondo fa investimenti in tutta la Svizzera e mira a una \"diversificazione regionale ottimale dei mercati immobiliari\". Tutti i segmenti di prezzo d'affitto (tranne il lusso) nel settore residenziale, cos\u00ec come le propriet\u00e0 ad uso misto e commerciali sono ammissibili come tipi di propriet\u00e0.<\/p>\n<p><a href=\"https:\/\/www.immobilienbusiness.ch\/it\/raiffeisen-futura-kauf-nordwest-schweiz\/\">Il Raiffeisen Futura Immo Fund ha recentemente acquistato due edifici di appartamenti a Zwingen (BL) nel marzo 2017.<\/a><\/p>","protected":false},"excerpt":{"rendered":"<p>Il 1\u00b0 aprile 2017 Verit Investment Management AG ha rilevato da Swisscanto Fondsleitung AG la funzione di gestione del fondo Raiffeisen Futura Immo Fund. Gestisce esclusivamente questo fondo immobiliare e non agisce come societ\u00e0 di gestione di altri fondi.<\/p>","protected":false},"author":4,"featured_media":7111,"comment_status":"open","ping_status":"open","sticky":false,"template":"","format":"standard","meta":{"_acf_changed":false,"_yoast_wpseo_focuskw":"Verit","_yoast_wpseo_title":"","_yoast_wpseo_metadesc":"Die Verit Investment Management AG hat am 1. April 2017 die Fondsleitungsfunktion f\u00fcr den Raiffeisen Futura Immo Fonds \u00fcbernommen.","_yoast_wpseo_linkdex":72,"pgc_sgb_lightbox_settings":"","footnotes":""},"categories":[1,988],"tags":[1234,1253,1332,1615,1828,1862,1864],"class_list":["post-7110","post","type-post","status-publish","format-standard","has-post-thumbnail","hentry","category-allgemein","category-unternehmen","tag-fondsleitung","tag-futura-immo-fonds","tag-immobilien-fonds","tag-raiffeisen","tag-verit","tag-wohnen","tag-wohnliegenschaften"],"acf":[],"yoast_head":"<!-- This site is optimized with the Yoast SEO plugin v27.4 - https:\/\/yoast.com\/product\/yoast-seo-wordpress\/ -->\n<title>Verit \u00fcbernimmt Leitung f\u00fcr Raiffeisen-Fonds - IMMOBILIEN Business<\/title>\n<meta name=\"description\" content=\"Die Verit Investment Management AG hat am 1. April 2017 die Fondsleitungsfunktion f\u00fcr den Raiffeisen Futura Immo Fonds \u00fcbernommen.\" \/>\n<meta name=\"robots\" content=\"index, follow, max-snippet:-1, max-image-preview:large, max-video-preview:-1\" \/>\n<link rel=\"canonical\" href=\"https:\/\/www.immobilienbusiness.ch\/it\/allgemein\/2017-04-10\/verit-leitet-neu-raiffeisen-fonds\/\" \/>\n<meta property=\"og:locale\" content=\"it_IT\" \/>\n<meta property=\"og:type\" content=\"article\" \/>\n<meta property=\"og:title\" content=\"Verit \u00fcbernimmt Leitung f\u00fcr Raiffeisen-Fonds - IMMOBILIEN Business\" \/>\n<meta property=\"og:description\" content=\"Die Verit Investment Management AG hat am 1. April 2017 die Fondsleitungsfunktion f\u00fcr den Raiffeisen Futura Immo Fonds \u00fcbernommen.\" \/>\n<meta property=\"og:url\" content=\"https:\/\/www.immobilienbusiness.ch\/it\/allgemein\/2017-04-10\/verit-leitet-neu-raiffeisen-fonds\/\" \/>\n<meta property=\"og:site_name\" content=\"IMMOBILIEN Business\" \/>\n<meta property=\"article:publisher\" content=\"https:\/\/www.facebook.com\/immobilienbusiness\/\" \/>\n<meta property=\"article:published_time\" content=\"2017-04-10T07:08:54+00:00\" \/>\n<meta property=\"og:image\" content=\"https:\/\/www.immobilienbusiness.ch\/wp-content\/uploads\/2017\/04\/IB-News-10042017_Verit-uebernimmt-Leitung-des-Raiffeisen-Futura-Immo-Fonds_Wohnliegenschaften.png\" \/>\n\t<meta property=\"og:image:width\" content=\"539\" \/>\n\t<meta property=\"og:image:height\" content=\"392\" \/>\n\t<meta property=\"og:image:type\" content=\"image\/png\" \/>\n<meta name=\"author\" content=\"mathias.rinka\" \/>\n<meta name=\"twitter:card\" content=\"summary_large_image\" \/>\n<script type=\"application\/ld+json\" class=\"yoast-schema-graph\">{\"@context\":\"https:\\\/\\\/schema.org\",\"@graph\":[{\"@type\":\"Article\",\"@id\":\"https:\\\/\\\/www.immobilienbusiness.ch\\\/en\\\/allgemein\\\/2017-04-10\\\/verit-leitet-neu-raiffeisen-fonds\\\/#article\",\"isPartOf\":{\"@id\":\"https:\\\/\\\/www.immobilienbusiness.ch\\\/en\\\/allgemein\\\/2017-04-10\\\/verit-leitet-neu-raiffeisen-fonds\\\/\"},\"author\":{\"name\":\"mathias.rinka\",\"@id\":\"https:\\\/\\\/www.immobilienbusiness.ch\\\/#\\\/schema\\\/person\\\/31be7383261ea656cfe52cad71fdc211\"},\"headline\":\"Verit \u00fcbernimmt Leitung f\u00fcr Raiffeisen-Fonds\",\"datePublished\":\"2017-04-10T07:08:54+00:00\",\"mainEntityOfPage\":{\"@id\":\"https:\\\/\\\/www.immobilienbusiness.ch\\\/en\\\/allgemein\\\/2017-04-10\\\/verit-leitet-neu-raiffeisen-fonds\\\/\"},\"wordCount\":169,\"commentCount\":0,\"publisher\":{\"@id\":\"https:\\\/\\\/www.immobilienbusiness.ch\\\/#organization\"},\"image\":{\"@id\":\"https:\\\/\\\/www.immobilienbusiness.ch\\\/en\\\/allgemein\\\/2017-04-10\\\/verit-leitet-neu-raiffeisen-fonds\\\/#primaryimage\"},\"thumbnailUrl\":\"https:\\\/\\\/www.immobilienbusiness.ch\\\/wp-content\\\/uploads\\\/2017\\\/04\\\/IB-News-10042017_Verit-uebernimmt-Leitung-des-Raiffeisen-Futura-Immo-Fonds_Wohnliegenschaften.png\",\"keywords\":[\"Fondsleitung\",\"Futura Immo Fonds\",\"Immobilien-Fonds\",\"Raiffeisen\",\"Verit\",\"Wohnen\",\"Wohnliegenschaften\"],\"articleSection\":[\"Allgemein\",\"UNTERNEHMEN\"],\"inLanguage\":\"it-IT\"},{\"@type\":\"WebPage\",\"@id\":\"https:\\\/\\\/www.immobilienbusiness.ch\\\/en\\\/allgemein\\\/2017-04-10\\\/verit-leitet-neu-raiffeisen-fonds\\\/\",\"url\":\"https:\\\/\\\/www.immobilienbusiness.ch\\\/en\\\/allgemein\\\/2017-04-10\\\/verit-leitet-neu-raiffeisen-fonds\\\/\",\"name\":\"Verit \u00fcbernimmt Leitung f\u00fcr Raiffeisen-Fonds - IMMOBILIEN Business\",\"isPartOf\":{\"@id\":\"https:\\\/\\\/www.immobilienbusiness.ch\\\/#website\"},\"primaryImageOfPage\":{\"@id\":\"https:\\\/\\\/www.immobilienbusiness.ch\\\/en\\\/allgemein\\\/2017-04-10\\\/verit-leitet-neu-raiffeisen-fonds\\\/#primaryimage\"},\"image\":{\"@id\":\"https:\\\/\\\/www.immobilienbusiness.ch\\\/en\\\/allgemein\\\/2017-04-10\\\/verit-leitet-neu-raiffeisen-fonds\\\/#primaryimage\"},\"thumbnailUrl\":\"https:\\\/\\\/www.immobilienbusiness.ch\\\/wp-content\\\/uploads\\\/2017\\\/04\\\/IB-News-10042017_Verit-uebernimmt-Leitung-des-Raiffeisen-Futura-Immo-Fonds_Wohnliegenschaften.png\",\"datePublished\":\"2017-04-10T07:08:54+00:00\",\"description\":\"Die Verit Investment Management AG hat am 1. April 2017 die Fondsleitungsfunktion f\u00fcr den Raiffeisen Futura Immo Fonds \u00fcbernommen.\",\"breadcrumb\":{\"@id\":\"https:\\\/\\\/www.immobilienbusiness.ch\\\/en\\\/allgemein\\\/2017-04-10\\\/verit-leitet-neu-raiffeisen-fonds\\\/#breadcrumb\"},\"inLanguage\":\"it-IT\",\"potentialAction\":[{\"@type\":\"ReadAction\",\"target\":[\"https:\\\/\\\/www.immobilienbusiness.ch\\\/en\\\/allgemein\\\/2017-04-10\\\/verit-leitet-neu-raiffeisen-fonds\\\/\"]}]},{\"@type\":\"ImageObject\",\"inLanguage\":\"it-IT\",\"@id\":\"https:\\\/\\\/www.immobilienbusiness.ch\\\/en\\\/allgemein\\\/2017-04-10\\\/verit-leitet-neu-raiffeisen-fonds\\\/#primaryimage\",\"url\":\"https:\\\/\\\/www.immobilienbusiness.ch\\\/wp-content\\\/uploads\\\/2017\\\/04\\\/IB-News-10042017_Verit-uebernimmt-Leitung-des-Raiffeisen-Futura-Immo-Fonds_Wohnliegenschaften.png\",\"contentUrl\":\"https:\\\/\\\/www.immobilienbusiness.ch\\\/wp-content\\\/uploads\\\/2017\\\/04\\\/IB-News-10042017_Verit-uebernimmt-Leitung-des-Raiffeisen-Futura-Immo-Fonds_Wohnliegenschaften.png\",\"width\":539,\"height\":392,\"caption\":\"Verit \u00fcbernimmt die Fondsleitung f\u00fcr den Raiffeisen Futura Immo Fonds (Bild: Pixabay)\"},{\"@type\":\"BreadcrumbList\",\"@id\":\"https:\\\/\\\/www.immobilienbusiness.ch\\\/en\\\/allgemein\\\/2017-04-10\\\/verit-leitet-neu-raiffeisen-fonds\\\/#breadcrumb\",\"itemListElement\":[{\"@type\":\"ListItem\",\"position\":1,\"name\":\"Home\",\"item\":\"https:\\\/\\\/www.immobilienbusiness.ch\\\/\"},{\"@type\":\"ListItem\",\"position\":2,\"name\":\"Verit \u00fcbernimmt Leitung f\u00fcr Raiffeisen-Fonds\"}]},{\"@type\":\"WebSite\",\"@id\":\"https:\\\/\\\/www.immobilienbusiness.ch\\\/#website\",\"url\":\"https:\\\/\\\/www.immobilienbusiness.ch\\\/\",\"name\":\"IMMOBILIEN Business\",\"description\":\"Unabh\u00e4ngiges Schweizer Wirtschaftsmagazin mit Fokus auf Immobilien, Architektur- und Bau sowie Investment- und Finanzierung.\",\"publisher\":{\"@id\":\"https:\\\/\\\/www.immobilienbusiness.ch\\\/#organization\"},\"potentialAction\":[{\"@type\":\"SearchAction\",\"target\":{\"@type\":\"EntryPoint\",\"urlTemplate\":\"https:\\\/\\\/www.immobilienbusiness.ch\\\/?s={search_term_string}\"},\"query-input\":{\"@type\":\"PropertyValueSpecification\",\"valueRequired\":true,\"valueName\":\"search_term_string\"}}],\"inLanguage\":\"it-IT\"},{\"@type\":\"Organization\",\"@id\":\"https:\\\/\\\/www.immobilienbusiness.ch\\\/#organization\",\"name\":\"IMMOBILIEN Business\",\"url\":\"https:\\\/\\\/www.immobilienbusiness.ch\\\/\",\"logo\":{\"@type\":\"ImageObject\",\"inLanguage\":\"it-IT\",\"@id\":\"https:\\\/\\\/www.immobilienbusiness.ch\\\/#\\\/schema\\\/logo\\\/image\\\/\",\"url\":\"https:\\\/\\\/www.immobilienbusiness.ch\\\/wp-content\\\/uploads\\\/2021\\\/07\\\/logo_ib.png\",\"contentUrl\":\"https:\\\/\\\/www.immobilienbusiness.ch\\\/wp-content\\\/uploads\\\/2021\\\/07\\\/logo_ib.png\",\"width\":800,\"height\":181,\"caption\":\"IMMOBILIEN Business\"},\"image\":{\"@id\":\"https:\\\/\\\/www.immobilienbusiness.ch\\\/#\\\/schema\\\/logo\\\/image\\\/\"},\"sameAs\":[\"https:\\\/\\\/www.facebook.com\\\/immobilienbusiness\\\/\"]},{\"@type\":\"Person\",\"@id\":\"https:\\\/\\\/www.immobilienbusiness.ch\\\/#\\\/schema\\\/person\\\/31be7383261ea656cfe52cad71fdc211\",\"name\":\"mathias.rinka\",\"image\":{\"@type\":\"ImageObject\",\"inLanguage\":\"it-IT\",\"@id\":\"https:\\\/\\\/secure.gravatar.com\\\/avatar\\\/?s=96&d=mm&r=g\",\"url\":\"https:\\\/\\\/secure.gravatar.com\\\/avatar\\\/?s=96&d=mm&r=g\",\"contentUrl\":\"https:\\\/\\\/secure.gravatar.com\\\/avatar\\\/?s=96&d=mm&r=g\",\"caption\":\"mathias.rinka\"},\"url\":\"https:\\\/\\\/www.immobilienbusiness.ch\\\/it\\\/author\\\/mathias-rinka\\\/\"}]}<\/script>\n<!-- \/ Yoast SEO plugin. -->","yoast_head_json":{"title":"Verit \u00fcbernimmt Leitung f\u00fcr Raiffeisen-Fonds - IMMOBILIEN Business","description":"Die Verit Investment Management AG hat am 1. April 2017 die Fondsleitungsfunktion f\u00fcr den Raiffeisen Futura Immo Fonds \u00fcbernommen.","robots":{"index":"index","follow":"follow","max-snippet":"max-snippet:-1","max-image-preview":"max-image-preview:large","max-video-preview":"max-video-preview:-1"},"canonical":"https:\/\/www.immobilienbusiness.ch\/it\/allgemein\/2017-04-10\/verit-leitet-neu-raiffeisen-fonds\/","og_locale":"it_IT","og_type":"article","og_title":"Verit \u00fcbernimmt Leitung f\u00fcr Raiffeisen-Fonds - IMMOBILIEN Business","og_description":"Die Verit Investment Management AG hat am 1. April 2017 die Fondsleitungsfunktion f\u00fcr den Raiffeisen Futura Immo Fonds \u00fcbernommen.","og_url":"https:\/\/www.immobilienbusiness.ch\/it\/allgemein\/2017-04-10\/verit-leitet-neu-raiffeisen-fonds\/","og_site_name":"IMMOBILIEN Business","article_publisher":"https:\/\/www.facebook.com\/immobilienbusiness\/","article_published_time":"2017-04-10T07:08:54+00:00","og_image":[{"width":539,"height":392,"url":"https:\/\/www.immobilienbusiness.ch\/wp-content\/uploads\/2017\/04\/IB-News-10042017_Verit-uebernimmt-Leitung-des-Raiffeisen-Futura-Immo-Fonds_Wohnliegenschaften.png","type":"image\/png"}],"author":"mathias.rinka","twitter_card":"summary_large_image","schema":{"@context":"https:\/\/schema.org","@graph":[{"@type":"Article","@id":"https:\/\/www.immobilienbusiness.ch\/en\/allgemein\/2017-04-10\/verit-leitet-neu-raiffeisen-fonds\/#article","isPartOf":{"@id":"https:\/\/www.immobilienbusiness.ch\/en\/allgemein\/2017-04-10\/verit-leitet-neu-raiffeisen-fonds\/"},"author":{"name":"mathias.rinka","@id":"https:\/\/www.immobilienbusiness.ch\/#\/schema\/person\/31be7383261ea656cfe52cad71fdc211"},"headline":"Verit \u00fcbernimmt Leitung f\u00fcr Raiffeisen-Fonds","datePublished":"2017-04-10T07:08:54+00:00","mainEntityOfPage":{"@id":"https:\/\/www.immobilienbusiness.ch\/en\/allgemein\/2017-04-10\/verit-leitet-neu-raiffeisen-fonds\/"},"wordCount":169,"commentCount":0,"publisher":{"@id":"https:\/\/www.immobilienbusiness.ch\/#organization"},"image":{"@id":"https:\/\/www.immobilienbusiness.ch\/en\/allgemein\/2017-04-10\/verit-leitet-neu-raiffeisen-fonds\/#primaryimage"},"thumbnailUrl":"https:\/\/www.immobilienbusiness.ch\/wp-content\/uploads\/2017\/04\/IB-News-10042017_Verit-uebernimmt-Leitung-des-Raiffeisen-Futura-Immo-Fonds_Wohnliegenschaften.png","keywords":["Fondsleitung","Futura Immo Fonds","Immobilien-Fonds","Raiffeisen","Verit","Wohnen","Wohnliegenschaften"],"articleSection":["Allgemein","UNTERNEHMEN"],"inLanguage":"it-IT"},{"@type":"WebPage","@id":"https:\/\/www.immobilienbusiness.ch\/en\/allgemein\/2017-04-10\/verit-leitet-neu-raiffeisen-fonds\/","url":"https:\/\/www.immobilienbusiness.ch\/en\/allgemein\/2017-04-10\/verit-leitet-neu-raiffeisen-fonds\/","name":"Verit \u00fcbernimmt Leitung f\u00fcr Raiffeisen-Fonds - IMMOBILIEN Business","isPartOf":{"@id":"https:\/\/www.immobilienbusiness.ch\/#website"},"primaryImageOfPage":{"@id":"https:\/\/www.immobilienbusiness.ch\/en\/allgemein\/2017-04-10\/verit-leitet-neu-raiffeisen-fonds\/#primaryimage"},"image":{"@id":"https:\/\/www.immobilienbusiness.ch\/en\/allgemein\/2017-04-10\/verit-leitet-neu-raiffeisen-fonds\/#primaryimage"},"thumbnailUrl":"https:\/\/www.immobilienbusiness.ch\/wp-content\/uploads\/2017\/04\/IB-News-10042017_Verit-uebernimmt-Leitung-des-Raiffeisen-Futura-Immo-Fonds_Wohnliegenschaften.png","datePublished":"2017-04-10T07:08:54+00:00","description":"Die Verit Investment Management AG hat am 1. April 2017 die Fondsleitungsfunktion f\u00fcr den Raiffeisen Futura Immo Fonds \u00fcbernommen.","breadcrumb":{"@id":"https:\/\/www.immobilienbusiness.ch\/en\/allgemein\/2017-04-10\/verit-leitet-neu-raiffeisen-fonds\/#breadcrumb"},"inLanguage":"it-IT","potentialAction":[{"@type":"ReadAction","target":["https:\/\/www.immobilienbusiness.ch\/en\/allgemein\/2017-04-10\/verit-leitet-neu-raiffeisen-fonds\/"]}]},{"@type":"ImageObject","inLanguage":"it-IT","@id":"https:\/\/www.immobilienbusiness.ch\/en\/allgemein\/2017-04-10\/verit-leitet-neu-raiffeisen-fonds\/#primaryimage","url":"https:\/\/www.immobilienbusiness.ch\/wp-content\/uploads\/2017\/04\/IB-News-10042017_Verit-uebernimmt-Leitung-des-Raiffeisen-Futura-Immo-Fonds_Wohnliegenschaften.png","contentUrl":"https:\/\/www.immobilienbusiness.ch\/wp-content\/uploads\/2017\/04\/IB-News-10042017_Verit-uebernimmt-Leitung-des-Raiffeisen-Futura-Immo-Fonds_Wohnliegenschaften.png","width":539,"height":392,"caption":"Verit \u00fcbernimmt die Fondsleitung f\u00fcr den Raiffeisen Futura Immo Fonds (Bild: Pixabay)"},{"@type":"BreadcrumbList","@id":"https:\/\/www.immobilienbusiness.ch\/en\/allgemein\/2017-04-10\/verit-leitet-neu-raiffeisen-fonds\/#breadcrumb","itemListElement":[{"@type":"ListItem","position":1,"name":"Home","item":"https:\/\/www.immobilienbusiness.ch\/"},{"@type":"ListItem","position":2,"name":"Verit \u00fcbernimmt Leitung f\u00fcr Raiffeisen-Fonds"}]},{"@type":"WebSite","@id":"https:\/\/www.immobilienbusiness.ch\/#website","url":"https:\/\/www.immobilienbusiness.ch\/","name":"Affari immobiliari","description":"Rivista economica indipendente svizzera che si concentra sul settore immobiliare, l'architettura e la costruzione, nonch\u00e9 sugli investimenti e i finanziamenti.","publisher":{"@id":"https:\/\/www.immobilienbusiness.ch\/#organization"},"potentialAction":[{"@type":"SearchAction","target":{"@type":"EntryPoint","urlTemplate":"https:\/\/www.immobilienbusiness.ch\/?s={search_term_string}"},"query-input":{"@type":"PropertyValueSpecification","valueRequired":true,"valueName":"search_term_string"}}],"inLanguage":"it-IT"},{"@type":"Organization","@id":"https:\/\/www.immobilienbusiness.ch\/#organization","name":"Affari immobiliari","url":"https:\/\/www.immobilienbusiness.ch\/","logo":{"@type":"ImageObject","inLanguage":"it-IT","@id":"https:\/\/www.immobilienbusiness.ch\/#\/schema\/logo\/image\/","url":"https:\/\/www.immobilienbusiness.ch\/wp-content\/uploads\/2021\/07\/logo_ib.png","contentUrl":"https:\/\/www.immobilienbusiness.ch\/wp-content\/uploads\/2021\/07\/logo_ib.png","width":800,"height":181,"caption":"IMMOBILIEN Business"},"image":{"@id":"https:\/\/www.immobilienbusiness.ch\/#\/schema\/logo\/image\/"},"sameAs":["https:\/\/www.facebook.com\/immobilienbusiness\/"]},{"@type":"Person","@id":"https:\/\/www.immobilienbusiness.ch\/#\/schema\/person\/31be7383261ea656cfe52cad71fdc211","name":"mathias.rinka","image":{"@type":"ImageObject","inLanguage":"it-IT","@id":"https:\/\/secure.gravatar.com\/avatar\/?s=96&d=mm&r=g","url":"https:\/\/secure.gravatar.com\/avatar\/?s=96&d=mm&r=g","contentUrl":"https:\/\/secure.gravatar.com\/avatar\/?s=96&d=mm&r=g","caption":"mathias.rinka"},"url":"https:\/\/www.immobilienbusiness.ch\/it\/author\/mathias-rinka\/"}]}},"_links":{"self":[{"href":"https:\/\/www.immobilienbusiness.ch\/it\/wp-json\/wp\/v2\/posts\/7110","targetHints":{"allow":["GET"]}}],"collection":[{"href":"https:\/\/www.immobilienbusiness.ch\/it\/wp-json\/wp\/v2\/posts"}],"about":[{"href":"https:\/\/www.immobilienbusiness.ch\/it\/wp-json\/wp\/v2\/types\/post"}],"author":[{"embeddable":true,"href":"https:\/\/www.immobilienbusiness.ch\/it\/wp-json\/wp\/v2\/users\/4"}],"replies":[{"embeddable":true,"href":"https:\/\/www.immobilienbusiness.ch\/it\/wp-json\/wp\/v2\/comments?post=7110"}],"version-history":[{"count":0,"href":"https:\/\/www.immobilienbusiness.ch\/it\/wp-json\/wp\/v2\/posts\/7110\/revisions"}],"wp:featuredmedia":[{"embeddable":true,"href":"https:\/\/www.immobilienbusiness.ch\/it\/wp-json\/wp\/v2\/media\/7111"}],"wp:attachment":[{"href":"https:\/\/www.immobilienbusiness.ch\/it\/wp-json\/wp\/v2\/media?parent=7110"}],"wp:term":[{"taxonomy":"category","embeddable":true,"href":"https:\/\/www.immobilienbusiness.ch\/it\/wp-json\/wp\/v2\/categories?post=7110"},{"taxonomy":"post_tag","embeddable":true,"href":"https:\/\/www.immobilienbusiness.ch\/it\/wp-json\/wp\/v2\/tags?post=7110"}],"curies":[{"name":"wp","href":"https:\/\/api.w.org\/{rel}","templated":true}]}}