{"id":7062,"date":"2017-04-06T08:53:30","date_gmt":"2017-04-06T06:53:30","guid":{"rendered":"https:\/\/www.immobilienbusiness.ch\/?p=7062"},"modified":"2017-04-06T08:53:30","modified_gmt":"2017-04-06T06:53:30","slug":"baloise-forciert-immobiliengeschaeft","status":"publish","type":"post","link":"https:\/\/www.immobilienbusiness.ch\/it\/unternehmen\/2017-04-06\/baloise-forciert-immobiliengeschaeft\/","title":{"rendered":"La Basilese spinge il business immobiliare"},"content":{"rendered":"<figure id=\"attachment_6043\" aria-describedby=\"caption-attachment-6043\" style=\"width: 680px\" class=\"wp-caption alignnone\"><img loading=\"lazy\" decoding=\"async\" class=\"size-medium wp-image-6043\" src=\"https:\/\/www.immobilienbusiness.ch\/wp-content\/uploads\/2017\/01\/Depositphotos_40065167_l-2015.jpg\" alt=\"\" width=\"680\" height=\"453\" srcset=\"https:\/\/www.immobilienbusiness.ch\/wp-content\/uploads\/2017\/01\/Depositphotos_40065167_l-2015.jpg 2000w, https:\/\/www.immobilienbusiness.ch\/wp-content\/uploads\/2017\/01\/Depositphotos_40065167_l-2015-300x200.jpg 300w, https:\/\/www.immobilienbusiness.ch\/wp-content\/uploads\/2017\/01\/Depositphotos_40065167_l-2015-1024x682.jpg 1024w, https:\/\/www.immobilienbusiness.ch\/wp-content\/uploads\/2017\/01\/Depositphotos_40065167_l-2015-768x512.jpg 768w, https:\/\/www.immobilienbusiness.ch\/wp-content\/uploads\/2017\/01\/Depositphotos_40065167_l-2015-1536x1024.jpg 1536w, https:\/\/www.immobilienbusiness.ch\/wp-content\/uploads\/2017\/01\/Depositphotos_40065167_l-2015-16x12.jpg 16w, https:\/\/www.immobilienbusiness.ch\/wp-content\/uploads\/2017\/01\/Depositphotos_40065167_l-2015-263x175.jpg 263w, https:\/\/www.immobilienbusiness.ch\/wp-content\/uploads\/2017\/01\/Depositphotos_40065167_l-2015-525x350.jpg 525w, https:\/\/www.immobilienbusiness.ch\/wp-content\/uploads\/2017\/01\/Depositphotos_40065167_l-2015-1200x800.jpg 1200w, https:\/\/www.immobilienbusiness.ch\/wp-content\/uploads\/2017\/01\/Depositphotos_40065167_l-2015-920x613.jpg 920w, https:\/\/www.immobilienbusiness.ch\/wp-content\/uploads\/2017\/01\/Depositphotos_40065167_l-2015-1400x933.jpg 1400w\" sizes=\"auto, (max-width: 680px) 100vw, 680px\" \/><figcaption id=\"caption-attachment-6043\" class=\"wp-caption-text\">La Basilese sta espandendo il suo impegno nel settore immobiliare (Foto: depositphotos)<\/figcaption><\/figure>\n<p>La Basilese, uno dei maggiori proprietari istituzionali di immobili in Svizzera, vuole offrire pi\u00f9 servizi a terzi nell'ambito di un riallineamento strategico nell'area della gestione patrimoniale - anche nel settore immobiliare. A tal fine, la divisione sar\u00e0 trasferita in una propria societ\u00e0 per azioni e sar\u00e0 lanciato un fondo immobiliare per investitori qualificati, ha annunciato la Basilese. Dieter Kr\u00e4uchi (49) \u00e8 stato nominato nuovo Head of Real Estate della Basilese, e Thomas Hasse Biniasch (49) sar\u00e0 Head of Portfolio Management della divisione.<\/p>\n<p>Dieter Kr\u00e4uchi \u00e8 stato amministratore delegato di Avobis Asset Management, un asset manager immobiliare specializzato in gestione patrimoniale, finanziamenti e transazioni, fino alla fine di marzo. In precedenza, ha lavorato, tra l'altro, come perito immobiliare presso KPMG, poi ha sviluppato progetti alberghieri in Svizzera e all'estero presso Swiss\u00f4tel\/Raffles International prima di dirigere la gestione del portafoglio presso Allreal per sette anni. Dieter Kr\u00e4uchi \u00e8 membro della RICS e ha un Master of Science in Real Estate (CUREM). Assumer\u00e0 la sua posizione alla Basilese il 1\u00b0 giugno 2017.<\/p>\n<p>Thomas Hasse Biniasch \u00e8 stato negli ultimi quattro anni Head of Portfolio Management e membro della direzione di Post Immobilien und Management Services AG. In precedenza, ha trascorso 14 anni alla Nationale Suisse, prima come responsabile della gestione del portafoglio immobiliare, poi per otto anni come responsabile del settore immobiliare. Thomas Hasse Biniasch si \u00e8 laureato in economia all'Universit\u00e0 di Basilea e ha completato un'ulteriore formazione per diventare analista finanziario e gestore patrimoniale\/CIIA certificato a livello federale. Assumer\u00e0 la sua posizione il 1\u00b0 agosto 2017.<\/p>\n<p>Con la nomina di Kr\u00e4uchi e Biniasch alle due posizioni chiave, \"\u00e8 stata stabilita una rotta importante per il riallineamento della divisione immobiliare\", afferma Matthias Henny. Sar\u00e0 il nuovo capo della divisione Asset Management a partire dal 1\u00b0 maggio 2017.<\/p>\n<p>Il portafoglio della Basilese comprende 510 propriet\u00e0 con circa 34.000 immobili in affitto, 13.500 dei quali sono appartamenti. In totale, la divisione Real Estate gestisce un patrimonio di 6,1 miliardi di CHF con oltre 60 collaboratori.<\/p>","protected":false},"excerpt":{"rendered":"<p>La Basilese intende offrire in futuro pi\u00f9 servizi per terzi nel settore della gestione immobiliare. La divisione sar\u00e0 trasferita ad una AG separata, ed \u00e8 previsto anche un fondo immobiliare.<\/p>","protected":false},"author":3,"featured_media":6043,"comment_status":"open","ping_status":"open","sticky":false,"template":"","format":"standard","meta":{"_acf_changed":false,"_yoast_wpseo_focuskw":"Baloise","_yoast_wpseo_title":"","_yoast_wpseo_metadesc":"Die Baloise will im Bereich Immobilienmanagement k\u00fcnftig Dienstleistungen f\u00fcr Dritte anbieten. Geplant ist auch ein Immobilienfonds.","_yoast_wpseo_linkdex":87,"pgc_sgb_lightbox_settings":"","footnotes":""},"categories":[988],"tags":[1047,1563,1807,1833],"class_list":["post-7062","post","type-post","status-publish","format-standard","has-post-thumbnail","hentry","category-unternehmen","tag-assetportfolio-management","tag-personalia","tag-unternehmen","tag-versicherung"],"acf":[],"yoast_head":"<!-- This site is optimized with the Yoast SEO plugin v27.5 - https:\/\/yoast.com\/product\/yoast-seo-wordpress\/ -->\n<title>Baloise forciert Immobiliengesch\u00e4ft - IMMOBILIEN Business<\/title>\n<meta name=\"description\" content=\"Die Baloise will im Bereich Immobilienmanagement k\u00fcnftig Dienstleistungen f\u00fcr Dritte anbieten. Geplant ist auch ein Immobilienfonds.\" \/>\n<meta name=\"robots\" content=\"index, follow, max-snippet:-1, max-image-preview:large, max-video-preview:-1\" \/>\n<link rel=\"canonical\" href=\"https:\/\/www.immobilienbusiness.ch\/it\/unternehmen\/2017-04-06\/baloise-forciert-immobiliengeschaeft\/\" \/>\n<meta property=\"og:locale\" content=\"it_IT\" \/>\n<meta property=\"og:type\" content=\"article\" \/>\n<meta property=\"og:title\" content=\"Baloise forciert Immobiliengesch\u00e4ft\" \/>\n<meta property=\"og:description\" content=\"Die Baloise will im Bereich Immobilienmanagement k\u00fcnftig Dienstleistungen f\u00fcr Dritte anbieten. Geplant ist auch ein Immobilienfonds.\" \/>\n<meta property=\"og:url\" content=\"https:\/\/www.immobilienbusiness.ch\/it\/unternehmen\/2017-04-06\/baloise-forciert-immobiliengeschaeft\/\" \/>\n<meta property=\"og:site_name\" content=\"IMMOBILIEN Business\" \/>\n<meta property=\"article:publisher\" content=\"https:\/\/www.facebook.com\/immobilienbusiness\/\" \/>\n<meta property=\"article:published_time\" content=\"2017-04-06T06:53:30+00:00\" \/>\n<meta property=\"og:image\" content=\"https:\/\/www.immobilienbusiness.ch\/wp-content\/uploads\/2017\/01\/Depositphotos_40065167_l-2015.jpg\" \/>\n\t<meta property=\"og:image:width\" content=\"2000\" \/>\n\t<meta property=\"og:image:height\" content=\"1333\" \/>\n\t<meta property=\"og:image:type\" content=\"image\/jpeg\" \/>\n<meta name=\"author\" content=\"anja.hall\" \/>\n<meta name=\"twitter:card\" content=\"summary_large_image\" \/>\n<meta name=\"twitter:title\" content=\"Baloise forciert Immobiliengesch\u00e4ft\" \/>\n<meta name=\"twitter:description\" content=\"Die Baloise will im Bereich Immobilienmanagement k\u00fcnftig Dienstleistungen f\u00fcr Dritte anbieten. Geplant ist auch ein Immobilienfonds.\" \/>\n<meta name=\"twitter:image\" content=\"https:\/\/www.immobilienbusiness.ch\/wp-content\/uploads\/2017\/01\/Depositphotos_40065167_l-2015.jpg\" \/>\n<script type=\"application\/ld+json\" class=\"yoast-schema-graph\">{\"@context\":\"https:\\\/\\\/schema.org\",\"@graph\":[{\"@type\":\"Article\",\"@id\":\"https:\\\/\\\/www.immobilienbusiness.ch\\\/unternehmen\\\/2017-04-06\\\/baloise-forciert-immobiliengeschaeft\\\/#article\",\"isPartOf\":{\"@id\":\"https:\\\/\\\/www.immobilienbusiness.ch\\\/unternehmen\\\/2017-04-06\\\/baloise-forciert-immobiliengeschaeft\\\/\"},\"author\":{\"name\":\"anja.hall\",\"@id\":\"https:\\\/\\\/www.immobilienbusiness.ch\\\/#\\\/schema\\\/person\\\/3fc036297b10b9f42d6db5ee932af8c8\"},\"headline\":\"Baloise forciert Immobiliengesch\u00e4ft\",\"datePublished\":\"2017-04-06T06:53:30+00:00\",\"mainEntityOfPage\":{\"@id\":\"https:\\\/\\\/www.immobilienbusiness.ch\\\/unternehmen\\\/2017-04-06\\\/baloise-forciert-immobiliengeschaeft\\\/\"},\"wordCount\":313,\"commentCount\":0,\"publisher\":{\"@id\":\"https:\\\/\\\/www.immobilienbusiness.ch\\\/#organization\"},\"image\":{\"@id\":\"https:\\\/\\\/www.immobilienbusiness.ch\\\/unternehmen\\\/2017-04-06\\\/baloise-forciert-immobiliengeschaeft\\\/#primaryimage\"},\"thumbnailUrl\":\"https:\\\/\\\/www.immobilienbusiness.ch\\\/wp-content\\\/uploads\\\/2017\\\/01\\\/Depositphotos_40065167_l-2015.jpg\",\"keywords\":[\"Asset\\\/Portfolio Management\",\"Personalia\",\"Unternehmen\",\"Versicherung\"],\"articleSection\":[\"UNTERNEHMEN\"],\"inLanguage\":\"it-IT\"},{\"@type\":\"WebPage\",\"@id\":\"https:\\\/\\\/www.immobilienbusiness.ch\\\/unternehmen\\\/2017-04-06\\\/baloise-forciert-immobiliengeschaeft\\\/\",\"url\":\"https:\\\/\\\/www.immobilienbusiness.ch\\\/unternehmen\\\/2017-04-06\\\/baloise-forciert-immobiliengeschaeft\\\/\",\"name\":\"Baloise forciert Immobiliengesch\u00e4ft - IMMOBILIEN Business\",\"isPartOf\":{\"@id\":\"https:\\\/\\\/www.immobilienbusiness.ch\\\/#website\"},\"primaryImageOfPage\":{\"@id\":\"https:\\\/\\\/www.immobilienbusiness.ch\\\/unternehmen\\\/2017-04-06\\\/baloise-forciert-immobiliengeschaeft\\\/#primaryimage\"},\"image\":{\"@id\":\"https:\\\/\\\/www.immobilienbusiness.ch\\\/unternehmen\\\/2017-04-06\\\/baloise-forciert-immobiliengeschaeft\\\/#primaryimage\"},\"thumbnailUrl\":\"https:\\\/\\\/www.immobilienbusiness.ch\\\/wp-content\\\/uploads\\\/2017\\\/01\\\/Depositphotos_40065167_l-2015.jpg\",\"datePublished\":\"2017-04-06T06:53:30+00:00\",\"description\":\"Die Baloise will im Bereich Immobilienmanagement k\u00fcnftig Dienstleistungen f\u00fcr Dritte anbieten. Geplant ist auch ein Immobilienfonds.\",\"breadcrumb\":{\"@id\":\"https:\\\/\\\/www.immobilienbusiness.ch\\\/unternehmen\\\/2017-04-06\\\/baloise-forciert-immobiliengeschaeft\\\/#breadcrumb\"},\"inLanguage\":\"it-IT\",\"potentialAction\":[{\"@type\":\"ReadAction\",\"target\":[\"https:\\\/\\\/www.immobilienbusiness.ch\\\/unternehmen\\\/2017-04-06\\\/baloise-forciert-immobiliengeschaeft\\\/\"]}]},{\"@type\":\"ImageObject\",\"inLanguage\":\"it-IT\",\"@id\":\"https:\\\/\\\/www.immobilienbusiness.ch\\\/unternehmen\\\/2017-04-06\\\/baloise-forciert-immobiliengeschaeft\\\/#primaryimage\",\"url\":\"https:\\\/\\\/www.immobilienbusiness.ch\\\/wp-content\\\/uploads\\\/2017\\\/01\\\/Depositphotos_40065167_l-2015.jpg\",\"contentUrl\":\"https:\\\/\\\/www.immobilienbusiness.ch\\\/wp-content\\\/uploads\\\/2017\\\/01\\\/Depositphotos_40065167_l-2015.jpg\",\"width\":2000,\"height\":1333,\"caption\":\"Baloise baut ihr Engagement im Immobiliensektor aus (Foto: depositphotos)\"},{\"@type\":\"BreadcrumbList\",\"@id\":\"https:\\\/\\\/www.immobilienbusiness.ch\\\/unternehmen\\\/2017-04-06\\\/baloise-forciert-immobiliengeschaeft\\\/#breadcrumb\",\"itemListElement\":[{\"@type\":\"ListItem\",\"position\":1,\"name\":\"Home\",\"item\":\"https:\\\/\\\/www.immobilienbusiness.ch\\\/\"},{\"@type\":\"ListItem\",\"position\":2,\"name\":\"Baloise forciert Immobiliengesch\u00e4ft\"}]},{\"@type\":\"WebSite\",\"@id\":\"https:\\\/\\\/www.immobilienbusiness.ch\\\/#website\",\"url\":\"https:\\\/\\\/www.immobilienbusiness.ch\\\/\",\"name\":\"IMMOBILIEN Business\",\"description\":\"Unabh\u00e4ngiges Schweizer Wirtschaftsmagazin mit Fokus auf Immobilien, Architektur- und Bau sowie Investment- und Finanzierung.\",\"publisher\":{\"@id\":\"https:\\\/\\\/www.immobilienbusiness.ch\\\/#organization\"},\"potentialAction\":[{\"@type\":\"SearchAction\",\"target\":{\"@type\":\"EntryPoint\",\"urlTemplate\":\"https:\\\/\\\/www.immobilienbusiness.ch\\\/?s={search_term_string}\"},\"query-input\":{\"@type\":\"PropertyValueSpecification\",\"valueRequired\":true,\"valueName\":\"search_term_string\"}}],\"inLanguage\":\"it-IT\"},{\"@type\":\"Organization\",\"@id\":\"https:\\\/\\\/www.immobilienbusiness.ch\\\/#organization\",\"name\":\"IMMOBILIEN Business\",\"url\":\"https:\\\/\\\/www.immobilienbusiness.ch\\\/\",\"logo\":{\"@type\":\"ImageObject\",\"inLanguage\":\"it-IT\",\"@id\":\"https:\\\/\\\/www.immobilienbusiness.ch\\\/#\\\/schema\\\/logo\\\/image\\\/\",\"url\":\"https:\\\/\\\/www.immobilienbusiness.ch\\\/wp-content\\\/uploads\\\/2021\\\/07\\\/logo_ib.png\",\"contentUrl\":\"https:\\\/\\\/www.immobilienbusiness.ch\\\/wp-content\\\/uploads\\\/2021\\\/07\\\/logo_ib.png\",\"width\":800,\"height\":181,\"caption\":\"IMMOBILIEN Business\"},\"image\":{\"@id\":\"https:\\\/\\\/www.immobilienbusiness.ch\\\/#\\\/schema\\\/logo\\\/image\\\/\"},\"sameAs\":[\"https:\\\/\\\/www.facebook.com\\\/immobilienbusiness\\\/\"]},{\"@type\":\"Person\",\"@id\":\"https:\\\/\\\/www.immobilienbusiness.ch\\\/#\\\/schema\\\/person\\\/3fc036297b10b9f42d6db5ee932af8c8\",\"name\":\"anja.hall\",\"image\":{\"@type\":\"ImageObject\",\"inLanguage\":\"it-IT\",\"@id\":\"https:\\\/\\\/secure.gravatar.com\\\/avatar\\\/066b5a0d447013502c71a5782f4f3469f03cfe595cc2329fb94652fe47511bfb?s=96&d=mm&r=g\",\"url\":\"https:\\\/\\\/secure.gravatar.com\\\/avatar\\\/066b5a0d447013502c71a5782f4f3469f03cfe595cc2329fb94652fe47511bfb?s=96&d=mm&r=g\",\"contentUrl\":\"https:\\\/\\\/secure.gravatar.com\\\/avatar\\\/066b5a0d447013502c71a5782f4f3469f03cfe595cc2329fb94652fe47511bfb?s=96&d=mm&r=g\",\"caption\":\"anja.hall\"},\"url\":\"https:\\\/\\\/www.immobilienbusiness.ch\\\/it\\\/author\\\/anja-hall\\\/\"}]}<\/script>\n<!-- \/ Yoast SEO plugin. -->","yoast_head_json":{"title":"Baloise forciert Immobiliengesch\u00e4ft - IMMOBILIEN Business","description":"Die Baloise will im Bereich Immobilienmanagement k\u00fcnftig Dienstleistungen f\u00fcr Dritte anbieten. Geplant ist auch ein Immobilienfonds.","robots":{"index":"index","follow":"follow","max-snippet":"max-snippet:-1","max-image-preview":"max-image-preview:large","max-video-preview":"max-video-preview:-1"},"canonical":"https:\/\/www.immobilienbusiness.ch\/it\/unternehmen\/2017-04-06\/baloise-forciert-immobiliengeschaeft\/","og_locale":"it_IT","og_type":"article","og_title":"Baloise forciert Immobiliengesch\u00e4ft","og_description":"Die Baloise will im Bereich Immobilienmanagement k\u00fcnftig Dienstleistungen f\u00fcr Dritte anbieten. Geplant ist auch ein Immobilienfonds.","og_url":"https:\/\/www.immobilienbusiness.ch\/it\/unternehmen\/2017-04-06\/baloise-forciert-immobiliengeschaeft\/","og_site_name":"IMMOBILIEN Business","article_publisher":"https:\/\/www.facebook.com\/immobilienbusiness\/","article_published_time":"2017-04-06T06:53:30+00:00","og_image":[{"width":2000,"height":1333,"url":"https:\/\/www.immobilienbusiness.ch\/wp-content\/uploads\/2017\/01\/Depositphotos_40065167_l-2015.jpg","type":"image\/jpeg"}],"author":"anja.hall","twitter_card":"summary_large_image","twitter_title":"Baloise forciert Immobiliengesch\u00e4ft","twitter_description":"Die Baloise will im Bereich Immobilienmanagement k\u00fcnftig Dienstleistungen f\u00fcr Dritte anbieten. Geplant ist auch ein Immobilienfonds.","twitter_image":"https:\/\/www.immobilienbusiness.ch\/wp-content\/uploads\/2017\/01\/Depositphotos_40065167_l-2015.jpg","schema":{"@context":"https:\/\/schema.org","@graph":[{"@type":"Article","@id":"https:\/\/www.immobilienbusiness.ch\/unternehmen\/2017-04-06\/baloise-forciert-immobiliengeschaeft\/#article","isPartOf":{"@id":"https:\/\/www.immobilienbusiness.ch\/unternehmen\/2017-04-06\/baloise-forciert-immobiliengeschaeft\/"},"author":{"name":"anja.hall","@id":"https:\/\/www.immobilienbusiness.ch\/#\/schema\/person\/3fc036297b10b9f42d6db5ee932af8c8"},"headline":"Baloise forciert Immobiliengesch\u00e4ft","datePublished":"2017-04-06T06:53:30+00:00","mainEntityOfPage":{"@id":"https:\/\/www.immobilienbusiness.ch\/unternehmen\/2017-04-06\/baloise-forciert-immobiliengeschaeft\/"},"wordCount":313,"commentCount":0,"publisher":{"@id":"https:\/\/www.immobilienbusiness.ch\/#organization"},"image":{"@id":"https:\/\/www.immobilienbusiness.ch\/unternehmen\/2017-04-06\/baloise-forciert-immobiliengeschaeft\/#primaryimage"},"thumbnailUrl":"https:\/\/www.immobilienbusiness.ch\/wp-content\/uploads\/2017\/01\/Depositphotos_40065167_l-2015.jpg","keywords":["Asset\/Portfolio Management","Personalia","Unternehmen","Versicherung"],"articleSection":["UNTERNEHMEN"],"inLanguage":"it-IT"},{"@type":"WebPage","@id":"https:\/\/www.immobilienbusiness.ch\/unternehmen\/2017-04-06\/baloise-forciert-immobiliengeschaeft\/","url":"https:\/\/www.immobilienbusiness.ch\/unternehmen\/2017-04-06\/baloise-forciert-immobiliengeschaeft\/","name":"Baloise forciert Immobiliengesch\u00e4ft - IMMOBILIEN Business","isPartOf":{"@id":"https:\/\/www.immobilienbusiness.ch\/#website"},"primaryImageOfPage":{"@id":"https:\/\/www.immobilienbusiness.ch\/unternehmen\/2017-04-06\/baloise-forciert-immobiliengeschaeft\/#primaryimage"},"image":{"@id":"https:\/\/www.immobilienbusiness.ch\/unternehmen\/2017-04-06\/baloise-forciert-immobiliengeschaeft\/#primaryimage"},"thumbnailUrl":"https:\/\/www.immobilienbusiness.ch\/wp-content\/uploads\/2017\/01\/Depositphotos_40065167_l-2015.jpg","datePublished":"2017-04-06T06:53:30+00:00","description":"Die Baloise will im Bereich Immobilienmanagement k\u00fcnftig Dienstleistungen f\u00fcr Dritte anbieten. Geplant ist auch ein Immobilienfonds.","breadcrumb":{"@id":"https:\/\/www.immobilienbusiness.ch\/unternehmen\/2017-04-06\/baloise-forciert-immobiliengeschaeft\/#breadcrumb"},"inLanguage":"it-IT","potentialAction":[{"@type":"ReadAction","target":["https:\/\/www.immobilienbusiness.ch\/unternehmen\/2017-04-06\/baloise-forciert-immobiliengeschaeft\/"]}]},{"@type":"ImageObject","inLanguage":"it-IT","@id":"https:\/\/www.immobilienbusiness.ch\/unternehmen\/2017-04-06\/baloise-forciert-immobiliengeschaeft\/#primaryimage","url":"https:\/\/www.immobilienbusiness.ch\/wp-content\/uploads\/2017\/01\/Depositphotos_40065167_l-2015.jpg","contentUrl":"https:\/\/www.immobilienbusiness.ch\/wp-content\/uploads\/2017\/01\/Depositphotos_40065167_l-2015.jpg","width":2000,"height":1333,"caption":"Baloise baut ihr Engagement im Immobiliensektor aus (Foto: depositphotos)"},{"@type":"BreadcrumbList","@id":"https:\/\/www.immobilienbusiness.ch\/unternehmen\/2017-04-06\/baloise-forciert-immobiliengeschaeft\/#breadcrumb","itemListElement":[{"@type":"ListItem","position":1,"name":"Home","item":"https:\/\/www.immobilienbusiness.ch\/"},{"@type":"ListItem","position":2,"name":"Baloise forciert Immobiliengesch\u00e4ft"}]},{"@type":"WebSite","@id":"https:\/\/www.immobilienbusiness.ch\/#website","url":"https:\/\/www.immobilienbusiness.ch\/","name":"Affari immobiliari","description":"Rivista economica indipendente svizzera che si concentra sul settore immobiliare, l'architettura e la costruzione, nonch\u00e9 sugli investimenti e i finanziamenti.","publisher":{"@id":"https:\/\/www.immobilienbusiness.ch\/#organization"},"potentialAction":[{"@type":"SearchAction","target":{"@type":"EntryPoint","urlTemplate":"https:\/\/www.immobilienbusiness.ch\/?s={search_term_string}"},"query-input":{"@type":"PropertyValueSpecification","valueRequired":true,"valueName":"search_term_string"}}],"inLanguage":"it-IT"},{"@type":"Organization","@id":"https:\/\/www.immobilienbusiness.ch\/#organization","name":"Affari immobiliari","url":"https:\/\/www.immobilienbusiness.ch\/","logo":{"@type":"ImageObject","inLanguage":"it-IT","@id":"https:\/\/www.immobilienbusiness.ch\/#\/schema\/logo\/image\/","url":"https:\/\/www.immobilienbusiness.ch\/wp-content\/uploads\/2021\/07\/logo_ib.png","contentUrl":"https:\/\/www.immobilienbusiness.ch\/wp-content\/uploads\/2021\/07\/logo_ib.png","width":800,"height":181,"caption":"IMMOBILIEN Business"},"image":{"@id":"https:\/\/www.immobilienbusiness.ch\/#\/schema\/logo\/image\/"},"sameAs":["https:\/\/www.facebook.com\/immobilienbusiness\/"]},{"@type":"Person","@id":"https:\/\/www.immobilienbusiness.ch\/#\/schema\/person\/3fc036297b10b9f42d6db5ee932af8c8","name":"anja.hall","image":{"@type":"ImageObject","inLanguage":"it-IT","@id":"https:\/\/secure.gravatar.com\/avatar\/066b5a0d447013502c71a5782f4f3469f03cfe595cc2329fb94652fe47511bfb?s=96&d=mm&r=g","url":"https:\/\/secure.gravatar.com\/avatar\/066b5a0d447013502c71a5782f4f3469f03cfe595cc2329fb94652fe47511bfb?s=96&d=mm&r=g","contentUrl":"https:\/\/secure.gravatar.com\/avatar\/066b5a0d447013502c71a5782f4f3469f03cfe595cc2329fb94652fe47511bfb?s=96&d=mm&r=g","caption":"anja.hall"},"url":"https:\/\/www.immobilienbusiness.ch\/it\/author\/anja-hall\/"}]}},"_links":{"self":[{"href":"https:\/\/www.immobilienbusiness.ch\/it\/wp-json\/wp\/v2\/posts\/7062","targetHints":{"allow":["GET"]}}],"collection":[{"href":"https:\/\/www.immobilienbusiness.ch\/it\/wp-json\/wp\/v2\/posts"}],"about":[{"href":"https:\/\/www.immobilienbusiness.ch\/it\/wp-json\/wp\/v2\/types\/post"}],"author":[{"embeddable":true,"href":"https:\/\/www.immobilienbusiness.ch\/it\/wp-json\/wp\/v2\/users\/3"}],"replies":[{"embeddable":true,"href":"https:\/\/www.immobilienbusiness.ch\/it\/wp-json\/wp\/v2\/comments?post=7062"}],"version-history":[{"count":0,"href":"https:\/\/www.immobilienbusiness.ch\/it\/wp-json\/wp\/v2\/posts\/7062\/revisions"}],"wp:featuredmedia":[{"embeddable":true,"href":"https:\/\/www.immobilienbusiness.ch\/it\/wp-json\/wp\/v2\/media\/6043"}],"wp:attachment":[{"href":"https:\/\/www.immobilienbusiness.ch\/it\/wp-json\/wp\/v2\/media?parent=7062"}],"wp:term":[{"taxonomy":"category","embeddable":true,"href":"https:\/\/www.immobilienbusiness.ch\/it\/wp-json\/wp\/v2\/categories?post=7062"},{"taxonomy":"post_tag","embeddable":true,"href":"https:\/\/www.immobilienbusiness.ch\/it\/wp-json\/wp\/v2\/tags?post=7062"}],"curies":[{"name":"wp","href":"https:\/\/api.w.org\/{rel}","templated":true}]}}