{"id":68300,"date":"2026-04-27T08:15:45","date_gmt":"2026-04-27T06:15:45","guid":{"rendered":"https:\/\/www.immobilienbusiness.ch\/?p=68300"},"modified":"2026-04-30T10:25:52","modified_gmt":"2026-04-30T08:25:52","slug":"buchrain-patrimonium-ast-kauft-seniorenwohn-projekt","status":"publish","type":"post","link":"https:\/\/www.immobilienbusiness.ch\/it\/regionen\/2026-04-27\/buchrain-patrimonium-ast-kauft-seniorenwohn-projekt\/","title":{"rendered":"Buchrain: Patrimonium AST acquista un progetto abitativo per anziani"},"content":{"rendered":"<figure id=\"attachment_68304\" aria-describedby=\"caption-attachment-68304\" style=\"width: 768px\" class=\"wp-caption alignnone\"><a href=\"https:\/\/www.immobilienbusiness.ch\/wp-content\/uploads\/2026\/04\/Patrimonium-Buchrain.png\"><img loading=\"lazy\" decoding=\"async\" class=\"size-large wp-image-68304\" src=\"https:\/\/www.immobilienbusiness.ch\/wp-content\/uploads\/2026\/04\/Patrimonium-Buchrain-1024x563.png\" alt=\"\" width=\"768\" height=\"422\" srcset=\"https:\/\/www.immobilienbusiness.ch\/wp-content\/uploads\/2026\/04\/Patrimonium-Buchrain-1024x563.png 1024w, https:\/\/www.immobilienbusiness.ch\/wp-content\/uploads\/2026\/04\/Patrimonium-Buchrain-300x165.png 300w, https:\/\/www.immobilienbusiness.ch\/wp-content\/uploads\/2026\/04\/Patrimonium-Buchrain-768x422.png 768w, https:\/\/www.immobilienbusiness.ch\/wp-content\/uploads\/2026\/04\/Patrimonium-Buchrain-18x10.png 18w, https:\/\/www.immobilienbusiness.ch\/wp-content\/uploads\/2026\/04\/Patrimonium-Buchrain-375x206.png 375w, https:\/\/www.immobilienbusiness.ch\/wp-content\/uploads\/2026\/04\/Patrimonium-Buchrain-637x350.png 637w, https:\/\/www.immobilienbusiness.ch\/wp-content\/uploads\/2026\/04\/Patrimonium-Buchrain-1000x550.png 1000w, https:\/\/www.immobilienbusiness.ch\/wp-content\/uploads\/2026\/04\/Patrimonium-Buchrain.png 1039w\" sizes=\"auto, (max-width: 768px) 100vw, 768px\" \/><\/a><figcaption id=\"caption-attachment-68304\" class=\"wp-caption-text\">Patrimonium AST ha acquisito una propriet\u00e0 sanitaria a Buchrain (visualizzazione: zVg)<\/figcaption><\/figure>\n<p>Il gruppo svizzero di investimenti immobiliari nel settore sanitario della Fondazione Patrimonium Investment ha effettuato un investimento di circa 33,1 milioni di franchi svizzeri nello sviluppo di un centro per anziani nel centro di Buchrain (LU). L'Oase Buchrain, un centro per anziani con strutture di assistenza e di vita assistita, verr\u00e0 costruito sull'ex sito di Tschannwiese e intende colmare una lacuna assistenziale esistente nella regione.<\/p>\n<p>Il progetto comprende 48 posti di assistenza e 40 appartamenti per anziani privi di barriere architettoniche con unit\u00e0 da 1,5, 2,5 e 3,5 stanze. Il concetto di residenzialit\u00e0 e assistenza combina una vita indipendente con servizi di assistenza e pulizia disponibili 24 ore su 24. L'offerta \u00e8 completata da un ristorante pubblico, sale comuni e fitness, fisioterapia e servizi di assistenza. L'offerta \u00e8 completata da un ristorante pubblico, sale comuni e fitness, fisioterapia e altri servizi sanitari.<\/p>\n<h3>In costruzione da marzo<\/h3>\n<p>La costruzione \u00e8 iniziata ufficialmente il 20 marzo. L'apertura del centro per anziani \u00e8 prevista per la primavera del 2028. \u00abIl progetto viene realizzato in regime di diritto di superficie su un terreno centrale e beneficia di un'ottima accessibilit\u00e0 e di un'elevata domanda di strutture residenziali e assistenziali adeguate all'et\u00e0 nella regione di Lucerna\u00bb, scrive la Fondazione d'investimento. \u00abSiamo molto soddisfatti della realizzazione di questo progetto, che segna l'inizio di una collaborazione tra la Fondazione d'investimento Patrimonium e l'operatore Oase Group\u00bb, afferma il gestore del portafoglio Vivian Moreau.<\/p>\n<p>A seguito di questa acquisizione, il valore di mercato del portafoglio del gruppo di investimento ammonta a oltre 600 milioni di franchi svizzeri.<\/p>","protected":false},"excerpt":{"rendered":"<p>A Buchrain (LU) \u00e8 in costruzione un progetto con 40 appartamenti per anziani e 48 posti di assistenza. L'operatore \u00e8 il Gruppo Oase.<\/p>","protected":false},"author":102,"featured_media":68304,"comment_status":"closed","ping_status":"closed","sticky":false,"template":"","format":"standard","meta":{"_acf_changed":false,"_yoast_wpseo_focuskw":"Buchrain","_yoast_wpseo_title":"","_yoast_wpseo_metadesc":"In Buchrain (LU) entsteht ein Projekt mit 40 Seniorenwohnungen und 48 Pflegepl\u00e4tzen. Betreiberin ist die Oase-Gruppe.","_yoast_wpseo_linkdex":75,"pgc_sgb_lightbox_settings":"","footnotes":""},"categories":[985],"tags":[1028,2848,1269,1414,1958,4436,2472,2106,1690],"class_list":["post-68300","post","type-post","status-publish","format-standard","has-post-thumbnail","hentry","category-regionen","tag-anlagegruppe","tag-buchrain","tag-gesundheitsimmobilien","tag-kauf","tag-lu","tag-patrimonium-ast","tag-pflege","tag-seniorenimmobilie","tag-serviced-apartments"],"acf":[],"yoast_head":"<!-- This site is optimized with the Yoast SEO plugin v27.5 - https:\/\/yoast.com\/product\/yoast-seo-wordpress\/ -->\n<title>Buchrain: Patrimonium AST kauft Seniorenwohn-Projekt - IMMOBILIEN Business<\/title>\n<meta name=\"description\" content=\"In Buchrain (LU) entsteht ein Projekt mit 40 Seniorenwohnungen und 48 Pflegepl\u00e4tzen. Betreiberin ist die Oase-Gruppe.\" \/>\n<meta name=\"robots\" content=\"index, follow, max-snippet:-1, max-image-preview:large, max-video-preview:-1\" \/>\n<link rel=\"canonical\" href=\"https:\/\/www.immobilienbusiness.ch\/it\/regionen\/2026-04-27\/buchrain-patrimonium-ast-kauft-seniorenwohn-projekt\/\" \/>\n<meta property=\"og:locale\" content=\"it_IT\" \/>\n<meta property=\"og:type\" content=\"article\" \/>\n<meta property=\"og:title\" content=\"Buchrain: Patrimonium AST kauft Seniorenwohn-Projekt - IMMOBILIEN Business\" \/>\n<meta property=\"og:description\" content=\"In Buchrain (LU) entsteht ein Projekt mit 40 Seniorenwohnungen und 48 Pflegepl\u00e4tzen. Betreiberin ist die Oase-Gruppe.\" \/>\n<meta property=\"og:url\" content=\"https:\/\/www.immobilienbusiness.ch\/it\/regionen\/2026-04-27\/buchrain-patrimonium-ast-kauft-seniorenwohn-projekt\/\" \/>\n<meta property=\"og:site_name\" content=\"IMMOBILIEN Business\" \/>\n<meta property=\"article:publisher\" content=\"https:\/\/www.facebook.com\/immobilienbusiness\/\" \/>\n<meta property=\"article:published_time\" content=\"2026-04-27T06:15:45+00:00\" \/>\n<meta property=\"article:modified_time\" content=\"2026-04-30T08:25:52+00:00\" \/>\n<meta property=\"og:image\" content=\"https:\/\/www.immobilienbusiness.ch\/wp-content\/uploads\/2026\/04\/Patrimonium-Buchrain.png\" \/>\n\t<meta property=\"og:image:width\" content=\"1039\" \/>\n\t<meta property=\"og:image:height\" content=\"571\" \/>\n\t<meta property=\"og:image:type\" content=\"image\/png\" \/>\n<meta name=\"author\" content=\"Alexander Wachter\" \/>\n<meta name=\"twitter:card\" content=\"summary_large_image\" \/>\n<script type=\"application\/ld+json\" class=\"yoast-schema-graph\">{\"@context\":\"https:\\\/\\\/schema.org\",\"@graph\":[{\"@type\":\"Article\",\"@id\":\"https:\\\/\\\/www.immobilienbusiness.ch\\\/regionen\\\/2026-04-27\\\/buchrain-patrimonium-ast-kauft-seniorenwohn-projekt\\\/#article\",\"isPartOf\":{\"@id\":\"https:\\\/\\\/www.immobilienbusiness.ch\\\/regionen\\\/2026-04-27\\\/buchrain-patrimonium-ast-kauft-seniorenwohn-projekt\\\/\"},\"author\":{\"name\":\"Alexander Wachter\",\"@id\":\"https:\\\/\\\/www.immobilienbusiness.ch\\\/#\\\/schema\\\/person\\\/aba8bea2db926aa0c24c08c43fe1fcd5\"},\"headline\":\"Buchrain: Patrimonium AST kauft Seniorenwohn-Projekt\",\"datePublished\":\"2026-04-27T06:15:45+00:00\",\"dateModified\":\"2026-04-30T08:25:52+00:00\",\"mainEntityOfPage\":{\"@id\":\"https:\\\/\\\/www.immobilienbusiness.ch\\\/regionen\\\/2026-04-27\\\/buchrain-patrimonium-ast-kauft-seniorenwohn-projekt\\\/\"},\"wordCount\":227,\"publisher\":{\"@id\":\"https:\\\/\\\/www.immobilienbusiness.ch\\\/#organization\"},\"image\":{\"@id\":\"https:\\\/\\\/www.immobilienbusiness.ch\\\/regionen\\\/2026-04-27\\\/buchrain-patrimonium-ast-kauft-seniorenwohn-projekt\\\/#primaryimage\"},\"thumbnailUrl\":\"https:\\\/\\\/www.immobilienbusiness.ch\\\/wp-content\\\/uploads\\\/2026\\\/04\\\/Patrimonium-Buchrain.png\",\"keywords\":[\"Anlagegruppe\",\"Buchrain\",\"Gesundheitsimmobilien\",\"Kauf\",\"LU\",\"Patrimonium AST\",\"Pflege\",\"Seniorenimmobilie\",\"Serviced Apartments\"],\"articleSection\":[\"REGIONEN\"],\"inLanguage\":\"it-IT\"},{\"@type\":\"WebPage\",\"@id\":\"https:\\\/\\\/www.immobilienbusiness.ch\\\/regionen\\\/2026-04-27\\\/buchrain-patrimonium-ast-kauft-seniorenwohn-projekt\\\/\",\"url\":\"https:\\\/\\\/www.immobilienbusiness.ch\\\/regionen\\\/2026-04-27\\\/buchrain-patrimonium-ast-kauft-seniorenwohn-projekt\\\/\",\"name\":\"Buchrain: Patrimonium AST kauft Seniorenwohn-Projekt - IMMOBILIEN Business\",\"isPartOf\":{\"@id\":\"https:\\\/\\\/www.immobilienbusiness.ch\\\/#website\"},\"primaryImageOfPage\":{\"@id\":\"https:\\\/\\\/www.immobilienbusiness.ch\\\/regionen\\\/2026-04-27\\\/buchrain-patrimonium-ast-kauft-seniorenwohn-projekt\\\/#primaryimage\"},\"image\":{\"@id\":\"https:\\\/\\\/www.immobilienbusiness.ch\\\/regionen\\\/2026-04-27\\\/buchrain-patrimonium-ast-kauft-seniorenwohn-projekt\\\/#primaryimage\"},\"thumbnailUrl\":\"https:\\\/\\\/www.immobilienbusiness.ch\\\/wp-content\\\/uploads\\\/2026\\\/04\\\/Patrimonium-Buchrain.png\",\"datePublished\":\"2026-04-27T06:15:45+00:00\",\"dateModified\":\"2026-04-30T08:25:52+00:00\",\"description\":\"In Buchrain (LU) entsteht ein Projekt mit 40 Seniorenwohnungen und 48 Pflegepl\u00e4tzen. Betreiberin ist die Oase-Gruppe.\",\"breadcrumb\":{\"@id\":\"https:\\\/\\\/www.immobilienbusiness.ch\\\/regionen\\\/2026-04-27\\\/buchrain-patrimonium-ast-kauft-seniorenwohn-projekt\\\/#breadcrumb\"},\"inLanguage\":\"it-IT\",\"potentialAction\":[{\"@type\":\"ReadAction\",\"target\":[\"https:\\\/\\\/www.immobilienbusiness.ch\\\/regionen\\\/2026-04-27\\\/buchrain-patrimonium-ast-kauft-seniorenwohn-projekt\\\/\"]}]},{\"@type\":\"ImageObject\",\"inLanguage\":\"it-IT\",\"@id\":\"https:\\\/\\\/www.immobilienbusiness.ch\\\/regionen\\\/2026-04-27\\\/buchrain-patrimonium-ast-kauft-seniorenwohn-projekt\\\/#primaryimage\",\"url\":\"https:\\\/\\\/www.immobilienbusiness.ch\\\/wp-content\\\/uploads\\\/2026\\\/04\\\/Patrimonium-Buchrain.png\",\"contentUrl\":\"https:\\\/\\\/www.immobilienbusiness.ch\\\/wp-content\\\/uploads\\\/2026\\\/04\\\/Patrimonium-Buchrain.png\",\"width\":1039,\"height\":571,\"caption\":\"Die Patrimonium AST hat eine Gesundheitsimmobilie in Buchrain erworben (Visualisierung: zVg)\"},{\"@type\":\"BreadcrumbList\",\"@id\":\"https:\\\/\\\/www.immobilienbusiness.ch\\\/regionen\\\/2026-04-27\\\/buchrain-patrimonium-ast-kauft-seniorenwohn-projekt\\\/#breadcrumb\",\"itemListElement\":[{\"@type\":\"ListItem\",\"position\":1,\"name\":\"Home\",\"item\":\"https:\\\/\\\/www.immobilienbusiness.ch\\\/\"},{\"@type\":\"ListItem\",\"position\":2,\"name\":\"Buchrain: Patrimonium AST kauft Seniorenwohn-Projekt\"}]},{\"@type\":\"WebSite\",\"@id\":\"https:\\\/\\\/www.immobilienbusiness.ch\\\/#website\",\"url\":\"https:\\\/\\\/www.immobilienbusiness.ch\\\/\",\"name\":\"IMMOBILIEN Business\",\"description\":\"Unabh\u00e4ngiges Schweizer Wirtschaftsmagazin mit Fokus auf Immobilien, Architektur- und Bau sowie Investment- und Finanzierung.\",\"publisher\":{\"@id\":\"https:\\\/\\\/www.immobilienbusiness.ch\\\/#organization\"},\"potentialAction\":[{\"@type\":\"SearchAction\",\"target\":{\"@type\":\"EntryPoint\",\"urlTemplate\":\"https:\\\/\\\/www.immobilienbusiness.ch\\\/?s={search_term_string}\"},\"query-input\":{\"@type\":\"PropertyValueSpecification\",\"valueRequired\":true,\"valueName\":\"search_term_string\"}}],\"inLanguage\":\"it-IT\"},{\"@type\":\"Organization\",\"@id\":\"https:\\\/\\\/www.immobilienbusiness.ch\\\/#organization\",\"name\":\"IMMOBILIEN Business\",\"url\":\"https:\\\/\\\/www.immobilienbusiness.ch\\\/\",\"logo\":{\"@type\":\"ImageObject\",\"inLanguage\":\"it-IT\",\"@id\":\"https:\\\/\\\/www.immobilienbusiness.ch\\\/#\\\/schema\\\/logo\\\/image\\\/\",\"url\":\"https:\\\/\\\/www.immobilienbusiness.ch\\\/wp-content\\\/uploads\\\/2021\\\/07\\\/logo_ib.png\",\"contentUrl\":\"https:\\\/\\\/www.immobilienbusiness.ch\\\/wp-content\\\/uploads\\\/2021\\\/07\\\/logo_ib.png\",\"width\":800,\"height\":181,\"caption\":\"IMMOBILIEN Business\"},\"image\":{\"@id\":\"https:\\\/\\\/www.immobilienbusiness.ch\\\/#\\\/schema\\\/logo\\\/image\\\/\"},\"sameAs\":[\"https:\\\/\\\/www.facebook.com\\\/immobilienbusiness\\\/\"]},{\"@type\":\"Person\",\"@id\":\"https:\\\/\\\/www.immobilienbusiness.ch\\\/#\\\/schema\\\/person\\\/aba8bea2db926aa0c24c08c43fe1fcd5\",\"name\":\"Alexander Wachter\",\"image\":{\"@type\":\"ImageObject\",\"inLanguage\":\"it-IT\",\"@id\":\"https:\\\/\\\/secure.gravatar.com\\\/avatar\\\/1a09e471f5389b0e0a6416eac287e0927c7c97a7b77f9e787eba3af7aee281dd?s=96&d=mm&r=g\",\"url\":\"https:\\\/\\\/secure.gravatar.com\\\/avatar\\\/1a09e471f5389b0e0a6416eac287e0927c7c97a7b77f9e787eba3af7aee281dd?s=96&d=mm&r=g\",\"contentUrl\":\"https:\\\/\\\/secure.gravatar.com\\\/avatar\\\/1a09e471f5389b0e0a6416eac287e0927c7c97a7b77f9e787eba3af7aee281dd?s=96&d=mm&r=g\",\"caption\":\"Alexander Wachter\"},\"url\":\"https:\\\/\\\/www.immobilienbusiness.ch\\\/it\\\/author\\\/alexander-wachter\\\/\"}]}<\/script>\n<!-- \/ Yoast SEO plugin. -->","yoast_head_json":{"title":"Buchrain: Patrimonium AST kauft Seniorenwohn-Projekt - IMMOBILIEN Business","description":"A Buchrain (LU) \u00e8 in costruzione un progetto con 40 appartamenti per anziani e 48 posti di assistenza. L'operatore \u00e8 il Gruppo Oase.","robots":{"index":"index","follow":"follow","max-snippet":"max-snippet:-1","max-image-preview":"max-image-preview:large","max-video-preview":"max-video-preview:-1"},"canonical":"https:\/\/www.immobilienbusiness.ch\/it\/regionen\/2026-04-27\/buchrain-patrimonium-ast-kauft-seniorenwohn-projekt\/","og_locale":"it_IT","og_type":"article","og_title":"Buchrain: Patrimonium AST kauft Seniorenwohn-Projekt - IMMOBILIEN Business","og_description":"In Buchrain (LU) entsteht ein Projekt mit 40 Seniorenwohnungen und 48 Pflegepl\u00e4tzen. Betreiberin ist die Oase-Gruppe.","og_url":"https:\/\/www.immobilienbusiness.ch\/it\/regionen\/2026-04-27\/buchrain-patrimonium-ast-kauft-seniorenwohn-projekt\/","og_site_name":"IMMOBILIEN Business","article_publisher":"https:\/\/www.facebook.com\/immobilienbusiness\/","article_published_time":"2026-04-27T06:15:45+00:00","article_modified_time":"2026-04-30T08:25:52+00:00","og_image":[{"width":1039,"height":571,"url":"https:\/\/www.immobilienbusiness.ch\/wp-content\/uploads\/2026\/04\/Patrimonium-Buchrain.png","type":"image\/png"}],"author":"Alexander Wachter","twitter_card":"summary_large_image","schema":{"@context":"https:\/\/schema.org","@graph":[{"@type":"Article","@id":"https:\/\/www.immobilienbusiness.ch\/regionen\/2026-04-27\/buchrain-patrimonium-ast-kauft-seniorenwohn-projekt\/#article","isPartOf":{"@id":"https:\/\/www.immobilienbusiness.ch\/regionen\/2026-04-27\/buchrain-patrimonium-ast-kauft-seniorenwohn-projekt\/"},"author":{"name":"Alexander Wachter","@id":"https:\/\/www.immobilienbusiness.ch\/#\/schema\/person\/aba8bea2db926aa0c24c08c43fe1fcd5"},"headline":"Buchrain: Patrimonium AST kauft Seniorenwohn-Projekt","datePublished":"2026-04-27T06:15:45+00:00","dateModified":"2026-04-30T08:25:52+00:00","mainEntityOfPage":{"@id":"https:\/\/www.immobilienbusiness.ch\/regionen\/2026-04-27\/buchrain-patrimonium-ast-kauft-seniorenwohn-projekt\/"},"wordCount":227,"publisher":{"@id":"https:\/\/www.immobilienbusiness.ch\/#organization"},"image":{"@id":"https:\/\/www.immobilienbusiness.ch\/regionen\/2026-04-27\/buchrain-patrimonium-ast-kauft-seniorenwohn-projekt\/#primaryimage"},"thumbnailUrl":"https:\/\/www.immobilienbusiness.ch\/wp-content\/uploads\/2026\/04\/Patrimonium-Buchrain.png","keywords":["Anlagegruppe","Buchrain","Gesundheitsimmobilien","Kauf","LU","Patrimonium AST","Pflege","Seniorenimmobilie","Serviced Apartments"],"articleSection":["REGIONEN"],"inLanguage":"it-IT"},{"@type":"WebPage","@id":"https:\/\/www.immobilienbusiness.ch\/regionen\/2026-04-27\/buchrain-patrimonium-ast-kauft-seniorenwohn-projekt\/","url":"https:\/\/www.immobilienbusiness.ch\/regionen\/2026-04-27\/buchrain-patrimonium-ast-kauft-seniorenwohn-projekt\/","name":"Buchrain: Patrimonium AST kauft Seniorenwohn-Projekt - IMMOBILIEN Business","isPartOf":{"@id":"https:\/\/www.immobilienbusiness.ch\/#website"},"primaryImageOfPage":{"@id":"https:\/\/www.immobilienbusiness.ch\/regionen\/2026-04-27\/buchrain-patrimonium-ast-kauft-seniorenwohn-projekt\/#primaryimage"},"image":{"@id":"https:\/\/www.immobilienbusiness.ch\/regionen\/2026-04-27\/buchrain-patrimonium-ast-kauft-seniorenwohn-projekt\/#primaryimage"},"thumbnailUrl":"https:\/\/www.immobilienbusiness.ch\/wp-content\/uploads\/2026\/04\/Patrimonium-Buchrain.png","datePublished":"2026-04-27T06:15:45+00:00","dateModified":"2026-04-30T08:25:52+00:00","description":"A Buchrain (LU) \u00e8 in costruzione un progetto con 40 appartamenti per anziani e 48 posti di assistenza. L'operatore \u00e8 il Gruppo Oase.","breadcrumb":{"@id":"https:\/\/www.immobilienbusiness.ch\/regionen\/2026-04-27\/buchrain-patrimonium-ast-kauft-seniorenwohn-projekt\/#breadcrumb"},"inLanguage":"it-IT","potentialAction":[{"@type":"ReadAction","target":["https:\/\/www.immobilienbusiness.ch\/regionen\/2026-04-27\/buchrain-patrimonium-ast-kauft-seniorenwohn-projekt\/"]}]},{"@type":"ImageObject","inLanguage":"it-IT","@id":"https:\/\/www.immobilienbusiness.ch\/regionen\/2026-04-27\/buchrain-patrimonium-ast-kauft-seniorenwohn-projekt\/#primaryimage","url":"https:\/\/www.immobilienbusiness.ch\/wp-content\/uploads\/2026\/04\/Patrimonium-Buchrain.png","contentUrl":"https:\/\/www.immobilienbusiness.ch\/wp-content\/uploads\/2026\/04\/Patrimonium-Buchrain.png","width":1039,"height":571,"caption":"Die Patrimonium AST hat eine Gesundheitsimmobilie in Buchrain erworben (Visualisierung: zVg)"},{"@type":"BreadcrumbList","@id":"https:\/\/www.immobilienbusiness.ch\/regionen\/2026-04-27\/buchrain-patrimonium-ast-kauft-seniorenwohn-projekt\/#breadcrumb","itemListElement":[{"@type":"ListItem","position":1,"name":"Home","item":"https:\/\/www.immobilienbusiness.ch\/"},{"@type":"ListItem","position":2,"name":"Buchrain: Patrimonium AST kauft Seniorenwohn-Projekt"}]},{"@type":"WebSite","@id":"https:\/\/www.immobilienbusiness.ch\/#website","url":"https:\/\/www.immobilienbusiness.ch\/","name":"Affari immobiliari","description":"Rivista economica indipendente svizzera che si concentra sul settore immobiliare, l'architettura e la costruzione, nonch\u00e9 sugli investimenti e i finanziamenti.","publisher":{"@id":"https:\/\/www.immobilienbusiness.ch\/#organization"},"potentialAction":[{"@type":"SearchAction","target":{"@type":"EntryPoint","urlTemplate":"https:\/\/www.immobilienbusiness.ch\/?s={search_term_string}"},"query-input":{"@type":"PropertyValueSpecification","valueRequired":true,"valueName":"search_term_string"}}],"inLanguage":"it-IT"},{"@type":"Organization","@id":"https:\/\/www.immobilienbusiness.ch\/#organization","name":"Affari immobiliari","url":"https:\/\/www.immobilienbusiness.ch\/","logo":{"@type":"ImageObject","inLanguage":"it-IT","@id":"https:\/\/www.immobilienbusiness.ch\/#\/schema\/logo\/image\/","url":"https:\/\/www.immobilienbusiness.ch\/wp-content\/uploads\/2021\/07\/logo_ib.png","contentUrl":"https:\/\/www.immobilienbusiness.ch\/wp-content\/uploads\/2021\/07\/logo_ib.png","width":800,"height":181,"caption":"IMMOBILIEN Business"},"image":{"@id":"https:\/\/www.immobilienbusiness.ch\/#\/schema\/logo\/image\/"},"sameAs":["https:\/\/www.facebook.com\/immobilienbusiness\/"]},{"@type":"Person","@id":"https:\/\/www.immobilienbusiness.ch\/#\/schema\/person\/aba8bea2db926aa0c24c08c43fe1fcd5","name":"Alexander Wachter","image":{"@type":"ImageObject","inLanguage":"it-IT","@id":"https:\/\/secure.gravatar.com\/avatar\/1a09e471f5389b0e0a6416eac287e0927c7c97a7b77f9e787eba3af7aee281dd?s=96&d=mm&r=g","url":"https:\/\/secure.gravatar.com\/avatar\/1a09e471f5389b0e0a6416eac287e0927c7c97a7b77f9e787eba3af7aee281dd?s=96&d=mm&r=g","contentUrl":"https:\/\/secure.gravatar.com\/avatar\/1a09e471f5389b0e0a6416eac287e0927c7c97a7b77f9e787eba3af7aee281dd?s=96&d=mm&r=g","caption":"Alexander Wachter"},"url":"https:\/\/www.immobilienbusiness.ch\/it\/author\/alexander-wachter\/"}]}},"_links":{"self":[{"href":"https:\/\/www.immobilienbusiness.ch\/it\/wp-json\/wp\/v2\/posts\/68300","targetHints":{"allow":["GET"]}}],"collection":[{"href":"https:\/\/www.immobilienbusiness.ch\/it\/wp-json\/wp\/v2\/posts"}],"about":[{"href":"https:\/\/www.immobilienbusiness.ch\/it\/wp-json\/wp\/v2\/types\/post"}],"author":[{"embeddable":true,"href":"https:\/\/www.immobilienbusiness.ch\/it\/wp-json\/wp\/v2\/users\/102"}],"replies":[{"embeddable":true,"href":"https:\/\/www.immobilienbusiness.ch\/it\/wp-json\/wp\/v2\/comments?post=68300"}],"version-history":[{"count":5,"href":"https:\/\/www.immobilienbusiness.ch\/it\/wp-json\/wp\/v2\/posts\/68300\/revisions"}],"predecessor-version":[{"id":68376,"href":"https:\/\/www.immobilienbusiness.ch\/it\/wp-json\/wp\/v2\/posts\/68300\/revisions\/68376"}],"wp:featuredmedia":[{"embeddable":true,"href":"https:\/\/www.immobilienbusiness.ch\/it\/wp-json\/wp\/v2\/media\/68304"}],"wp:attachment":[{"href":"https:\/\/www.immobilienbusiness.ch\/it\/wp-json\/wp\/v2\/media?parent=68300"}],"wp:term":[{"taxonomy":"category","embeddable":true,"href":"https:\/\/www.immobilienbusiness.ch\/it\/wp-json\/wp\/v2\/categories?post=68300"},{"taxonomy":"post_tag","embeddable":true,"href":"https:\/\/www.immobilienbusiness.ch\/it\/wp-json\/wp\/v2\/tags?post=68300"}],"curies":[{"name":"wp","href":"https:\/\/api.w.org\/{rel}","templated":true}]}}