{"id":68189,"date":"2026-04-20T07:01:07","date_gmt":"2026-04-20T05:01:07","guid":{"rendered":"https:\/\/www.immobilienbusiness.ch\/?p=68189"},"modified":"2026-04-23T10:23:02","modified_gmt":"2026-04-23T08:23:02","slug":"zuerich-globusprovisorium-soll-oeffentlicher-ort-werden","status":"publish","type":"post","link":"https:\/\/www.immobilienbusiness.ch\/it\/regionen\/2026-04-20\/zuerich-globusprovisorium-soll-oeffentlicher-ort-werden\/","title":{"rendered":"Zurigo: il Globusprovisorium diventer\u00e0 uno spazio pubblico"},"content":{"rendered":"<figure id=\"attachment_68192\" aria-describedby=\"caption-attachment-68192\" style=\"width: 859px\" class=\"wp-caption alignnone\"><a href=\"https:\/\/www.immobilienbusiness.ch\/wp-content\/uploads\/2026\/04\/Papierwerd-2-Visualiisierung-zVg.png\"><img loading=\"lazy\" decoding=\"async\" class=\"size-full wp-image-68192\" src=\"https:\/\/www.immobilienbusiness.ch\/wp-content\/uploads\/2026\/04\/Papierwerd-2-Visualiisierung-zVg.png\" alt=\"\" width=\"859\" height=\"463\" srcset=\"https:\/\/www.immobilienbusiness.ch\/wp-content\/uploads\/2026\/04\/Papierwerd-2-Visualiisierung-zVg.png 859w, https:\/\/www.immobilienbusiness.ch\/wp-content\/uploads\/2026\/04\/Papierwerd-2-Visualiisierung-zVg-300x162.png 300w, https:\/\/www.immobilienbusiness.ch\/wp-content\/uploads\/2026\/04\/Papierwerd-2-Visualiisierung-zVg-768x414.png 768w, https:\/\/www.immobilienbusiness.ch\/wp-content\/uploads\/2026\/04\/Papierwerd-2-Visualiisierung-zVg-18x10.png 18w, https:\/\/www.immobilienbusiness.ch\/wp-content\/uploads\/2026\/04\/Papierwerd-2-Visualiisierung-zVg-375x202.png 375w, https:\/\/www.immobilienbusiness.ch\/wp-content\/uploads\/2026\/04\/Papierwerd-2-Visualiisierung-zVg-649x350.png 649w\" sizes=\"auto, (max-width: 859px) 100vw, 859px\" \/><\/a><figcaption id=\"caption-attachment-68192\" class=\"wp-caption-text\">Un punto di forza del progetto \u00e8 la terrazza sul tetto, aperta al pubblico. (Illustrazione: zVg)<\/figcaption><\/figure>\n<p>Il Globus Provisorium sul ponte ferroviario di Zurigo, tra la stazione centrale e la Central, \u00e8 stato costruito nel 1961 come sede temporanea dei grandi magazzini Globus, inizialmente per otto anni. L'edificio sul sito di Papierwerd \u00e8 ora classificato come di valore storico e, secondo la citt\u00e0, il rinnovo della licenza idrica \u00e8 legato al fatto che in futuro fornir\u00e0 usi pubblici con valore aggiunto per la popolazione.<\/p>\n<h3>Nuove aree di vendita in corso di pubblicizzazione<\/h3>\n<p>\u00c8 necessario rinnovare la struttura portante, la facciata, l'isolamento e i servizi dell'edificio. Sono inoltre necessarie misure di protezione antincendio e di sicurezza antisismica. Nell'ambito della modernizzazione, l'edificio sar\u00e0 riposizionato come edificio pubblico. Lo spazio per la vendita al dettaglio verr\u00e0 spostato nel seminterrato, liberando il piano terra. L'attuale utente, Coop, rimarr\u00e0 nell'edificio fino all'inizio dei lavori di costruzione; lo spazio di vendita al dettaglio sar\u00e0 poi oggetto di una gara d'appalto pubblica. La citt\u00e0 vuole creare aree accessibili al pubblico per \u00abcultura urbana, educazione, eventi, formati temporanei e ristorazione\u00bb al piano terra e al piano superiore. Nel prosieguo della pianificazione si sta valutando anche la realizzazione di una stazione per biciclette. Le destinazioni d'uso specifiche sono ancora aperte; sono in fase di elaborazione e saranno poi oggetto di una gara d'appalto pubblica. Gli uffici comunali presenti nell'edificio saranno trasferiti in altre sedi. Sul tetto verr\u00e0 creata una terrazza accessibile al pubblico, accessibile dall'esterno. \u00abIn futuro, l'edificio sar\u00e0 strettamente collegato al nuovo spazio aperto sul M\u00fchlesteg e sulla Limmat - un elemento centrale della strategia complessiva.\u00bb<\/p>\n<h3>Completamento a met\u00e0 del prossimo decennio<\/h3>\n<p>Il Comune richiede al Consiglio comunale un credito di progettazione di 7,21 milioni di franchi per il concorso del progetto, il progetto di costruzione con stima dei costi, la procedura di autorizzazione edilizia e i preparativi per l'esecuzione. I risultati del concorso dovrebbero essere disponibili nell'estate del 2028. Il completamento avverr\u00e0 al pi\u00f9 presto nel 2035.<\/p>","protected":false},"excerpt":{"rendered":"<p>Lo spazio per la vendita al dettaglio attualmente utilizzato da Coop nell'edificio tra la stazione ferroviaria principale e la Centrale sar\u00e0 spostato al piano interrato e sar\u00e0 oggetto di una nuova gara d'appalto, mentre gli uffici comunali saranno trasferiti.<\/p>","protected":false},"author":102,"featured_media":68192,"comment_status":"closed","ping_status":"closed","sticky":false,"template":"","format":"standard","meta":{"_acf_changed":false,"_yoast_wpseo_focuskw":"Z\u00fcrich","_yoast_wpseo_title":"","_yoast_wpseo_metadesc":"Die derzeit von Coop genutzte Verkaufsfl\u00e4che des Geb\u00e4udes zwischen Hauptbahnhof und Central soll ins Untergeschoss wandern und neu ausgeschrieben werden, die st\u00e4dtischen B\u00fcros ziehen um.","_yoast_wpseo_linkdex":65,"pgc_sgb_lightbox_settings":"","footnotes":""},"categories":[985],"tags":[2081,1426,2320,1600,1643,1888],"class_list":["post-68189","post","type-post","status-publish","format-standard","has-post-thumbnail","hentry","category-regionen","tag-bueros","tag-kultur","tag-oeffentliche-hand","tag-projekt-in-planung","tag-retail","tag-zuerich"],"acf":[],"yoast_head":"<!-- This site is optimized with the Yoast SEO plugin v27.4 - https:\/\/yoast.com\/product\/yoast-seo-wordpress\/ -->\n<title>Z\u00fcrich: Globusprovisorium soll \u00f6ffentlicher Ort werden - IMMOBILIEN Business<\/title>\n<meta name=\"description\" content=\"Die derzeit von Coop genutzte Verkaufsfl\u00e4che des Geb\u00e4udes zwischen Hauptbahnhof und Central soll ins Untergeschoss wandern und neu ausgeschrieben werden, die st\u00e4dtischen B\u00fcros ziehen um.\" \/>\n<meta name=\"robots\" content=\"index, follow, max-snippet:-1, max-image-preview:large, max-video-preview:-1\" \/>\n<link rel=\"canonical\" href=\"https:\/\/www.immobilienbusiness.ch\/it\/regionen\/2026-04-20\/zuerich-globusprovisorium-soll-oeffentlicher-ort-werden\/\" \/>\n<meta property=\"og:locale\" content=\"it_IT\" \/>\n<meta property=\"og:type\" content=\"article\" \/>\n<meta property=\"og:title\" content=\"Z\u00fcrich: Globusprovisorium soll \u00f6ffentlicher Ort werden - IMMOBILIEN Business\" \/>\n<meta property=\"og:description\" content=\"Die derzeit von Coop genutzte Verkaufsfl\u00e4che des Geb\u00e4udes zwischen Hauptbahnhof und Central soll ins Untergeschoss wandern und neu ausgeschrieben werden, die st\u00e4dtischen B\u00fcros ziehen um.\" \/>\n<meta property=\"og:url\" content=\"https:\/\/www.immobilienbusiness.ch\/it\/regionen\/2026-04-20\/zuerich-globusprovisorium-soll-oeffentlicher-ort-werden\/\" \/>\n<meta property=\"og:site_name\" content=\"IMMOBILIEN Business\" \/>\n<meta property=\"article:publisher\" content=\"https:\/\/www.facebook.com\/immobilienbusiness\/\" \/>\n<meta property=\"article:published_time\" content=\"2026-04-20T05:01:07+00:00\" \/>\n<meta property=\"article:modified_time\" content=\"2026-04-23T08:23:02+00:00\" \/>\n<meta property=\"og:image\" content=\"https:\/\/www.immobilienbusiness.ch\/wp-content\/uploads\/2026\/04\/Papierwerd-2-Visualiisierung-zVg.png\" \/>\n\t<meta property=\"og:image:width\" content=\"859\" \/>\n\t<meta property=\"og:image:height\" content=\"463\" \/>\n\t<meta property=\"og:image:type\" content=\"image\/png\" \/>\n<meta name=\"author\" content=\"Alexander Wachter\" \/>\n<meta name=\"twitter:card\" content=\"summary_large_image\" \/>\n<script type=\"application\/ld+json\" class=\"yoast-schema-graph\">{\"@context\":\"https:\\\/\\\/schema.org\",\"@graph\":[{\"@type\":\"Article\",\"@id\":\"https:\\\/\\\/www.immobilienbusiness.ch\\\/regionen\\\/2026-04-20\\\/zuerich-globusprovisorium-soll-oeffentlicher-ort-werden\\\/#article\",\"isPartOf\":{\"@id\":\"https:\\\/\\\/www.immobilienbusiness.ch\\\/regionen\\\/2026-04-20\\\/zuerich-globusprovisorium-soll-oeffentlicher-ort-werden\\\/\"},\"author\":{\"name\":\"Alexander Wachter\",\"@id\":\"https:\\\/\\\/www.immobilienbusiness.ch\\\/#\\\/schema\\\/person\\\/aba8bea2db926aa0c24c08c43fe1fcd5\"},\"headline\":\"Z\u00fcrich: Globusprovisorium soll \u00f6ffentlicher Ort werden\",\"datePublished\":\"2026-04-20T05:01:07+00:00\",\"dateModified\":\"2026-04-23T08:23:02+00:00\",\"mainEntityOfPage\":{\"@id\":\"https:\\\/\\\/www.immobilienbusiness.ch\\\/regionen\\\/2026-04-20\\\/zuerich-globusprovisorium-soll-oeffentlicher-ort-werden\\\/\"},\"wordCount\":310,\"publisher\":{\"@id\":\"https:\\\/\\\/www.immobilienbusiness.ch\\\/#organization\"},\"image\":{\"@id\":\"https:\\\/\\\/www.immobilienbusiness.ch\\\/regionen\\\/2026-04-20\\\/zuerich-globusprovisorium-soll-oeffentlicher-ort-werden\\\/#primaryimage\"},\"thumbnailUrl\":\"https:\\\/\\\/www.immobilienbusiness.ch\\\/wp-content\\\/uploads\\\/2026\\\/04\\\/Papierwerd-2-Visualiisierung-zVg.png\",\"keywords\":[\"B\u00fcros\",\"Kultur\",\"\u00d6ffentliche Hand\",\"Projekt in Planung\",\"Retail\",\"Z\u00fcrich\"],\"articleSection\":[\"REGIONEN\"],\"inLanguage\":\"it-IT\"},{\"@type\":\"WebPage\",\"@id\":\"https:\\\/\\\/www.immobilienbusiness.ch\\\/regionen\\\/2026-04-20\\\/zuerich-globusprovisorium-soll-oeffentlicher-ort-werden\\\/\",\"url\":\"https:\\\/\\\/www.immobilienbusiness.ch\\\/regionen\\\/2026-04-20\\\/zuerich-globusprovisorium-soll-oeffentlicher-ort-werden\\\/\",\"name\":\"Z\u00fcrich: Globusprovisorium soll \u00f6ffentlicher Ort werden - IMMOBILIEN Business\",\"isPartOf\":{\"@id\":\"https:\\\/\\\/www.immobilienbusiness.ch\\\/#website\"},\"primaryImageOfPage\":{\"@id\":\"https:\\\/\\\/www.immobilienbusiness.ch\\\/regionen\\\/2026-04-20\\\/zuerich-globusprovisorium-soll-oeffentlicher-ort-werden\\\/#primaryimage\"},\"image\":{\"@id\":\"https:\\\/\\\/www.immobilienbusiness.ch\\\/regionen\\\/2026-04-20\\\/zuerich-globusprovisorium-soll-oeffentlicher-ort-werden\\\/#primaryimage\"},\"thumbnailUrl\":\"https:\\\/\\\/www.immobilienbusiness.ch\\\/wp-content\\\/uploads\\\/2026\\\/04\\\/Papierwerd-2-Visualiisierung-zVg.png\",\"datePublished\":\"2026-04-20T05:01:07+00:00\",\"dateModified\":\"2026-04-23T08:23:02+00:00\",\"description\":\"Die derzeit von Coop genutzte Verkaufsfl\u00e4che des Geb\u00e4udes zwischen Hauptbahnhof und Central soll ins Untergeschoss wandern und neu ausgeschrieben werden, die st\u00e4dtischen B\u00fcros ziehen um.\",\"breadcrumb\":{\"@id\":\"https:\\\/\\\/www.immobilienbusiness.ch\\\/regionen\\\/2026-04-20\\\/zuerich-globusprovisorium-soll-oeffentlicher-ort-werden\\\/#breadcrumb\"},\"inLanguage\":\"it-IT\",\"potentialAction\":[{\"@type\":\"ReadAction\",\"target\":[\"https:\\\/\\\/www.immobilienbusiness.ch\\\/regionen\\\/2026-04-20\\\/zuerich-globusprovisorium-soll-oeffentlicher-ort-werden\\\/\"]}]},{\"@type\":\"ImageObject\",\"inLanguage\":\"it-IT\",\"@id\":\"https:\\\/\\\/www.immobilienbusiness.ch\\\/regionen\\\/2026-04-20\\\/zuerich-globusprovisorium-soll-oeffentlicher-ort-werden\\\/#primaryimage\",\"url\":\"https:\\\/\\\/www.immobilienbusiness.ch\\\/wp-content\\\/uploads\\\/2026\\\/04\\\/Papierwerd-2-Visualiisierung-zVg.png\",\"contentUrl\":\"https:\\\/\\\/www.immobilienbusiness.ch\\\/wp-content\\\/uploads\\\/2026\\\/04\\\/Papierwerd-2-Visualiisierung-zVg.png\",\"width\":859,\"height\":463,\"caption\":\"Ein Hightlight des Projekts ist die \u00f6ffentliche zug\u00e4ngliche Dachterrasse. (Illustration: zVg)\"},{\"@type\":\"BreadcrumbList\",\"@id\":\"https:\\\/\\\/www.immobilienbusiness.ch\\\/regionen\\\/2026-04-20\\\/zuerich-globusprovisorium-soll-oeffentlicher-ort-werden\\\/#breadcrumb\",\"itemListElement\":[{\"@type\":\"ListItem\",\"position\":1,\"name\":\"Home\",\"item\":\"https:\\\/\\\/www.immobilienbusiness.ch\\\/\"},{\"@type\":\"ListItem\",\"position\":2,\"name\":\"Z\u00fcrich: Globusprovisorium soll \u00f6ffentlicher Ort werden\"}]},{\"@type\":\"WebSite\",\"@id\":\"https:\\\/\\\/www.immobilienbusiness.ch\\\/#website\",\"url\":\"https:\\\/\\\/www.immobilienbusiness.ch\\\/\",\"name\":\"IMMOBILIEN Business\",\"description\":\"Unabh\u00e4ngiges Schweizer Wirtschaftsmagazin mit Fokus auf Immobilien, Architektur- und Bau sowie Investment- und Finanzierung.\",\"publisher\":{\"@id\":\"https:\\\/\\\/www.immobilienbusiness.ch\\\/#organization\"},\"potentialAction\":[{\"@type\":\"SearchAction\",\"target\":{\"@type\":\"EntryPoint\",\"urlTemplate\":\"https:\\\/\\\/www.immobilienbusiness.ch\\\/?s={search_term_string}\"},\"query-input\":{\"@type\":\"PropertyValueSpecification\",\"valueRequired\":true,\"valueName\":\"search_term_string\"}}],\"inLanguage\":\"it-IT\"},{\"@type\":\"Organization\",\"@id\":\"https:\\\/\\\/www.immobilienbusiness.ch\\\/#organization\",\"name\":\"IMMOBILIEN Business\",\"url\":\"https:\\\/\\\/www.immobilienbusiness.ch\\\/\",\"logo\":{\"@type\":\"ImageObject\",\"inLanguage\":\"it-IT\",\"@id\":\"https:\\\/\\\/www.immobilienbusiness.ch\\\/#\\\/schema\\\/logo\\\/image\\\/\",\"url\":\"https:\\\/\\\/www.immobilienbusiness.ch\\\/wp-content\\\/uploads\\\/2021\\\/07\\\/logo_ib.png\",\"contentUrl\":\"https:\\\/\\\/www.immobilienbusiness.ch\\\/wp-content\\\/uploads\\\/2021\\\/07\\\/logo_ib.png\",\"width\":800,\"height\":181,\"caption\":\"IMMOBILIEN Business\"},\"image\":{\"@id\":\"https:\\\/\\\/www.immobilienbusiness.ch\\\/#\\\/schema\\\/logo\\\/image\\\/\"},\"sameAs\":[\"https:\\\/\\\/www.facebook.com\\\/immobilienbusiness\\\/\"]},{\"@type\":\"Person\",\"@id\":\"https:\\\/\\\/www.immobilienbusiness.ch\\\/#\\\/schema\\\/person\\\/aba8bea2db926aa0c24c08c43fe1fcd5\",\"name\":\"Alexander Wachter\",\"image\":{\"@type\":\"ImageObject\",\"inLanguage\":\"it-IT\",\"@id\":\"https:\\\/\\\/secure.gravatar.com\\\/avatar\\\/1a09e471f5389b0e0a6416eac287e0927c7c97a7b77f9e787eba3af7aee281dd?s=96&d=mm&r=g\",\"url\":\"https:\\\/\\\/secure.gravatar.com\\\/avatar\\\/1a09e471f5389b0e0a6416eac287e0927c7c97a7b77f9e787eba3af7aee281dd?s=96&d=mm&r=g\",\"contentUrl\":\"https:\\\/\\\/secure.gravatar.com\\\/avatar\\\/1a09e471f5389b0e0a6416eac287e0927c7c97a7b77f9e787eba3af7aee281dd?s=96&d=mm&r=g\",\"caption\":\"Alexander Wachter\"},\"url\":\"https:\\\/\\\/www.immobilienbusiness.ch\\\/it\\\/author\\\/alexander-wachter\\\/\"}]}<\/script>\n<!-- \/ Yoast SEO plugin. -->","yoast_head_json":{"title":"Zurigo: il Globusprovisorium diventer\u00e0 uno spazio pubblico - IMMOBILIEN Business","description":"Lo spazio per la vendita al dettaglio attualmente utilizzato da Coop nell'edificio tra la stazione ferroviaria principale e la Centrale sar\u00e0 spostato al piano interrato e sar\u00e0 oggetto di una nuova gara d'appalto, mentre gli uffici comunali saranno trasferiti.","robots":{"index":"index","follow":"follow","max-snippet":"max-snippet:-1","max-image-preview":"max-image-preview:large","max-video-preview":"max-video-preview:-1"},"canonical":"https:\/\/www.immobilienbusiness.ch\/it\/regionen\/2026-04-20\/zuerich-globusprovisorium-soll-oeffentlicher-ort-werden\/","og_locale":"it_IT","og_type":"article","og_title":"Z\u00fcrich: Globusprovisorium soll \u00f6ffentlicher Ort werden - IMMOBILIEN Business","og_description":"Die derzeit von Coop genutzte Verkaufsfl\u00e4che des Geb\u00e4udes zwischen Hauptbahnhof und Central soll ins Untergeschoss wandern und neu ausgeschrieben werden, die st\u00e4dtischen B\u00fcros ziehen um.","og_url":"https:\/\/www.immobilienbusiness.ch\/it\/regionen\/2026-04-20\/zuerich-globusprovisorium-soll-oeffentlicher-ort-werden\/","og_site_name":"IMMOBILIEN Business","article_publisher":"https:\/\/www.facebook.com\/immobilienbusiness\/","article_published_time":"2026-04-20T05:01:07+00:00","article_modified_time":"2026-04-23T08:23:02+00:00","og_image":[{"width":859,"height":463,"url":"https:\/\/www.immobilienbusiness.ch\/wp-content\/uploads\/2026\/04\/Papierwerd-2-Visualiisierung-zVg.png","type":"image\/png"}],"author":"Alexander Wachter","twitter_card":"summary_large_image","schema":{"@context":"https:\/\/schema.org","@graph":[{"@type":"Article","@id":"https:\/\/www.immobilienbusiness.ch\/regionen\/2026-04-20\/zuerich-globusprovisorium-soll-oeffentlicher-ort-werden\/#article","isPartOf":{"@id":"https:\/\/www.immobilienbusiness.ch\/regionen\/2026-04-20\/zuerich-globusprovisorium-soll-oeffentlicher-ort-werden\/"},"author":{"name":"Alexander Wachter","@id":"https:\/\/www.immobilienbusiness.ch\/#\/schema\/person\/aba8bea2db926aa0c24c08c43fe1fcd5"},"headline":"Z\u00fcrich: Globusprovisorium soll \u00f6ffentlicher Ort werden","datePublished":"2026-04-20T05:01:07+00:00","dateModified":"2026-04-23T08:23:02+00:00","mainEntityOfPage":{"@id":"https:\/\/www.immobilienbusiness.ch\/regionen\/2026-04-20\/zuerich-globusprovisorium-soll-oeffentlicher-ort-werden\/"},"wordCount":310,"publisher":{"@id":"https:\/\/www.immobilienbusiness.ch\/#organization"},"image":{"@id":"https:\/\/www.immobilienbusiness.ch\/regionen\/2026-04-20\/zuerich-globusprovisorium-soll-oeffentlicher-ort-werden\/#primaryimage"},"thumbnailUrl":"https:\/\/www.immobilienbusiness.ch\/wp-content\/uploads\/2026\/04\/Papierwerd-2-Visualiisierung-zVg.png","keywords":["B\u00fcros","Kultur","\u00d6ffentliche Hand","Projekt in Planung","Retail","Z\u00fcrich"],"articleSection":["REGIONEN"],"inLanguage":"it-IT"},{"@type":"WebPage","@id":"https:\/\/www.immobilienbusiness.ch\/regionen\/2026-04-20\/zuerich-globusprovisorium-soll-oeffentlicher-ort-werden\/","url":"https:\/\/www.immobilienbusiness.ch\/regionen\/2026-04-20\/zuerich-globusprovisorium-soll-oeffentlicher-ort-werden\/","name":"Zurigo: il Globusprovisorium diventer\u00e0 uno spazio pubblico - IMMOBILIEN Business","isPartOf":{"@id":"https:\/\/www.immobilienbusiness.ch\/#website"},"primaryImageOfPage":{"@id":"https:\/\/www.immobilienbusiness.ch\/regionen\/2026-04-20\/zuerich-globusprovisorium-soll-oeffentlicher-ort-werden\/#primaryimage"},"image":{"@id":"https:\/\/www.immobilienbusiness.ch\/regionen\/2026-04-20\/zuerich-globusprovisorium-soll-oeffentlicher-ort-werden\/#primaryimage"},"thumbnailUrl":"https:\/\/www.immobilienbusiness.ch\/wp-content\/uploads\/2026\/04\/Papierwerd-2-Visualiisierung-zVg.png","datePublished":"2026-04-20T05:01:07+00:00","dateModified":"2026-04-23T08:23:02+00:00","description":"Lo spazio per la vendita al dettaglio attualmente utilizzato da Coop nell'edificio tra la stazione ferroviaria principale e la Centrale sar\u00e0 spostato al piano interrato e sar\u00e0 oggetto di una nuova gara d'appalto, mentre gli uffici comunali saranno trasferiti.","breadcrumb":{"@id":"https:\/\/www.immobilienbusiness.ch\/regionen\/2026-04-20\/zuerich-globusprovisorium-soll-oeffentlicher-ort-werden\/#breadcrumb"},"inLanguage":"it-IT","potentialAction":[{"@type":"ReadAction","target":["https:\/\/www.immobilienbusiness.ch\/regionen\/2026-04-20\/zuerich-globusprovisorium-soll-oeffentlicher-ort-werden\/"]}]},{"@type":"ImageObject","inLanguage":"it-IT","@id":"https:\/\/www.immobilienbusiness.ch\/regionen\/2026-04-20\/zuerich-globusprovisorium-soll-oeffentlicher-ort-werden\/#primaryimage","url":"https:\/\/www.immobilienbusiness.ch\/wp-content\/uploads\/2026\/04\/Papierwerd-2-Visualiisierung-zVg.png","contentUrl":"https:\/\/www.immobilienbusiness.ch\/wp-content\/uploads\/2026\/04\/Papierwerd-2-Visualiisierung-zVg.png","width":859,"height":463,"caption":"Ein Hightlight des Projekts ist die \u00f6ffentliche zug\u00e4ngliche Dachterrasse. (Illustration: zVg)"},{"@type":"BreadcrumbList","@id":"https:\/\/www.immobilienbusiness.ch\/regionen\/2026-04-20\/zuerich-globusprovisorium-soll-oeffentlicher-ort-werden\/#breadcrumb","itemListElement":[{"@type":"ListItem","position":1,"name":"Home","item":"https:\/\/www.immobilienbusiness.ch\/"},{"@type":"ListItem","position":2,"name":"Z\u00fcrich: Globusprovisorium soll \u00f6ffentlicher Ort werden"}]},{"@type":"WebSite","@id":"https:\/\/www.immobilienbusiness.ch\/#website","url":"https:\/\/www.immobilienbusiness.ch\/","name":"Affari immobiliari","description":"Rivista economica indipendente svizzera che si concentra sul settore immobiliare, l'architettura e la costruzione, nonch\u00e9 sugli investimenti e i finanziamenti.","publisher":{"@id":"https:\/\/www.immobilienbusiness.ch\/#organization"},"potentialAction":[{"@type":"SearchAction","target":{"@type":"EntryPoint","urlTemplate":"https:\/\/www.immobilienbusiness.ch\/?s={search_term_string}"},"query-input":{"@type":"PropertyValueSpecification","valueRequired":true,"valueName":"search_term_string"}}],"inLanguage":"it-IT"},{"@type":"Organization","@id":"https:\/\/www.immobilienbusiness.ch\/#organization","name":"Affari immobiliari","url":"https:\/\/www.immobilienbusiness.ch\/","logo":{"@type":"ImageObject","inLanguage":"it-IT","@id":"https:\/\/www.immobilienbusiness.ch\/#\/schema\/logo\/image\/","url":"https:\/\/www.immobilienbusiness.ch\/wp-content\/uploads\/2021\/07\/logo_ib.png","contentUrl":"https:\/\/www.immobilienbusiness.ch\/wp-content\/uploads\/2021\/07\/logo_ib.png","width":800,"height":181,"caption":"IMMOBILIEN Business"},"image":{"@id":"https:\/\/www.immobilienbusiness.ch\/#\/schema\/logo\/image\/"},"sameAs":["https:\/\/www.facebook.com\/immobilienbusiness\/"]},{"@type":"Person","@id":"https:\/\/www.immobilienbusiness.ch\/#\/schema\/person\/aba8bea2db926aa0c24c08c43fe1fcd5","name":"Alexander Wachter","image":{"@type":"ImageObject","inLanguage":"it-IT","@id":"https:\/\/secure.gravatar.com\/avatar\/1a09e471f5389b0e0a6416eac287e0927c7c97a7b77f9e787eba3af7aee281dd?s=96&d=mm&r=g","url":"https:\/\/secure.gravatar.com\/avatar\/1a09e471f5389b0e0a6416eac287e0927c7c97a7b77f9e787eba3af7aee281dd?s=96&d=mm&r=g","contentUrl":"https:\/\/secure.gravatar.com\/avatar\/1a09e471f5389b0e0a6416eac287e0927c7c97a7b77f9e787eba3af7aee281dd?s=96&d=mm&r=g","caption":"Alexander Wachter"},"url":"https:\/\/www.immobilienbusiness.ch\/it\/author\/alexander-wachter\/"}]}},"_links":{"self":[{"href":"https:\/\/www.immobilienbusiness.ch\/it\/wp-json\/wp\/v2\/posts\/68189","targetHints":{"allow":["GET"]}}],"collection":[{"href":"https:\/\/www.immobilienbusiness.ch\/it\/wp-json\/wp\/v2\/posts"}],"about":[{"href":"https:\/\/www.immobilienbusiness.ch\/it\/wp-json\/wp\/v2\/types\/post"}],"author":[{"embeddable":true,"href":"https:\/\/www.immobilienbusiness.ch\/it\/wp-json\/wp\/v2\/users\/102"}],"replies":[{"embeddable":true,"href":"https:\/\/www.immobilienbusiness.ch\/it\/wp-json\/wp\/v2\/comments?post=68189"}],"version-history":[{"count":1,"href":"https:\/\/www.immobilienbusiness.ch\/it\/wp-json\/wp\/v2\/posts\/68189\/revisions"}],"predecessor-version":[{"id":68193,"href":"https:\/\/www.immobilienbusiness.ch\/it\/wp-json\/wp\/v2\/posts\/68189\/revisions\/68193"}],"wp:featuredmedia":[{"embeddable":true,"href":"https:\/\/www.immobilienbusiness.ch\/it\/wp-json\/wp\/v2\/media\/68192"}],"wp:attachment":[{"href":"https:\/\/www.immobilienbusiness.ch\/it\/wp-json\/wp\/v2\/media?parent=68189"}],"wp:term":[{"taxonomy":"category","embeddable":true,"href":"https:\/\/www.immobilienbusiness.ch\/it\/wp-json\/wp\/v2\/categories?post=68189"},{"taxonomy":"post_tag","embeddable":true,"href":"https:\/\/www.immobilienbusiness.ch\/it\/wp-json\/wp\/v2\/tags?post=68189"}],"curies":[{"name":"wp","href":"https:\/\/api.w.org\/{rel}","templated":true}]}}