{"id":67708,"date":"2026-03-17T07:28:55","date_gmt":"2026-03-17T06:28:55","guid":{"rendered":"https:\/\/www.immobilienbusiness.ch\/?p=67708"},"modified":"2026-03-19T09:59:34","modified_gmt":"2026-03-19T08:59:34","slug":"bern-ausschreibung-fuer-gaswerkareal-und-mittelfeld","status":"publish","type":"post","link":"https:\/\/www.immobilienbusiness.ch\/it\/regionen\/2026-03-17\/bern-ausschreibung-fuer-gaswerkareal-und-mittelfeld\/","title":{"rendered":"Berna: gara d'appalto per il sito Gaswerk e Mittelfeld"},"content":{"rendered":"<figure id=\"attachment_67710\" aria-describedby=\"caption-attachment-67710\" style=\"width: 768px\" class=\"wp-caption alignnone\"><a href=\"https:\/\/www.immobilienbusiness.ch\/wp-content\/uploads\/2026\/03\/Gaswerkareal-zVg-scaled.png\"><img loading=\"lazy\" decoding=\"async\" class=\"size-large wp-image-67710\" src=\"https:\/\/www.immobilienbusiness.ch\/wp-content\/uploads\/2026\/03\/Gaswerkareal-zVg-1024x492.png\" alt=\"\" width=\"768\" height=\"369\" srcset=\"https:\/\/www.immobilienbusiness.ch\/wp-content\/uploads\/2026\/03\/Gaswerkareal-zVg-1024x492.png 1024w, https:\/\/www.immobilienbusiness.ch\/wp-content\/uploads\/2026\/03\/Gaswerkareal-zVg-300x144.png 300w, https:\/\/www.immobilienbusiness.ch\/wp-content\/uploads\/2026\/03\/Gaswerkareal-zVg-768x369.png 768w, https:\/\/www.immobilienbusiness.ch\/wp-content\/uploads\/2026\/03\/Gaswerkareal-zVg-1536x738.png 1536w, https:\/\/www.immobilienbusiness.ch\/wp-content\/uploads\/2026\/03\/Gaswerkareal-zVg-18x9.png 18w, https:\/\/www.immobilienbusiness.ch\/wp-content\/uploads\/2026\/03\/Gaswerkareal-zVg-375x180.png 375w, https:\/\/www.immobilienbusiness.ch\/wp-content\/uploads\/2026\/03\/Gaswerkareal-zVg-728x350.png 728w, https:\/\/www.immobilienbusiness.ch\/wp-content\/uploads\/2026\/03\/Gaswerkareal-zVg-1000x481.png 1000w, https:\/\/www.immobilienbusiness.ch\/wp-content\/uploads\/2026\/03\/Gaswerkareal-zVg-scaled.png 1200w\" sizes=\"auto, (max-width: 768px) 100vw, 768px\" \/><\/a><figcaption id=\"caption-attachment-67710\" class=\"wp-caption-text\">Ecco come si presenta attualmente il sito di Gaswerk (Immagine: Citt\u00e0 di Berna)<\/figcaption><\/figure>\n<p>Allo stesso tempo, la citt\u00e0 di Berna sta lanciando una gara d'appalto per la costruzione di lotti nei siti di Mittelfeld e Gaswerk. In totale, nell'area verranno costruiti appartamenti per circa 4.000 persone. \u00abSiamo alla ricerca di concetti di utilizzo e di gestione innovativi che facciano riferimento alle strategie esistenti e alle condizioni locali\u00bb, si legge. La citt\u00e0 ha fissato il canone di locazione degli edifici a 30 franchi svizzeri per metro quadrato di superficie fuori terra a Mittelfeld e a 26,50 franchi svizzeri per metro quadrato nel sito Gaswerk.<\/p>\n<p>Sul Viererfeld e sull'adiacente Mittelfeld, nella L\u00e4nggasse posteriore, sorger\u00e0 un nuovo quartiere con un totale di circa 1.100 appartamenti. Il Consiglio comunale ha deciso di cedere l'intero Mittelfeld a promotori immobiliari senza scopo di lucro e di dare priorit\u00e0 a questa fase. La seconda fase del Mittelfeld, che \u00e8 stata ora messa a gara, comprende un totale di nove lotti edificabili in due gruppi (nord e sud) con una superficie totale fuori terra di circa 27.000 metri quadrati. I lotti di costruzione saranno assegnati in base alla legge edilizia.<\/p>\n<h3>Appartamenti sul sito di Gaswerk in gran parte a prezzi accessibili<\/h3>\n<p>Un giorno sul sito di Gaswerk verranno costruiti tra i 300 e i 500 nuovi appartamenti, di cui almeno la met\u00e0 sar\u00e0 realizzata da organizzazioni non profit e almeno un altro quarto sar\u00e0 a prezzi accessibili. Con il bando di gara per tre lotti di costruzione nel settore \u00abNord\u00bb e per l'intero settore \u00abSud\u00bb, all'inizio dello sviluppo tutti i lotti di costruzione saranno messi a gara da sviluppatori immobiliari non profit. Il settore \u00abNord\u00bb, tra Monbijoubr\u00fccke, Gaskessel e il parco, \u00e8 incentrato su un \u00abquartiere urbano e vivace\u00bb con un'elevata densit\u00e0 edilizia e di utilizzo. Nel settore \u00abSud\u00bb, circondato da boschi, l'attenzione \u00e8 rivolta a una vita a misura di famiglia. Secondo il progetto indicativo, la superficie fuori terra dei lotti edificabili oggetto della gara ammonta a circa 28.000 metri quadrati.<\/p>\n<p>I promotori immobiliari interessati hanno tempo fino al 7 settembre per presentare il proprio dossier di candidatura. La decisione di aggiudicazione dovrebbe essere presa nel dicembre 2026. I promotori immobiliari senza scopo di lucro inizieranno quindi a sviluppare i loro progetti.<\/p>","protected":false},"excerpt":{"rendered":"<p>Sui due siti verranno costruiti appartamenti per una superficie complessiva di circa 55.000 metri quadrati. L'affitto del terreno \u00e8 di 30 franchi al metro quadro per il sito di Mittelfeld e di 26,50 franchi per il sito di Gaswerk.<\/p>","protected":false},"author":102,"featured_media":67710,"comment_status":"closed","ping_status":"closed","sticky":false,"template":"","format":"standard","meta":{"_acf_changed":false,"_yoast_wpseo_focuskw":"Bern","_yoast_wpseo_title":"","_yoast_wpseo_metadesc":"Auf den beiden Arealen sollen zusammen 1.000 Wohnungen entstehen. Die Baurechtszinsen betragen 30 Franken pro Quadratmeter auf dem Mittelfeld und 26,50 Franken auf dem Gaswerkareal.","_yoast_wpseo_linkdex":72,"pgc_sgb_lightbox_settings":"","footnotes":""},"categories":[985],"tags":[1091,3051,1492,2320,1579,1600,2521],"class_list":["post-67708","post","type-post","status-publish","format-standard","has-post-thumbnail","hentry","category-regionen","tag-bern","tag-genossenschaft","tag-mietwohnungen","tag-oeffentliche-hand","tag-politik","tag-projekt-in-planung","tag-quartier"],"acf":[],"yoast_head":"<!-- This site is optimized with the Yoast SEO plugin v27.5 - https:\/\/yoast.com\/product\/yoast-seo-wordpress\/ -->\n<title>Bern: Ausschreibung f\u00fcr Gaswerkareal und Mittelfeld - IMMOBILIEN Business<\/title>\n<meta name=\"description\" content=\"Auf den beiden Arealen sollen zusammen 1.000 Wohnungen entstehen. Die Baurechtszinsen betragen 30 Franken pro Quadratmeter auf dem Mittelfeld und 26,50 Franken auf dem Gaswerkareal.\" \/>\n<meta name=\"robots\" content=\"index, follow, max-snippet:-1, max-image-preview:large, max-video-preview:-1\" \/>\n<link rel=\"canonical\" href=\"https:\/\/www.immobilienbusiness.ch\/it\/regionen\/2026-03-17\/bern-ausschreibung-fuer-gaswerkareal-und-mittelfeld\/\" \/>\n<meta property=\"og:locale\" content=\"it_IT\" \/>\n<meta property=\"og:type\" content=\"article\" \/>\n<meta property=\"og:title\" content=\"Bern: Ausschreibung f\u00fcr Gaswerkareal und Mittelfeld - IMMOBILIEN Business\" \/>\n<meta property=\"og:description\" content=\"Auf den beiden Arealen sollen zusammen 1.000 Wohnungen entstehen. Die Baurechtszinsen betragen 30 Franken pro Quadratmeter auf dem Mittelfeld und 26,50 Franken auf dem Gaswerkareal.\" \/>\n<meta property=\"og:url\" content=\"https:\/\/www.immobilienbusiness.ch\/it\/regionen\/2026-03-17\/bern-ausschreibung-fuer-gaswerkareal-und-mittelfeld\/\" \/>\n<meta property=\"og:site_name\" content=\"IMMOBILIEN Business\" \/>\n<meta property=\"article:publisher\" content=\"https:\/\/www.facebook.com\/immobilienbusiness\/\" \/>\n<meta property=\"article:published_time\" content=\"2026-03-17T06:28:55+00:00\" \/>\n<meta property=\"article:modified_time\" content=\"2026-03-19T08:59:34+00:00\" \/>\n<meta property=\"og:image\" content=\"https:\/\/www.immobilienbusiness.ch\/wp-content\/uploads\/2026\/03\/Gaswerkareal-zVg-scaled.png\" \/>\n\t<meta property=\"og:image:width\" content=\"1200\" \/>\n\t<meta property=\"og:image:height\" content=\"577\" \/>\n\t<meta property=\"og:image:type\" content=\"image\/png\" \/>\n<meta name=\"author\" content=\"Alexander Wachter\" \/>\n<meta name=\"twitter:card\" content=\"summary_large_image\" \/>\n<script type=\"application\/ld+json\" class=\"yoast-schema-graph\">{\"@context\":\"https:\\\/\\\/schema.org\",\"@graph\":[{\"@type\":\"Article\",\"@id\":\"https:\\\/\\\/www.immobilienbusiness.ch\\\/regionen\\\/2026-03-17\\\/bern-ausschreibung-fuer-gaswerkareal-und-mittelfeld\\\/#article\",\"isPartOf\":{\"@id\":\"https:\\\/\\\/www.immobilienbusiness.ch\\\/regionen\\\/2026-03-17\\\/bern-ausschreibung-fuer-gaswerkareal-und-mittelfeld\\\/\"},\"author\":{\"name\":\"Alexander Wachter\",\"@id\":\"https:\\\/\\\/www.immobilienbusiness.ch\\\/#\\\/schema\\\/person\\\/aba8bea2db926aa0c24c08c43fe1fcd5\"},\"headline\":\"Bern: Ausschreibung f\u00fcr Gaswerkareal und Mittelfeld\",\"datePublished\":\"2026-03-17T06:28:55+00:00\",\"dateModified\":\"2026-03-19T08:59:34+00:00\",\"mainEntityOfPage\":{\"@id\":\"https:\\\/\\\/www.immobilienbusiness.ch\\\/regionen\\\/2026-03-17\\\/bern-ausschreibung-fuer-gaswerkareal-und-mittelfeld\\\/\"},\"wordCount\":303,\"publisher\":{\"@id\":\"https:\\\/\\\/www.immobilienbusiness.ch\\\/#organization\"},\"image\":{\"@id\":\"https:\\\/\\\/www.immobilienbusiness.ch\\\/regionen\\\/2026-03-17\\\/bern-ausschreibung-fuer-gaswerkareal-und-mittelfeld\\\/#primaryimage\"},\"thumbnailUrl\":\"https:\\\/\\\/www.immobilienbusiness.ch\\\/wp-content\\\/uploads\\\/2026\\\/03\\\/Gaswerkareal-zVg-scaled.png\",\"keywords\":[\"Bern\",\"Genossenschaft\",\"Mietwohnungen\",\"\u00d6ffentliche Hand\",\"Politik\",\"Projekt in Planung\",\"Quartier\"],\"articleSection\":[\"REGIONEN\"],\"inLanguage\":\"it-IT\"},{\"@type\":\"WebPage\",\"@id\":\"https:\\\/\\\/www.immobilienbusiness.ch\\\/regionen\\\/2026-03-17\\\/bern-ausschreibung-fuer-gaswerkareal-und-mittelfeld\\\/\",\"url\":\"https:\\\/\\\/www.immobilienbusiness.ch\\\/regionen\\\/2026-03-17\\\/bern-ausschreibung-fuer-gaswerkareal-und-mittelfeld\\\/\",\"name\":\"Bern: Ausschreibung f\u00fcr Gaswerkareal und Mittelfeld - IMMOBILIEN Business\",\"isPartOf\":{\"@id\":\"https:\\\/\\\/www.immobilienbusiness.ch\\\/#website\"},\"primaryImageOfPage\":{\"@id\":\"https:\\\/\\\/www.immobilienbusiness.ch\\\/regionen\\\/2026-03-17\\\/bern-ausschreibung-fuer-gaswerkareal-und-mittelfeld\\\/#primaryimage\"},\"image\":{\"@id\":\"https:\\\/\\\/www.immobilienbusiness.ch\\\/regionen\\\/2026-03-17\\\/bern-ausschreibung-fuer-gaswerkareal-und-mittelfeld\\\/#primaryimage\"},\"thumbnailUrl\":\"https:\\\/\\\/www.immobilienbusiness.ch\\\/wp-content\\\/uploads\\\/2026\\\/03\\\/Gaswerkareal-zVg-scaled.png\",\"datePublished\":\"2026-03-17T06:28:55+00:00\",\"dateModified\":\"2026-03-19T08:59:34+00:00\",\"description\":\"Auf den beiden Arealen sollen zusammen 1.000 Wohnungen entstehen. Die Baurechtszinsen betragen 30 Franken pro Quadratmeter auf dem Mittelfeld und 26,50 Franken auf dem Gaswerkareal.\",\"breadcrumb\":{\"@id\":\"https:\\\/\\\/www.immobilienbusiness.ch\\\/regionen\\\/2026-03-17\\\/bern-ausschreibung-fuer-gaswerkareal-und-mittelfeld\\\/#breadcrumb\"},\"inLanguage\":\"it-IT\",\"potentialAction\":[{\"@type\":\"ReadAction\",\"target\":[\"https:\\\/\\\/www.immobilienbusiness.ch\\\/regionen\\\/2026-03-17\\\/bern-ausschreibung-fuer-gaswerkareal-und-mittelfeld\\\/\"]}]},{\"@type\":\"ImageObject\",\"inLanguage\":\"it-IT\",\"@id\":\"https:\\\/\\\/www.immobilienbusiness.ch\\\/regionen\\\/2026-03-17\\\/bern-ausschreibung-fuer-gaswerkareal-und-mittelfeld\\\/#primaryimage\",\"url\":\"https:\\\/\\\/www.immobilienbusiness.ch\\\/wp-content\\\/uploads\\\/2026\\\/03\\\/Gaswerkareal-zVg-scaled.png\",\"contentUrl\":\"https:\\\/\\\/www.immobilienbusiness.ch\\\/wp-content\\\/uploads\\\/2026\\\/03\\\/Gaswerkareal-zVg-scaled.png\",\"width\":1200,\"height\":577,\"caption\":\"So sieht das Gaswerkareal derzeit aus (Bild: Stadt Bern)\"},{\"@type\":\"BreadcrumbList\",\"@id\":\"https:\\\/\\\/www.immobilienbusiness.ch\\\/regionen\\\/2026-03-17\\\/bern-ausschreibung-fuer-gaswerkareal-und-mittelfeld\\\/#breadcrumb\",\"itemListElement\":[{\"@type\":\"ListItem\",\"position\":1,\"name\":\"Home\",\"item\":\"https:\\\/\\\/www.immobilienbusiness.ch\\\/\"},{\"@type\":\"ListItem\",\"position\":2,\"name\":\"Bern: Ausschreibung f\u00fcr Gaswerkareal und Mittelfeld\"}]},{\"@type\":\"WebSite\",\"@id\":\"https:\\\/\\\/www.immobilienbusiness.ch\\\/#website\",\"url\":\"https:\\\/\\\/www.immobilienbusiness.ch\\\/\",\"name\":\"IMMOBILIEN Business\",\"description\":\"Unabh\u00e4ngiges Schweizer Wirtschaftsmagazin mit Fokus auf Immobilien, Architektur- und Bau sowie Investment- und Finanzierung.\",\"publisher\":{\"@id\":\"https:\\\/\\\/www.immobilienbusiness.ch\\\/#organization\"},\"potentialAction\":[{\"@type\":\"SearchAction\",\"target\":{\"@type\":\"EntryPoint\",\"urlTemplate\":\"https:\\\/\\\/www.immobilienbusiness.ch\\\/?s={search_term_string}\"},\"query-input\":{\"@type\":\"PropertyValueSpecification\",\"valueRequired\":true,\"valueName\":\"search_term_string\"}}],\"inLanguage\":\"it-IT\"},{\"@type\":\"Organization\",\"@id\":\"https:\\\/\\\/www.immobilienbusiness.ch\\\/#organization\",\"name\":\"IMMOBILIEN Business\",\"url\":\"https:\\\/\\\/www.immobilienbusiness.ch\\\/\",\"logo\":{\"@type\":\"ImageObject\",\"inLanguage\":\"it-IT\",\"@id\":\"https:\\\/\\\/www.immobilienbusiness.ch\\\/#\\\/schema\\\/logo\\\/image\\\/\",\"url\":\"https:\\\/\\\/www.immobilienbusiness.ch\\\/wp-content\\\/uploads\\\/2021\\\/07\\\/logo_ib.png\",\"contentUrl\":\"https:\\\/\\\/www.immobilienbusiness.ch\\\/wp-content\\\/uploads\\\/2021\\\/07\\\/logo_ib.png\",\"width\":800,\"height\":181,\"caption\":\"IMMOBILIEN Business\"},\"image\":{\"@id\":\"https:\\\/\\\/www.immobilienbusiness.ch\\\/#\\\/schema\\\/logo\\\/image\\\/\"},\"sameAs\":[\"https:\\\/\\\/www.facebook.com\\\/immobilienbusiness\\\/\"]},{\"@type\":\"Person\",\"@id\":\"https:\\\/\\\/www.immobilienbusiness.ch\\\/#\\\/schema\\\/person\\\/aba8bea2db926aa0c24c08c43fe1fcd5\",\"name\":\"Alexander Wachter\",\"image\":{\"@type\":\"ImageObject\",\"inLanguage\":\"it-IT\",\"@id\":\"https:\\\/\\\/secure.gravatar.com\\\/avatar\\\/1a09e471f5389b0e0a6416eac287e0927c7c97a7b77f9e787eba3af7aee281dd?s=96&d=mm&r=g\",\"url\":\"https:\\\/\\\/secure.gravatar.com\\\/avatar\\\/1a09e471f5389b0e0a6416eac287e0927c7c97a7b77f9e787eba3af7aee281dd?s=96&d=mm&r=g\",\"contentUrl\":\"https:\\\/\\\/secure.gravatar.com\\\/avatar\\\/1a09e471f5389b0e0a6416eac287e0927c7c97a7b77f9e787eba3af7aee281dd?s=96&d=mm&r=g\",\"caption\":\"Alexander Wachter\"},\"url\":\"https:\\\/\\\/www.immobilienbusiness.ch\\\/it\\\/author\\\/alexander-wachter\\\/\"}]}<\/script>\n<!-- \/ Yoast SEO plugin. -->","yoast_head_json":{"title":"Bern: Ausschreibung f\u00fcr Gaswerkareal und Mittelfeld - IMMOBILIEN Business","description":"Auf den beiden Arealen sollen zusammen 1.000 Wohnungen entstehen. Die Baurechtszinsen betragen 30 Franken pro Quadratmeter auf dem Mittelfeld und 26,50 Franken auf dem Gaswerkareal.","robots":{"index":"index","follow":"follow","max-snippet":"max-snippet:-1","max-image-preview":"max-image-preview:large","max-video-preview":"max-video-preview:-1"},"canonical":"https:\/\/www.immobilienbusiness.ch\/it\/regionen\/2026-03-17\/bern-ausschreibung-fuer-gaswerkareal-und-mittelfeld\/","og_locale":"it_IT","og_type":"article","og_title":"Bern: Ausschreibung f\u00fcr Gaswerkareal und Mittelfeld - IMMOBILIEN Business","og_description":"Auf den beiden Arealen sollen zusammen 1.000 Wohnungen entstehen. Die Baurechtszinsen betragen 30 Franken pro Quadratmeter auf dem Mittelfeld und 26,50 Franken auf dem Gaswerkareal.","og_url":"https:\/\/www.immobilienbusiness.ch\/it\/regionen\/2026-03-17\/bern-ausschreibung-fuer-gaswerkareal-und-mittelfeld\/","og_site_name":"IMMOBILIEN Business","article_publisher":"https:\/\/www.facebook.com\/immobilienbusiness\/","article_published_time":"2026-03-17T06:28:55+00:00","article_modified_time":"2026-03-19T08:59:34+00:00","og_image":[{"width":1200,"height":577,"url":"https:\/\/www.immobilienbusiness.ch\/wp-content\/uploads\/2026\/03\/Gaswerkareal-zVg-scaled.png","type":"image\/png"}],"author":"Alexander Wachter","twitter_card":"summary_large_image","schema":{"@context":"https:\/\/schema.org","@graph":[{"@type":"Article","@id":"https:\/\/www.immobilienbusiness.ch\/regionen\/2026-03-17\/bern-ausschreibung-fuer-gaswerkareal-und-mittelfeld\/#article","isPartOf":{"@id":"https:\/\/www.immobilienbusiness.ch\/regionen\/2026-03-17\/bern-ausschreibung-fuer-gaswerkareal-und-mittelfeld\/"},"author":{"name":"Alexander Wachter","@id":"https:\/\/www.immobilienbusiness.ch\/#\/schema\/person\/aba8bea2db926aa0c24c08c43fe1fcd5"},"headline":"Bern: Ausschreibung f\u00fcr Gaswerkareal und Mittelfeld","datePublished":"2026-03-17T06:28:55+00:00","dateModified":"2026-03-19T08:59:34+00:00","mainEntityOfPage":{"@id":"https:\/\/www.immobilienbusiness.ch\/regionen\/2026-03-17\/bern-ausschreibung-fuer-gaswerkareal-und-mittelfeld\/"},"wordCount":303,"publisher":{"@id":"https:\/\/www.immobilienbusiness.ch\/#organization"},"image":{"@id":"https:\/\/www.immobilienbusiness.ch\/regionen\/2026-03-17\/bern-ausschreibung-fuer-gaswerkareal-und-mittelfeld\/#primaryimage"},"thumbnailUrl":"https:\/\/www.immobilienbusiness.ch\/wp-content\/uploads\/2026\/03\/Gaswerkareal-zVg-scaled.png","keywords":["Bern","Genossenschaft","Mietwohnungen","\u00d6ffentliche Hand","Politik","Projekt in Planung","Quartier"],"articleSection":["REGIONEN"],"inLanguage":"it-IT"},{"@type":"WebPage","@id":"https:\/\/www.immobilienbusiness.ch\/regionen\/2026-03-17\/bern-ausschreibung-fuer-gaswerkareal-und-mittelfeld\/","url":"https:\/\/www.immobilienbusiness.ch\/regionen\/2026-03-17\/bern-ausschreibung-fuer-gaswerkareal-und-mittelfeld\/","name":"Bern: Ausschreibung f\u00fcr Gaswerkareal und Mittelfeld - IMMOBILIEN Business","isPartOf":{"@id":"https:\/\/www.immobilienbusiness.ch\/#website"},"primaryImageOfPage":{"@id":"https:\/\/www.immobilienbusiness.ch\/regionen\/2026-03-17\/bern-ausschreibung-fuer-gaswerkareal-und-mittelfeld\/#primaryimage"},"image":{"@id":"https:\/\/www.immobilienbusiness.ch\/regionen\/2026-03-17\/bern-ausschreibung-fuer-gaswerkareal-und-mittelfeld\/#primaryimage"},"thumbnailUrl":"https:\/\/www.immobilienbusiness.ch\/wp-content\/uploads\/2026\/03\/Gaswerkareal-zVg-scaled.png","datePublished":"2026-03-17T06:28:55+00:00","dateModified":"2026-03-19T08:59:34+00:00","description":"Auf den beiden Arealen sollen zusammen 1.000 Wohnungen entstehen. Die Baurechtszinsen betragen 30 Franken pro Quadratmeter auf dem Mittelfeld und 26,50 Franken auf dem Gaswerkareal.","breadcrumb":{"@id":"https:\/\/www.immobilienbusiness.ch\/regionen\/2026-03-17\/bern-ausschreibung-fuer-gaswerkareal-und-mittelfeld\/#breadcrumb"},"inLanguage":"it-IT","potentialAction":[{"@type":"ReadAction","target":["https:\/\/www.immobilienbusiness.ch\/regionen\/2026-03-17\/bern-ausschreibung-fuer-gaswerkareal-und-mittelfeld\/"]}]},{"@type":"ImageObject","inLanguage":"it-IT","@id":"https:\/\/www.immobilienbusiness.ch\/regionen\/2026-03-17\/bern-ausschreibung-fuer-gaswerkareal-und-mittelfeld\/#primaryimage","url":"https:\/\/www.immobilienbusiness.ch\/wp-content\/uploads\/2026\/03\/Gaswerkareal-zVg-scaled.png","contentUrl":"https:\/\/www.immobilienbusiness.ch\/wp-content\/uploads\/2026\/03\/Gaswerkareal-zVg-scaled.png","width":1200,"height":577,"caption":"So sieht das Gaswerkareal derzeit aus (Bild: Stadt Bern)"},{"@type":"BreadcrumbList","@id":"https:\/\/www.immobilienbusiness.ch\/regionen\/2026-03-17\/bern-ausschreibung-fuer-gaswerkareal-und-mittelfeld\/#breadcrumb","itemListElement":[{"@type":"ListItem","position":1,"name":"Home","item":"https:\/\/www.immobilienbusiness.ch\/"},{"@type":"ListItem","position":2,"name":"Bern: Ausschreibung f\u00fcr Gaswerkareal und Mittelfeld"}]},{"@type":"WebSite","@id":"https:\/\/www.immobilienbusiness.ch\/#website","url":"https:\/\/www.immobilienbusiness.ch\/","name":"Affari immobiliari","description":"Rivista economica indipendente svizzera che si concentra sul settore immobiliare, l'architettura e la costruzione, nonch\u00e9 sugli investimenti e i finanziamenti.","publisher":{"@id":"https:\/\/www.immobilienbusiness.ch\/#organization"},"potentialAction":[{"@type":"SearchAction","target":{"@type":"EntryPoint","urlTemplate":"https:\/\/www.immobilienbusiness.ch\/?s={search_term_string}"},"query-input":{"@type":"PropertyValueSpecification","valueRequired":true,"valueName":"search_term_string"}}],"inLanguage":"it-IT"},{"@type":"Organization","@id":"https:\/\/www.immobilienbusiness.ch\/#organization","name":"Affari immobiliari","url":"https:\/\/www.immobilienbusiness.ch\/","logo":{"@type":"ImageObject","inLanguage":"it-IT","@id":"https:\/\/www.immobilienbusiness.ch\/#\/schema\/logo\/image\/","url":"https:\/\/www.immobilienbusiness.ch\/wp-content\/uploads\/2021\/07\/logo_ib.png","contentUrl":"https:\/\/www.immobilienbusiness.ch\/wp-content\/uploads\/2021\/07\/logo_ib.png","width":800,"height":181,"caption":"IMMOBILIEN Business"},"image":{"@id":"https:\/\/www.immobilienbusiness.ch\/#\/schema\/logo\/image\/"},"sameAs":["https:\/\/www.facebook.com\/immobilienbusiness\/"]},{"@type":"Person","@id":"https:\/\/www.immobilienbusiness.ch\/#\/schema\/person\/aba8bea2db926aa0c24c08c43fe1fcd5","name":"Alexander Wachter","image":{"@type":"ImageObject","inLanguage":"it-IT","@id":"https:\/\/secure.gravatar.com\/avatar\/1a09e471f5389b0e0a6416eac287e0927c7c97a7b77f9e787eba3af7aee281dd?s=96&d=mm&r=g","url":"https:\/\/secure.gravatar.com\/avatar\/1a09e471f5389b0e0a6416eac287e0927c7c97a7b77f9e787eba3af7aee281dd?s=96&d=mm&r=g","contentUrl":"https:\/\/secure.gravatar.com\/avatar\/1a09e471f5389b0e0a6416eac287e0927c7c97a7b77f9e787eba3af7aee281dd?s=96&d=mm&r=g","caption":"Alexander Wachter"},"url":"https:\/\/www.immobilienbusiness.ch\/it\/author\/alexander-wachter\/"}]}},"_links":{"self":[{"href":"https:\/\/www.immobilienbusiness.ch\/it\/wp-json\/wp\/v2\/posts\/67708","targetHints":{"allow":["GET"]}}],"collection":[{"href":"https:\/\/www.immobilienbusiness.ch\/it\/wp-json\/wp\/v2\/posts"}],"about":[{"href":"https:\/\/www.immobilienbusiness.ch\/it\/wp-json\/wp\/v2\/types\/post"}],"author":[{"embeddable":true,"href":"https:\/\/www.immobilienbusiness.ch\/it\/wp-json\/wp\/v2\/users\/102"}],"replies":[{"embeddable":true,"href":"https:\/\/www.immobilienbusiness.ch\/it\/wp-json\/wp\/v2\/comments?post=67708"}],"version-history":[{"count":4,"href":"https:\/\/www.immobilienbusiness.ch\/it\/wp-json\/wp\/v2\/posts\/67708\/revisions"}],"predecessor-version":[{"id":67714,"href":"https:\/\/www.immobilienbusiness.ch\/it\/wp-json\/wp\/v2\/posts\/67708\/revisions\/67714"}],"wp:featuredmedia":[{"embeddable":true,"href":"https:\/\/www.immobilienbusiness.ch\/it\/wp-json\/wp\/v2\/media\/67710"}],"wp:attachment":[{"href":"https:\/\/www.immobilienbusiness.ch\/it\/wp-json\/wp\/v2\/media?parent=67708"}],"wp:term":[{"taxonomy":"category","embeddable":true,"href":"https:\/\/www.immobilienbusiness.ch\/it\/wp-json\/wp\/v2\/categories?post=67708"},{"taxonomy":"post_tag","embeddable":true,"href":"https:\/\/www.immobilienbusiness.ch\/it\/wp-json\/wp\/v2\/tags?post=67708"}],"curies":[{"name":"wp","href":"https:\/\/api.w.org\/{rel}","templated":true}]}}