{"id":67702,"date":"2026-03-16T04:39:38","date_gmt":"2026-03-16T03:39:38","guid":{"rendered":"https:\/\/www.immobilienbusiness.ch\/?p=67702"},"modified":"2026-03-19T10:01:50","modified_gmt":"2026-03-19T09:01:50","slug":"erres-ci-commercial-fonds-schliesst-emission-ab","status":"publish","type":"post","link":"https:\/\/www.immobilienbusiness.ch\/it\/unternehmen\/2026-03-16\/erres-ci-commercial-fonds-schliesst-emission-ab\/","title":{"rendered":"Erres-CI: il fondo commerciale completa l'emissione"},"content":{"rendered":"<figure id=\"attachment_64854\" aria-describedby=\"caption-attachment-64854\" style=\"width: 768px\" class=\"wp-caption alignnone\"><a href=\"https:\/\/www.immobilienbusiness.ch\/wp-content\/uploads\/2025\/08\/Depositphotos_737666598_LCHF-scaled.jpg\"><img loading=\"lazy\" decoding=\"async\" class=\"size-large wp-image-64854\" src=\"https:\/\/www.immobilienbusiness.ch\/wp-content\/uploads\/2025\/08\/Depositphotos_737666598_LCHF-1024x682.jpg\" alt=\"\" width=\"768\" height=\"512\" srcset=\"https:\/\/www.immobilienbusiness.ch\/wp-content\/uploads\/2025\/08\/Depositphotos_737666598_LCHF-1024x682.jpg 1024w, https:\/\/www.immobilienbusiness.ch\/wp-content\/uploads\/2025\/08\/Depositphotos_737666598_LCHF-300x200.jpg 300w, https:\/\/www.immobilienbusiness.ch\/wp-content\/uploads\/2025\/08\/Depositphotos_737666598_LCHF-768x512.jpg 768w, https:\/\/www.immobilienbusiness.ch\/wp-content\/uploads\/2025\/08\/Depositphotos_737666598_LCHF-1536x1024.jpg 1536w, https:\/\/www.immobilienbusiness.ch\/wp-content\/uploads\/2025\/08\/Depositphotos_737666598_LCHF-18x12.jpg 18w, https:\/\/www.immobilienbusiness.ch\/wp-content\/uploads\/2025\/08\/Depositphotos_737666598_LCHF-375x250.jpg 375w, https:\/\/www.immobilienbusiness.ch\/wp-content\/uploads\/2025\/08\/Depositphotos_737666598_LCHF-525x350.jpg 525w, https:\/\/www.immobilienbusiness.ch\/wp-content\/uploads\/2025\/08\/Depositphotos_737666598_LCHF-1000x667.jpg 1000w, https:\/\/www.immobilienbusiness.ch\/wp-content\/uploads\/2025\/08\/Depositphotos_737666598_LCHF-scaled.jpg 1200w\" sizes=\"auto, (max-width: 768px) 100vw, 768px\" \/><\/a><figcaption id=\"caption-attachment-64854\" class=\"wp-caption-text\">Il fondo immobiliare Erres-CI ha ricevuto nuovi fondi per le acquisizioni (Immagine: Depositphotos)<\/figcaption><\/figure>\n<p>Il fondo immobiliare \u00abEdmond de Rothschild Real Estate Sicav - Commercial Income (Erres-CI)\u00bb ha registrato un afflusso totale di 71,1 milioni di franchi svizzeri dopo la chiusura del periodo di sottoscrizione il 6 marzo nell'ambito dell'ultimo aumento di capitale. Ci\u00f2 consentir\u00e0 l'acquisizione di immobili gi\u00e0 garantiti per un totale di oltre 100 milioni di franchi svizzeri.<\/p>\n<p>Il fondo si \u00e8 posto l'obiettivo di distribuire un dividendo di almeno 4,50 franchi per azione su base annua. Erres-CI \u00e8 stato fondato nel luglio 2024 e in meno di 20 mesi il gestore Edmond de Rothschild REIM (Suisse) SA ha costituito un portafoglio di 17 immobili con un valore di mercato di circa 400 milioni di franchi. Il portafoglio comprende immobili commerciali core e core+ ed \u00e8 diversificato nei segmenti uffici, industria e industria leggera\/logistica, nonch\u00e9 immobili operativi con destinazioni d'uso quali residenze alberghiere, residenze per studenti e anziani, immobili sanitari, cliniche e scuole.<\/p>","protected":false},"excerpt":{"rendered":"<p>La quarta emissione del fondo Edmond de Rothschild, che si concentra sull'uso commerciale, ha raccolto ben 71 milioni di franchi svizzeri per le acquisizioni.<\/p>","protected":false},"author":102,"featured_media":64854,"comment_status":"closed","ping_status":"closed","sticky":false,"template":"","format":"standard","meta":{"_acf_changed":false,"_yoast_wpseo_focuskw":"Rothschild","_yoast_wpseo_title":"","_yoast_wpseo_metadesc":"Die mittlerweile vierte Emission des Edmond-de-Rothschild-Fonds, der auf kommerzielle Nutzungen setzt, hat gut 71 Millionen Franken f\u00fcr Zuk\u00e4ufe eingebracht.","_yoast_wpseo_linkdex":63,"pgc_sgb_lightbox_settings":"","footnotes":""},"categories":[988],"tags":[1118,4467,1269,1344,4468,1451,3785,2323,1967],"class_list":["post-67702","post","type-post","status-publish","format-standard","has-post-thumbnail","hentry","category-unternehmen","tag-buero","tag-erres-ci","tag-gesundheitsimmobilien","tag-immobilienfonds","tag-industrial","tag-logistik","tag-potenzieller-kaeufer","tag-seniorenimmobilien","tag-student-housing"],"acf":[],"yoast_head":"<!-- This site is optimized with the Yoast SEO plugin v27.4 - https:\/\/yoast.com\/product\/yoast-seo-wordpress\/ -->\n<title>Erres-CI: Commercial-Fonds schliesst Emission ab - IMMOBILIEN Business<\/title>\n<meta name=\"description\" content=\"Die mittlerweile vierte Emission des Edmond-de-Rothschild-Fonds, der auf kommerzielle Nutzungen setzt, hat gut 71 Millionen Franken f\u00fcr Zuk\u00e4ufe eingebracht.\" \/>\n<meta name=\"robots\" content=\"index, follow, max-snippet:-1, max-image-preview:large, max-video-preview:-1\" \/>\n<link rel=\"canonical\" href=\"https:\/\/www.immobilienbusiness.ch\/it\/unternehmen\/2026-03-16\/erres-ci-commercial-fonds-schliesst-emission-ab\/\" \/>\n<meta property=\"og:locale\" content=\"it_IT\" \/>\n<meta property=\"og:type\" content=\"article\" \/>\n<meta property=\"og:title\" content=\"Erres-CI: Commercial-Fonds schliesst Emission ab - IMMOBILIEN Business\" \/>\n<meta property=\"og:description\" content=\"Die mittlerweile vierte Emission des Edmond-de-Rothschild-Fonds, der auf kommerzielle Nutzungen setzt, hat gut 71 Millionen Franken f\u00fcr Zuk\u00e4ufe eingebracht.\" \/>\n<meta property=\"og:url\" content=\"https:\/\/www.immobilienbusiness.ch\/it\/unternehmen\/2026-03-16\/erres-ci-commercial-fonds-schliesst-emission-ab\/\" \/>\n<meta property=\"og:site_name\" content=\"IMMOBILIEN Business\" \/>\n<meta property=\"article:publisher\" content=\"https:\/\/www.facebook.com\/immobilienbusiness\/\" \/>\n<meta property=\"article:published_time\" content=\"2026-03-16T03:39:38+00:00\" \/>\n<meta property=\"article:modified_time\" content=\"2026-03-19T09:01:50+00:00\" \/>\n<meta property=\"og:image\" content=\"https:\/\/www.immobilienbusiness.ch\/wp-content\/uploads\/2025\/08\/Depositphotos_737666598_LCHF-scaled.jpg\" \/>\n\t<meta property=\"og:image:width\" content=\"1200\" \/>\n\t<meta property=\"og:image:height\" content=\"800\" \/>\n\t<meta property=\"og:image:type\" content=\"image\/jpeg\" \/>\n<meta name=\"author\" content=\"Alexander Wachter\" \/>\n<meta name=\"twitter:card\" content=\"summary_large_image\" \/>\n<script type=\"application\/ld+json\" class=\"yoast-schema-graph\">{\"@context\":\"https:\\\/\\\/schema.org\",\"@graph\":[{\"@type\":\"Article\",\"@id\":\"https:\\\/\\\/www.immobilienbusiness.ch\\\/unternehmen\\\/2026-03-16\\\/erres-ci-commercial-fonds-schliesst-emission-ab\\\/#article\",\"isPartOf\":{\"@id\":\"https:\\\/\\\/www.immobilienbusiness.ch\\\/unternehmen\\\/2026-03-16\\\/erres-ci-commercial-fonds-schliesst-emission-ab\\\/\"},\"author\":{\"name\":\"Alexander Wachter\",\"@id\":\"https:\\\/\\\/www.immobilienbusiness.ch\\\/#\\\/schema\\\/person\\\/aba8bea2db926aa0c24c08c43fe1fcd5\"},\"headline\":\"Erres-CI: Commercial-Fonds schliesst Emission ab\",\"datePublished\":\"2026-03-16T03:39:38+00:00\",\"dateModified\":\"2026-03-19T09:01:50+00:00\",\"mainEntityOfPage\":{\"@id\":\"https:\\\/\\\/www.immobilienbusiness.ch\\\/unternehmen\\\/2026-03-16\\\/erres-ci-commercial-fonds-schliesst-emission-ab\\\/\"},\"wordCount\":158,\"publisher\":{\"@id\":\"https:\\\/\\\/www.immobilienbusiness.ch\\\/#organization\"},\"image\":{\"@id\":\"https:\\\/\\\/www.immobilienbusiness.ch\\\/unternehmen\\\/2026-03-16\\\/erres-ci-commercial-fonds-schliesst-emission-ab\\\/#primaryimage\"},\"thumbnailUrl\":\"https:\\\/\\\/www.immobilienbusiness.ch\\\/wp-content\\\/uploads\\\/2025\\\/08\\\/Depositphotos_737666598_LCHF-scaled.jpg\",\"keywords\":[\"B\u00fcro\",\"Erres-CI\",\"Gesundheitsimmobilien\",\"Immobilienfonds\",\"Industrial\",\"Logistik\",\"potenzieller K\u00e4ufer\",\"Seniorenimmobilien\",\"Student-Housing\"],\"articleSection\":[\"UNTERNEHMEN\"],\"inLanguage\":\"it-IT\"},{\"@type\":\"WebPage\",\"@id\":\"https:\\\/\\\/www.immobilienbusiness.ch\\\/unternehmen\\\/2026-03-16\\\/erres-ci-commercial-fonds-schliesst-emission-ab\\\/\",\"url\":\"https:\\\/\\\/www.immobilienbusiness.ch\\\/unternehmen\\\/2026-03-16\\\/erres-ci-commercial-fonds-schliesst-emission-ab\\\/\",\"name\":\"Erres-CI: Commercial-Fonds schliesst Emission ab - IMMOBILIEN Business\",\"isPartOf\":{\"@id\":\"https:\\\/\\\/www.immobilienbusiness.ch\\\/#website\"},\"primaryImageOfPage\":{\"@id\":\"https:\\\/\\\/www.immobilienbusiness.ch\\\/unternehmen\\\/2026-03-16\\\/erres-ci-commercial-fonds-schliesst-emission-ab\\\/#primaryimage\"},\"image\":{\"@id\":\"https:\\\/\\\/www.immobilienbusiness.ch\\\/unternehmen\\\/2026-03-16\\\/erres-ci-commercial-fonds-schliesst-emission-ab\\\/#primaryimage\"},\"thumbnailUrl\":\"https:\\\/\\\/www.immobilienbusiness.ch\\\/wp-content\\\/uploads\\\/2025\\\/08\\\/Depositphotos_737666598_LCHF-scaled.jpg\",\"datePublished\":\"2026-03-16T03:39:38+00:00\",\"dateModified\":\"2026-03-19T09:01:50+00:00\",\"description\":\"Die mittlerweile vierte Emission des Edmond-de-Rothschild-Fonds, der auf kommerzielle Nutzungen setzt, hat gut 71 Millionen Franken f\u00fcr Zuk\u00e4ufe eingebracht.\",\"breadcrumb\":{\"@id\":\"https:\\\/\\\/www.immobilienbusiness.ch\\\/unternehmen\\\/2026-03-16\\\/erres-ci-commercial-fonds-schliesst-emission-ab\\\/#breadcrumb\"},\"inLanguage\":\"it-IT\",\"potentialAction\":[{\"@type\":\"ReadAction\",\"target\":[\"https:\\\/\\\/www.immobilienbusiness.ch\\\/unternehmen\\\/2026-03-16\\\/erres-ci-commercial-fonds-schliesst-emission-ab\\\/\"]}]},{\"@type\":\"ImageObject\",\"inLanguage\":\"it-IT\",\"@id\":\"https:\\\/\\\/www.immobilienbusiness.ch\\\/unternehmen\\\/2026-03-16\\\/erres-ci-commercial-fonds-schliesst-emission-ab\\\/#primaryimage\",\"url\":\"https:\\\/\\\/www.immobilienbusiness.ch\\\/wp-content\\\/uploads\\\/2025\\\/08\\\/Depositphotos_737666598_LCHF-scaled.jpg\",\"contentUrl\":\"https:\\\/\\\/www.immobilienbusiness.ch\\\/wp-content\\\/uploads\\\/2025\\\/08\\\/Depositphotos_737666598_LCHF-scaled.jpg\",\"width\":1200,\"height\":800,\"caption\":\"Der Immobilienfonds Erres-CI hat frische Mittel f\u00fcr Zuk\u00e4ufe erhalten (Bild: Depositphotos)\"},{\"@type\":\"BreadcrumbList\",\"@id\":\"https:\\\/\\\/www.immobilienbusiness.ch\\\/unternehmen\\\/2026-03-16\\\/erres-ci-commercial-fonds-schliesst-emission-ab\\\/#breadcrumb\",\"itemListElement\":[{\"@type\":\"ListItem\",\"position\":1,\"name\":\"Home\",\"item\":\"https:\\\/\\\/www.immobilienbusiness.ch\\\/\"},{\"@type\":\"ListItem\",\"position\":2,\"name\":\"Erres-CI: Commercial-Fonds schliesst Emission ab\"}]},{\"@type\":\"WebSite\",\"@id\":\"https:\\\/\\\/www.immobilienbusiness.ch\\\/#website\",\"url\":\"https:\\\/\\\/www.immobilienbusiness.ch\\\/\",\"name\":\"IMMOBILIEN Business\",\"description\":\"Unabh\u00e4ngiges Schweizer Wirtschaftsmagazin mit Fokus auf Immobilien, Architektur- und Bau sowie Investment- und Finanzierung.\",\"publisher\":{\"@id\":\"https:\\\/\\\/www.immobilienbusiness.ch\\\/#organization\"},\"potentialAction\":[{\"@type\":\"SearchAction\",\"target\":{\"@type\":\"EntryPoint\",\"urlTemplate\":\"https:\\\/\\\/www.immobilienbusiness.ch\\\/?s={search_term_string}\"},\"query-input\":{\"@type\":\"PropertyValueSpecification\",\"valueRequired\":true,\"valueName\":\"search_term_string\"}}],\"inLanguage\":\"it-IT\"},{\"@type\":\"Organization\",\"@id\":\"https:\\\/\\\/www.immobilienbusiness.ch\\\/#organization\",\"name\":\"IMMOBILIEN Business\",\"url\":\"https:\\\/\\\/www.immobilienbusiness.ch\\\/\",\"logo\":{\"@type\":\"ImageObject\",\"inLanguage\":\"it-IT\",\"@id\":\"https:\\\/\\\/www.immobilienbusiness.ch\\\/#\\\/schema\\\/logo\\\/image\\\/\",\"url\":\"https:\\\/\\\/www.immobilienbusiness.ch\\\/wp-content\\\/uploads\\\/2021\\\/07\\\/logo_ib.png\",\"contentUrl\":\"https:\\\/\\\/www.immobilienbusiness.ch\\\/wp-content\\\/uploads\\\/2021\\\/07\\\/logo_ib.png\",\"width\":800,\"height\":181,\"caption\":\"IMMOBILIEN Business\"},\"image\":{\"@id\":\"https:\\\/\\\/www.immobilienbusiness.ch\\\/#\\\/schema\\\/logo\\\/image\\\/\"},\"sameAs\":[\"https:\\\/\\\/www.facebook.com\\\/immobilienbusiness\\\/\"]},{\"@type\":\"Person\",\"@id\":\"https:\\\/\\\/www.immobilienbusiness.ch\\\/#\\\/schema\\\/person\\\/aba8bea2db926aa0c24c08c43fe1fcd5\",\"name\":\"Alexander Wachter\",\"image\":{\"@type\":\"ImageObject\",\"inLanguage\":\"it-IT\",\"@id\":\"https:\\\/\\\/secure.gravatar.com\\\/avatar\\\/1a09e471f5389b0e0a6416eac287e0927c7c97a7b77f9e787eba3af7aee281dd?s=96&d=mm&r=g\",\"url\":\"https:\\\/\\\/secure.gravatar.com\\\/avatar\\\/1a09e471f5389b0e0a6416eac287e0927c7c97a7b77f9e787eba3af7aee281dd?s=96&d=mm&r=g\",\"contentUrl\":\"https:\\\/\\\/secure.gravatar.com\\\/avatar\\\/1a09e471f5389b0e0a6416eac287e0927c7c97a7b77f9e787eba3af7aee281dd?s=96&d=mm&r=g\",\"caption\":\"Alexander Wachter\"},\"url\":\"https:\\\/\\\/www.immobilienbusiness.ch\\\/it\\\/author\\\/alexander-wachter\\\/\"}]}<\/script>\n<!-- \/ Yoast SEO plugin. -->","yoast_head_json":{"title":"Erres-CI: Commercial-Fonds schliesst Emission ab - IMMOBILIEN Business","description":"La quarta emissione del fondo Edmond de Rothschild, che si concentra sull'uso commerciale, ha raccolto ben 71 milioni di franchi svizzeri per le acquisizioni.","robots":{"index":"index","follow":"follow","max-snippet":"max-snippet:-1","max-image-preview":"max-image-preview:large","max-video-preview":"max-video-preview:-1"},"canonical":"https:\/\/www.immobilienbusiness.ch\/it\/unternehmen\/2026-03-16\/erres-ci-commercial-fonds-schliesst-emission-ab\/","og_locale":"it_IT","og_type":"article","og_title":"Erres-CI: Commercial-Fonds schliesst Emission ab - IMMOBILIEN Business","og_description":"Die mittlerweile vierte Emission des Edmond-de-Rothschild-Fonds, der auf kommerzielle Nutzungen setzt, hat gut 71 Millionen Franken f\u00fcr Zuk\u00e4ufe eingebracht.","og_url":"https:\/\/www.immobilienbusiness.ch\/it\/unternehmen\/2026-03-16\/erres-ci-commercial-fonds-schliesst-emission-ab\/","og_site_name":"IMMOBILIEN Business","article_publisher":"https:\/\/www.facebook.com\/immobilienbusiness\/","article_published_time":"2026-03-16T03:39:38+00:00","article_modified_time":"2026-03-19T09:01:50+00:00","og_image":[{"width":1200,"height":800,"url":"https:\/\/www.immobilienbusiness.ch\/wp-content\/uploads\/2025\/08\/Depositphotos_737666598_LCHF-scaled.jpg","type":"image\/jpeg"}],"author":"Alexander Wachter","twitter_card":"summary_large_image","schema":{"@context":"https:\/\/schema.org","@graph":[{"@type":"Article","@id":"https:\/\/www.immobilienbusiness.ch\/unternehmen\/2026-03-16\/erres-ci-commercial-fonds-schliesst-emission-ab\/#article","isPartOf":{"@id":"https:\/\/www.immobilienbusiness.ch\/unternehmen\/2026-03-16\/erres-ci-commercial-fonds-schliesst-emission-ab\/"},"author":{"name":"Alexander Wachter","@id":"https:\/\/www.immobilienbusiness.ch\/#\/schema\/person\/aba8bea2db926aa0c24c08c43fe1fcd5"},"headline":"Erres-CI: Commercial-Fonds schliesst Emission ab","datePublished":"2026-03-16T03:39:38+00:00","dateModified":"2026-03-19T09:01:50+00:00","mainEntityOfPage":{"@id":"https:\/\/www.immobilienbusiness.ch\/unternehmen\/2026-03-16\/erres-ci-commercial-fonds-schliesst-emission-ab\/"},"wordCount":158,"publisher":{"@id":"https:\/\/www.immobilienbusiness.ch\/#organization"},"image":{"@id":"https:\/\/www.immobilienbusiness.ch\/unternehmen\/2026-03-16\/erres-ci-commercial-fonds-schliesst-emission-ab\/#primaryimage"},"thumbnailUrl":"https:\/\/www.immobilienbusiness.ch\/wp-content\/uploads\/2025\/08\/Depositphotos_737666598_LCHF-scaled.jpg","keywords":["B\u00fcro","Erres-CI","Gesundheitsimmobilien","Immobilienfonds","Industrial","Logistik","potenzieller K\u00e4ufer","Seniorenimmobilien","Student-Housing"],"articleSection":["UNTERNEHMEN"],"inLanguage":"it-IT"},{"@type":"WebPage","@id":"https:\/\/www.immobilienbusiness.ch\/unternehmen\/2026-03-16\/erres-ci-commercial-fonds-schliesst-emission-ab\/","url":"https:\/\/www.immobilienbusiness.ch\/unternehmen\/2026-03-16\/erres-ci-commercial-fonds-schliesst-emission-ab\/","name":"Erres-CI: Commercial-Fonds schliesst Emission ab - IMMOBILIEN Business","isPartOf":{"@id":"https:\/\/www.immobilienbusiness.ch\/#website"},"primaryImageOfPage":{"@id":"https:\/\/www.immobilienbusiness.ch\/unternehmen\/2026-03-16\/erres-ci-commercial-fonds-schliesst-emission-ab\/#primaryimage"},"image":{"@id":"https:\/\/www.immobilienbusiness.ch\/unternehmen\/2026-03-16\/erres-ci-commercial-fonds-schliesst-emission-ab\/#primaryimage"},"thumbnailUrl":"https:\/\/www.immobilienbusiness.ch\/wp-content\/uploads\/2025\/08\/Depositphotos_737666598_LCHF-scaled.jpg","datePublished":"2026-03-16T03:39:38+00:00","dateModified":"2026-03-19T09:01:50+00:00","description":"La quarta emissione del fondo Edmond de Rothschild, che si concentra sull'uso commerciale, ha raccolto ben 71 milioni di franchi svizzeri per le acquisizioni.","breadcrumb":{"@id":"https:\/\/www.immobilienbusiness.ch\/unternehmen\/2026-03-16\/erres-ci-commercial-fonds-schliesst-emission-ab\/#breadcrumb"},"inLanguage":"it-IT","potentialAction":[{"@type":"ReadAction","target":["https:\/\/www.immobilienbusiness.ch\/unternehmen\/2026-03-16\/erres-ci-commercial-fonds-schliesst-emission-ab\/"]}]},{"@type":"ImageObject","inLanguage":"it-IT","@id":"https:\/\/www.immobilienbusiness.ch\/unternehmen\/2026-03-16\/erres-ci-commercial-fonds-schliesst-emission-ab\/#primaryimage","url":"https:\/\/www.immobilienbusiness.ch\/wp-content\/uploads\/2025\/08\/Depositphotos_737666598_LCHF-scaled.jpg","contentUrl":"https:\/\/www.immobilienbusiness.ch\/wp-content\/uploads\/2025\/08\/Depositphotos_737666598_LCHF-scaled.jpg","width":1200,"height":800,"caption":"Der Immobilienfonds Erres-CI hat frische Mittel f\u00fcr Zuk\u00e4ufe erhalten (Bild: Depositphotos)"},{"@type":"BreadcrumbList","@id":"https:\/\/www.immobilienbusiness.ch\/unternehmen\/2026-03-16\/erres-ci-commercial-fonds-schliesst-emission-ab\/#breadcrumb","itemListElement":[{"@type":"ListItem","position":1,"name":"Home","item":"https:\/\/www.immobilienbusiness.ch\/"},{"@type":"ListItem","position":2,"name":"Erres-CI: Commercial-Fonds schliesst Emission ab"}]},{"@type":"WebSite","@id":"https:\/\/www.immobilienbusiness.ch\/#website","url":"https:\/\/www.immobilienbusiness.ch\/","name":"Affari immobiliari","description":"Rivista economica indipendente svizzera che si concentra sul settore immobiliare, l'architettura e la costruzione, nonch\u00e9 sugli investimenti e i finanziamenti.","publisher":{"@id":"https:\/\/www.immobilienbusiness.ch\/#organization"},"potentialAction":[{"@type":"SearchAction","target":{"@type":"EntryPoint","urlTemplate":"https:\/\/www.immobilienbusiness.ch\/?s={search_term_string}"},"query-input":{"@type":"PropertyValueSpecification","valueRequired":true,"valueName":"search_term_string"}}],"inLanguage":"it-IT"},{"@type":"Organization","@id":"https:\/\/www.immobilienbusiness.ch\/#organization","name":"Affari immobiliari","url":"https:\/\/www.immobilienbusiness.ch\/","logo":{"@type":"ImageObject","inLanguage":"it-IT","@id":"https:\/\/www.immobilienbusiness.ch\/#\/schema\/logo\/image\/","url":"https:\/\/www.immobilienbusiness.ch\/wp-content\/uploads\/2021\/07\/logo_ib.png","contentUrl":"https:\/\/www.immobilienbusiness.ch\/wp-content\/uploads\/2021\/07\/logo_ib.png","width":800,"height":181,"caption":"IMMOBILIEN Business"},"image":{"@id":"https:\/\/www.immobilienbusiness.ch\/#\/schema\/logo\/image\/"},"sameAs":["https:\/\/www.facebook.com\/immobilienbusiness\/"]},{"@type":"Person","@id":"https:\/\/www.immobilienbusiness.ch\/#\/schema\/person\/aba8bea2db926aa0c24c08c43fe1fcd5","name":"Alexander Wachter","image":{"@type":"ImageObject","inLanguage":"it-IT","@id":"https:\/\/secure.gravatar.com\/avatar\/1a09e471f5389b0e0a6416eac287e0927c7c97a7b77f9e787eba3af7aee281dd?s=96&d=mm&r=g","url":"https:\/\/secure.gravatar.com\/avatar\/1a09e471f5389b0e0a6416eac287e0927c7c97a7b77f9e787eba3af7aee281dd?s=96&d=mm&r=g","contentUrl":"https:\/\/secure.gravatar.com\/avatar\/1a09e471f5389b0e0a6416eac287e0927c7c97a7b77f9e787eba3af7aee281dd?s=96&d=mm&r=g","caption":"Alexander Wachter"},"url":"https:\/\/www.immobilienbusiness.ch\/it\/author\/alexander-wachter\/"}]}},"_links":{"self":[{"href":"https:\/\/www.immobilienbusiness.ch\/it\/wp-json\/wp\/v2\/posts\/67702","targetHints":{"allow":["GET"]}}],"collection":[{"href":"https:\/\/www.immobilienbusiness.ch\/it\/wp-json\/wp\/v2\/posts"}],"about":[{"href":"https:\/\/www.immobilienbusiness.ch\/it\/wp-json\/wp\/v2\/types\/post"}],"author":[{"embeddable":true,"href":"https:\/\/www.immobilienbusiness.ch\/it\/wp-json\/wp\/v2\/users\/102"}],"replies":[{"embeddable":true,"href":"https:\/\/www.immobilienbusiness.ch\/it\/wp-json\/wp\/v2\/comments?post=67702"}],"version-history":[{"count":1,"href":"https:\/\/www.immobilienbusiness.ch\/it\/wp-json\/wp\/v2\/posts\/67702\/revisions"}],"predecessor-version":[{"id":67703,"href":"https:\/\/www.immobilienbusiness.ch\/it\/wp-json\/wp\/v2\/posts\/67702\/revisions\/67703"}],"wp:featuredmedia":[{"embeddable":true,"href":"https:\/\/www.immobilienbusiness.ch\/it\/wp-json\/wp\/v2\/media\/64854"}],"wp:attachment":[{"href":"https:\/\/www.immobilienbusiness.ch\/it\/wp-json\/wp\/v2\/media?parent=67702"}],"wp:term":[{"taxonomy":"category","embeddable":true,"href":"https:\/\/www.immobilienbusiness.ch\/it\/wp-json\/wp\/v2\/categories?post=67702"},{"taxonomy":"post_tag","embeddable":true,"href":"https:\/\/www.immobilienbusiness.ch\/it\/wp-json\/wp\/v2\/tags?post=67702"}],"curies":[{"name":"wp","href":"https:\/\/api.w.org\/{rel}","templated":true}]}}