{"id":67255,"date":"2026-02-12T06:00:40","date_gmt":"2026-02-12T05:00:40","guid":{"rendered":"https:\/\/www.immobilienbusiness.ch\/?p=67255"},"modified":"2026-02-13T12:02:13","modified_gmt":"2026-02-13T11:02:13","slug":"procimmo-residential-pk-plant-emission","status":"publish","type":"post","link":"https:\/\/www.immobilienbusiness.ch\/it\/unternehmen\/2026-02-12\/procimmo-residential-pk-plant-emission\/","title":{"rendered":"Procimmo: emissione di piani \u00abPK residenziali"},"content":{"rendered":"<figure id=\"attachment_67288\" aria-describedby=\"caption-attachment-67288\" style=\"width: 768px\" class=\"wp-caption alignnone\"><a href=\"https:\/\/www.immobilienbusiness.ch\/wp-content\/uploads\/2026\/02\/16_Procimmo_zVg-scaled.jpg\"><img loading=\"lazy\" decoding=\"async\" class=\"size-large wp-image-67288\" src=\"https:\/\/www.immobilienbusiness.ch\/wp-content\/uploads\/2026\/02\/16_Procimmo_zVg-1024x767.jpg\" alt=\"\" width=\"768\" height=\"575\" srcset=\"https:\/\/www.immobilienbusiness.ch\/wp-content\/uploads\/2026\/02\/16_Procimmo_zVg-1024x767.jpg 1024w, https:\/\/www.immobilienbusiness.ch\/wp-content\/uploads\/2026\/02\/16_Procimmo_zVg-300x225.jpg 300w, https:\/\/www.immobilienbusiness.ch\/wp-content\/uploads\/2026\/02\/16_Procimmo_zVg-768x575.jpg 768w, https:\/\/www.immobilienbusiness.ch\/wp-content\/uploads\/2026\/02\/16_Procimmo_zVg-1536x1151.jpg 1536w, https:\/\/www.immobilienbusiness.ch\/wp-content\/uploads\/2026\/02\/16_Procimmo_zVg-2048x1534.jpg 2048w, https:\/\/www.immobilienbusiness.ch\/wp-content\/uploads\/2026\/02\/16_Procimmo_zVg-16x12.jpg 16w, https:\/\/www.immobilienbusiness.ch\/wp-content\/uploads\/2026\/02\/16_Procimmo_zVg-375x281.jpg 375w, https:\/\/www.immobilienbusiness.ch\/wp-content\/uploads\/2026\/02\/16_Procimmo_zVg-467x350.jpg 467w, https:\/\/www.immobilienbusiness.ch\/wp-content\/uploads\/2026\/02\/16_Procimmo_zVg-1000x749.jpg 1000w, https:\/\/www.immobilienbusiness.ch\/wp-content\/uploads\/2026\/02\/16_Procimmo_zVg-scaled.jpg 1200w\" sizes=\"auto, (max-width: 768px) 100vw, 768px\" \/><\/a><figcaption id=\"caption-attachment-67288\" class=\"wp-caption-text\">Il fondo ha gi\u00e0 in cantiere due nuove acquisizioni residenziali (Immagine simbolica: Depositphotos)Il fondo ha gi\u00e0 in cantiere due nuove acquisizioni residenziali (Immagine: zVg)<\/figcaption><\/figure>\n<p>La direzione del comparto \u00abResidential PK\u00bb di Procimmo Real Estate SICAV ha annunciato un aumento di capitale di circa 43 milioni di franchi svizzeri per il mese di marzo. I nuovi fondi saranno utilizzati in particolare per l'acquisto di due immobili residenziali. Anche il rapporto di indebitamento, che era aumentato in seguito agli acquisti effettuati alla fine del 2025, verr\u00e0 nuovamente ridotto.<\/p>\n<p>&nbsp;<\/p>","protected":false},"excerpt":{"rendered":"<p>L'aumento di capitale del comparto Sicav avr\u00e0 un volume di 43 milioni di franchi svizzeri e sar\u00e0 effettuato a marzo.<\/p>","protected":false},"author":102,"featured_media":67288,"comment_status":"closed","ping_status":"closed","sticky":false,"template":"","format":"standard","meta":{"_acf_changed":false,"_yoast_wpseo_focuskw":"Procimmo","_yoast_wpseo_title":"","_yoast_wpseo_metadesc":"Die Kapitalerh\u00f6hung des Sicav-Teilverm\u00f6gens soll ein Volumen von 43 Millionen Franken haben und im M\u00e4rz durchgef\u00fchrt werden.","_yoast_wpseo_linkdex":61,"pgc_sgb_lightbox_settings":"","footnotes":""},"categories":[988],"tags":[1344,1412,1414,1492,4071],"class_list":["post-67255","post","type-post","status-publish","format-standard","has-post-thumbnail","hentry","category-unternehmen","tag-immobilienfonds","tag-kapitalerhoehung","tag-kauf","tag-mietwohnungen","tag-procimmo-real-estate-sicav"],"acf":[],"yoast_head":"<!-- This site is optimized with the Yoast SEO plugin v27.4 - https:\/\/yoast.com\/product\/yoast-seo-wordpress\/ -->\n<title>Procimmo: \u00abResidential PK\u00bb plant Emission - IMMOBILIEN Business<\/title>\n<meta name=\"description\" content=\"Die Kapitalerh\u00f6hung des Sicav-Teilverm\u00f6gens soll ein Volumen von 43 Millionen Franken haben und im M\u00e4rz durchgef\u00fchrt werden.\" \/>\n<meta name=\"robots\" content=\"index, follow, max-snippet:-1, max-image-preview:large, max-video-preview:-1\" \/>\n<link rel=\"canonical\" href=\"https:\/\/www.immobilienbusiness.ch\/it\/unternehmen\/2026-02-12\/procimmo-residential-pk-plant-emission\/\" \/>\n<meta property=\"og:locale\" content=\"it_IT\" \/>\n<meta property=\"og:type\" content=\"article\" \/>\n<meta property=\"og:title\" content=\"Procimmo: \u00abResidential PK\u00bb plant Emission - IMMOBILIEN Business\" \/>\n<meta property=\"og:description\" content=\"Die Kapitalerh\u00f6hung des Sicav-Teilverm\u00f6gens soll ein Volumen von 43 Millionen Franken haben und im M\u00e4rz durchgef\u00fchrt werden.\" \/>\n<meta property=\"og:url\" content=\"https:\/\/www.immobilienbusiness.ch\/it\/unternehmen\/2026-02-12\/procimmo-residential-pk-plant-emission\/\" \/>\n<meta property=\"og:site_name\" content=\"IMMOBILIEN Business\" \/>\n<meta property=\"article:publisher\" content=\"https:\/\/www.facebook.com\/immobilienbusiness\/\" \/>\n<meta property=\"article:published_time\" content=\"2026-02-12T05:00:40+00:00\" \/>\n<meta property=\"article:modified_time\" content=\"2026-02-13T11:02:13+00:00\" \/>\n<meta property=\"og:image\" content=\"https:\/\/www.immobilienbusiness.ch\/wp-content\/uploads\/2026\/02\/16_Procimmo_zVg-scaled.jpg\" \/>\n\t<meta property=\"og:image:width\" content=\"1200\" \/>\n\t<meta property=\"og:image:height\" content=\"899\" \/>\n\t<meta property=\"og:image:type\" content=\"image\/jpeg\" \/>\n<meta name=\"author\" content=\"Alexander Wachter\" \/>\n<meta name=\"twitter:card\" content=\"summary_large_image\" \/>\n<script type=\"application\/ld+json\" class=\"yoast-schema-graph\">{\"@context\":\"https:\\\/\\\/schema.org\",\"@graph\":[{\"@type\":\"Article\",\"@id\":\"https:\\\/\\\/www.immobilienbusiness.ch\\\/unternehmen\\\/2026-02-12\\\/procimmo-residential-pk-plant-emission\\\/#article\",\"isPartOf\":{\"@id\":\"https:\\\/\\\/www.immobilienbusiness.ch\\\/unternehmen\\\/2026-02-12\\\/procimmo-residential-pk-plant-emission\\\/\"},\"author\":{\"name\":\"Alexander Wachter\",\"@id\":\"https:\\\/\\\/www.immobilienbusiness.ch\\\/#\\\/schema\\\/person\\\/aba8bea2db926aa0c24c08c43fe1fcd5\"},\"headline\":\"Procimmo: \u00abResidential PK\u00bb plant Emission\",\"datePublished\":\"2026-02-12T05:00:40+00:00\",\"dateModified\":\"2026-02-13T11:02:13+00:00\",\"mainEntityOfPage\":{\"@id\":\"https:\\\/\\\/www.immobilienbusiness.ch\\\/unternehmen\\\/2026-02-12\\\/procimmo-residential-pk-plant-emission\\\/\"},\"wordCount\":92,\"publisher\":{\"@id\":\"https:\\\/\\\/www.immobilienbusiness.ch\\\/#organization\"},\"image\":{\"@id\":\"https:\\\/\\\/www.immobilienbusiness.ch\\\/unternehmen\\\/2026-02-12\\\/procimmo-residential-pk-plant-emission\\\/#primaryimage\"},\"thumbnailUrl\":\"https:\\\/\\\/www.immobilienbusiness.ch\\\/wp-content\\\/uploads\\\/2026\\\/02\\\/16_Procimmo_zVg-scaled.jpg\",\"keywords\":[\"Immobilienfonds\",\"Kapitalerh\u00f6hung\",\"Kauf\",\"Mietwohnungen\",\"Procimmo Real Estate SICAV\"],\"articleSection\":[\"UNTERNEHMEN\"],\"inLanguage\":\"it-IT\"},{\"@type\":\"WebPage\",\"@id\":\"https:\\\/\\\/www.immobilienbusiness.ch\\\/unternehmen\\\/2026-02-12\\\/procimmo-residential-pk-plant-emission\\\/\",\"url\":\"https:\\\/\\\/www.immobilienbusiness.ch\\\/unternehmen\\\/2026-02-12\\\/procimmo-residential-pk-plant-emission\\\/\",\"name\":\"Procimmo: \u00abResidential PK\u00bb plant Emission - IMMOBILIEN Business\",\"isPartOf\":{\"@id\":\"https:\\\/\\\/www.immobilienbusiness.ch\\\/#website\"},\"primaryImageOfPage\":{\"@id\":\"https:\\\/\\\/www.immobilienbusiness.ch\\\/unternehmen\\\/2026-02-12\\\/procimmo-residential-pk-plant-emission\\\/#primaryimage\"},\"image\":{\"@id\":\"https:\\\/\\\/www.immobilienbusiness.ch\\\/unternehmen\\\/2026-02-12\\\/procimmo-residential-pk-plant-emission\\\/#primaryimage\"},\"thumbnailUrl\":\"https:\\\/\\\/www.immobilienbusiness.ch\\\/wp-content\\\/uploads\\\/2026\\\/02\\\/16_Procimmo_zVg-scaled.jpg\",\"datePublished\":\"2026-02-12T05:00:40+00:00\",\"dateModified\":\"2026-02-13T11:02:13+00:00\",\"description\":\"Die Kapitalerh\u00f6hung des Sicav-Teilverm\u00f6gens soll ein Volumen von 43 Millionen Franken haben und im M\u00e4rz durchgef\u00fchrt werden.\",\"breadcrumb\":{\"@id\":\"https:\\\/\\\/www.immobilienbusiness.ch\\\/unternehmen\\\/2026-02-12\\\/procimmo-residential-pk-plant-emission\\\/#breadcrumb\"},\"inLanguage\":\"it-IT\",\"potentialAction\":[{\"@type\":\"ReadAction\",\"target\":[\"https:\\\/\\\/www.immobilienbusiness.ch\\\/unternehmen\\\/2026-02-12\\\/procimmo-residential-pk-plant-emission\\\/\"]}]},{\"@type\":\"ImageObject\",\"inLanguage\":\"it-IT\",\"@id\":\"https:\\\/\\\/www.immobilienbusiness.ch\\\/unternehmen\\\/2026-02-12\\\/procimmo-residential-pk-plant-emission\\\/#primaryimage\",\"url\":\"https:\\\/\\\/www.immobilienbusiness.ch\\\/wp-content\\\/uploads\\\/2026\\\/02\\\/16_Procimmo_zVg-scaled.jpg\",\"contentUrl\":\"https:\\\/\\\/www.immobilienbusiness.ch\\\/wp-content\\\/uploads\\\/2026\\\/02\\\/16_Procimmo_zVg-scaled.jpg\",\"width\":1200,\"height\":899,\"caption\":\"Der Fonds hat bereits zwei neue Wohn-Akquisitionen in der Pipeline (Symbolbild: Depositphotos)Der Fonds hat bereits zwei neue Wohn-Akquisitionen in der Pipeline (Bild: zVg)\"},{\"@type\":\"BreadcrumbList\",\"@id\":\"https:\\\/\\\/www.immobilienbusiness.ch\\\/unternehmen\\\/2026-02-12\\\/procimmo-residential-pk-plant-emission\\\/#breadcrumb\",\"itemListElement\":[{\"@type\":\"ListItem\",\"position\":1,\"name\":\"Home\",\"item\":\"https:\\\/\\\/www.immobilienbusiness.ch\\\/\"},{\"@type\":\"ListItem\",\"position\":2,\"name\":\"Procimmo: \u00abResidential PK\u00bb plant Emission\"}]},{\"@type\":\"WebSite\",\"@id\":\"https:\\\/\\\/www.immobilienbusiness.ch\\\/#website\",\"url\":\"https:\\\/\\\/www.immobilienbusiness.ch\\\/\",\"name\":\"IMMOBILIEN Business\",\"description\":\"Unabh\u00e4ngiges Schweizer Wirtschaftsmagazin mit Fokus auf Immobilien, Architektur- und Bau sowie Investment- und Finanzierung.\",\"publisher\":{\"@id\":\"https:\\\/\\\/www.immobilienbusiness.ch\\\/#organization\"},\"potentialAction\":[{\"@type\":\"SearchAction\",\"target\":{\"@type\":\"EntryPoint\",\"urlTemplate\":\"https:\\\/\\\/www.immobilienbusiness.ch\\\/?s={search_term_string}\"},\"query-input\":{\"@type\":\"PropertyValueSpecification\",\"valueRequired\":true,\"valueName\":\"search_term_string\"}}],\"inLanguage\":\"it-IT\"},{\"@type\":\"Organization\",\"@id\":\"https:\\\/\\\/www.immobilienbusiness.ch\\\/#organization\",\"name\":\"IMMOBILIEN Business\",\"url\":\"https:\\\/\\\/www.immobilienbusiness.ch\\\/\",\"logo\":{\"@type\":\"ImageObject\",\"inLanguage\":\"it-IT\",\"@id\":\"https:\\\/\\\/www.immobilienbusiness.ch\\\/#\\\/schema\\\/logo\\\/image\\\/\",\"url\":\"https:\\\/\\\/www.immobilienbusiness.ch\\\/wp-content\\\/uploads\\\/2021\\\/07\\\/logo_ib.png\",\"contentUrl\":\"https:\\\/\\\/www.immobilienbusiness.ch\\\/wp-content\\\/uploads\\\/2021\\\/07\\\/logo_ib.png\",\"width\":800,\"height\":181,\"caption\":\"IMMOBILIEN Business\"},\"image\":{\"@id\":\"https:\\\/\\\/www.immobilienbusiness.ch\\\/#\\\/schema\\\/logo\\\/image\\\/\"},\"sameAs\":[\"https:\\\/\\\/www.facebook.com\\\/immobilienbusiness\\\/\"]},{\"@type\":\"Person\",\"@id\":\"https:\\\/\\\/www.immobilienbusiness.ch\\\/#\\\/schema\\\/person\\\/aba8bea2db926aa0c24c08c43fe1fcd5\",\"name\":\"Alexander Wachter\",\"image\":{\"@type\":\"ImageObject\",\"inLanguage\":\"it-IT\",\"@id\":\"https:\\\/\\\/secure.gravatar.com\\\/avatar\\\/1a09e471f5389b0e0a6416eac287e0927c7c97a7b77f9e787eba3af7aee281dd?s=96&d=mm&r=g\",\"url\":\"https:\\\/\\\/secure.gravatar.com\\\/avatar\\\/1a09e471f5389b0e0a6416eac287e0927c7c97a7b77f9e787eba3af7aee281dd?s=96&d=mm&r=g\",\"contentUrl\":\"https:\\\/\\\/secure.gravatar.com\\\/avatar\\\/1a09e471f5389b0e0a6416eac287e0927c7c97a7b77f9e787eba3af7aee281dd?s=96&d=mm&r=g\",\"caption\":\"Alexander Wachter\"},\"url\":\"https:\\\/\\\/www.immobilienbusiness.ch\\\/it\\\/author\\\/alexander-wachter\\\/\"}]}<\/script>\n<!-- \/ Yoast SEO plugin. -->","yoast_head_json":{"title":"Procimmo: \u00abResidential PK\u00bb plant Emission - IMMOBILIEN Business","description":"L'aumento di capitale del comparto Sicav avr\u00e0 un volume di 43 milioni di franchi svizzeri e sar\u00e0 effettuato a marzo.","robots":{"index":"index","follow":"follow","max-snippet":"max-snippet:-1","max-image-preview":"max-image-preview:large","max-video-preview":"max-video-preview:-1"},"canonical":"https:\/\/www.immobilienbusiness.ch\/it\/unternehmen\/2026-02-12\/procimmo-residential-pk-plant-emission\/","og_locale":"it_IT","og_type":"article","og_title":"Procimmo: \u00abResidential PK\u00bb plant Emission - IMMOBILIEN Business","og_description":"Die Kapitalerh\u00f6hung des Sicav-Teilverm\u00f6gens soll ein Volumen von 43 Millionen Franken haben und im M\u00e4rz durchgef\u00fchrt werden.","og_url":"https:\/\/www.immobilienbusiness.ch\/it\/unternehmen\/2026-02-12\/procimmo-residential-pk-plant-emission\/","og_site_name":"IMMOBILIEN Business","article_publisher":"https:\/\/www.facebook.com\/immobilienbusiness\/","article_published_time":"2026-02-12T05:00:40+00:00","article_modified_time":"2026-02-13T11:02:13+00:00","og_image":[{"width":1200,"height":899,"url":"https:\/\/www.immobilienbusiness.ch\/wp-content\/uploads\/2026\/02\/16_Procimmo_zVg-scaled.jpg","type":"image\/jpeg"}],"author":"Alexander Wachter","twitter_card":"summary_large_image","schema":{"@context":"https:\/\/schema.org","@graph":[{"@type":"Article","@id":"https:\/\/www.immobilienbusiness.ch\/unternehmen\/2026-02-12\/procimmo-residential-pk-plant-emission\/#article","isPartOf":{"@id":"https:\/\/www.immobilienbusiness.ch\/unternehmen\/2026-02-12\/procimmo-residential-pk-plant-emission\/"},"author":{"name":"Alexander Wachter","@id":"https:\/\/www.immobilienbusiness.ch\/#\/schema\/person\/aba8bea2db926aa0c24c08c43fe1fcd5"},"headline":"Procimmo: \u00abResidential PK\u00bb plant Emission","datePublished":"2026-02-12T05:00:40+00:00","dateModified":"2026-02-13T11:02:13+00:00","mainEntityOfPage":{"@id":"https:\/\/www.immobilienbusiness.ch\/unternehmen\/2026-02-12\/procimmo-residential-pk-plant-emission\/"},"wordCount":92,"publisher":{"@id":"https:\/\/www.immobilienbusiness.ch\/#organization"},"image":{"@id":"https:\/\/www.immobilienbusiness.ch\/unternehmen\/2026-02-12\/procimmo-residential-pk-plant-emission\/#primaryimage"},"thumbnailUrl":"https:\/\/www.immobilienbusiness.ch\/wp-content\/uploads\/2026\/02\/16_Procimmo_zVg-scaled.jpg","keywords":["Immobilienfonds","Kapitalerh\u00f6hung","Kauf","Mietwohnungen","Procimmo Real Estate SICAV"],"articleSection":["UNTERNEHMEN"],"inLanguage":"it-IT"},{"@type":"WebPage","@id":"https:\/\/www.immobilienbusiness.ch\/unternehmen\/2026-02-12\/procimmo-residential-pk-plant-emission\/","url":"https:\/\/www.immobilienbusiness.ch\/unternehmen\/2026-02-12\/procimmo-residential-pk-plant-emission\/","name":"Procimmo: \u00abResidential PK\u00bb plant Emission - IMMOBILIEN Business","isPartOf":{"@id":"https:\/\/www.immobilienbusiness.ch\/#website"},"primaryImageOfPage":{"@id":"https:\/\/www.immobilienbusiness.ch\/unternehmen\/2026-02-12\/procimmo-residential-pk-plant-emission\/#primaryimage"},"image":{"@id":"https:\/\/www.immobilienbusiness.ch\/unternehmen\/2026-02-12\/procimmo-residential-pk-plant-emission\/#primaryimage"},"thumbnailUrl":"https:\/\/www.immobilienbusiness.ch\/wp-content\/uploads\/2026\/02\/16_Procimmo_zVg-scaled.jpg","datePublished":"2026-02-12T05:00:40+00:00","dateModified":"2026-02-13T11:02:13+00:00","description":"L'aumento di capitale del comparto Sicav avr\u00e0 un volume di 43 milioni di franchi svizzeri e sar\u00e0 effettuato a marzo.","breadcrumb":{"@id":"https:\/\/www.immobilienbusiness.ch\/unternehmen\/2026-02-12\/procimmo-residential-pk-plant-emission\/#breadcrumb"},"inLanguage":"it-IT","potentialAction":[{"@type":"ReadAction","target":["https:\/\/www.immobilienbusiness.ch\/unternehmen\/2026-02-12\/procimmo-residential-pk-plant-emission\/"]}]},{"@type":"ImageObject","inLanguage":"it-IT","@id":"https:\/\/www.immobilienbusiness.ch\/unternehmen\/2026-02-12\/procimmo-residential-pk-plant-emission\/#primaryimage","url":"https:\/\/www.immobilienbusiness.ch\/wp-content\/uploads\/2026\/02\/16_Procimmo_zVg-scaled.jpg","contentUrl":"https:\/\/www.immobilienbusiness.ch\/wp-content\/uploads\/2026\/02\/16_Procimmo_zVg-scaled.jpg","width":1200,"height":899,"caption":"Der Fonds hat bereits zwei neue Wohn-Akquisitionen in der Pipeline (Symbolbild: Depositphotos)Der Fonds hat bereits zwei neue Wohn-Akquisitionen in der Pipeline (Bild: zVg)"},{"@type":"BreadcrumbList","@id":"https:\/\/www.immobilienbusiness.ch\/unternehmen\/2026-02-12\/procimmo-residential-pk-plant-emission\/#breadcrumb","itemListElement":[{"@type":"ListItem","position":1,"name":"Home","item":"https:\/\/www.immobilienbusiness.ch\/"},{"@type":"ListItem","position":2,"name":"Procimmo: \u00abResidential PK\u00bb plant Emission"}]},{"@type":"WebSite","@id":"https:\/\/www.immobilienbusiness.ch\/#website","url":"https:\/\/www.immobilienbusiness.ch\/","name":"Affari immobiliari","description":"Rivista economica indipendente svizzera che si concentra sul settore immobiliare, l'architettura e la costruzione, nonch\u00e9 sugli investimenti e i finanziamenti.","publisher":{"@id":"https:\/\/www.immobilienbusiness.ch\/#organization"},"potentialAction":[{"@type":"SearchAction","target":{"@type":"EntryPoint","urlTemplate":"https:\/\/www.immobilienbusiness.ch\/?s={search_term_string}"},"query-input":{"@type":"PropertyValueSpecification","valueRequired":true,"valueName":"search_term_string"}}],"inLanguage":"it-IT"},{"@type":"Organization","@id":"https:\/\/www.immobilienbusiness.ch\/#organization","name":"Affari immobiliari","url":"https:\/\/www.immobilienbusiness.ch\/","logo":{"@type":"ImageObject","inLanguage":"it-IT","@id":"https:\/\/www.immobilienbusiness.ch\/#\/schema\/logo\/image\/","url":"https:\/\/www.immobilienbusiness.ch\/wp-content\/uploads\/2021\/07\/logo_ib.png","contentUrl":"https:\/\/www.immobilienbusiness.ch\/wp-content\/uploads\/2021\/07\/logo_ib.png","width":800,"height":181,"caption":"IMMOBILIEN Business"},"image":{"@id":"https:\/\/www.immobilienbusiness.ch\/#\/schema\/logo\/image\/"},"sameAs":["https:\/\/www.facebook.com\/immobilienbusiness\/"]},{"@type":"Person","@id":"https:\/\/www.immobilienbusiness.ch\/#\/schema\/person\/aba8bea2db926aa0c24c08c43fe1fcd5","name":"Alexander Wachter","image":{"@type":"ImageObject","inLanguage":"it-IT","@id":"https:\/\/secure.gravatar.com\/avatar\/1a09e471f5389b0e0a6416eac287e0927c7c97a7b77f9e787eba3af7aee281dd?s=96&d=mm&r=g","url":"https:\/\/secure.gravatar.com\/avatar\/1a09e471f5389b0e0a6416eac287e0927c7c97a7b77f9e787eba3af7aee281dd?s=96&d=mm&r=g","contentUrl":"https:\/\/secure.gravatar.com\/avatar\/1a09e471f5389b0e0a6416eac287e0927c7c97a7b77f9e787eba3af7aee281dd?s=96&d=mm&r=g","caption":"Alexander Wachter"},"url":"https:\/\/www.immobilienbusiness.ch\/it\/author\/alexander-wachter\/"}]}},"_links":{"self":[{"href":"https:\/\/www.immobilienbusiness.ch\/it\/wp-json\/wp\/v2\/posts\/67255","targetHints":{"allow":["GET"]}}],"collection":[{"href":"https:\/\/www.immobilienbusiness.ch\/it\/wp-json\/wp\/v2\/posts"}],"about":[{"href":"https:\/\/www.immobilienbusiness.ch\/it\/wp-json\/wp\/v2\/types\/post"}],"author":[{"embeddable":true,"href":"https:\/\/www.immobilienbusiness.ch\/it\/wp-json\/wp\/v2\/users\/102"}],"replies":[{"embeddable":true,"href":"https:\/\/www.immobilienbusiness.ch\/it\/wp-json\/wp\/v2\/comments?post=67255"}],"version-history":[{"count":4,"href":"https:\/\/www.immobilienbusiness.ch\/it\/wp-json\/wp\/v2\/posts\/67255\/revisions"}],"predecessor-version":[{"id":67290,"href":"https:\/\/www.immobilienbusiness.ch\/it\/wp-json\/wp\/v2\/posts\/67255\/revisions\/67290"}],"wp:featuredmedia":[{"embeddable":true,"href":"https:\/\/www.immobilienbusiness.ch\/it\/wp-json\/wp\/v2\/media\/67288"}],"wp:attachment":[{"href":"https:\/\/www.immobilienbusiness.ch\/it\/wp-json\/wp\/v2\/media?parent=67255"}],"wp:term":[{"taxonomy":"category","embeddable":true,"href":"https:\/\/www.immobilienbusiness.ch\/it\/wp-json\/wp\/v2\/categories?post=67255"},{"taxonomy":"post_tag","embeddable":true,"href":"https:\/\/www.immobilienbusiness.ch\/it\/wp-json\/wp\/v2\/tags?post=67255"}],"curies":[{"name":"wp","href":"https:\/\/api.w.org\/{rel}","templated":true}]}}