{"id":67214,"date":"2026-02-10T07:01:41","date_gmt":"2026-02-10T06:01:41","guid":{"rendered":"https:\/\/www.immobilienbusiness.ch\/?p=67214"},"modified":"2026-02-09T20:17:45","modified_gmt":"2026-02-09T19:17:45","slug":"mobifonds-gruenes-licht-fuer-kotierung","status":"publish","type":"post","link":"https:\/\/www.immobilienbusiness.ch\/it\/unternehmen\/2026-02-10\/mobifonds-gruenes-licht-fuer-kotierung\/","title":{"rendered":"Mobifonds: via libera alla quotazione"},"content":{"rendered":"<figure id=\"attachment_61536\" aria-describedby=\"caption-attachment-61536\" style=\"width: 768px\" class=\"wp-caption alignnone\"><a href=\"https:\/\/www.immobilienbusiness.ch\/wp-content\/uploads\/2024\/11\/Mobiliar-direktion-gebaeude-bern-daemmerung-zVg-scaled.webp\"><img loading=\"lazy\" decoding=\"async\" class=\"size-large wp-image-61536\" src=\"https:\/\/www.immobilienbusiness.ch\/wp-content\/uploads\/2024\/11\/Mobiliar-direktion-gebaeude-bern-daemmerung-zVg-1024x768.webp\" alt=\"\" width=\"768\" height=\"576\" srcset=\"https:\/\/www.immobilienbusiness.ch\/wp-content\/uploads\/2024\/11\/Mobiliar-direktion-gebaeude-bern-daemmerung-zVg-1024x768.webp 1024w, https:\/\/www.immobilienbusiness.ch\/wp-content\/uploads\/2024\/11\/Mobiliar-direktion-gebaeude-bern-daemmerung-zVg-300x225.webp 300w, https:\/\/www.immobilienbusiness.ch\/wp-content\/uploads\/2024\/11\/Mobiliar-direktion-gebaeude-bern-daemmerung-zVg-768x576.webp 768w, https:\/\/www.immobilienbusiness.ch\/wp-content\/uploads\/2024\/11\/Mobiliar-direktion-gebaeude-bern-daemmerung-zVg-1536x1152.webp 1536w, https:\/\/www.immobilienbusiness.ch\/wp-content\/uploads\/2024\/11\/Mobiliar-direktion-gebaeude-bern-daemmerung-zVg-2048x1536.webp 2048w, https:\/\/www.immobilienbusiness.ch\/wp-content\/uploads\/2024\/11\/Mobiliar-direktion-gebaeude-bern-daemmerung-zVg-16x12.webp 16w, https:\/\/www.immobilienbusiness.ch\/wp-content\/uploads\/2024\/11\/Mobiliar-direktion-gebaeude-bern-daemmerung-zVg-375x281.webp 375w, https:\/\/www.immobilienbusiness.ch\/wp-content\/uploads\/2024\/11\/Mobiliar-direktion-gebaeude-bern-daemmerung-zVg-467x350.webp 467w, https:\/\/www.immobilienbusiness.ch\/wp-content\/uploads\/2024\/11\/Mobiliar-direktion-gebaeude-bern-daemmerung-zVg-1000x750.webp 1000w, https:\/\/www.immobilienbusiness.ch\/wp-content\/uploads\/2024\/11\/Mobiliar-direktion-gebaeude-bern-daemmerung-zVg-scaled.webp 1400w\" sizes=\"auto, (max-width: 768px) 100vw, 768px\" \/><\/a><figcaption id=\"caption-attachment-61536\" class=\"wp-caption-text\">La sede della Mobiliare a Berna (Immagine: zVg)<\/figcaption><\/figure>\n<p>La richiesta di quotazione per la prevista IPO di Mobifonds Swiss Property \u00e8 stata approvata dalla Six Swiss Exchange. La Finma ha inoltre autorizzato la necessaria modifica del contratto del fondo.<\/p>\n<p>Il fondo sar\u00e0 accessibile a tutti gli investitori alla data di quotazione. L'IPO mira a migliorare la negoziabilit\u00e0 e la liquidit\u00e0 delle quote nel lungo periodo. Il fondo dovrebbe inoltre entrare a far parte degli indici \u00abSXI Real Estate Broad\u00bb (SREAL) e \u00abSXI Real Estate Funds Broad\u00bb (SWIIT).<\/p>\n<p>Gli investimenti di Mobifonds Swiss Property si concentrano su edifici giovani nel segmento residenziale. Il portafoglio comprende attualmente 23 immobili per un valore di mercato di 1,2 miliardi di franchi svizzeri. <em>(aw)<\/em><\/p>\n<p>&nbsp;<\/p>","protected":false},"excerpt":{"rendered":"<p>Il fondo immobiliare da 1,2 miliardi di franchi svizzeri ha ricevuto le approvazioni necessarie per la sua IPO e sar\u00e0 presto aperto a tutti gli investitori.<\/p>","protected":false},"author":102,"featured_media":61536,"comment_status":"closed","ping_status":"closed","sticky":false,"template":"","format":"standard","meta":{"_acf_changed":false,"_yoast_wpseo_focuskw":"Mobifonds","_yoast_wpseo_title":"","_yoast_wpseo_metadesc":"Der 1,2 Mrd. CHF schwere Immobilienfonds hat die erforderlichen Genehmigungen f\u00fcr den B\u00f6rsengang erhalten und wird bald allen Anlegern offenstehen.","_yoast_wpseo_linkdex":64,"pgc_sgb_lightbox_settings":"","footnotes":""},"categories":[988],"tags":[1108,1344,4042,2080],"class_list":["post-67214","post","type-post","status-publish","format-standard","has-post-thumbnail","hentry","category-unternehmen","tag-boersengang","tag-immobilienfonds","tag-mobifonds","tag-mobiliar"],"acf":[],"yoast_head":"<!-- This site is optimized with the Yoast SEO plugin v27.5 - https:\/\/yoast.com\/product\/yoast-seo-wordpress\/ -->\n<title>Mobifonds: Gr\u00fcnes Licht f\u00fcr Kotierung - IMMOBILIEN Business<\/title>\n<meta name=\"description\" content=\"Der 1,2 Mrd. CHF schwere Immobilienfonds hat die erforderlichen Genehmigungen f\u00fcr den B\u00f6rsengang erhalten und wird bald allen Anlegern offenstehen.\" \/>\n<meta name=\"robots\" content=\"index, follow, max-snippet:-1, max-image-preview:large, max-video-preview:-1\" \/>\n<link rel=\"canonical\" href=\"https:\/\/www.immobilienbusiness.ch\/it\/unternehmen\/2026-02-10\/mobifonds-gruenes-licht-fuer-kotierung\/\" \/>\n<meta property=\"og:locale\" content=\"it_IT\" \/>\n<meta property=\"og:type\" content=\"article\" \/>\n<meta property=\"og:title\" content=\"Mobifonds: Gr\u00fcnes Licht f\u00fcr Kotierung - IMMOBILIEN Business\" \/>\n<meta property=\"og:description\" content=\"Der 1,2 Mrd. CHF schwere Immobilienfonds hat die erforderlichen Genehmigungen f\u00fcr den B\u00f6rsengang erhalten und wird bald allen Anlegern offenstehen.\" \/>\n<meta property=\"og:url\" content=\"https:\/\/www.immobilienbusiness.ch\/it\/unternehmen\/2026-02-10\/mobifonds-gruenes-licht-fuer-kotierung\/\" \/>\n<meta property=\"og:site_name\" content=\"IMMOBILIEN Business\" \/>\n<meta property=\"article:publisher\" content=\"https:\/\/www.facebook.com\/immobilienbusiness\/\" \/>\n<meta property=\"article:published_time\" content=\"2026-02-10T06:01:41+00:00\" \/>\n<meta property=\"og:image\" content=\"https:\/\/www.immobilienbusiness.ch\/wp-content\/uploads\/2024\/11\/Mobiliar-direktion-gebaeude-bern-daemmerung-zVg-scaled.webp\" \/>\n\t<meta property=\"og:image:width\" content=\"1400\" \/>\n\t<meta property=\"og:image:height\" content=\"1050\" \/>\n\t<meta property=\"og:image:type\" content=\"image\/webp\" \/>\n<meta name=\"author\" content=\"Alexander Wachter\" \/>\n<meta name=\"twitter:card\" content=\"summary_large_image\" \/>\n<script type=\"application\/ld+json\" class=\"yoast-schema-graph\">{\"@context\":\"https:\\\/\\\/schema.org\",\"@graph\":[{\"@type\":\"Article\",\"@id\":\"https:\\\/\\\/www.immobilienbusiness.ch\\\/unternehmen\\\/2026-02-10\\\/mobifonds-gruenes-licht-fuer-kotierung\\\/#article\",\"isPartOf\":{\"@id\":\"https:\\\/\\\/www.immobilienbusiness.ch\\\/unternehmen\\\/2026-02-10\\\/mobifonds-gruenes-licht-fuer-kotierung\\\/\"},\"author\":{\"name\":\"Alexander Wachter\",\"@id\":\"https:\\\/\\\/www.immobilienbusiness.ch\\\/#\\\/schema\\\/person\\\/aba8bea2db926aa0c24c08c43fe1fcd5\"},\"headline\":\"Mobifonds: Gr\u00fcnes Licht f\u00fcr Kotierung\",\"datePublished\":\"2026-02-10T06:01:41+00:00\",\"mainEntityOfPage\":{\"@id\":\"https:\\\/\\\/www.immobilienbusiness.ch\\\/unternehmen\\\/2026-02-10\\\/mobifonds-gruenes-licht-fuer-kotierung\\\/\"},\"wordCount\":119,\"publisher\":{\"@id\":\"https:\\\/\\\/www.immobilienbusiness.ch\\\/#organization\"},\"image\":{\"@id\":\"https:\\\/\\\/www.immobilienbusiness.ch\\\/unternehmen\\\/2026-02-10\\\/mobifonds-gruenes-licht-fuer-kotierung\\\/#primaryimage\"},\"thumbnailUrl\":\"https:\\\/\\\/www.immobilienbusiness.ch\\\/wp-content\\\/uploads\\\/2024\\\/11\\\/Mobiliar-direktion-gebaeude-bern-daemmerung-zVg-scaled.webp\",\"keywords\":[\"B\u00f6rsengang\",\"Immobilienfonds\",\"Mobifonds\",\"Mobiliar\"],\"articleSection\":[\"UNTERNEHMEN\"],\"inLanguage\":\"it-IT\"},{\"@type\":\"WebPage\",\"@id\":\"https:\\\/\\\/www.immobilienbusiness.ch\\\/unternehmen\\\/2026-02-10\\\/mobifonds-gruenes-licht-fuer-kotierung\\\/\",\"url\":\"https:\\\/\\\/www.immobilienbusiness.ch\\\/unternehmen\\\/2026-02-10\\\/mobifonds-gruenes-licht-fuer-kotierung\\\/\",\"name\":\"Mobifonds: Gr\u00fcnes Licht f\u00fcr Kotierung - IMMOBILIEN Business\",\"isPartOf\":{\"@id\":\"https:\\\/\\\/www.immobilienbusiness.ch\\\/#website\"},\"primaryImageOfPage\":{\"@id\":\"https:\\\/\\\/www.immobilienbusiness.ch\\\/unternehmen\\\/2026-02-10\\\/mobifonds-gruenes-licht-fuer-kotierung\\\/#primaryimage\"},\"image\":{\"@id\":\"https:\\\/\\\/www.immobilienbusiness.ch\\\/unternehmen\\\/2026-02-10\\\/mobifonds-gruenes-licht-fuer-kotierung\\\/#primaryimage\"},\"thumbnailUrl\":\"https:\\\/\\\/www.immobilienbusiness.ch\\\/wp-content\\\/uploads\\\/2024\\\/11\\\/Mobiliar-direktion-gebaeude-bern-daemmerung-zVg-scaled.webp\",\"datePublished\":\"2026-02-10T06:01:41+00:00\",\"description\":\"Der 1,2 Mrd. CHF schwere Immobilienfonds hat die erforderlichen Genehmigungen f\u00fcr den B\u00f6rsengang erhalten und wird bald allen Anlegern offenstehen.\",\"breadcrumb\":{\"@id\":\"https:\\\/\\\/www.immobilienbusiness.ch\\\/unternehmen\\\/2026-02-10\\\/mobifonds-gruenes-licht-fuer-kotierung\\\/#breadcrumb\"},\"inLanguage\":\"it-IT\",\"potentialAction\":[{\"@type\":\"ReadAction\",\"target\":[\"https:\\\/\\\/www.immobilienbusiness.ch\\\/unternehmen\\\/2026-02-10\\\/mobifonds-gruenes-licht-fuer-kotierung\\\/\"]}]},{\"@type\":\"ImageObject\",\"inLanguage\":\"it-IT\",\"@id\":\"https:\\\/\\\/www.immobilienbusiness.ch\\\/unternehmen\\\/2026-02-10\\\/mobifonds-gruenes-licht-fuer-kotierung\\\/#primaryimage\",\"url\":\"https:\\\/\\\/www.immobilienbusiness.ch\\\/wp-content\\\/uploads\\\/2024\\\/11\\\/Mobiliar-direktion-gebaeude-bern-daemmerung-zVg-scaled.webp\",\"contentUrl\":\"https:\\\/\\\/www.immobilienbusiness.ch\\\/wp-content\\\/uploads\\\/2024\\\/11\\\/Mobiliar-direktion-gebaeude-bern-daemmerung-zVg-scaled.webp\",\"width\":1400,\"height\":1050,\"caption\":\"Der Sitz der Mobiliar in Bern (Bild: zVg)\"},{\"@type\":\"BreadcrumbList\",\"@id\":\"https:\\\/\\\/www.immobilienbusiness.ch\\\/unternehmen\\\/2026-02-10\\\/mobifonds-gruenes-licht-fuer-kotierung\\\/#breadcrumb\",\"itemListElement\":[{\"@type\":\"ListItem\",\"position\":1,\"name\":\"Home\",\"item\":\"https:\\\/\\\/www.immobilienbusiness.ch\\\/\"},{\"@type\":\"ListItem\",\"position\":2,\"name\":\"Mobifonds: Gr\u00fcnes Licht f\u00fcr Kotierung\"}]},{\"@type\":\"WebSite\",\"@id\":\"https:\\\/\\\/www.immobilienbusiness.ch\\\/#website\",\"url\":\"https:\\\/\\\/www.immobilienbusiness.ch\\\/\",\"name\":\"IMMOBILIEN Business\",\"description\":\"Unabh\u00e4ngiges Schweizer Wirtschaftsmagazin mit Fokus auf Immobilien, Architektur- und Bau sowie Investment- und Finanzierung.\",\"publisher\":{\"@id\":\"https:\\\/\\\/www.immobilienbusiness.ch\\\/#organization\"},\"potentialAction\":[{\"@type\":\"SearchAction\",\"target\":{\"@type\":\"EntryPoint\",\"urlTemplate\":\"https:\\\/\\\/www.immobilienbusiness.ch\\\/?s={search_term_string}\"},\"query-input\":{\"@type\":\"PropertyValueSpecification\",\"valueRequired\":true,\"valueName\":\"search_term_string\"}}],\"inLanguage\":\"it-IT\"},{\"@type\":\"Organization\",\"@id\":\"https:\\\/\\\/www.immobilienbusiness.ch\\\/#organization\",\"name\":\"IMMOBILIEN Business\",\"url\":\"https:\\\/\\\/www.immobilienbusiness.ch\\\/\",\"logo\":{\"@type\":\"ImageObject\",\"inLanguage\":\"it-IT\",\"@id\":\"https:\\\/\\\/www.immobilienbusiness.ch\\\/#\\\/schema\\\/logo\\\/image\\\/\",\"url\":\"https:\\\/\\\/www.immobilienbusiness.ch\\\/wp-content\\\/uploads\\\/2021\\\/07\\\/logo_ib.png\",\"contentUrl\":\"https:\\\/\\\/www.immobilienbusiness.ch\\\/wp-content\\\/uploads\\\/2021\\\/07\\\/logo_ib.png\",\"width\":800,\"height\":181,\"caption\":\"IMMOBILIEN Business\"},\"image\":{\"@id\":\"https:\\\/\\\/www.immobilienbusiness.ch\\\/#\\\/schema\\\/logo\\\/image\\\/\"},\"sameAs\":[\"https:\\\/\\\/www.facebook.com\\\/immobilienbusiness\\\/\"]},{\"@type\":\"Person\",\"@id\":\"https:\\\/\\\/www.immobilienbusiness.ch\\\/#\\\/schema\\\/person\\\/aba8bea2db926aa0c24c08c43fe1fcd5\",\"name\":\"Alexander Wachter\",\"image\":{\"@type\":\"ImageObject\",\"inLanguage\":\"it-IT\",\"@id\":\"https:\\\/\\\/secure.gravatar.com\\\/avatar\\\/1a09e471f5389b0e0a6416eac287e0927c7c97a7b77f9e787eba3af7aee281dd?s=96&d=mm&r=g\",\"url\":\"https:\\\/\\\/secure.gravatar.com\\\/avatar\\\/1a09e471f5389b0e0a6416eac287e0927c7c97a7b77f9e787eba3af7aee281dd?s=96&d=mm&r=g\",\"contentUrl\":\"https:\\\/\\\/secure.gravatar.com\\\/avatar\\\/1a09e471f5389b0e0a6416eac287e0927c7c97a7b77f9e787eba3af7aee281dd?s=96&d=mm&r=g\",\"caption\":\"Alexander Wachter\"},\"url\":\"https:\\\/\\\/www.immobilienbusiness.ch\\\/it\\\/author\\\/alexander-wachter\\\/\"}]}<\/script>\n<!-- \/ Yoast SEO plugin. -->","yoast_head_json":{"title":"Mobifonds: Gr\u00fcnes Licht f\u00fcr Kotierung - IMMOBILIEN Business","description":"Il fondo immobiliare da 1,2 miliardi di franchi svizzeri ha ricevuto le approvazioni necessarie per la sua IPO e sar\u00e0 presto aperto a tutti gli investitori.","robots":{"index":"index","follow":"follow","max-snippet":"max-snippet:-1","max-image-preview":"max-image-preview:large","max-video-preview":"max-video-preview:-1"},"canonical":"https:\/\/www.immobilienbusiness.ch\/it\/unternehmen\/2026-02-10\/mobifonds-gruenes-licht-fuer-kotierung\/","og_locale":"it_IT","og_type":"article","og_title":"Mobifonds: Gr\u00fcnes Licht f\u00fcr Kotierung - IMMOBILIEN Business","og_description":"Der 1,2 Mrd. CHF schwere Immobilienfonds hat die erforderlichen Genehmigungen f\u00fcr den B\u00f6rsengang erhalten und wird bald allen Anlegern offenstehen.","og_url":"https:\/\/www.immobilienbusiness.ch\/it\/unternehmen\/2026-02-10\/mobifonds-gruenes-licht-fuer-kotierung\/","og_site_name":"IMMOBILIEN Business","article_publisher":"https:\/\/www.facebook.com\/immobilienbusiness\/","article_published_time":"2026-02-10T06:01:41+00:00","og_image":[{"width":1400,"height":1050,"url":"https:\/\/www.immobilienbusiness.ch\/wp-content\/uploads\/2024\/11\/Mobiliar-direktion-gebaeude-bern-daemmerung-zVg-scaled.webp","type":"image\/webp"}],"author":"Alexander Wachter","twitter_card":"summary_large_image","schema":{"@context":"https:\/\/schema.org","@graph":[{"@type":"Article","@id":"https:\/\/www.immobilienbusiness.ch\/unternehmen\/2026-02-10\/mobifonds-gruenes-licht-fuer-kotierung\/#article","isPartOf":{"@id":"https:\/\/www.immobilienbusiness.ch\/unternehmen\/2026-02-10\/mobifonds-gruenes-licht-fuer-kotierung\/"},"author":{"name":"Alexander Wachter","@id":"https:\/\/www.immobilienbusiness.ch\/#\/schema\/person\/aba8bea2db926aa0c24c08c43fe1fcd5"},"headline":"Mobifonds: Gr\u00fcnes Licht f\u00fcr Kotierung","datePublished":"2026-02-10T06:01:41+00:00","mainEntityOfPage":{"@id":"https:\/\/www.immobilienbusiness.ch\/unternehmen\/2026-02-10\/mobifonds-gruenes-licht-fuer-kotierung\/"},"wordCount":119,"publisher":{"@id":"https:\/\/www.immobilienbusiness.ch\/#organization"},"image":{"@id":"https:\/\/www.immobilienbusiness.ch\/unternehmen\/2026-02-10\/mobifonds-gruenes-licht-fuer-kotierung\/#primaryimage"},"thumbnailUrl":"https:\/\/www.immobilienbusiness.ch\/wp-content\/uploads\/2024\/11\/Mobiliar-direktion-gebaeude-bern-daemmerung-zVg-scaled.webp","keywords":["B\u00f6rsengang","Immobilienfonds","Mobifonds","Mobiliar"],"articleSection":["UNTERNEHMEN"],"inLanguage":"it-IT"},{"@type":"WebPage","@id":"https:\/\/www.immobilienbusiness.ch\/unternehmen\/2026-02-10\/mobifonds-gruenes-licht-fuer-kotierung\/","url":"https:\/\/www.immobilienbusiness.ch\/unternehmen\/2026-02-10\/mobifonds-gruenes-licht-fuer-kotierung\/","name":"Mobifonds: Gr\u00fcnes Licht f\u00fcr Kotierung - IMMOBILIEN Business","isPartOf":{"@id":"https:\/\/www.immobilienbusiness.ch\/#website"},"primaryImageOfPage":{"@id":"https:\/\/www.immobilienbusiness.ch\/unternehmen\/2026-02-10\/mobifonds-gruenes-licht-fuer-kotierung\/#primaryimage"},"image":{"@id":"https:\/\/www.immobilienbusiness.ch\/unternehmen\/2026-02-10\/mobifonds-gruenes-licht-fuer-kotierung\/#primaryimage"},"thumbnailUrl":"https:\/\/www.immobilienbusiness.ch\/wp-content\/uploads\/2024\/11\/Mobiliar-direktion-gebaeude-bern-daemmerung-zVg-scaled.webp","datePublished":"2026-02-10T06:01:41+00:00","description":"Il fondo immobiliare da 1,2 miliardi di franchi svizzeri ha ricevuto le approvazioni necessarie per la sua IPO e sar\u00e0 presto aperto a tutti gli investitori.","breadcrumb":{"@id":"https:\/\/www.immobilienbusiness.ch\/unternehmen\/2026-02-10\/mobifonds-gruenes-licht-fuer-kotierung\/#breadcrumb"},"inLanguage":"it-IT","potentialAction":[{"@type":"ReadAction","target":["https:\/\/www.immobilienbusiness.ch\/unternehmen\/2026-02-10\/mobifonds-gruenes-licht-fuer-kotierung\/"]}]},{"@type":"ImageObject","inLanguage":"it-IT","@id":"https:\/\/www.immobilienbusiness.ch\/unternehmen\/2026-02-10\/mobifonds-gruenes-licht-fuer-kotierung\/#primaryimage","url":"https:\/\/www.immobilienbusiness.ch\/wp-content\/uploads\/2024\/11\/Mobiliar-direktion-gebaeude-bern-daemmerung-zVg-scaled.webp","contentUrl":"https:\/\/www.immobilienbusiness.ch\/wp-content\/uploads\/2024\/11\/Mobiliar-direktion-gebaeude-bern-daemmerung-zVg-scaled.webp","width":1400,"height":1050,"caption":"Der Sitz der Mobiliar in Bern (Bild: zVg)"},{"@type":"BreadcrumbList","@id":"https:\/\/www.immobilienbusiness.ch\/unternehmen\/2026-02-10\/mobifonds-gruenes-licht-fuer-kotierung\/#breadcrumb","itemListElement":[{"@type":"ListItem","position":1,"name":"Home","item":"https:\/\/www.immobilienbusiness.ch\/"},{"@type":"ListItem","position":2,"name":"Mobifonds: Gr\u00fcnes Licht f\u00fcr Kotierung"}]},{"@type":"WebSite","@id":"https:\/\/www.immobilienbusiness.ch\/#website","url":"https:\/\/www.immobilienbusiness.ch\/","name":"Affari immobiliari","description":"Rivista economica indipendente svizzera che si concentra sul settore immobiliare, l'architettura e la costruzione, nonch\u00e9 sugli investimenti e i finanziamenti.","publisher":{"@id":"https:\/\/www.immobilienbusiness.ch\/#organization"},"potentialAction":[{"@type":"SearchAction","target":{"@type":"EntryPoint","urlTemplate":"https:\/\/www.immobilienbusiness.ch\/?s={search_term_string}"},"query-input":{"@type":"PropertyValueSpecification","valueRequired":true,"valueName":"search_term_string"}}],"inLanguage":"it-IT"},{"@type":"Organization","@id":"https:\/\/www.immobilienbusiness.ch\/#organization","name":"Affari immobiliari","url":"https:\/\/www.immobilienbusiness.ch\/","logo":{"@type":"ImageObject","inLanguage":"it-IT","@id":"https:\/\/www.immobilienbusiness.ch\/#\/schema\/logo\/image\/","url":"https:\/\/www.immobilienbusiness.ch\/wp-content\/uploads\/2021\/07\/logo_ib.png","contentUrl":"https:\/\/www.immobilienbusiness.ch\/wp-content\/uploads\/2021\/07\/logo_ib.png","width":800,"height":181,"caption":"IMMOBILIEN Business"},"image":{"@id":"https:\/\/www.immobilienbusiness.ch\/#\/schema\/logo\/image\/"},"sameAs":["https:\/\/www.facebook.com\/immobilienbusiness\/"]},{"@type":"Person","@id":"https:\/\/www.immobilienbusiness.ch\/#\/schema\/person\/aba8bea2db926aa0c24c08c43fe1fcd5","name":"Alexander Wachter","image":{"@type":"ImageObject","inLanguage":"it-IT","@id":"https:\/\/secure.gravatar.com\/avatar\/1a09e471f5389b0e0a6416eac287e0927c7c97a7b77f9e787eba3af7aee281dd?s=96&d=mm&r=g","url":"https:\/\/secure.gravatar.com\/avatar\/1a09e471f5389b0e0a6416eac287e0927c7c97a7b77f9e787eba3af7aee281dd?s=96&d=mm&r=g","contentUrl":"https:\/\/secure.gravatar.com\/avatar\/1a09e471f5389b0e0a6416eac287e0927c7c97a7b77f9e787eba3af7aee281dd?s=96&d=mm&r=g","caption":"Alexander Wachter"},"url":"https:\/\/www.immobilienbusiness.ch\/it\/author\/alexander-wachter\/"}]}},"_links":{"self":[{"href":"https:\/\/www.immobilienbusiness.ch\/it\/wp-json\/wp\/v2\/posts\/67214","targetHints":{"allow":["GET"]}}],"collection":[{"href":"https:\/\/www.immobilienbusiness.ch\/it\/wp-json\/wp\/v2\/posts"}],"about":[{"href":"https:\/\/www.immobilienbusiness.ch\/it\/wp-json\/wp\/v2\/types\/post"}],"author":[{"embeddable":true,"href":"https:\/\/www.immobilienbusiness.ch\/it\/wp-json\/wp\/v2\/users\/102"}],"replies":[{"embeddable":true,"href":"https:\/\/www.immobilienbusiness.ch\/it\/wp-json\/wp\/v2\/comments?post=67214"}],"version-history":[{"count":1,"href":"https:\/\/www.immobilienbusiness.ch\/it\/wp-json\/wp\/v2\/posts\/67214\/revisions"}],"predecessor-version":[{"id":67215,"href":"https:\/\/www.immobilienbusiness.ch\/it\/wp-json\/wp\/v2\/posts\/67214\/revisions\/67215"}],"wp:featuredmedia":[{"embeddable":true,"href":"https:\/\/www.immobilienbusiness.ch\/it\/wp-json\/wp\/v2\/media\/61536"}],"wp:attachment":[{"href":"https:\/\/www.immobilienbusiness.ch\/it\/wp-json\/wp\/v2\/media?parent=67214"}],"wp:term":[{"taxonomy":"category","embeddable":true,"href":"https:\/\/www.immobilienbusiness.ch\/it\/wp-json\/wp\/v2\/categories?post=67214"},{"taxonomy":"post_tag","embeddable":true,"href":"https:\/\/www.immobilienbusiness.ch\/it\/wp-json\/wp\/v2\/tags?post=67214"}],"curies":[{"name":"wp","href":"https:\/\/api.w.org\/{rel}","templated":true}]}}