{"id":66974,"date":"2026-01-23T07:01:04","date_gmt":"2026-01-23T06:01:04","guid":{"rendered":"https:\/\/www.immobilienbusiness.ch\/?p=66974"},"modified":"2026-01-29T12:31:11","modified_gmt":"2026-01-29T11:31:11","slug":"liechtenstein-bank-baut-campus-fuer-700-beschaeftigte","status":"publish","type":"post","link":"https:\/\/www.immobilienbusiness.ch\/it\/regionen\/2026-01-23\/liechtenstein-bank-baut-campus-fuer-700-beschaeftigte\/","title":{"rendered":"Liechtenstein: la banca costruisce un campus per 700 dipendenti"},"content":{"rendered":"<figure id=\"attachment_66975\" aria-describedby=\"caption-attachment-66975\" style=\"width: 763px\" class=\"wp-caption alignnone\"><a href=\"https:\/\/www.immobilienbusiness.ch\/wp-content\/uploads\/2026\/01\/Bank-Frick-Liechtenstein-zVg.png\"><img loading=\"lazy\" decoding=\"async\" class=\"size-full wp-image-66975\" src=\"https:\/\/www.immobilienbusiness.ch\/wp-content\/uploads\/2026\/01\/Bank-Frick-Liechtenstein-zVg.png\" alt=\"\" width=\"763\" height=\"615\" srcset=\"https:\/\/www.immobilienbusiness.ch\/wp-content\/uploads\/2026\/01\/Bank-Frick-Liechtenstein-zVg.png 763w, https:\/\/www.immobilienbusiness.ch\/wp-content\/uploads\/2026\/01\/Bank-Frick-Liechtenstein-zVg-300x242.png 300w, https:\/\/www.immobilienbusiness.ch\/wp-content\/uploads\/2026\/01\/Bank-Frick-Liechtenstein-zVg-15x12.png 15w, https:\/\/www.immobilienbusiness.ch\/wp-content\/uploads\/2026\/01\/Bank-Frick-Liechtenstein-zVg-372x300.png 372w, https:\/\/www.immobilienbusiness.ch\/wp-content\/uploads\/2026\/01\/Bank-Frick-Liechtenstein-zVg-434x350.png 434w\" sizes=\"auto, (max-width: 763px) 100vw, 763px\" \/><\/a><figcaption id=\"caption-attachment-66975\" class=\"wp-caption-text\">In Liechtenstein \u00e8 in costruzione un nuovo campus per la Bank Frick (\u00a9 Jonas Bloch architectural visualisations for Bernardo Bader Architekten)<\/figcaption><\/figure>\n<p>La Banca Frick ha concluso il concorso di architettura per la sua nuova sede nel comune di Unterbendern, in Liechtenstein. Con l'inizio dei lavori di costruzione previsto per l'inizio del 2028, verranno realizzati i progetti di un team di progettazione guidato dallo studio Bernardo Bader Architekten del Vorarlberg. Sono previsti un edificio principale di sei piani e due ulteriori edifici rispettivamente di quattro e cinque piani, ciascuno con un seminterrato. Le strutture sono costituite da una base in calcestruzzo e da una costruzione in legno con arcate al di sopra. Il nuovo edificio, disposto intorno a un cortile interno verde, costituisce il \u00abCampus Bank Frick\u00bb.<\/p>\n<p>Il progetto \u00e8 stato selezionato tra sette progetti presentati. Ogni edificio ha un atrio al centro, attorno al quale sono disposti uffici modulari. \u00abIn questo modo si creano spazi interni e strutture aperte caratterizzate da legno, grandi finestre e luce naturale\u00bb, scrive la banca in un comunicato stampa. \u00abQuesta interazione crea un ambiente salutare e stimolante e fa del Campus Bank Frick il preludio di un nuovo quartiere, un luogo in cui architettura, natura e comunit\u00e0 si incontrano su un piano di parit\u00e0\u00bb, afferma l'architetto Bernardo Bader. Il sito misura 4.246 metri quadrati.<\/p>\n<h3>Occupazione prevista per il 2031<\/h3>\n<p>Per il Comune, il progetto \u00e8 \u00abun primo, decisivo tassello per lo sviluppo di Unterbendern\u00bb. La piazza sotto la collina della chiesa \u00e8 definita come un centro con un mix attraente di utenti e un'alta qualit\u00e0 di soggiorno. Poich\u00e9 si prevede di spostare l'asse principale del traffico, l'accessibilit\u00e0 per tutti gli utenti della strada sar\u00e0 migliorata, afferma il leader della comunit\u00e0 Johannes Hasler.<\/p>\n<p>La Bank Frick intende incaricare i progettisti specializzati nel primo trimestre per iniziare la pianificazione dettagliata. Il nuovo edificio creer\u00e0 un totale di 700 postazioni di lavoro, alcune delle quali saranno affittate a terzi a seconda delle esigenze di spazio. Secondo il programma, la Bank Frick si trasferir\u00e0 negli edifici nel 2031.<\/p>","protected":false},"excerpt":{"rendered":"<p>Uno studio di architettura di Bregenz si \u00e8 aggiudicato il contratto per il nuovo edificio. L'inizio dei lavori \u00e8 previsto per il 2028.<\/p>","protected":false},"author":102,"featured_media":66975,"comment_status":"closed","ping_status":"closed","sticky":false,"template":"","format":"standard","meta":{"_acf_changed":false,"_yoast_wpseo_focuskw":"Liechtenstein","_yoast_wpseo_title":"","_yoast_wpseo_metadesc":"Ein Bregenzer Architekturb\u00fcro hat den Zuschlag f\u00fcr den Neubau erhalten. Der Bau soll 2028 starten.","_yoast_wpseo_linkdex":65,"pgc_sgb_lightbox_settings":"","footnotes":""},"categories":[985],"tags":[1039,4419,1118,1920,1600,1962],"class_list":["post-66974","post","type-post","status-publish","format-standard","has-post-thumbnail","hentry","category-regionen","tag-architektur","tag-bernardo-bader-architekten","tag-buero","tag-liechtenstein","tag-projekt-in-planung","tag-verfugbare-flache"],"acf":[],"yoast_head":"<!-- This site is optimized with the Yoast SEO plugin v27.4 - https:\/\/yoast.com\/product\/yoast-seo-wordpress\/ -->\n<title>Liechtenstein: Bank baut Campus f\u00fcr 700 Besch\u00e4ftigte - IMMOBILIEN Business<\/title>\n<meta name=\"description\" content=\"Ein Bregenzer Architekturb\u00fcro hat den Zuschlag f\u00fcr den Neubau erhalten. Der Bau soll 2028 starten.\" \/>\n<meta name=\"robots\" content=\"index, follow, max-snippet:-1, max-image-preview:large, max-video-preview:-1\" \/>\n<link rel=\"canonical\" href=\"https:\/\/www.immobilienbusiness.ch\/it\/regionen\/2026-01-23\/liechtenstein-bank-baut-campus-fuer-700-beschaeftigte\/\" \/>\n<meta property=\"og:locale\" content=\"it_IT\" \/>\n<meta property=\"og:type\" content=\"article\" \/>\n<meta property=\"og:title\" content=\"Liechtenstein: Bank baut Campus f\u00fcr 700 Besch\u00e4ftigte - IMMOBILIEN Business\" \/>\n<meta property=\"og:description\" content=\"Ein Bregenzer Architekturb\u00fcro hat den Zuschlag f\u00fcr den Neubau erhalten. Der Bau soll 2028 starten.\" \/>\n<meta property=\"og:url\" content=\"https:\/\/www.immobilienbusiness.ch\/it\/regionen\/2026-01-23\/liechtenstein-bank-baut-campus-fuer-700-beschaeftigte\/\" \/>\n<meta property=\"og:site_name\" content=\"IMMOBILIEN Business\" \/>\n<meta property=\"article:publisher\" content=\"https:\/\/www.facebook.com\/immobilienbusiness\/\" \/>\n<meta property=\"article:published_time\" content=\"2026-01-23T06:01:04+00:00\" \/>\n<meta property=\"article:modified_time\" content=\"2026-01-29T11:31:11+00:00\" \/>\n<meta property=\"og:image\" content=\"https:\/\/www.immobilienbusiness.ch\/wp-content\/uploads\/2026\/01\/Bank-Frick-Liechtenstein-zVg.png\" \/>\n\t<meta property=\"og:image:width\" content=\"763\" \/>\n\t<meta property=\"og:image:height\" content=\"615\" \/>\n\t<meta property=\"og:image:type\" content=\"image\/png\" \/>\n<meta name=\"author\" content=\"Alexander Wachter\" \/>\n<meta name=\"twitter:card\" content=\"summary_large_image\" \/>\n<script type=\"application\/ld+json\" class=\"yoast-schema-graph\">{\"@context\":\"https:\\\/\\\/schema.org\",\"@graph\":[{\"@type\":\"Article\",\"@id\":\"https:\\\/\\\/www.immobilienbusiness.ch\\\/regionen\\\/2026-01-23\\\/liechtenstein-bank-baut-campus-fuer-700-beschaeftigte\\\/#article\",\"isPartOf\":{\"@id\":\"https:\\\/\\\/www.immobilienbusiness.ch\\\/regionen\\\/2026-01-23\\\/liechtenstein-bank-baut-campus-fuer-700-beschaeftigte\\\/\"},\"author\":{\"name\":\"Alexander Wachter\",\"@id\":\"https:\\\/\\\/www.immobilienbusiness.ch\\\/#\\\/schema\\\/person\\\/aba8bea2db926aa0c24c08c43fe1fcd5\"},\"headline\":\"Liechtenstein: Bank baut Campus f\u00fcr 700 Besch\u00e4ftigte\",\"datePublished\":\"2026-01-23T06:01:04+00:00\",\"dateModified\":\"2026-01-29T11:31:11+00:00\",\"mainEntityOfPage\":{\"@id\":\"https:\\\/\\\/www.immobilienbusiness.ch\\\/regionen\\\/2026-01-23\\\/liechtenstein-bank-baut-campus-fuer-700-beschaeftigte\\\/\"},\"wordCount\":320,\"publisher\":{\"@id\":\"https:\\\/\\\/www.immobilienbusiness.ch\\\/#organization\"},\"image\":{\"@id\":\"https:\\\/\\\/www.immobilienbusiness.ch\\\/regionen\\\/2026-01-23\\\/liechtenstein-bank-baut-campus-fuer-700-beschaeftigte\\\/#primaryimage\"},\"thumbnailUrl\":\"https:\\\/\\\/www.immobilienbusiness.ch\\\/wp-content\\\/uploads\\\/2026\\\/01\\\/Bank-Frick-Liechtenstein-zVg.png\",\"keywords\":[\"Architektur\",\"Bernardo Bader Architekten\",\"B\u00fcro\",\"Liechtenstein\",\"Projekt in Planung\",\"verf\u00fcgbare Fl\u00e4che\"],\"articleSection\":[\"REGIONEN\"],\"inLanguage\":\"it-IT\"},{\"@type\":\"WebPage\",\"@id\":\"https:\\\/\\\/www.immobilienbusiness.ch\\\/regionen\\\/2026-01-23\\\/liechtenstein-bank-baut-campus-fuer-700-beschaeftigte\\\/\",\"url\":\"https:\\\/\\\/www.immobilienbusiness.ch\\\/regionen\\\/2026-01-23\\\/liechtenstein-bank-baut-campus-fuer-700-beschaeftigte\\\/\",\"name\":\"Liechtenstein: Bank baut Campus f\u00fcr 700 Besch\u00e4ftigte - IMMOBILIEN Business\",\"isPartOf\":{\"@id\":\"https:\\\/\\\/www.immobilienbusiness.ch\\\/#website\"},\"primaryImageOfPage\":{\"@id\":\"https:\\\/\\\/www.immobilienbusiness.ch\\\/regionen\\\/2026-01-23\\\/liechtenstein-bank-baut-campus-fuer-700-beschaeftigte\\\/#primaryimage\"},\"image\":{\"@id\":\"https:\\\/\\\/www.immobilienbusiness.ch\\\/regionen\\\/2026-01-23\\\/liechtenstein-bank-baut-campus-fuer-700-beschaeftigte\\\/#primaryimage\"},\"thumbnailUrl\":\"https:\\\/\\\/www.immobilienbusiness.ch\\\/wp-content\\\/uploads\\\/2026\\\/01\\\/Bank-Frick-Liechtenstein-zVg.png\",\"datePublished\":\"2026-01-23T06:01:04+00:00\",\"dateModified\":\"2026-01-29T11:31:11+00:00\",\"description\":\"Ein Bregenzer Architekturb\u00fcro hat den Zuschlag f\u00fcr den Neubau erhalten. Der Bau soll 2028 starten.\",\"breadcrumb\":{\"@id\":\"https:\\\/\\\/www.immobilienbusiness.ch\\\/regionen\\\/2026-01-23\\\/liechtenstein-bank-baut-campus-fuer-700-beschaeftigte\\\/#breadcrumb\"},\"inLanguage\":\"it-IT\",\"potentialAction\":[{\"@type\":\"ReadAction\",\"target\":[\"https:\\\/\\\/www.immobilienbusiness.ch\\\/regionen\\\/2026-01-23\\\/liechtenstein-bank-baut-campus-fuer-700-beschaeftigte\\\/\"]}]},{\"@type\":\"ImageObject\",\"inLanguage\":\"it-IT\",\"@id\":\"https:\\\/\\\/www.immobilienbusiness.ch\\\/regionen\\\/2026-01-23\\\/liechtenstein-bank-baut-campus-fuer-700-beschaeftigte\\\/#primaryimage\",\"url\":\"https:\\\/\\\/www.immobilienbusiness.ch\\\/wp-content\\\/uploads\\\/2026\\\/01\\\/Bank-Frick-Liechtenstein-zVg.png\",\"contentUrl\":\"https:\\\/\\\/www.immobilienbusiness.ch\\\/wp-content\\\/uploads\\\/2026\\\/01\\\/Bank-Frick-Liechtenstein-zVg.png\",\"width\":763,\"height\":615,\"caption\":\"In Liechtenstein entsteht ein neuer Campus f\u00fcr die Bank Frick (\u00a9 Jonas Bloch Architekturvisualisierungen f\u00fcr Bernardo Bader Architekten)\"},{\"@type\":\"BreadcrumbList\",\"@id\":\"https:\\\/\\\/www.immobilienbusiness.ch\\\/regionen\\\/2026-01-23\\\/liechtenstein-bank-baut-campus-fuer-700-beschaeftigte\\\/#breadcrumb\",\"itemListElement\":[{\"@type\":\"ListItem\",\"position\":1,\"name\":\"Home\",\"item\":\"https:\\\/\\\/www.immobilienbusiness.ch\\\/\"},{\"@type\":\"ListItem\",\"position\":2,\"name\":\"Liechtenstein: Bank baut Campus f\u00fcr 700 Besch\u00e4ftigte\"}]},{\"@type\":\"WebSite\",\"@id\":\"https:\\\/\\\/www.immobilienbusiness.ch\\\/#website\",\"url\":\"https:\\\/\\\/www.immobilienbusiness.ch\\\/\",\"name\":\"IMMOBILIEN Business\",\"description\":\"Unabh\u00e4ngiges Schweizer Wirtschaftsmagazin mit Fokus auf Immobilien, Architektur- und Bau sowie Investment- und Finanzierung.\",\"publisher\":{\"@id\":\"https:\\\/\\\/www.immobilienbusiness.ch\\\/#organization\"},\"potentialAction\":[{\"@type\":\"SearchAction\",\"target\":{\"@type\":\"EntryPoint\",\"urlTemplate\":\"https:\\\/\\\/www.immobilienbusiness.ch\\\/?s={search_term_string}\"},\"query-input\":{\"@type\":\"PropertyValueSpecification\",\"valueRequired\":true,\"valueName\":\"search_term_string\"}}],\"inLanguage\":\"it-IT\"},{\"@type\":\"Organization\",\"@id\":\"https:\\\/\\\/www.immobilienbusiness.ch\\\/#organization\",\"name\":\"IMMOBILIEN Business\",\"url\":\"https:\\\/\\\/www.immobilienbusiness.ch\\\/\",\"logo\":{\"@type\":\"ImageObject\",\"inLanguage\":\"it-IT\",\"@id\":\"https:\\\/\\\/www.immobilienbusiness.ch\\\/#\\\/schema\\\/logo\\\/image\\\/\",\"url\":\"https:\\\/\\\/www.immobilienbusiness.ch\\\/wp-content\\\/uploads\\\/2021\\\/07\\\/logo_ib.png\",\"contentUrl\":\"https:\\\/\\\/www.immobilienbusiness.ch\\\/wp-content\\\/uploads\\\/2021\\\/07\\\/logo_ib.png\",\"width\":800,\"height\":181,\"caption\":\"IMMOBILIEN Business\"},\"image\":{\"@id\":\"https:\\\/\\\/www.immobilienbusiness.ch\\\/#\\\/schema\\\/logo\\\/image\\\/\"},\"sameAs\":[\"https:\\\/\\\/www.facebook.com\\\/immobilienbusiness\\\/\"]},{\"@type\":\"Person\",\"@id\":\"https:\\\/\\\/www.immobilienbusiness.ch\\\/#\\\/schema\\\/person\\\/aba8bea2db926aa0c24c08c43fe1fcd5\",\"name\":\"Alexander Wachter\",\"image\":{\"@type\":\"ImageObject\",\"inLanguage\":\"it-IT\",\"@id\":\"https:\\\/\\\/secure.gravatar.com\\\/avatar\\\/1a09e471f5389b0e0a6416eac287e0927c7c97a7b77f9e787eba3af7aee281dd?s=96&d=mm&r=g\",\"url\":\"https:\\\/\\\/secure.gravatar.com\\\/avatar\\\/1a09e471f5389b0e0a6416eac287e0927c7c97a7b77f9e787eba3af7aee281dd?s=96&d=mm&r=g\",\"contentUrl\":\"https:\\\/\\\/secure.gravatar.com\\\/avatar\\\/1a09e471f5389b0e0a6416eac287e0927c7c97a7b77f9e787eba3af7aee281dd?s=96&d=mm&r=g\",\"caption\":\"Alexander Wachter\"},\"url\":\"https:\\\/\\\/www.immobilienbusiness.ch\\\/it\\\/author\\\/alexander-wachter\\\/\"}]}<\/script>\n<!-- \/ Yoast SEO plugin. -->","yoast_head_json":{"title":"Liechtenstein: la banca costruisce un campus per 700 dipendenti - IMMOBILIEN Business","description":"Uno studio di architettura di Bregenz si \u00e8 aggiudicato il contratto per il nuovo edificio. L'inizio dei lavori \u00e8 previsto per il 2028.","robots":{"index":"index","follow":"follow","max-snippet":"max-snippet:-1","max-image-preview":"max-image-preview:large","max-video-preview":"max-video-preview:-1"},"canonical":"https:\/\/www.immobilienbusiness.ch\/it\/regionen\/2026-01-23\/liechtenstein-bank-baut-campus-fuer-700-beschaeftigte\/","og_locale":"it_IT","og_type":"article","og_title":"Liechtenstein: Bank baut Campus f\u00fcr 700 Besch\u00e4ftigte - IMMOBILIEN Business","og_description":"Ein Bregenzer Architekturb\u00fcro hat den Zuschlag f\u00fcr den Neubau erhalten. Der Bau soll 2028 starten.","og_url":"https:\/\/www.immobilienbusiness.ch\/it\/regionen\/2026-01-23\/liechtenstein-bank-baut-campus-fuer-700-beschaeftigte\/","og_site_name":"IMMOBILIEN Business","article_publisher":"https:\/\/www.facebook.com\/immobilienbusiness\/","article_published_time":"2026-01-23T06:01:04+00:00","article_modified_time":"2026-01-29T11:31:11+00:00","og_image":[{"width":763,"height":615,"url":"https:\/\/www.immobilienbusiness.ch\/wp-content\/uploads\/2026\/01\/Bank-Frick-Liechtenstein-zVg.png","type":"image\/png"}],"author":"Alexander Wachter","twitter_card":"summary_large_image","schema":{"@context":"https:\/\/schema.org","@graph":[{"@type":"Article","@id":"https:\/\/www.immobilienbusiness.ch\/regionen\/2026-01-23\/liechtenstein-bank-baut-campus-fuer-700-beschaeftigte\/#article","isPartOf":{"@id":"https:\/\/www.immobilienbusiness.ch\/regionen\/2026-01-23\/liechtenstein-bank-baut-campus-fuer-700-beschaeftigte\/"},"author":{"name":"Alexander Wachter","@id":"https:\/\/www.immobilienbusiness.ch\/#\/schema\/person\/aba8bea2db926aa0c24c08c43fe1fcd5"},"headline":"Liechtenstein: Bank baut Campus f\u00fcr 700 Besch\u00e4ftigte","datePublished":"2026-01-23T06:01:04+00:00","dateModified":"2026-01-29T11:31:11+00:00","mainEntityOfPage":{"@id":"https:\/\/www.immobilienbusiness.ch\/regionen\/2026-01-23\/liechtenstein-bank-baut-campus-fuer-700-beschaeftigte\/"},"wordCount":320,"publisher":{"@id":"https:\/\/www.immobilienbusiness.ch\/#organization"},"image":{"@id":"https:\/\/www.immobilienbusiness.ch\/regionen\/2026-01-23\/liechtenstein-bank-baut-campus-fuer-700-beschaeftigte\/#primaryimage"},"thumbnailUrl":"https:\/\/www.immobilienbusiness.ch\/wp-content\/uploads\/2026\/01\/Bank-Frick-Liechtenstein-zVg.png","keywords":["Architektur","Bernardo Bader Architekten","B\u00fcro","Liechtenstein","Projekt in Planung","verf\u00fcgbare Fl\u00e4che"],"articleSection":["REGIONEN"],"inLanguage":"it-IT"},{"@type":"WebPage","@id":"https:\/\/www.immobilienbusiness.ch\/regionen\/2026-01-23\/liechtenstein-bank-baut-campus-fuer-700-beschaeftigte\/","url":"https:\/\/www.immobilienbusiness.ch\/regionen\/2026-01-23\/liechtenstein-bank-baut-campus-fuer-700-beschaeftigte\/","name":"Liechtenstein: la banca costruisce un campus per 700 dipendenti - IMMOBILIEN Business","isPartOf":{"@id":"https:\/\/www.immobilienbusiness.ch\/#website"},"primaryImageOfPage":{"@id":"https:\/\/www.immobilienbusiness.ch\/regionen\/2026-01-23\/liechtenstein-bank-baut-campus-fuer-700-beschaeftigte\/#primaryimage"},"image":{"@id":"https:\/\/www.immobilienbusiness.ch\/regionen\/2026-01-23\/liechtenstein-bank-baut-campus-fuer-700-beschaeftigte\/#primaryimage"},"thumbnailUrl":"https:\/\/www.immobilienbusiness.ch\/wp-content\/uploads\/2026\/01\/Bank-Frick-Liechtenstein-zVg.png","datePublished":"2026-01-23T06:01:04+00:00","dateModified":"2026-01-29T11:31:11+00:00","description":"Uno studio di architettura di Bregenz si \u00e8 aggiudicato il contratto per il nuovo edificio. L'inizio dei lavori \u00e8 previsto per il 2028.","breadcrumb":{"@id":"https:\/\/www.immobilienbusiness.ch\/regionen\/2026-01-23\/liechtenstein-bank-baut-campus-fuer-700-beschaeftigte\/#breadcrumb"},"inLanguage":"it-IT","potentialAction":[{"@type":"ReadAction","target":["https:\/\/www.immobilienbusiness.ch\/regionen\/2026-01-23\/liechtenstein-bank-baut-campus-fuer-700-beschaeftigte\/"]}]},{"@type":"ImageObject","inLanguage":"it-IT","@id":"https:\/\/www.immobilienbusiness.ch\/regionen\/2026-01-23\/liechtenstein-bank-baut-campus-fuer-700-beschaeftigte\/#primaryimage","url":"https:\/\/www.immobilienbusiness.ch\/wp-content\/uploads\/2026\/01\/Bank-Frick-Liechtenstein-zVg.png","contentUrl":"https:\/\/www.immobilienbusiness.ch\/wp-content\/uploads\/2026\/01\/Bank-Frick-Liechtenstein-zVg.png","width":763,"height":615,"caption":"In Liechtenstein entsteht ein neuer Campus f\u00fcr die Bank Frick (\u00a9 Jonas Bloch Architekturvisualisierungen f\u00fcr Bernardo Bader Architekten)"},{"@type":"BreadcrumbList","@id":"https:\/\/www.immobilienbusiness.ch\/regionen\/2026-01-23\/liechtenstein-bank-baut-campus-fuer-700-beschaeftigte\/#breadcrumb","itemListElement":[{"@type":"ListItem","position":1,"name":"Home","item":"https:\/\/www.immobilienbusiness.ch\/"},{"@type":"ListItem","position":2,"name":"Liechtenstein: Bank baut Campus f\u00fcr 700 Besch\u00e4ftigte"}]},{"@type":"WebSite","@id":"https:\/\/www.immobilienbusiness.ch\/#website","url":"https:\/\/www.immobilienbusiness.ch\/","name":"Affari immobiliari","description":"Rivista economica indipendente svizzera che si concentra sul settore immobiliare, l'architettura e la costruzione, nonch\u00e9 sugli investimenti e i finanziamenti.","publisher":{"@id":"https:\/\/www.immobilienbusiness.ch\/#organization"},"potentialAction":[{"@type":"SearchAction","target":{"@type":"EntryPoint","urlTemplate":"https:\/\/www.immobilienbusiness.ch\/?s={search_term_string}"},"query-input":{"@type":"PropertyValueSpecification","valueRequired":true,"valueName":"search_term_string"}}],"inLanguage":"it-IT"},{"@type":"Organization","@id":"https:\/\/www.immobilienbusiness.ch\/#organization","name":"Affari immobiliari","url":"https:\/\/www.immobilienbusiness.ch\/","logo":{"@type":"ImageObject","inLanguage":"it-IT","@id":"https:\/\/www.immobilienbusiness.ch\/#\/schema\/logo\/image\/","url":"https:\/\/www.immobilienbusiness.ch\/wp-content\/uploads\/2021\/07\/logo_ib.png","contentUrl":"https:\/\/www.immobilienbusiness.ch\/wp-content\/uploads\/2021\/07\/logo_ib.png","width":800,"height":181,"caption":"IMMOBILIEN Business"},"image":{"@id":"https:\/\/www.immobilienbusiness.ch\/#\/schema\/logo\/image\/"},"sameAs":["https:\/\/www.facebook.com\/immobilienbusiness\/"]},{"@type":"Person","@id":"https:\/\/www.immobilienbusiness.ch\/#\/schema\/person\/aba8bea2db926aa0c24c08c43fe1fcd5","name":"Alexander Wachter","image":{"@type":"ImageObject","inLanguage":"it-IT","@id":"https:\/\/secure.gravatar.com\/avatar\/1a09e471f5389b0e0a6416eac287e0927c7c97a7b77f9e787eba3af7aee281dd?s=96&d=mm&r=g","url":"https:\/\/secure.gravatar.com\/avatar\/1a09e471f5389b0e0a6416eac287e0927c7c97a7b77f9e787eba3af7aee281dd?s=96&d=mm&r=g","contentUrl":"https:\/\/secure.gravatar.com\/avatar\/1a09e471f5389b0e0a6416eac287e0927c7c97a7b77f9e787eba3af7aee281dd?s=96&d=mm&r=g","caption":"Alexander Wachter"},"url":"https:\/\/www.immobilienbusiness.ch\/it\/author\/alexander-wachter\/"}]}},"_links":{"self":[{"href":"https:\/\/www.immobilienbusiness.ch\/it\/wp-json\/wp\/v2\/posts\/66974","targetHints":{"allow":["GET"]}}],"collection":[{"href":"https:\/\/www.immobilienbusiness.ch\/it\/wp-json\/wp\/v2\/posts"}],"about":[{"href":"https:\/\/www.immobilienbusiness.ch\/it\/wp-json\/wp\/v2\/types\/post"}],"author":[{"embeddable":true,"href":"https:\/\/www.immobilienbusiness.ch\/it\/wp-json\/wp\/v2\/users\/102"}],"replies":[{"embeddable":true,"href":"https:\/\/www.immobilienbusiness.ch\/it\/wp-json\/wp\/v2\/comments?post=66974"}],"version-history":[{"count":1,"href":"https:\/\/www.immobilienbusiness.ch\/it\/wp-json\/wp\/v2\/posts\/66974\/revisions"}],"predecessor-version":[{"id":66976,"href":"https:\/\/www.immobilienbusiness.ch\/it\/wp-json\/wp\/v2\/posts\/66974\/revisions\/66976"}],"wp:featuredmedia":[{"embeddable":true,"href":"https:\/\/www.immobilienbusiness.ch\/it\/wp-json\/wp\/v2\/media\/66975"}],"wp:attachment":[{"href":"https:\/\/www.immobilienbusiness.ch\/it\/wp-json\/wp\/v2\/media?parent=66974"}],"wp:term":[{"taxonomy":"category","embeddable":true,"href":"https:\/\/www.immobilienbusiness.ch\/it\/wp-json\/wp\/v2\/categories?post=66974"},{"taxonomy":"post_tag","embeddable":true,"href":"https:\/\/www.immobilienbusiness.ch\/it\/wp-json\/wp\/v2\/tags?post=66974"}],"curies":[{"name":"wp","href":"https:\/\/api.w.org\/{rel}","templated":true}]}}