{"id":66807,"date":"2026-01-09T06:39:48","date_gmt":"2026-01-09T05:39:48","guid":{"rendered":"https:\/\/www.immobilienbusiness.ch\/?p=66807"},"modified":"2026-01-15T11:26:26","modified_gmt":"2026-01-15T10:26:26","slug":"birsfelden-immofonds-kauft-gemischt-genutzten-komplex","status":"publish","type":"post","link":"https:\/\/www.immobilienbusiness.ch\/it\/regionen\/2026-01-09\/birsfelden-immofonds-kauft-gemischt-genutzten-komplex\/","title":{"rendered":"Birsfelden: Immofonds acquista un complesso a uso misto"},"content":{"rendered":"<figure id=\"attachment_66808\" aria-describedby=\"caption-attachment-66808\" style=\"width: 793px\" class=\"wp-caption alignnone\"><a href=\"https:\/\/www.immobilienbusiness.ch\/wp-content\/uploads\/2026\/01\/Immofonds-Birsfelden.png\"><img loading=\"lazy\" decoding=\"async\" class=\"size-full wp-image-66808\" src=\"https:\/\/www.immobilienbusiness.ch\/wp-content\/uploads\/2026\/01\/Immofonds-Birsfelden.png\" alt=\"\" width=\"793\" height=\"529\" srcset=\"https:\/\/www.immobilienbusiness.ch\/wp-content\/uploads\/2026\/01\/Immofonds-Birsfelden.png 793w, https:\/\/www.immobilienbusiness.ch\/wp-content\/uploads\/2026\/01\/Immofonds-Birsfelden-300x200.png 300w, https:\/\/www.immobilienbusiness.ch\/wp-content\/uploads\/2026\/01\/Immofonds-Birsfelden-768x512.png 768w, https:\/\/www.immobilienbusiness.ch\/wp-content\/uploads\/2026\/01\/Immofonds-Birsfelden-18x12.png 18w, https:\/\/www.immobilienbusiness.ch\/wp-content\/uploads\/2026\/01\/Immofonds-Birsfelden-375x250.png 375w, https:\/\/www.immobilienbusiness.ch\/wp-content\/uploads\/2026\/01\/Immofonds-Birsfelden-525x350.png 525w\" sizes=\"auto, (max-width: 793px) 100vw, 793px\" \/><\/a><figcaption id=\"caption-attachment-66808\" class=\"wp-caption-text\">Il fondo immobiliare ha effettuato acquisti nell'area di Basilea (Immagine: zVg)<\/figcaption><\/figure>\n<p>L'Immofonds ha acquisito una propriet\u00e0 a uso misto a Birsfelden, proprio al confine cantonale con Basilea Citt\u00e0. La propriet\u00e0 \u00e8 composta da tre edifici situati in Weidenweg, Hauptstrasse e Muttenzerstrasse. Gli edifici di Weidenweg e Hauptstrasse sono stati costruiti alla fine degli anni '80, mentre la propriet\u00e0 di Muttenzerstrasse risale al 1969. La propriet\u00e0 dispone di un totale di 49 appartamenti e 2.600 metri quadrati di uffici e spazi commerciali. La superficie affittabile dell'intera propriet\u00e0 \u00e8 di oltre 6.600 metri quadrati. A medio termine, Immofonds prevede di ristrutturare e riposizionare l'immobile, sfruttandone il potenziale di utilizzo.<\/p>","protected":false},"excerpt":{"rendered":"<p>La propriet\u00e0 acquistata si trova al confine con Basilea Citt\u00e0 e comprende 6.600 metri quadrati di spazi residenziali, uffici e commerciali.<\/p>","protected":false},"author":102,"featured_media":66808,"comment_status":"closed","ping_status":"closed","sticky":false,"template":"","format":"standard","meta":{"_acf_changed":false,"_yoast_wpseo_focuskw":"Birsfelden","_yoast_wpseo_title":"","_yoast_wpseo_metadesc":"Die zugekaufte Liegenschaft befindet sich an der Grenze zu Basel Stadt und umfasst 6.600 qm Wohn, B\u00fcro- und Gewerbefl\u00e4chen.","_yoast_wpseo_linkdex":64,"pgc_sgb_lightbox_settings":"","footnotes":""},"categories":[985],"tags":[2407,1968,1118,2132,1492,1830],"class_list":["post-66807","post","type-post","status-publish","format-standard","has-post-thumbnail","hentry","category-regionen","tag-birsfelden","tag-bl","tag-buero","tag-gewerbe","tag-mietwohnungen","tag-verkauf"],"acf":[],"yoast_head":"<!-- This site is optimized with the Yoast SEO plugin v27.4 - https:\/\/yoast.com\/product\/yoast-seo-wordpress\/ -->\n<title>Birsfelden: Immofonds kauft gemischt genutzten Komplex - IMMOBILIEN Business<\/title>\n<meta name=\"description\" content=\"Die zugekaufte Liegenschaft befindet sich an der Grenze zu Basel Stadt und umfasst 6.600 qm Wohn, B\u00fcro- und Gewerbefl\u00e4chen.\" \/>\n<meta name=\"robots\" content=\"index, follow, max-snippet:-1, max-image-preview:large, max-video-preview:-1\" \/>\n<link rel=\"canonical\" href=\"https:\/\/www.immobilienbusiness.ch\/it\/regionen\/2026-01-09\/birsfelden-immofonds-kauft-gemischt-genutzten-komplex\/\" \/>\n<meta property=\"og:locale\" content=\"it_IT\" \/>\n<meta property=\"og:type\" content=\"article\" \/>\n<meta property=\"og:title\" content=\"Birsfelden: Immofonds kauft gemischt genutzten Komplex - IMMOBILIEN Business\" \/>\n<meta property=\"og:description\" content=\"Die zugekaufte Liegenschaft befindet sich an der Grenze zu Basel Stadt und umfasst 6.600 qm Wohn, B\u00fcro- und Gewerbefl\u00e4chen.\" \/>\n<meta property=\"og:url\" content=\"https:\/\/www.immobilienbusiness.ch\/it\/regionen\/2026-01-09\/birsfelden-immofonds-kauft-gemischt-genutzten-komplex\/\" \/>\n<meta property=\"og:site_name\" content=\"IMMOBILIEN Business\" \/>\n<meta property=\"article:publisher\" content=\"https:\/\/www.facebook.com\/immobilienbusiness\/\" \/>\n<meta property=\"article:published_time\" content=\"2026-01-09T05:39:48+00:00\" \/>\n<meta property=\"article:modified_time\" content=\"2026-01-15T10:26:26+00:00\" \/>\n<meta property=\"og:image\" content=\"https:\/\/www.immobilienbusiness.ch\/wp-content\/uploads\/2026\/01\/Immofonds-Birsfelden.png\" \/>\n\t<meta property=\"og:image:width\" content=\"793\" \/>\n\t<meta property=\"og:image:height\" content=\"529\" \/>\n\t<meta property=\"og:image:type\" content=\"image\/png\" \/>\n<meta name=\"author\" content=\"Alexander Wachter\" \/>\n<meta name=\"twitter:card\" content=\"summary_large_image\" \/>\n<script type=\"application\/ld+json\" class=\"yoast-schema-graph\">{\"@context\":\"https:\\\/\\\/schema.org\",\"@graph\":[{\"@type\":\"Article\",\"@id\":\"https:\\\/\\\/www.immobilienbusiness.ch\\\/regionen\\\/2026-01-09\\\/birsfelden-immofonds-kauft-gemischt-genutzten-komplex\\\/#article\",\"isPartOf\":{\"@id\":\"https:\\\/\\\/www.immobilienbusiness.ch\\\/regionen\\\/2026-01-09\\\/birsfelden-immofonds-kauft-gemischt-genutzten-komplex\\\/\"},\"author\":{\"name\":\"Alexander Wachter\",\"@id\":\"https:\\\/\\\/www.immobilienbusiness.ch\\\/#\\\/schema\\\/person\\\/aba8bea2db926aa0c24c08c43fe1fcd5\"},\"headline\":\"Birsfelden: Immofonds kauft gemischt genutzten Komplex\",\"datePublished\":\"2026-01-09T05:39:48+00:00\",\"dateModified\":\"2026-01-15T10:26:26+00:00\",\"mainEntityOfPage\":{\"@id\":\"https:\\\/\\\/www.immobilienbusiness.ch\\\/regionen\\\/2026-01-09\\\/birsfelden-immofonds-kauft-gemischt-genutzten-komplex\\\/\"},\"wordCount\":120,\"publisher\":{\"@id\":\"https:\\\/\\\/www.immobilienbusiness.ch\\\/#organization\"},\"image\":{\"@id\":\"https:\\\/\\\/www.immobilienbusiness.ch\\\/regionen\\\/2026-01-09\\\/birsfelden-immofonds-kauft-gemischt-genutzten-komplex\\\/#primaryimage\"},\"thumbnailUrl\":\"https:\\\/\\\/www.immobilienbusiness.ch\\\/wp-content\\\/uploads\\\/2026\\\/01\\\/Immofonds-Birsfelden.png\",\"keywords\":[\"Birsfelden\",\"BL\",\"B\u00fcro\",\"Gewerbe\",\"Mietwohnungen\",\"Verkauf\"],\"articleSection\":[\"REGIONEN\"],\"inLanguage\":\"it-IT\"},{\"@type\":\"WebPage\",\"@id\":\"https:\\\/\\\/www.immobilienbusiness.ch\\\/regionen\\\/2026-01-09\\\/birsfelden-immofonds-kauft-gemischt-genutzten-komplex\\\/\",\"url\":\"https:\\\/\\\/www.immobilienbusiness.ch\\\/regionen\\\/2026-01-09\\\/birsfelden-immofonds-kauft-gemischt-genutzten-komplex\\\/\",\"name\":\"Birsfelden: Immofonds kauft gemischt genutzten Komplex - IMMOBILIEN Business\",\"isPartOf\":{\"@id\":\"https:\\\/\\\/www.immobilienbusiness.ch\\\/#website\"},\"primaryImageOfPage\":{\"@id\":\"https:\\\/\\\/www.immobilienbusiness.ch\\\/regionen\\\/2026-01-09\\\/birsfelden-immofonds-kauft-gemischt-genutzten-komplex\\\/#primaryimage\"},\"image\":{\"@id\":\"https:\\\/\\\/www.immobilienbusiness.ch\\\/regionen\\\/2026-01-09\\\/birsfelden-immofonds-kauft-gemischt-genutzten-komplex\\\/#primaryimage\"},\"thumbnailUrl\":\"https:\\\/\\\/www.immobilienbusiness.ch\\\/wp-content\\\/uploads\\\/2026\\\/01\\\/Immofonds-Birsfelden.png\",\"datePublished\":\"2026-01-09T05:39:48+00:00\",\"dateModified\":\"2026-01-15T10:26:26+00:00\",\"description\":\"Die zugekaufte Liegenschaft befindet sich an der Grenze zu Basel Stadt und umfasst 6.600 qm Wohn, B\u00fcro- und Gewerbefl\u00e4chen.\",\"breadcrumb\":{\"@id\":\"https:\\\/\\\/www.immobilienbusiness.ch\\\/regionen\\\/2026-01-09\\\/birsfelden-immofonds-kauft-gemischt-genutzten-komplex\\\/#breadcrumb\"},\"inLanguage\":\"it-IT\",\"potentialAction\":[{\"@type\":\"ReadAction\",\"target\":[\"https:\\\/\\\/www.immobilienbusiness.ch\\\/regionen\\\/2026-01-09\\\/birsfelden-immofonds-kauft-gemischt-genutzten-komplex\\\/\"]}]},{\"@type\":\"ImageObject\",\"inLanguage\":\"it-IT\",\"@id\":\"https:\\\/\\\/www.immobilienbusiness.ch\\\/regionen\\\/2026-01-09\\\/birsfelden-immofonds-kauft-gemischt-genutzten-komplex\\\/#primaryimage\",\"url\":\"https:\\\/\\\/www.immobilienbusiness.ch\\\/wp-content\\\/uploads\\\/2026\\\/01\\\/Immofonds-Birsfelden.png\",\"contentUrl\":\"https:\\\/\\\/www.immobilienbusiness.ch\\\/wp-content\\\/uploads\\\/2026\\\/01\\\/Immofonds-Birsfelden.png\",\"width\":793,\"height\":529,\"caption\":\"Der Immofonds hat in Birsfelden, nahe dem Kanton Basel-Stadt eine Liegenschaft erworben (Bild: zVg)\"},{\"@type\":\"BreadcrumbList\",\"@id\":\"https:\\\/\\\/www.immobilienbusiness.ch\\\/regionen\\\/2026-01-09\\\/birsfelden-immofonds-kauft-gemischt-genutzten-komplex\\\/#breadcrumb\",\"itemListElement\":[{\"@type\":\"ListItem\",\"position\":1,\"name\":\"Home\",\"item\":\"https:\\\/\\\/www.immobilienbusiness.ch\\\/\"},{\"@type\":\"ListItem\",\"position\":2,\"name\":\"Birsfelden: Immofonds kauft gemischt genutzten Komplex\"}]},{\"@type\":\"WebSite\",\"@id\":\"https:\\\/\\\/www.immobilienbusiness.ch\\\/#website\",\"url\":\"https:\\\/\\\/www.immobilienbusiness.ch\\\/\",\"name\":\"IMMOBILIEN Business\",\"description\":\"Unabh\u00e4ngiges Schweizer Wirtschaftsmagazin mit Fokus auf Immobilien, Architektur- und Bau sowie Investment- und Finanzierung.\",\"publisher\":{\"@id\":\"https:\\\/\\\/www.immobilienbusiness.ch\\\/#organization\"},\"potentialAction\":[{\"@type\":\"SearchAction\",\"target\":{\"@type\":\"EntryPoint\",\"urlTemplate\":\"https:\\\/\\\/www.immobilienbusiness.ch\\\/?s={search_term_string}\"},\"query-input\":{\"@type\":\"PropertyValueSpecification\",\"valueRequired\":true,\"valueName\":\"search_term_string\"}}],\"inLanguage\":\"it-IT\"},{\"@type\":\"Organization\",\"@id\":\"https:\\\/\\\/www.immobilienbusiness.ch\\\/#organization\",\"name\":\"IMMOBILIEN Business\",\"url\":\"https:\\\/\\\/www.immobilienbusiness.ch\\\/\",\"logo\":{\"@type\":\"ImageObject\",\"inLanguage\":\"it-IT\",\"@id\":\"https:\\\/\\\/www.immobilienbusiness.ch\\\/#\\\/schema\\\/logo\\\/image\\\/\",\"url\":\"https:\\\/\\\/www.immobilienbusiness.ch\\\/wp-content\\\/uploads\\\/2021\\\/07\\\/logo_ib.png\",\"contentUrl\":\"https:\\\/\\\/www.immobilienbusiness.ch\\\/wp-content\\\/uploads\\\/2021\\\/07\\\/logo_ib.png\",\"width\":800,\"height\":181,\"caption\":\"IMMOBILIEN Business\"},\"image\":{\"@id\":\"https:\\\/\\\/www.immobilienbusiness.ch\\\/#\\\/schema\\\/logo\\\/image\\\/\"},\"sameAs\":[\"https:\\\/\\\/www.facebook.com\\\/immobilienbusiness\\\/\"]},{\"@type\":\"Person\",\"@id\":\"https:\\\/\\\/www.immobilienbusiness.ch\\\/#\\\/schema\\\/person\\\/aba8bea2db926aa0c24c08c43fe1fcd5\",\"name\":\"Alexander Wachter\",\"image\":{\"@type\":\"ImageObject\",\"inLanguage\":\"it-IT\",\"@id\":\"https:\\\/\\\/secure.gravatar.com\\\/avatar\\\/1a09e471f5389b0e0a6416eac287e0927c7c97a7b77f9e787eba3af7aee281dd?s=96&d=mm&r=g\",\"url\":\"https:\\\/\\\/secure.gravatar.com\\\/avatar\\\/1a09e471f5389b0e0a6416eac287e0927c7c97a7b77f9e787eba3af7aee281dd?s=96&d=mm&r=g\",\"contentUrl\":\"https:\\\/\\\/secure.gravatar.com\\\/avatar\\\/1a09e471f5389b0e0a6416eac287e0927c7c97a7b77f9e787eba3af7aee281dd?s=96&d=mm&r=g\",\"caption\":\"Alexander Wachter\"},\"url\":\"https:\\\/\\\/www.immobilienbusiness.ch\\\/it\\\/author\\\/alexander-wachter\\\/\"}]}<\/script>\n<!-- \/ Yoast SEO plugin. -->","yoast_head_json":{"title":"Birsfelden: Immofonds kauft gemischt genutzten Komplex - IMMOBILIEN Business","description":"La propriet\u00e0 acquistata si trova al confine con Basilea Citt\u00e0 e comprende 6.600 metri quadrati di spazi residenziali, uffici e commerciali.","robots":{"index":"index","follow":"follow","max-snippet":"max-snippet:-1","max-image-preview":"max-image-preview:large","max-video-preview":"max-video-preview:-1"},"canonical":"https:\/\/www.immobilienbusiness.ch\/it\/regionen\/2026-01-09\/birsfelden-immofonds-kauft-gemischt-genutzten-komplex\/","og_locale":"it_IT","og_type":"article","og_title":"Birsfelden: Immofonds kauft gemischt genutzten Komplex - IMMOBILIEN Business","og_description":"Die zugekaufte Liegenschaft befindet sich an der Grenze zu Basel Stadt und umfasst 6.600 qm Wohn, B\u00fcro- und Gewerbefl\u00e4chen.","og_url":"https:\/\/www.immobilienbusiness.ch\/it\/regionen\/2026-01-09\/birsfelden-immofonds-kauft-gemischt-genutzten-komplex\/","og_site_name":"IMMOBILIEN Business","article_publisher":"https:\/\/www.facebook.com\/immobilienbusiness\/","article_published_time":"2026-01-09T05:39:48+00:00","article_modified_time":"2026-01-15T10:26:26+00:00","og_image":[{"width":793,"height":529,"url":"https:\/\/www.immobilienbusiness.ch\/wp-content\/uploads\/2026\/01\/Immofonds-Birsfelden.png","type":"image\/png"}],"author":"Alexander Wachter","twitter_card":"summary_large_image","schema":{"@context":"https:\/\/schema.org","@graph":[{"@type":"Article","@id":"https:\/\/www.immobilienbusiness.ch\/regionen\/2026-01-09\/birsfelden-immofonds-kauft-gemischt-genutzten-komplex\/#article","isPartOf":{"@id":"https:\/\/www.immobilienbusiness.ch\/regionen\/2026-01-09\/birsfelden-immofonds-kauft-gemischt-genutzten-komplex\/"},"author":{"name":"Alexander Wachter","@id":"https:\/\/www.immobilienbusiness.ch\/#\/schema\/person\/aba8bea2db926aa0c24c08c43fe1fcd5"},"headline":"Birsfelden: Immofonds kauft gemischt genutzten Komplex","datePublished":"2026-01-09T05:39:48+00:00","dateModified":"2026-01-15T10:26:26+00:00","mainEntityOfPage":{"@id":"https:\/\/www.immobilienbusiness.ch\/regionen\/2026-01-09\/birsfelden-immofonds-kauft-gemischt-genutzten-komplex\/"},"wordCount":120,"publisher":{"@id":"https:\/\/www.immobilienbusiness.ch\/#organization"},"image":{"@id":"https:\/\/www.immobilienbusiness.ch\/regionen\/2026-01-09\/birsfelden-immofonds-kauft-gemischt-genutzten-komplex\/#primaryimage"},"thumbnailUrl":"https:\/\/www.immobilienbusiness.ch\/wp-content\/uploads\/2026\/01\/Immofonds-Birsfelden.png","keywords":["Birsfelden","BL","B\u00fcro","Gewerbe","Mietwohnungen","Verkauf"],"articleSection":["REGIONEN"],"inLanguage":"it-IT"},{"@type":"WebPage","@id":"https:\/\/www.immobilienbusiness.ch\/regionen\/2026-01-09\/birsfelden-immofonds-kauft-gemischt-genutzten-komplex\/","url":"https:\/\/www.immobilienbusiness.ch\/regionen\/2026-01-09\/birsfelden-immofonds-kauft-gemischt-genutzten-komplex\/","name":"Birsfelden: Immofonds kauft gemischt genutzten Komplex - IMMOBILIEN Business","isPartOf":{"@id":"https:\/\/www.immobilienbusiness.ch\/#website"},"primaryImageOfPage":{"@id":"https:\/\/www.immobilienbusiness.ch\/regionen\/2026-01-09\/birsfelden-immofonds-kauft-gemischt-genutzten-komplex\/#primaryimage"},"image":{"@id":"https:\/\/www.immobilienbusiness.ch\/regionen\/2026-01-09\/birsfelden-immofonds-kauft-gemischt-genutzten-komplex\/#primaryimage"},"thumbnailUrl":"https:\/\/www.immobilienbusiness.ch\/wp-content\/uploads\/2026\/01\/Immofonds-Birsfelden.png","datePublished":"2026-01-09T05:39:48+00:00","dateModified":"2026-01-15T10:26:26+00:00","description":"La propriet\u00e0 acquistata si trova al confine con Basilea Citt\u00e0 e comprende 6.600 metri quadrati di spazi residenziali, uffici e commerciali.","breadcrumb":{"@id":"https:\/\/www.immobilienbusiness.ch\/regionen\/2026-01-09\/birsfelden-immofonds-kauft-gemischt-genutzten-komplex\/#breadcrumb"},"inLanguage":"it-IT","potentialAction":[{"@type":"ReadAction","target":["https:\/\/www.immobilienbusiness.ch\/regionen\/2026-01-09\/birsfelden-immofonds-kauft-gemischt-genutzten-komplex\/"]}]},{"@type":"ImageObject","inLanguage":"it-IT","@id":"https:\/\/www.immobilienbusiness.ch\/regionen\/2026-01-09\/birsfelden-immofonds-kauft-gemischt-genutzten-komplex\/#primaryimage","url":"https:\/\/www.immobilienbusiness.ch\/wp-content\/uploads\/2026\/01\/Immofonds-Birsfelden.png","contentUrl":"https:\/\/www.immobilienbusiness.ch\/wp-content\/uploads\/2026\/01\/Immofonds-Birsfelden.png","width":793,"height":529,"caption":"Der Immofonds hat in Birsfelden, nahe dem Kanton Basel-Stadt eine Liegenschaft erworben (Bild: zVg)"},{"@type":"BreadcrumbList","@id":"https:\/\/www.immobilienbusiness.ch\/regionen\/2026-01-09\/birsfelden-immofonds-kauft-gemischt-genutzten-komplex\/#breadcrumb","itemListElement":[{"@type":"ListItem","position":1,"name":"Home","item":"https:\/\/www.immobilienbusiness.ch\/"},{"@type":"ListItem","position":2,"name":"Birsfelden: Immofonds kauft gemischt genutzten Komplex"}]},{"@type":"WebSite","@id":"https:\/\/www.immobilienbusiness.ch\/#website","url":"https:\/\/www.immobilienbusiness.ch\/","name":"Affari immobiliari","description":"Rivista economica indipendente svizzera che si concentra sul settore immobiliare, l'architettura e la costruzione, nonch\u00e9 sugli investimenti e i finanziamenti.","publisher":{"@id":"https:\/\/www.immobilienbusiness.ch\/#organization"},"potentialAction":[{"@type":"SearchAction","target":{"@type":"EntryPoint","urlTemplate":"https:\/\/www.immobilienbusiness.ch\/?s={search_term_string}"},"query-input":{"@type":"PropertyValueSpecification","valueRequired":true,"valueName":"search_term_string"}}],"inLanguage":"it-IT"},{"@type":"Organization","@id":"https:\/\/www.immobilienbusiness.ch\/#organization","name":"Affari immobiliari","url":"https:\/\/www.immobilienbusiness.ch\/","logo":{"@type":"ImageObject","inLanguage":"it-IT","@id":"https:\/\/www.immobilienbusiness.ch\/#\/schema\/logo\/image\/","url":"https:\/\/www.immobilienbusiness.ch\/wp-content\/uploads\/2021\/07\/logo_ib.png","contentUrl":"https:\/\/www.immobilienbusiness.ch\/wp-content\/uploads\/2021\/07\/logo_ib.png","width":800,"height":181,"caption":"IMMOBILIEN Business"},"image":{"@id":"https:\/\/www.immobilienbusiness.ch\/#\/schema\/logo\/image\/"},"sameAs":["https:\/\/www.facebook.com\/immobilienbusiness\/"]},{"@type":"Person","@id":"https:\/\/www.immobilienbusiness.ch\/#\/schema\/person\/aba8bea2db926aa0c24c08c43fe1fcd5","name":"Alexander Wachter","image":{"@type":"ImageObject","inLanguage":"it-IT","@id":"https:\/\/secure.gravatar.com\/avatar\/1a09e471f5389b0e0a6416eac287e0927c7c97a7b77f9e787eba3af7aee281dd?s=96&d=mm&r=g","url":"https:\/\/secure.gravatar.com\/avatar\/1a09e471f5389b0e0a6416eac287e0927c7c97a7b77f9e787eba3af7aee281dd?s=96&d=mm&r=g","contentUrl":"https:\/\/secure.gravatar.com\/avatar\/1a09e471f5389b0e0a6416eac287e0927c7c97a7b77f9e787eba3af7aee281dd?s=96&d=mm&r=g","caption":"Alexander Wachter"},"url":"https:\/\/www.immobilienbusiness.ch\/it\/author\/alexander-wachter\/"}]}},"_links":{"self":[{"href":"https:\/\/www.immobilienbusiness.ch\/it\/wp-json\/wp\/v2\/posts\/66807","targetHints":{"allow":["GET"]}}],"collection":[{"href":"https:\/\/www.immobilienbusiness.ch\/it\/wp-json\/wp\/v2\/posts"}],"about":[{"href":"https:\/\/www.immobilienbusiness.ch\/it\/wp-json\/wp\/v2\/types\/post"}],"author":[{"embeddable":true,"href":"https:\/\/www.immobilienbusiness.ch\/it\/wp-json\/wp\/v2\/users\/102"}],"replies":[{"embeddable":true,"href":"https:\/\/www.immobilienbusiness.ch\/it\/wp-json\/wp\/v2\/comments?post=66807"}],"version-history":[{"count":2,"href":"https:\/\/www.immobilienbusiness.ch\/it\/wp-json\/wp\/v2\/posts\/66807\/revisions"}],"predecessor-version":[{"id":66837,"href":"https:\/\/www.immobilienbusiness.ch\/it\/wp-json\/wp\/v2\/posts\/66807\/revisions\/66837"}],"wp:featuredmedia":[{"embeddable":true,"href":"https:\/\/www.immobilienbusiness.ch\/it\/wp-json\/wp\/v2\/media\/66808"}],"wp:attachment":[{"href":"https:\/\/www.immobilienbusiness.ch\/it\/wp-json\/wp\/v2\/media?parent=66807"}],"wp:term":[{"taxonomy":"category","embeddable":true,"href":"https:\/\/www.immobilienbusiness.ch\/it\/wp-json\/wp\/v2\/categories?post=66807"},{"taxonomy":"post_tag","embeddable":true,"href":"https:\/\/www.immobilienbusiness.ch\/it\/wp-json\/wp\/v2\/tags?post=66807"}],"curies":[{"name":"wp","href":"https:\/\/api.w.org\/{rel}","templated":true}]}}