{"id":66421,"date":"2025-12-03T07:00:12","date_gmt":"2025-12-03T06:00:12","guid":{"rendered":"https:\/\/www.immobilienbusiness.ch\/?p=66421"},"modified":"2025-12-04T06:46:57","modified_gmt":"2025-12-04T05:46:57","slug":"zurich-invest-zif-immobilien-direkt-erreicht-emissionsziel","status":"publish","type":"post","link":"https:\/\/www.immobilienbusiness.ch\/it\/unternehmen\/2025-12-03\/zurich-invest-zif-immobilien-direkt-erreicht-emissionsziel\/","title":{"rendered":"Zurich Invest: \u00abZIF Immobilien Direkt\u00bb raggiunge l'obiettivo di emissione"},"content":{"rendered":"<figure id=\"attachment_65241\" aria-describedby=\"caption-attachment-65241\" style=\"width: 768px\" class=\"wp-caption alignnone\"><a href=\"https:\/\/www.immobilienbusiness.ch\/wp-content\/uploads\/2025\/09\/Kapitalerhoehung-scaled.jpg\"><img loading=\"lazy\" decoding=\"async\" class=\"size-large wp-image-65241\" src=\"https:\/\/www.immobilienbusiness.ch\/wp-content\/uploads\/2025\/09\/Kapitalerhoehung-1024x676.jpg\" alt=\"\" width=\"768\" height=\"507\" srcset=\"https:\/\/www.immobilienbusiness.ch\/wp-content\/uploads\/2025\/09\/Kapitalerhoehung-1024x676.jpg 1024w, https:\/\/www.immobilienbusiness.ch\/wp-content\/uploads\/2025\/09\/Kapitalerhoehung-300x198.jpg 300w, https:\/\/www.immobilienbusiness.ch\/wp-content\/uploads\/2025\/09\/Kapitalerhoehung-768x507.jpg 768w, https:\/\/www.immobilienbusiness.ch\/wp-content\/uploads\/2025\/09\/Kapitalerhoehung-1536x1014.jpg 1536w, https:\/\/www.immobilienbusiness.ch\/wp-content\/uploads\/2025\/09\/Kapitalerhoehung-18x12.jpg 18w, https:\/\/www.immobilienbusiness.ch\/wp-content\/uploads\/2025\/09\/Kapitalerhoehung-375x248.jpg 375w, https:\/\/www.immobilienbusiness.ch\/wp-content\/uploads\/2025\/09\/Kapitalerhoehung-530x350.jpg 530w, https:\/\/www.immobilienbusiness.ch\/wp-content\/uploads\/2025\/09\/Kapitalerhoehung-1000x660.jpg 1000w, https:\/\/www.immobilienbusiness.ch\/wp-content\/uploads\/2025\/09\/Kapitalerhoehung-scaled.jpg 1200w\" sizes=\"auto, (max-width: 768px) 100vw, 768px\" \/><\/a><figcaption id=\"caption-attachment-65241\" class=\"wp-caption-text\">Zurich Invest ha raccolto nuovi capitali per il fondo \u00abImmobilien Direkt Schweiz\u00bb (Immagine: \u00a9 Depositphotos)<\/figcaption><\/figure>\n<p>Zurich Invest Ltd, in qualit\u00e0 di societ\u00e0 di gestione del fondo \u00abZIF Immobilien Direkt Schweiz\u00bb, ha effettuato un aumento di capitale del fondo per un totale di oltre 105 milioni di franchi svizzeri. L'obiettivo di emissione \u00e8 stato cos\u00ec raggiunto. Zurich Invest ha annunciato che il finanziamento dei progetti di costruzione in corso e le \u00abacquisizioni selettive\u00bb previste nell'ambito dell'aumento di capitale possono ora essere realizzate. Il periodo di sottoscrizione \u00e8 andato dal 10 al 21 novembre.<\/p>","protected":false},"excerpt":{"rendered":"<p>Nell'ambito dell'ultimo aumento di capitale, il fondo ha raccolto oltre 105 milioni di franchi svizzeri per progetti e acquisizioni.<\/p>","protected":false},"author":102,"featured_media":65241,"comment_status":"closed","ping_status":"closed","sticky":false,"template":"","format":"standard","meta":{"_acf_changed":false,"_yoast_wpseo_focuskw":"ZIF Immobilien","_yoast_wpseo_title":"","_yoast_wpseo_metadesc":"Der Fonds erl\u00f6ste im Rahmen der letzten Kapitalerh\u00f6hung \u00fcber 105 Millionen Franken f\u00fcr Projekte und Zuk\u00e4ufe.","_yoast_wpseo_linkdex":64,"pgc_sgb_lightbox_settings":"","footnotes":""},"categories":[988],"tags":[1344,1412,4313,1890],"class_list":["post-66421","post","type-post","status-publish","format-standard","has-post-thumbnail","hentry","category-unternehmen","tag-immobilienfonds","tag-kapitalerhoehung","tag-zif-immobilien-direkt","tag-zurich-invest"],"acf":[],"yoast_head":"<!-- This site is optimized with the Yoast SEO plugin v27.5 - https:\/\/yoast.com\/product\/yoast-seo-wordpress\/ -->\n<title>Zurich Invest: \u00abZIF Immobilien Direkt\u00bb erreicht Emissionsziel - IMMOBILIEN Business<\/title>\n<meta name=\"description\" content=\"Der Fonds erl\u00f6ste im Rahmen der letzten Kapitalerh\u00f6hung \u00fcber 105 Millionen Franken f\u00fcr Projekte und Zuk\u00e4ufe.\" \/>\n<meta name=\"robots\" content=\"index, follow, max-snippet:-1, max-image-preview:large, max-video-preview:-1\" \/>\n<link rel=\"canonical\" href=\"https:\/\/www.immobilienbusiness.ch\/it\/unternehmen\/2025-12-03\/zurich-invest-zif-immobilien-direkt-erreicht-emissionsziel\/\" \/>\n<meta property=\"og:locale\" content=\"it_IT\" \/>\n<meta property=\"og:type\" content=\"article\" \/>\n<meta property=\"og:title\" content=\"Zurich Invest: \u00abZIF Immobilien Direkt\u00bb erreicht Emissionsziel - IMMOBILIEN Business\" \/>\n<meta property=\"og:description\" content=\"Der Fonds erl\u00f6ste im Rahmen der letzten Kapitalerh\u00f6hung \u00fcber 105 Millionen Franken f\u00fcr Projekte und Zuk\u00e4ufe.\" \/>\n<meta property=\"og:url\" content=\"https:\/\/www.immobilienbusiness.ch\/it\/unternehmen\/2025-12-03\/zurich-invest-zif-immobilien-direkt-erreicht-emissionsziel\/\" \/>\n<meta property=\"og:site_name\" content=\"IMMOBILIEN Business\" \/>\n<meta property=\"article:publisher\" content=\"https:\/\/www.facebook.com\/immobilienbusiness\/\" \/>\n<meta property=\"article:published_time\" content=\"2025-12-03T06:00:12+00:00\" \/>\n<meta property=\"article:modified_time\" content=\"2025-12-04T05:46:57+00:00\" \/>\n<meta property=\"og:image\" content=\"https:\/\/www.immobilienbusiness.ch\/wp-content\/uploads\/2025\/09\/Kapitalerhoehung-scaled.jpg\" \/>\n\t<meta property=\"og:image:width\" content=\"1200\" \/>\n\t<meta property=\"og:image:height\" content=\"792\" \/>\n\t<meta property=\"og:image:type\" content=\"image\/jpeg\" \/>\n<meta name=\"author\" content=\"Alexander Wachter\" \/>\n<meta name=\"twitter:card\" content=\"summary_large_image\" \/>\n<script type=\"application\/ld+json\" class=\"yoast-schema-graph\">{\"@context\":\"https:\\\/\\\/schema.org\",\"@graph\":[{\"@type\":\"Article\",\"@id\":\"https:\\\/\\\/www.immobilienbusiness.ch\\\/de\\\/unternehmen\\\/2025-12-03\\\/zurich-invest-zif-immobilien-direkt-erreicht-emissionsziel\\\/#article\",\"isPartOf\":{\"@id\":\"https:\\\/\\\/www.immobilienbusiness.ch\\\/de\\\/unternehmen\\\/2025-12-03\\\/zurich-invest-zif-immobilien-direkt-erreicht-emissionsziel\\\/\"},\"author\":{\"name\":\"Alexander Wachter\",\"@id\":\"https:\\\/\\\/www.immobilienbusiness.ch\\\/#\\\/schema\\\/person\\\/aba8bea2db926aa0c24c08c43fe1fcd5\"},\"headline\":\"Zurich Invest: \u00abZIF Immobilien Direkt\u00bb erreicht Emissionsziel\",\"datePublished\":\"2025-12-03T06:00:12+00:00\",\"dateModified\":\"2025-12-04T05:46:57+00:00\",\"mainEntityOfPage\":{\"@id\":\"https:\\\/\\\/www.immobilienbusiness.ch\\\/de\\\/unternehmen\\\/2025-12-03\\\/zurich-invest-zif-immobilien-direkt-erreicht-emissionsziel\\\/\"},\"wordCount\":95,\"publisher\":{\"@id\":\"https:\\\/\\\/www.immobilienbusiness.ch\\\/#organization\"},\"image\":{\"@id\":\"https:\\\/\\\/www.immobilienbusiness.ch\\\/de\\\/unternehmen\\\/2025-12-03\\\/zurich-invest-zif-immobilien-direkt-erreicht-emissionsziel\\\/#primaryimage\"},\"thumbnailUrl\":\"https:\\\/\\\/www.immobilienbusiness.ch\\\/wp-content\\\/uploads\\\/2025\\\/09\\\/Kapitalerhoehung-scaled.jpg\",\"keywords\":[\"Immobilienfonds\",\"Kapitalerh\u00f6hung\",\"ZIF Immobilien Direkt\",\"Zurich Invest\"],\"articleSection\":[\"UNTERNEHMEN\"],\"inLanguage\":\"it-IT\"},{\"@type\":\"WebPage\",\"@id\":\"https:\\\/\\\/www.immobilienbusiness.ch\\\/de\\\/unternehmen\\\/2025-12-03\\\/zurich-invest-zif-immobilien-direkt-erreicht-emissionsziel\\\/\",\"url\":\"https:\\\/\\\/www.immobilienbusiness.ch\\\/de\\\/unternehmen\\\/2025-12-03\\\/zurich-invest-zif-immobilien-direkt-erreicht-emissionsziel\\\/\",\"name\":\"Zurich Invest: \u00abZIF Immobilien Direkt\u00bb erreicht Emissionsziel - IMMOBILIEN Business\",\"isPartOf\":{\"@id\":\"https:\\\/\\\/www.immobilienbusiness.ch\\\/#website\"},\"primaryImageOfPage\":{\"@id\":\"https:\\\/\\\/www.immobilienbusiness.ch\\\/de\\\/unternehmen\\\/2025-12-03\\\/zurich-invest-zif-immobilien-direkt-erreicht-emissionsziel\\\/#primaryimage\"},\"image\":{\"@id\":\"https:\\\/\\\/www.immobilienbusiness.ch\\\/de\\\/unternehmen\\\/2025-12-03\\\/zurich-invest-zif-immobilien-direkt-erreicht-emissionsziel\\\/#primaryimage\"},\"thumbnailUrl\":\"https:\\\/\\\/www.immobilienbusiness.ch\\\/wp-content\\\/uploads\\\/2025\\\/09\\\/Kapitalerhoehung-scaled.jpg\",\"datePublished\":\"2025-12-03T06:00:12+00:00\",\"dateModified\":\"2025-12-04T05:46:57+00:00\",\"description\":\"Der Fonds erl\u00f6ste im Rahmen der letzten Kapitalerh\u00f6hung \u00fcber 105 Millionen Franken f\u00fcr Projekte und Zuk\u00e4ufe.\",\"breadcrumb\":{\"@id\":\"https:\\\/\\\/www.immobilienbusiness.ch\\\/de\\\/unternehmen\\\/2025-12-03\\\/zurich-invest-zif-immobilien-direkt-erreicht-emissionsziel\\\/#breadcrumb\"},\"inLanguage\":\"it-IT\",\"potentialAction\":[{\"@type\":\"ReadAction\",\"target\":[\"https:\\\/\\\/www.immobilienbusiness.ch\\\/de\\\/unternehmen\\\/2025-12-03\\\/zurich-invest-zif-immobilien-direkt-erreicht-emissionsziel\\\/\"]}]},{\"@type\":\"ImageObject\",\"inLanguage\":\"it-IT\",\"@id\":\"https:\\\/\\\/www.immobilienbusiness.ch\\\/de\\\/unternehmen\\\/2025-12-03\\\/zurich-invest-zif-immobilien-direkt-erreicht-emissionsziel\\\/#primaryimage\",\"url\":\"https:\\\/\\\/www.immobilienbusiness.ch\\\/wp-content\\\/uploads\\\/2025\\\/09\\\/Kapitalerhoehung-scaled.jpg\",\"contentUrl\":\"https:\\\/\\\/www.immobilienbusiness.ch\\\/wp-content\\\/uploads\\\/2025\\\/09\\\/Kapitalerhoehung-scaled.jpg\",\"width\":1200,\"height\":792,\"caption\":\"Der Fonds wirbt frisches Kapital f\u00fcr weiteres Wachstum ein (Bild: Depositphotos)\"},{\"@type\":\"BreadcrumbList\",\"@id\":\"https:\\\/\\\/www.immobilienbusiness.ch\\\/de\\\/unternehmen\\\/2025-12-03\\\/zurich-invest-zif-immobilien-direkt-erreicht-emissionsziel\\\/#breadcrumb\",\"itemListElement\":[{\"@type\":\"ListItem\",\"position\":1,\"name\":\"Home\",\"item\":\"https:\\\/\\\/www.immobilienbusiness.ch\\\/\"},{\"@type\":\"ListItem\",\"position\":2,\"name\":\"Zurich Invest: \u00abZIF Immobilien Direkt\u00bb erreicht Emissionsziel\"}]},{\"@type\":\"WebSite\",\"@id\":\"https:\\\/\\\/www.immobilienbusiness.ch\\\/#website\",\"url\":\"https:\\\/\\\/www.immobilienbusiness.ch\\\/\",\"name\":\"IMMOBILIEN Business\",\"description\":\"Unabh\u00e4ngiges Schweizer Wirtschaftsmagazin mit Fokus auf Immobilien, Architektur- und Bau sowie Investment- und Finanzierung.\",\"publisher\":{\"@id\":\"https:\\\/\\\/www.immobilienbusiness.ch\\\/#organization\"},\"potentialAction\":[{\"@type\":\"SearchAction\",\"target\":{\"@type\":\"EntryPoint\",\"urlTemplate\":\"https:\\\/\\\/www.immobilienbusiness.ch\\\/?s={search_term_string}\"},\"query-input\":{\"@type\":\"PropertyValueSpecification\",\"valueRequired\":true,\"valueName\":\"search_term_string\"}}],\"inLanguage\":\"it-IT\"},{\"@type\":\"Organization\",\"@id\":\"https:\\\/\\\/www.immobilienbusiness.ch\\\/#organization\",\"name\":\"IMMOBILIEN Business\",\"url\":\"https:\\\/\\\/www.immobilienbusiness.ch\\\/\",\"logo\":{\"@type\":\"ImageObject\",\"inLanguage\":\"it-IT\",\"@id\":\"https:\\\/\\\/www.immobilienbusiness.ch\\\/#\\\/schema\\\/logo\\\/image\\\/\",\"url\":\"https:\\\/\\\/www.immobilienbusiness.ch\\\/wp-content\\\/uploads\\\/2021\\\/07\\\/logo_ib.png\",\"contentUrl\":\"https:\\\/\\\/www.immobilienbusiness.ch\\\/wp-content\\\/uploads\\\/2021\\\/07\\\/logo_ib.png\",\"width\":800,\"height\":181,\"caption\":\"IMMOBILIEN Business\"},\"image\":{\"@id\":\"https:\\\/\\\/www.immobilienbusiness.ch\\\/#\\\/schema\\\/logo\\\/image\\\/\"},\"sameAs\":[\"https:\\\/\\\/www.facebook.com\\\/immobilienbusiness\\\/\"]},{\"@type\":\"Person\",\"@id\":\"https:\\\/\\\/www.immobilienbusiness.ch\\\/#\\\/schema\\\/person\\\/aba8bea2db926aa0c24c08c43fe1fcd5\",\"name\":\"Alexander Wachter\",\"image\":{\"@type\":\"ImageObject\",\"inLanguage\":\"it-IT\",\"@id\":\"https:\\\/\\\/secure.gravatar.com\\\/avatar\\\/1a09e471f5389b0e0a6416eac287e0927c7c97a7b77f9e787eba3af7aee281dd?s=96&d=mm&r=g\",\"url\":\"https:\\\/\\\/secure.gravatar.com\\\/avatar\\\/1a09e471f5389b0e0a6416eac287e0927c7c97a7b77f9e787eba3af7aee281dd?s=96&d=mm&r=g\",\"contentUrl\":\"https:\\\/\\\/secure.gravatar.com\\\/avatar\\\/1a09e471f5389b0e0a6416eac287e0927c7c97a7b77f9e787eba3af7aee281dd?s=96&d=mm&r=g\",\"caption\":\"Alexander Wachter\"},\"url\":\"https:\\\/\\\/www.immobilienbusiness.ch\\\/it\\\/author\\\/alexander-wachter\\\/\"}]}<\/script>\n<!-- \/ Yoast SEO plugin. -->","yoast_head_json":{"title":"Zurich Invest: \u00abZIF Immobilien Direkt\u00bb erreicht Emissionsziel - IMMOBILIEN Business","description":"Nell'ambito dell'ultimo aumento di capitale, il fondo ha raccolto oltre 105 milioni di franchi svizzeri per progetti e acquisizioni.","robots":{"index":"index","follow":"follow","max-snippet":"max-snippet:-1","max-image-preview":"max-image-preview:large","max-video-preview":"max-video-preview:-1"},"canonical":"https:\/\/www.immobilienbusiness.ch\/it\/unternehmen\/2025-12-03\/zurich-invest-zif-immobilien-direkt-erreicht-emissionsziel\/","og_locale":"it_IT","og_type":"article","og_title":"Zurich Invest: \u00abZIF Immobilien Direkt\u00bb erreicht Emissionsziel - IMMOBILIEN Business","og_description":"Der Fonds erl\u00f6ste im Rahmen der letzten Kapitalerh\u00f6hung \u00fcber 105 Millionen Franken f\u00fcr Projekte und Zuk\u00e4ufe.","og_url":"https:\/\/www.immobilienbusiness.ch\/it\/unternehmen\/2025-12-03\/zurich-invest-zif-immobilien-direkt-erreicht-emissionsziel\/","og_site_name":"IMMOBILIEN Business","article_publisher":"https:\/\/www.facebook.com\/immobilienbusiness\/","article_published_time":"2025-12-03T06:00:12+00:00","article_modified_time":"2025-12-04T05:46:57+00:00","og_image":[{"width":1200,"height":792,"url":"https:\/\/www.immobilienbusiness.ch\/wp-content\/uploads\/2025\/09\/Kapitalerhoehung-scaled.jpg","type":"image\/jpeg"}],"author":"Alexander Wachter","twitter_card":"summary_large_image","schema":{"@context":"https:\/\/schema.org","@graph":[{"@type":"Article","@id":"https:\/\/www.immobilienbusiness.ch\/de\/unternehmen\/2025-12-03\/zurich-invest-zif-immobilien-direkt-erreicht-emissionsziel\/#article","isPartOf":{"@id":"https:\/\/www.immobilienbusiness.ch\/de\/unternehmen\/2025-12-03\/zurich-invest-zif-immobilien-direkt-erreicht-emissionsziel\/"},"author":{"name":"Alexander Wachter","@id":"https:\/\/www.immobilienbusiness.ch\/#\/schema\/person\/aba8bea2db926aa0c24c08c43fe1fcd5"},"headline":"Zurich Invest: \u00abZIF Immobilien Direkt\u00bb erreicht Emissionsziel","datePublished":"2025-12-03T06:00:12+00:00","dateModified":"2025-12-04T05:46:57+00:00","mainEntityOfPage":{"@id":"https:\/\/www.immobilienbusiness.ch\/de\/unternehmen\/2025-12-03\/zurich-invest-zif-immobilien-direkt-erreicht-emissionsziel\/"},"wordCount":95,"publisher":{"@id":"https:\/\/www.immobilienbusiness.ch\/#organization"},"image":{"@id":"https:\/\/www.immobilienbusiness.ch\/de\/unternehmen\/2025-12-03\/zurich-invest-zif-immobilien-direkt-erreicht-emissionsziel\/#primaryimage"},"thumbnailUrl":"https:\/\/www.immobilienbusiness.ch\/wp-content\/uploads\/2025\/09\/Kapitalerhoehung-scaled.jpg","keywords":["Immobilienfonds","Kapitalerh\u00f6hung","ZIF Immobilien Direkt","Zurich Invest"],"articleSection":["UNTERNEHMEN"],"inLanguage":"it-IT"},{"@type":"WebPage","@id":"https:\/\/www.immobilienbusiness.ch\/de\/unternehmen\/2025-12-03\/zurich-invest-zif-immobilien-direkt-erreicht-emissionsziel\/","url":"https:\/\/www.immobilienbusiness.ch\/de\/unternehmen\/2025-12-03\/zurich-invest-zif-immobilien-direkt-erreicht-emissionsziel\/","name":"Zurich Invest: \u00abZIF Immobilien Direkt\u00bb erreicht Emissionsziel - IMMOBILIEN Business","isPartOf":{"@id":"https:\/\/www.immobilienbusiness.ch\/#website"},"primaryImageOfPage":{"@id":"https:\/\/www.immobilienbusiness.ch\/de\/unternehmen\/2025-12-03\/zurich-invest-zif-immobilien-direkt-erreicht-emissionsziel\/#primaryimage"},"image":{"@id":"https:\/\/www.immobilienbusiness.ch\/de\/unternehmen\/2025-12-03\/zurich-invest-zif-immobilien-direkt-erreicht-emissionsziel\/#primaryimage"},"thumbnailUrl":"https:\/\/www.immobilienbusiness.ch\/wp-content\/uploads\/2025\/09\/Kapitalerhoehung-scaled.jpg","datePublished":"2025-12-03T06:00:12+00:00","dateModified":"2025-12-04T05:46:57+00:00","description":"Nell'ambito dell'ultimo aumento di capitale, il fondo ha raccolto oltre 105 milioni di franchi svizzeri per progetti e acquisizioni.","breadcrumb":{"@id":"https:\/\/www.immobilienbusiness.ch\/de\/unternehmen\/2025-12-03\/zurich-invest-zif-immobilien-direkt-erreicht-emissionsziel\/#breadcrumb"},"inLanguage":"it-IT","potentialAction":[{"@type":"ReadAction","target":["https:\/\/www.immobilienbusiness.ch\/de\/unternehmen\/2025-12-03\/zurich-invest-zif-immobilien-direkt-erreicht-emissionsziel\/"]}]},{"@type":"ImageObject","inLanguage":"it-IT","@id":"https:\/\/www.immobilienbusiness.ch\/de\/unternehmen\/2025-12-03\/zurich-invest-zif-immobilien-direkt-erreicht-emissionsziel\/#primaryimage","url":"https:\/\/www.immobilienbusiness.ch\/wp-content\/uploads\/2025\/09\/Kapitalerhoehung-scaled.jpg","contentUrl":"https:\/\/www.immobilienbusiness.ch\/wp-content\/uploads\/2025\/09\/Kapitalerhoehung-scaled.jpg","width":1200,"height":792,"caption":"Der Fonds wirbt frisches Kapital f\u00fcr weiteres Wachstum ein (Bild: Depositphotos)"},{"@type":"BreadcrumbList","@id":"https:\/\/www.immobilienbusiness.ch\/de\/unternehmen\/2025-12-03\/zurich-invest-zif-immobilien-direkt-erreicht-emissionsziel\/#breadcrumb","itemListElement":[{"@type":"ListItem","position":1,"name":"Home","item":"https:\/\/www.immobilienbusiness.ch\/"},{"@type":"ListItem","position":2,"name":"Zurich Invest: \u00abZIF Immobilien Direkt\u00bb erreicht Emissionsziel"}]},{"@type":"WebSite","@id":"https:\/\/www.immobilienbusiness.ch\/#website","url":"https:\/\/www.immobilienbusiness.ch\/","name":"Affari immobiliari","description":"Rivista economica indipendente svizzera che si concentra sul settore immobiliare, l'architettura e la costruzione, nonch\u00e9 sugli investimenti e i finanziamenti.","publisher":{"@id":"https:\/\/www.immobilienbusiness.ch\/#organization"},"potentialAction":[{"@type":"SearchAction","target":{"@type":"EntryPoint","urlTemplate":"https:\/\/www.immobilienbusiness.ch\/?s={search_term_string}"},"query-input":{"@type":"PropertyValueSpecification","valueRequired":true,"valueName":"search_term_string"}}],"inLanguage":"it-IT"},{"@type":"Organization","@id":"https:\/\/www.immobilienbusiness.ch\/#organization","name":"Affari immobiliari","url":"https:\/\/www.immobilienbusiness.ch\/","logo":{"@type":"ImageObject","inLanguage":"it-IT","@id":"https:\/\/www.immobilienbusiness.ch\/#\/schema\/logo\/image\/","url":"https:\/\/www.immobilienbusiness.ch\/wp-content\/uploads\/2021\/07\/logo_ib.png","contentUrl":"https:\/\/www.immobilienbusiness.ch\/wp-content\/uploads\/2021\/07\/logo_ib.png","width":800,"height":181,"caption":"IMMOBILIEN Business"},"image":{"@id":"https:\/\/www.immobilienbusiness.ch\/#\/schema\/logo\/image\/"},"sameAs":["https:\/\/www.facebook.com\/immobilienbusiness\/"]},{"@type":"Person","@id":"https:\/\/www.immobilienbusiness.ch\/#\/schema\/person\/aba8bea2db926aa0c24c08c43fe1fcd5","name":"Alexander Wachter","image":{"@type":"ImageObject","inLanguage":"it-IT","@id":"https:\/\/secure.gravatar.com\/avatar\/1a09e471f5389b0e0a6416eac287e0927c7c97a7b77f9e787eba3af7aee281dd?s=96&d=mm&r=g","url":"https:\/\/secure.gravatar.com\/avatar\/1a09e471f5389b0e0a6416eac287e0927c7c97a7b77f9e787eba3af7aee281dd?s=96&d=mm&r=g","contentUrl":"https:\/\/secure.gravatar.com\/avatar\/1a09e471f5389b0e0a6416eac287e0927c7c97a7b77f9e787eba3af7aee281dd?s=96&d=mm&r=g","caption":"Alexander Wachter"},"url":"https:\/\/www.immobilienbusiness.ch\/it\/author\/alexander-wachter\/"}]}},"_links":{"self":[{"href":"https:\/\/www.immobilienbusiness.ch\/it\/wp-json\/wp\/v2\/posts\/66421","targetHints":{"allow":["GET"]}}],"collection":[{"href":"https:\/\/www.immobilienbusiness.ch\/it\/wp-json\/wp\/v2\/posts"}],"about":[{"href":"https:\/\/www.immobilienbusiness.ch\/it\/wp-json\/wp\/v2\/types\/post"}],"author":[{"embeddable":true,"href":"https:\/\/www.immobilienbusiness.ch\/it\/wp-json\/wp\/v2\/users\/102"}],"replies":[{"embeddable":true,"href":"https:\/\/www.immobilienbusiness.ch\/it\/wp-json\/wp\/v2\/comments?post=66421"}],"version-history":[{"count":2,"href":"https:\/\/www.immobilienbusiness.ch\/it\/wp-json\/wp\/v2\/posts\/66421\/revisions"}],"predecessor-version":[{"id":66453,"href":"https:\/\/www.immobilienbusiness.ch\/it\/wp-json\/wp\/v2\/posts\/66421\/revisions\/66453"}],"wp:featuredmedia":[{"embeddable":true,"href":"https:\/\/www.immobilienbusiness.ch\/it\/wp-json\/wp\/v2\/media\/65241"}],"wp:attachment":[{"href":"https:\/\/www.immobilienbusiness.ch\/it\/wp-json\/wp\/v2\/media?parent=66421"}],"wp:term":[{"taxonomy":"category","embeddable":true,"href":"https:\/\/www.immobilienbusiness.ch\/it\/wp-json\/wp\/v2\/categories?post=66421"},{"taxonomy":"post_tag","embeddable":true,"href":"https:\/\/www.immobilienbusiness.ch\/it\/wp-json\/wp\/v2\/tags?post=66421"}],"curies":[{"name":"wp","href":"https:\/\/api.w.org\/{rel}","templated":true}]}}