{"id":66070,"date":"2025-11-07T02:08:25","date_gmt":"2025-11-07T01:08:25","guid":{"rendered":"https:\/\/www.immobilienbusiness.ch\/?p=66070"},"modified":"2025-11-13T11:08:11","modified_gmt":"2025-11-13T10:08:11","slug":"sf-urban-hat-portfolio-umgeschichtet","status":"publish","type":"post","link":"https:\/\/www.immobilienbusiness.ch\/it\/unternehmen\/2025-11-07\/sf-urban-hat-portfolio-umgeschichtet\/","title":{"rendered":"SF Urban ha riorganizzato il suo portafoglio"},"content":{"rendered":"<figure id=\"attachment_65177\" aria-describedby=\"caption-attachment-65177\" style=\"width: 768px\" class=\"wp-caption alignnone\"><a href=\"https:\/\/www.immobilienbusiness.ch\/wp-content\/uploads\/2025\/09\/Innenstadt-Deposit-scaled.jpg\"><img loading=\"lazy\" decoding=\"async\" class=\"size-large wp-image-65177\" src=\"https:\/\/www.immobilienbusiness.ch\/wp-content\/uploads\/2025\/09\/Innenstadt-Deposit-1024x1024.jpg\" alt=\"\" width=\"768\" height=\"768\" srcset=\"https:\/\/www.immobilienbusiness.ch\/wp-content\/uploads\/2025\/09\/Innenstadt-Deposit-1024x1024.jpg 1024w, https:\/\/www.immobilienbusiness.ch\/wp-content\/uploads\/2025\/09\/Innenstadt-Deposit-300x300.jpg 300w, https:\/\/www.immobilienbusiness.ch\/wp-content\/uploads\/2025\/09\/Innenstadt-Deposit-150x150.jpg 150w, https:\/\/www.immobilienbusiness.ch\/wp-content\/uploads\/2025\/09\/Innenstadt-Deposit-768x768.jpg 768w, https:\/\/www.immobilienbusiness.ch\/wp-content\/uploads\/2025\/09\/Innenstadt-Deposit-1536x1536.jpg 1536w, https:\/\/www.immobilienbusiness.ch\/wp-content\/uploads\/2025\/09\/Innenstadt-Deposit-12x12.jpg 12w, https:\/\/www.immobilienbusiness.ch\/wp-content\/uploads\/2025\/09\/Innenstadt-Deposit-350x350.jpg 350w, https:\/\/www.immobilienbusiness.ch\/wp-content\/uploads\/2025\/09\/Innenstadt-Deposit-800x800.jpg 800w, https:\/\/www.immobilienbusiness.ch\/wp-content\/uploads\/2025\/09\/Innenstadt-Deposit-250x250.jpg 250w, https:\/\/www.immobilienbusiness.ch\/wp-content\/uploads\/2025\/09\/Innenstadt-Deposit-scaled.jpg 1200w\" sizes=\"auto, (max-width: 768px) 100vw, 768px\" \/><\/a><figcaption id=\"caption-attachment-65177\" class=\"wp-caption-text\">Immobilien-AG si concentra sui centri citt\u00e0 di Zurigo e Basilea (immagine simbolica: Depositphotos)<\/figcaption><\/figure>\n<p>SF Urban Properties AG (SFUP) ha in gran parte completato l'annunciata rotazione del portafoglio nel 2025, secondo un comunicato di SFP. Le propriet\u00e0 al di fuori di Zurigo e Basilea sono state vendute e i fondi liberi sono stati reinvestiti nelle due citt\u00e0. \u00abAllo stesso tempo, la pipeline di progetti per sviluppi promozionali \u00e8 stata ampliata con l'acquisizione di nuovi progetti lungo il lago di Zurigo\u00bb, scrive la societ\u00e0.<\/p>\n<p>Sono gi\u00e0 state annunciate la vendita dell'immobile di Malerweg 4 a Thun e l'acquisto della Dufourstrasse 122 a Zurigo. La societ\u00e0 ha inoltre venduto Rue de Lausanne 29-31 a Morges e ha acquistato Fr\u00f6hlichstrasse 50 nel quartiere Seefeld di Zurigo. Nell'ambito di un programma di consolidamento \u00e8 stata acquisita anche una propriet\u00e0 a uso misto in Innere Margarethenstrasse, nella citt\u00e0 di Basilea.<\/p>\n<p>Secondo SF Urban, negli ultimi dieci anni il valore del portafoglio a Zurigo \u00e8 aumentato in media di circa 2,6% all'anno, mentre a Basilea di 2,4%. Solo nella prima met\u00e0 del 2025, Zurigo ha registrato un aumento di valore di circa 3,6%. Secondo Immobilien-AG, invece, nello stesso periodo l'aumento medio del valore in Svizzera \u00e8 stato di 1,9% all'anno. <em>(aw)<\/em><\/p>\n<p>&nbsp;<\/p>","protected":false},"excerpt":{"rendered":"<p>Secondo un comunicato stampa, la societ\u00e0 immobiliare ha completato in gran parte le vendite previste al di fuori delle citt\u00e0 di Zurigo e Basilea.<\/p>","protected":false},"author":102,"featured_media":65177,"comment_status":"closed","ping_status":"closed","sticky":false,"template":"","format":"standard","meta":{"_acf_changed":false,"_yoast_wpseo_focuskw":"SF Urban","_yoast_wpseo_title":"","_yoast_wpseo_metadesc":"Die Immobilien-Aktiengesellschaft hat laut einer Mitteilung die geplanten Verk\u00e4ufe ausserhalb der St\u00e4dte Z\u00fcrich und Basel weitgehend abgeschlossen.","_yoast_wpseo_linkdex":63,"pgc_sgb_lightbox_settings":"","footnotes":""},"categories":[988],"tags":[1069,2716,1693,1830,1888],"class_list":["post-66070","post","type-post","status-publish","format-standard","has-post-thumbnail","hentry","category-unternehmen","tag-basel","tag-morges","tag-sf-urban-properties-ag","tag-verkauf","tag-zuerich"],"acf":[],"yoast_head":"<!-- This site is optimized with the Yoast SEO plugin v27.4 - https:\/\/yoast.com\/product\/yoast-seo-wordpress\/ -->\n<title>SF Urban hat Portfolio umgeschichtet - IMMOBILIEN Business<\/title>\n<meta name=\"description\" content=\"Die Immobilien-Aktiengesellschaft hat laut einer Mitteilung die geplanten Verk\u00e4ufe ausserhalb der St\u00e4dte Z\u00fcrich und Basel weitgehend abgeschlossen.\" \/>\n<meta name=\"robots\" content=\"index, follow, max-snippet:-1, max-image-preview:large, max-video-preview:-1\" \/>\n<link rel=\"canonical\" href=\"https:\/\/www.immobilienbusiness.ch\/it\/unternehmen\/2025-11-07\/sf-urban-hat-portfolio-umgeschichtet\/\" \/>\n<meta property=\"og:locale\" content=\"it_IT\" \/>\n<meta property=\"og:type\" content=\"article\" \/>\n<meta property=\"og:title\" content=\"SF Urban hat Portfolio umgeschichtet - IMMOBILIEN Business\" \/>\n<meta property=\"og:description\" content=\"Die Immobilien-Aktiengesellschaft hat laut einer Mitteilung die geplanten Verk\u00e4ufe ausserhalb der St\u00e4dte Z\u00fcrich und Basel weitgehend abgeschlossen.\" \/>\n<meta property=\"og:url\" content=\"https:\/\/www.immobilienbusiness.ch\/it\/unternehmen\/2025-11-07\/sf-urban-hat-portfolio-umgeschichtet\/\" \/>\n<meta property=\"og:site_name\" content=\"IMMOBILIEN Business\" \/>\n<meta property=\"article:publisher\" content=\"https:\/\/www.facebook.com\/immobilienbusiness\/\" \/>\n<meta property=\"article:published_time\" content=\"2025-11-07T01:08:25+00:00\" \/>\n<meta property=\"article:modified_time\" content=\"2025-11-13T10:08:11+00:00\" \/>\n<meta property=\"og:image\" content=\"https:\/\/www.immobilienbusiness.ch\/wp-content\/uploads\/2025\/09\/Innenstadt-Deposit-scaled.jpg\" \/>\n\t<meta property=\"og:image:width\" content=\"1200\" \/>\n\t<meta property=\"og:image:height\" content=\"1200\" \/>\n\t<meta property=\"og:image:type\" content=\"image\/jpeg\" \/>\n<meta name=\"author\" content=\"Alexander Wachter\" \/>\n<meta name=\"twitter:card\" content=\"summary_large_image\" \/>\n<script type=\"application\/ld+json\" class=\"yoast-schema-graph\">{\"@context\":\"https:\\\/\\\/schema.org\",\"@graph\":[{\"@type\":\"Article\",\"@id\":\"https:\\\/\\\/www.immobilienbusiness.ch\\\/de\\\/unternehmen\\\/2025-11-07\\\/sf-urban-hat-portfolio-umgeschichtet\\\/#article\",\"isPartOf\":{\"@id\":\"https:\\\/\\\/www.immobilienbusiness.ch\\\/de\\\/unternehmen\\\/2025-11-07\\\/sf-urban-hat-portfolio-umgeschichtet\\\/\"},\"author\":{\"name\":\"Alexander Wachter\",\"@id\":\"https:\\\/\\\/www.immobilienbusiness.ch\\\/#\\\/schema\\\/person\\\/aba8bea2db926aa0c24c08c43fe1fcd5\"},\"headline\":\"SF Urban hat Portfolio umgeschichtet\",\"datePublished\":\"2025-11-07T01:08:25+00:00\",\"dateModified\":\"2025-11-13T10:08:11+00:00\",\"mainEntityOfPage\":{\"@id\":\"https:\\\/\\\/www.immobilienbusiness.ch\\\/de\\\/unternehmen\\\/2025-11-07\\\/sf-urban-hat-portfolio-umgeschichtet\\\/\"},\"wordCount\":200,\"publisher\":{\"@id\":\"https:\\\/\\\/www.immobilienbusiness.ch\\\/#organization\"},\"image\":{\"@id\":\"https:\\\/\\\/www.immobilienbusiness.ch\\\/de\\\/unternehmen\\\/2025-11-07\\\/sf-urban-hat-portfolio-umgeschichtet\\\/#primaryimage\"},\"thumbnailUrl\":\"https:\\\/\\\/www.immobilienbusiness.ch\\\/wp-content\\\/uploads\\\/2025\\\/09\\\/Innenstadt-Deposit-scaled.jpg\",\"keywords\":[\"Basel\",\"Morges\",\"SF Urban Properties AG\",\"Verkauf\",\"Z\u00fcrich\"],\"articleSection\":[\"UNTERNEHMEN\"],\"inLanguage\":\"it-IT\"},{\"@type\":\"WebPage\",\"@id\":\"https:\\\/\\\/www.immobilienbusiness.ch\\\/de\\\/unternehmen\\\/2025-11-07\\\/sf-urban-hat-portfolio-umgeschichtet\\\/\",\"url\":\"https:\\\/\\\/www.immobilienbusiness.ch\\\/de\\\/unternehmen\\\/2025-11-07\\\/sf-urban-hat-portfolio-umgeschichtet\\\/\",\"name\":\"SF Urban hat Portfolio umgeschichtet - IMMOBILIEN Business\",\"isPartOf\":{\"@id\":\"https:\\\/\\\/www.immobilienbusiness.ch\\\/#website\"},\"primaryImageOfPage\":{\"@id\":\"https:\\\/\\\/www.immobilienbusiness.ch\\\/de\\\/unternehmen\\\/2025-11-07\\\/sf-urban-hat-portfolio-umgeschichtet\\\/#primaryimage\"},\"image\":{\"@id\":\"https:\\\/\\\/www.immobilienbusiness.ch\\\/de\\\/unternehmen\\\/2025-11-07\\\/sf-urban-hat-portfolio-umgeschichtet\\\/#primaryimage\"},\"thumbnailUrl\":\"https:\\\/\\\/www.immobilienbusiness.ch\\\/wp-content\\\/uploads\\\/2025\\\/09\\\/Innenstadt-Deposit-scaled.jpg\",\"datePublished\":\"2025-11-07T01:08:25+00:00\",\"dateModified\":\"2025-11-13T10:08:11+00:00\",\"description\":\"Die Immobilien-Aktiengesellschaft hat laut einer Mitteilung die geplanten Verk\u00e4ufe ausserhalb der St\u00e4dte Z\u00fcrich und Basel weitgehend abgeschlossen.\",\"breadcrumb\":{\"@id\":\"https:\\\/\\\/www.immobilienbusiness.ch\\\/de\\\/unternehmen\\\/2025-11-07\\\/sf-urban-hat-portfolio-umgeschichtet\\\/#breadcrumb\"},\"inLanguage\":\"it-IT\",\"potentialAction\":[{\"@type\":\"ReadAction\",\"target\":[\"https:\\\/\\\/www.immobilienbusiness.ch\\\/de\\\/unternehmen\\\/2025-11-07\\\/sf-urban-hat-portfolio-umgeschichtet\\\/\"]}]},{\"@type\":\"ImageObject\",\"inLanguage\":\"it-IT\",\"@id\":\"https:\\\/\\\/www.immobilienbusiness.ch\\\/de\\\/unternehmen\\\/2025-11-07\\\/sf-urban-hat-portfolio-umgeschichtet\\\/#primaryimage\",\"url\":\"https:\\\/\\\/www.immobilienbusiness.ch\\\/wp-content\\\/uploads\\\/2025\\\/09\\\/Innenstadt-Deposit-scaled.jpg\",\"contentUrl\":\"https:\\\/\\\/www.immobilienbusiness.ch\\\/wp-content\\\/uploads\\\/2025\\\/09\\\/Innenstadt-Deposit-scaled.jpg\",\"width\":1200,\"height\":1200,\"caption\":\"Die Immobilien-AG konzentriert sich auf die Innenst\u00e4dte von Z\u00fcrich und Basel (Symboldbild: Depositphotos)\"},{\"@type\":\"BreadcrumbList\",\"@id\":\"https:\\\/\\\/www.immobilienbusiness.ch\\\/de\\\/unternehmen\\\/2025-11-07\\\/sf-urban-hat-portfolio-umgeschichtet\\\/#breadcrumb\",\"itemListElement\":[{\"@type\":\"ListItem\",\"position\":1,\"name\":\"Home\",\"item\":\"https:\\\/\\\/www.immobilienbusiness.ch\\\/\"},{\"@type\":\"ListItem\",\"position\":2,\"name\":\"SF Urban hat Portfolio umgeschichtet\"}]},{\"@type\":\"WebSite\",\"@id\":\"https:\\\/\\\/www.immobilienbusiness.ch\\\/#website\",\"url\":\"https:\\\/\\\/www.immobilienbusiness.ch\\\/\",\"name\":\"IMMOBILIEN Business\",\"description\":\"Unabh\u00e4ngiges Schweizer Wirtschaftsmagazin mit Fokus auf Immobilien, Architektur- und Bau sowie Investment- und Finanzierung.\",\"publisher\":{\"@id\":\"https:\\\/\\\/www.immobilienbusiness.ch\\\/#organization\"},\"potentialAction\":[{\"@type\":\"SearchAction\",\"target\":{\"@type\":\"EntryPoint\",\"urlTemplate\":\"https:\\\/\\\/www.immobilienbusiness.ch\\\/?s={search_term_string}\"},\"query-input\":{\"@type\":\"PropertyValueSpecification\",\"valueRequired\":true,\"valueName\":\"search_term_string\"}}],\"inLanguage\":\"it-IT\"},{\"@type\":\"Organization\",\"@id\":\"https:\\\/\\\/www.immobilienbusiness.ch\\\/#organization\",\"name\":\"IMMOBILIEN Business\",\"url\":\"https:\\\/\\\/www.immobilienbusiness.ch\\\/\",\"logo\":{\"@type\":\"ImageObject\",\"inLanguage\":\"it-IT\",\"@id\":\"https:\\\/\\\/www.immobilienbusiness.ch\\\/#\\\/schema\\\/logo\\\/image\\\/\",\"url\":\"https:\\\/\\\/www.immobilienbusiness.ch\\\/wp-content\\\/uploads\\\/2021\\\/07\\\/logo_ib.png\",\"contentUrl\":\"https:\\\/\\\/www.immobilienbusiness.ch\\\/wp-content\\\/uploads\\\/2021\\\/07\\\/logo_ib.png\",\"width\":800,\"height\":181,\"caption\":\"IMMOBILIEN Business\"},\"image\":{\"@id\":\"https:\\\/\\\/www.immobilienbusiness.ch\\\/#\\\/schema\\\/logo\\\/image\\\/\"},\"sameAs\":[\"https:\\\/\\\/www.facebook.com\\\/immobilienbusiness\\\/\"]},{\"@type\":\"Person\",\"@id\":\"https:\\\/\\\/www.immobilienbusiness.ch\\\/#\\\/schema\\\/person\\\/aba8bea2db926aa0c24c08c43fe1fcd5\",\"name\":\"Alexander Wachter\",\"image\":{\"@type\":\"ImageObject\",\"inLanguage\":\"it-IT\",\"@id\":\"https:\\\/\\\/secure.gravatar.com\\\/avatar\\\/1a09e471f5389b0e0a6416eac287e0927c7c97a7b77f9e787eba3af7aee281dd?s=96&d=mm&r=g\",\"url\":\"https:\\\/\\\/secure.gravatar.com\\\/avatar\\\/1a09e471f5389b0e0a6416eac287e0927c7c97a7b77f9e787eba3af7aee281dd?s=96&d=mm&r=g\",\"contentUrl\":\"https:\\\/\\\/secure.gravatar.com\\\/avatar\\\/1a09e471f5389b0e0a6416eac287e0927c7c97a7b77f9e787eba3af7aee281dd?s=96&d=mm&r=g\",\"caption\":\"Alexander Wachter\"},\"url\":\"https:\\\/\\\/www.immobilienbusiness.ch\\\/it\\\/author\\\/alexander-wachter\\\/\"}]}<\/script>\n<!-- \/ Yoast SEO plugin. -->","yoast_head_json":{"title":"SF Urban ha riorganizzato il suo portafoglio - IMMOBILIEN Business","description":"Secondo un comunicato stampa, la societ\u00e0 immobiliare ha completato in gran parte le vendite previste al di fuori delle citt\u00e0 di Zurigo e Basilea.","robots":{"index":"index","follow":"follow","max-snippet":"max-snippet:-1","max-image-preview":"max-image-preview:large","max-video-preview":"max-video-preview:-1"},"canonical":"https:\/\/www.immobilienbusiness.ch\/it\/unternehmen\/2025-11-07\/sf-urban-hat-portfolio-umgeschichtet\/","og_locale":"it_IT","og_type":"article","og_title":"SF Urban hat Portfolio umgeschichtet - IMMOBILIEN Business","og_description":"Die Immobilien-Aktiengesellschaft hat laut einer Mitteilung die geplanten Verk\u00e4ufe ausserhalb der St\u00e4dte Z\u00fcrich und Basel weitgehend abgeschlossen.","og_url":"https:\/\/www.immobilienbusiness.ch\/it\/unternehmen\/2025-11-07\/sf-urban-hat-portfolio-umgeschichtet\/","og_site_name":"IMMOBILIEN Business","article_publisher":"https:\/\/www.facebook.com\/immobilienbusiness\/","article_published_time":"2025-11-07T01:08:25+00:00","article_modified_time":"2025-11-13T10:08:11+00:00","og_image":[{"width":1200,"height":1200,"url":"https:\/\/www.immobilienbusiness.ch\/wp-content\/uploads\/2025\/09\/Innenstadt-Deposit-scaled.jpg","type":"image\/jpeg"}],"author":"Alexander Wachter","twitter_card":"summary_large_image","schema":{"@context":"https:\/\/schema.org","@graph":[{"@type":"Article","@id":"https:\/\/www.immobilienbusiness.ch\/de\/unternehmen\/2025-11-07\/sf-urban-hat-portfolio-umgeschichtet\/#article","isPartOf":{"@id":"https:\/\/www.immobilienbusiness.ch\/de\/unternehmen\/2025-11-07\/sf-urban-hat-portfolio-umgeschichtet\/"},"author":{"name":"Alexander Wachter","@id":"https:\/\/www.immobilienbusiness.ch\/#\/schema\/person\/aba8bea2db926aa0c24c08c43fe1fcd5"},"headline":"SF Urban hat Portfolio umgeschichtet","datePublished":"2025-11-07T01:08:25+00:00","dateModified":"2025-11-13T10:08:11+00:00","mainEntityOfPage":{"@id":"https:\/\/www.immobilienbusiness.ch\/de\/unternehmen\/2025-11-07\/sf-urban-hat-portfolio-umgeschichtet\/"},"wordCount":200,"publisher":{"@id":"https:\/\/www.immobilienbusiness.ch\/#organization"},"image":{"@id":"https:\/\/www.immobilienbusiness.ch\/de\/unternehmen\/2025-11-07\/sf-urban-hat-portfolio-umgeschichtet\/#primaryimage"},"thumbnailUrl":"https:\/\/www.immobilienbusiness.ch\/wp-content\/uploads\/2025\/09\/Innenstadt-Deposit-scaled.jpg","keywords":["Basel","Morges","SF Urban Properties AG","Verkauf","Z\u00fcrich"],"articleSection":["UNTERNEHMEN"],"inLanguage":"it-IT"},{"@type":"WebPage","@id":"https:\/\/www.immobilienbusiness.ch\/de\/unternehmen\/2025-11-07\/sf-urban-hat-portfolio-umgeschichtet\/","url":"https:\/\/www.immobilienbusiness.ch\/de\/unternehmen\/2025-11-07\/sf-urban-hat-portfolio-umgeschichtet\/","name":"SF Urban ha riorganizzato il suo portafoglio - IMMOBILIEN Business","isPartOf":{"@id":"https:\/\/www.immobilienbusiness.ch\/#website"},"primaryImageOfPage":{"@id":"https:\/\/www.immobilienbusiness.ch\/de\/unternehmen\/2025-11-07\/sf-urban-hat-portfolio-umgeschichtet\/#primaryimage"},"image":{"@id":"https:\/\/www.immobilienbusiness.ch\/de\/unternehmen\/2025-11-07\/sf-urban-hat-portfolio-umgeschichtet\/#primaryimage"},"thumbnailUrl":"https:\/\/www.immobilienbusiness.ch\/wp-content\/uploads\/2025\/09\/Innenstadt-Deposit-scaled.jpg","datePublished":"2025-11-07T01:08:25+00:00","dateModified":"2025-11-13T10:08:11+00:00","description":"Secondo un comunicato stampa, la societ\u00e0 immobiliare ha completato in gran parte le vendite previste al di fuori delle citt\u00e0 di Zurigo e Basilea.","breadcrumb":{"@id":"https:\/\/www.immobilienbusiness.ch\/de\/unternehmen\/2025-11-07\/sf-urban-hat-portfolio-umgeschichtet\/#breadcrumb"},"inLanguage":"it-IT","potentialAction":[{"@type":"ReadAction","target":["https:\/\/www.immobilienbusiness.ch\/de\/unternehmen\/2025-11-07\/sf-urban-hat-portfolio-umgeschichtet\/"]}]},{"@type":"ImageObject","inLanguage":"it-IT","@id":"https:\/\/www.immobilienbusiness.ch\/de\/unternehmen\/2025-11-07\/sf-urban-hat-portfolio-umgeschichtet\/#primaryimage","url":"https:\/\/www.immobilienbusiness.ch\/wp-content\/uploads\/2025\/09\/Innenstadt-Deposit-scaled.jpg","contentUrl":"https:\/\/www.immobilienbusiness.ch\/wp-content\/uploads\/2025\/09\/Innenstadt-Deposit-scaled.jpg","width":1200,"height":1200,"caption":"Die Immobilien-AG konzentriert sich auf die Innenst\u00e4dte von Z\u00fcrich und Basel (Symboldbild: Depositphotos)"},{"@type":"BreadcrumbList","@id":"https:\/\/www.immobilienbusiness.ch\/de\/unternehmen\/2025-11-07\/sf-urban-hat-portfolio-umgeschichtet\/#breadcrumb","itemListElement":[{"@type":"ListItem","position":1,"name":"Home","item":"https:\/\/www.immobilienbusiness.ch\/"},{"@type":"ListItem","position":2,"name":"SF Urban hat Portfolio umgeschichtet"}]},{"@type":"WebSite","@id":"https:\/\/www.immobilienbusiness.ch\/#website","url":"https:\/\/www.immobilienbusiness.ch\/","name":"Affari immobiliari","description":"Rivista economica indipendente svizzera che si concentra sul settore immobiliare, l'architettura e la costruzione, nonch\u00e9 sugli investimenti e i finanziamenti.","publisher":{"@id":"https:\/\/www.immobilienbusiness.ch\/#organization"},"potentialAction":[{"@type":"SearchAction","target":{"@type":"EntryPoint","urlTemplate":"https:\/\/www.immobilienbusiness.ch\/?s={search_term_string}"},"query-input":{"@type":"PropertyValueSpecification","valueRequired":true,"valueName":"search_term_string"}}],"inLanguage":"it-IT"},{"@type":"Organization","@id":"https:\/\/www.immobilienbusiness.ch\/#organization","name":"Affari immobiliari","url":"https:\/\/www.immobilienbusiness.ch\/","logo":{"@type":"ImageObject","inLanguage":"it-IT","@id":"https:\/\/www.immobilienbusiness.ch\/#\/schema\/logo\/image\/","url":"https:\/\/www.immobilienbusiness.ch\/wp-content\/uploads\/2021\/07\/logo_ib.png","contentUrl":"https:\/\/www.immobilienbusiness.ch\/wp-content\/uploads\/2021\/07\/logo_ib.png","width":800,"height":181,"caption":"IMMOBILIEN Business"},"image":{"@id":"https:\/\/www.immobilienbusiness.ch\/#\/schema\/logo\/image\/"},"sameAs":["https:\/\/www.facebook.com\/immobilienbusiness\/"]},{"@type":"Person","@id":"https:\/\/www.immobilienbusiness.ch\/#\/schema\/person\/aba8bea2db926aa0c24c08c43fe1fcd5","name":"Alexander Wachter","image":{"@type":"ImageObject","inLanguage":"it-IT","@id":"https:\/\/secure.gravatar.com\/avatar\/1a09e471f5389b0e0a6416eac287e0927c7c97a7b77f9e787eba3af7aee281dd?s=96&d=mm&r=g","url":"https:\/\/secure.gravatar.com\/avatar\/1a09e471f5389b0e0a6416eac287e0927c7c97a7b77f9e787eba3af7aee281dd?s=96&d=mm&r=g","contentUrl":"https:\/\/secure.gravatar.com\/avatar\/1a09e471f5389b0e0a6416eac287e0927c7c97a7b77f9e787eba3af7aee281dd?s=96&d=mm&r=g","caption":"Alexander Wachter"},"url":"https:\/\/www.immobilienbusiness.ch\/it\/author\/alexander-wachter\/"}]}},"_links":{"self":[{"href":"https:\/\/www.immobilienbusiness.ch\/it\/wp-json\/wp\/v2\/posts\/66070","targetHints":{"allow":["GET"]}}],"collection":[{"href":"https:\/\/www.immobilienbusiness.ch\/it\/wp-json\/wp\/v2\/posts"}],"about":[{"href":"https:\/\/www.immobilienbusiness.ch\/it\/wp-json\/wp\/v2\/types\/post"}],"author":[{"embeddable":true,"href":"https:\/\/www.immobilienbusiness.ch\/it\/wp-json\/wp\/v2\/users\/102"}],"replies":[{"embeddable":true,"href":"https:\/\/www.immobilienbusiness.ch\/it\/wp-json\/wp\/v2\/comments?post=66070"}],"version-history":[{"count":2,"href":"https:\/\/www.immobilienbusiness.ch\/it\/wp-json\/wp\/v2\/posts\/66070\/revisions"}],"predecessor-version":[{"id":66263,"href":"https:\/\/www.immobilienbusiness.ch\/it\/wp-json\/wp\/v2\/posts\/66070\/revisions\/66263"}],"wp:featuredmedia":[{"embeddable":true,"href":"https:\/\/www.immobilienbusiness.ch\/it\/wp-json\/wp\/v2\/media\/65177"}],"wp:attachment":[{"href":"https:\/\/www.immobilienbusiness.ch\/it\/wp-json\/wp\/v2\/media?parent=66070"}],"wp:term":[{"taxonomy":"category","embeddable":true,"href":"https:\/\/www.immobilienbusiness.ch\/it\/wp-json\/wp\/v2\/categories?post=66070"},{"taxonomy":"post_tag","embeddable":true,"href":"https:\/\/www.immobilienbusiness.ch\/it\/wp-json\/wp\/v2\/tags?post=66070"}],"curies":[{"name":"wp","href":"https:\/\/api.w.org\/{rel}","templated":true}]}}