{"id":66023,"date":"2025-11-03T09:02:48","date_gmt":"2025-11-03T08:02:48","guid":{"rendered":"https:\/\/www.immobilienbusiness.ch\/?p=66023"},"modified":"2025-11-06T11:00:20","modified_gmt":"2025-11-06T10:00:20","slug":"lancy-pfeg-plant-sechsgeschossiges-lagergebaeude","status":"publish","type":"post","link":"https:\/\/www.immobilienbusiness.ch\/it\/unternehmen\/2025-11-03\/lancy-pfeg-plant-sechsgeschossiges-lagergebaeude\/","title":{"rendered":"Lancy: PFEG progetta un edificio a sei piani adibito a magazzino"},"content":{"rendered":"<figure id=\"attachment_66027\" aria-describedby=\"caption-attachment-66027\" style=\"width: 768px\" class=\"wp-caption alignnone\"><a href=\"https:\/\/www.immobilienbusiness.ch\/wp-content\/uploads\/2025\/11\/Ports-Francs-PFEG-zVG-Lancy.png\"><img loading=\"lazy\" decoding=\"async\" class=\"size-large wp-image-66027\" src=\"https:\/\/www.immobilienbusiness.ch\/wp-content\/uploads\/2025\/11\/Ports-Francs-PFEG-zVG-Lancy-1024x575.png\" alt=\"\" width=\"768\" height=\"431\" srcset=\"https:\/\/www.immobilienbusiness.ch\/wp-content\/uploads\/2025\/11\/Ports-Francs-PFEG-zVG-Lancy-1024x575.png 1024w, https:\/\/www.immobilienbusiness.ch\/wp-content\/uploads\/2025\/11\/Ports-Francs-PFEG-zVG-Lancy-300x168.png 300w, https:\/\/www.immobilienbusiness.ch\/wp-content\/uploads\/2025\/11\/Ports-Francs-PFEG-zVG-Lancy-768x431.png 768w, https:\/\/www.immobilienbusiness.ch\/wp-content\/uploads\/2025\/11\/Ports-Francs-PFEG-zVG-Lancy-18x10.png 18w, https:\/\/www.immobilienbusiness.ch\/wp-content\/uploads\/2025\/11\/Ports-Francs-PFEG-zVG-Lancy-375x210.png 375w, https:\/\/www.immobilienbusiness.ch\/wp-content\/uploads\/2025\/11\/Ports-Francs-PFEG-zVG-Lancy-624x350.png 624w, https:\/\/www.immobilienbusiness.ch\/wp-content\/uploads\/2025\/11\/Ports-Francs-PFEG-zVG-Lancy-1000x561.png 1000w, https:\/\/www.immobilienbusiness.ch\/wp-content\/uploads\/2025\/11\/Ports-Francs-PFEG-zVG-Lancy.png 1200w\" sizes=\"auto, (max-width: 768px) 100vw, 768px\" \/><\/a><figcaption id=\"caption-attachment-66027\" class=\"wp-caption-text\">L'edificio del magazzino \u00e8 destinato alle merci di alto valore (visualizzazione: zVg)<\/figcaption><\/figure>\n<p>Ports Francs et Entrep\u00f4ts de Gen\u00e8ve (PFEG) annuncia la costruzione di un nuovo edificio con una superficie lorda di 15.188 metri quadrati. L'edificio, conforme a Minergie P, sar\u00e0 situato nell'area duty-free e aumenter\u00e0 la capacit\u00e0 di stoccaggio del sito di circa 10%. La messa in funzione \u00e8 prevista per la fine del 2027.<\/p>\n<p>L'edificio \u00e8 in costruzione a Lancy, adiacente alla sede centrale dell'azienda. \u00c8 stato progettato in particolare per il deposito o il restauro di opere d'arte e beni di alto valore. Il progetto di GLAA SA \u00e8 risultato vincitore di un concorso di architettura. HRS Real Estate sta realizzando l'edificio in qualit\u00e0 di appaltatore generale. I lavori preparatori sono gi\u00e0 iniziati. La messa in funzione \u00e8 prevista per dicembre 2027.<\/p>\n<h3>Sei piani<\/h3>\n<p>Il nuovo edificio comprende un seminterrato tecnico, un piano terra rialzato con mezzanino, quattro piani e un piano mansardato verde. La facciata metallica racchiude aree di stoccaggio con condizioni climatiche strettamente controllate. Un sistema di spegnimento a gas senza acqua garantisce la sicurezza delle collezioni.<\/p>\n<p>Le caratteristiche di sostenibilit\u00e0 includono una pompa di calore geotermica e un tetto completamente coperto da moduli fotovoltaici. Il complesso sar\u00e0 dotato di cinque rampe di consegna e montacarichi con capacit\u00e0 di 3,5 e 5 tonnellate. Il nuovo edificio liberer\u00e0 spazio nell'infrastruttura storica di PFEG per progetti di ristrutturazione. <em>(aw)<\/em><\/p>","protected":false},"excerpt":{"rendered":"<p>L'immobile di 15.000 metri quadrati a Ginevra \u00e8 stato realizzato da HRS ed \u00e8 stato progettato per il deposito di opere d'arte.<\/p>","protected":false},"author":102,"featured_media":66027,"comment_status":"closed","ping_status":"closed","sticky":false,"template":"","format":"standard","meta":{"_acf_changed":false,"_yoast_wpseo_focuskw":"Lancy","_yoast_wpseo_title":"","_yoast_wpseo_metadesc":"Die \u00fcber 15.000 Quadratmeter grosse Liegenschaft in Genf wird von HRS realisiert und ist f\u00fcr die Lagerung von Kunstgegenst\u00e4nden konzipiert.","_yoast_wpseo_linkdex":57,"pgc_sgb_lightbox_settings":"","footnotes":""},"categories":[988],"tags":[1988,4358,2100,3222,1451,1515,4357,1600],"class_list":["post-66023","post","type-post","status-publish","format-standard","has-post-thumbnail","hentry","category-unternehmen","tag-ge","tag-glaa-sa","tag-hrs","tag-lancy","tag-logistik","tag-nachhaltigkeit","tag-pfeg","tag-projekt-in-planung"],"acf":[],"yoast_head":"<!-- This site is optimized with the Yoast SEO plugin v27.5 - https:\/\/yoast.com\/product\/yoast-seo-wordpress\/ -->\n<title>Lancy: PFEG plant sechsgeschossiges Lagergeb\u00e4ude - IMMOBILIEN Business<\/title>\n<meta name=\"description\" content=\"Die \u00fcber 15.000 Quadratmeter grosse Liegenschaft in Genf wird von HRS realisiert und ist f\u00fcr die Lagerung von Kunstgegenst\u00e4nden konzipiert.\" \/>\n<meta name=\"robots\" content=\"index, follow, max-snippet:-1, max-image-preview:large, max-video-preview:-1\" \/>\n<link rel=\"canonical\" href=\"https:\/\/www.immobilienbusiness.ch\/it\/unternehmen\/2025-11-03\/lancy-pfeg-plant-sechsgeschossiges-lagergebaeude\/\" \/>\n<meta property=\"og:locale\" content=\"it_IT\" \/>\n<meta property=\"og:type\" content=\"article\" \/>\n<meta property=\"og:title\" content=\"Lancy: PFEG plant sechsgeschossiges Lagergeb\u00e4ude - IMMOBILIEN Business\" \/>\n<meta property=\"og:description\" content=\"Die \u00fcber 15.000 Quadratmeter grosse Liegenschaft in Genf wird von HRS realisiert und ist f\u00fcr die Lagerung von Kunstgegenst\u00e4nden konzipiert.\" \/>\n<meta property=\"og:url\" content=\"https:\/\/www.immobilienbusiness.ch\/it\/unternehmen\/2025-11-03\/lancy-pfeg-plant-sechsgeschossiges-lagergebaeude\/\" \/>\n<meta property=\"og:site_name\" content=\"IMMOBILIEN Business\" \/>\n<meta property=\"article:publisher\" content=\"https:\/\/www.facebook.com\/immobilienbusiness\/\" \/>\n<meta property=\"article:published_time\" content=\"2025-11-03T08:02:48+00:00\" \/>\n<meta property=\"article:modified_time\" content=\"2025-11-06T10:00:20+00:00\" \/>\n<meta property=\"og:image\" content=\"https:\/\/www.immobilienbusiness.ch\/wp-content\/uploads\/2025\/11\/Ports-Francs-PFEG-zVG-Lancy.png\" \/>\n\t<meta property=\"og:image:width\" content=\"1200\" \/>\n\t<meta property=\"og:image:height\" content=\"674\" \/>\n\t<meta property=\"og:image:type\" content=\"image\/png\" \/>\n<meta name=\"author\" content=\"Alexander Wachter\" \/>\n<meta name=\"twitter:card\" content=\"summary_large_image\" \/>\n<script type=\"application\/ld+json\" class=\"yoast-schema-graph\">{\"@context\":\"https:\\\/\\\/schema.org\",\"@graph\":[{\"@type\":\"Article\",\"@id\":\"https:\\\/\\\/www.immobilienbusiness.ch\\\/de\\\/unternehmen\\\/2025-11-03\\\/lancy-pfeg-plant-sechsgeschossiges-lagergebaeude\\\/#article\",\"isPartOf\":{\"@id\":\"https:\\\/\\\/www.immobilienbusiness.ch\\\/de\\\/unternehmen\\\/2025-11-03\\\/lancy-pfeg-plant-sechsgeschossiges-lagergebaeude\\\/\"},\"author\":{\"name\":\"Alexander Wachter\",\"@id\":\"https:\\\/\\\/www.immobilienbusiness.ch\\\/#\\\/schema\\\/person\\\/aba8bea2db926aa0c24c08c43fe1fcd5\"},\"headline\":\"Lancy: PFEG plant sechsgeschossiges Lagergeb\u00e4ude\",\"datePublished\":\"2025-11-03T08:02:48+00:00\",\"dateModified\":\"2025-11-06T10:00:20+00:00\",\"mainEntityOfPage\":{\"@id\":\"https:\\\/\\\/www.immobilienbusiness.ch\\\/de\\\/unternehmen\\\/2025-11-03\\\/lancy-pfeg-plant-sechsgeschossiges-lagergebaeude\\\/\"},\"wordCount\":237,\"publisher\":{\"@id\":\"https:\\\/\\\/www.immobilienbusiness.ch\\\/#organization\"},\"image\":{\"@id\":\"https:\\\/\\\/www.immobilienbusiness.ch\\\/de\\\/unternehmen\\\/2025-11-03\\\/lancy-pfeg-plant-sechsgeschossiges-lagergebaeude\\\/#primaryimage\"},\"thumbnailUrl\":\"https:\\\/\\\/www.immobilienbusiness.ch\\\/wp-content\\\/uploads\\\/2025\\\/11\\\/Ports-Francs-PFEG-zVG-Lancy.png\",\"keywords\":[\"GE\",\"GLAA SA\",\"HRS\",\"Lancy\",\"Logistik\",\"Nachhaltigkeit\",\"PFEG\",\"Projekt in Planung\"],\"articleSection\":[\"UNTERNEHMEN\"],\"inLanguage\":\"it-IT\"},{\"@type\":\"WebPage\",\"@id\":\"https:\\\/\\\/www.immobilienbusiness.ch\\\/de\\\/unternehmen\\\/2025-11-03\\\/lancy-pfeg-plant-sechsgeschossiges-lagergebaeude\\\/\",\"url\":\"https:\\\/\\\/www.immobilienbusiness.ch\\\/de\\\/unternehmen\\\/2025-11-03\\\/lancy-pfeg-plant-sechsgeschossiges-lagergebaeude\\\/\",\"name\":\"Lancy: PFEG plant sechsgeschossiges Lagergeb\u00e4ude - IMMOBILIEN Business\",\"isPartOf\":{\"@id\":\"https:\\\/\\\/www.immobilienbusiness.ch\\\/#website\"},\"primaryImageOfPage\":{\"@id\":\"https:\\\/\\\/www.immobilienbusiness.ch\\\/de\\\/unternehmen\\\/2025-11-03\\\/lancy-pfeg-plant-sechsgeschossiges-lagergebaeude\\\/#primaryimage\"},\"image\":{\"@id\":\"https:\\\/\\\/www.immobilienbusiness.ch\\\/de\\\/unternehmen\\\/2025-11-03\\\/lancy-pfeg-plant-sechsgeschossiges-lagergebaeude\\\/#primaryimage\"},\"thumbnailUrl\":\"https:\\\/\\\/www.immobilienbusiness.ch\\\/wp-content\\\/uploads\\\/2025\\\/11\\\/Ports-Francs-PFEG-zVG-Lancy.png\",\"datePublished\":\"2025-11-03T08:02:48+00:00\",\"dateModified\":\"2025-11-06T10:00:20+00:00\",\"description\":\"Die \u00fcber 15.000 Quadratmeter grosse Liegenschaft in Genf wird von HRS realisiert und ist f\u00fcr die Lagerung von Kunstgegenst\u00e4nden konzipiert.\",\"breadcrumb\":{\"@id\":\"https:\\\/\\\/www.immobilienbusiness.ch\\\/de\\\/unternehmen\\\/2025-11-03\\\/lancy-pfeg-plant-sechsgeschossiges-lagergebaeude\\\/#breadcrumb\"},\"inLanguage\":\"it-IT\",\"potentialAction\":[{\"@type\":\"ReadAction\",\"target\":[\"https:\\\/\\\/www.immobilienbusiness.ch\\\/de\\\/unternehmen\\\/2025-11-03\\\/lancy-pfeg-plant-sechsgeschossiges-lagergebaeude\\\/\"]}]},{\"@type\":\"ImageObject\",\"inLanguage\":\"it-IT\",\"@id\":\"https:\\\/\\\/www.immobilienbusiness.ch\\\/de\\\/unternehmen\\\/2025-11-03\\\/lancy-pfeg-plant-sechsgeschossiges-lagergebaeude\\\/#primaryimage\",\"url\":\"https:\\\/\\\/www.immobilienbusiness.ch\\\/wp-content\\\/uploads\\\/2025\\\/11\\\/Ports-Francs-PFEG-zVG-Lancy.png\",\"contentUrl\":\"https:\\\/\\\/www.immobilienbusiness.ch\\\/wp-content\\\/uploads\\\/2025\\\/11\\\/Ports-Francs-PFEG-zVG-Lancy.png\",\"width\":1200,\"height\":674,\"caption\":\"Das Lagergeb\u00e4ude ist f\u00fcr hochwertige G\u00fcter vorgesehen (Visualisierung: zVg)\"},{\"@type\":\"BreadcrumbList\",\"@id\":\"https:\\\/\\\/www.immobilienbusiness.ch\\\/de\\\/unternehmen\\\/2025-11-03\\\/lancy-pfeg-plant-sechsgeschossiges-lagergebaeude\\\/#breadcrumb\",\"itemListElement\":[{\"@type\":\"ListItem\",\"position\":1,\"name\":\"Home\",\"item\":\"https:\\\/\\\/www.immobilienbusiness.ch\\\/\"},{\"@type\":\"ListItem\",\"position\":2,\"name\":\"Lancy: PFEG plant sechsgeschossiges Lagergeb\u00e4ude\"}]},{\"@type\":\"WebSite\",\"@id\":\"https:\\\/\\\/www.immobilienbusiness.ch\\\/#website\",\"url\":\"https:\\\/\\\/www.immobilienbusiness.ch\\\/\",\"name\":\"IMMOBILIEN Business\",\"description\":\"Unabh\u00e4ngiges Schweizer Wirtschaftsmagazin mit Fokus auf Immobilien, Architektur- und Bau sowie Investment- und Finanzierung.\",\"publisher\":{\"@id\":\"https:\\\/\\\/www.immobilienbusiness.ch\\\/#organization\"},\"potentialAction\":[{\"@type\":\"SearchAction\",\"target\":{\"@type\":\"EntryPoint\",\"urlTemplate\":\"https:\\\/\\\/www.immobilienbusiness.ch\\\/?s={search_term_string}\"},\"query-input\":{\"@type\":\"PropertyValueSpecification\",\"valueRequired\":true,\"valueName\":\"search_term_string\"}}],\"inLanguage\":\"it-IT\"},{\"@type\":\"Organization\",\"@id\":\"https:\\\/\\\/www.immobilienbusiness.ch\\\/#organization\",\"name\":\"IMMOBILIEN Business\",\"url\":\"https:\\\/\\\/www.immobilienbusiness.ch\\\/\",\"logo\":{\"@type\":\"ImageObject\",\"inLanguage\":\"it-IT\",\"@id\":\"https:\\\/\\\/www.immobilienbusiness.ch\\\/#\\\/schema\\\/logo\\\/image\\\/\",\"url\":\"https:\\\/\\\/www.immobilienbusiness.ch\\\/wp-content\\\/uploads\\\/2021\\\/07\\\/logo_ib.png\",\"contentUrl\":\"https:\\\/\\\/www.immobilienbusiness.ch\\\/wp-content\\\/uploads\\\/2021\\\/07\\\/logo_ib.png\",\"width\":800,\"height\":181,\"caption\":\"IMMOBILIEN Business\"},\"image\":{\"@id\":\"https:\\\/\\\/www.immobilienbusiness.ch\\\/#\\\/schema\\\/logo\\\/image\\\/\"},\"sameAs\":[\"https:\\\/\\\/www.facebook.com\\\/immobilienbusiness\\\/\"]},{\"@type\":\"Person\",\"@id\":\"https:\\\/\\\/www.immobilienbusiness.ch\\\/#\\\/schema\\\/person\\\/aba8bea2db926aa0c24c08c43fe1fcd5\",\"name\":\"Alexander Wachter\",\"image\":{\"@type\":\"ImageObject\",\"inLanguage\":\"it-IT\",\"@id\":\"https:\\\/\\\/secure.gravatar.com\\\/avatar\\\/1a09e471f5389b0e0a6416eac287e0927c7c97a7b77f9e787eba3af7aee281dd?s=96&d=mm&r=g\",\"url\":\"https:\\\/\\\/secure.gravatar.com\\\/avatar\\\/1a09e471f5389b0e0a6416eac287e0927c7c97a7b77f9e787eba3af7aee281dd?s=96&d=mm&r=g\",\"contentUrl\":\"https:\\\/\\\/secure.gravatar.com\\\/avatar\\\/1a09e471f5389b0e0a6416eac287e0927c7c97a7b77f9e787eba3af7aee281dd?s=96&d=mm&r=g\",\"caption\":\"Alexander Wachter\"},\"url\":\"https:\\\/\\\/www.immobilienbusiness.ch\\\/it\\\/author\\\/alexander-wachter\\\/\"}]}<\/script>\n<!-- \/ Yoast SEO plugin. -->","yoast_head_json":{"title":"Lancy: PFEG plant sechsgeschossiges Lagergeb\u00e4ude - IMMOBILIEN Business","description":"L'immobile di 15.000 metri quadrati a Ginevra \u00e8 stato realizzato da HRS ed \u00e8 stato progettato per il deposito di opere d'arte.","robots":{"index":"index","follow":"follow","max-snippet":"max-snippet:-1","max-image-preview":"max-image-preview:large","max-video-preview":"max-video-preview:-1"},"canonical":"https:\/\/www.immobilienbusiness.ch\/it\/unternehmen\/2025-11-03\/lancy-pfeg-plant-sechsgeschossiges-lagergebaeude\/","og_locale":"it_IT","og_type":"article","og_title":"Lancy: PFEG plant sechsgeschossiges Lagergeb\u00e4ude - IMMOBILIEN Business","og_description":"Die \u00fcber 15.000 Quadratmeter grosse Liegenschaft in Genf wird von HRS realisiert und ist f\u00fcr die Lagerung von Kunstgegenst\u00e4nden konzipiert.","og_url":"https:\/\/www.immobilienbusiness.ch\/it\/unternehmen\/2025-11-03\/lancy-pfeg-plant-sechsgeschossiges-lagergebaeude\/","og_site_name":"IMMOBILIEN Business","article_publisher":"https:\/\/www.facebook.com\/immobilienbusiness\/","article_published_time":"2025-11-03T08:02:48+00:00","article_modified_time":"2025-11-06T10:00:20+00:00","og_image":[{"width":1200,"height":674,"url":"https:\/\/www.immobilienbusiness.ch\/wp-content\/uploads\/2025\/11\/Ports-Francs-PFEG-zVG-Lancy.png","type":"image\/png"}],"author":"Alexander Wachter","twitter_card":"summary_large_image","schema":{"@context":"https:\/\/schema.org","@graph":[{"@type":"Article","@id":"https:\/\/www.immobilienbusiness.ch\/de\/unternehmen\/2025-11-03\/lancy-pfeg-plant-sechsgeschossiges-lagergebaeude\/#article","isPartOf":{"@id":"https:\/\/www.immobilienbusiness.ch\/de\/unternehmen\/2025-11-03\/lancy-pfeg-plant-sechsgeschossiges-lagergebaeude\/"},"author":{"name":"Alexander Wachter","@id":"https:\/\/www.immobilienbusiness.ch\/#\/schema\/person\/aba8bea2db926aa0c24c08c43fe1fcd5"},"headline":"Lancy: PFEG plant sechsgeschossiges Lagergeb\u00e4ude","datePublished":"2025-11-03T08:02:48+00:00","dateModified":"2025-11-06T10:00:20+00:00","mainEntityOfPage":{"@id":"https:\/\/www.immobilienbusiness.ch\/de\/unternehmen\/2025-11-03\/lancy-pfeg-plant-sechsgeschossiges-lagergebaeude\/"},"wordCount":237,"publisher":{"@id":"https:\/\/www.immobilienbusiness.ch\/#organization"},"image":{"@id":"https:\/\/www.immobilienbusiness.ch\/de\/unternehmen\/2025-11-03\/lancy-pfeg-plant-sechsgeschossiges-lagergebaeude\/#primaryimage"},"thumbnailUrl":"https:\/\/www.immobilienbusiness.ch\/wp-content\/uploads\/2025\/11\/Ports-Francs-PFEG-zVG-Lancy.png","keywords":["GE","GLAA SA","HRS","Lancy","Logistik","Nachhaltigkeit","PFEG","Projekt in Planung"],"articleSection":["UNTERNEHMEN"],"inLanguage":"it-IT"},{"@type":"WebPage","@id":"https:\/\/www.immobilienbusiness.ch\/de\/unternehmen\/2025-11-03\/lancy-pfeg-plant-sechsgeschossiges-lagergebaeude\/","url":"https:\/\/www.immobilienbusiness.ch\/de\/unternehmen\/2025-11-03\/lancy-pfeg-plant-sechsgeschossiges-lagergebaeude\/","name":"Lancy: PFEG plant sechsgeschossiges Lagergeb\u00e4ude - IMMOBILIEN Business","isPartOf":{"@id":"https:\/\/www.immobilienbusiness.ch\/#website"},"primaryImageOfPage":{"@id":"https:\/\/www.immobilienbusiness.ch\/de\/unternehmen\/2025-11-03\/lancy-pfeg-plant-sechsgeschossiges-lagergebaeude\/#primaryimage"},"image":{"@id":"https:\/\/www.immobilienbusiness.ch\/de\/unternehmen\/2025-11-03\/lancy-pfeg-plant-sechsgeschossiges-lagergebaeude\/#primaryimage"},"thumbnailUrl":"https:\/\/www.immobilienbusiness.ch\/wp-content\/uploads\/2025\/11\/Ports-Francs-PFEG-zVG-Lancy.png","datePublished":"2025-11-03T08:02:48+00:00","dateModified":"2025-11-06T10:00:20+00:00","description":"L'immobile di 15.000 metri quadrati a Ginevra \u00e8 stato realizzato da HRS ed \u00e8 stato progettato per il deposito di opere d'arte.","breadcrumb":{"@id":"https:\/\/www.immobilienbusiness.ch\/de\/unternehmen\/2025-11-03\/lancy-pfeg-plant-sechsgeschossiges-lagergebaeude\/#breadcrumb"},"inLanguage":"it-IT","potentialAction":[{"@type":"ReadAction","target":["https:\/\/www.immobilienbusiness.ch\/de\/unternehmen\/2025-11-03\/lancy-pfeg-plant-sechsgeschossiges-lagergebaeude\/"]}]},{"@type":"ImageObject","inLanguage":"it-IT","@id":"https:\/\/www.immobilienbusiness.ch\/de\/unternehmen\/2025-11-03\/lancy-pfeg-plant-sechsgeschossiges-lagergebaeude\/#primaryimage","url":"https:\/\/www.immobilienbusiness.ch\/wp-content\/uploads\/2025\/11\/Ports-Francs-PFEG-zVG-Lancy.png","contentUrl":"https:\/\/www.immobilienbusiness.ch\/wp-content\/uploads\/2025\/11\/Ports-Francs-PFEG-zVG-Lancy.png","width":1200,"height":674,"caption":"Das Lagergeb\u00e4ude ist f\u00fcr hochwertige G\u00fcter vorgesehen (Visualisierung: zVg)"},{"@type":"BreadcrumbList","@id":"https:\/\/www.immobilienbusiness.ch\/de\/unternehmen\/2025-11-03\/lancy-pfeg-plant-sechsgeschossiges-lagergebaeude\/#breadcrumb","itemListElement":[{"@type":"ListItem","position":1,"name":"Home","item":"https:\/\/www.immobilienbusiness.ch\/"},{"@type":"ListItem","position":2,"name":"Lancy: PFEG plant sechsgeschossiges Lagergeb\u00e4ude"}]},{"@type":"WebSite","@id":"https:\/\/www.immobilienbusiness.ch\/#website","url":"https:\/\/www.immobilienbusiness.ch\/","name":"Affari immobiliari","description":"Rivista economica indipendente svizzera che si concentra sul settore immobiliare, l'architettura e la costruzione, nonch\u00e9 sugli investimenti e i finanziamenti.","publisher":{"@id":"https:\/\/www.immobilienbusiness.ch\/#organization"},"potentialAction":[{"@type":"SearchAction","target":{"@type":"EntryPoint","urlTemplate":"https:\/\/www.immobilienbusiness.ch\/?s={search_term_string}"},"query-input":{"@type":"PropertyValueSpecification","valueRequired":true,"valueName":"search_term_string"}}],"inLanguage":"it-IT"},{"@type":"Organization","@id":"https:\/\/www.immobilienbusiness.ch\/#organization","name":"Affari immobiliari","url":"https:\/\/www.immobilienbusiness.ch\/","logo":{"@type":"ImageObject","inLanguage":"it-IT","@id":"https:\/\/www.immobilienbusiness.ch\/#\/schema\/logo\/image\/","url":"https:\/\/www.immobilienbusiness.ch\/wp-content\/uploads\/2021\/07\/logo_ib.png","contentUrl":"https:\/\/www.immobilienbusiness.ch\/wp-content\/uploads\/2021\/07\/logo_ib.png","width":800,"height":181,"caption":"IMMOBILIEN Business"},"image":{"@id":"https:\/\/www.immobilienbusiness.ch\/#\/schema\/logo\/image\/"},"sameAs":["https:\/\/www.facebook.com\/immobilienbusiness\/"]},{"@type":"Person","@id":"https:\/\/www.immobilienbusiness.ch\/#\/schema\/person\/aba8bea2db926aa0c24c08c43fe1fcd5","name":"Alexander Wachter","image":{"@type":"ImageObject","inLanguage":"it-IT","@id":"https:\/\/secure.gravatar.com\/avatar\/1a09e471f5389b0e0a6416eac287e0927c7c97a7b77f9e787eba3af7aee281dd?s=96&d=mm&r=g","url":"https:\/\/secure.gravatar.com\/avatar\/1a09e471f5389b0e0a6416eac287e0927c7c97a7b77f9e787eba3af7aee281dd?s=96&d=mm&r=g","contentUrl":"https:\/\/secure.gravatar.com\/avatar\/1a09e471f5389b0e0a6416eac287e0927c7c97a7b77f9e787eba3af7aee281dd?s=96&d=mm&r=g","caption":"Alexander Wachter"},"url":"https:\/\/www.immobilienbusiness.ch\/it\/author\/alexander-wachter\/"}]}},"_links":{"self":[{"href":"https:\/\/www.immobilienbusiness.ch\/it\/wp-json\/wp\/v2\/posts\/66023","targetHints":{"allow":["GET"]}}],"collection":[{"href":"https:\/\/www.immobilienbusiness.ch\/it\/wp-json\/wp\/v2\/posts"}],"about":[{"href":"https:\/\/www.immobilienbusiness.ch\/it\/wp-json\/wp\/v2\/types\/post"}],"author":[{"embeddable":true,"href":"https:\/\/www.immobilienbusiness.ch\/it\/wp-json\/wp\/v2\/users\/102"}],"replies":[{"embeddable":true,"href":"https:\/\/www.immobilienbusiness.ch\/it\/wp-json\/wp\/v2\/comments?post=66023"}],"version-history":[{"count":3,"href":"https:\/\/www.immobilienbusiness.ch\/it\/wp-json\/wp\/v2\/posts\/66023\/revisions"}],"predecessor-version":[{"id":66138,"href":"https:\/\/www.immobilienbusiness.ch\/it\/wp-json\/wp\/v2\/posts\/66023\/revisions\/66138"}],"wp:featuredmedia":[{"embeddable":true,"href":"https:\/\/www.immobilienbusiness.ch\/it\/wp-json\/wp\/v2\/media\/66027"}],"wp:attachment":[{"href":"https:\/\/www.immobilienbusiness.ch\/it\/wp-json\/wp\/v2\/media?parent=66023"}],"wp:term":[{"taxonomy":"category","embeddable":true,"href":"https:\/\/www.immobilienbusiness.ch\/it\/wp-json\/wp\/v2\/categories?post=66023"},{"taxonomy":"post_tag","embeddable":true,"href":"https:\/\/www.immobilienbusiness.ch\/it\/wp-json\/wp\/v2\/tags?post=66023"}],"curies":[{"name":"wp","href":"https:\/\/api.w.org\/{rel}","templated":true}]}}