{"id":6599,"date":"2017-03-08T08:49:54","date_gmt":"2017-03-08T07:49:54","guid":{"rendered":"https:\/\/www.immobilienbusiness.ch\/?p=6599"},"modified":"2017-03-08T08:49:54","modified_gmt":"2017-03-08T07:49:54","slug":"immofonds-dominik-weber-scheidet-aus","status":"publish","type":"post","link":"https:\/\/www.immobilienbusiness.ch\/it\/unternehmen\/2017-03-08\/immofonds-dominik-weber-scheidet-aus\/","title":{"rendered":"Immofonds: Dominik Weber lascia l'azienda"},"content":{"rendered":"<figure id=\"attachment_6660\" aria-describedby=\"caption-attachment-6660\" style=\"width: 320px\" class=\"wp-caption alignnone\"><img loading=\"lazy\" decoding=\"async\" class=\"size-full wp-image-6660\" src=\"https:\/\/www.immobilienbusiness.ch\/wp-content\/uploads\/2017\/03\/Dominik-Weber-Immofonds-AGFO_Immobilien-Business_News.jpg\" alt=\"\" width=\"320\" height=\"218\" srcset=\"https:\/\/www.immobilienbusiness.ch\/wp-content\/uploads\/2017\/03\/Dominik-Weber-Immofonds-AGFO_Immobilien-Business_News.jpg 320w, https:\/\/www.immobilienbusiness.ch\/wp-content\/uploads\/2017\/03\/Dominik-Weber-Immofonds-AGFO_Immobilien-Business_News-300x204.jpg 300w, https:\/\/www.immobilienbusiness.ch\/wp-content\/uploads\/2017\/03\/Dominik-Weber-Immofonds-AGFO_Immobilien-Business_News-16x12.jpg 16w, https:\/\/www.immobilienbusiness.ch\/wp-content\/uploads\/2017\/03\/Dominik-Weber-Immofonds-AGFO_Immobilien-Business_News-257x175.jpg 257w\" sizes=\"auto, (max-width: 320px) 100vw, 320px\" \/><figcaption id=\"caption-attachment-6660\" class=\"wp-caption-text\">Dominik Weber lascer\u00e0 il Consiglio direttivo dell'AGFO alla fine di settembre (Immagine: PD)<\/figcaption><\/figure>\n<p>Dominik Weber ha gestito l'AGFO a tempo parziale negli ultimi cinque anni. Ora il consiglio di amministrazione ha deciso di ampliare la posizione a tempo pieno. Weber, tuttavia, non vuole aumentare il suo carico di lavoro part-time a causa dei suoi altri impegni professionali. Pertanto, lascer\u00e0 le sue funzioni alla fine di settembre 2017, ha annunciato il Consiglio di amministrazione dell'AGFO.<\/p>\n<p>Oltre a lavorare per AGFO\/Immofonds, Weber \u00e8 anche socio amministratore, presidente del consiglio di amministrazione e principale proprietario del gruppo Kuoni M\u00fcller &amp; Partner, vicepresidente dell'Associazione delle societ\u00e0 immobiliari di Zurigo VZI, membro del consiglio di amministrazione di Plazza AG e insegna al CUREM e in diverse universit\u00e0 di scienze applicate.<\/p>\n<h2>\u00c8 iniziata la ricerca di un successore<\/h2>\n<p>Secondo il Consiglio di amministrazione, la ricerca di un successore \u00e8 gi\u00e0 stata avviata.  \"Dominik Weber ha gestito l'Immofonds con prudenza negli ultimi anni, ha ringiovanito e ampliato il portafoglio immobiliare con progetti nuovi e di conversione e ha continuato a concentrare il portafoglio su immobili residenziali. Siamo molto dispiaciuti per la sua decisione e ringraziamo di cuore Dominik Weber per il suo prezioso impegno\", afferma Othmar St\u00f6ckli, Presidente del Consiglio di Amministrazione dell'AGFO.<\/p>\n<p>Con un patrimonio di oltre 1,3 miliardi di franchi svizzeri, Immofonds \u00e8 uno dei dieci maggiori fondi immobiliari quotati in Svizzera. Investe esclusivamente in beni immobili svizzeri, principalmente in immobili residenziali in centri urbani e agglomerati con rendimenti superiori alla media.<\/p>\n<p>&nbsp;<\/p>","protected":false},"excerpt":{"rendered":"<p>Dominik Weber si dimette dalla carica di Presidente del Consiglio di amministrazione di AG f\u00fcr Fondverwaltung AGFO a partire dal 30 settembre. AGFO \u00e8 la societ\u00e0 di gestione dei fondi dell'Immofonds.<\/p>","protected":false},"author":3,"featured_media":6660,"comment_status":"open","ping_status":"open","sticky":false,"template":"","format":"standard","meta":{"_acf_changed":false,"_yoast_wpseo_focuskw":"Dominik Weber","_yoast_wpseo_title":"","_yoast_wpseo_metadesc":"Dominik Weber tritt per 30. September als Vorsitzender der Gesch\u00e4ftsleitung der AG f\u00fcr Fondverwaltung AGFO zur\u00fcck.","_yoast_wpseo_linkdex":87,"pgc_sgb_lightbox_settings":"","footnotes":""},"categories":[988],"tags":[1344,1563],"class_list":["post-6599","post","type-post","status-publish","format-standard","has-post-thumbnail","hentry","category-unternehmen","tag-immobilienfonds","tag-personalia"],"acf":[],"yoast_head":"<!-- This site is optimized with the Yoast SEO plugin v27.5 - https:\/\/yoast.com\/product\/yoast-seo-wordpress\/ -->\n<title>Immofonds: Dominik Weber scheidet aus - IMMOBILIEN Business<\/title>\n<meta name=\"description\" content=\"Dominik Weber tritt per 30. September als Vorsitzender der Gesch\u00e4ftsleitung der AG f\u00fcr Fondverwaltung AGFO zur\u00fcck.\" \/>\n<meta name=\"robots\" content=\"index, follow, max-snippet:-1, max-image-preview:large, max-video-preview:-1\" \/>\n<link rel=\"canonical\" href=\"https:\/\/www.immobilienbusiness.ch\/it\/unternehmen\/2017-03-08\/immofonds-dominik-weber-scheidet-aus\/\" \/>\n<meta property=\"og:locale\" content=\"it_IT\" \/>\n<meta property=\"og:type\" content=\"article\" \/>\n<meta property=\"og:title\" content=\"Immofonds: Dominik Weber scheidet aus\" \/>\n<meta property=\"og:description\" content=\"Dominik Weber tritt per 30. September als Vorsitzender der Gesch\u00e4ftsleitung der AG f\u00fcr Fondverwaltung AGFO zur\u00fcck. Die AGFO ist die Fondsleitungsgesellschaft des Immofonds.\" \/>\n<meta property=\"og:url\" content=\"https:\/\/www.immobilienbusiness.ch\/it\/unternehmen\/2017-03-08\/immofonds-dominik-weber-scheidet-aus\/\" \/>\n<meta property=\"og:site_name\" content=\"IMMOBILIEN Business\" \/>\n<meta property=\"article:publisher\" content=\"https:\/\/www.facebook.com\/immobilienbusiness\/\" \/>\n<meta property=\"article:published_time\" content=\"2017-03-08T07:49:54+00:00\" \/>\n<meta property=\"og:image\" content=\"https:\/\/www.immobilienbusiness.ch\/wp-content\/uploads\/2017\/03\/Dominik-Weber.jpg\" \/>\n\t<meta property=\"og:image:width\" content=\"320\" \/>\n\t<meta property=\"og:image:height\" content=\"320\" \/>\n\t<meta property=\"og:image:type\" content=\"image\/jpeg\" \/>\n<meta name=\"author\" content=\"anja.hall\" \/>\n<meta name=\"twitter:card\" content=\"summary_large_image\" \/>\n<meta name=\"twitter:title\" content=\"Dominik Weber tritt per 30. September als Vorsitzender der Gesch\u00e4ftsleitung der AG f\u00fcr Fondverwaltung AGFO zur\u00fcck. Die AGFO ist die Fondsleitungsgesellschaft des Immofonds.\" \/>\n<meta name=\"twitter:description\" content=\"Dominik Weber tritt per 30. September als Vorsitzender der Gesch\u00e4ftsleitung der AG f\u00fcr Fondverwaltung AGFO zur\u00fcck. Die AGFO ist die Fondsleitungsgesellschaft des Immofonds.\" \/>\n<meta name=\"twitter:image\" content=\"https:\/\/www.immobilienbusiness.ch\/wp-content\/uploads\/2017\/03\/Dominik-Weber.jpg\" \/>\n<script type=\"application\/ld+json\" class=\"yoast-schema-graph\">{\"@context\":\"https:\\\/\\\/schema.org\",\"@graph\":[{\"@type\":\"Article\",\"@id\":\"https:\\\/\\\/www.immobilienbusiness.ch\\\/unternehmen\\\/2017-03-08\\\/immofonds-dominik-weber-scheidet-aus\\\/#article\",\"isPartOf\":{\"@id\":\"https:\\\/\\\/www.immobilienbusiness.ch\\\/unternehmen\\\/2017-03-08\\\/immofonds-dominik-weber-scheidet-aus\\\/\"},\"author\":{\"name\":\"anja.hall\",\"@id\":\"https:\\\/\\\/www.immobilienbusiness.ch\\\/#\\\/schema\\\/person\\\/3fc036297b10b9f42d6db5ee932af8c8\"},\"headline\":\"Immofonds: Dominik Weber scheidet aus\",\"datePublished\":\"2017-03-08T07:49:54+00:00\",\"mainEntityOfPage\":{\"@id\":\"https:\\\/\\\/www.immobilienbusiness.ch\\\/unternehmen\\\/2017-03-08\\\/immofonds-dominik-weber-scheidet-aus\\\/\"},\"wordCount\":244,\"commentCount\":0,\"publisher\":{\"@id\":\"https:\\\/\\\/www.immobilienbusiness.ch\\\/#organization\"},\"image\":{\"@id\":\"https:\\\/\\\/www.immobilienbusiness.ch\\\/unternehmen\\\/2017-03-08\\\/immofonds-dominik-weber-scheidet-aus\\\/#primaryimage\"},\"thumbnailUrl\":\"https:\\\/\\\/www.immobilienbusiness.ch\\\/wp-content\\\/uploads\\\/2017\\\/03\\\/Dominik-Weber-Immofonds-AGFO_Immobilien-Business_News.jpg\",\"keywords\":[\"Immobilienfonds\",\"Personalia\"],\"articleSection\":[\"UNTERNEHMEN\"],\"inLanguage\":\"it-IT\"},{\"@type\":\"WebPage\",\"@id\":\"https:\\\/\\\/www.immobilienbusiness.ch\\\/unternehmen\\\/2017-03-08\\\/immofonds-dominik-weber-scheidet-aus\\\/\",\"url\":\"https:\\\/\\\/www.immobilienbusiness.ch\\\/unternehmen\\\/2017-03-08\\\/immofonds-dominik-weber-scheidet-aus\\\/\",\"name\":\"Immofonds: Dominik Weber scheidet aus - IMMOBILIEN Business\",\"isPartOf\":{\"@id\":\"https:\\\/\\\/www.immobilienbusiness.ch\\\/#website\"},\"primaryImageOfPage\":{\"@id\":\"https:\\\/\\\/www.immobilienbusiness.ch\\\/unternehmen\\\/2017-03-08\\\/immofonds-dominik-weber-scheidet-aus\\\/#primaryimage\"},\"image\":{\"@id\":\"https:\\\/\\\/www.immobilienbusiness.ch\\\/unternehmen\\\/2017-03-08\\\/immofonds-dominik-weber-scheidet-aus\\\/#primaryimage\"},\"thumbnailUrl\":\"https:\\\/\\\/www.immobilienbusiness.ch\\\/wp-content\\\/uploads\\\/2017\\\/03\\\/Dominik-Weber-Immofonds-AGFO_Immobilien-Business_News.jpg\",\"datePublished\":\"2017-03-08T07:49:54+00:00\",\"description\":\"Dominik Weber tritt per 30. September als Vorsitzender der Gesch\u00e4ftsleitung der AG f\u00fcr Fondverwaltung AGFO zur\u00fcck.\",\"breadcrumb\":{\"@id\":\"https:\\\/\\\/www.immobilienbusiness.ch\\\/unternehmen\\\/2017-03-08\\\/immofonds-dominik-weber-scheidet-aus\\\/#breadcrumb\"},\"inLanguage\":\"it-IT\",\"potentialAction\":[{\"@type\":\"ReadAction\",\"target\":[\"https:\\\/\\\/www.immobilienbusiness.ch\\\/unternehmen\\\/2017-03-08\\\/immofonds-dominik-weber-scheidet-aus\\\/\"]}]},{\"@type\":\"ImageObject\",\"inLanguage\":\"it-IT\",\"@id\":\"https:\\\/\\\/www.immobilienbusiness.ch\\\/unternehmen\\\/2017-03-08\\\/immofonds-dominik-weber-scheidet-aus\\\/#primaryimage\",\"url\":\"https:\\\/\\\/www.immobilienbusiness.ch\\\/wp-content\\\/uploads\\\/2017\\\/03\\\/Dominik-Weber-Immofonds-AGFO_Immobilien-Business_News.jpg\",\"contentUrl\":\"https:\\\/\\\/www.immobilienbusiness.ch\\\/wp-content\\\/uploads\\\/2017\\\/03\\\/Dominik-Weber-Immofonds-AGFO_Immobilien-Business_News.jpg\",\"width\":320,\"height\":218,\"caption\":\"Dominik Weber verl\u00e4sst die AGFO-Gesch\u00e4ftsleitung auf Ende September (Bild: PD)\"},{\"@type\":\"BreadcrumbList\",\"@id\":\"https:\\\/\\\/www.immobilienbusiness.ch\\\/unternehmen\\\/2017-03-08\\\/immofonds-dominik-weber-scheidet-aus\\\/#breadcrumb\",\"itemListElement\":[{\"@type\":\"ListItem\",\"position\":1,\"name\":\"Home\",\"item\":\"https:\\\/\\\/www.immobilienbusiness.ch\\\/\"},{\"@type\":\"ListItem\",\"position\":2,\"name\":\"Immofonds: Dominik Weber scheidet aus\"}]},{\"@type\":\"WebSite\",\"@id\":\"https:\\\/\\\/www.immobilienbusiness.ch\\\/#website\",\"url\":\"https:\\\/\\\/www.immobilienbusiness.ch\\\/\",\"name\":\"IMMOBILIEN Business\",\"description\":\"Unabh\u00e4ngiges Schweizer Wirtschaftsmagazin mit Fokus auf Immobilien, Architektur- und Bau sowie Investment- und Finanzierung.\",\"publisher\":{\"@id\":\"https:\\\/\\\/www.immobilienbusiness.ch\\\/#organization\"},\"potentialAction\":[{\"@type\":\"SearchAction\",\"target\":{\"@type\":\"EntryPoint\",\"urlTemplate\":\"https:\\\/\\\/www.immobilienbusiness.ch\\\/?s={search_term_string}\"},\"query-input\":{\"@type\":\"PropertyValueSpecification\",\"valueRequired\":true,\"valueName\":\"search_term_string\"}}],\"inLanguage\":\"it-IT\"},{\"@type\":\"Organization\",\"@id\":\"https:\\\/\\\/www.immobilienbusiness.ch\\\/#organization\",\"name\":\"IMMOBILIEN Business\",\"url\":\"https:\\\/\\\/www.immobilienbusiness.ch\\\/\",\"logo\":{\"@type\":\"ImageObject\",\"inLanguage\":\"it-IT\",\"@id\":\"https:\\\/\\\/www.immobilienbusiness.ch\\\/#\\\/schema\\\/logo\\\/image\\\/\",\"url\":\"https:\\\/\\\/www.immobilienbusiness.ch\\\/wp-content\\\/uploads\\\/2021\\\/07\\\/logo_ib.png\",\"contentUrl\":\"https:\\\/\\\/www.immobilienbusiness.ch\\\/wp-content\\\/uploads\\\/2021\\\/07\\\/logo_ib.png\",\"width\":800,\"height\":181,\"caption\":\"IMMOBILIEN Business\"},\"image\":{\"@id\":\"https:\\\/\\\/www.immobilienbusiness.ch\\\/#\\\/schema\\\/logo\\\/image\\\/\"},\"sameAs\":[\"https:\\\/\\\/www.facebook.com\\\/immobilienbusiness\\\/\"]},{\"@type\":\"Person\",\"@id\":\"https:\\\/\\\/www.immobilienbusiness.ch\\\/#\\\/schema\\\/person\\\/3fc036297b10b9f42d6db5ee932af8c8\",\"name\":\"anja.hall\",\"image\":{\"@type\":\"ImageObject\",\"inLanguage\":\"it-IT\",\"@id\":\"https:\\\/\\\/secure.gravatar.com\\\/avatar\\\/066b5a0d447013502c71a5782f4f3469f03cfe595cc2329fb94652fe47511bfb?s=96&d=mm&r=g\",\"url\":\"https:\\\/\\\/secure.gravatar.com\\\/avatar\\\/066b5a0d447013502c71a5782f4f3469f03cfe595cc2329fb94652fe47511bfb?s=96&d=mm&r=g\",\"contentUrl\":\"https:\\\/\\\/secure.gravatar.com\\\/avatar\\\/066b5a0d447013502c71a5782f4f3469f03cfe595cc2329fb94652fe47511bfb?s=96&d=mm&r=g\",\"caption\":\"anja.hall\"},\"url\":\"https:\\\/\\\/www.immobilienbusiness.ch\\\/it\\\/author\\\/anja-hall\\\/\"}]}<\/script>\n<!-- \/ Yoast SEO plugin. -->","yoast_head_json":{"title":"Immofonds: Dominik Weber lascia l'azienda - IMMOBILIEN Business","description":"Dominik Weber si dimette dalla carica di Presidente del Consiglio di amministrazione di AG f\u00fcr Fondverwaltung AGFO con effetto dal 30 settembre.","robots":{"index":"index","follow":"follow","max-snippet":"max-snippet:-1","max-image-preview":"max-image-preview:large","max-video-preview":"max-video-preview:-1"},"canonical":"https:\/\/www.immobilienbusiness.ch\/it\/unternehmen\/2017-03-08\/immofonds-dominik-weber-scheidet-aus\/","og_locale":"it_IT","og_type":"article","og_title":"Immofonds: Dominik Weber scheidet aus","og_description":"Dominik Weber tritt per 30. September als Vorsitzender der Gesch\u00e4ftsleitung der AG f\u00fcr Fondverwaltung AGFO zur\u00fcck. Die AGFO ist die Fondsleitungsgesellschaft des Immofonds.","og_url":"https:\/\/www.immobilienbusiness.ch\/it\/unternehmen\/2017-03-08\/immofonds-dominik-weber-scheidet-aus\/","og_site_name":"IMMOBILIEN Business","article_publisher":"https:\/\/www.facebook.com\/immobilienbusiness\/","article_published_time":"2017-03-08T07:49:54+00:00","og_image":[{"width":320,"height":320,"url":"https:\/\/www.immobilienbusiness.ch\/wp-content\/uploads\/2017\/03\/Dominik-Weber.jpg","type":"image\/jpeg"}],"author":"anja.hall","twitter_card":"summary_large_image","twitter_title":"Dominik Weber tritt per 30. September als Vorsitzender der Gesch\u00e4ftsleitung der AG f\u00fcr Fondverwaltung AGFO zur\u00fcck. Die AGFO ist die Fondsleitungsgesellschaft des Immofonds.","twitter_description":"Dominik Weber tritt per 30. September als Vorsitzender der Gesch\u00e4ftsleitung der AG f\u00fcr Fondverwaltung AGFO zur\u00fcck. Die AGFO ist die Fondsleitungsgesellschaft des Immofonds.","twitter_image":"https:\/\/www.immobilienbusiness.ch\/wp-content\/uploads\/2017\/03\/Dominik-Weber.jpg","schema":{"@context":"https:\/\/schema.org","@graph":[{"@type":"Article","@id":"https:\/\/www.immobilienbusiness.ch\/unternehmen\/2017-03-08\/immofonds-dominik-weber-scheidet-aus\/#article","isPartOf":{"@id":"https:\/\/www.immobilienbusiness.ch\/unternehmen\/2017-03-08\/immofonds-dominik-weber-scheidet-aus\/"},"author":{"name":"anja.hall","@id":"https:\/\/www.immobilienbusiness.ch\/#\/schema\/person\/3fc036297b10b9f42d6db5ee932af8c8"},"headline":"Immofonds: Dominik Weber scheidet aus","datePublished":"2017-03-08T07:49:54+00:00","mainEntityOfPage":{"@id":"https:\/\/www.immobilienbusiness.ch\/unternehmen\/2017-03-08\/immofonds-dominik-weber-scheidet-aus\/"},"wordCount":244,"commentCount":0,"publisher":{"@id":"https:\/\/www.immobilienbusiness.ch\/#organization"},"image":{"@id":"https:\/\/www.immobilienbusiness.ch\/unternehmen\/2017-03-08\/immofonds-dominik-weber-scheidet-aus\/#primaryimage"},"thumbnailUrl":"https:\/\/www.immobilienbusiness.ch\/wp-content\/uploads\/2017\/03\/Dominik-Weber-Immofonds-AGFO_Immobilien-Business_News.jpg","keywords":["Immobilienfonds","Personalia"],"articleSection":["UNTERNEHMEN"],"inLanguage":"it-IT"},{"@type":"WebPage","@id":"https:\/\/www.immobilienbusiness.ch\/unternehmen\/2017-03-08\/immofonds-dominik-weber-scheidet-aus\/","url":"https:\/\/www.immobilienbusiness.ch\/unternehmen\/2017-03-08\/immofonds-dominik-weber-scheidet-aus\/","name":"Immofonds: Dominik Weber lascia l'azienda - IMMOBILIEN Business","isPartOf":{"@id":"https:\/\/www.immobilienbusiness.ch\/#website"},"primaryImageOfPage":{"@id":"https:\/\/www.immobilienbusiness.ch\/unternehmen\/2017-03-08\/immofonds-dominik-weber-scheidet-aus\/#primaryimage"},"image":{"@id":"https:\/\/www.immobilienbusiness.ch\/unternehmen\/2017-03-08\/immofonds-dominik-weber-scheidet-aus\/#primaryimage"},"thumbnailUrl":"https:\/\/www.immobilienbusiness.ch\/wp-content\/uploads\/2017\/03\/Dominik-Weber-Immofonds-AGFO_Immobilien-Business_News.jpg","datePublished":"2017-03-08T07:49:54+00:00","description":"Dominik Weber si dimette dalla carica di Presidente del Consiglio di amministrazione di AG f\u00fcr Fondverwaltung AGFO con effetto dal 30 settembre.","breadcrumb":{"@id":"https:\/\/www.immobilienbusiness.ch\/unternehmen\/2017-03-08\/immofonds-dominik-weber-scheidet-aus\/#breadcrumb"},"inLanguage":"it-IT","potentialAction":[{"@type":"ReadAction","target":["https:\/\/www.immobilienbusiness.ch\/unternehmen\/2017-03-08\/immofonds-dominik-weber-scheidet-aus\/"]}]},{"@type":"ImageObject","inLanguage":"it-IT","@id":"https:\/\/www.immobilienbusiness.ch\/unternehmen\/2017-03-08\/immofonds-dominik-weber-scheidet-aus\/#primaryimage","url":"https:\/\/www.immobilienbusiness.ch\/wp-content\/uploads\/2017\/03\/Dominik-Weber-Immofonds-AGFO_Immobilien-Business_News.jpg","contentUrl":"https:\/\/www.immobilienbusiness.ch\/wp-content\/uploads\/2017\/03\/Dominik-Weber-Immofonds-AGFO_Immobilien-Business_News.jpg","width":320,"height":218,"caption":"Dominik Weber verl\u00e4sst die AGFO-Gesch\u00e4ftsleitung auf Ende September (Bild: PD)"},{"@type":"BreadcrumbList","@id":"https:\/\/www.immobilienbusiness.ch\/unternehmen\/2017-03-08\/immofonds-dominik-weber-scheidet-aus\/#breadcrumb","itemListElement":[{"@type":"ListItem","position":1,"name":"Home","item":"https:\/\/www.immobilienbusiness.ch\/"},{"@type":"ListItem","position":2,"name":"Immofonds: Dominik Weber scheidet aus"}]},{"@type":"WebSite","@id":"https:\/\/www.immobilienbusiness.ch\/#website","url":"https:\/\/www.immobilienbusiness.ch\/","name":"Affari immobiliari","description":"Rivista economica indipendente svizzera che si concentra sul settore immobiliare, l'architettura e la costruzione, nonch\u00e9 sugli investimenti e i finanziamenti.","publisher":{"@id":"https:\/\/www.immobilienbusiness.ch\/#organization"},"potentialAction":[{"@type":"SearchAction","target":{"@type":"EntryPoint","urlTemplate":"https:\/\/www.immobilienbusiness.ch\/?s={search_term_string}"},"query-input":{"@type":"PropertyValueSpecification","valueRequired":true,"valueName":"search_term_string"}}],"inLanguage":"it-IT"},{"@type":"Organization","@id":"https:\/\/www.immobilienbusiness.ch\/#organization","name":"Affari immobiliari","url":"https:\/\/www.immobilienbusiness.ch\/","logo":{"@type":"ImageObject","inLanguage":"it-IT","@id":"https:\/\/www.immobilienbusiness.ch\/#\/schema\/logo\/image\/","url":"https:\/\/www.immobilienbusiness.ch\/wp-content\/uploads\/2021\/07\/logo_ib.png","contentUrl":"https:\/\/www.immobilienbusiness.ch\/wp-content\/uploads\/2021\/07\/logo_ib.png","width":800,"height":181,"caption":"IMMOBILIEN Business"},"image":{"@id":"https:\/\/www.immobilienbusiness.ch\/#\/schema\/logo\/image\/"},"sameAs":["https:\/\/www.facebook.com\/immobilienbusiness\/"]},{"@type":"Person","@id":"https:\/\/www.immobilienbusiness.ch\/#\/schema\/person\/3fc036297b10b9f42d6db5ee932af8c8","name":"anja.hall","image":{"@type":"ImageObject","inLanguage":"it-IT","@id":"https:\/\/secure.gravatar.com\/avatar\/066b5a0d447013502c71a5782f4f3469f03cfe595cc2329fb94652fe47511bfb?s=96&d=mm&r=g","url":"https:\/\/secure.gravatar.com\/avatar\/066b5a0d447013502c71a5782f4f3469f03cfe595cc2329fb94652fe47511bfb?s=96&d=mm&r=g","contentUrl":"https:\/\/secure.gravatar.com\/avatar\/066b5a0d447013502c71a5782f4f3469f03cfe595cc2329fb94652fe47511bfb?s=96&d=mm&r=g","caption":"anja.hall"},"url":"https:\/\/www.immobilienbusiness.ch\/it\/author\/anja-hall\/"}]}},"_links":{"self":[{"href":"https:\/\/www.immobilienbusiness.ch\/it\/wp-json\/wp\/v2\/posts\/6599","targetHints":{"allow":["GET"]}}],"collection":[{"href":"https:\/\/www.immobilienbusiness.ch\/it\/wp-json\/wp\/v2\/posts"}],"about":[{"href":"https:\/\/www.immobilienbusiness.ch\/it\/wp-json\/wp\/v2\/types\/post"}],"author":[{"embeddable":true,"href":"https:\/\/www.immobilienbusiness.ch\/it\/wp-json\/wp\/v2\/users\/3"}],"replies":[{"embeddable":true,"href":"https:\/\/www.immobilienbusiness.ch\/it\/wp-json\/wp\/v2\/comments?post=6599"}],"version-history":[{"count":0,"href":"https:\/\/www.immobilienbusiness.ch\/it\/wp-json\/wp\/v2\/posts\/6599\/revisions"}],"wp:featuredmedia":[{"embeddable":true,"href":"https:\/\/www.immobilienbusiness.ch\/it\/wp-json\/wp\/v2\/media\/6660"}],"wp:attachment":[{"href":"https:\/\/www.immobilienbusiness.ch\/it\/wp-json\/wp\/v2\/media?parent=6599"}],"wp:term":[{"taxonomy":"category","embeddable":true,"href":"https:\/\/www.immobilienbusiness.ch\/it\/wp-json\/wp\/v2\/categories?post=6599"},{"taxonomy":"post_tag","embeddable":true,"href":"https:\/\/www.immobilienbusiness.ch\/it\/wp-json\/wp\/v2\/tags?post=6599"}],"curies":[{"name":"wp","href":"https:\/\/api.w.org\/{rel}","templated":true}]}}