{"id":65978,"date":"2025-10-30T07:00:35","date_gmt":"2025-10-30T06:00:35","guid":{"rendered":"https:\/\/www.immobilienbusiness.ch\/?p=65978"},"modified":"2025-11-04T12:32:17","modified_gmt":"2025-11-04T11:32:17","slug":"zuerich-das-haus-zum-falken-ist-fertig","status":"publish","type":"post","link":"https:\/\/www.immobilienbusiness.ch\/it\/unternehmen\/2025-10-30\/zuerich-das-haus-zum-falken-ist-fertig\/","title":{"rendered":"Zurigo: la \u00abHaus zum Falken\u00bb \u00e8 terminata"},"content":{"rendered":"<figure id=\"attachment_65981\" aria-describedby=\"caption-attachment-65981\" style=\"width: 1200px\" class=\"wp-caption alignnone\"><a href=\"https:\/\/www.immobilienbusiness.ch\/wp-content\/uploads\/2025\/10\/Falken-Zuerich-Axa-zVg-HzF-Aussen2-scaled.jpg\"><img loading=\"lazy\" decoding=\"async\" class=\"wp-image-65981 size-full\" src=\"https:\/\/www.immobilienbusiness.ch\/wp-content\/uploads\/2025\/10\/Falken-Zuerich-Axa-zVg-HzF-Aussen2-scaled.jpg\" alt=\"\" width=\"1200\" height=\"926\" srcset=\"https:\/\/www.immobilienbusiness.ch\/wp-content\/uploads\/2025\/10\/Falken-Zuerich-Axa-zVg-HzF-Aussen2-scaled.jpg 1200w, https:\/\/www.immobilienbusiness.ch\/wp-content\/uploads\/2025\/10\/Falken-Zuerich-Axa-zVg-HzF-Aussen2-300x231.jpg 300w, https:\/\/www.immobilienbusiness.ch\/wp-content\/uploads\/2025\/10\/Falken-Zuerich-Axa-zVg-HzF-Aussen2-1024x790.jpg 1024w, https:\/\/www.immobilienbusiness.ch\/wp-content\/uploads\/2025\/10\/Falken-Zuerich-Axa-zVg-HzF-Aussen2-768x592.jpg 768w, https:\/\/www.immobilienbusiness.ch\/wp-content\/uploads\/2025\/10\/Falken-Zuerich-Axa-zVg-HzF-Aussen2-1536x1185.jpg 1536w, https:\/\/www.immobilienbusiness.ch\/wp-content\/uploads\/2025\/10\/Falken-Zuerich-Axa-zVg-HzF-Aussen2-2048x1579.jpg 2048w, https:\/\/www.immobilienbusiness.ch\/wp-content\/uploads\/2025\/10\/Falken-Zuerich-Axa-zVg-HzF-Aussen2-16x12.jpg 16w, https:\/\/www.immobilienbusiness.ch\/wp-content\/uploads\/2025\/10\/Falken-Zuerich-Axa-zVg-HzF-Aussen2-375x289.jpg 375w, https:\/\/www.immobilienbusiness.ch\/wp-content\/uploads\/2025\/10\/Falken-Zuerich-Axa-zVg-HzF-Aussen2-454x350.jpg 454w, https:\/\/www.immobilienbusiness.ch\/wp-content\/uploads\/2025\/10\/Falken-Zuerich-Axa-zVg-HzF-Aussen2-1000x771.jpg 1000w\" sizes=\"auto, (max-width: 1200px) 100vw, 1200px\" \/><\/a><figcaption id=\"caption-attachment-65981\" class=\"wp-caption-text\">La Haus zum Falken (Immagine: Ingo Rasp)<\/figcaption><\/figure>\n<p>Il progetto del nuovo edificio della Axa Investment Foundation presso la stazione ferroviaria di Stadelhofen \u00e8 stato completato. Secondo le informazioni fornite, tutti i piani sono stati affittati e sono iniziati i primi lavori interni da parte degli inquilini. La costruzione dell'imponente edificio, progettato dall'architetto Santiago Calatrava, ha richiesto circa due anni e mezzo. Axa parla di un \u00abinconfondibile accento urbano nella posizione pi\u00f9 centrale\u00bb.<\/p>\n<p>Il progetto \u00e8 stato completato nei tempi previsti, afferma Dominik Arioli, responsabile Sviluppo e Costruzione di Axa Investment Managers, che ora fa parte del Gruppo BNP Paribas. \u00ab\u00c8 altrettanto piacevole che il piano terra e i quattro piani superiori siano stati affittati completamente\u00bb, continua Arioli. Le prime consegne sono avvenute all'inizio di settembre. \u00c8 in corso anche l'allestimento dello spazio al piano terra da parte della Confiserie Bachmann.<\/p>\n<p>I quattro piani superiori ospiteranno vari servizi medici, tra cui medicina interna e chirurgia orale e maxillo-facciale, nonch\u00e9 l'Ospedale Zollikerberg, che vi gestir\u00e0 il suo Centro di Permanenza Femminile di Zurigo. L'apertura degli spazi al piano superiore sar\u00e0 scaglionata nel corso del prossimo anno e, secondo quanto riferito, dipender\u00e0 dai programmi dei rispettivi inquilini.<\/p>\n<h3>\u00abFlussi di movimento pi\u00f9 fluidi\u00bb<\/h3>\n<p>L'architetto spagnolo Santiago Calatrava aveva gi\u00e0 progettato e realizzato la vicina stazione ferroviaria di Stadelhofen con il suo stile inconfondibile. La pianta del piano terra della \u00abHaus zum Falken\u00bb \u00e8 stata ridimensionata rispetto all'edificio originale: \u00abIl riferimento urbanistico \u00e8 stato molto importante per me fin dall'inizio\u00bb, afferma l'architetto stesso, descrivendo il suo approccio. \u00abIl flusso di pedoni tra la stazione e il quartiere \u00e8 ora molto pi\u00f9 aperto e fluido\u00bb.<\/p>\n<p>Per conto della citt\u00e0 di Zurigo, nel seminterrato dell'edificio si sta costruendo una stazione di biciclette con circa 800 posti auto. \u00c8 in fase di completamento e fornir\u00e0 un accesso diretto alla stazione ferroviaria di Stadelhofen. <em>(aw)<\/em><\/p>","protected":false},"excerpt":{"rendered":"<p>L'edificio, opera dell'architetto Santiago Calatrava, pone un nuovo accento sul design urbano. Il proprietario Axa riferisce di aver occupato completamente l'edificio.<\/p>","protected":false},"author":102,"featured_media":65981,"comment_status":"closed","ping_status":"closed","sticky":false,"template":"","format":"standard","meta":{"_acf_changed":false,"_yoast_wpseo_focuskw":"Z\u00fcrich","_yoast_wpseo_title":"","_yoast_wpseo_metadesc":"Der Bau des Architekten Santiago Calatrava setzt einen neuen st\u00e4dtebaulichen Akzent. Eigent\u00fcmer Axa meldet Vollvermietung.","_yoast_wpseo_linkdex":70,"pgc_sgb_lightbox_settings":"","footnotes":""},"categories":[988],"tags":[1039,2052,1118,1219,1254,1643,1832,1888],"class_list":["post-65978","post","type-post","status-publish","format-standard","has-post-thumbnail","hentry","category-unternehmen","tag-architektur","tag-axa-anlagestiftung","tag-buero","tag-fertigstellung","tag-gastronomie","tag-retail","tag-vermietung","tag-zuerich"],"acf":[],"yoast_head":"<!-- This site is optimized with the Yoast SEO plugin v27.4 - https:\/\/yoast.com\/product\/yoast-seo-wordpress\/ -->\n<title>Z\u00fcrich: Das \u00abHaus zum Falken\u00bb ist fertig - IMMOBILIEN Business<\/title>\n<meta name=\"description\" content=\"Der Bau des Architekten Santiago Calatrava setzt einen neuen st\u00e4dtebaulichen Akzent. Eigent\u00fcmer Axa meldet Vollvermietung.\" \/>\n<meta name=\"robots\" content=\"index, follow, max-snippet:-1, max-image-preview:large, max-video-preview:-1\" \/>\n<link rel=\"canonical\" href=\"https:\/\/www.immobilienbusiness.ch\/it\/unternehmen\/2025-10-30\/zuerich-das-haus-zum-falken-ist-fertig\/\" \/>\n<meta property=\"og:locale\" content=\"it_IT\" \/>\n<meta property=\"og:type\" content=\"article\" \/>\n<meta property=\"og:title\" content=\"Z\u00fcrich: Das \u00abHaus zum Falken\u00bb ist fertig - IMMOBILIEN Business\" \/>\n<meta property=\"og:description\" content=\"Der Bau des Architekten Santiago Calatrava setzt einen neuen st\u00e4dtebaulichen Akzent. Eigent\u00fcmer Axa meldet Vollvermietung.\" \/>\n<meta property=\"og:url\" content=\"https:\/\/www.immobilienbusiness.ch\/it\/unternehmen\/2025-10-30\/zuerich-das-haus-zum-falken-ist-fertig\/\" \/>\n<meta property=\"og:site_name\" content=\"IMMOBILIEN Business\" \/>\n<meta property=\"article:publisher\" content=\"https:\/\/www.facebook.com\/immobilienbusiness\/\" \/>\n<meta property=\"article:published_time\" content=\"2025-10-30T06:00:35+00:00\" \/>\n<meta property=\"article:modified_time\" content=\"2025-11-04T11:32:17+00:00\" \/>\n<meta property=\"og:image\" content=\"https:\/\/www.immobilienbusiness.ch\/wp-content\/uploads\/2025\/10\/Falken-Zuerich-Axa-zVg-HzF-Aussen2-scaled.jpg\" \/>\n\t<meta property=\"og:image:width\" content=\"1200\" \/>\n\t<meta property=\"og:image:height\" content=\"926\" \/>\n\t<meta property=\"og:image:type\" content=\"image\/jpeg\" \/>\n<meta name=\"author\" content=\"Alexander Wachter\" \/>\n<meta name=\"twitter:card\" content=\"summary_large_image\" \/>\n<script type=\"application\/ld+json\" class=\"yoast-schema-graph\">{\"@context\":\"https:\\\/\\\/schema.org\",\"@graph\":[{\"@type\":\"Article\",\"@id\":\"https:\\\/\\\/www.immobilienbusiness.ch\\\/de\\\/unternehmen\\\/2025-10-30\\\/zuerich-das-haus-zum-falken-ist-fertig\\\/#article\",\"isPartOf\":{\"@id\":\"https:\\\/\\\/www.immobilienbusiness.ch\\\/de\\\/unternehmen\\\/2025-10-30\\\/zuerich-das-haus-zum-falken-ist-fertig\\\/\"},\"author\":{\"name\":\"Alexander Wachter\",\"@id\":\"https:\\\/\\\/www.immobilienbusiness.ch\\\/#\\\/schema\\\/person\\\/aba8bea2db926aa0c24c08c43fe1fcd5\"},\"headline\":\"Z\u00fcrich: Das \u00abHaus zum Falken\u00bb ist fertig\",\"datePublished\":\"2025-10-30T06:00:35+00:00\",\"dateModified\":\"2025-11-04T11:32:17+00:00\",\"mainEntityOfPage\":{\"@id\":\"https:\\\/\\\/www.immobilienbusiness.ch\\\/de\\\/unternehmen\\\/2025-10-30\\\/zuerich-das-haus-zum-falken-ist-fertig\\\/\"},\"wordCount\":305,\"publisher\":{\"@id\":\"https:\\\/\\\/www.immobilienbusiness.ch\\\/#organization\"},\"image\":{\"@id\":\"https:\\\/\\\/www.immobilienbusiness.ch\\\/de\\\/unternehmen\\\/2025-10-30\\\/zuerich-das-haus-zum-falken-ist-fertig\\\/#primaryimage\"},\"thumbnailUrl\":\"https:\\\/\\\/www.immobilienbusiness.ch\\\/wp-content\\\/uploads\\\/2025\\\/10\\\/Falken-Zuerich-Axa-zVg-HzF-Aussen2-scaled.jpg\",\"keywords\":[\"Architektur\",\"Axa Anlagestiftung\",\"B\u00fcro\",\"Fertigstellung\",\"Gastronomie\",\"Retail\",\"Vermietung\",\"Z\u00fcrich\"],\"articleSection\":[\"UNTERNEHMEN\"],\"inLanguage\":\"it-IT\"},{\"@type\":\"WebPage\",\"@id\":\"https:\\\/\\\/www.immobilienbusiness.ch\\\/de\\\/unternehmen\\\/2025-10-30\\\/zuerich-das-haus-zum-falken-ist-fertig\\\/\",\"url\":\"https:\\\/\\\/www.immobilienbusiness.ch\\\/de\\\/unternehmen\\\/2025-10-30\\\/zuerich-das-haus-zum-falken-ist-fertig\\\/\",\"name\":\"Z\u00fcrich: Das \u00abHaus zum Falken\u00bb ist fertig - IMMOBILIEN Business\",\"isPartOf\":{\"@id\":\"https:\\\/\\\/www.immobilienbusiness.ch\\\/#website\"},\"primaryImageOfPage\":{\"@id\":\"https:\\\/\\\/www.immobilienbusiness.ch\\\/de\\\/unternehmen\\\/2025-10-30\\\/zuerich-das-haus-zum-falken-ist-fertig\\\/#primaryimage\"},\"image\":{\"@id\":\"https:\\\/\\\/www.immobilienbusiness.ch\\\/de\\\/unternehmen\\\/2025-10-30\\\/zuerich-das-haus-zum-falken-ist-fertig\\\/#primaryimage\"},\"thumbnailUrl\":\"https:\\\/\\\/www.immobilienbusiness.ch\\\/wp-content\\\/uploads\\\/2025\\\/10\\\/Falken-Zuerich-Axa-zVg-HzF-Aussen2-scaled.jpg\",\"datePublished\":\"2025-10-30T06:00:35+00:00\",\"dateModified\":\"2025-11-04T11:32:17+00:00\",\"description\":\"Der Bau des Architekten Santiago Calatrava setzt einen neuen st\u00e4dtebaulichen Akzent. Eigent\u00fcmer Axa meldet Vollvermietung.\",\"breadcrumb\":{\"@id\":\"https:\\\/\\\/www.immobilienbusiness.ch\\\/de\\\/unternehmen\\\/2025-10-30\\\/zuerich-das-haus-zum-falken-ist-fertig\\\/#breadcrumb\"},\"inLanguage\":\"it-IT\",\"potentialAction\":[{\"@type\":\"ReadAction\",\"target\":[\"https:\\\/\\\/www.immobilienbusiness.ch\\\/de\\\/unternehmen\\\/2025-10-30\\\/zuerich-das-haus-zum-falken-ist-fertig\\\/\"]}]},{\"@type\":\"ImageObject\",\"inLanguage\":\"it-IT\",\"@id\":\"https:\\\/\\\/www.immobilienbusiness.ch\\\/de\\\/unternehmen\\\/2025-10-30\\\/zuerich-das-haus-zum-falken-ist-fertig\\\/#primaryimage\",\"url\":\"https:\\\/\\\/www.immobilienbusiness.ch\\\/wp-content\\\/uploads\\\/2025\\\/10\\\/Falken-Zuerich-Axa-zVg-HzF-Aussen2-scaled.jpg\",\"contentUrl\":\"https:\\\/\\\/www.immobilienbusiness.ch\\\/wp-content\\\/uploads\\\/2025\\\/10\\\/Falken-Zuerich-Axa-zVg-HzF-Aussen2-scaled.jpg\",\"width\":1200,\"height\":926,\"caption\":\"Das Haus zum Falken (Bild: Ingo Rasp)\"},{\"@type\":\"BreadcrumbList\",\"@id\":\"https:\\\/\\\/www.immobilienbusiness.ch\\\/de\\\/unternehmen\\\/2025-10-30\\\/zuerich-das-haus-zum-falken-ist-fertig\\\/#breadcrumb\",\"itemListElement\":[{\"@type\":\"ListItem\",\"position\":1,\"name\":\"Home\",\"item\":\"https:\\\/\\\/www.immobilienbusiness.ch\\\/\"},{\"@type\":\"ListItem\",\"position\":2,\"name\":\"Z\u00fcrich: Das \u00abHaus zum Falken\u00bb ist fertig\"}]},{\"@type\":\"WebSite\",\"@id\":\"https:\\\/\\\/www.immobilienbusiness.ch\\\/#website\",\"url\":\"https:\\\/\\\/www.immobilienbusiness.ch\\\/\",\"name\":\"IMMOBILIEN Business\",\"description\":\"Unabh\u00e4ngiges Schweizer Wirtschaftsmagazin mit Fokus auf Immobilien, Architektur- und Bau sowie Investment- und Finanzierung.\",\"publisher\":{\"@id\":\"https:\\\/\\\/www.immobilienbusiness.ch\\\/#organization\"},\"potentialAction\":[{\"@type\":\"SearchAction\",\"target\":{\"@type\":\"EntryPoint\",\"urlTemplate\":\"https:\\\/\\\/www.immobilienbusiness.ch\\\/?s={search_term_string}\"},\"query-input\":{\"@type\":\"PropertyValueSpecification\",\"valueRequired\":true,\"valueName\":\"search_term_string\"}}],\"inLanguage\":\"it-IT\"},{\"@type\":\"Organization\",\"@id\":\"https:\\\/\\\/www.immobilienbusiness.ch\\\/#organization\",\"name\":\"IMMOBILIEN Business\",\"url\":\"https:\\\/\\\/www.immobilienbusiness.ch\\\/\",\"logo\":{\"@type\":\"ImageObject\",\"inLanguage\":\"it-IT\",\"@id\":\"https:\\\/\\\/www.immobilienbusiness.ch\\\/#\\\/schema\\\/logo\\\/image\\\/\",\"url\":\"https:\\\/\\\/www.immobilienbusiness.ch\\\/wp-content\\\/uploads\\\/2021\\\/07\\\/logo_ib.png\",\"contentUrl\":\"https:\\\/\\\/www.immobilienbusiness.ch\\\/wp-content\\\/uploads\\\/2021\\\/07\\\/logo_ib.png\",\"width\":800,\"height\":181,\"caption\":\"IMMOBILIEN Business\"},\"image\":{\"@id\":\"https:\\\/\\\/www.immobilienbusiness.ch\\\/#\\\/schema\\\/logo\\\/image\\\/\"},\"sameAs\":[\"https:\\\/\\\/www.facebook.com\\\/immobilienbusiness\\\/\"]},{\"@type\":\"Person\",\"@id\":\"https:\\\/\\\/www.immobilienbusiness.ch\\\/#\\\/schema\\\/person\\\/aba8bea2db926aa0c24c08c43fe1fcd5\",\"name\":\"Alexander Wachter\",\"image\":{\"@type\":\"ImageObject\",\"inLanguage\":\"it-IT\",\"@id\":\"https:\\\/\\\/secure.gravatar.com\\\/avatar\\\/1a09e471f5389b0e0a6416eac287e0927c7c97a7b77f9e787eba3af7aee281dd?s=96&d=mm&r=g\",\"url\":\"https:\\\/\\\/secure.gravatar.com\\\/avatar\\\/1a09e471f5389b0e0a6416eac287e0927c7c97a7b77f9e787eba3af7aee281dd?s=96&d=mm&r=g\",\"contentUrl\":\"https:\\\/\\\/secure.gravatar.com\\\/avatar\\\/1a09e471f5389b0e0a6416eac287e0927c7c97a7b77f9e787eba3af7aee281dd?s=96&d=mm&r=g\",\"caption\":\"Alexander Wachter\"},\"url\":\"https:\\\/\\\/www.immobilienbusiness.ch\\\/it\\\/author\\\/alexander-wachter\\\/\"}]}<\/script>\n<!-- \/ Yoast SEO plugin. -->","yoast_head_json":{"title":"Z\u00fcrich: Das \u00abHaus zum Falken\u00bb ist fertig - IMMOBILIEN Business","description":"L'edificio, opera dell'architetto Santiago Calatrava, pone un nuovo accento sul design urbano. Il proprietario Axa riferisce di aver occupato completamente l'edificio.","robots":{"index":"index","follow":"follow","max-snippet":"max-snippet:-1","max-image-preview":"max-image-preview:large","max-video-preview":"max-video-preview:-1"},"canonical":"https:\/\/www.immobilienbusiness.ch\/it\/unternehmen\/2025-10-30\/zuerich-das-haus-zum-falken-ist-fertig\/","og_locale":"it_IT","og_type":"article","og_title":"Z\u00fcrich: Das \u00abHaus zum Falken\u00bb ist fertig - IMMOBILIEN Business","og_description":"Der Bau des Architekten Santiago Calatrava setzt einen neuen st\u00e4dtebaulichen Akzent. Eigent\u00fcmer Axa meldet Vollvermietung.","og_url":"https:\/\/www.immobilienbusiness.ch\/it\/unternehmen\/2025-10-30\/zuerich-das-haus-zum-falken-ist-fertig\/","og_site_name":"IMMOBILIEN Business","article_publisher":"https:\/\/www.facebook.com\/immobilienbusiness\/","article_published_time":"2025-10-30T06:00:35+00:00","article_modified_time":"2025-11-04T11:32:17+00:00","og_image":[{"width":1200,"height":926,"url":"https:\/\/www.immobilienbusiness.ch\/wp-content\/uploads\/2025\/10\/Falken-Zuerich-Axa-zVg-HzF-Aussen2-scaled.jpg","type":"image\/jpeg"}],"author":"Alexander Wachter","twitter_card":"summary_large_image","schema":{"@context":"https:\/\/schema.org","@graph":[{"@type":"Article","@id":"https:\/\/www.immobilienbusiness.ch\/de\/unternehmen\/2025-10-30\/zuerich-das-haus-zum-falken-ist-fertig\/#article","isPartOf":{"@id":"https:\/\/www.immobilienbusiness.ch\/de\/unternehmen\/2025-10-30\/zuerich-das-haus-zum-falken-ist-fertig\/"},"author":{"name":"Alexander Wachter","@id":"https:\/\/www.immobilienbusiness.ch\/#\/schema\/person\/aba8bea2db926aa0c24c08c43fe1fcd5"},"headline":"Z\u00fcrich: Das \u00abHaus zum Falken\u00bb ist fertig","datePublished":"2025-10-30T06:00:35+00:00","dateModified":"2025-11-04T11:32:17+00:00","mainEntityOfPage":{"@id":"https:\/\/www.immobilienbusiness.ch\/de\/unternehmen\/2025-10-30\/zuerich-das-haus-zum-falken-ist-fertig\/"},"wordCount":305,"publisher":{"@id":"https:\/\/www.immobilienbusiness.ch\/#organization"},"image":{"@id":"https:\/\/www.immobilienbusiness.ch\/de\/unternehmen\/2025-10-30\/zuerich-das-haus-zum-falken-ist-fertig\/#primaryimage"},"thumbnailUrl":"https:\/\/www.immobilienbusiness.ch\/wp-content\/uploads\/2025\/10\/Falken-Zuerich-Axa-zVg-HzF-Aussen2-scaled.jpg","keywords":["Architektur","Axa Anlagestiftung","B\u00fcro","Fertigstellung","Gastronomie","Retail","Vermietung","Z\u00fcrich"],"articleSection":["UNTERNEHMEN"],"inLanguage":"it-IT"},{"@type":"WebPage","@id":"https:\/\/www.immobilienbusiness.ch\/de\/unternehmen\/2025-10-30\/zuerich-das-haus-zum-falken-ist-fertig\/","url":"https:\/\/www.immobilienbusiness.ch\/de\/unternehmen\/2025-10-30\/zuerich-das-haus-zum-falken-ist-fertig\/","name":"Z\u00fcrich: Das \u00abHaus zum Falken\u00bb ist fertig - IMMOBILIEN Business","isPartOf":{"@id":"https:\/\/www.immobilienbusiness.ch\/#website"},"primaryImageOfPage":{"@id":"https:\/\/www.immobilienbusiness.ch\/de\/unternehmen\/2025-10-30\/zuerich-das-haus-zum-falken-ist-fertig\/#primaryimage"},"image":{"@id":"https:\/\/www.immobilienbusiness.ch\/de\/unternehmen\/2025-10-30\/zuerich-das-haus-zum-falken-ist-fertig\/#primaryimage"},"thumbnailUrl":"https:\/\/www.immobilienbusiness.ch\/wp-content\/uploads\/2025\/10\/Falken-Zuerich-Axa-zVg-HzF-Aussen2-scaled.jpg","datePublished":"2025-10-30T06:00:35+00:00","dateModified":"2025-11-04T11:32:17+00:00","description":"L'edificio, opera dell'architetto Santiago Calatrava, pone un nuovo accento sul design urbano. Il proprietario Axa riferisce di aver occupato completamente l'edificio.","breadcrumb":{"@id":"https:\/\/www.immobilienbusiness.ch\/de\/unternehmen\/2025-10-30\/zuerich-das-haus-zum-falken-ist-fertig\/#breadcrumb"},"inLanguage":"it-IT","potentialAction":[{"@type":"ReadAction","target":["https:\/\/www.immobilienbusiness.ch\/de\/unternehmen\/2025-10-30\/zuerich-das-haus-zum-falken-ist-fertig\/"]}]},{"@type":"ImageObject","inLanguage":"it-IT","@id":"https:\/\/www.immobilienbusiness.ch\/de\/unternehmen\/2025-10-30\/zuerich-das-haus-zum-falken-ist-fertig\/#primaryimage","url":"https:\/\/www.immobilienbusiness.ch\/wp-content\/uploads\/2025\/10\/Falken-Zuerich-Axa-zVg-HzF-Aussen2-scaled.jpg","contentUrl":"https:\/\/www.immobilienbusiness.ch\/wp-content\/uploads\/2025\/10\/Falken-Zuerich-Axa-zVg-HzF-Aussen2-scaled.jpg","width":1200,"height":926,"caption":"Das Haus zum Falken (Bild: Ingo Rasp)"},{"@type":"BreadcrumbList","@id":"https:\/\/www.immobilienbusiness.ch\/de\/unternehmen\/2025-10-30\/zuerich-das-haus-zum-falken-ist-fertig\/#breadcrumb","itemListElement":[{"@type":"ListItem","position":1,"name":"Home","item":"https:\/\/www.immobilienbusiness.ch\/"},{"@type":"ListItem","position":2,"name":"Z\u00fcrich: Das \u00abHaus zum Falken\u00bb ist fertig"}]},{"@type":"WebSite","@id":"https:\/\/www.immobilienbusiness.ch\/#website","url":"https:\/\/www.immobilienbusiness.ch\/","name":"Affari immobiliari","description":"Rivista economica indipendente svizzera che si concentra sul settore immobiliare, l'architettura e la costruzione, nonch\u00e9 sugli investimenti e i finanziamenti.","publisher":{"@id":"https:\/\/www.immobilienbusiness.ch\/#organization"},"potentialAction":[{"@type":"SearchAction","target":{"@type":"EntryPoint","urlTemplate":"https:\/\/www.immobilienbusiness.ch\/?s={search_term_string}"},"query-input":{"@type":"PropertyValueSpecification","valueRequired":true,"valueName":"search_term_string"}}],"inLanguage":"it-IT"},{"@type":"Organization","@id":"https:\/\/www.immobilienbusiness.ch\/#organization","name":"Affari immobiliari","url":"https:\/\/www.immobilienbusiness.ch\/","logo":{"@type":"ImageObject","inLanguage":"it-IT","@id":"https:\/\/www.immobilienbusiness.ch\/#\/schema\/logo\/image\/","url":"https:\/\/www.immobilienbusiness.ch\/wp-content\/uploads\/2021\/07\/logo_ib.png","contentUrl":"https:\/\/www.immobilienbusiness.ch\/wp-content\/uploads\/2021\/07\/logo_ib.png","width":800,"height":181,"caption":"IMMOBILIEN Business"},"image":{"@id":"https:\/\/www.immobilienbusiness.ch\/#\/schema\/logo\/image\/"},"sameAs":["https:\/\/www.facebook.com\/immobilienbusiness\/"]},{"@type":"Person","@id":"https:\/\/www.immobilienbusiness.ch\/#\/schema\/person\/aba8bea2db926aa0c24c08c43fe1fcd5","name":"Alexander Wachter","image":{"@type":"ImageObject","inLanguage":"it-IT","@id":"https:\/\/secure.gravatar.com\/avatar\/1a09e471f5389b0e0a6416eac287e0927c7c97a7b77f9e787eba3af7aee281dd?s=96&d=mm&r=g","url":"https:\/\/secure.gravatar.com\/avatar\/1a09e471f5389b0e0a6416eac287e0927c7c97a7b77f9e787eba3af7aee281dd?s=96&d=mm&r=g","contentUrl":"https:\/\/secure.gravatar.com\/avatar\/1a09e471f5389b0e0a6416eac287e0927c7c97a7b77f9e787eba3af7aee281dd?s=96&d=mm&r=g","caption":"Alexander Wachter"},"url":"https:\/\/www.immobilienbusiness.ch\/it\/author\/alexander-wachter\/"}]}},"_links":{"self":[{"href":"https:\/\/www.immobilienbusiness.ch\/it\/wp-json\/wp\/v2\/posts\/65978","targetHints":{"allow":["GET"]}}],"collection":[{"href":"https:\/\/www.immobilienbusiness.ch\/it\/wp-json\/wp\/v2\/posts"}],"about":[{"href":"https:\/\/www.immobilienbusiness.ch\/it\/wp-json\/wp\/v2\/types\/post"}],"author":[{"embeddable":true,"href":"https:\/\/www.immobilienbusiness.ch\/it\/wp-json\/wp\/v2\/users\/102"}],"replies":[{"embeddable":true,"href":"https:\/\/www.immobilienbusiness.ch\/it\/wp-json\/wp\/v2\/comments?post=65978"}],"version-history":[{"count":4,"href":"https:\/\/www.immobilienbusiness.ch\/it\/wp-json\/wp\/v2\/posts\/65978\/revisions"}],"predecessor-version":[{"id":66056,"href":"https:\/\/www.immobilienbusiness.ch\/it\/wp-json\/wp\/v2\/posts\/65978\/revisions\/66056"}],"wp:featuredmedia":[{"embeddable":true,"href":"https:\/\/www.immobilienbusiness.ch\/it\/wp-json\/wp\/v2\/media\/65981"}],"wp:attachment":[{"href":"https:\/\/www.immobilienbusiness.ch\/it\/wp-json\/wp\/v2\/media?parent=65978"}],"wp:term":[{"taxonomy":"category","embeddable":true,"href":"https:\/\/www.immobilienbusiness.ch\/it\/wp-json\/wp\/v2\/categories?post=65978"},{"taxonomy":"post_tag","embeddable":true,"href":"https:\/\/www.immobilienbusiness.ch\/it\/wp-json\/wp\/v2\/tags?post=65978"}],"curies":[{"name":"wp","href":"https:\/\/api.w.org\/{rel}","templated":true}]}}