{"id":6593,"date":"2017-03-07T09:18:53","date_gmt":"2017-03-07T08:18:53","guid":{"rendered":"https:\/\/www.immobilienbusiness.ch\/?p=6593"},"modified":"2017-03-07T09:18:53","modified_gmt":"2017-03-07T08:18:53","slug":"psp-swiss-property-luciano-gabriel-wird-vr-praesident","status":"publish","type":"post","link":"https:\/\/www.immobilienbusiness.ch\/it\/unternehmen\/2017-03-07\/psp-swiss-property-luciano-gabriel-wird-vr-praesident\/","title":{"rendered":"PSP Swiss Property: Luciano Gabriel diventa presidente del consiglio di amministrazione"},"content":{"rendered":"<figure id=\"attachment_6600\" aria-describedby=\"caption-attachment-6600\" style=\"width: 799px\" class=\"wp-caption alignnone\"><img loading=\"lazy\" decoding=\"async\" class=\"size-full wp-image-6600\" src=\"https:\/\/www.immobilienbusiness.ch\/wp-content\/uploads\/2017\/03\/Gabriel_Luciano_PSP-Swiss-Property_Immobilien-Business-News_07032017.jpg\" alt=\"\" width=\"799\" height=\"569\" srcset=\"https:\/\/www.immobilienbusiness.ch\/wp-content\/uploads\/2017\/03\/Gabriel_Luciano_PSP-Swiss-Property_Immobilien-Business-News_07032017.jpg 799w, https:\/\/www.immobilienbusiness.ch\/wp-content\/uploads\/2017\/03\/Gabriel_Luciano_PSP-Swiss-Property_Immobilien-Business-News_07032017-300x214.jpg 300w, https:\/\/www.immobilienbusiness.ch\/wp-content\/uploads\/2017\/03\/Gabriel_Luciano_PSP-Swiss-Property_Immobilien-Business-News_07032017-768x547.jpg 768w, https:\/\/www.immobilienbusiness.ch\/wp-content\/uploads\/2017\/03\/Gabriel_Luciano_PSP-Swiss-Property_Immobilien-Business-News_07032017-16x12.jpg 16w, https:\/\/www.immobilienbusiness.ch\/wp-content\/uploads\/2017\/03\/Gabriel_Luciano_PSP-Swiss-Property_Immobilien-Business-News_07032017-246x175.jpg 246w, https:\/\/www.immobilienbusiness.ch\/wp-content\/uploads\/2017\/03\/Gabriel_Luciano_PSP-Swiss-Property_Immobilien-Business-News_07032017-491x350.jpg 491w\" sizes=\"auto, (max-width: 799px) 100vw, 799px\" \/><figcaption id=\"caption-attachment-6600\" class=\"wp-caption-text\">Il CEO Luciano Gabriel di PSP Swiss Property passa alla carica di Presidente del Consiglio di Amministrazione in aprile (Immagine: PSP Swiss Property)<\/figcaption><\/figure>\n<p>Come annunciato da PSP Swiss Property in occasione dell'annuncio dei risultati annuali 2016, G\u00fcnther Gose, Presidente del Consiglio di amministrazione, non si candider\u00e0 per la rielezione. L'attuale Amministratore Delegato, Luciano Gabriel, sar\u00e0 proposto come nuovo Presidente del Consiglio di Amministrazione; contestualmente lascer\u00e0 la carica di Amministratore Delegato. Gabriel \u00e8 anche delegato del Consiglio di amministrazione dall'aprile 2007; questa posizione non sar\u00e0 pi\u00f9 ricoperta.<\/p>\n<p>Tutti gli altri sei membri attuali del Consiglio di amministrazione si candidano alla rielezione. Il Consiglio di amministrazione sar\u00e0 quindi composto da sette (in precedenza otto) membri a partire dal 5 aprile 2017. Il Comitato di revisione e il Comitato per le remunerazioni saranno composti dagli stessi quattro membri: Prof. Dr. Peter Forstmoser, Adrian Dudle, Nathan Hetz e Josef Stadler, con Forstmoser come presidente di entrambi i comitati del consiglio di amministrazione.<\/p>\n<h2>Giacomo Balzarini \u00e8 il nuovo CEO<\/h2>\n<p>Il successore di Gabriel come CEO sar\u00e0 l'attuale CFO Giacomo Balzarini a partire dal 1\u00b0 aprile. Balzarini ricoprir\u00e0 la duplice funzione di CEO\/CFO e rimarr\u00e0 responsabile del mercato dei capitali e delle questioni bancarie, nonch\u00e9 dei contatti con gli analisti. Martin Heggli sar\u00e0 il nuovo COO e membro del Comitato esecutivo. Heggli \u00e8 responsabile della contabilit\u00e0 di PSP Swiss Property dal settembre 2005. Adrian Murer rimarr\u00e0 membro del Comitato esecutivo in qualit\u00e0 di Chief Investment Officer (CIO).<\/p>\n<h2>Le svalutazioni dell'onere di portafoglio risultano<\/h2>\n<p>Nel frattempo, PSP Swiss Property ha registrato un aumento dell'EBITDA e dell'utile, ma senza effetti di valutazione: L'EBITDA (esclusi gli effetti di valutazione) \u00e8 stato pari a 241,6 milioni di franchi svizzeri nello scorso esercizio, rispetto ai 232,7 milioni di franchi svizzeri del 2015. La societ\u00e0 immobiliare ha conseguito un utile netto (esclusi gli effetti di valutazione) di 172,5 milioni di franchi (2015: 161,3 milioni di franchi). Secondo l'azienda, il miglioramento degli utili \u00e8 derivato principalmente dalla vendita dei condomini del \"Salmenpark\" a Rheinfelden e della torre residenziale \"Black\" sul sito di L\u00f6wenbr\u00e4u a Zurigo Ovest. Di conseguenza, i ricavi dalla vendita di condomini sono aumentati di undici milioni, passando dai 3,3 milioni dell'anno precedente a 14,2 milioni.<\/p>\n<p>L'utile netto, inclusi gli effetti di valutazione, \u00e8 tuttavia diminuito da 187,7 milioni nel 2015 a 134,9 milioni. Secondo PSP Swiss Property, il calo \u00e8 dovuto principalmente alla svalutazione del portafoglio immobiliare. Nel 2016 sono stati in totale 50,2 milioni. Nel 2015 si \u00e8 registrato un apprezzamento di 33,8 milioni.<\/p>\n<p>Alla fine del 2016, il portafoglio immobiliare di PSP Swiss Property comprendeva 161 edifici ad uso ufficio e commerciale, oltre a quattro siti di sviluppo e sei progetti individuali. Il valore di bilancio dell'intero portafoglio ammonta a 6,894 miliardi (fine 2015: 6,724 miliardi). Nel 2016 \u00e8 stato acquistato per 145,2 milioni di franchi svizzeri un edificio per uffici e attivit\u00e0 commerciali in Hardturmstrasse 101, 103, 105 \/ F\u00f6rrlibuckstrasse 30 a Zurigo. Due propriet\u00e0 pi\u00f9 piccole a Friburgo e Zurzach sono state vendute per un totale di 12,9 milioni.<\/p>\n<h2>Nuovi progetti e ristrutturazioni estese<\/h2>\n<p>Secondo PSP Swiss Property, i lavori di sviluppo del sito e i progetti procedono secondo i piani. Nel \"Salmenpark\" di Rheinfelden \u00e8 stata completata la prima fase di costruzione di uffici e spazi commerciali, case di riposo e di cura, nonch\u00e9 appartamenti in affitto e in propriet\u00e0. L'investimento ammonta a circa 190 milioni. La domanda di costruzione rivista per la seconda fase - 96 unit\u00e0 residenziali in vendita - con un investimento di circa 70 milioni \u00e8 stata presentata alla fine del 2016. L'inizio della costruzione \u00e8 previsto per l'autunno 2017 e il completamento nel 2020.<\/p>\n<p>La costruzione del nuovo progetto \"Residenza Parco Lago\" a Paradiso, nei pressi di Lugano, con circa 13.000 mq di superficie utile (condomini, uffici, spazi commerciali e retail) inizier\u00e0 nel primo trimestre del 2017. L'investimento ammonta a circa 80 milioni. Dopo il completamento verso la fine del 2019, tutte le unit\u00e0 saranno vendute.<\/p>\n<p>Diversi immobili sono in fase di ristrutturazione, tra cui il progetto \"Orion\" che prevede la sostituzione dei due edifici di F\u00f6rrlibuckstrasse 178\/180 e Hardturmstrasse 181, 183, 185 a Zurigo Ovest con un nuovo edificio per uffici. La costruzione \u00e8 prevista tra il 2018 e il 2020 e l'investimento ammonter\u00e0 a 120 milioni. Gli immobili sono stati riclassificati da investimenti immobiliari a immobili di sviluppo nell'esercizio in esame.<\/p>\n<h2>Il tasso di sfitto aumenta soprattutto a causa delle ristrutturazioni.<\/h2>\n<p>Il tasso di sfitto era del 9,3% alla fine del 2016 (fine 2015: 8,5%), e l'aumento \u00e8 dovuto alle gi\u00e0 citate riclassificazioni di immobili in fase di ristrutturazione. Del 9,3%, 0,7 punti percentuali sono dovuti a lavori di ristrutturazione in corso. Gli immobili di Zurigo Ovest e Wallisellen hanno contribuito al tasso di sfitto per un totale di 2,1 punti percentuali. Gli altri immobili (cio\u00e8 l'intero portafoglio senza gli immobili in fase di ristrutturazione e quelli di Zurigo Ovest e Wallisellen) hanno rappresentato 6,5 punti percentuali.<\/p>\n<p>Per l'esercizio 2017, PSP Swiss Property prevede un EBITDA (esclusi gli effetti di valutazione) di circa 225 milioni. La societ\u00e0 immobiliare si aspetta un calo perch\u00e9 prevede minori entrate dalla vendita di condomini rispetto all'anno precedente. Inoltre, il reddito degli immobili diminuir\u00e0 leggermente a causa dei lavori di ristrutturazione. Il tasso di posti vacanti alla fine del 2017 dovrebbe attestarsi intorno al dieci per cento.<\/p>","protected":false},"excerpt":{"rendered":"<p>Nel mese di aprile ci saranno importanti cambiamenti di personale nel Comitato esecutivo di PSP Swiss Property. L'amministratore delegato Luciano Gabriel sar\u00e0 eletto presidente del Consiglio di amministrazione. Il nuovo amministratore delegato designato \u00e8 Giacomo Balzarini.<\/p>","protected":false},"author":3,"featured_media":6600,"comment_status":"open","ping_status":"open","sticky":false,"template":"","format":"standard","meta":{"_acf_changed":false,"_yoast_wpseo_focuskw":"PSP Swiss Property","_yoast_wpseo_title":"","_yoast_wpseo_metadesc":"Bei PSP Swiss Property kommt es im April zu gr\u00f6sseren personellen Ver\u00e4nderungen in der Gesch\u00e4ftsleitung. CEO Luciano Gabriel soll zum VR-Pr\u00e4sdient werden.","_yoast_wpseo_linkdex":77,"pgc_sgb_lightbox_settings":"","footnotes":""},"categories":[988],"tags":[1098,1329,1563,1807],"class_list":["post-6593","post","type-post","status-publish","format-standard","has-post-thumbnail","hentry","category-unternehmen","tag-bilanz","tag-immobilien-ag","tag-personalia","tag-unternehmen"],"acf":[],"yoast_head":"<!-- This site is optimized with the Yoast SEO plugin v27.5 - https:\/\/yoast.com\/product\/yoast-seo-wordpress\/ -->\n<title>PSP Swiss Property: Luciano Gabriel wird VR-Pr\u00e4sident - IMMOBILIEN Business<\/title>\n<meta name=\"description\" content=\"Bei PSP Swiss Property kommt es im April zu gr\u00f6sseren personellen Ver\u00e4nderungen in der Gesch\u00e4ftsleitung. CEO Luciano Gabriel soll zum VR-Pr\u00e4sdient werden.\" \/>\n<meta name=\"robots\" content=\"index, follow, max-snippet:-1, max-image-preview:large, max-video-preview:-1\" \/>\n<link rel=\"canonical\" href=\"https:\/\/www.immobilienbusiness.ch\/it\/unternehmen\/2017-03-07\/psp-swiss-property-luciano-gabriel-wird-vr-praesident\/\" \/>\n<meta property=\"og:locale\" content=\"it_IT\" \/>\n<meta property=\"og:type\" content=\"article\" \/>\n<meta property=\"og:title\" content=\"PSP Swiss Property: Luciano Gabriel wird VR-Pr\u00e4sident\" \/>\n<meta property=\"og:description\" content=\"Bei PSP Swiss Property kommt es im April zu gr\u00f6sseren personellen Ver\u00e4nderungen in der Gesch\u00e4ftsleitung. CEO Luciano Gabriel soll zum VR-Pr\u00e4sdient werden.\" \/>\n<meta property=\"og:url\" content=\"https:\/\/www.immobilienbusiness.ch\/it\/unternehmen\/2017-03-07\/psp-swiss-property-luciano-gabriel-wird-vr-praesident\/\" \/>\n<meta property=\"og:site_name\" content=\"IMMOBILIEN Business\" \/>\n<meta property=\"article:publisher\" content=\"https:\/\/www.facebook.com\/immobilienbusiness\/\" \/>\n<meta property=\"article:published_time\" content=\"2017-03-07T08:18:53+00:00\" \/>\n<meta property=\"og:image\" content=\"https:\/\/www.immobilienbusiness.ch\/wp-content\/uploads\/2017\/02\/Depositphotos_52470619_l-2015-1024x793.jpg\" \/>\n\t<meta property=\"og:image:width\" content=\"1024\" \/>\n\t<meta property=\"og:image:height\" content=\"793\" \/>\n\t<meta property=\"og:image:type\" content=\"image\/jpeg\" \/>\n<meta name=\"author\" content=\"anja.hall\" \/>\n<meta name=\"twitter:card\" content=\"summary_large_image\" \/>\n<meta name=\"twitter:title\" content=\"Bei PSP Swiss Property kommt es im April zu gr\u00f6sseren personellen Ver\u00e4nderungen in der Gesch\u00e4ftsleitung. CEO Luciano Gabriel soll zum VR-Pr\u00e4sdient werden.\" \/>\n<meta name=\"twitter:description\" content=\"Bei PSP Swiss Property kommt es im April zu gr\u00f6sseren personellen Ver\u00e4nderungen in der Gesch\u00e4ftsleitung. CEO Luciano Gabriel soll zum VR-Pr\u00e4sdient werden.\" \/>\n<meta name=\"twitter:image\" content=\"https:\/\/www.immobilienbusiness.ch\/wp-content\/uploads\/2017\/02\/Depositphotos_52470619_l-2015.jpg\" \/>\n<script type=\"application\/ld+json\" class=\"yoast-schema-graph\">{\"@context\":\"https:\\\/\\\/schema.org\",\"@graph\":[{\"@type\":\"Article\",\"@id\":\"https:\\\/\\\/www.immobilienbusiness.ch\\\/unternehmen\\\/2017-03-07\\\/psp-swiss-property-luciano-gabriel-wird-vr-praesident\\\/#article\",\"isPartOf\":{\"@id\":\"https:\\\/\\\/www.immobilienbusiness.ch\\\/unternehmen\\\/2017-03-07\\\/psp-swiss-property-luciano-gabriel-wird-vr-praesident\\\/\"},\"author\":{\"name\":\"anja.hall\",\"@id\":\"https:\\\/\\\/www.immobilienbusiness.ch\\\/#\\\/schema\\\/person\\\/3fc036297b10b9f42d6db5ee932af8c8\"},\"headline\":\"PSP Swiss Property: Luciano Gabriel wird VR-Pr\u00e4sident\",\"datePublished\":\"2017-03-07T08:18:53+00:00\",\"mainEntityOfPage\":{\"@id\":\"https:\\\/\\\/www.immobilienbusiness.ch\\\/unternehmen\\\/2017-03-07\\\/psp-swiss-property-luciano-gabriel-wird-vr-praesident\\\/\"},\"wordCount\":750,\"commentCount\":0,\"publisher\":{\"@id\":\"https:\\\/\\\/www.immobilienbusiness.ch\\\/#organization\"},\"image\":{\"@id\":\"https:\\\/\\\/www.immobilienbusiness.ch\\\/unternehmen\\\/2017-03-07\\\/psp-swiss-property-luciano-gabriel-wird-vr-praesident\\\/#primaryimage\"},\"thumbnailUrl\":\"https:\\\/\\\/www.immobilienbusiness.ch\\\/wp-content\\\/uploads\\\/2017\\\/03\\\/Gabriel_Luciano_PSP-Swiss-Property_Immobilien-Business-News_07032017.jpg\",\"keywords\":[\"Bilanz\",\"Immobilien-AG\",\"Personalia\",\"Unternehmen\"],\"articleSection\":[\"UNTERNEHMEN\"],\"inLanguage\":\"it-IT\"},{\"@type\":\"WebPage\",\"@id\":\"https:\\\/\\\/www.immobilienbusiness.ch\\\/unternehmen\\\/2017-03-07\\\/psp-swiss-property-luciano-gabriel-wird-vr-praesident\\\/\",\"url\":\"https:\\\/\\\/www.immobilienbusiness.ch\\\/unternehmen\\\/2017-03-07\\\/psp-swiss-property-luciano-gabriel-wird-vr-praesident\\\/\",\"name\":\"PSP Swiss Property: Luciano Gabriel wird VR-Pr\u00e4sident - IMMOBILIEN Business\",\"isPartOf\":{\"@id\":\"https:\\\/\\\/www.immobilienbusiness.ch\\\/#website\"},\"primaryImageOfPage\":{\"@id\":\"https:\\\/\\\/www.immobilienbusiness.ch\\\/unternehmen\\\/2017-03-07\\\/psp-swiss-property-luciano-gabriel-wird-vr-praesident\\\/#primaryimage\"},\"image\":{\"@id\":\"https:\\\/\\\/www.immobilienbusiness.ch\\\/unternehmen\\\/2017-03-07\\\/psp-swiss-property-luciano-gabriel-wird-vr-praesident\\\/#primaryimage\"},\"thumbnailUrl\":\"https:\\\/\\\/www.immobilienbusiness.ch\\\/wp-content\\\/uploads\\\/2017\\\/03\\\/Gabriel_Luciano_PSP-Swiss-Property_Immobilien-Business-News_07032017.jpg\",\"datePublished\":\"2017-03-07T08:18:53+00:00\",\"description\":\"Bei PSP Swiss Property kommt es im April zu gr\u00f6sseren personellen Ver\u00e4nderungen in der Gesch\u00e4ftsleitung. CEO Luciano Gabriel soll zum VR-Pr\u00e4sdient werden.\",\"breadcrumb\":{\"@id\":\"https:\\\/\\\/www.immobilienbusiness.ch\\\/unternehmen\\\/2017-03-07\\\/psp-swiss-property-luciano-gabriel-wird-vr-praesident\\\/#breadcrumb\"},\"inLanguage\":\"it-IT\",\"potentialAction\":[{\"@type\":\"ReadAction\",\"target\":[\"https:\\\/\\\/www.immobilienbusiness.ch\\\/unternehmen\\\/2017-03-07\\\/psp-swiss-property-luciano-gabriel-wird-vr-praesident\\\/\"]}]},{\"@type\":\"ImageObject\",\"inLanguage\":\"it-IT\",\"@id\":\"https:\\\/\\\/www.immobilienbusiness.ch\\\/unternehmen\\\/2017-03-07\\\/psp-swiss-property-luciano-gabriel-wird-vr-praesident\\\/#primaryimage\",\"url\":\"https:\\\/\\\/www.immobilienbusiness.ch\\\/wp-content\\\/uploads\\\/2017\\\/03\\\/Gabriel_Luciano_PSP-Swiss-Property_Immobilien-Business-News_07032017.jpg\",\"contentUrl\":\"https:\\\/\\\/www.immobilienbusiness.ch\\\/wp-content\\\/uploads\\\/2017\\\/03\\\/Gabriel_Luciano_PSP-Swiss-Property_Immobilien-Business-News_07032017.jpg\",\"width\":799,\"height\":569,\"caption\":\"CEO Luciano Gabriel wechselt im April auf den Posten des VR-Pr\u00e4sidenten (Bild: PSP Swiss Property)\"},{\"@type\":\"BreadcrumbList\",\"@id\":\"https:\\\/\\\/www.immobilienbusiness.ch\\\/unternehmen\\\/2017-03-07\\\/psp-swiss-property-luciano-gabriel-wird-vr-praesident\\\/#breadcrumb\",\"itemListElement\":[{\"@type\":\"ListItem\",\"position\":1,\"name\":\"Home\",\"item\":\"https:\\\/\\\/www.immobilienbusiness.ch\\\/\"},{\"@type\":\"ListItem\",\"position\":2,\"name\":\"PSP Swiss Property: Luciano Gabriel wird VR-Pr\u00e4sident\"}]},{\"@type\":\"WebSite\",\"@id\":\"https:\\\/\\\/www.immobilienbusiness.ch\\\/#website\",\"url\":\"https:\\\/\\\/www.immobilienbusiness.ch\\\/\",\"name\":\"IMMOBILIEN Business\",\"description\":\"Unabh\u00e4ngiges Schweizer Wirtschaftsmagazin mit Fokus auf Immobilien, Architektur- und Bau sowie Investment- und Finanzierung.\",\"publisher\":{\"@id\":\"https:\\\/\\\/www.immobilienbusiness.ch\\\/#organization\"},\"potentialAction\":[{\"@type\":\"SearchAction\",\"target\":{\"@type\":\"EntryPoint\",\"urlTemplate\":\"https:\\\/\\\/www.immobilienbusiness.ch\\\/?s={search_term_string}\"},\"query-input\":{\"@type\":\"PropertyValueSpecification\",\"valueRequired\":true,\"valueName\":\"search_term_string\"}}],\"inLanguage\":\"it-IT\"},{\"@type\":\"Organization\",\"@id\":\"https:\\\/\\\/www.immobilienbusiness.ch\\\/#organization\",\"name\":\"IMMOBILIEN Business\",\"url\":\"https:\\\/\\\/www.immobilienbusiness.ch\\\/\",\"logo\":{\"@type\":\"ImageObject\",\"inLanguage\":\"it-IT\",\"@id\":\"https:\\\/\\\/www.immobilienbusiness.ch\\\/#\\\/schema\\\/logo\\\/image\\\/\",\"url\":\"https:\\\/\\\/www.immobilienbusiness.ch\\\/wp-content\\\/uploads\\\/2021\\\/07\\\/logo_ib.png\",\"contentUrl\":\"https:\\\/\\\/www.immobilienbusiness.ch\\\/wp-content\\\/uploads\\\/2021\\\/07\\\/logo_ib.png\",\"width\":800,\"height\":181,\"caption\":\"IMMOBILIEN Business\"},\"image\":{\"@id\":\"https:\\\/\\\/www.immobilienbusiness.ch\\\/#\\\/schema\\\/logo\\\/image\\\/\"},\"sameAs\":[\"https:\\\/\\\/www.facebook.com\\\/immobilienbusiness\\\/\"]},{\"@type\":\"Person\",\"@id\":\"https:\\\/\\\/www.immobilienbusiness.ch\\\/#\\\/schema\\\/person\\\/3fc036297b10b9f42d6db5ee932af8c8\",\"name\":\"anja.hall\",\"image\":{\"@type\":\"ImageObject\",\"inLanguage\":\"it-IT\",\"@id\":\"https:\\\/\\\/secure.gravatar.com\\\/avatar\\\/066b5a0d447013502c71a5782f4f3469f03cfe595cc2329fb94652fe47511bfb?s=96&d=mm&r=g\",\"url\":\"https:\\\/\\\/secure.gravatar.com\\\/avatar\\\/066b5a0d447013502c71a5782f4f3469f03cfe595cc2329fb94652fe47511bfb?s=96&d=mm&r=g\",\"contentUrl\":\"https:\\\/\\\/secure.gravatar.com\\\/avatar\\\/066b5a0d447013502c71a5782f4f3469f03cfe595cc2329fb94652fe47511bfb?s=96&d=mm&r=g\",\"caption\":\"anja.hall\"},\"url\":\"https:\\\/\\\/www.immobilienbusiness.ch\\\/it\\\/author\\\/anja-hall\\\/\"}]}<\/script>\n<!-- \/ Yoast SEO plugin. -->","yoast_head_json":{"title":"PSP Swiss Property: Luciano Gabriel wird VR-Pr\u00e4sident - IMMOBILIEN Business","description":"Bei PSP Swiss Property kommt es im April zu gr\u00f6sseren personellen Ver\u00e4nderungen in der Gesch\u00e4ftsleitung. CEO Luciano Gabriel soll zum VR-Pr\u00e4sdient werden.","robots":{"index":"index","follow":"follow","max-snippet":"max-snippet:-1","max-image-preview":"max-image-preview:large","max-video-preview":"max-video-preview:-1"},"canonical":"https:\/\/www.immobilienbusiness.ch\/it\/unternehmen\/2017-03-07\/psp-swiss-property-luciano-gabriel-wird-vr-praesident\/","og_locale":"it_IT","og_type":"article","og_title":"PSP Swiss Property: Luciano Gabriel wird VR-Pr\u00e4sident","og_description":"Bei PSP Swiss Property kommt es im April zu gr\u00f6sseren personellen Ver\u00e4nderungen in der Gesch\u00e4ftsleitung. CEO Luciano Gabriel soll zum VR-Pr\u00e4sdient werden.","og_url":"https:\/\/www.immobilienbusiness.ch\/it\/unternehmen\/2017-03-07\/psp-swiss-property-luciano-gabriel-wird-vr-praesident\/","og_site_name":"IMMOBILIEN Business","article_publisher":"https:\/\/www.facebook.com\/immobilienbusiness\/","article_published_time":"2017-03-07T08:18:53+00:00","og_image":[{"width":1024,"height":793,"url":"https:\/\/www.immobilienbusiness.ch\/wp-content\/uploads\/2017\/02\/Depositphotos_52470619_l-2015-1024x793.jpg","type":"image\/jpeg"}],"author":"anja.hall","twitter_card":"summary_large_image","twitter_title":"Bei PSP Swiss Property kommt es im April zu gr\u00f6sseren personellen Ver\u00e4nderungen in der Gesch\u00e4ftsleitung. CEO Luciano Gabriel soll zum VR-Pr\u00e4sdient werden.","twitter_description":"Bei PSP Swiss Property kommt es im April zu gr\u00f6sseren personellen Ver\u00e4nderungen in der Gesch\u00e4ftsleitung. CEO Luciano Gabriel soll zum VR-Pr\u00e4sdient werden.","twitter_image":"https:\/\/www.immobilienbusiness.ch\/wp-content\/uploads\/2017\/02\/Depositphotos_52470619_l-2015.jpg","schema":{"@context":"https:\/\/schema.org","@graph":[{"@type":"Article","@id":"https:\/\/www.immobilienbusiness.ch\/unternehmen\/2017-03-07\/psp-swiss-property-luciano-gabriel-wird-vr-praesident\/#article","isPartOf":{"@id":"https:\/\/www.immobilienbusiness.ch\/unternehmen\/2017-03-07\/psp-swiss-property-luciano-gabriel-wird-vr-praesident\/"},"author":{"name":"anja.hall","@id":"https:\/\/www.immobilienbusiness.ch\/#\/schema\/person\/3fc036297b10b9f42d6db5ee932af8c8"},"headline":"PSP Swiss Property: Luciano Gabriel wird VR-Pr\u00e4sident","datePublished":"2017-03-07T08:18:53+00:00","mainEntityOfPage":{"@id":"https:\/\/www.immobilienbusiness.ch\/unternehmen\/2017-03-07\/psp-swiss-property-luciano-gabriel-wird-vr-praesident\/"},"wordCount":750,"commentCount":0,"publisher":{"@id":"https:\/\/www.immobilienbusiness.ch\/#organization"},"image":{"@id":"https:\/\/www.immobilienbusiness.ch\/unternehmen\/2017-03-07\/psp-swiss-property-luciano-gabriel-wird-vr-praesident\/#primaryimage"},"thumbnailUrl":"https:\/\/www.immobilienbusiness.ch\/wp-content\/uploads\/2017\/03\/Gabriel_Luciano_PSP-Swiss-Property_Immobilien-Business-News_07032017.jpg","keywords":["Bilanz","Immobilien-AG","Personalia","Unternehmen"],"articleSection":["UNTERNEHMEN"],"inLanguage":"it-IT"},{"@type":"WebPage","@id":"https:\/\/www.immobilienbusiness.ch\/unternehmen\/2017-03-07\/psp-swiss-property-luciano-gabriel-wird-vr-praesident\/","url":"https:\/\/www.immobilienbusiness.ch\/unternehmen\/2017-03-07\/psp-swiss-property-luciano-gabriel-wird-vr-praesident\/","name":"PSP Swiss Property: Luciano Gabriel wird VR-Pr\u00e4sident - IMMOBILIEN Business","isPartOf":{"@id":"https:\/\/www.immobilienbusiness.ch\/#website"},"primaryImageOfPage":{"@id":"https:\/\/www.immobilienbusiness.ch\/unternehmen\/2017-03-07\/psp-swiss-property-luciano-gabriel-wird-vr-praesident\/#primaryimage"},"image":{"@id":"https:\/\/www.immobilienbusiness.ch\/unternehmen\/2017-03-07\/psp-swiss-property-luciano-gabriel-wird-vr-praesident\/#primaryimage"},"thumbnailUrl":"https:\/\/www.immobilienbusiness.ch\/wp-content\/uploads\/2017\/03\/Gabriel_Luciano_PSP-Swiss-Property_Immobilien-Business-News_07032017.jpg","datePublished":"2017-03-07T08:18:53+00:00","description":"Bei PSP Swiss Property kommt es im April zu gr\u00f6sseren personellen Ver\u00e4nderungen in der Gesch\u00e4ftsleitung. CEO Luciano Gabriel soll zum VR-Pr\u00e4sdient werden.","breadcrumb":{"@id":"https:\/\/www.immobilienbusiness.ch\/unternehmen\/2017-03-07\/psp-swiss-property-luciano-gabriel-wird-vr-praesident\/#breadcrumb"},"inLanguage":"it-IT","potentialAction":[{"@type":"ReadAction","target":["https:\/\/www.immobilienbusiness.ch\/unternehmen\/2017-03-07\/psp-swiss-property-luciano-gabriel-wird-vr-praesident\/"]}]},{"@type":"ImageObject","inLanguage":"it-IT","@id":"https:\/\/www.immobilienbusiness.ch\/unternehmen\/2017-03-07\/psp-swiss-property-luciano-gabriel-wird-vr-praesident\/#primaryimage","url":"https:\/\/www.immobilienbusiness.ch\/wp-content\/uploads\/2017\/03\/Gabriel_Luciano_PSP-Swiss-Property_Immobilien-Business-News_07032017.jpg","contentUrl":"https:\/\/www.immobilienbusiness.ch\/wp-content\/uploads\/2017\/03\/Gabriel_Luciano_PSP-Swiss-Property_Immobilien-Business-News_07032017.jpg","width":799,"height":569,"caption":"CEO Luciano Gabriel wechselt im April auf den Posten des VR-Pr\u00e4sidenten (Bild: PSP Swiss Property)"},{"@type":"BreadcrumbList","@id":"https:\/\/www.immobilienbusiness.ch\/unternehmen\/2017-03-07\/psp-swiss-property-luciano-gabriel-wird-vr-praesident\/#breadcrumb","itemListElement":[{"@type":"ListItem","position":1,"name":"Home","item":"https:\/\/www.immobilienbusiness.ch\/"},{"@type":"ListItem","position":2,"name":"PSP Swiss Property: Luciano Gabriel wird VR-Pr\u00e4sident"}]},{"@type":"WebSite","@id":"https:\/\/www.immobilienbusiness.ch\/#website","url":"https:\/\/www.immobilienbusiness.ch\/","name":"Affari immobiliari","description":"Rivista economica indipendente svizzera che si concentra sul settore immobiliare, l'architettura e la costruzione, nonch\u00e9 sugli investimenti e i finanziamenti.","publisher":{"@id":"https:\/\/www.immobilienbusiness.ch\/#organization"},"potentialAction":[{"@type":"SearchAction","target":{"@type":"EntryPoint","urlTemplate":"https:\/\/www.immobilienbusiness.ch\/?s={search_term_string}"},"query-input":{"@type":"PropertyValueSpecification","valueRequired":true,"valueName":"search_term_string"}}],"inLanguage":"it-IT"},{"@type":"Organization","@id":"https:\/\/www.immobilienbusiness.ch\/#organization","name":"Affari immobiliari","url":"https:\/\/www.immobilienbusiness.ch\/","logo":{"@type":"ImageObject","inLanguage":"it-IT","@id":"https:\/\/www.immobilienbusiness.ch\/#\/schema\/logo\/image\/","url":"https:\/\/www.immobilienbusiness.ch\/wp-content\/uploads\/2021\/07\/logo_ib.png","contentUrl":"https:\/\/www.immobilienbusiness.ch\/wp-content\/uploads\/2021\/07\/logo_ib.png","width":800,"height":181,"caption":"IMMOBILIEN Business"},"image":{"@id":"https:\/\/www.immobilienbusiness.ch\/#\/schema\/logo\/image\/"},"sameAs":["https:\/\/www.facebook.com\/immobilienbusiness\/"]},{"@type":"Person","@id":"https:\/\/www.immobilienbusiness.ch\/#\/schema\/person\/3fc036297b10b9f42d6db5ee932af8c8","name":"anja.hall","image":{"@type":"ImageObject","inLanguage":"it-IT","@id":"https:\/\/secure.gravatar.com\/avatar\/066b5a0d447013502c71a5782f4f3469f03cfe595cc2329fb94652fe47511bfb?s=96&d=mm&r=g","url":"https:\/\/secure.gravatar.com\/avatar\/066b5a0d447013502c71a5782f4f3469f03cfe595cc2329fb94652fe47511bfb?s=96&d=mm&r=g","contentUrl":"https:\/\/secure.gravatar.com\/avatar\/066b5a0d447013502c71a5782f4f3469f03cfe595cc2329fb94652fe47511bfb?s=96&d=mm&r=g","caption":"anja.hall"},"url":"https:\/\/www.immobilienbusiness.ch\/it\/author\/anja-hall\/"}]}},"_links":{"self":[{"href":"https:\/\/www.immobilienbusiness.ch\/it\/wp-json\/wp\/v2\/posts\/6593","targetHints":{"allow":["GET"]}}],"collection":[{"href":"https:\/\/www.immobilienbusiness.ch\/it\/wp-json\/wp\/v2\/posts"}],"about":[{"href":"https:\/\/www.immobilienbusiness.ch\/it\/wp-json\/wp\/v2\/types\/post"}],"author":[{"embeddable":true,"href":"https:\/\/www.immobilienbusiness.ch\/it\/wp-json\/wp\/v2\/users\/3"}],"replies":[{"embeddable":true,"href":"https:\/\/www.immobilienbusiness.ch\/it\/wp-json\/wp\/v2\/comments?post=6593"}],"version-history":[{"count":0,"href":"https:\/\/www.immobilienbusiness.ch\/it\/wp-json\/wp\/v2\/posts\/6593\/revisions"}],"wp:featuredmedia":[{"embeddable":true,"href":"https:\/\/www.immobilienbusiness.ch\/it\/wp-json\/wp\/v2\/media\/6600"}],"wp:attachment":[{"href":"https:\/\/www.immobilienbusiness.ch\/it\/wp-json\/wp\/v2\/media?parent=6593"}],"wp:term":[{"taxonomy":"category","embeddable":true,"href":"https:\/\/www.immobilienbusiness.ch\/it\/wp-json\/wp\/v2\/categories?post=6593"},{"taxonomy":"post_tag","embeddable":true,"href":"https:\/\/www.immobilienbusiness.ch\/it\/wp-json\/wp\/v2\/tags?post=6593"}],"curies":[{"name":"wp","href":"https:\/\/api.w.org\/{rel}","templated":true}]}}