{"id":65596,"date":"2025-10-01T07:00:12","date_gmt":"2025-10-01T05:00:12","guid":{"rendered":"https:\/\/www.immobilienbusiness.ch\/?p=65596"},"modified":"2025-10-02T14:38:09","modified_gmt":"2025-10-02T12:38:09","slug":"pure-swiss-termin-fuer-boersengang-steht","status":"publish","type":"post","link":"https:\/\/www.immobilienbusiness.ch\/it\/unternehmen\/2025-10-01\/pure-swiss-termin-fuer-boersengang-steht\/","title":{"rendered":"Pure Swiss: fissata la data dell'IPO"},"content":{"rendered":"<figure id=\"attachment_57372\" aria-describedby=\"caption-attachment-57372\" style=\"width: 768px\" class=\"wp-caption alignnone\"><a href=\"https:\/\/www.immobilienbusiness.ch\/wp-content\/uploads\/2024\/05\/htp-six-highres.six-image.original.2560-scaled.jpg\"><img loading=\"lazy\" decoding=\"async\" class=\"size-large wp-image-57372\" src=\"https:\/\/www.immobilienbusiness.ch\/wp-content\/uploads\/2024\/05\/htp-six-highres.six-image.original.2560-1024x683.jpg\" alt=\"Swiss Property Fund\" width=\"768\" height=\"512\" srcset=\"https:\/\/www.immobilienbusiness.ch\/wp-content\/uploads\/2024\/05\/htp-six-highres.six-image.original.2560-1024x683.jpg 1024w, https:\/\/www.immobilienbusiness.ch\/wp-content\/uploads\/2024\/05\/htp-six-highres.six-image.original.2560-300x200.jpg 300w, https:\/\/www.immobilienbusiness.ch\/wp-content\/uploads\/2024\/05\/htp-six-highres.six-image.original.2560-768x512.jpg 768w, https:\/\/www.immobilienbusiness.ch\/wp-content\/uploads\/2024\/05\/htp-six-highres.six-image.original.2560-1536x1024.jpg 1536w, https:\/\/www.immobilienbusiness.ch\/wp-content\/uploads\/2024\/05\/htp-six-highres.six-image.original.2560-2048x1366.jpg 2048w, https:\/\/www.immobilienbusiness.ch\/wp-content\/uploads\/2024\/05\/htp-six-highres.six-image.original.2560-18x12.jpg 18w, https:\/\/www.immobilienbusiness.ch\/wp-content\/uploads\/2024\/05\/htp-six-highres.six-image.original.2560-375x250.jpg 375w, https:\/\/www.immobilienbusiness.ch\/wp-content\/uploads\/2024\/05\/htp-six-highres.six-image.original.2560-525x350.jpg 525w, https:\/\/www.immobilienbusiness.ch\/wp-content\/uploads\/2024\/05\/htp-six-highres.six-image.original.2560-1000x667.jpg 1000w, https:\/\/www.immobilienbusiness.ch\/wp-content\/uploads\/2024\/05\/htp-six-highres.six-image.original.2560-scaled.jpg 1200w\" sizes=\"auto, (max-width: 768px) 100vw, 768px\" \/><\/a><figcaption id=\"caption-attachment-57372\" class=\"wp-caption-text\">Il fondo prevede di quotarsi alla borsa di Zurigo alla fine dell'anno (Immagine: Six Group)<\/figcaption><\/figure>\n<p>Il fondo immobiliare Pure Swiss Opportunity REF (PSO) intende quotarsi alla SIX Swiss Exchange il 20 ottobre. Come annunciato dalla societ\u00e0 di gestione del fondo, la Finma ha approvato le modifiche al contratto del fondo PSO in vista dell'apertura agli investitori pubblici. Il nuovo contratto del fondo entrer\u00e0 in vigore il 1\u00b0 ottobre. \"La prevista quotazione alla SIX Swiss Exchange mira ad aumentare la visibilit\u00e0 del fondo sul mercato e a facilitare la liquidit\u00e0 e l'accesso degli investitori\", scrive Pure in un comunicato stampa. Con la quotazione, il fondo dovrebbe essere incluso anche negli indici \"SXI Real Estate Broad\" e \"SXI Real Estate Funds Broad\".<\/p>\n<h3>I ricavi da locazione sono aumentati<\/h3>\n<p>Il portafoglio OSP \u00e8 composto da 17 immobili al 30 settembre 2025. I canoni di locazione netti sono aumentati da 2,9 a 3,8 milioni di franchi svizzeri nella prima met\u00e0 dell'anno, mentre l'utile netto \u00e8 passato da 1,8 a 2,8 milioni di franchi svizzeri. Le plusvalenze realizzate dalle vendite, pari a 1,9 milioni di franchi, hanno contribuito all'aumento dei proventi realizzati, passati da 1,8 a 4,7 milioni di franchi. I proventi totali sono aumentati da 1,9 a 6,4 milioni di franchi, compreso un saldo di valutazione positivo di 1,7 milioni di franchi. L'utile sul capitale investito e l'utile sul patrimonio netto sono stati pari a 4,71TP3k franchi (anno precedente: 2,01TP3k franchi).<\/p>\n<h3>Acquisti nel 1\u00b0 semestre<\/h3>\n<ul>\n<li>Zurigo, Altstetterstrasse 186 (8,37 m)<\/li>\n<li>Kriens, Kosthausstrasse 1, 3, 5 e 7 (9,60 m)<\/li>\n<li>Zurigo, Bederstrasse 103 &amp; 103a (7,25 m)<\/li>\n<li>Berna, Amthausgasse 1 (11,25 m)<\/li>\n<\/ul>\n<h3>Vendite<\/h3>\n<ul>\n<li>Moosleerau, Im Winkel 215<\/li>\n<li>Sissach, Itingerstrasse 4-14<\/li>\n<\/ul>","protected":false},"excerpt":{"rendered":"<p>Il percorso verso la quotazione \u00e8 chiaro ed \u00e8 previsto per il 20 ottobre. Nel primo semestre dell'anno, il fondo ha aumentato in modo significativo il proprio reddito netto.<\/p>","protected":false},"author":102,"featured_media":57372,"comment_status":"closed","ping_status":"closed","sticky":false,"template":"","format":"standard","meta":{"_acf_changed":false,"_yoast_wpseo_focuskw":"Pure","_yoast_wpseo_title":"","_yoast_wpseo_metadesc":"Der Weg zur Kotierung ist frei, sie soll am 20. Oktober erfolgen. Im 1. Halbjahr hat der Fonds den Nettoertrag deutlich gesteigert.","_yoast_wpseo_linkdex":72,"pgc_sgb_lightbox_settings":"","footnotes":""},"categories":[988],"tags":[1108,1290,1344,2107],"class_list":["post-65596","post","type-post","status-publish","format-standard","has-post-thumbnail","hentry","category-unternehmen","tag-boersengang","tag-halbjahresergebnis","tag-immobilienfonds","tag-pure-swiss-opportunity"],"acf":[],"yoast_head":"<!-- This site is optimized with the Yoast SEO plugin v27.4 - https:\/\/yoast.com\/product\/yoast-seo-wordpress\/ -->\n<title>Pure Swiss: Termin f\u00fcr B\u00f6rsengang steht - IMMOBILIEN Business<\/title>\n<meta name=\"description\" content=\"Der Weg zur Kotierung ist frei, sie soll am 20. Oktober erfolgen. Im 1. Halbjahr hat der Fonds den Nettoertrag deutlich gesteigert.\" \/>\n<meta name=\"robots\" content=\"index, follow, max-snippet:-1, max-image-preview:large, max-video-preview:-1\" \/>\n<link rel=\"canonical\" href=\"https:\/\/www.immobilienbusiness.ch\/it\/unternehmen\/2025-10-01\/pure-swiss-termin-fuer-boersengang-steht\/\" \/>\n<meta property=\"og:locale\" content=\"it_IT\" \/>\n<meta property=\"og:type\" content=\"article\" \/>\n<meta property=\"og:title\" content=\"Pure Swiss: Termin f\u00fcr B\u00f6rsengang steht - IMMOBILIEN Business\" \/>\n<meta property=\"og:description\" content=\"Der Weg zur Kotierung ist frei, sie soll am 20. Oktober erfolgen. Im 1. Halbjahr hat der Fonds den Nettoertrag deutlich gesteigert.\" \/>\n<meta property=\"og:url\" content=\"https:\/\/www.immobilienbusiness.ch\/it\/unternehmen\/2025-10-01\/pure-swiss-termin-fuer-boersengang-steht\/\" \/>\n<meta property=\"og:site_name\" content=\"IMMOBILIEN Business\" \/>\n<meta property=\"article:publisher\" content=\"https:\/\/www.facebook.com\/immobilienbusiness\/\" \/>\n<meta property=\"article:published_time\" content=\"2025-10-01T05:00:12+00:00\" \/>\n<meta property=\"article:modified_time\" content=\"2025-10-02T12:38:09+00:00\" \/>\n<meta property=\"og:image\" content=\"https:\/\/www.immobilienbusiness.ch\/wp-content\/uploads\/2024\/05\/htp-six-highres.six-image.original.2560-scaled.jpg\" \/>\n\t<meta property=\"og:image:width\" content=\"1200\" \/>\n\t<meta property=\"og:image:height\" content=\"801\" \/>\n\t<meta property=\"og:image:type\" content=\"image\/jpeg\" \/>\n<meta name=\"author\" content=\"Alexander Wachter\" \/>\n<meta name=\"twitter:card\" content=\"summary_large_image\" \/>\n<script type=\"application\/ld+json\" class=\"yoast-schema-graph\">{\"@context\":\"https:\\\/\\\/schema.org\",\"@graph\":[{\"@type\":\"Article\",\"@id\":\"https:\\\/\\\/www.immobilienbusiness.ch\\\/de\\\/unternehmen\\\/2025-10-01\\\/pure-swiss-termin-fuer-boersengang-steht\\\/#article\",\"isPartOf\":{\"@id\":\"https:\\\/\\\/www.immobilienbusiness.ch\\\/de\\\/unternehmen\\\/2025-10-01\\\/pure-swiss-termin-fuer-boersengang-steht\\\/\"},\"author\":{\"name\":\"Alexander Wachter\",\"@id\":\"https:\\\/\\\/www.immobilienbusiness.ch\\\/#\\\/schema\\\/person\\\/aba8bea2db926aa0c24c08c43fe1fcd5\"},\"headline\":\"Pure Swiss: Termin f\u00fcr B\u00f6rsengang steht\",\"datePublished\":\"2025-10-01T05:00:12+00:00\",\"dateModified\":\"2025-10-02T12:38:09+00:00\",\"mainEntityOfPage\":{\"@id\":\"https:\\\/\\\/www.immobilienbusiness.ch\\\/de\\\/unternehmen\\\/2025-10-01\\\/pure-swiss-termin-fuer-boersengang-steht\\\/\"},\"wordCount\":235,\"publisher\":{\"@id\":\"https:\\\/\\\/www.immobilienbusiness.ch\\\/#organization\"},\"image\":{\"@id\":\"https:\\\/\\\/www.immobilienbusiness.ch\\\/de\\\/unternehmen\\\/2025-10-01\\\/pure-swiss-termin-fuer-boersengang-steht\\\/#primaryimage\"},\"thumbnailUrl\":\"https:\\\/\\\/www.immobilienbusiness.ch\\\/wp-content\\\/uploads\\\/2024\\\/05\\\/htp-six-highres.six-image.original.2560-scaled.jpg\",\"keywords\":[\"B\u00f6rsengang\",\"Halbjahresergebnis\",\"Immobilienfonds\",\"Pure Swiss Opportunity\"],\"articleSection\":[\"UNTERNEHMEN\"],\"inLanguage\":\"it-IT\"},{\"@type\":\"WebPage\",\"@id\":\"https:\\\/\\\/www.immobilienbusiness.ch\\\/de\\\/unternehmen\\\/2025-10-01\\\/pure-swiss-termin-fuer-boersengang-steht\\\/\",\"url\":\"https:\\\/\\\/www.immobilienbusiness.ch\\\/de\\\/unternehmen\\\/2025-10-01\\\/pure-swiss-termin-fuer-boersengang-steht\\\/\",\"name\":\"Pure Swiss: Termin f\u00fcr B\u00f6rsengang steht - IMMOBILIEN Business\",\"isPartOf\":{\"@id\":\"https:\\\/\\\/www.immobilienbusiness.ch\\\/#website\"},\"primaryImageOfPage\":{\"@id\":\"https:\\\/\\\/www.immobilienbusiness.ch\\\/de\\\/unternehmen\\\/2025-10-01\\\/pure-swiss-termin-fuer-boersengang-steht\\\/#primaryimage\"},\"image\":{\"@id\":\"https:\\\/\\\/www.immobilienbusiness.ch\\\/de\\\/unternehmen\\\/2025-10-01\\\/pure-swiss-termin-fuer-boersengang-steht\\\/#primaryimage\"},\"thumbnailUrl\":\"https:\\\/\\\/www.immobilienbusiness.ch\\\/wp-content\\\/uploads\\\/2024\\\/05\\\/htp-six-highres.six-image.original.2560-scaled.jpg\",\"datePublished\":\"2025-10-01T05:00:12+00:00\",\"dateModified\":\"2025-10-02T12:38:09+00:00\",\"description\":\"Der Weg zur Kotierung ist frei, sie soll am 20. Oktober erfolgen. Im 1. Halbjahr hat der Fonds den Nettoertrag deutlich gesteigert.\",\"breadcrumb\":{\"@id\":\"https:\\\/\\\/www.immobilienbusiness.ch\\\/de\\\/unternehmen\\\/2025-10-01\\\/pure-swiss-termin-fuer-boersengang-steht\\\/#breadcrumb\"},\"inLanguage\":\"it-IT\",\"potentialAction\":[{\"@type\":\"ReadAction\",\"target\":[\"https:\\\/\\\/www.immobilienbusiness.ch\\\/de\\\/unternehmen\\\/2025-10-01\\\/pure-swiss-termin-fuer-boersengang-steht\\\/\"]}]},{\"@type\":\"ImageObject\",\"inLanguage\":\"it-IT\",\"@id\":\"https:\\\/\\\/www.immobilienbusiness.ch\\\/de\\\/unternehmen\\\/2025-10-01\\\/pure-swiss-termin-fuer-boersengang-steht\\\/#primaryimage\",\"url\":\"https:\\\/\\\/www.immobilienbusiness.ch\\\/wp-content\\\/uploads\\\/2024\\\/05\\\/htp-six-highres.six-image.original.2560-scaled.jpg\",\"contentUrl\":\"https:\\\/\\\/www.immobilienbusiness.ch\\\/wp-content\\\/uploads\\\/2024\\\/05\\\/htp-six-highres.six-image.original.2560-scaled.jpg\",\"width\":1200,\"height\":801,\"caption\":\"Die Z\u00fcrcher B\u00f6rse SIX hat ihren Sitz an der Pfingstweidstrasse in Z\u00fcrich (Bild: Six Group)\"},{\"@type\":\"BreadcrumbList\",\"@id\":\"https:\\\/\\\/www.immobilienbusiness.ch\\\/de\\\/unternehmen\\\/2025-10-01\\\/pure-swiss-termin-fuer-boersengang-steht\\\/#breadcrumb\",\"itemListElement\":[{\"@type\":\"ListItem\",\"position\":1,\"name\":\"Home\",\"item\":\"https:\\\/\\\/www.immobilienbusiness.ch\\\/\"},{\"@type\":\"ListItem\",\"position\":2,\"name\":\"Pure Swiss: Termin f\u00fcr B\u00f6rsengang steht\"}]},{\"@type\":\"WebSite\",\"@id\":\"https:\\\/\\\/www.immobilienbusiness.ch\\\/#website\",\"url\":\"https:\\\/\\\/www.immobilienbusiness.ch\\\/\",\"name\":\"IMMOBILIEN Business\",\"description\":\"Unabh\u00e4ngiges Schweizer Wirtschaftsmagazin mit Fokus auf Immobilien, Architektur- und Bau sowie Investment- und Finanzierung.\",\"publisher\":{\"@id\":\"https:\\\/\\\/www.immobilienbusiness.ch\\\/#organization\"},\"potentialAction\":[{\"@type\":\"SearchAction\",\"target\":{\"@type\":\"EntryPoint\",\"urlTemplate\":\"https:\\\/\\\/www.immobilienbusiness.ch\\\/?s={search_term_string}\"},\"query-input\":{\"@type\":\"PropertyValueSpecification\",\"valueRequired\":true,\"valueName\":\"search_term_string\"}}],\"inLanguage\":\"it-IT\"},{\"@type\":\"Organization\",\"@id\":\"https:\\\/\\\/www.immobilienbusiness.ch\\\/#organization\",\"name\":\"IMMOBILIEN Business\",\"url\":\"https:\\\/\\\/www.immobilienbusiness.ch\\\/\",\"logo\":{\"@type\":\"ImageObject\",\"inLanguage\":\"it-IT\",\"@id\":\"https:\\\/\\\/www.immobilienbusiness.ch\\\/#\\\/schema\\\/logo\\\/image\\\/\",\"url\":\"https:\\\/\\\/www.immobilienbusiness.ch\\\/wp-content\\\/uploads\\\/2021\\\/07\\\/logo_ib.png\",\"contentUrl\":\"https:\\\/\\\/www.immobilienbusiness.ch\\\/wp-content\\\/uploads\\\/2021\\\/07\\\/logo_ib.png\",\"width\":800,\"height\":181,\"caption\":\"IMMOBILIEN Business\"},\"image\":{\"@id\":\"https:\\\/\\\/www.immobilienbusiness.ch\\\/#\\\/schema\\\/logo\\\/image\\\/\"},\"sameAs\":[\"https:\\\/\\\/www.facebook.com\\\/immobilienbusiness\\\/\"]},{\"@type\":\"Person\",\"@id\":\"https:\\\/\\\/www.immobilienbusiness.ch\\\/#\\\/schema\\\/person\\\/aba8bea2db926aa0c24c08c43fe1fcd5\",\"name\":\"Alexander Wachter\",\"image\":{\"@type\":\"ImageObject\",\"inLanguage\":\"it-IT\",\"@id\":\"https:\\\/\\\/secure.gravatar.com\\\/avatar\\\/1a09e471f5389b0e0a6416eac287e0927c7c97a7b77f9e787eba3af7aee281dd?s=96&d=mm&r=g\",\"url\":\"https:\\\/\\\/secure.gravatar.com\\\/avatar\\\/1a09e471f5389b0e0a6416eac287e0927c7c97a7b77f9e787eba3af7aee281dd?s=96&d=mm&r=g\",\"contentUrl\":\"https:\\\/\\\/secure.gravatar.com\\\/avatar\\\/1a09e471f5389b0e0a6416eac287e0927c7c97a7b77f9e787eba3af7aee281dd?s=96&d=mm&r=g\",\"caption\":\"Alexander Wachter\"},\"url\":\"https:\\\/\\\/www.immobilienbusiness.ch\\\/it\\\/author\\\/alexander-wachter\\\/\"}]}<\/script>\n<!-- \/ Yoast SEO plugin. -->","yoast_head_json":{"title":"Pure Swiss: fissata la data dell'IPO - IMMOBILIEN Business","description":"Il percorso verso la quotazione \u00e8 chiaro ed \u00e8 previsto per il 20 ottobre. Nel primo semestre dell'anno, il fondo ha aumentato in modo significativo il proprio reddito netto.","robots":{"index":"index","follow":"follow","max-snippet":"max-snippet:-1","max-image-preview":"max-image-preview:large","max-video-preview":"max-video-preview:-1"},"canonical":"https:\/\/www.immobilienbusiness.ch\/it\/unternehmen\/2025-10-01\/pure-swiss-termin-fuer-boersengang-steht\/","og_locale":"it_IT","og_type":"article","og_title":"Pure Swiss: Termin f\u00fcr B\u00f6rsengang steht - IMMOBILIEN Business","og_description":"Der Weg zur Kotierung ist frei, sie soll am 20. Oktober erfolgen. Im 1. Halbjahr hat der Fonds den Nettoertrag deutlich gesteigert.","og_url":"https:\/\/www.immobilienbusiness.ch\/it\/unternehmen\/2025-10-01\/pure-swiss-termin-fuer-boersengang-steht\/","og_site_name":"IMMOBILIEN Business","article_publisher":"https:\/\/www.facebook.com\/immobilienbusiness\/","article_published_time":"2025-10-01T05:00:12+00:00","article_modified_time":"2025-10-02T12:38:09+00:00","og_image":[{"width":1200,"height":801,"url":"https:\/\/www.immobilienbusiness.ch\/wp-content\/uploads\/2024\/05\/htp-six-highres.six-image.original.2560-scaled.jpg","type":"image\/jpeg"}],"author":"Alexander Wachter","twitter_card":"summary_large_image","schema":{"@context":"https:\/\/schema.org","@graph":[{"@type":"Article","@id":"https:\/\/www.immobilienbusiness.ch\/de\/unternehmen\/2025-10-01\/pure-swiss-termin-fuer-boersengang-steht\/#article","isPartOf":{"@id":"https:\/\/www.immobilienbusiness.ch\/de\/unternehmen\/2025-10-01\/pure-swiss-termin-fuer-boersengang-steht\/"},"author":{"name":"Alexander Wachter","@id":"https:\/\/www.immobilienbusiness.ch\/#\/schema\/person\/aba8bea2db926aa0c24c08c43fe1fcd5"},"headline":"Pure Swiss: Termin f\u00fcr B\u00f6rsengang steht","datePublished":"2025-10-01T05:00:12+00:00","dateModified":"2025-10-02T12:38:09+00:00","mainEntityOfPage":{"@id":"https:\/\/www.immobilienbusiness.ch\/de\/unternehmen\/2025-10-01\/pure-swiss-termin-fuer-boersengang-steht\/"},"wordCount":235,"publisher":{"@id":"https:\/\/www.immobilienbusiness.ch\/#organization"},"image":{"@id":"https:\/\/www.immobilienbusiness.ch\/de\/unternehmen\/2025-10-01\/pure-swiss-termin-fuer-boersengang-steht\/#primaryimage"},"thumbnailUrl":"https:\/\/www.immobilienbusiness.ch\/wp-content\/uploads\/2024\/05\/htp-six-highres.six-image.original.2560-scaled.jpg","keywords":["B\u00f6rsengang","Halbjahresergebnis","Immobilienfonds","Pure Swiss Opportunity"],"articleSection":["UNTERNEHMEN"],"inLanguage":"it-IT"},{"@type":"WebPage","@id":"https:\/\/www.immobilienbusiness.ch\/de\/unternehmen\/2025-10-01\/pure-swiss-termin-fuer-boersengang-steht\/","url":"https:\/\/www.immobilienbusiness.ch\/de\/unternehmen\/2025-10-01\/pure-swiss-termin-fuer-boersengang-steht\/","name":"Pure Swiss: fissata la data dell'IPO - IMMOBILIEN Business","isPartOf":{"@id":"https:\/\/www.immobilienbusiness.ch\/#website"},"primaryImageOfPage":{"@id":"https:\/\/www.immobilienbusiness.ch\/de\/unternehmen\/2025-10-01\/pure-swiss-termin-fuer-boersengang-steht\/#primaryimage"},"image":{"@id":"https:\/\/www.immobilienbusiness.ch\/de\/unternehmen\/2025-10-01\/pure-swiss-termin-fuer-boersengang-steht\/#primaryimage"},"thumbnailUrl":"https:\/\/www.immobilienbusiness.ch\/wp-content\/uploads\/2024\/05\/htp-six-highres.six-image.original.2560-scaled.jpg","datePublished":"2025-10-01T05:00:12+00:00","dateModified":"2025-10-02T12:38:09+00:00","description":"Il percorso verso la quotazione \u00e8 chiaro ed \u00e8 previsto per il 20 ottobre. Nel primo semestre dell'anno, il fondo ha aumentato in modo significativo il proprio reddito netto.","breadcrumb":{"@id":"https:\/\/www.immobilienbusiness.ch\/de\/unternehmen\/2025-10-01\/pure-swiss-termin-fuer-boersengang-steht\/#breadcrumb"},"inLanguage":"it-IT","potentialAction":[{"@type":"ReadAction","target":["https:\/\/www.immobilienbusiness.ch\/de\/unternehmen\/2025-10-01\/pure-swiss-termin-fuer-boersengang-steht\/"]}]},{"@type":"ImageObject","inLanguage":"it-IT","@id":"https:\/\/www.immobilienbusiness.ch\/de\/unternehmen\/2025-10-01\/pure-swiss-termin-fuer-boersengang-steht\/#primaryimage","url":"https:\/\/www.immobilienbusiness.ch\/wp-content\/uploads\/2024\/05\/htp-six-highres.six-image.original.2560-scaled.jpg","contentUrl":"https:\/\/www.immobilienbusiness.ch\/wp-content\/uploads\/2024\/05\/htp-six-highres.six-image.original.2560-scaled.jpg","width":1200,"height":801,"caption":"Die Z\u00fcrcher B\u00f6rse SIX hat ihren Sitz an der Pfingstweidstrasse in Z\u00fcrich (Bild: Six Group)"},{"@type":"BreadcrumbList","@id":"https:\/\/www.immobilienbusiness.ch\/de\/unternehmen\/2025-10-01\/pure-swiss-termin-fuer-boersengang-steht\/#breadcrumb","itemListElement":[{"@type":"ListItem","position":1,"name":"Home","item":"https:\/\/www.immobilienbusiness.ch\/"},{"@type":"ListItem","position":2,"name":"Pure Swiss: Termin f\u00fcr B\u00f6rsengang steht"}]},{"@type":"WebSite","@id":"https:\/\/www.immobilienbusiness.ch\/#website","url":"https:\/\/www.immobilienbusiness.ch\/","name":"Affari immobiliari","description":"Rivista economica indipendente svizzera che si concentra sul settore immobiliare, l'architettura e la costruzione, nonch\u00e9 sugli investimenti e i finanziamenti.","publisher":{"@id":"https:\/\/www.immobilienbusiness.ch\/#organization"},"potentialAction":[{"@type":"SearchAction","target":{"@type":"EntryPoint","urlTemplate":"https:\/\/www.immobilienbusiness.ch\/?s={search_term_string}"},"query-input":{"@type":"PropertyValueSpecification","valueRequired":true,"valueName":"search_term_string"}}],"inLanguage":"it-IT"},{"@type":"Organization","@id":"https:\/\/www.immobilienbusiness.ch\/#organization","name":"Affari immobiliari","url":"https:\/\/www.immobilienbusiness.ch\/","logo":{"@type":"ImageObject","inLanguage":"it-IT","@id":"https:\/\/www.immobilienbusiness.ch\/#\/schema\/logo\/image\/","url":"https:\/\/www.immobilienbusiness.ch\/wp-content\/uploads\/2021\/07\/logo_ib.png","contentUrl":"https:\/\/www.immobilienbusiness.ch\/wp-content\/uploads\/2021\/07\/logo_ib.png","width":800,"height":181,"caption":"IMMOBILIEN Business"},"image":{"@id":"https:\/\/www.immobilienbusiness.ch\/#\/schema\/logo\/image\/"},"sameAs":["https:\/\/www.facebook.com\/immobilienbusiness\/"]},{"@type":"Person","@id":"https:\/\/www.immobilienbusiness.ch\/#\/schema\/person\/aba8bea2db926aa0c24c08c43fe1fcd5","name":"Alexander Wachter","image":{"@type":"ImageObject","inLanguage":"it-IT","@id":"https:\/\/secure.gravatar.com\/avatar\/1a09e471f5389b0e0a6416eac287e0927c7c97a7b77f9e787eba3af7aee281dd?s=96&d=mm&r=g","url":"https:\/\/secure.gravatar.com\/avatar\/1a09e471f5389b0e0a6416eac287e0927c7c97a7b77f9e787eba3af7aee281dd?s=96&d=mm&r=g","contentUrl":"https:\/\/secure.gravatar.com\/avatar\/1a09e471f5389b0e0a6416eac287e0927c7c97a7b77f9e787eba3af7aee281dd?s=96&d=mm&r=g","caption":"Alexander Wachter"},"url":"https:\/\/www.immobilienbusiness.ch\/it\/author\/alexander-wachter\/"}]}},"_links":{"self":[{"href":"https:\/\/www.immobilienbusiness.ch\/it\/wp-json\/wp\/v2\/posts\/65596","targetHints":{"allow":["GET"]}}],"collection":[{"href":"https:\/\/www.immobilienbusiness.ch\/it\/wp-json\/wp\/v2\/posts"}],"about":[{"href":"https:\/\/www.immobilienbusiness.ch\/it\/wp-json\/wp\/v2\/types\/post"}],"author":[{"embeddable":true,"href":"https:\/\/www.immobilienbusiness.ch\/it\/wp-json\/wp\/v2\/users\/102"}],"replies":[{"embeddable":true,"href":"https:\/\/www.immobilienbusiness.ch\/it\/wp-json\/wp\/v2\/comments?post=65596"}],"version-history":[{"count":4,"href":"https:\/\/www.immobilienbusiness.ch\/it\/wp-json\/wp\/v2\/posts\/65596\/revisions"}],"predecessor-version":[{"id":65651,"href":"https:\/\/www.immobilienbusiness.ch\/it\/wp-json\/wp\/v2\/posts\/65596\/revisions\/65651"}],"wp:featuredmedia":[{"embeddable":true,"href":"https:\/\/www.immobilienbusiness.ch\/it\/wp-json\/wp\/v2\/media\/57372"}],"wp:attachment":[{"href":"https:\/\/www.immobilienbusiness.ch\/it\/wp-json\/wp\/v2\/media?parent=65596"}],"wp:term":[{"taxonomy":"category","embeddable":true,"href":"https:\/\/www.immobilienbusiness.ch\/it\/wp-json\/wp\/v2\/categories?post=65596"},{"taxonomy":"post_tag","embeddable":true,"href":"https:\/\/www.immobilienbusiness.ch\/it\/wp-json\/wp\/v2\/tags?post=65596"}],"curies":[{"name":"wp","href":"https:\/\/api.w.org\/{rel}","templated":true}]}}