{"id":65554,"date":"2025-09-29T02:55:52","date_gmt":"2025-09-29T00:55:52","guid":{"rendered":"https:\/\/www.immobilienbusiness.ch\/?p=65554"},"modified":"2025-10-02T11:13:32","modified_gmt":"2025-10-02T09:13:32","slug":"bonhote-immobilier-sicav-wechselt-die-fondsleitung","status":"publish","type":"post","link":"https:\/\/www.immobilienbusiness.ch\/it\/unternehmen\/2025-09-29\/bonhote-immobilier-sicav-wechselt-die-fondsleitung\/","title":{"rendered":"Bonh\u00f4te-Immobilier SICAV cambia la societ\u00e0 di gestione del fondo"},"content":{"rendered":"<figure id=\"attachment_65555\" aria-describedby=\"caption-attachment-65555\" style=\"width: 768px\" class=\"wp-caption alignnone\"><a href=\"https:\/\/www.immobilienbusiness.ch\/wp-content\/uploads\/2025\/09\/Depositphotos_437811416_L-Management-scaled.jpg\"><img loading=\"lazy\" decoding=\"async\" class=\"size-large wp-image-65555\" src=\"https:\/\/www.immobilienbusiness.ch\/wp-content\/uploads\/2025\/09\/Depositphotos_437811416_L-Management-1024x684.jpg\" alt=\"\" width=\"768\" height=\"513\" srcset=\"https:\/\/www.immobilienbusiness.ch\/wp-content\/uploads\/2025\/09\/Depositphotos_437811416_L-Management-1024x684.jpg 1024w, https:\/\/www.immobilienbusiness.ch\/wp-content\/uploads\/2025\/09\/Depositphotos_437811416_L-Management-300x200.jpg 300w, https:\/\/www.immobilienbusiness.ch\/wp-content\/uploads\/2025\/09\/Depositphotos_437811416_L-Management-768x513.jpg 768w, https:\/\/www.immobilienbusiness.ch\/wp-content\/uploads\/2025\/09\/Depositphotos_437811416_L-Management-1536x1025.jpg 1536w, https:\/\/www.immobilienbusiness.ch\/wp-content\/uploads\/2025\/09\/Depositphotos_437811416_L-Management-18x12.jpg 18w, https:\/\/www.immobilienbusiness.ch\/wp-content\/uploads\/2025\/09\/Depositphotos_437811416_L-Management-375x250.jpg 375w, https:\/\/www.immobilienbusiness.ch\/wp-content\/uploads\/2025\/09\/Depositphotos_437811416_L-Management-524x350.jpg 524w, https:\/\/www.immobilienbusiness.ch\/wp-content\/uploads\/2025\/09\/Depositphotos_437811416_L-Management-1000x668.jpg 1000w, https:\/\/www.immobilienbusiness.ch\/wp-content\/uploads\/2025\/09\/Depositphotos_437811416_L-Management-scaled.jpg 1200w\" sizes=\"auto, (max-width: 768px) 100vw, 768px\" \/><\/a><figcaption id=\"caption-attachment-65555\" class=\"wp-caption-text\">Una nuova societ\u00e0 di gestione di fondi rilever\u00e0 la SICAV Bonh\u00f4te (Immagine: \u00a9 Depositphotos)<\/figcaption><\/figure>\n<p>L'Assemblea generale straordinaria di Bonh\u00f4te-Immobilier SICAV voter\u00e0 sul cambio della societ\u00e0 di gestione del fondo. Secondo l'invito, il passaggio da Caceis (Svizzera) SA a Solutions &amp; Funds SA \u00e8 previsto per il 1\u00b0 gennaio. Il Consiglio di amministrazione ha inoltre deciso di cambiare la banca depositaria con la Banque Cantonale Vaudoise (BCV) di Losanna. Anche questa funzione era svolta in precedenza da Caceis Bank. Infine, \u00e8 previsto anche un cambio di revisore dei conti. In futuro, PwC agir\u00e0 come revisore dei conti al posto di KPMG. Tutti i cambiamenti sono soggetti all'approvazione dell'Autorit\u00e0 svizzera di vigilanza sui mercati finanziari Finma. <em>(aw)<\/em><\/p>","protected":false},"excerpt":{"rendered":"<p>Secondo l'invito all'Assemblea generale straordinaria, in futuro il fondo sar\u00e0 gestito da Solutions &amp; Funds.<\/p>","protected":false},"author":102,"featured_media":65555,"comment_status":"closed","ping_status":"closed","sticky":false,"template":"","format":"standard","meta":{"_acf_changed":false,"_yoast_wpseo_focuskw":"Bonh\u00f4te","_yoast_wpseo_title":"","_yoast_wpseo_metadesc":"Laut dem Einladungstext zu einer ausserordentlichen Generalversammlung soll der Fonds k\u00fcnftig von Solutions & Funds gef\u00fchrt werden.","_yoast_wpseo_linkdex":65,"pgc_sgb_lightbox_settings":"","footnotes":""},"categories":[988],"tags":[3664,4004,1344,3614],"class_list":["post-65554","post","type-post","status-publish","format-standard","has-post-thumbnail","hentry","category-unternehmen","tag-bonhote","tag-caceis","tag-immobilienfonds","tag-solutions-funds"],"acf":[],"yoast_head":"<!-- This site is optimized with the Yoast SEO plugin v27.4 - https:\/\/yoast.com\/product\/yoast-seo-wordpress\/ -->\n<title>Bonh\u00f4te-Immobilier SICAV wechselt die Fondsleitung - IMMOBILIEN Business<\/title>\n<meta name=\"description\" content=\"Laut dem Einladungstext zu einer ausserordentlichen Generalversammlung soll der Fonds k\u00fcnftig von Solutions &amp; Funds gef\u00fchrt werden.\" \/>\n<meta name=\"robots\" content=\"index, follow, max-snippet:-1, max-image-preview:large, max-video-preview:-1\" \/>\n<link rel=\"canonical\" href=\"https:\/\/www.immobilienbusiness.ch\/it\/unternehmen\/2025-09-29\/bonhote-immobilier-sicav-wechselt-die-fondsleitung\/\" \/>\n<meta property=\"og:locale\" content=\"it_IT\" \/>\n<meta property=\"og:type\" content=\"article\" \/>\n<meta property=\"og:title\" content=\"Bonh\u00f4te-Immobilier SICAV wechselt die Fondsleitung - IMMOBILIEN Business\" \/>\n<meta property=\"og:description\" content=\"Laut dem Einladungstext zu einer ausserordentlichen Generalversammlung soll der Fonds k\u00fcnftig von Solutions &amp; Funds gef\u00fchrt werden.\" \/>\n<meta property=\"og:url\" content=\"https:\/\/www.immobilienbusiness.ch\/it\/unternehmen\/2025-09-29\/bonhote-immobilier-sicav-wechselt-die-fondsleitung\/\" \/>\n<meta property=\"og:site_name\" content=\"IMMOBILIEN Business\" \/>\n<meta property=\"article:publisher\" content=\"https:\/\/www.facebook.com\/immobilienbusiness\/\" \/>\n<meta property=\"article:published_time\" content=\"2025-09-29T00:55:52+00:00\" \/>\n<meta property=\"article:modified_time\" content=\"2025-10-02T09:13:32+00:00\" \/>\n<meta property=\"og:image\" content=\"https:\/\/www.immobilienbusiness.ch\/wp-content\/uploads\/2025\/09\/Depositphotos_437811416_L-Management-scaled.jpg\" \/>\n\t<meta property=\"og:image:width\" content=\"1200\" \/>\n\t<meta property=\"og:image:height\" content=\"801\" \/>\n\t<meta property=\"og:image:type\" content=\"image\/jpeg\" \/>\n<meta name=\"author\" content=\"Alexander Wachter\" \/>\n<meta name=\"twitter:card\" content=\"summary_large_image\" \/>\n<script type=\"application\/ld+json\" class=\"yoast-schema-graph\">{\"@context\":\"https:\\\/\\\/schema.org\",\"@graph\":[{\"@type\":\"Article\",\"@id\":\"https:\\\/\\\/www.immobilienbusiness.ch\\\/unternehmen\\\/2025-09-29\\\/bonhote-immobilier-sicav-wechselt-die-fondsleitung\\\/#article\",\"isPartOf\":{\"@id\":\"https:\\\/\\\/www.immobilienbusiness.ch\\\/unternehmen\\\/2025-09-29\\\/bonhote-immobilier-sicav-wechselt-die-fondsleitung\\\/\"},\"author\":{\"name\":\"Alexander Wachter\",\"@id\":\"https:\\\/\\\/www.immobilienbusiness.ch\\\/#\\\/schema\\\/person\\\/aba8bea2db926aa0c24c08c43fe1fcd5\"},\"headline\":\"Bonh\u00f4te-Immobilier SICAV wechselt die Fondsleitung\",\"datePublished\":\"2025-09-29T00:55:52+00:00\",\"dateModified\":\"2025-10-02T09:13:32+00:00\",\"mainEntityOfPage\":{\"@id\":\"https:\\\/\\\/www.immobilienbusiness.ch\\\/unternehmen\\\/2025-09-29\\\/bonhote-immobilier-sicav-wechselt-die-fondsleitung\\\/\"},\"wordCount\":116,\"publisher\":{\"@id\":\"https:\\\/\\\/www.immobilienbusiness.ch\\\/#organization\"},\"image\":{\"@id\":\"https:\\\/\\\/www.immobilienbusiness.ch\\\/unternehmen\\\/2025-09-29\\\/bonhote-immobilier-sicav-wechselt-die-fondsleitung\\\/#primaryimage\"},\"thumbnailUrl\":\"https:\\\/\\\/www.immobilienbusiness.ch\\\/wp-content\\\/uploads\\\/2025\\\/09\\\/Depositphotos_437811416_L-Management-scaled.jpg\",\"keywords\":[\"Bonh\u00f4te\",\"Caceis\",\"Immobilienfonds\",\"Solutions &amp; Funds\"],\"articleSection\":[\"UNTERNEHMEN\"],\"inLanguage\":\"it-IT\"},{\"@type\":\"WebPage\",\"@id\":\"https:\\\/\\\/www.immobilienbusiness.ch\\\/unternehmen\\\/2025-09-29\\\/bonhote-immobilier-sicav-wechselt-die-fondsleitung\\\/\",\"url\":\"https:\\\/\\\/www.immobilienbusiness.ch\\\/unternehmen\\\/2025-09-29\\\/bonhote-immobilier-sicav-wechselt-die-fondsleitung\\\/\",\"name\":\"Bonh\u00f4te-Immobilier SICAV wechselt die Fondsleitung - IMMOBILIEN Business\",\"isPartOf\":{\"@id\":\"https:\\\/\\\/www.immobilienbusiness.ch\\\/#website\"},\"primaryImageOfPage\":{\"@id\":\"https:\\\/\\\/www.immobilienbusiness.ch\\\/unternehmen\\\/2025-09-29\\\/bonhote-immobilier-sicav-wechselt-die-fondsleitung\\\/#primaryimage\"},\"image\":{\"@id\":\"https:\\\/\\\/www.immobilienbusiness.ch\\\/unternehmen\\\/2025-09-29\\\/bonhote-immobilier-sicav-wechselt-die-fondsleitung\\\/#primaryimage\"},\"thumbnailUrl\":\"https:\\\/\\\/www.immobilienbusiness.ch\\\/wp-content\\\/uploads\\\/2025\\\/09\\\/Depositphotos_437811416_L-Management-scaled.jpg\",\"datePublished\":\"2025-09-29T00:55:52+00:00\",\"dateModified\":\"2025-10-02T09:13:32+00:00\",\"description\":\"Laut dem Einladungstext zu einer ausserordentlichen Generalversammlung soll der Fonds k\u00fcnftig von Solutions & Funds gef\u00fchrt werden.\",\"breadcrumb\":{\"@id\":\"https:\\\/\\\/www.immobilienbusiness.ch\\\/unternehmen\\\/2025-09-29\\\/bonhote-immobilier-sicav-wechselt-die-fondsleitung\\\/#breadcrumb\"},\"inLanguage\":\"it-IT\",\"potentialAction\":[{\"@type\":\"ReadAction\",\"target\":[\"https:\\\/\\\/www.immobilienbusiness.ch\\\/unternehmen\\\/2025-09-29\\\/bonhote-immobilier-sicav-wechselt-die-fondsleitung\\\/\"]}]},{\"@type\":\"ImageObject\",\"inLanguage\":\"it-IT\",\"@id\":\"https:\\\/\\\/www.immobilienbusiness.ch\\\/unternehmen\\\/2025-09-29\\\/bonhote-immobilier-sicav-wechselt-die-fondsleitung\\\/#primaryimage\",\"url\":\"https:\\\/\\\/www.immobilienbusiness.ch\\\/wp-content\\\/uploads\\\/2025\\\/09\\\/Depositphotos_437811416_L-Management-scaled.jpg\",\"contentUrl\":\"https:\\\/\\\/www.immobilienbusiness.ch\\\/wp-content\\\/uploads\\\/2025\\\/09\\\/Depositphotos_437811416_L-Management-scaled.jpg\",\"width\":1200,\"height\":801,\"caption\":\"Eine neue Fondsleitung soll bei Bonh\u00f4te-SICAV \u00fcbernehmen (Bild: \u00a9 Depositphotos)\"},{\"@type\":\"BreadcrumbList\",\"@id\":\"https:\\\/\\\/www.immobilienbusiness.ch\\\/unternehmen\\\/2025-09-29\\\/bonhote-immobilier-sicav-wechselt-die-fondsleitung\\\/#breadcrumb\",\"itemListElement\":[{\"@type\":\"ListItem\",\"position\":1,\"name\":\"Home\",\"item\":\"https:\\\/\\\/www.immobilienbusiness.ch\\\/\"},{\"@type\":\"ListItem\",\"position\":2,\"name\":\"Bonh\u00f4te-Immobilier SICAV wechselt die Fondsleitung\"}]},{\"@type\":\"WebSite\",\"@id\":\"https:\\\/\\\/www.immobilienbusiness.ch\\\/#website\",\"url\":\"https:\\\/\\\/www.immobilienbusiness.ch\\\/\",\"name\":\"IMMOBILIEN Business\",\"description\":\"Unabh\u00e4ngiges Schweizer Wirtschaftsmagazin mit Fokus auf Immobilien, Architektur- und Bau sowie Investment- und Finanzierung.\",\"publisher\":{\"@id\":\"https:\\\/\\\/www.immobilienbusiness.ch\\\/#organization\"},\"potentialAction\":[{\"@type\":\"SearchAction\",\"target\":{\"@type\":\"EntryPoint\",\"urlTemplate\":\"https:\\\/\\\/www.immobilienbusiness.ch\\\/?s={search_term_string}\"},\"query-input\":{\"@type\":\"PropertyValueSpecification\",\"valueRequired\":true,\"valueName\":\"search_term_string\"}}],\"inLanguage\":\"it-IT\"},{\"@type\":\"Organization\",\"@id\":\"https:\\\/\\\/www.immobilienbusiness.ch\\\/#organization\",\"name\":\"IMMOBILIEN Business\",\"url\":\"https:\\\/\\\/www.immobilienbusiness.ch\\\/\",\"logo\":{\"@type\":\"ImageObject\",\"inLanguage\":\"it-IT\",\"@id\":\"https:\\\/\\\/www.immobilienbusiness.ch\\\/#\\\/schema\\\/logo\\\/image\\\/\",\"url\":\"https:\\\/\\\/www.immobilienbusiness.ch\\\/wp-content\\\/uploads\\\/2021\\\/07\\\/logo_ib.png\",\"contentUrl\":\"https:\\\/\\\/www.immobilienbusiness.ch\\\/wp-content\\\/uploads\\\/2021\\\/07\\\/logo_ib.png\",\"width\":800,\"height\":181,\"caption\":\"IMMOBILIEN Business\"},\"image\":{\"@id\":\"https:\\\/\\\/www.immobilienbusiness.ch\\\/#\\\/schema\\\/logo\\\/image\\\/\"},\"sameAs\":[\"https:\\\/\\\/www.facebook.com\\\/immobilienbusiness\\\/\"]},{\"@type\":\"Person\",\"@id\":\"https:\\\/\\\/www.immobilienbusiness.ch\\\/#\\\/schema\\\/person\\\/aba8bea2db926aa0c24c08c43fe1fcd5\",\"name\":\"Alexander Wachter\",\"image\":{\"@type\":\"ImageObject\",\"inLanguage\":\"it-IT\",\"@id\":\"https:\\\/\\\/secure.gravatar.com\\\/avatar\\\/1a09e471f5389b0e0a6416eac287e0927c7c97a7b77f9e787eba3af7aee281dd?s=96&d=mm&r=g\",\"url\":\"https:\\\/\\\/secure.gravatar.com\\\/avatar\\\/1a09e471f5389b0e0a6416eac287e0927c7c97a7b77f9e787eba3af7aee281dd?s=96&d=mm&r=g\",\"contentUrl\":\"https:\\\/\\\/secure.gravatar.com\\\/avatar\\\/1a09e471f5389b0e0a6416eac287e0927c7c97a7b77f9e787eba3af7aee281dd?s=96&d=mm&r=g\",\"caption\":\"Alexander Wachter\"},\"url\":\"https:\\\/\\\/www.immobilienbusiness.ch\\\/it\\\/author\\\/alexander-wachter\\\/\"}]}<\/script>\n<!-- \/ Yoast SEO plugin. -->","yoast_head_json":{"title":"Bonh\u00f4te-Immobilier SICAV cambia la gestione del fondo - IMMOBILIEN Business","description":"Secondo l'invito all'Assemblea generale straordinaria, in futuro il fondo sar\u00e0 gestito da Solutions &amp; Funds.","robots":{"index":"index","follow":"follow","max-snippet":"max-snippet:-1","max-image-preview":"max-image-preview:large","max-video-preview":"max-video-preview:-1"},"canonical":"https:\/\/www.immobilienbusiness.ch\/it\/unternehmen\/2025-09-29\/bonhote-immobilier-sicav-wechselt-die-fondsleitung\/","og_locale":"it_IT","og_type":"article","og_title":"Bonh\u00f4te-Immobilier SICAV wechselt die Fondsleitung - IMMOBILIEN Business","og_description":"Laut dem Einladungstext zu einer ausserordentlichen Generalversammlung soll der Fonds k\u00fcnftig von Solutions & Funds gef\u00fchrt werden.","og_url":"https:\/\/www.immobilienbusiness.ch\/it\/unternehmen\/2025-09-29\/bonhote-immobilier-sicav-wechselt-die-fondsleitung\/","og_site_name":"IMMOBILIEN Business","article_publisher":"https:\/\/www.facebook.com\/immobilienbusiness\/","article_published_time":"2025-09-29T00:55:52+00:00","article_modified_time":"2025-10-02T09:13:32+00:00","og_image":[{"width":1200,"height":801,"url":"https:\/\/www.immobilienbusiness.ch\/wp-content\/uploads\/2025\/09\/Depositphotos_437811416_L-Management-scaled.jpg","type":"image\/jpeg"}],"author":"Alexander Wachter","twitter_card":"summary_large_image","schema":{"@context":"https:\/\/schema.org","@graph":[{"@type":"Article","@id":"https:\/\/www.immobilienbusiness.ch\/unternehmen\/2025-09-29\/bonhote-immobilier-sicav-wechselt-die-fondsleitung\/#article","isPartOf":{"@id":"https:\/\/www.immobilienbusiness.ch\/unternehmen\/2025-09-29\/bonhote-immobilier-sicav-wechselt-die-fondsleitung\/"},"author":{"name":"Alexander Wachter","@id":"https:\/\/www.immobilienbusiness.ch\/#\/schema\/person\/aba8bea2db926aa0c24c08c43fe1fcd5"},"headline":"Bonh\u00f4te-Immobilier SICAV wechselt die Fondsleitung","datePublished":"2025-09-29T00:55:52+00:00","dateModified":"2025-10-02T09:13:32+00:00","mainEntityOfPage":{"@id":"https:\/\/www.immobilienbusiness.ch\/unternehmen\/2025-09-29\/bonhote-immobilier-sicav-wechselt-die-fondsleitung\/"},"wordCount":116,"publisher":{"@id":"https:\/\/www.immobilienbusiness.ch\/#organization"},"image":{"@id":"https:\/\/www.immobilienbusiness.ch\/unternehmen\/2025-09-29\/bonhote-immobilier-sicav-wechselt-die-fondsleitung\/#primaryimage"},"thumbnailUrl":"https:\/\/www.immobilienbusiness.ch\/wp-content\/uploads\/2025\/09\/Depositphotos_437811416_L-Management-scaled.jpg","keywords":["Bonh\u00f4te","Caceis","Immobilienfonds","Solutions &amp; Funds"],"articleSection":["UNTERNEHMEN"],"inLanguage":"it-IT"},{"@type":"WebPage","@id":"https:\/\/www.immobilienbusiness.ch\/unternehmen\/2025-09-29\/bonhote-immobilier-sicav-wechselt-die-fondsleitung\/","url":"https:\/\/www.immobilienbusiness.ch\/unternehmen\/2025-09-29\/bonhote-immobilier-sicav-wechselt-die-fondsleitung\/","name":"Bonh\u00f4te-Immobilier SICAV cambia la gestione del fondo - IMMOBILIEN Business","isPartOf":{"@id":"https:\/\/www.immobilienbusiness.ch\/#website"},"primaryImageOfPage":{"@id":"https:\/\/www.immobilienbusiness.ch\/unternehmen\/2025-09-29\/bonhote-immobilier-sicav-wechselt-die-fondsleitung\/#primaryimage"},"image":{"@id":"https:\/\/www.immobilienbusiness.ch\/unternehmen\/2025-09-29\/bonhote-immobilier-sicav-wechselt-die-fondsleitung\/#primaryimage"},"thumbnailUrl":"https:\/\/www.immobilienbusiness.ch\/wp-content\/uploads\/2025\/09\/Depositphotos_437811416_L-Management-scaled.jpg","datePublished":"2025-09-29T00:55:52+00:00","dateModified":"2025-10-02T09:13:32+00:00","description":"Secondo l'invito all'Assemblea generale straordinaria, in futuro il fondo sar\u00e0 gestito da Solutions &amp; Funds.","breadcrumb":{"@id":"https:\/\/www.immobilienbusiness.ch\/unternehmen\/2025-09-29\/bonhote-immobilier-sicav-wechselt-die-fondsleitung\/#breadcrumb"},"inLanguage":"it-IT","potentialAction":[{"@type":"ReadAction","target":["https:\/\/www.immobilienbusiness.ch\/unternehmen\/2025-09-29\/bonhote-immobilier-sicav-wechselt-die-fondsleitung\/"]}]},{"@type":"ImageObject","inLanguage":"it-IT","@id":"https:\/\/www.immobilienbusiness.ch\/unternehmen\/2025-09-29\/bonhote-immobilier-sicav-wechselt-die-fondsleitung\/#primaryimage","url":"https:\/\/www.immobilienbusiness.ch\/wp-content\/uploads\/2025\/09\/Depositphotos_437811416_L-Management-scaled.jpg","contentUrl":"https:\/\/www.immobilienbusiness.ch\/wp-content\/uploads\/2025\/09\/Depositphotos_437811416_L-Management-scaled.jpg","width":1200,"height":801,"caption":"Eine neue Fondsleitung soll bei Bonh\u00f4te-SICAV \u00fcbernehmen (Bild: \u00a9 Depositphotos)"},{"@type":"BreadcrumbList","@id":"https:\/\/www.immobilienbusiness.ch\/unternehmen\/2025-09-29\/bonhote-immobilier-sicav-wechselt-die-fondsleitung\/#breadcrumb","itemListElement":[{"@type":"ListItem","position":1,"name":"Home","item":"https:\/\/www.immobilienbusiness.ch\/"},{"@type":"ListItem","position":2,"name":"Bonh\u00f4te-Immobilier SICAV wechselt die Fondsleitung"}]},{"@type":"WebSite","@id":"https:\/\/www.immobilienbusiness.ch\/#website","url":"https:\/\/www.immobilienbusiness.ch\/","name":"Affari immobiliari","description":"Rivista economica indipendente svizzera che si concentra sul settore immobiliare, l'architettura e la costruzione, nonch\u00e9 sugli investimenti e i finanziamenti.","publisher":{"@id":"https:\/\/www.immobilienbusiness.ch\/#organization"},"potentialAction":[{"@type":"SearchAction","target":{"@type":"EntryPoint","urlTemplate":"https:\/\/www.immobilienbusiness.ch\/?s={search_term_string}"},"query-input":{"@type":"PropertyValueSpecification","valueRequired":true,"valueName":"search_term_string"}}],"inLanguage":"it-IT"},{"@type":"Organization","@id":"https:\/\/www.immobilienbusiness.ch\/#organization","name":"Affari immobiliari","url":"https:\/\/www.immobilienbusiness.ch\/","logo":{"@type":"ImageObject","inLanguage":"it-IT","@id":"https:\/\/www.immobilienbusiness.ch\/#\/schema\/logo\/image\/","url":"https:\/\/www.immobilienbusiness.ch\/wp-content\/uploads\/2021\/07\/logo_ib.png","contentUrl":"https:\/\/www.immobilienbusiness.ch\/wp-content\/uploads\/2021\/07\/logo_ib.png","width":800,"height":181,"caption":"IMMOBILIEN Business"},"image":{"@id":"https:\/\/www.immobilienbusiness.ch\/#\/schema\/logo\/image\/"},"sameAs":["https:\/\/www.facebook.com\/immobilienbusiness\/"]},{"@type":"Person","@id":"https:\/\/www.immobilienbusiness.ch\/#\/schema\/person\/aba8bea2db926aa0c24c08c43fe1fcd5","name":"Alexander Wachter","image":{"@type":"ImageObject","inLanguage":"it-IT","@id":"https:\/\/secure.gravatar.com\/avatar\/1a09e471f5389b0e0a6416eac287e0927c7c97a7b77f9e787eba3af7aee281dd?s=96&d=mm&r=g","url":"https:\/\/secure.gravatar.com\/avatar\/1a09e471f5389b0e0a6416eac287e0927c7c97a7b77f9e787eba3af7aee281dd?s=96&d=mm&r=g","contentUrl":"https:\/\/secure.gravatar.com\/avatar\/1a09e471f5389b0e0a6416eac287e0927c7c97a7b77f9e787eba3af7aee281dd?s=96&d=mm&r=g","caption":"Alexander Wachter"},"url":"https:\/\/www.immobilienbusiness.ch\/it\/author\/alexander-wachter\/"}]}},"_links":{"self":[{"href":"https:\/\/www.immobilienbusiness.ch\/it\/wp-json\/wp\/v2\/posts\/65554","targetHints":{"allow":["GET"]}}],"collection":[{"href":"https:\/\/www.immobilienbusiness.ch\/it\/wp-json\/wp\/v2\/posts"}],"about":[{"href":"https:\/\/www.immobilienbusiness.ch\/it\/wp-json\/wp\/v2\/types\/post"}],"author":[{"embeddable":true,"href":"https:\/\/www.immobilienbusiness.ch\/it\/wp-json\/wp\/v2\/users\/102"}],"replies":[{"embeddable":true,"href":"https:\/\/www.immobilienbusiness.ch\/it\/wp-json\/wp\/v2\/comments?post=65554"}],"version-history":[{"count":3,"href":"https:\/\/www.immobilienbusiness.ch\/it\/wp-json\/wp\/v2\/posts\/65554\/revisions"}],"predecessor-version":[{"id":65647,"href":"https:\/\/www.immobilienbusiness.ch\/it\/wp-json\/wp\/v2\/posts\/65554\/revisions\/65647"}],"wp:featuredmedia":[{"embeddable":true,"href":"https:\/\/www.immobilienbusiness.ch\/it\/wp-json\/wp\/v2\/media\/65555"}],"wp:attachment":[{"href":"https:\/\/www.immobilienbusiness.ch\/it\/wp-json\/wp\/v2\/media?parent=65554"}],"wp:term":[{"taxonomy":"category","embeddable":true,"href":"https:\/\/www.immobilienbusiness.ch\/it\/wp-json\/wp\/v2\/categories?post=65554"},{"taxonomy":"post_tag","embeddable":true,"href":"https:\/\/www.immobilienbusiness.ch\/it\/wp-json\/wp\/v2\/tags?post=65554"}],"curies":[{"name":"wp","href":"https:\/\/api.w.org\/{rel}","templated":true}]}}