{"id":65477,"date":"2025-09-22T08:50:29","date_gmt":"2025-09-22T06:50:29","guid":{"rendered":"https:\/\/www.immobilienbusiness.ch\/?p=65477"},"modified":"2025-09-25T13:40:05","modified_gmt":"2025-09-25T11:40:05","slug":"basel-kanton-nutzt-buerogebaeude-um","status":"publish","type":"post","link":"https:\/\/www.immobilienbusiness.ch\/it\/regionen\/2025-09-22\/basel-kanton-nutzt-buerogebaeude-um\/","title":{"rendered":"Basilea: il Cantone converte l'edificio per uffici"},"content":{"rendered":"<figure id=\"attachment_65478\" aria-describedby=\"caption-attachment-65478\" style=\"width: 813px\" class=\"wp-caption alignnone\"><a href=\"https:\/\/www.immobilienbusiness.ch\/wp-content\/uploads\/2025\/09\/Basel-Finanzdepartment-ZVG-Hochstrasse.png\"><img loading=\"lazy\" decoding=\"async\" class=\"size-full wp-image-65478\" src=\"https:\/\/www.immobilienbusiness.ch\/wp-content\/uploads\/2025\/09\/Basel-Finanzdepartment-ZVG-Hochstrasse.png\" alt=\"\" width=\"813\" height=\"650\" srcset=\"https:\/\/www.immobilienbusiness.ch\/wp-content\/uploads\/2025\/09\/Basel-Finanzdepartment-ZVG-Hochstrasse.png 813w, https:\/\/www.immobilienbusiness.ch\/wp-content\/uploads\/2025\/09\/Basel-Finanzdepartment-ZVG-Hochstrasse-300x240.png 300w, https:\/\/www.immobilienbusiness.ch\/wp-content\/uploads\/2025\/09\/Basel-Finanzdepartment-ZVG-Hochstrasse-768x614.png 768w, https:\/\/www.immobilienbusiness.ch\/wp-content\/uploads\/2025\/09\/Basel-Finanzdepartment-ZVG-Hochstrasse-15x12.png 15w, https:\/\/www.immobilienbusiness.ch\/wp-content\/uploads\/2025\/09\/Basel-Finanzdepartment-ZVG-Hochstrasse-375x300.png 375w, https:\/\/www.immobilienbusiness.ch\/wp-content\/uploads\/2025\/09\/Basel-Finanzdepartment-ZVG-Hochstrasse-438x350.png 438w\" sizes=\"auto, (max-width: 813px) 100vw, 813px\" \/><\/a><figcaption id=\"caption-attachment-65478\" class=\"wp-caption-text\">L'immobile in Hochbergerstrasse 158 a Basilea (Immagine: \u00a9 Dominik Pl\u00fcss)<\/figcaption><\/figure>\n<p>Il Cantone di Basilea Citt\u00e0 ha trasformato un ex edificio per uffici in appartamenti. L'immobile di Hochbergerstrasse 158, che era stato utilizzato dall'Ufficio per l'Ambiente e l'Energia, \u00e8 stato trasformato in un totale di 28 appartamenti con il nuovo nome \"CoDeck\" nell'ambito del programma di edilizia residenziale 1000+. Il Cantone ha anche creato uno spazio comune e commerciale per i musicisti all'interno della propriet\u00e0.<\/p>\n<p>L'Ufficio per l'ambiente e l'energia si \u00e8 trasferito dalla Hochbergerstrasse alla Spiegelgasse 15 nell'autunno del 2021. \"Grazie al mantenimento dell'edificio esistente, non \u00e8 stato necessario procedere a demolizioni e ricostruzioni ad alto consumo energetico\", scrive il Cantone in un comunicato stampa. Il concetto architettonico \u00e8 dello studio Kooperative E45. Gli appartamenti realizzati sono pronti per essere occupati immediatamente. La maggior parte degli appartamenti sar\u00e0 affittata direttamente dal Cantone con il \"Contratto di locazione Plus\". Questo prevede che gli inquilini possano affittare gli appartamenti con uno sconto di 20 % rispetto all'affitto netto di mercato se, tra le altre cose, soddisfano i requisiti di occupazione e di reddito.<\/p>\n<p>Dove c'erano il parcheggio e l'archivio, il Cantone ha realizzato una parte degli oltre 700 metri quadrati di spazio comunale e commerciale. L'associazione Tonraum ha vinto la gara d'appalto con il suo concetto di utilizzo di questo spazio e ora lo gestisce. <em>(aw)<\/em><\/p>","protected":false},"excerpt":{"rendered":"<p>In un immobile che fino al 2021 era adibito a ufficio governativo, sono stati ricavati 28 appartamenti e spazi comuni e commerciali.<\/p>","protected":false},"author":102,"featured_media":65478,"comment_status":"closed","ping_status":"closed","sticky":false,"template":"","format":"standard","meta":{"_acf_changed":false,"_yoast_wpseo_focuskw":"Basel","_yoast_wpseo_title":"","_yoast_wpseo_metadesc":"In einer Liegenschaft, die bis 2021 als Beh\u00f6rdensitz diente, sind 28 Wohnungen sowie Gemeinschafts- und Gewerber\u00e4ume entstanden.","_yoast_wpseo_linkdex":74,"pgc_sgb_lightbox_settings":"","footnotes":""},"categories":[985],"tags":[1069,1118,1219,2132,4324,1492,2320],"class_list":["post-65477","post","type-post","status-publish","format-standard","has-post-thumbnail","hentry","category-regionen","tag-basel","tag-buero","tag-fertigstellung","tag-gewerbe","tag-kooperative-e45","tag-mietwohnungen","tag-oeffentliche-hand"],"acf":[],"yoast_head":"<!-- This site is optimized with the Yoast SEO plugin v27.4 - https:\/\/yoast.com\/product\/yoast-seo-wordpress\/ -->\n<title>Basel: Kanton nutzt B\u00fcrogeb\u00e4ude um - IMMOBILIEN Business<\/title>\n<meta name=\"description\" content=\"In einer Liegenschaft, die bis 2021 als Beh\u00f6rdensitz diente, sind 28 Wohnungen sowie Gemeinschafts- und Gewerber\u00e4ume entstanden.\" \/>\n<meta name=\"robots\" content=\"index, follow, max-snippet:-1, max-image-preview:large, max-video-preview:-1\" \/>\n<link rel=\"canonical\" href=\"https:\/\/www.immobilienbusiness.ch\/it\/regionen\/2025-09-22\/basel-kanton-nutzt-buerogebaeude-um\/\" \/>\n<meta property=\"og:locale\" content=\"it_IT\" \/>\n<meta property=\"og:type\" content=\"article\" \/>\n<meta property=\"og:title\" content=\"Basel: Kanton nutzt B\u00fcrogeb\u00e4ude um - IMMOBILIEN Business\" \/>\n<meta property=\"og:description\" content=\"In einer Liegenschaft, die bis 2021 als Beh\u00f6rdensitz diente, sind 28 Wohnungen sowie Gemeinschafts- und Gewerber\u00e4ume entstanden.\" \/>\n<meta property=\"og:url\" content=\"https:\/\/www.immobilienbusiness.ch\/it\/regionen\/2025-09-22\/basel-kanton-nutzt-buerogebaeude-um\/\" \/>\n<meta property=\"og:site_name\" content=\"IMMOBILIEN Business\" \/>\n<meta property=\"article:publisher\" content=\"https:\/\/www.facebook.com\/immobilienbusiness\/\" \/>\n<meta property=\"article:published_time\" content=\"2025-09-22T06:50:29+00:00\" \/>\n<meta property=\"article:modified_time\" content=\"2025-09-25T11:40:05+00:00\" \/>\n<meta property=\"og:image\" content=\"https:\/\/www.immobilienbusiness.ch\/wp-content\/uploads\/2025\/09\/Basel-Finanzdepartment-ZVG-Hochstrasse.png\" \/>\n\t<meta property=\"og:image:width\" content=\"813\" \/>\n\t<meta property=\"og:image:height\" content=\"650\" \/>\n\t<meta property=\"og:image:type\" content=\"image\/png\" \/>\n<meta name=\"author\" content=\"Alexander Wachter\" \/>\n<meta name=\"twitter:card\" content=\"summary_large_image\" \/>\n<script type=\"application\/ld+json\" class=\"yoast-schema-graph\">{\"@context\":\"https:\\\/\\\/schema.org\",\"@graph\":[{\"@type\":\"Article\",\"@id\":\"https:\\\/\\\/www.immobilienbusiness.ch\\\/de\\\/regionen\\\/2025-09-22\\\/basel-kanton-nutzt-buerogebaeude-um\\\/#article\",\"isPartOf\":{\"@id\":\"https:\\\/\\\/www.immobilienbusiness.ch\\\/de\\\/regionen\\\/2025-09-22\\\/basel-kanton-nutzt-buerogebaeude-um\\\/\"},\"author\":{\"name\":\"Alexander Wachter\",\"@id\":\"https:\\\/\\\/www.immobilienbusiness.ch\\\/#\\\/schema\\\/person\\\/aba8bea2db926aa0c24c08c43fe1fcd5\"},\"headline\":\"Basel: Kanton nutzt B\u00fcrogeb\u00e4ude um\",\"datePublished\":\"2025-09-22T06:50:29+00:00\",\"dateModified\":\"2025-09-25T11:40:05+00:00\",\"mainEntityOfPage\":{\"@id\":\"https:\\\/\\\/www.immobilienbusiness.ch\\\/de\\\/regionen\\\/2025-09-22\\\/basel-kanton-nutzt-buerogebaeude-um\\\/\"},\"wordCount\":224,\"publisher\":{\"@id\":\"https:\\\/\\\/www.immobilienbusiness.ch\\\/#organization\"},\"image\":{\"@id\":\"https:\\\/\\\/www.immobilienbusiness.ch\\\/de\\\/regionen\\\/2025-09-22\\\/basel-kanton-nutzt-buerogebaeude-um\\\/#primaryimage\"},\"thumbnailUrl\":\"https:\\\/\\\/www.immobilienbusiness.ch\\\/wp-content\\\/uploads\\\/2025\\\/09\\\/Basel-Finanzdepartment-ZVG-Hochstrasse.png\",\"keywords\":[\"Basel\",\"B\u00fcro\",\"Fertigstellung\",\"Gewerbe\",\"Kooperative E45\",\"Mietwohnungen\",\"\u00d6ffentliche Hand\"],\"articleSection\":[\"REGIONEN\"],\"inLanguage\":\"it-IT\"},{\"@type\":\"WebPage\",\"@id\":\"https:\\\/\\\/www.immobilienbusiness.ch\\\/de\\\/regionen\\\/2025-09-22\\\/basel-kanton-nutzt-buerogebaeude-um\\\/\",\"url\":\"https:\\\/\\\/www.immobilienbusiness.ch\\\/de\\\/regionen\\\/2025-09-22\\\/basel-kanton-nutzt-buerogebaeude-um\\\/\",\"name\":\"Basel: Kanton nutzt B\u00fcrogeb\u00e4ude um - IMMOBILIEN Business\",\"isPartOf\":{\"@id\":\"https:\\\/\\\/www.immobilienbusiness.ch\\\/#website\"},\"primaryImageOfPage\":{\"@id\":\"https:\\\/\\\/www.immobilienbusiness.ch\\\/de\\\/regionen\\\/2025-09-22\\\/basel-kanton-nutzt-buerogebaeude-um\\\/#primaryimage\"},\"image\":{\"@id\":\"https:\\\/\\\/www.immobilienbusiness.ch\\\/de\\\/regionen\\\/2025-09-22\\\/basel-kanton-nutzt-buerogebaeude-um\\\/#primaryimage\"},\"thumbnailUrl\":\"https:\\\/\\\/www.immobilienbusiness.ch\\\/wp-content\\\/uploads\\\/2025\\\/09\\\/Basel-Finanzdepartment-ZVG-Hochstrasse.png\",\"datePublished\":\"2025-09-22T06:50:29+00:00\",\"dateModified\":\"2025-09-25T11:40:05+00:00\",\"description\":\"In einer Liegenschaft, die bis 2021 als Beh\u00f6rdensitz diente, sind 28 Wohnungen sowie Gemeinschafts- und Gewerber\u00e4ume entstanden.\",\"breadcrumb\":{\"@id\":\"https:\\\/\\\/www.immobilienbusiness.ch\\\/de\\\/regionen\\\/2025-09-22\\\/basel-kanton-nutzt-buerogebaeude-um\\\/#breadcrumb\"},\"inLanguage\":\"it-IT\",\"potentialAction\":[{\"@type\":\"ReadAction\",\"target\":[\"https:\\\/\\\/www.immobilienbusiness.ch\\\/de\\\/regionen\\\/2025-09-22\\\/basel-kanton-nutzt-buerogebaeude-um\\\/\"]}]},{\"@type\":\"ImageObject\",\"inLanguage\":\"it-IT\",\"@id\":\"https:\\\/\\\/www.immobilienbusiness.ch\\\/de\\\/regionen\\\/2025-09-22\\\/basel-kanton-nutzt-buerogebaeude-um\\\/#primaryimage\",\"url\":\"https:\\\/\\\/www.immobilienbusiness.ch\\\/wp-content\\\/uploads\\\/2025\\\/09\\\/Basel-Finanzdepartment-ZVG-Hochstrasse.png\",\"contentUrl\":\"https:\\\/\\\/www.immobilienbusiness.ch\\\/wp-content\\\/uploads\\\/2025\\\/09\\\/Basel-Finanzdepartment-ZVG-Hochstrasse.png\",\"width\":813,\"height\":650,\"caption\":\"Die Liegenschaft Hochbergerstrasse 158 in Basel (Bild: \u00a9 Dominik Pl\u00fcss)\"},{\"@type\":\"BreadcrumbList\",\"@id\":\"https:\\\/\\\/www.immobilienbusiness.ch\\\/de\\\/regionen\\\/2025-09-22\\\/basel-kanton-nutzt-buerogebaeude-um\\\/#breadcrumb\",\"itemListElement\":[{\"@type\":\"ListItem\",\"position\":1,\"name\":\"Home\",\"item\":\"https:\\\/\\\/www.immobilienbusiness.ch\\\/\"},{\"@type\":\"ListItem\",\"position\":2,\"name\":\"Basel: Kanton nutzt B\u00fcrogeb\u00e4ude um\"}]},{\"@type\":\"WebSite\",\"@id\":\"https:\\\/\\\/www.immobilienbusiness.ch\\\/#website\",\"url\":\"https:\\\/\\\/www.immobilienbusiness.ch\\\/\",\"name\":\"IMMOBILIEN Business\",\"description\":\"Unabh\u00e4ngiges Schweizer Wirtschaftsmagazin mit Fokus auf Immobilien, Architektur- und Bau sowie Investment- und Finanzierung.\",\"publisher\":{\"@id\":\"https:\\\/\\\/www.immobilienbusiness.ch\\\/#organization\"},\"potentialAction\":[{\"@type\":\"SearchAction\",\"target\":{\"@type\":\"EntryPoint\",\"urlTemplate\":\"https:\\\/\\\/www.immobilienbusiness.ch\\\/?s={search_term_string}\"},\"query-input\":{\"@type\":\"PropertyValueSpecification\",\"valueRequired\":true,\"valueName\":\"search_term_string\"}}],\"inLanguage\":\"it-IT\"},{\"@type\":\"Organization\",\"@id\":\"https:\\\/\\\/www.immobilienbusiness.ch\\\/#organization\",\"name\":\"IMMOBILIEN Business\",\"url\":\"https:\\\/\\\/www.immobilienbusiness.ch\\\/\",\"logo\":{\"@type\":\"ImageObject\",\"inLanguage\":\"it-IT\",\"@id\":\"https:\\\/\\\/www.immobilienbusiness.ch\\\/#\\\/schema\\\/logo\\\/image\\\/\",\"url\":\"https:\\\/\\\/www.immobilienbusiness.ch\\\/wp-content\\\/uploads\\\/2021\\\/07\\\/logo_ib.png\",\"contentUrl\":\"https:\\\/\\\/www.immobilienbusiness.ch\\\/wp-content\\\/uploads\\\/2021\\\/07\\\/logo_ib.png\",\"width\":800,\"height\":181,\"caption\":\"IMMOBILIEN Business\"},\"image\":{\"@id\":\"https:\\\/\\\/www.immobilienbusiness.ch\\\/#\\\/schema\\\/logo\\\/image\\\/\"},\"sameAs\":[\"https:\\\/\\\/www.facebook.com\\\/immobilienbusiness\\\/\"]},{\"@type\":\"Person\",\"@id\":\"https:\\\/\\\/www.immobilienbusiness.ch\\\/#\\\/schema\\\/person\\\/aba8bea2db926aa0c24c08c43fe1fcd5\",\"name\":\"Alexander Wachter\",\"image\":{\"@type\":\"ImageObject\",\"inLanguage\":\"it-IT\",\"@id\":\"https:\\\/\\\/secure.gravatar.com\\\/avatar\\\/1a09e471f5389b0e0a6416eac287e0927c7c97a7b77f9e787eba3af7aee281dd?s=96&d=mm&r=g\",\"url\":\"https:\\\/\\\/secure.gravatar.com\\\/avatar\\\/1a09e471f5389b0e0a6416eac287e0927c7c97a7b77f9e787eba3af7aee281dd?s=96&d=mm&r=g\",\"contentUrl\":\"https:\\\/\\\/secure.gravatar.com\\\/avatar\\\/1a09e471f5389b0e0a6416eac287e0927c7c97a7b77f9e787eba3af7aee281dd?s=96&d=mm&r=g\",\"caption\":\"Alexander Wachter\"},\"url\":\"https:\\\/\\\/www.immobilienbusiness.ch\\\/it\\\/author\\\/alexander-wachter\\\/\"}]}<\/script>\n<!-- \/ Yoast SEO plugin. -->","yoast_head_json":{"title":"Basilea: il Cantone converte un edificio per uffici - IMMOBILIEN Business","description":"In un immobile che fino al 2021 era adibito a ufficio governativo, sono stati ricavati 28 appartamenti e spazi comuni e commerciali.","robots":{"index":"index","follow":"follow","max-snippet":"max-snippet:-1","max-image-preview":"max-image-preview:large","max-video-preview":"max-video-preview:-1"},"canonical":"https:\/\/www.immobilienbusiness.ch\/it\/regionen\/2025-09-22\/basel-kanton-nutzt-buerogebaeude-um\/","og_locale":"it_IT","og_type":"article","og_title":"Basel: Kanton nutzt B\u00fcrogeb\u00e4ude um - IMMOBILIEN Business","og_description":"In einer Liegenschaft, die bis 2021 als Beh\u00f6rdensitz diente, sind 28 Wohnungen sowie Gemeinschafts- und Gewerber\u00e4ume entstanden.","og_url":"https:\/\/www.immobilienbusiness.ch\/it\/regionen\/2025-09-22\/basel-kanton-nutzt-buerogebaeude-um\/","og_site_name":"IMMOBILIEN Business","article_publisher":"https:\/\/www.facebook.com\/immobilienbusiness\/","article_published_time":"2025-09-22T06:50:29+00:00","article_modified_time":"2025-09-25T11:40:05+00:00","og_image":[{"width":813,"height":650,"url":"https:\/\/www.immobilienbusiness.ch\/wp-content\/uploads\/2025\/09\/Basel-Finanzdepartment-ZVG-Hochstrasse.png","type":"image\/png"}],"author":"Alexander Wachter","twitter_card":"summary_large_image","schema":{"@context":"https:\/\/schema.org","@graph":[{"@type":"Article","@id":"https:\/\/www.immobilienbusiness.ch\/de\/regionen\/2025-09-22\/basel-kanton-nutzt-buerogebaeude-um\/#article","isPartOf":{"@id":"https:\/\/www.immobilienbusiness.ch\/de\/regionen\/2025-09-22\/basel-kanton-nutzt-buerogebaeude-um\/"},"author":{"name":"Alexander Wachter","@id":"https:\/\/www.immobilienbusiness.ch\/#\/schema\/person\/aba8bea2db926aa0c24c08c43fe1fcd5"},"headline":"Basel: Kanton nutzt B\u00fcrogeb\u00e4ude um","datePublished":"2025-09-22T06:50:29+00:00","dateModified":"2025-09-25T11:40:05+00:00","mainEntityOfPage":{"@id":"https:\/\/www.immobilienbusiness.ch\/de\/regionen\/2025-09-22\/basel-kanton-nutzt-buerogebaeude-um\/"},"wordCount":224,"publisher":{"@id":"https:\/\/www.immobilienbusiness.ch\/#organization"},"image":{"@id":"https:\/\/www.immobilienbusiness.ch\/de\/regionen\/2025-09-22\/basel-kanton-nutzt-buerogebaeude-um\/#primaryimage"},"thumbnailUrl":"https:\/\/www.immobilienbusiness.ch\/wp-content\/uploads\/2025\/09\/Basel-Finanzdepartment-ZVG-Hochstrasse.png","keywords":["Basel","B\u00fcro","Fertigstellung","Gewerbe","Kooperative E45","Mietwohnungen","\u00d6ffentliche Hand"],"articleSection":["REGIONEN"],"inLanguage":"it-IT"},{"@type":"WebPage","@id":"https:\/\/www.immobilienbusiness.ch\/de\/regionen\/2025-09-22\/basel-kanton-nutzt-buerogebaeude-um\/","url":"https:\/\/www.immobilienbusiness.ch\/de\/regionen\/2025-09-22\/basel-kanton-nutzt-buerogebaeude-um\/","name":"Basilea: il Cantone converte un edificio per uffici - IMMOBILIEN Business","isPartOf":{"@id":"https:\/\/www.immobilienbusiness.ch\/#website"},"primaryImageOfPage":{"@id":"https:\/\/www.immobilienbusiness.ch\/de\/regionen\/2025-09-22\/basel-kanton-nutzt-buerogebaeude-um\/#primaryimage"},"image":{"@id":"https:\/\/www.immobilienbusiness.ch\/de\/regionen\/2025-09-22\/basel-kanton-nutzt-buerogebaeude-um\/#primaryimage"},"thumbnailUrl":"https:\/\/www.immobilienbusiness.ch\/wp-content\/uploads\/2025\/09\/Basel-Finanzdepartment-ZVG-Hochstrasse.png","datePublished":"2025-09-22T06:50:29+00:00","dateModified":"2025-09-25T11:40:05+00:00","description":"In un immobile che fino al 2021 era adibito a ufficio governativo, sono stati ricavati 28 appartamenti e spazi comuni e commerciali.","breadcrumb":{"@id":"https:\/\/www.immobilienbusiness.ch\/de\/regionen\/2025-09-22\/basel-kanton-nutzt-buerogebaeude-um\/#breadcrumb"},"inLanguage":"it-IT","potentialAction":[{"@type":"ReadAction","target":["https:\/\/www.immobilienbusiness.ch\/de\/regionen\/2025-09-22\/basel-kanton-nutzt-buerogebaeude-um\/"]}]},{"@type":"ImageObject","inLanguage":"it-IT","@id":"https:\/\/www.immobilienbusiness.ch\/de\/regionen\/2025-09-22\/basel-kanton-nutzt-buerogebaeude-um\/#primaryimage","url":"https:\/\/www.immobilienbusiness.ch\/wp-content\/uploads\/2025\/09\/Basel-Finanzdepartment-ZVG-Hochstrasse.png","contentUrl":"https:\/\/www.immobilienbusiness.ch\/wp-content\/uploads\/2025\/09\/Basel-Finanzdepartment-ZVG-Hochstrasse.png","width":813,"height":650,"caption":"Die Liegenschaft Hochbergerstrasse 158 in Basel (Bild: \u00a9 Dominik Pl\u00fcss)"},{"@type":"BreadcrumbList","@id":"https:\/\/www.immobilienbusiness.ch\/de\/regionen\/2025-09-22\/basel-kanton-nutzt-buerogebaeude-um\/#breadcrumb","itemListElement":[{"@type":"ListItem","position":1,"name":"Home","item":"https:\/\/www.immobilienbusiness.ch\/"},{"@type":"ListItem","position":2,"name":"Basel: Kanton nutzt B\u00fcrogeb\u00e4ude um"}]},{"@type":"WebSite","@id":"https:\/\/www.immobilienbusiness.ch\/#website","url":"https:\/\/www.immobilienbusiness.ch\/","name":"Affari immobiliari","description":"Rivista economica indipendente svizzera che si concentra sul settore immobiliare, l'architettura e la costruzione, nonch\u00e9 sugli investimenti e i finanziamenti.","publisher":{"@id":"https:\/\/www.immobilienbusiness.ch\/#organization"},"potentialAction":[{"@type":"SearchAction","target":{"@type":"EntryPoint","urlTemplate":"https:\/\/www.immobilienbusiness.ch\/?s={search_term_string}"},"query-input":{"@type":"PropertyValueSpecification","valueRequired":true,"valueName":"search_term_string"}}],"inLanguage":"it-IT"},{"@type":"Organization","@id":"https:\/\/www.immobilienbusiness.ch\/#organization","name":"Affari immobiliari","url":"https:\/\/www.immobilienbusiness.ch\/","logo":{"@type":"ImageObject","inLanguage":"it-IT","@id":"https:\/\/www.immobilienbusiness.ch\/#\/schema\/logo\/image\/","url":"https:\/\/www.immobilienbusiness.ch\/wp-content\/uploads\/2021\/07\/logo_ib.png","contentUrl":"https:\/\/www.immobilienbusiness.ch\/wp-content\/uploads\/2021\/07\/logo_ib.png","width":800,"height":181,"caption":"IMMOBILIEN Business"},"image":{"@id":"https:\/\/www.immobilienbusiness.ch\/#\/schema\/logo\/image\/"},"sameAs":["https:\/\/www.facebook.com\/immobilienbusiness\/"]},{"@type":"Person","@id":"https:\/\/www.immobilienbusiness.ch\/#\/schema\/person\/aba8bea2db926aa0c24c08c43fe1fcd5","name":"Alexander Wachter","image":{"@type":"ImageObject","inLanguage":"it-IT","@id":"https:\/\/secure.gravatar.com\/avatar\/1a09e471f5389b0e0a6416eac287e0927c7c97a7b77f9e787eba3af7aee281dd?s=96&d=mm&r=g","url":"https:\/\/secure.gravatar.com\/avatar\/1a09e471f5389b0e0a6416eac287e0927c7c97a7b77f9e787eba3af7aee281dd?s=96&d=mm&r=g","contentUrl":"https:\/\/secure.gravatar.com\/avatar\/1a09e471f5389b0e0a6416eac287e0927c7c97a7b77f9e787eba3af7aee281dd?s=96&d=mm&r=g","caption":"Alexander Wachter"},"url":"https:\/\/www.immobilienbusiness.ch\/it\/author\/alexander-wachter\/"}]}},"_links":{"self":[{"href":"https:\/\/www.immobilienbusiness.ch\/it\/wp-json\/wp\/v2\/posts\/65477","targetHints":{"allow":["GET"]}}],"collection":[{"href":"https:\/\/www.immobilienbusiness.ch\/it\/wp-json\/wp\/v2\/posts"}],"about":[{"href":"https:\/\/www.immobilienbusiness.ch\/it\/wp-json\/wp\/v2\/types\/post"}],"author":[{"embeddable":true,"href":"https:\/\/www.immobilienbusiness.ch\/it\/wp-json\/wp\/v2\/users\/102"}],"replies":[{"embeddable":true,"href":"https:\/\/www.immobilienbusiness.ch\/it\/wp-json\/wp\/v2\/comments?post=65477"}],"version-history":[{"count":2,"href":"https:\/\/www.immobilienbusiness.ch\/it\/wp-json\/wp\/v2\/posts\/65477\/revisions"}],"predecessor-version":[{"id":65480,"href":"https:\/\/www.immobilienbusiness.ch\/it\/wp-json\/wp\/v2\/posts\/65477\/revisions\/65480"}],"wp:featuredmedia":[{"embeddable":true,"href":"https:\/\/www.immobilienbusiness.ch\/it\/wp-json\/wp\/v2\/media\/65478"}],"wp:attachment":[{"href":"https:\/\/www.immobilienbusiness.ch\/it\/wp-json\/wp\/v2\/media?parent=65477"}],"wp:term":[{"taxonomy":"category","embeddable":true,"href":"https:\/\/www.immobilienbusiness.ch\/it\/wp-json\/wp\/v2\/categories?post=65477"},{"taxonomy":"post_tag","embeddable":true,"href":"https:\/\/www.immobilienbusiness.ch\/it\/wp-json\/wp\/v2\/tags?post=65477"}],"curies":[{"name":"wp","href":"https:\/\/api.w.org\/{rel}","templated":true}]}}