{"id":64486,"date":"2025-06-12T15:17:21","date_gmt":"2025-06-12T13:17:21","guid":{"rendered":"https:\/\/www.immobilienbusiness.ch\/?p=64486"},"modified":"2025-07-09T15:21:28","modified_gmt":"2025-07-09T13:21:28","slug":"ubs-anfos-steigert-den-mietertrag","status":"publish","type":"post","link":"https:\/\/www.immobilienbusiness.ch\/it\/unternehmen\/2025-06-12\/ubs-anfos-steigert-den-mietertrag\/","title":{"rendered":"UBS: \"Anfos\" aumenta il reddito da locazione"},"content":{"rendered":"<figure id=\"attachment_54614\" aria-describedby=\"caption-attachment-54614\" style=\"width: 505px\" class=\"wp-caption alignnone\"><a href=\"https:\/\/www.immobilienbusiness.ch\/wp-content\/uploads\/2023\/11\/Anfos.png\"><img loading=\"lazy\" decoding=\"async\" class=\"size-full wp-image-54614\" src=\"https:\/\/www.immobilienbusiness.ch\/wp-content\/uploads\/2023\/11\/Anfos.png\" alt=\"\" width=\"505\" height=\"275\" srcset=\"https:\/\/www.immobilienbusiness.ch\/wp-content\/uploads\/2023\/11\/Anfos.png 505w, https:\/\/www.immobilienbusiness.ch\/wp-content\/uploads\/2023\/11\/Anfos-300x163.png 300w, https:\/\/www.immobilienbusiness.ch\/wp-content\/uploads\/2023\/11\/Anfos-18x10.png 18w, https:\/\/www.immobilienbusiness.ch\/wp-content\/uploads\/2023\/11\/Anfos-375x204.png 375w\" sizes=\"auto, (max-width: 505px) 100vw, 505px\" \/><\/a><figcaption id=\"caption-attachment-54614\" class=\"wp-caption-text\">Il fondo \"Anfos\", specializzato in immobili residenziali svizzeri, ha presentato i dati semestrali (Immagine: UBS)<\/figcaption><\/figure>\n<p>Nel primo semestre dell'esercizio 2024\/2025, il fondo immobiliare UBS \"Anfos\" ha registrato un'ulteriore diminuzione del tasso di perdita locativa a 3,1% e un aumento del reddito locativo di 3,2 milioni di franchi svizzeri a 70,9 milioni di franchi svizzeri. Il fondo ha venduto due immobili pi\u00f9 piccoli nella citt\u00e0 di Basilea, gli edifici residenziali Galler-Ring 46 e 48.<\/p>\n<p>L'utile netto \u00e8 migliorato da 35,1 milioni di franchi svizzeri a 36,4 milioni di franchi svizzeri, mentre l'utile totale \u00e8 leggermente peggiorato da 34,0 milioni di franchi svizzeri a 35,6 milioni di franchi svizzeri. Ci\u00f2 \u00e8 dovuto a perdite di capitale non realizzate di 3,7 milioni di franchi svizzeri, rispetto alla perdita di 1,3 milioni di franchi svizzeri dell'anno precedente. Il patrimonio totale dei fondi \u00e8 rimasto pressoch\u00e9 costante a 3,36 miliardi di franchi. Alla fine dell'esercizio precedente il valore era di 3,34 miliardi di franchi.<\/p>","protected":false},"excerpt":{"rendered":"<p>Il fondo, che ha un valore di oltre 3 miliardi di franchi svizzeri, ha venduto due immobili residenziali a Basilea nel primo semestre del suo esercizio finanziario e ha aumentato i suoi redditi da locazione di circa 3 milioni di franchi svizzeri.<\/p>","protected":false},"author":102,"featured_media":54614,"comment_status":"closed","ping_status":"closed","sticky":false,"template":"","format":"standard","meta":{"_acf_changed":false,"_yoast_wpseo_focuskw":"UBS","_yoast_wpseo_title":"","_yoast_wpseo_metadesc":"Der \u00fcber 3 Milliarden Franken schwere Fonds hat im 1. Halbjahr seines Gesch\u00e4ftsjahres zwei Wohnimmobilien in Basel verkauft und den Mietertrag um rd. 3 Millionen Franken gesteigert.","_yoast_wpseo_linkdex":61,"pgc_sgb_lightbox_settings":"","footnotes":""},"categories":[988],"tags":[1069,1290,1344,1492,1796,1830],"class_list":["post-64486","post","type-post","status-publish","format-standard","has-post-thumbnail","hentry","category-unternehmen","tag-basel","tag-halbjahresergebnis","tag-immobilienfonds","tag-mietwohnungen","tag-ubs","tag-verkauf"],"acf":[],"yoast_head":"<!-- This site is optimized with the Yoast SEO plugin v27.4 - https:\/\/yoast.com\/product\/yoast-seo-wordpress\/ -->\n<title>UBS: \u00abAnfos\u00bb steigert den Mietertrag - IMMOBILIEN Business<\/title>\n<meta name=\"description\" content=\"Der \u00fcber 3 Milliarden Franken schwere Fonds hat im 1. Halbjahr seines Gesch\u00e4ftsjahres zwei Wohnimmobilien in Basel verkauft und den Mietertrag um rd. 3 Millionen Franken gesteigert.\" \/>\n<meta name=\"robots\" content=\"index, follow, max-snippet:-1, max-image-preview:large, max-video-preview:-1\" \/>\n<link rel=\"canonical\" href=\"https:\/\/www.immobilienbusiness.ch\/it\/unternehmen\/2025-06-12\/ubs-anfos-steigert-den-mietertrag\/\" \/>\n<meta property=\"og:locale\" content=\"it_IT\" \/>\n<meta property=\"og:type\" content=\"article\" \/>\n<meta property=\"og:title\" content=\"UBS: \u00abAnfos\u00bb steigert den Mietertrag - IMMOBILIEN Business\" \/>\n<meta property=\"og:description\" content=\"Der \u00fcber 3 Milliarden Franken schwere Fonds hat im 1. Halbjahr seines Gesch\u00e4ftsjahres zwei Wohnimmobilien in Basel verkauft und den Mietertrag um rd. 3 Millionen Franken gesteigert.\" \/>\n<meta property=\"og:url\" content=\"https:\/\/www.immobilienbusiness.ch\/it\/unternehmen\/2025-06-12\/ubs-anfos-steigert-den-mietertrag\/\" \/>\n<meta property=\"og:site_name\" content=\"IMMOBILIEN Business\" \/>\n<meta property=\"article:publisher\" content=\"https:\/\/www.facebook.com\/immobilienbusiness\/\" \/>\n<meta property=\"article:published_time\" content=\"2025-06-12T13:17:21+00:00\" \/>\n<meta property=\"article:modified_time\" content=\"2025-07-09T13:21:28+00:00\" \/>\n<meta property=\"og:image\" content=\"https:\/\/www.immobilienbusiness.ch\/wp-content\/uploads\/2023\/11\/Anfos.png\" \/>\n\t<meta property=\"og:image:width\" content=\"505\" \/>\n\t<meta property=\"og:image:height\" content=\"275\" \/>\n\t<meta property=\"og:image:type\" content=\"image\/png\" \/>\n<meta name=\"author\" content=\"Alexander Wachter\" \/>\n<meta name=\"twitter:card\" content=\"summary_large_image\" \/>\n<script type=\"application\/ld+json\" class=\"yoast-schema-graph\">{\"@context\":\"https:\\\/\\\/schema.org\",\"@graph\":[{\"@type\":\"Article\",\"@id\":\"https:\\\/\\\/www.immobilienbusiness.ch\\\/en\\\/unternehmen\\\/2025-06-12\\\/ubs-anfos-steigert-den-mietertrag\\\/#article\",\"isPartOf\":{\"@id\":\"https:\\\/\\\/www.immobilienbusiness.ch\\\/en\\\/unternehmen\\\/2025-06-12\\\/ubs-anfos-steigert-den-mietertrag\\\/\"},\"author\":{\"name\":\"Alexander Wachter\",\"@id\":\"https:\\\/\\\/www.immobilienbusiness.ch\\\/#\\\/schema\\\/person\\\/aba8bea2db926aa0c24c08c43fe1fcd5\"},\"headline\":\"UBS: \u00abAnfos\u00bb steigert den Mietertrag\",\"datePublished\":\"2025-06-12T13:17:21+00:00\",\"dateModified\":\"2025-07-09T13:21:28+00:00\",\"mainEntityOfPage\":{\"@id\":\"https:\\\/\\\/www.immobilienbusiness.ch\\\/en\\\/unternehmen\\\/2025-06-12\\\/ubs-anfos-steigert-den-mietertrag\\\/\"},\"wordCount\":128,\"publisher\":{\"@id\":\"https:\\\/\\\/www.immobilienbusiness.ch\\\/#organization\"},\"image\":{\"@id\":\"https:\\\/\\\/www.immobilienbusiness.ch\\\/en\\\/unternehmen\\\/2025-06-12\\\/ubs-anfos-steigert-den-mietertrag\\\/#primaryimage\"},\"thumbnailUrl\":\"https:\\\/\\\/www.immobilienbusiness.ch\\\/wp-content\\\/uploads\\\/2023\\\/11\\\/Anfos.png\",\"keywords\":[\"Basel\",\"Halbjahresergebnis\",\"Immobilienfonds\",\"Mietwohnungen\",\"UBS\",\"Verkauf\"],\"articleSection\":[\"UNTERNEHMEN\"],\"inLanguage\":\"it-IT\"},{\"@type\":\"WebPage\",\"@id\":\"https:\\\/\\\/www.immobilienbusiness.ch\\\/en\\\/unternehmen\\\/2025-06-12\\\/ubs-anfos-steigert-den-mietertrag\\\/\",\"url\":\"https:\\\/\\\/www.immobilienbusiness.ch\\\/en\\\/unternehmen\\\/2025-06-12\\\/ubs-anfos-steigert-den-mietertrag\\\/\",\"name\":\"UBS: \u00abAnfos\u00bb steigert den Mietertrag - IMMOBILIEN Business\",\"isPartOf\":{\"@id\":\"https:\\\/\\\/www.immobilienbusiness.ch\\\/#website\"},\"primaryImageOfPage\":{\"@id\":\"https:\\\/\\\/www.immobilienbusiness.ch\\\/en\\\/unternehmen\\\/2025-06-12\\\/ubs-anfos-steigert-den-mietertrag\\\/#primaryimage\"},\"image\":{\"@id\":\"https:\\\/\\\/www.immobilienbusiness.ch\\\/en\\\/unternehmen\\\/2025-06-12\\\/ubs-anfos-steigert-den-mietertrag\\\/#primaryimage\"},\"thumbnailUrl\":\"https:\\\/\\\/www.immobilienbusiness.ch\\\/wp-content\\\/uploads\\\/2023\\\/11\\\/Anfos.png\",\"datePublished\":\"2025-06-12T13:17:21+00:00\",\"dateModified\":\"2025-07-09T13:21:28+00:00\",\"description\":\"Der \u00fcber 3 Milliarden Franken schwere Fonds hat im 1. Halbjahr seines Gesch\u00e4ftsjahres zwei Wohnimmobilien in Basel verkauft und den Mietertrag um rd. 3 Millionen Franken gesteigert.\",\"breadcrumb\":{\"@id\":\"https:\\\/\\\/www.immobilienbusiness.ch\\\/en\\\/unternehmen\\\/2025-06-12\\\/ubs-anfos-steigert-den-mietertrag\\\/#breadcrumb\"},\"inLanguage\":\"it-IT\",\"potentialAction\":[{\"@type\":\"ReadAction\",\"target\":[\"https:\\\/\\\/www.immobilienbusiness.ch\\\/en\\\/unternehmen\\\/2025-06-12\\\/ubs-anfos-steigert-den-mietertrag\\\/\"]}]},{\"@type\":\"ImageObject\",\"inLanguage\":\"it-IT\",\"@id\":\"https:\\\/\\\/www.immobilienbusiness.ch\\\/en\\\/unternehmen\\\/2025-06-12\\\/ubs-anfos-steigert-den-mietertrag\\\/#primaryimage\",\"url\":\"https:\\\/\\\/www.immobilienbusiness.ch\\\/wp-content\\\/uploads\\\/2023\\\/11\\\/Anfos.png\",\"contentUrl\":\"https:\\\/\\\/www.immobilienbusiness.ch\\\/wp-content\\\/uploads\\\/2023\\\/11\\\/Anfos.png\",\"width\":505,\"height\":275,\"caption\":\"Der auf Schweizer Wohnimmobilien spezialisierte Fonds \u00abAnfos\u00bb hat Halbjahreszahlen vorgelegt (Bild: UBS)\"},{\"@type\":\"BreadcrumbList\",\"@id\":\"https:\\\/\\\/www.immobilienbusiness.ch\\\/en\\\/unternehmen\\\/2025-06-12\\\/ubs-anfos-steigert-den-mietertrag\\\/#breadcrumb\",\"itemListElement\":[{\"@type\":\"ListItem\",\"position\":1,\"name\":\"Home\",\"item\":\"https:\\\/\\\/www.immobilienbusiness.ch\\\/\"},{\"@type\":\"ListItem\",\"position\":2,\"name\":\"UBS: \u00abAnfos\u00bb steigert den Mietertrag\"}]},{\"@type\":\"WebSite\",\"@id\":\"https:\\\/\\\/www.immobilienbusiness.ch\\\/#website\",\"url\":\"https:\\\/\\\/www.immobilienbusiness.ch\\\/\",\"name\":\"IMMOBILIEN Business\",\"description\":\"Unabh\u00e4ngiges Schweizer Wirtschaftsmagazin mit Fokus auf Immobilien, Architektur- und Bau sowie Investment- und Finanzierung.\",\"publisher\":{\"@id\":\"https:\\\/\\\/www.immobilienbusiness.ch\\\/#organization\"},\"potentialAction\":[{\"@type\":\"SearchAction\",\"target\":{\"@type\":\"EntryPoint\",\"urlTemplate\":\"https:\\\/\\\/www.immobilienbusiness.ch\\\/?s={search_term_string}\"},\"query-input\":{\"@type\":\"PropertyValueSpecification\",\"valueRequired\":true,\"valueName\":\"search_term_string\"}}],\"inLanguage\":\"it-IT\"},{\"@type\":\"Organization\",\"@id\":\"https:\\\/\\\/www.immobilienbusiness.ch\\\/#organization\",\"name\":\"IMMOBILIEN Business\",\"url\":\"https:\\\/\\\/www.immobilienbusiness.ch\\\/\",\"logo\":{\"@type\":\"ImageObject\",\"inLanguage\":\"it-IT\",\"@id\":\"https:\\\/\\\/www.immobilienbusiness.ch\\\/#\\\/schema\\\/logo\\\/image\\\/\",\"url\":\"https:\\\/\\\/www.immobilienbusiness.ch\\\/wp-content\\\/uploads\\\/2021\\\/07\\\/logo_ib.png\",\"contentUrl\":\"https:\\\/\\\/www.immobilienbusiness.ch\\\/wp-content\\\/uploads\\\/2021\\\/07\\\/logo_ib.png\",\"width\":800,\"height\":181,\"caption\":\"IMMOBILIEN Business\"},\"image\":{\"@id\":\"https:\\\/\\\/www.immobilienbusiness.ch\\\/#\\\/schema\\\/logo\\\/image\\\/\"},\"sameAs\":[\"https:\\\/\\\/www.facebook.com\\\/immobilienbusiness\\\/\"]},{\"@type\":\"Person\",\"@id\":\"https:\\\/\\\/www.immobilienbusiness.ch\\\/#\\\/schema\\\/person\\\/aba8bea2db926aa0c24c08c43fe1fcd5\",\"name\":\"Alexander Wachter\",\"image\":{\"@type\":\"ImageObject\",\"inLanguage\":\"it-IT\",\"@id\":\"https:\\\/\\\/secure.gravatar.com\\\/avatar\\\/1a09e471f5389b0e0a6416eac287e0927c7c97a7b77f9e787eba3af7aee281dd?s=96&d=mm&r=g\",\"url\":\"https:\\\/\\\/secure.gravatar.com\\\/avatar\\\/1a09e471f5389b0e0a6416eac287e0927c7c97a7b77f9e787eba3af7aee281dd?s=96&d=mm&r=g\",\"contentUrl\":\"https:\\\/\\\/secure.gravatar.com\\\/avatar\\\/1a09e471f5389b0e0a6416eac287e0927c7c97a7b77f9e787eba3af7aee281dd?s=96&d=mm&r=g\",\"caption\":\"Alexander Wachter\"},\"url\":\"https:\\\/\\\/www.immobilienbusiness.ch\\\/it\\\/author\\\/alexander-wachter\\\/\"}]}<\/script>\n<!-- \/ Yoast SEO plugin. -->","yoast_head_json":{"title":"UBS: \u00abAnfos\u00bb aumenta il reddito da locazione - IMMOBILIEN Business","description":"Il fondo, che ha un valore di oltre 3 miliardi di franchi svizzeri, ha venduto due immobili residenziali a Basilea nel primo semestre del suo esercizio finanziario e ha aumentato i suoi redditi da locazione di circa 3 milioni di franchi svizzeri.","robots":{"index":"index","follow":"follow","max-snippet":"max-snippet:-1","max-image-preview":"max-image-preview:large","max-video-preview":"max-video-preview:-1"},"canonical":"https:\/\/www.immobilienbusiness.ch\/it\/unternehmen\/2025-06-12\/ubs-anfos-steigert-den-mietertrag\/","og_locale":"it_IT","og_type":"article","og_title":"UBS: \u00abAnfos\u00bb steigert den Mietertrag - IMMOBILIEN Business","og_description":"Der \u00fcber 3 Milliarden Franken schwere Fonds hat im 1. Halbjahr seines Gesch\u00e4ftsjahres zwei Wohnimmobilien in Basel verkauft und den Mietertrag um rd. 3 Millionen Franken gesteigert.","og_url":"https:\/\/www.immobilienbusiness.ch\/it\/unternehmen\/2025-06-12\/ubs-anfos-steigert-den-mietertrag\/","og_site_name":"IMMOBILIEN Business","article_publisher":"https:\/\/www.facebook.com\/immobilienbusiness\/","article_published_time":"2025-06-12T13:17:21+00:00","article_modified_time":"2025-07-09T13:21:28+00:00","og_image":[{"width":505,"height":275,"url":"https:\/\/www.immobilienbusiness.ch\/wp-content\/uploads\/2023\/11\/Anfos.png","type":"image\/png"}],"author":"Alexander Wachter","twitter_card":"summary_large_image","schema":{"@context":"https:\/\/schema.org","@graph":[{"@type":"Article","@id":"https:\/\/www.immobilienbusiness.ch\/en\/unternehmen\/2025-06-12\/ubs-anfos-steigert-den-mietertrag\/#article","isPartOf":{"@id":"https:\/\/www.immobilienbusiness.ch\/en\/unternehmen\/2025-06-12\/ubs-anfos-steigert-den-mietertrag\/"},"author":{"name":"Alexander Wachter","@id":"https:\/\/www.immobilienbusiness.ch\/#\/schema\/person\/aba8bea2db926aa0c24c08c43fe1fcd5"},"headline":"UBS: \u00abAnfos\u00bb steigert den Mietertrag","datePublished":"2025-06-12T13:17:21+00:00","dateModified":"2025-07-09T13:21:28+00:00","mainEntityOfPage":{"@id":"https:\/\/www.immobilienbusiness.ch\/en\/unternehmen\/2025-06-12\/ubs-anfos-steigert-den-mietertrag\/"},"wordCount":128,"publisher":{"@id":"https:\/\/www.immobilienbusiness.ch\/#organization"},"image":{"@id":"https:\/\/www.immobilienbusiness.ch\/en\/unternehmen\/2025-06-12\/ubs-anfos-steigert-den-mietertrag\/#primaryimage"},"thumbnailUrl":"https:\/\/www.immobilienbusiness.ch\/wp-content\/uploads\/2023\/11\/Anfos.png","keywords":["Basel","Halbjahresergebnis","Immobilienfonds","Mietwohnungen","UBS","Verkauf"],"articleSection":["UNTERNEHMEN"],"inLanguage":"it-IT"},{"@type":"WebPage","@id":"https:\/\/www.immobilienbusiness.ch\/en\/unternehmen\/2025-06-12\/ubs-anfos-steigert-den-mietertrag\/","url":"https:\/\/www.immobilienbusiness.ch\/en\/unternehmen\/2025-06-12\/ubs-anfos-steigert-den-mietertrag\/","name":"UBS: \u00abAnfos\u00bb aumenta il reddito da locazione - IMMOBILIEN Business","isPartOf":{"@id":"https:\/\/www.immobilienbusiness.ch\/#website"},"primaryImageOfPage":{"@id":"https:\/\/www.immobilienbusiness.ch\/en\/unternehmen\/2025-06-12\/ubs-anfos-steigert-den-mietertrag\/#primaryimage"},"image":{"@id":"https:\/\/www.immobilienbusiness.ch\/en\/unternehmen\/2025-06-12\/ubs-anfos-steigert-den-mietertrag\/#primaryimage"},"thumbnailUrl":"https:\/\/www.immobilienbusiness.ch\/wp-content\/uploads\/2023\/11\/Anfos.png","datePublished":"2025-06-12T13:17:21+00:00","dateModified":"2025-07-09T13:21:28+00:00","description":"Il fondo, che ha un valore di oltre 3 miliardi di franchi svizzeri, ha venduto due immobili residenziali a Basilea nel primo semestre del suo esercizio finanziario e ha aumentato i suoi redditi da locazione di circa 3 milioni di franchi svizzeri.","breadcrumb":{"@id":"https:\/\/www.immobilienbusiness.ch\/en\/unternehmen\/2025-06-12\/ubs-anfos-steigert-den-mietertrag\/#breadcrumb"},"inLanguage":"it-IT","potentialAction":[{"@type":"ReadAction","target":["https:\/\/www.immobilienbusiness.ch\/en\/unternehmen\/2025-06-12\/ubs-anfos-steigert-den-mietertrag\/"]}]},{"@type":"ImageObject","inLanguage":"it-IT","@id":"https:\/\/www.immobilienbusiness.ch\/en\/unternehmen\/2025-06-12\/ubs-anfos-steigert-den-mietertrag\/#primaryimage","url":"https:\/\/www.immobilienbusiness.ch\/wp-content\/uploads\/2023\/11\/Anfos.png","contentUrl":"https:\/\/www.immobilienbusiness.ch\/wp-content\/uploads\/2023\/11\/Anfos.png","width":505,"height":275,"caption":"Der auf Schweizer Wohnimmobilien spezialisierte Fonds \u00abAnfos\u00bb hat Halbjahreszahlen vorgelegt (Bild: UBS)"},{"@type":"BreadcrumbList","@id":"https:\/\/www.immobilienbusiness.ch\/en\/unternehmen\/2025-06-12\/ubs-anfos-steigert-den-mietertrag\/#breadcrumb","itemListElement":[{"@type":"ListItem","position":1,"name":"Home","item":"https:\/\/www.immobilienbusiness.ch\/"},{"@type":"ListItem","position":2,"name":"UBS: \u00abAnfos\u00bb steigert den Mietertrag"}]},{"@type":"WebSite","@id":"https:\/\/www.immobilienbusiness.ch\/#website","url":"https:\/\/www.immobilienbusiness.ch\/","name":"Affari immobiliari","description":"Rivista economica indipendente svizzera che si concentra sul settore immobiliare, l'architettura e la costruzione, nonch\u00e9 sugli investimenti e i finanziamenti.","publisher":{"@id":"https:\/\/www.immobilienbusiness.ch\/#organization"},"potentialAction":[{"@type":"SearchAction","target":{"@type":"EntryPoint","urlTemplate":"https:\/\/www.immobilienbusiness.ch\/?s={search_term_string}"},"query-input":{"@type":"PropertyValueSpecification","valueRequired":true,"valueName":"search_term_string"}}],"inLanguage":"it-IT"},{"@type":"Organization","@id":"https:\/\/www.immobilienbusiness.ch\/#organization","name":"Affari immobiliari","url":"https:\/\/www.immobilienbusiness.ch\/","logo":{"@type":"ImageObject","inLanguage":"it-IT","@id":"https:\/\/www.immobilienbusiness.ch\/#\/schema\/logo\/image\/","url":"https:\/\/www.immobilienbusiness.ch\/wp-content\/uploads\/2021\/07\/logo_ib.png","contentUrl":"https:\/\/www.immobilienbusiness.ch\/wp-content\/uploads\/2021\/07\/logo_ib.png","width":800,"height":181,"caption":"IMMOBILIEN Business"},"image":{"@id":"https:\/\/www.immobilienbusiness.ch\/#\/schema\/logo\/image\/"},"sameAs":["https:\/\/www.facebook.com\/immobilienbusiness\/"]},{"@type":"Person","@id":"https:\/\/www.immobilienbusiness.ch\/#\/schema\/person\/aba8bea2db926aa0c24c08c43fe1fcd5","name":"Alexander Wachter","image":{"@type":"ImageObject","inLanguage":"it-IT","@id":"https:\/\/secure.gravatar.com\/avatar\/1a09e471f5389b0e0a6416eac287e0927c7c97a7b77f9e787eba3af7aee281dd?s=96&d=mm&r=g","url":"https:\/\/secure.gravatar.com\/avatar\/1a09e471f5389b0e0a6416eac287e0927c7c97a7b77f9e787eba3af7aee281dd?s=96&d=mm&r=g","contentUrl":"https:\/\/secure.gravatar.com\/avatar\/1a09e471f5389b0e0a6416eac287e0927c7c97a7b77f9e787eba3af7aee281dd?s=96&d=mm&r=g","caption":"Alexander Wachter"},"url":"https:\/\/www.immobilienbusiness.ch\/it\/author\/alexander-wachter\/"}]}},"_links":{"self":[{"href":"https:\/\/www.immobilienbusiness.ch\/it\/wp-json\/wp\/v2\/posts\/64486","targetHints":{"allow":["GET"]}}],"collection":[{"href":"https:\/\/www.immobilienbusiness.ch\/it\/wp-json\/wp\/v2\/posts"}],"about":[{"href":"https:\/\/www.immobilienbusiness.ch\/it\/wp-json\/wp\/v2\/types\/post"}],"author":[{"embeddable":true,"href":"https:\/\/www.immobilienbusiness.ch\/it\/wp-json\/wp\/v2\/users\/102"}],"replies":[{"embeddable":true,"href":"https:\/\/www.immobilienbusiness.ch\/it\/wp-json\/wp\/v2\/comments?post=64486"}],"version-history":[{"count":1,"href":"https:\/\/www.immobilienbusiness.ch\/it\/wp-json\/wp\/v2\/posts\/64486\/revisions"}],"predecessor-version":[{"id":64487,"href":"https:\/\/www.immobilienbusiness.ch\/it\/wp-json\/wp\/v2\/posts\/64486\/revisions\/64487"}],"wp:featuredmedia":[{"embeddable":true,"href":"https:\/\/www.immobilienbusiness.ch\/it\/wp-json\/wp\/v2\/media\/54614"}],"wp:attachment":[{"href":"https:\/\/www.immobilienbusiness.ch\/it\/wp-json\/wp\/v2\/media?parent=64486"}],"wp:term":[{"taxonomy":"category","embeddable":true,"href":"https:\/\/www.immobilienbusiness.ch\/it\/wp-json\/wp\/v2\/categories?post=64486"},{"taxonomy":"post_tag","embeddable":true,"href":"https:\/\/www.immobilienbusiness.ch\/it\/wp-json\/wp\/v2\/tags?post=64486"}],"curies":[{"name":"wp","href":"https:\/\/api.w.org\/{rel}","templated":true}]}}